{"id":112583,"date":"2025-07-10T09:27:43","date_gmt":"2025-07-10T16:27:43","guid":{"rendered":"https:\/\/fuentesfidedignas.com.mx\/?p=112583"},"modified":"2025-07-10T09:27:46","modified_gmt":"2025-07-10T16:27:46","slug":"productores-de-carne-lamentan-nuevo-cierre-de-frontera-a-ganado-mexicano-por-parte-de-eu","status":"publish","type":"post","link":"https:\/\/fuentesfidedignas.com.mx\/index.php\/2025\/07\/10\/productores-de-carne-lamentan-nuevo-cierre-de-frontera-a-ganado-mexicano-por-parte-de-eu\/","title":{"rendered":"Productores de carne lamentan nuevo cierre de frontera a ganado mexicano por parte de EU"},"content":{"rendered":"\n<p><strong><em>EE.UU. volvi\u00f3 a cerrar la frontera a la exportaci\u00f3n de ganado mexicano por la detecci\u00f3n de un nuevo caso de gusano barrenador en Veracruz<\/em><\/strong><\/p>\n\n\n\n<p>Productores de carne mexicanos lamentaron la decisi\u00f3n del Gobierno de Estados Unidos de volver a cerrar la frontera a exportaci\u00f3n de ganado debido a la detecci\u00f3n de un nuevo caso de gusano barrenador en Veracruz.<\/p>\n\n\n\n<p>En un comunicado, la Asociaci\u00f3n Mexicana de Productores de Carne (AMEG) reconoci\u00f3 el compromiso t\u00e9cnico de las autoridades mexicanas para enfrentar la situaci\u00f3n derivada de la presencia de esta plaga en territorio nacional.<\/p>\n\n\n\n<p>Asimismo, refrendaron su apoyo a los lineamientos sanitarios establecidos para garantizar la trazabilidad, inocuidad y sanidad del ganado en tr\u00e1nsito hacia Estados Unidos.<\/p>\n\n\n\n<p>Jes\u00fas Br\u00edgido Coronel, presidente de la AMEG, reafirm\u00f3 el compromiso de los productores de carne de colaborar con las autoridades, pues, dijo, cuentan con las capacidades e infraestructura necesaria para detectar, aislar, tratar y curar dentro de sus corrales a cualquier animal infectado con el gusano barrenador.<\/p>\n\n\n\n<p>Y de esta manera contribuir con la disminuci\u00f3n de casos y frenar la propagaci\u00f3n del gusano barrenador en el pa\u00eds\u201d, enfatiz\u00f3.<\/p>\n\n\n\n<p>La organizaci\u00f3n consider\u00f3 que es clave que en una estrategia integral de combate a esta plaga existan dos elementos principales: el monitoreo y combatir el medio de contagio.<\/p>\n\n\n\n<p>\u201cLa identificaci\u00f3n del gusano barrenador en una nueva localidad del pa\u00eds es muestra de la relevancia y funcionamiento del monitoreo. Es por eso que, las inspecciones y ajustes en movilizaci\u00f3n se han robustecido al punto de tener claridad donde se van presentando brotes\u201d, consideraron.<\/p>\n\n\n\n<p>Y se\u00f1alaron que las acciones para combatir el contagio actualmente \u201cson mucho m\u00e1s precisas y enfocadas\u201d.<\/p>\n\n\n\n<p>El posicionamiento de la AMEG ocurre luego de que el mi\u00e9rcoles la secretaria de Agricultura de Estados Unidos, Brooke L. Rollins, ordenara el cierre inmediato de los puertos fronterizos del sur para el comercio del ganado.<\/p>\n\n\n\n<blockquote class=\"twitter-tweet\"><p lang=\"en\" dir=\"ltr\">I have ordered an immediate shutdown of live cattle, bison, and horse trade through the southern U.S.\u2013Mexico border. <br><br>This decisive action comes after Mexico confirmed another case of New World Screwworm in Veracruz. As promised, <a href=\"https:\/\/twitter.com\/USDA?ref_src=twsrc%5Etfw\">@USDA<\/a> remains vigilant to ensure the protection\u2026 <a href=\"https:\/\/t.co\/7QQSS3tFfd\">https:\/\/t.co\/7QQSS3tFfd<\/a><\/p>&mdash; Secretary Brooke Rollins (@SecRollins) <a href=\"https:\/\/twitter.com\/SecRollins\/status\/1943127456510017715?ref_src=twsrc%5Etfw\">July 10, 2025<\/a><\/blockquote> <script async src=\"https:\/\/platform.twitter.com\/widgets.js\" charset=\"utf-8\"><\/script>\n\n\n\n<p>Esto luego de la detecci\u00f3n de un nuevo caso de Gusano Barrenador del Ganado (GBG) en Ixhuatl\u00e1n de Madero, Veracruz, reportado por el Servicio Nacional de Sanidad, Inocuidad y Calidad Agroalimentaria (Senasica).<\/p>\n\n\n\n<p>De acuerdo con la instituci\u00f3n norteamericana, este caso se ubic\u00f3 a aproximadamente 257 kil\u00f3metros al norte del \u00e1rea de dispersi\u00f3n de mosca est\u00e9ril en el este de M\u00e9xico y a 595 kil\u00f3metros de la frontera con Estados Unidos.<\/p>\n\n\n\n<p>Hace una semana, Agricultura de Estados Unidos hab\u00eda tomado la decisi\u00f3n de reabrir, de forma escalonada, la frontera a partir del 7 de julio para el ganado, bisontes y equinos mexicanos, que permanec\u00eda cerrada desde el pasado 11 de mayo ante la expansi\u00f3n de esta plaga en M\u00e9xico.<\/p>\n\n\n\n<p>El primer puerto fronterizo que se reabri\u00f3 fue el de Douglas, en el estado de Arizona, vecino al estado mexicano de Sonora (noroeste).<\/p>\n\n\n\n<p>Previamente, el secretario de Agricultura y Desarrollo Rural (Sader), Julio Berdegu\u00e9, public\u00f3 que entre el 24 de junio y el 6 de julio el n\u00famero de casos activos de gusano barrenador del ganado hab\u00eda ca\u00eddo en un 22.7 por ciento.<\/p>\n","protected":false},"excerpt":{"rendered":"<p>EE.UU. volvi\u00f3 a cerrar la frontera a la exportaci\u00f3n de ganado mexicano por la detecci\u00f3n de un nuevo caso de gusano barrenador en Veracruz Productores de carne mexicanos lamentaron la decisi\u00f3n del Gobierno de Estados Unidos de volver a cerrar la frontera a exportaci\u00f3n de ganado debido a la detecci\u00f3n de un nuevo caso de [&hellip;]<\/p>\n","protected":false},"author":22,"featured_media":94978,"comment_status":"open","ping_status":"open","sticky":false,"template":"","format":"standard","meta":{"tdm_status":"","tdm_grid_status":"","footnotes":""},"categories":[39],"tags":[],"class_list":{"0":"post-112583","1":"post","2":"type-post","3":"status-publish","4":"format-standard","5":"has-post-thumbnail","7":"category-noticias-nacionales"},"yoast_head":"<!-- This site is optimized with the Yoast SEO plugin v27.5 - https:\/\/yoast.com\/product\/yoast-seo-wordpress\/ -->\n<title>Productores de carne lamentan nuevo cierre de frontera a ganado mexicano por parte de EU - Fuentes Fidedignas<\/title>\n<meta name=\"robots\" content=\"index, follow, max-snippet:-1, max-image-preview:large, max-video-preview:-1\" \/>\n<link rel=\"canonical\" href=\"https:\/\/fuentesfidedignas.com.mx\/index.php\/2025\/07\/10\/productores-de-carne-lamentan-nuevo-cierre-de-frontera-a-ganado-mexicano-por-parte-de-eu\/\" \/>\n<meta property=\"og:locale\" content=\"es_MX\" \/>\n<meta property=\"og:type\" content=\"article\" \/>\n<meta property=\"og:title\" content=\"Productores de carne lamentan nuevo cierre de frontera a ganado mexicano por parte de EU - Fuentes Fidedignas\" \/>\n<meta property=\"og:description\" content=\"EE.UU. volvi\u00f3 a cerrar la frontera a la exportaci\u00f3n de ganado mexicano por la detecci\u00f3n de un nuevo caso de gusano barrenador en Veracruz Productores de carne mexicanos lamentaron la decisi\u00f3n del Gobierno de Estados Unidos de volver a cerrar la frontera a exportaci\u00f3n de ganado debido a la detecci\u00f3n de un nuevo caso de [&hellip;]\" \/>\n<meta property=\"og:url\" content=\"https:\/\/fuentesfidedignas.com.mx\/index.php\/2025\/07\/10\/productores-de-carne-lamentan-nuevo-cierre-de-frontera-a-ganado-mexicano-por-parte-de-eu\/\" \/>\n<meta property=\"og:site_name\" content=\"Fuentes Fidedignas\" \/>\n<meta property=\"article:publisher\" content=\"https:\/\/www.facebook.com\/Fuentes-Fidedignas-368234489921644\" \/>\n<meta property=\"article:published_time\" content=\"2025-07-10T16:27:43+00:00\" \/>\n<meta property=\"article:modified_time\" content=\"2025-07-10T16:27:46+00:00\" \/>\n<meta property=\"og:image\" content=\"https:\/\/fuentesfidedignas.com.mx\/wp-content\/uploads\/2024\/11\/Ganado.jpg\" \/>\n\t<meta property=\"og:image:width\" content=\"650\" \/>\n\t<meta property=\"og:image:height\" content=\"433\" \/>\n\t<meta property=\"og:image:type\" content=\"image\/jpeg\" \/>\n<meta name=\"author\" content=\"EFE\" \/>\n<meta name=\"twitter:card\" content=\"summary_large_image\" \/>\n<meta name=\"twitter:creator\" content=\"@fidedignas\" \/>\n<meta name=\"twitter:site\" content=\"@fidedignas\" \/>\n<meta name=\"twitter:label1\" content=\"Escrito por\" \/>\n\t<meta name=\"twitter:data1\" content=\"EFE\" \/>\n\t<meta name=\"twitter:label2\" content=\"Tiempo de lectura\" \/>\n\t<meta name=\"twitter:data2\" content=\"3 minutos\" \/>\n<script type=\"application\/ld+json\" class=\"yoast-schema-graph\">{\"@context\":\"https:\\\/\\\/schema.org\",\"@graph\":[{\"@type\":\"Article\",\"@id\":\"https:\\\/\\\/fuentesfidedignas.com.mx\\\/index.php\\\/2025\\\/07\\\/10\\\/productores-de-carne-lamentan-nuevo-cierre-de-frontera-a-ganado-mexicano-por-parte-de-eu\\\/#article\",\"isPartOf\":{\"@id\":\"https:\\\/\\\/fuentesfidedignas.com.mx\\\/index.php\\\/2025\\\/07\\\/10\\\/productores-de-carne-lamentan-nuevo-cierre-de-frontera-a-ganado-mexicano-por-parte-de-eu\\\/\"},\"author\":{\"name\":\"EFE\",\"@id\":\"https:\\\/\\\/fuentesfidedignas.com.mx\\\/#\\\/schema\\\/person\\\/0d44615087b5a626d5d3f13afe31ac41\"},\"headline\":\"Productores de carne lamentan nuevo cierre de frontera a ganado mexicano por parte de EU\",\"datePublished\":\"2025-07-10T16:27:43+00:00\",\"dateModified\":\"2025-07-10T16:27:46+00:00\",\"mainEntityOfPage\":{\"@id\":\"https:\\\/\\\/fuentesfidedignas.com.mx\\\/index.php\\\/2025\\\/07\\\/10\\\/productores-de-carne-lamentan-nuevo-cierre-de-frontera-a-ganado-mexicano-por-parte-de-eu\\\/\"},\"wordCount\":589,\"commentCount\":0,\"publisher\":{\"@id\":\"https:\\\/\\\/fuentesfidedignas.com.mx\\\/#organization\"},\"image\":{\"@id\":\"https:\\\/\\\/fuentesfidedignas.com.mx\\\/index.php\\\/2025\\\/07\\\/10\\\/productores-de-carne-lamentan-nuevo-cierre-de-frontera-a-ganado-mexicano-por-parte-de-eu\\\/#primaryimage\"},\"thumbnailUrl\":\"https:\\\/\\\/fuentesfidedignas.com.mx\\\/wp-content\\\/uploads\\\/2024\\\/11\\\/Ganado.jpg\",\"articleSection\":[\"NOTICIAS NACIONALES\"],\"inLanguage\":\"es\",\"potentialAction\":[{\"@type\":\"CommentAction\",\"name\":\"Comment\",\"target\":[\"https:\\\/\\\/fuentesfidedignas.com.mx\\\/index.php\\\/2025\\\/07\\\/10\\\/productores-de-carne-lamentan-nuevo-cierre-de-frontera-a-ganado-mexicano-por-parte-de-eu\\\/#respond\"]}]},{\"@type\":\"WebPage\",\"@id\":\"https:\\\/\\\/fuentesfidedignas.com.mx\\\/index.php\\\/2025\\\/07\\\/10\\\/productores-de-carne-lamentan-nuevo-cierre-de-frontera-a-ganado-mexicano-por-parte-de-eu\\\/\",\"url\":\"https:\\\/\\\/fuentesfidedignas.com.mx\\\/index.php\\\/2025\\\/07\\\/10\\\/productores-de-carne-lamentan-nuevo-cierre-de-frontera-a-ganado-mexicano-por-parte-de-eu\\\/\",\"name\":\"Productores de carne lamentan nuevo cierre de frontera a ganado mexicano por parte de EU - Fuentes Fidedignas\",\"isPartOf\":{\"@id\":\"https:\\\/\\\/fuentesfidedignas.com.mx\\\/#website\"},\"primaryImageOfPage\":{\"@id\":\"https:\\\/\\\/fuentesfidedignas.com.mx\\\/index.php\\\/2025\\\/07\\\/10\\\/productores-de-carne-lamentan-nuevo-cierre-de-frontera-a-ganado-mexicano-por-parte-de-eu\\\/#primaryimage\"},\"image\":{\"@id\":\"https:\\\/\\\/fuentesfidedignas.com.mx\\\/index.php\\\/2025\\\/07\\\/10\\\/productores-de-carne-lamentan-nuevo-cierre-de-frontera-a-ganado-mexicano-por-parte-de-eu\\\/#primaryimage\"},\"thumbnailUrl\":\"https:\\\/\\\/fuentesfidedignas.com.mx\\\/wp-content\\\/uploads\\\/2024\\\/11\\\/Ganado.jpg\",\"datePublished\":\"2025-07-10T16:27:43+00:00\",\"dateModified\":\"2025-07-10T16:27:46+00:00\",\"breadcrumb\":{\"@id\":\"https:\\\/\\\/fuentesfidedignas.com.mx\\\/index.php\\\/2025\\\/07\\\/10\\\/productores-de-carne-lamentan-nuevo-cierre-de-frontera-a-ganado-mexicano-por-parte-de-eu\\\/#breadcrumb\"},\"inLanguage\":\"es\",\"potentialAction\":[{\"@type\":\"ReadAction\",\"target\":[\"https:\\\/\\\/fuentesfidedignas.com.mx\\\/index.php\\\/2025\\\/07\\\/10\\\/productores-de-carne-lamentan-nuevo-cierre-de-frontera-a-ganado-mexicano-por-parte-de-eu\\\/\"]}]},{\"@type\":\"ImageObject\",\"inLanguage\":\"es\",\"@id\":\"https:\\\/\\\/fuentesfidedignas.com.mx\\\/index.php\\\/2025\\\/07\\\/10\\\/productores-de-carne-lamentan-nuevo-cierre-de-frontera-a-ganado-mexicano-por-parte-de-eu\\\/#primaryimage\",\"url\":\"https:\\\/\\\/fuentesfidedignas.com.mx\\\/wp-content\\\/uploads\\\/2024\\\/11\\\/Ganado.jpg\",\"contentUrl\":\"https:\\\/\\\/fuentesfidedignas.com.mx\\\/wp-content\\\/uploads\\\/2024\\\/11\\\/Ganado.jpg\",\"width\":650,\"height\":433},{\"@type\":\"BreadcrumbList\",\"@id\":\"https:\\\/\\\/fuentesfidedignas.com.mx\\\/index.php\\\/2025\\\/07\\\/10\\\/productores-de-carne-lamentan-nuevo-cierre-de-frontera-a-ganado-mexicano-por-parte-de-eu\\\/#breadcrumb\",\"itemListElement\":[{\"@type\":\"ListItem\",\"position\":1,\"name\":\"Inicio\",\"item\":\"https:\\\/\\\/fuentesfidedignas.com.mx\\\/\"},{\"@type\":\"ListItem\",\"position\":2,\"name\":\"Productores de carne lamentan nuevo cierre de frontera a ganado mexicano por parte de EU\"}]},{\"@type\":\"WebSite\",\"@id\":\"https:\\\/\\\/fuentesfidedignas.com.mx\\\/#website\",\"url\":\"https:\\\/\\\/fuentesfidedignas.com.mx\\\/\",\"name\":\"Fuentes Fidedignas\",\"description\":\"Otro sitio realizado con WordPress\",\"publisher\":{\"@id\":\"https:\\\/\\\/fuentesfidedignas.com.mx\\\/#organization\"},\"potentialAction\":[{\"@type\":\"SearchAction\",\"target\":{\"@type\":\"EntryPoint\",\"urlTemplate\":\"https:\\\/\\\/fuentesfidedignas.com.mx\\\/?s={search_term_string}\"},\"query-input\":{\"@type\":\"PropertyValueSpecification\",\"valueRequired\":true,\"valueName\":\"search_term_string\"}}],\"inLanguage\":\"es\"},{\"@type\":\"Organization\",\"@id\":\"https:\\\/\\\/fuentesfidedignas.com.mx\\\/#organization\",\"name\":\"Fuentes Fidedignas\",\"url\":\"https:\\\/\\\/fuentesfidedignas.com.mx\\\/\",\"logo\":{\"@type\":\"ImageObject\",\"inLanguage\":\"es\",\"@id\":\"https:\\\/\\\/fuentesfidedignas.com.mx\\\/#\\\/schema\\\/logo\\\/image\\\/\",\"url\":\"https:\\\/\\\/fuentesfidedignas.com.mx\\\/wp-content\\\/uploads\\\/2021\\\/04\\\/logo-retina.png\",\"contentUrl\":\"https:\\\/\\\/fuentesfidedignas.com.mx\\\/wp-content\\\/uploads\\\/2021\\\/04\\\/logo-retina.png\",\"width\":280,\"height\":51,\"caption\":\"Fuentes Fidedignas\"},\"image\":{\"@id\":\"https:\\\/\\\/fuentesfidedignas.com.mx\\\/#\\\/schema\\\/logo\\\/image\\\/\"},\"sameAs\":[\"https:\\\/\\\/www.facebook.com\\\/Fuentes-Fidedignas-368234489921644\",\"https:\\\/\\\/x.com\\\/fidedignas\"]},{\"@type\":\"Person\",\"@id\":\"https:\\\/\\\/fuentesfidedignas.com.mx\\\/#\\\/schema\\\/person\\\/0d44615087b5a626d5d3f13afe31ac41\",\"name\":\"EFE\",\"image\":{\"@type\":\"ImageObject\",\"inLanguage\":\"es\",\"@id\":\"https:\\\/\\\/secure.gravatar.com\\\/avatar\\\/7048c2d9b569d9bed55bb53ad23821e6e047aa66338fb6ea9868627bbb9f54e8?s=96&d=mm&r=g\",\"url\":\"https:\\\/\\\/secure.gravatar.com\\\/avatar\\\/7048c2d9b569d9bed55bb53ad23821e6e047aa66338fb6ea9868627bbb9f54e8?s=96&d=mm&r=g\",\"contentUrl\":\"https:\\\/\\\/secure.gravatar.com\\\/avatar\\\/7048c2d9b569d9bed55bb53ad23821e6e047aa66338fb6ea9868627bbb9f54e8?s=96&d=mm&r=g\",\"caption\":\"EFE\"},\"url\":\"https:\\\/\\\/fuentesfidedignas.com.mx\\\/index.php\\\/author\\\/efe\\\/\"}]}<\/script>\n<!-- \/ Yoast SEO plugin. -->","yoast_head_json":{"title":"Productores de carne lamentan nuevo cierre de frontera a ganado mexicano por parte de EU - Fuentes Fidedignas","robots":{"index":"index","follow":"follow","max-snippet":"max-snippet:-1","max-image-preview":"max-image-preview:large","max-video-preview":"max-video-preview:-1"},"canonical":"https:\/\/fuentesfidedignas.com.mx\/index.php\/2025\/07\/10\/productores-de-carne-lamentan-nuevo-cierre-de-frontera-a-ganado-mexicano-por-parte-de-eu\/","og_locale":"es_MX","og_type":"article","og_title":"Productores de carne lamentan nuevo cierre de frontera a ganado mexicano por parte de EU - Fuentes Fidedignas","og_description":"EE.UU. volvi\u00f3 a cerrar la frontera a la exportaci\u00f3n de ganado mexicano por la detecci\u00f3n de un nuevo caso de gusano barrenador en Veracruz Productores de carne mexicanos lamentaron la decisi\u00f3n del Gobierno de Estados Unidos de volver a cerrar la frontera a exportaci\u00f3n de ganado debido a la detecci\u00f3n de un nuevo caso de [&hellip;]","og_url":"https:\/\/fuentesfidedignas.com.mx\/index.php\/2025\/07\/10\/productores-de-carne-lamentan-nuevo-cierre-de-frontera-a-ganado-mexicano-por-parte-de-eu\/","og_site_name":"Fuentes Fidedignas","article_publisher":"https:\/\/www.facebook.com\/Fuentes-Fidedignas-368234489921644","article_published_time":"2025-07-10T16:27:43+00:00","article_modified_time":"2025-07-10T16:27:46+00:00","og_image":[{"width":650,"height":433,"url":"https:\/\/fuentesfidedignas.com.mx\/wp-content\/uploads\/2024\/11\/Ganado.jpg","type":"image\/jpeg"}],"author":"EFE","twitter_card":"summary_large_image","twitter_creator":"@fidedignas","twitter_site":"@fidedignas","twitter_misc":{"Escrito por":"EFE","Tiempo de lectura":"3 minutos"},"schema":{"@context":"https:\/\/schema.org","@graph":[{"@type":"Article","@id":"https:\/\/fuentesfidedignas.com.mx\/index.php\/2025\/07\/10\/productores-de-carne-lamentan-nuevo-cierre-de-frontera-a-ganado-mexicano-por-parte-de-eu\/#article","isPartOf":{"@id":"https:\/\/fuentesfidedignas.com.mx\/index.php\/2025\/07\/10\/productores-de-carne-lamentan-nuevo-cierre-de-frontera-a-ganado-mexicano-por-parte-de-eu\/"},"author":{"name":"EFE","@id":"https:\/\/fuentesfidedignas.com.mx\/#\/schema\/person\/0d44615087b5a626d5d3f13afe31ac41"},"headline":"Productores de carne lamentan nuevo cierre de frontera a ganado mexicano por parte de EU","datePublished":"2025-07-10T16:27:43+00:00","dateModified":"2025-07-10T16:27:46+00:00","mainEntityOfPage":{"@id":"https:\/\/fuentesfidedignas.com.mx\/index.php\/2025\/07\/10\/productores-de-carne-lamentan-nuevo-cierre-de-frontera-a-ganado-mexicano-por-parte-de-eu\/"},"wordCount":589,"commentCount":0,"publisher":{"@id":"https:\/\/fuentesfidedignas.com.mx\/#organization"},"image":{"@id":"https:\/\/fuentesfidedignas.com.mx\/index.php\/2025\/07\/10\/productores-de-carne-lamentan-nuevo-cierre-de-frontera-a-ganado-mexicano-por-parte-de-eu\/#primaryimage"},"thumbnailUrl":"https:\/\/fuentesfidedignas.com.mx\/wp-content\/uploads\/2024\/11\/Ganado.jpg","articleSection":["NOTICIAS NACIONALES"],"inLanguage":"es","potentialAction":[{"@type":"CommentAction","name":"Comment","target":["https:\/\/fuentesfidedignas.com.mx\/index.php\/2025\/07\/10\/productores-de-carne-lamentan-nuevo-cierre-de-frontera-a-ganado-mexicano-por-parte-de-eu\/#respond"]}]},{"@type":"WebPage","@id":"https:\/\/fuentesfidedignas.com.mx\/index.php\/2025\/07\/10\/productores-de-carne-lamentan-nuevo-cierre-de-frontera-a-ganado-mexicano-por-parte-de-eu\/","url":"https:\/\/fuentesfidedignas.com.mx\/index.php\/2025\/07\/10\/productores-de-carne-lamentan-nuevo-cierre-de-frontera-a-ganado-mexicano-por-parte-de-eu\/","name":"Productores de carne lamentan nuevo cierre de frontera a ganado mexicano por parte de EU - Fuentes Fidedignas","isPartOf":{"@id":"https:\/\/fuentesfidedignas.com.mx\/#website"},"primaryImageOfPage":{"@id":"https:\/\/fuentesfidedignas.com.mx\/index.php\/2025\/07\/10\/productores-de-carne-lamentan-nuevo-cierre-de-frontera-a-ganado-mexicano-por-parte-de-eu\/#primaryimage"},"image":{"@id":"https:\/\/fuentesfidedignas.com.mx\/index.php\/2025\/07\/10\/productores-de-carne-lamentan-nuevo-cierre-de-frontera-a-ganado-mexicano-por-parte-de-eu\/#primaryimage"},"thumbnailUrl":"https:\/\/fuentesfidedignas.com.mx\/wp-content\/uploads\/2024\/11\/Ganado.jpg","datePublished":"2025-07-10T16:27:43+00:00","dateModified":"2025-07-10T16:27:46+00:00","breadcrumb":{"@id":"https:\/\/fuentesfidedignas.com.mx\/index.php\/2025\/07\/10\/productores-de-carne-lamentan-nuevo-cierre-de-frontera-a-ganado-mexicano-por-parte-de-eu\/#breadcrumb"},"inLanguage":"es","potentialAction":[{"@type":"ReadAction","target":["https:\/\/fuentesfidedignas.com.mx\/index.php\/2025\/07\/10\/productores-de-carne-lamentan-nuevo-cierre-de-frontera-a-ganado-mexicano-por-parte-de-eu\/"]}]},{"@type":"ImageObject","inLanguage":"es","@id":"https:\/\/fuentesfidedignas.com.mx\/index.php\/2025\/07\/10\/productores-de-carne-lamentan-nuevo-cierre-de-frontera-a-ganado-mexicano-por-parte-de-eu\/#primaryimage","url":"https:\/\/fuentesfidedignas.com.mx\/wp-content\/uploads\/2024\/11\/Ganado.jpg","contentUrl":"https:\/\/fuentesfidedignas.com.mx\/wp-content\/uploads\/2024\/11\/Ganado.jpg","width":650,"height":433},{"@type":"BreadcrumbList","@id":"https:\/\/fuentesfidedignas.com.mx\/index.php\/2025\/07\/10\/productores-de-carne-lamentan-nuevo-cierre-de-frontera-a-ganado-mexicano-por-parte-de-eu\/#breadcrumb","itemListElement":[{"@type":"ListItem","position":1,"name":"Inicio","item":"https:\/\/fuentesfidedignas.com.mx\/"},{"@type":"ListItem","position":2,"name":"Productores de carne lamentan nuevo cierre de frontera a ganado mexicano por parte de EU"}]},{"@type":"WebSite","@id":"https:\/\/fuentesfidedignas.com.mx\/#website","url":"https:\/\/fuentesfidedignas.com.mx\/","name":"Fuentes Fidedignas","description":"Otro sitio realizado con WordPress","publisher":{"@id":"https:\/\/fuentesfidedignas.com.mx\/#organization"},"potentialAction":[{"@type":"SearchAction","target":{"@type":"EntryPoint","urlTemplate":"https:\/\/fuentesfidedignas.com.mx\/?s={search_term_string}"},"query-input":{"@type":"PropertyValueSpecification","valueRequired":true,"valueName":"search_term_string"}}],"inLanguage":"es"},{"@type":"Organization","@id":"https:\/\/fuentesfidedignas.com.mx\/#organization","name":"Fuentes Fidedignas","url":"https:\/\/fuentesfidedignas.com.mx\/","logo":{"@type":"ImageObject","inLanguage":"es","@id":"https:\/\/fuentesfidedignas.com.mx\/#\/schema\/logo\/image\/","url":"https:\/\/fuentesfidedignas.com.mx\/wp-content\/uploads\/2021\/04\/logo-retina.png","contentUrl":"https:\/\/fuentesfidedignas.com.mx\/wp-content\/uploads\/2021\/04\/logo-retina.png","width":280,"height":51,"caption":"Fuentes Fidedignas"},"image":{"@id":"https:\/\/fuentesfidedignas.com.mx\/#\/schema\/logo\/image\/"},"sameAs":["https:\/\/www.facebook.com\/Fuentes-Fidedignas-368234489921644","https:\/\/x.com\/fidedignas"]},{"@type":"Person","@id":"https:\/\/fuentesfidedignas.com.mx\/#\/schema\/person\/0d44615087b5a626d5d3f13afe31ac41","name":"EFE","image":{"@type":"ImageObject","inLanguage":"es","@id":"https:\/\/secure.gravatar.com\/avatar\/7048c2d9b569d9bed55bb53ad23821e6e047aa66338fb6ea9868627bbb9f54e8?s=96&d=mm&r=g","url":"https:\/\/secure.gravatar.com\/avatar\/7048c2d9b569d9bed55bb53ad23821e6e047aa66338fb6ea9868627bbb9f54e8?s=96&d=mm&r=g","contentUrl":"https:\/\/secure.gravatar.com\/avatar\/7048c2d9b569d9bed55bb53ad23821e6e047aa66338fb6ea9868627bbb9f54e8?s=96&d=mm&r=g","caption":"EFE"},"url":"https:\/\/fuentesfidedignas.com.mx\/index.php\/author\/efe\/"}]}},"_links":{"self":[{"href":"https:\/\/fuentesfidedignas.com.mx\/index.php\/wp-json\/wp\/v2\/posts\/112583","targetHints":{"allow":["GET"]}}],"collection":[{"href":"https:\/\/fuentesfidedignas.com.mx\/index.php\/wp-json\/wp\/v2\/posts"}],"about":[{"href":"https:\/\/fuentesfidedignas.com.mx\/index.php\/wp-json\/wp\/v2\/types\/post"}],"author":[{"embeddable":true,"href":"https:\/\/fuentesfidedignas.com.mx\/index.php\/wp-json\/wp\/v2\/users\/22"}],"replies":[{"embeddable":true,"href":"https:\/\/fuentesfidedignas.com.mx\/index.php\/wp-json\/wp\/v2\/comments?post=112583"}],"version-history":[{"count":1,"href":"https:\/\/fuentesfidedignas.com.mx\/index.php\/wp-json\/wp\/v2\/posts\/112583\/revisions"}],"predecessor-version":[{"id":112584,"href":"https:\/\/fuentesfidedignas.com.mx\/index.php\/wp-json\/wp\/v2\/posts\/112583\/revisions\/112584"}],"wp:featuredmedia":[{"embeddable":true,"href":"https:\/\/fuentesfidedignas.com.mx\/index.php\/wp-json\/wp\/v2\/media\/94978"}],"wp:attachment":[{"href":"https:\/\/fuentesfidedignas.com.mx\/index.php\/wp-json\/wp\/v2\/media?parent=112583"}],"wp:term":[{"taxonomy":"category","embeddable":true,"href":"https:\/\/fuentesfidedignas.com.mx\/index.php\/wp-json\/wp\/v2\/categories?post=112583"},{"taxonomy":"post_tag","embeddable":true,"href":"https:\/\/fuentesfidedignas.com.mx\/index.php\/wp-json\/wp\/v2\/tags?post=112583"}],"curies":[{"name":"wp","href":"https:\/\/api.w.org\/{rel}","templated":true}]}}