{"id":112539,"date":"2025-07-10T05:01:00","date_gmt":"2025-07-10T12:01:00","guid":{"rendered":"https:\/\/fuentesfidedignas.com.mx\/?p=112539"},"modified":"2025-07-09T14:05:16","modified_gmt":"2025-07-09T21:05:16","slug":"video-quinceanera-en-eu-queda-casi-sola-en-su-fiesta-por-temor-a-redadas-migratorias","status":"publish","type":"post","link":"https:\/\/fuentesfidedignas.com.mx\/index.php\/2025\/07\/10\/video-quinceanera-en-eu-queda-casi-sola-en-su-fiesta-por-temor-a-redadas-migratorias\/","title":{"rendered":"VIDEO: Quincea\u00f1era en EU queda casi sola en su fiesta por temor a redadas migratorias"},"content":{"rendered":"\n<p><strong><em>Una quincea\u00f1era latina en EU invit\u00f3 a 200 personas, pero solo 40 asistieron debido al miedo a redadas migratorias en la zona.<\/em><\/strong><\/p>\n\n\n\n<p>Lo que deb\u00eda ser una celebraci\u00f3n inolvidable se convirti\u00f3 en un recuerdo agridulce para Denise y su familia. La joven, de origen latino, celebr\u00f3 sus quince a\u00f1os en Estados Unidos con una fiesta cuidadosamente planeada para 200 invitados. Sin embargo, solo 40 personas asistieron, debido al temor generalizado por las recientes redadas migratorias en la zona.<\/p>\n\n\n\n<p>a madre de Denise, Mar\u00eda \u00c1lvarez, explic\u00f3 con tristeza que la fiesta hab\u00eda sido organizada con la misma dedicaci\u00f3n y entusiasmo que una boda: desde la elecci\u00f3n del vestido y la m\u00fasica, hasta el banquete y la decoraci\u00f3n. La familia invirti\u00f3 m\u00e1s de 15 mil d\u00f3lares, pero buena parte de la comida y los regalos quedaron sin usar.<\/p>\n\n\n\n<p>&#8220;Muchos empezaron a cancelar apenas supieron de las redadas cerca del sal\u00f3n. Prefer\u00edan quedarse en casa por miedo a no volver&#8221;, relat\u00f3 Mar\u00eda.<\/p>\n\n\n\n<p>Varios invitados, que viven en situaci\u00f3n migratoria irregular, temieron exponerse y evitaron salir, aun trat\u00e1ndose de una fecha tan especial.<\/p>\n\n\n\n<p>Una empleada del lugar donde se realiz\u00f3 la fiesta tambi\u00e9n coment\u00f3 que este tipo de situaciones son cada vez m\u00e1s comunes.<\/p>\n\n\n\n<p>&#8220;El miedo es real. En fiestas latinas ya es habitual que la gente no llegue por temor a ser detenida&#8221;, afirm\u00f3.<\/p>\n\n\n\n<blockquote class=\"tiktok-embed\" cite=\"https:\/\/www.tiktok.com\/@pchlatino\/video\/7524913376737185037\" data-video-id=\"7524913376737185037\" style=\"max-width: 605px;min-width: 325px;\" > <section> <a target=\"_blank\" title=\"@pchlatino\" href=\"https:\/\/www.tiktok.com\/@pchlatino?refer=embed\">@pchlatino<\/a> Quincea\u00f1era invit\u00f3 a 200  Pero s\u00f3lo llegaron 40, por temor a las redadas de Migraci\u00f3n <a title=\"seguidores\" target=\"_blank\" href=\"https:\/\/www.tiktok.com\/tag\/seguidores?refer=embed\">#seguidores<\/a> <a title=\"reaction\" target=\"_blank\" href=\"https:\/\/www.tiktok.com\/tag\/reaction?refer=embed\">#reaction<\/a> <a title=\"\ud83d\udd25\ud83d\udea8\ud83d\udea8\" target=\"_blank\" href=\"https:\/\/www.tiktok.com\/tag\/%F0%9F%94%A5%F0%9F%9A%A8%F0%9F%9A%A8?refer=embed\">#\ud83d\udd25\ud83d\udea8\ud83d\udea8<\/a> <a title=\"latinostiktok\" target=\"_blank\" href=\"https:\/\/www.tiktok.com\/tag\/latinostiktok?refer=embed\">#latinostiktok<\/a> <a title=\"viral\" target=\"_blank\" href=\"https:\/\/www.tiktok.com\/tag\/viral?refer=embed\">#viral<\/a> <a title=\"paratii\" target=\"_blank\" href=\"https:\/\/www.tiktok.com\/tag\/paratii?refer=embed\">#paratii<\/a> <a title=\"noticia\" target=\"_blank\" href=\"https:\/\/www.tiktok.com\/tag\/noticia?refer=embed\">#noticia<\/a> <a title=\"new\" target=\"_blank\" href=\"https:\/\/www.tiktok.com\/tag\/new?refer=embed\">#new<\/a> <a title=\"parti\" target=\"_blank\" href=\"https:\/\/www.tiktok.com\/tag\/parti?refer=embed\">#parti<\/a> <a target=\"_blank\" title=\"\u266c sonido original - P.c.h. Latino\" href=\"https:\/\/www.tiktok.com\/music\/sonido-original-7524913384911817486?refer=embed\">\u266c sonido original &#8211; P.c.h. Latino<\/a> <\/section> <\/blockquote> <script async src=\"https:\/\/www.tiktok.com\/embed.js\"><\/script>\n\n\n\n<p>A pesar del duro golpe emocional y econ\u00f3mico, Denise asegur\u00f3 que disfrut\u00f3 su d\u00eda rodeada de sus seres m\u00e1s cercanos<\/p>\n\n\n\n<p>\u201cNo fue como lo imagin\u00e9, pero agradezco a los que vinieron. Me hicieron sentir especial\u201d, dijo la quincea\u00f1era con una sonrisa que reflejaba madurez ante la adversidad.<\/p>\n\n\n\n<p>El caso de Denise pone en evidencia c\u00f3mo las pol\u00edticas migratorias en EE. UU. no solo impactan la vida laboral o legal de miles de familias, sino tambi\u00e9n sus momentos m\u00e1s significativos, como los quince a\u00f1os, una tradici\u00f3n profundamente arraigada en la cultura latinoamericana.<\/p>\n","protected":false},"excerpt":{"rendered":"<p>Una quincea\u00f1era latina en EU invit\u00f3 a 200 personas, pero solo 40 asistieron debido al miedo a redadas migratorias en la zona. Lo que deb\u00eda ser una celebraci\u00f3n inolvidable se convirti\u00f3 en un recuerdo agridulce para Denise y su familia. La joven, de origen latino, celebr\u00f3 sus quince a\u00f1os en Estados Unidos con una fiesta [&hellip;]<\/p>\n","protected":false},"author":7,"featured_media":112540,"comment_status":"open","ping_status":"open","sticky":false,"template":"","format":"standard","meta":{"tdm_status":"","tdm_grid_status":"","footnotes":""},"categories":[40],"tags":[],"class_list":{"0":"post-112539","1":"post","2":"type-post","3":"status-publish","4":"format-standard","5":"has-post-thumbnail","7":"category-las-asombrosas"},"yoast_head":"<!-- This site is optimized with the Yoast SEO plugin v27.5 - https:\/\/yoast.com\/product\/yoast-seo-wordpress\/ -->\n<title>VIDEO: Quincea\u00f1era en EU queda casi sola en su fiesta por temor a redadas migratorias - Fuentes Fidedignas<\/title>\n<meta name=\"robots\" content=\"index, follow, max-snippet:-1, max-image-preview:large, max-video-preview:-1\" \/>\n<link rel=\"canonical\" href=\"https:\/\/fuentesfidedignas.com.mx\/index.php\/2025\/07\/10\/video-quinceanera-en-eu-queda-casi-sola-en-su-fiesta-por-temor-a-redadas-migratorias\/\" \/>\n<meta property=\"og:locale\" content=\"es_MX\" \/>\n<meta property=\"og:type\" content=\"article\" \/>\n<meta property=\"og:title\" content=\"VIDEO: Quincea\u00f1era en EU queda casi sola en su fiesta por temor a redadas migratorias - Fuentes Fidedignas\" \/>\n<meta property=\"og:description\" content=\"Una quincea\u00f1era latina en EU invit\u00f3 a 200 personas, pero solo 40 asistieron debido al miedo a redadas migratorias en la zona. Lo que deb\u00eda ser una celebraci\u00f3n inolvidable se convirti\u00f3 en un recuerdo agridulce para Denise y su familia. La joven, de origen latino, celebr\u00f3 sus quince a\u00f1os en Estados Unidos con una fiesta [&hellip;]\" \/>\n<meta property=\"og:url\" content=\"https:\/\/fuentesfidedignas.com.mx\/index.php\/2025\/07\/10\/video-quinceanera-en-eu-queda-casi-sola-en-su-fiesta-por-temor-a-redadas-migratorias\/\" \/>\n<meta property=\"og:site_name\" content=\"Fuentes Fidedignas\" \/>\n<meta property=\"article:publisher\" content=\"https:\/\/www.facebook.com\/Fuentes-Fidedignas-368234489921644\" \/>\n<meta property=\"article:published_time\" content=\"2025-07-10T12:01:00+00:00\" \/>\n<meta property=\"og:image\" content=\"https:\/\/fuentesfidedignas.com.mx\/wp-content\/uploads\/2025\/07\/xvanera.jpg\" \/>\n\t<meta property=\"og:image:width\" content=\"600\" \/>\n\t<meta property=\"og:image:height\" content=\"412\" \/>\n\t<meta property=\"og:image:type\" content=\"image\/jpeg\" \/>\n<meta name=\"author\" content=\"Exc\u00e9lsior\" \/>\n<meta name=\"twitter:card\" content=\"summary_large_image\" \/>\n<meta name=\"twitter:creator\" content=\"@fidedignas\" \/>\n<meta name=\"twitter:site\" content=\"@fidedignas\" \/>\n<meta name=\"twitter:label1\" content=\"Escrito por\" \/>\n\t<meta name=\"twitter:data1\" content=\"Exc\u00e9lsior\" \/>\n\t<meta name=\"twitter:label2\" content=\"Tiempo de lectura\" \/>\n\t<meta name=\"twitter:data2\" content=\"2 minutos\" \/>\n<script type=\"application\/ld+json\" class=\"yoast-schema-graph\">{\"@context\":\"https:\\\/\\\/schema.org\",\"@graph\":[{\"@type\":\"Article\",\"@id\":\"https:\\\/\\\/fuentesfidedignas.com.mx\\\/index.php\\\/2025\\\/07\\\/10\\\/video-quinceanera-en-eu-queda-casi-sola-en-su-fiesta-por-temor-a-redadas-migratorias\\\/#article\",\"isPartOf\":{\"@id\":\"https:\\\/\\\/fuentesfidedignas.com.mx\\\/index.php\\\/2025\\\/07\\\/10\\\/video-quinceanera-en-eu-queda-casi-sola-en-su-fiesta-por-temor-a-redadas-migratorias\\\/\"},\"author\":{\"name\":\"Exc\u00e9lsior\",\"@id\":\"https:\\\/\\\/fuentesfidedignas.com.mx\\\/#\\\/schema\\\/person\\\/ec4edd1fbf5efa3e44fce34fe2787780\"},\"headline\":\"VIDEO: Quincea\u00f1era en EU queda casi sola en su fiesta por temor a redadas migratorias\",\"datePublished\":\"2025-07-10T12:01:00+00:00\",\"mainEntityOfPage\":{\"@id\":\"https:\\\/\\\/fuentesfidedignas.com.mx\\\/index.php\\\/2025\\\/07\\\/10\\\/video-quinceanera-en-eu-queda-casi-sola-en-su-fiesta-por-temor-a-redadas-migratorias\\\/\"},\"wordCount\":384,\"commentCount\":0,\"publisher\":{\"@id\":\"https:\\\/\\\/fuentesfidedignas.com.mx\\\/#organization\"},\"image\":{\"@id\":\"https:\\\/\\\/fuentesfidedignas.com.mx\\\/index.php\\\/2025\\\/07\\\/10\\\/video-quinceanera-en-eu-queda-casi-sola-en-su-fiesta-por-temor-a-redadas-migratorias\\\/#primaryimage\"},\"thumbnailUrl\":\"https:\\\/\\\/fuentesfidedignas.com.mx\\\/wp-content\\\/uploads\\\/2025\\\/07\\\/xvanera.jpg\",\"articleSection\":[\"LAS ASOMBROSAS\"],\"inLanguage\":\"es\",\"potentialAction\":[{\"@type\":\"CommentAction\",\"name\":\"Comment\",\"target\":[\"https:\\\/\\\/fuentesfidedignas.com.mx\\\/index.php\\\/2025\\\/07\\\/10\\\/video-quinceanera-en-eu-queda-casi-sola-en-su-fiesta-por-temor-a-redadas-migratorias\\\/#respond\"]}]},{\"@type\":\"WebPage\",\"@id\":\"https:\\\/\\\/fuentesfidedignas.com.mx\\\/index.php\\\/2025\\\/07\\\/10\\\/video-quinceanera-en-eu-queda-casi-sola-en-su-fiesta-por-temor-a-redadas-migratorias\\\/\",\"url\":\"https:\\\/\\\/fuentesfidedignas.com.mx\\\/index.php\\\/2025\\\/07\\\/10\\\/video-quinceanera-en-eu-queda-casi-sola-en-su-fiesta-por-temor-a-redadas-migratorias\\\/\",\"name\":\"VIDEO: Quincea\u00f1era en EU queda casi sola en su fiesta por temor a redadas migratorias - Fuentes Fidedignas\",\"isPartOf\":{\"@id\":\"https:\\\/\\\/fuentesfidedignas.com.mx\\\/#website\"},\"primaryImageOfPage\":{\"@id\":\"https:\\\/\\\/fuentesfidedignas.com.mx\\\/index.php\\\/2025\\\/07\\\/10\\\/video-quinceanera-en-eu-queda-casi-sola-en-su-fiesta-por-temor-a-redadas-migratorias\\\/#primaryimage\"},\"image\":{\"@id\":\"https:\\\/\\\/fuentesfidedignas.com.mx\\\/index.php\\\/2025\\\/07\\\/10\\\/video-quinceanera-en-eu-queda-casi-sola-en-su-fiesta-por-temor-a-redadas-migratorias\\\/#primaryimage\"},\"thumbnailUrl\":\"https:\\\/\\\/fuentesfidedignas.com.mx\\\/wp-content\\\/uploads\\\/2025\\\/07\\\/xvanera.jpg\",\"datePublished\":\"2025-07-10T12:01:00+00:00\",\"breadcrumb\":{\"@id\":\"https:\\\/\\\/fuentesfidedignas.com.mx\\\/index.php\\\/2025\\\/07\\\/10\\\/video-quinceanera-en-eu-queda-casi-sola-en-su-fiesta-por-temor-a-redadas-migratorias\\\/#breadcrumb\"},\"inLanguage\":\"es\",\"potentialAction\":[{\"@type\":\"ReadAction\",\"target\":[\"https:\\\/\\\/fuentesfidedignas.com.mx\\\/index.php\\\/2025\\\/07\\\/10\\\/video-quinceanera-en-eu-queda-casi-sola-en-su-fiesta-por-temor-a-redadas-migratorias\\\/\"]}]},{\"@type\":\"ImageObject\",\"inLanguage\":\"es\",\"@id\":\"https:\\\/\\\/fuentesfidedignas.com.mx\\\/index.php\\\/2025\\\/07\\\/10\\\/video-quinceanera-en-eu-queda-casi-sola-en-su-fiesta-por-temor-a-redadas-migratorias\\\/#primaryimage\",\"url\":\"https:\\\/\\\/fuentesfidedignas.com.mx\\\/wp-content\\\/uploads\\\/2025\\\/07\\\/xvanera.jpg\",\"contentUrl\":\"https:\\\/\\\/fuentesfidedignas.com.mx\\\/wp-content\\\/uploads\\\/2025\\\/07\\\/xvanera.jpg\",\"width\":600,\"height\":412},{\"@type\":\"BreadcrumbList\",\"@id\":\"https:\\\/\\\/fuentesfidedignas.com.mx\\\/index.php\\\/2025\\\/07\\\/10\\\/video-quinceanera-en-eu-queda-casi-sola-en-su-fiesta-por-temor-a-redadas-migratorias\\\/#breadcrumb\",\"itemListElement\":[{\"@type\":\"ListItem\",\"position\":1,\"name\":\"Inicio\",\"item\":\"https:\\\/\\\/fuentesfidedignas.com.mx\\\/\"},{\"@type\":\"ListItem\",\"position\":2,\"name\":\"VIDEO: Quincea\u00f1era en EU queda casi sola en su fiesta por temor a redadas migratorias\"}]},{\"@type\":\"WebSite\",\"@id\":\"https:\\\/\\\/fuentesfidedignas.com.mx\\\/#website\",\"url\":\"https:\\\/\\\/fuentesfidedignas.com.mx\\\/\",\"name\":\"Fuentes Fidedignas\",\"description\":\"Otro sitio realizado con WordPress\",\"publisher\":{\"@id\":\"https:\\\/\\\/fuentesfidedignas.com.mx\\\/#organization\"},\"potentialAction\":[{\"@type\":\"SearchAction\",\"target\":{\"@type\":\"EntryPoint\",\"urlTemplate\":\"https:\\\/\\\/fuentesfidedignas.com.mx\\\/?s={search_term_string}\"},\"query-input\":{\"@type\":\"PropertyValueSpecification\",\"valueRequired\":true,\"valueName\":\"search_term_string\"}}],\"inLanguage\":\"es\"},{\"@type\":\"Organization\",\"@id\":\"https:\\\/\\\/fuentesfidedignas.com.mx\\\/#organization\",\"name\":\"Fuentes Fidedignas\",\"url\":\"https:\\\/\\\/fuentesfidedignas.com.mx\\\/\",\"logo\":{\"@type\":\"ImageObject\",\"inLanguage\":\"es\",\"@id\":\"https:\\\/\\\/fuentesfidedignas.com.mx\\\/#\\\/schema\\\/logo\\\/image\\\/\",\"url\":\"https:\\\/\\\/fuentesfidedignas.com.mx\\\/wp-content\\\/uploads\\\/2021\\\/04\\\/logo-retina.png\",\"contentUrl\":\"https:\\\/\\\/fuentesfidedignas.com.mx\\\/wp-content\\\/uploads\\\/2021\\\/04\\\/logo-retina.png\",\"width\":280,\"height\":51,\"caption\":\"Fuentes Fidedignas\"},\"image\":{\"@id\":\"https:\\\/\\\/fuentesfidedignas.com.mx\\\/#\\\/schema\\\/logo\\\/image\\\/\"},\"sameAs\":[\"https:\\\/\\\/www.facebook.com\\\/Fuentes-Fidedignas-368234489921644\",\"https:\\\/\\\/x.com\\\/fidedignas\"]},{\"@type\":\"Person\",\"@id\":\"https:\\\/\\\/fuentesfidedignas.com.mx\\\/#\\\/schema\\\/person\\\/ec4edd1fbf5efa3e44fce34fe2787780\",\"name\":\"Exc\u00e9lsior\",\"image\":{\"@type\":\"ImageObject\",\"inLanguage\":\"es\",\"@id\":\"https:\\\/\\\/secure.gravatar.com\\\/avatar\\\/4b7ee9206b48be08447852b3f0814dbc7c0f3b51541b164f1464a2725614020b?s=96&d=mm&r=g\",\"url\":\"https:\\\/\\\/secure.gravatar.com\\\/avatar\\\/4b7ee9206b48be08447852b3f0814dbc7c0f3b51541b164f1464a2725614020b?s=96&d=mm&r=g\",\"contentUrl\":\"https:\\\/\\\/secure.gravatar.com\\\/avatar\\\/4b7ee9206b48be08447852b3f0814dbc7c0f3b51541b164f1464a2725614020b?s=96&d=mm&r=g\",\"caption\":\"Exc\u00e9lsior\"},\"url\":\"https:\\\/\\\/fuentesfidedignas.com.mx\\\/index.php\\\/author\\\/excelsior\\\/\"}]}<\/script>\n<!-- \/ Yoast SEO plugin. -->","yoast_head_json":{"title":"VIDEO: Quincea\u00f1era en EU queda casi sola en su fiesta por temor a redadas migratorias - Fuentes Fidedignas","robots":{"index":"index","follow":"follow","max-snippet":"max-snippet:-1","max-image-preview":"max-image-preview:large","max-video-preview":"max-video-preview:-1"},"canonical":"https:\/\/fuentesfidedignas.com.mx\/index.php\/2025\/07\/10\/video-quinceanera-en-eu-queda-casi-sola-en-su-fiesta-por-temor-a-redadas-migratorias\/","og_locale":"es_MX","og_type":"article","og_title":"VIDEO: Quincea\u00f1era en EU queda casi sola en su fiesta por temor a redadas migratorias - Fuentes Fidedignas","og_description":"Una quincea\u00f1era latina en EU invit\u00f3 a 200 personas, pero solo 40 asistieron debido al miedo a redadas migratorias en la zona. Lo que deb\u00eda ser una celebraci\u00f3n inolvidable se convirti\u00f3 en un recuerdo agridulce para Denise y su familia. La joven, de origen latino, celebr\u00f3 sus quince a\u00f1os en Estados Unidos con una fiesta [&hellip;]","og_url":"https:\/\/fuentesfidedignas.com.mx\/index.php\/2025\/07\/10\/video-quinceanera-en-eu-queda-casi-sola-en-su-fiesta-por-temor-a-redadas-migratorias\/","og_site_name":"Fuentes Fidedignas","article_publisher":"https:\/\/www.facebook.com\/Fuentes-Fidedignas-368234489921644","article_published_time":"2025-07-10T12:01:00+00:00","og_image":[{"width":600,"height":412,"url":"https:\/\/fuentesfidedignas.com.mx\/wp-content\/uploads\/2025\/07\/xvanera.jpg","type":"image\/jpeg"}],"author":"Exc\u00e9lsior","twitter_card":"summary_large_image","twitter_creator":"@fidedignas","twitter_site":"@fidedignas","twitter_misc":{"Escrito por":"Exc\u00e9lsior","Tiempo de lectura":"2 minutos"},"schema":{"@context":"https:\/\/schema.org","@graph":[{"@type":"Article","@id":"https:\/\/fuentesfidedignas.com.mx\/index.php\/2025\/07\/10\/video-quinceanera-en-eu-queda-casi-sola-en-su-fiesta-por-temor-a-redadas-migratorias\/#article","isPartOf":{"@id":"https:\/\/fuentesfidedignas.com.mx\/index.php\/2025\/07\/10\/video-quinceanera-en-eu-queda-casi-sola-en-su-fiesta-por-temor-a-redadas-migratorias\/"},"author":{"name":"Exc\u00e9lsior","@id":"https:\/\/fuentesfidedignas.com.mx\/#\/schema\/person\/ec4edd1fbf5efa3e44fce34fe2787780"},"headline":"VIDEO: Quincea\u00f1era en EU queda casi sola en su fiesta por temor a redadas migratorias","datePublished":"2025-07-10T12:01:00+00:00","mainEntityOfPage":{"@id":"https:\/\/fuentesfidedignas.com.mx\/index.php\/2025\/07\/10\/video-quinceanera-en-eu-queda-casi-sola-en-su-fiesta-por-temor-a-redadas-migratorias\/"},"wordCount":384,"commentCount":0,"publisher":{"@id":"https:\/\/fuentesfidedignas.com.mx\/#organization"},"image":{"@id":"https:\/\/fuentesfidedignas.com.mx\/index.php\/2025\/07\/10\/video-quinceanera-en-eu-queda-casi-sola-en-su-fiesta-por-temor-a-redadas-migratorias\/#primaryimage"},"thumbnailUrl":"https:\/\/fuentesfidedignas.com.mx\/wp-content\/uploads\/2025\/07\/xvanera.jpg","articleSection":["LAS ASOMBROSAS"],"inLanguage":"es","potentialAction":[{"@type":"CommentAction","name":"Comment","target":["https:\/\/fuentesfidedignas.com.mx\/index.php\/2025\/07\/10\/video-quinceanera-en-eu-queda-casi-sola-en-su-fiesta-por-temor-a-redadas-migratorias\/#respond"]}]},{"@type":"WebPage","@id":"https:\/\/fuentesfidedignas.com.mx\/index.php\/2025\/07\/10\/video-quinceanera-en-eu-queda-casi-sola-en-su-fiesta-por-temor-a-redadas-migratorias\/","url":"https:\/\/fuentesfidedignas.com.mx\/index.php\/2025\/07\/10\/video-quinceanera-en-eu-queda-casi-sola-en-su-fiesta-por-temor-a-redadas-migratorias\/","name":"VIDEO: Quincea\u00f1era en EU queda casi sola en su fiesta por temor a redadas migratorias - Fuentes Fidedignas","isPartOf":{"@id":"https:\/\/fuentesfidedignas.com.mx\/#website"},"primaryImageOfPage":{"@id":"https:\/\/fuentesfidedignas.com.mx\/index.php\/2025\/07\/10\/video-quinceanera-en-eu-queda-casi-sola-en-su-fiesta-por-temor-a-redadas-migratorias\/#primaryimage"},"image":{"@id":"https:\/\/fuentesfidedignas.com.mx\/index.php\/2025\/07\/10\/video-quinceanera-en-eu-queda-casi-sola-en-su-fiesta-por-temor-a-redadas-migratorias\/#primaryimage"},"thumbnailUrl":"https:\/\/fuentesfidedignas.com.mx\/wp-content\/uploads\/2025\/07\/xvanera.jpg","datePublished":"2025-07-10T12:01:00+00:00","breadcrumb":{"@id":"https:\/\/fuentesfidedignas.com.mx\/index.php\/2025\/07\/10\/video-quinceanera-en-eu-queda-casi-sola-en-su-fiesta-por-temor-a-redadas-migratorias\/#breadcrumb"},"inLanguage":"es","potentialAction":[{"@type":"ReadAction","target":["https:\/\/fuentesfidedignas.com.mx\/index.php\/2025\/07\/10\/video-quinceanera-en-eu-queda-casi-sola-en-su-fiesta-por-temor-a-redadas-migratorias\/"]}]},{"@type":"ImageObject","inLanguage":"es","@id":"https:\/\/fuentesfidedignas.com.mx\/index.php\/2025\/07\/10\/video-quinceanera-en-eu-queda-casi-sola-en-su-fiesta-por-temor-a-redadas-migratorias\/#primaryimage","url":"https:\/\/fuentesfidedignas.com.mx\/wp-content\/uploads\/2025\/07\/xvanera.jpg","contentUrl":"https:\/\/fuentesfidedignas.com.mx\/wp-content\/uploads\/2025\/07\/xvanera.jpg","width":600,"height":412},{"@type":"BreadcrumbList","@id":"https:\/\/fuentesfidedignas.com.mx\/index.php\/2025\/07\/10\/video-quinceanera-en-eu-queda-casi-sola-en-su-fiesta-por-temor-a-redadas-migratorias\/#breadcrumb","itemListElement":[{"@type":"ListItem","position":1,"name":"Inicio","item":"https:\/\/fuentesfidedignas.com.mx\/"},{"@type":"ListItem","position":2,"name":"VIDEO: Quincea\u00f1era en EU queda casi sola en su fiesta por temor a redadas migratorias"}]},{"@type":"WebSite","@id":"https:\/\/fuentesfidedignas.com.mx\/#website","url":"https:\/\/fuentesfidedignas.com.mx\/","name":"Fuentes Fidedignas","description":"Otro sitio realizado con WordPress","publisher":{"@id":"https:\/\/fuentesfidedignas.com.mx\/#organization"},"potentialAction":[{"@type":"SearchAction","target":{"@type":"EntryPoint","urlTemplate":"https:\/\/fuentesfidedignas.com.mx\/?s={search_term_string}"},"query-input":{"@type":"PropertyValueSpecification","valueRequired":true,"valueName":"search_term_string"}}],"inLanguage":"es"},{"@type":"Organization","@id":"https:\/\/fuentesfidedignas.com.mx\/#organization","name":"Fuentes Fidedignas","url":"https:\/\/fuentesfidedignas.com.mx\/","logo":{"@type":"ImageObject","inLanguage":"es","@id":"https:\/\/fuentesfidedignas.com.mx\/#\/schema\/logo\/image\/","url":"https:\/\/fuentesfidedignas.com.mx\/wp-content\/uploads\/2021\/04\/logo-retina.png","contentUrl":"https:\/\/fuentesfidedignas.com.mx\/wp-content\/uploads\/2021\/04\/logo-retina.png","width":280,"height":51,"caption":"Fuentes Fidedignas"},"image":{"@id":"https:\/\/fuentesfidedignas.com.mx\/#\/schema\/logo\/image\/"},"sameAs":["https:\/\/www.facebook.com\/Fuentes-Fidedignas-368234489921644","https:\/\/x.com\/fidedignas"]},{"@type":"Person","@id":"https:\/\/fuentesfidedignas.com.mx\/#\/schema\/person\/ec4edd1fbf5efa3e44fce34fe2787780","name":"Exc\u00e9lsior","image":{"@type":"ImageObject","inLanguage":"es","@id":"https:\/\/secure.gravatar.com\/avatar\/4b7ee9206b48be08447852b3f0814dbc7c0f3b51541b164f1464a2725614020b?s=96&d=mm&r=g","url":"https:\/\/secure.gravatar.com\/avatar\/4b7ee9206b48be08447852b3f0814dbc7c0f3b51541b164f1464a2725614020b?s=96&d=mm&r=g","contentUrl":"https:\/\/secure.gravatar.com\/avatar\/4b7ee9206b48be08447852b3f0814dbc7c0f3b51541b164f1464a2725614020b?s=96&d=mm&r=g","caption":"Exc\u00e9lsior"},"url":"https:\/\/fuentesfidedignas.com.mx\/index.php\/author\/excelsior\/"}]}},"_links":{"self":[{"href":"https:\/\/fuentesfidedignas.com.mx\/index.php\/wp-json\/wp\/v2\/posts\/112539","targetHints":{"allow":["GET"]}}],"collection":[{"href":"https:\/\/fuentesfidedignas.com.mx\/index.php\/wp-json\/wp\/v2\/posts"}],"about":[{"href":"https:\/\/fuentesfidedignas.com.mx\/index.php\/wp-json\/wp\/v2\/types\/post"}],"author":[{"embeddable":true,"href":"https:\/\/fuentesfidedignas.com.mx\/index.php\/wp-json\/wp\/v2\/users\/7"}],"replies":[{"embeddable":true,"href":"https:\/\/fuentesfidedignas.com.mx\/index.php\/wp-json\/wp\/v2\/comments?post=112539"}],"version-history":[{"count":1,"href":"https:\/\/fuentesfidedignas.com.mx\/index.php\/wp-json\/wp\/v2\/posts\/112539\/revisions"}],"predecessor-version":[{"id":112541,"href":"https:\/\/fuentesfidedignas.com.mx\/index.php\/wp-json\/wp\/v2\/posts\/112539\/revisions\/112541"}],"wp:featuredmedia":[{"embeddable":true,"href":"https:\/\/fuentesfidedignas.com.mx\/index.php\/wp-json\/wp\/v2\/media\/112540"}],"wp:attachment":[{"href":"https:\/\/fuentesfidedignas.com.mx\/index.php\/wp-json\/wp\/v2\/media?parent=112539"}],"wp:term":[{"taxonomy":"category","embeddable":true,"href":"https:\/\/fuentesfidedignas.com.mx\/index.php\/wp-json\/wp\/v2\/categories?post=112539"},{"taxonomy":"post_tag","embeddable":true,"href":"https:\/\/fuentesfidedignas.com.mx\/index.php\/wp-json\/wp\/v2\/tags?post=112539"}],"curies":[{"name":"wp","href":"https:\/\/api.w.org\/{rel}","templated":true}]}}