{"id":112432,"date":"2025-07-08T10:36:25","date_gmt":"2025-07-08T17:36:25","guid":{"rendered":"https:\/\/fuentesfidedignas.com.mx\/?p=112432"},"modified":"2025-07-08T10:36:25","modified_gmt":"2025-07-08T17:36:25","slug":"trump-advierte-que-se-acabaron-las-prorrogas-para-pago-de-aranceles-no-habra-mas-cambios","status":"publish","type":"post","link":"https:\/\/fuentesfidedignas.com.mx\/index.php\/2025\/07\/08\/trump-advierte-que-se-acabaron-las-prorrogas-para-pago-de-aranceles-no-habra-mas-cambios\/","title":{"rendered":"Trump advierte que se acabaron las pr\u00f3rrogas para pago de aranceles: \u2018No habr\u00e1 m\u00e1s cambios\u2019"},"content":{"rendered":"\n<p><br><strong><em>Donald Trump insisti\u00f3 a los pa\u00edses que los aranceles deber\u00e1n pagarse a partir del 1 de agosto, ya que \u2018no se conceder\u00e1n pr\u00f3rrogas\u2019.<\/em><\/strong><\/p>\n\n\n\n<p>El presidente de Estados Unidos, Donald Trump, dijo este martes 8 de julio que \u201cno conceder\u00e1 pr\u00f3rrogas\u201d despu\u00e9s del 1 de agosto pr\u00f3ximo, cuando comenzar\u00e1 a aplicar los \u201caranceles rec\u00edprocos\u201d a sus socios comerciales, despu\u00e9s de que se mostrara abierto a aplazar de nuevo la entrada en vigor de los grav\u00e1menes.<\/p>\n\n\n\n<p>\u201cSeg\u00fan las cartas enviadas ayer a varios pa\u00edses, adem\u00e1s de las cartas que se enviar\u00e1n hoy, ma\u00f1ana y durante el pr\u00f3ximo periodo, los aranceles comenzar\u00e1n a pagarse el 1 de agosto de 2025. (\u2026) No se conceder\u00e1n pr\u00f3rrogas\u201d, escribi\u00f3 Donald Trump en su red Truth Social.<\/p>\n\n\n\n<p>Advirti\u00f3 que \u201cno ha habido cambios en esta fecha ni los habr\u00e1\u201d por lo que, \u201cen otras palabras, todo el dinero deber\u00e1 pagarse a partir del 1 de agosto de 2025\u201d, insisti\u00f3.<\/p>\n\n\n\n<p>El mandatario extendi\u00f3 oficialmente este lunes el plazo para el fin de su tregua arancelaria, del 9 de julio inicial hasta agosto, aunque m\u00e1s tarde en declaraciones a la prensa en la Casa Blanca insinu\u00f3 que este l\u00edmite podr\u00eda volver a cambiar si los pa\u00edses daban se\u00f1ales de querer negociar.<\/p>\n\n\n\n<p class=\"c-paragraph\">\u201cDir\u00eda que son firmes, pero no al 100 por ciento. Si nos llaman y, por ejemplo, quieren hacer algo diferente, estaremos abiertos a ello\u201d, explic\u00f3 Trump.<\/p>\n\n\n\n<p class=\"c-paragraph\">A pesar de posponer el plazo, el presidente estadounidense ya fij\u00f3 grav\u00e1menes para una docena de pa\u00edses, como&nbsp;<a href=\"https:\/\/www.elfinanciero.com.mx\/economia\/2025\/07\/07\/trump-anuncia-aranceles-a-japon-y-corea-del-sur-de-cuanto-seran\/\" target=\"_blank\" rel=\"noreferrer noopener\">Jap\u00f3n y Corea del Sur<\/a>, a los que impuso un 25 por ciento de aranceles a partir del 1 de agosto, seg\u00fan cartas enviadas este lunes a los Gobiernos de esas naciones y publicadas en su cuenta de Truth Social.<\/p>\n\n\n\n<p class=\"c-paragraph\">La Casa Blanca defendi\u00f3 la extensi\u00f3n del plazo al 1 de agosto, materializada en una orden ejecutiva firmada por Trump, como una oportunidad para que Washington tenga tiempo de negociar nuevos pactos comerciales con cada pa\u00eds.<\/p>\n\n\n\n<p class=\"c-paragraph\">Seg\u00fan la portavoz presidencial,&nbsp;<a href=\"https:\/\/www.elfinanciero.com.mx\/mundo\/2025\/02\/01\/quien-es-karoline-leavitt-la-vocera-mas-joven-en-la-historia-de-la-casa-blanca-y-fan-de-trump\/\" target=\"_blank\" rel=\"noreferrer noopener\">Karoline Leavitt<\/a>, el aplazamiento de la fecha l\u00edmite no es un reconocimiento de la dificultad de las negociaciones mantenidas hasta ahora, sino un reconocimiento de que la Administraci\u00f3n del republicano \u201cquiere lo mejor para el trabajador estadounidense y desea los mejores acuerdos posibles\u201d.<\/p>\n\n\n\n<h2 class=\"wp-block-heading b-article-body__h2\">\u00bfQu\u00e9 pa\u00edses llegaron a un acuerdo con Trump para evitar aranceles?<\/h2>\n\n\n\n<p class=\"c-paragraph\">Desde la suspensi\u00f3n de los&nbsp;<a href=\"https:\/\/www.elfinanciero.com.mx\/economia\/2025\/07\/07\/extendera-trump-tregua-en-aranceles-al-1-de-agosto\/\" target=\"_blank\" rel=\"noreferrer noopener\">aranceles anunciados<\/a>, Estados Unidos solo ha conseguido suscribir convenios poco exhaustivos con&nbsp;<strong>China, el Reino Unido y Vietnam<\/strong>.<\/p>\n\n\n\n<p class=\"c-paragraph\">Entre quienes iban a ver aumentados sus aranceles si se manten\u00eda el plazo de esta semana se encontraba tambi\u00e9n la Uni\u00f3n Europea, a la que Trump amenaz\u00f3 con aranceles de hasta el 50 por ciento.<\/p>\n\n\n\n<p class=\"c-paragraph\">El comisario europeo de Econom\u00eda,&nbsp;<strong>Valdis Dombrovskis<\/strong>, dijo este martes que la UE est\u00e1 interesada en lograr cuanto antes un acuerdo comercial con Estados Unidos porque esto eliminar\u00eda \u201cla incertidumbre que rodea esta cuesti\u00f3n de los aranceles y vemos que est\u00e1 pesando ya sobre la econom\u00eda y las decisiones empresariales\u201d.<\/p>\n","protected":false},"excerpt":{"rendered":"<p>Donald Trump insisti\u00f3 a los pa\u00edses que los aranceles deber\u00e1n pagarse a partir del 1 de agosto, ya que \u2018no se conceder\u00e1n pr\u00f3rrogas\u2019. El presidente de Estados Unidos, Donald Trump, dijo este martes 8 de julio que \u201cno conceder\u00e1 pr\u00f3rrogas\u201d despu\u00e9s del 1 de agosto pr\u00f3ximo, cuando comenzar\u00e1 a aplicar los \u201caranceles rec\u00edprocos\u201d a sus [&hellip;]<\/p>\n","protected":false},"author":22,"featured_media":112431,"comment_status":"closed","ping_status":"open","sticky":false,"template":"","format":"standard","meta":{"tdm_status":"","tdm_grid_status":"","footnotes":""},"categories":[39],"tags":[],"class_list":{"0":"post-112432","1":"post","2":"type-post","3":"status-publish","4":"format-standard","5":"has-post-thumbnail","7":"category-noticias-nacionales"},"yoast_head":"<!-- This site is optimized with the Yoast SEO plugin v27.5 - https:\/\/yoast.com\/product\/yoast-seo-wordpress\/ -->\n<title>Trump advierte que se acabaron las pr\u00f3rrogas para pago de aranceles: \u2018No habr\u00e1 m\u00e1s cambios\u2019 - Fuentes Fidedignas<\/title>\n<meta name=\"robots\" content=\"index, follow, max-snippet:-1, max-image-preview:large, max-video-preview:-1\" \/>\n<link rel=\"canonical\" href=\"https:\/\/fuentesfidedignas.com.mx\/index.php\/2025\/07\/08\/trump-advierte-que-se-acabaron-las-prorrogas-para-pago-de-aranceles-no-habra-mas-cambios\/\" \/>\n<meta property=\"og:locale\" content=\"es_MX\" \/>\n<meta property=\"og:type\" content=\"article\" \/>\n<meta property=\"og:title\" content=\"Trump advierte que se acabaron las pr\u00f3rrogas para pago de aranceles: \u2018No habr\u00e1 m\u00e1s cambios\u2019 - Fuentes Fidedignas\" \/>\n<meta property=\"og:description\" content=\"Donald Trump insisti\u00f3 a los pa\u00edses que los aranceles deber\u00e1n pagarse a partir del 1 de agosto, ya que \u2018no se conceder\u00e1n pr\u00f3rrogas\u2019. El presidente de Estados Unidos, Donald Trump, dijo este martes 8 de julio que \u201cno conceder\u00e1 pr\u00f3rrogas\u201d despu\u00e9s del 1 de agosto pr\u00f3ximo, cuando comenzar\u00e1 a aplicar los \u201caranceles rec\u00edprocos\u201d a sus [&hellip;]\" \/>\n<meta property=\"og:url\" content=\"https:\/\/fuentesfidedignas.com.mx\/index.php\/2025\/07\/08\/trump-advierte-que-se-acabaron-las-prorrogas-para-pago-de-aranceles-no-habra-mas-cambios\/\" \/>\n<meta property=\"og:site_name\" content=\"Fuentes Fidedignas\" \/>\n<meta property=\"article:publisher\" content=\"https:\/\/www.facebook.com\/Fuentes-Fidedignas-368234489921644\" \/>\n<meta property=\"article:published_time\" content=\"2025-07-08T17:36:25+00:00\" \/>\n<meta property=\"og:image\" content=\"https:\/\/fuentesfidedignas.com.mx\/wp-content\/uploads\/2025\/07\/img_0565.jpg\" \/>\n\t<meta property=\"og:image:width\" content=\"600\" \/>\n\t<meta property=\"og:image:height\" content=\"337\" \/>\n\t<meta property=\"og:image:type\" content=\"image\/jpeg\" \/>\n<meta name=\"author\" content=\"EFE\" \/>\n<meta name=\"twitter:card\" content=\"summary_large_image\" \/>\n<meta name=\"twitter:creator\" content=\"@fidedignas\" \/>\n<meta name=\"twitter:site\" content=\"@fidedignas\" \/>\n<meta name=\"twitter:label1\" content=\"Escrito por\" \/>\n\t<meta name=\"twitter:data1\" content=\"EFE\" \/>\n\t<meta name=\"twitter:label2\" content=\"Tiempo de lectura\" \/>\n\t<meta name=\"twitter:data2\" content=\"3 minutos\" \/>\n<script type=\"application\/ld+json\" class=\"yoast-schema-graph\">{\"@context\":\"https:\\\/\\\/schema.org\",\"@graph\":[{\"@type\":\"Article\",\"@id\":\"https:\\\/\\\/fuentesfidedignas.com.mx\\\/index.php\\\/2025\\\/07\\\/08\\\/trump-advierte-que-se-acabaron-las-prorrogas-para-pago-de-aranceles-no-habra-mas-cambios\\\/#article\",\"isPartOf\":{\"@id\":\"https:\\\/\\\/fuentesfidedignas.com.mx\\\/index.php\\\/2025\\\/07\\\/08\\\/trump-advierte-que-se-acabaron-las-prorrogas-para-pago-de-aranceles-no-habra-mas-cambios\\\/\"},\"author\":{\"name\":\"EFE\",\"@id\":\"https:\\\/\\\/fuentesfidedignas.com.mx\\\/#\\\/schema\\\/person\\\/0d44615087b5a626d5d3f13afe31ac41\"},\"headline\":\"Trump advierte que se acabaron las pr\u00f3rrogas para pago de aranceles: \u2018No habr\u00e1 m\u00e1s cambios\u2019\",\"datePublished\":\"2025-07-08T17:36:25+00:00\",\"mainEntityOfPage\":{\"@id\":\"https:\\\/\\\/fuentesfidedignas.com.mx\\\/index.php\\\/2025\\\/07\\\/08\\\/trump-advierte-que-se-acabaron-las-prorrogas-para-pago-de-aranceles-no-habra-mas-cambios\\\/\"},\"wordCount\":539,\"publisher\":{\"@id\":\"https:\\\/\\\/fuentesfidedignas.com.mx\\\/#organization\"},\"image\":{\"@id\":\"https:\\\/\\\/fuentesfidedignas.com.mx\\\/index.php\\\/2025\\\/07\\\/08\\\/trump-advierte-que-se-acabaron-las-prorrogas-para-pago-de-aranceles-no-habra-mas-cambios\\\/#primaryimage\"},\"thumbnailUrl\":\"https:\\\/\\\/fuentesfidedignas.com.mx\\\/wp-content\\\/uploads\\\/2025\\\/07\\\/img_0565.jpg\",\"articleSection\":[\"NOTICIAS NACIONALES\"],\"inLanguage\":\"es\"},{\"@type\":\"WebPage\",\"@id\":\"https:\\\/\\\/fuentesfidedignas.com.mx\\\/index.php\\\/2025\\\/07\\\/08\\\/trump-advierte-que-se-acabaron-las-prorrogas-para-pago-de-aranceles-no-habra-mas-cambios\\\/\",\"url\":\"https:\\\/\\\/fuentesfidedignas.com.mx\\\/index.php\\\/2025\\\/07\\\/08\\\/trump-advierte-que-se-acabaron-las-prorrogas-para-pago-de-aranceles-no-habra-mas-cambios\\\/\",\"name\":\"Trump advierte que se acabaron las pr\u00f3rrogas para pago de aranceles: \u2018No habr\u00e1 m\u00e1s cambios\u2019 - Fuentes Fidedignas\",\"isPartOf\":{\"@id\":\"https:\\\/\\\/fuentesfidedignas.com.mx\\\/#website\"},\"primaryImageOfPage\":{\"@id\":\"https:\\\/\\\/fuentesfidedignas.com.mx\\\/index.php\\\/2025\\\/07\\\/08\\\/trump-advierte-que-se-acabaron-las-prorrogas-para-pago-de-aranceles-no-habra-mas-cambios\\\/#primaryimage\"},\"image\":{\"@id\":\"https:\\\/\\\/fuentesfidedignas.com.mx\\\/index.php\\\/2025\\\/07\\\/08\\\/trump-advierte-que-se-acabaron-las-prorrogas-para-pago-de-aranceles-no-habra-mas-cambios\\\/#primaryimage\"},\"thumbnailUrl\":\"https:\\\/\\\/fuentesfidedignas.com.mx\\\/wp-content\\\/uploads\\\/2025\\\/07\\\/img_0565.jpg\",\"datePublished\":\"2025-07-08T17:36:25+00:00\",\"breadcrumb\":{\"@id\":\"https:\\\/\\\/fuentesfidedignas.com.mx\\\/index.php\\\/2025\\\/07\\\/08\\\/trump-advierte-que-se-acabaron-las-prorrogas-para-pago-de-aranceles-no-habra-mas-cambios\\\/#breadcrumb\"},\"inLanguage\":\"es\",\"potentialAction\":[{\"@type\":\"ReadAction\",\"target\":[\"https:\\\/\\\/fuentesfidedignas.com.mx\\\/index.php\\\/2025\\\/07\\\/08\\\/trump-advierte-que-se-acabaron-las-prorrogas-para-pago-de-aranceles-no-habra-mas-cambios\\\/\"]}]},{\"@type\":\"ImageObject\",\"inLanguage\":\"es\",\"@id\":\"https:\\\/\\\/fuentesfidedignas.com.mx\\\/index.php\\\/2025\\\/07\\\/08\\\/trump-advierte-que-se-acabaron-las-prorrogas-para-pago-de-aranceles-no-habra-mas-cambios\\\/#primaryimage\",\"url\":\"https:\\\/\\\/fuentesfidedignas.com.mx\\\/wp-content\\\/uploads\\\/2025\\\/07\\\/img_0565.jpg\",\"contentUrl\":\"https:\\\/\\\/fuentesfidedignas.com.mx\\\/wp-content\\\/uploads\\\/2025\\\/07\\\/img_0565.jpg\",\"width\":600,\"height\":337},{\"@type\":\"BreadcrumbList\",\"@id\":\"https:\\\/\\\/fuentesfidedignas.com.mx\\\/index.php\\\/2025\\\/07\\\/08\\\/trump-advierte-que-se-acabaron-las-prorrogas-para-pago-de-aranceles-no-habra-mas-cambios\\\/#breadcrumb\",\"itemListElement\":[{\"@type\":\"ListItem\",\"position\":1,\"name\":\"Inicio\",\"item\":\"https:\\\/\\\/fuentesfidedignas.com.mx\\\/\"},{\"@type\":\"ListItem\",\"position\":2,\"name\":\"Trump advierte que se acabaron las pr\u00f3rrogas para pago de aranceles: \u2018No habr\u00e1 m\u00e1s cambios\u2019\"}]},{\"@type\":\"WebSite\",\"@id\":\"https:\\\/\\\/fuentesfidedignas.com.mx\\\/#website\",\"url\":\"https:\\\/\\\/fuentesfidedignas.com.mx\\\/\",\"name\":\"Fuentes Fidedignas\",\"description\":\"Otro sitio realizado con WordPress\",\"publisher\":{\"@id\":\"https:\\\/\\\/fuentesfidedignas.com.mx\\\/#organization\"},\"potentialAction\":[{\"@type\":\"SearchAction\",\"target\":{\"@type\":\"EntryPoint\",\"urlTemplate\":\"https:\\\/\\\/fuentesfidedignas.com.mx\\\/?s={search_term_string}\"},\"query-input\":{\"@type\":\"PropertyValueSpecification\",\"valueRequired\":true,\"valueName\":\"search_term_string\"}}],\"inLanguage\":\"es\"},{\"@type\":\"Organization\",\"@id\":\"https:\\\/\\\/fuentesfidedignas.com.mx\\\/#organization\",\"name\":\"Fuentes Fidedignas\",\"url\":\"https:\\\/\\\/fuentesfidedignas.com.mx\\\/\",\"logo\":{\"@type\":\"ImageObject\",\"inLanguage\":\"es\",\"@id\":\"https:\\\/\\\/fuentesfidedignas.com.mx\\\/#\\\/schema\\\/logo\\\/image\\\/\",\"url\":\"https:\\\/\\\/fuentesfidedignas.com.mx\\\/wp-content\\\/uploads\\\/2021\\\/04\\\/logo-retina.png\",\"contentUrl\":\"https:\\\/\\\/fuentesfidedignas.com.mx\\\/wp-content\\\/uploads\\\/2021\\\/04\\\/logo-retina.png\",\"width\":280,\"height\":51,\"caption\":\"Fuentes Fidedignas\"},\"image\":{\"@id\":\"https:\\\/\\\/fuentesfidedignas.com.mx\\\/#\\\/schema\\\/logo\\\/image\\\/\"},\"sameAs\":[\"https:\\\/\\\/www.facebook.com\\\/Fuentes-Fidedignas-368234489921644\",\"https:\\\/\\\/x.com\\\/fidedignas\"]},{\"@type\":\"Person\",\"@id\":\"https:\\\/\\\/fuentesfidedignas.com.mx\\\/#\\\/schema\\\/person\\\/0d44615087b5a626d5d3f13afe31ac41\",\"name\":\"EFE\",\"image\":{\"@type\":\"ImageObject\",\"inLanguage\":\"es\",\"@id\":\"https:\\\/\\\/secure.gravatar.com\\\/avatar\\\/7048c2d9b569d9bed55bb53ad23821e6e047aa66338fb6ea9868627bbb9f54e8?s=96&d=mm&r=g\",\"url\":\"https:\\\/\\\/secure.gravatar.com\\\/avatar\\\/7048c2d9b569d9bed55bb53ad23821e6e047aa66338fb6ea9868627bbb9f54e8?s=96&d=mm&r=g\",\"contentUrl\":\"https:\\\/\\\/secure.gravatar.com\\\/avatar\\\/7048c2d9b569d9bed55bb53ad23821e6e047aa66338fb6ea9868627bbb9f54e8?s=96&d=mm&r=g\",\"caption\":\"EFE\"},\"url\":\"https:\\\/\\\/fuentesfidedignas.com.mx\\\/index.php\\\/author\\\/efe\\\/\"}]}<\/script>\n<!-- \/ Yoast SEO plugin. -->","yoast_head_json":{"title":"Trump advierte que se acabaron las pr\u00f3rrogas para pago de aranceles: \u2018No habr\u00e1 m\u00e1s cambios\u2019 - Fuentes Fidedignas","robots":{"index":"index","follow":"follow","max-snippet":"max-snippet:-1","max-image-preview":"max-image-preview:large","max-video-preview":"max-video-preview:-1"},"canonical":"https:\/\/fuentesfidedignas.com.mx\/index.php\/2025\/07\/08\/trump-advierte-que-se-acabaron-las-prorrogas-para-pago-de-aranceles-no-habra-mas-cambios\/","og_locale":"es_MX","og_type":"article","og_title":"Trump advierte que se acabaron las pr\u00f3rrogas para pago de aranceles: \u2018No habr\u00e1 m\u00e1s cambios\u2019 - Fuentes Fidedignas","og_description":"Donald Trump insisti\u00f3 a los pa\u00edses que los aranceles deber\u00e1n pagarse a partir del 1 de agosto, ya que \u2018no se conceder\u00e1n pr\u00f3rrogas\u2019. El presidente de Estados Unidos, Donald Trump, dijo este martes 8 de julio que \u201cno conceder\u00e1 pr\u00f3rrogas\u201d despu\u00e9s del 1 de agosto pr\u00f3ximo, cuando comenzar\u00e1 a aplicar los \u201caranceles rec\u00edprocos\u201d a sus [&hellip;]","og_url":"https:\/\/fuentesfidedignas.com.mx\/index.php\/2025\/07\/08\/trump-advierte-que-se-acabaron-las-prorrogas-para-pago-de-aranceles-no-habra-mas-cambios\/","og_site_name":"Fuentes Fidedignas","article_publisher":"https:\/\/www.facebook.com\/Fuentes-Fidedignas-368234489921644","article_published_time":"2025-07-08T17:36:25+00:00","og_image":[{"width":600,"height":337,"url":"https:\/\/fuentesfidedignas.com.mx\/wp-content\/uploads\/2025\/07\/img_0565.jpg","type":"image\/jpeg"}],"author":"EFE","twitter_card":"summary_large_image","twitter_creator":"@fidedignas","twitter_site":"@fidedignas","twitter_misc":{"Escrito por":"EFE","Tiempo de lectura":"3 minutos"},"schema":{"@context":"https:\/\/schema.org","@graph":[{"@type":"Article","@id":"https:\/\/fuentesfidedignas.com.mx\/index.php\/2025\/07\/08\/trump-advierte-que-se-acabaron-las-prorrogas-para-pago-de-aranceles-no-habra-mas-cambios\/#article","isPartOf":{"@id":"https:\/\/fuentesfidedignas.com.mx\/index.php\/2025\/07\/08\/trump-advierte-que-se-acabaron-las-prorrogas-para-pago-de-aranceles-no-habra-mas-cambios\/"},"author":{"name":"EFE","@id":"https:\/\/fuentesfidedignas.com.mx\/#\/schema\/person\/0d44615087b5a626d5d3f13afe31ac41"},"headline":"Trump advierte que se acabaron las pr\u00f3rrogas para pago de aranceles: \u2018No habr\u00e1 m\u00e1s cambios\u2019","datePublished":"2025-07-08T17:36:25+00:00","mainEntityOfPage":{"@id":"https:\/\/fuentesfidedignas.com.mx\/index.php\/2025\/07\/08\/trump-advierte-que-se-acabaron-las-prorrogas-para-pago-de-aranceles-no-habra-mas-cambios\/"},"wordCount":539,"publisher":{"@id":"https:\/\/fuentesfidedignas.com.mx\/#organization"},"image":{"@id":"https:\/\/fuentesfidedignas.com.mx\/index.php\/2025\/07\/08\/trump-advierte-que-se-acabaron-las-prorrogas-para-pago-de-aranceles-no-habra-mas-cambios\/#primaryimage"},"thumbnailUrl":"https:\/\/fuentesfidedignas.com.mx\/wp-content\/uploads\/2025\/07\/img_0565.jpg","articleSection":["NOTICIAS NACIONALES"],"inLanguage":"es"},{"@type":"WebPage","@id":"https:\/\/fuentesfidedignas.com.mx\/index.php\/2025\/07\/08\/trump-advierte-que-se-acabaron-las-prorrogas-para-pago-de-aranceles-no-habra-mas-cambios\/","url":"https:\/\/fuentesfidedignas.com.mx\/index.php\/2025\/07\/08\/trump-advierte-que-se-acabaron-las-prorrogas-para-pago-de-aranceles-no-habra-mas-cambios\/","name":"Trump advierte que se acabaron las pr\u00f3rrogas para pago de aranceles: \u2018No habr\u00e1 m\u00e1s cambios\u2019 - Fuentes Fidedignas","isPartOf":{"@id":"https:\/\/fuentesfidedignas.com.mx\/#website"},"primaryImageOfPage":{"@id":"https:\/\/fuentesfidedignas.com.mx\/index.php\/2025\/07\/08\/trump-advierte-que-se-acabaron-las-prorrogas-para-pago-de-aranceles-no-habra-mas-cambios\/#primaryimage"},"image":{"@id":"https:\/\/fuentesfidedignas.com.mx\/index.php\/2025\/07\/08\/trump-advierte-que-se-acabaron-las-prorrogas-para-pago-de-aranceles-no-habra-mas-cambios\/#primaryimage"},"thumbnailUrl":"https:\/\/fuentesfidedignas.com.mx\/wp-content\/uploads\/2025\/07\/img_0565.jpg","datePublished":"2025-07-08T17:36:25+00:00","breadcrumb":{"@id":"https:\/\/fuentesfidedignas.com.mx\/index.php\/2025\/07\/08\/trump-advierte-que-se-acabaron-las-prorrogas-para-pago-de-aranceles-no-habra-mas-cambios\/#breadcrumb"},"inLanguage":"es","potentialAction":[{"@type":"ReadAction","target":["https:\/\/fuentesfidedignas.com.mx\/index.php\/2025\/07\/08\/trump-advierte-que-se-acabaron-las-prorrogas-para-pago-de-aranceles-no-habra-mas-cambios\/"]}]},{"@type":"ImageObject","inLanguage":"es","@id":"https:\/\/fuentesfidedignas.com.mx\/index.php\/2025\/07\/08\/trump-advierte-que-se-acabaron-las-prorrogas-para-pago-de-aranceles-no-habra-mas-cambios\/#primaryimage","url":"https:\/\/fuentesfidedignas.com.mx\/wp-content\/uploads\/2025\/07\/img_0565.jpg","contentUrl":"https:\/\/fuentesfidedignas.com.mx\/wp-content\/uploads\/2025\/07\/img_0565.jpg","width":600,"height":337},{"@type":"BreadcrumbList","@id":"https:\/\/fuentesfidedignas.com.mx\/index.php\/2025\/07\/08\/trump-advierte-que-se-acabaron-las-prorrogas-para-pago-de-aranceles-no-habra-mas-cambios\/#breadcrumb","itemListElement":[{"@type":"ListItem","position":1,"name":"Inicio","item":"https:\/\/fuentesfidedignas.com.mx\/"},{"@type":"ListItem","position":2,"name":"Trump advierte que se acabaron las pr\u00f3rrogas para pago de aranceles: \u2018No habr\u00e1 m\u00e1s cambios\u2019"}]},{"@type":"WebSite","@id":"https:\/\/fuentesfidedignas.com.mx\/#website","url":"https:\/\/fuentesfidedignas.com.mx\/","name":"Fuentes Fidedignas","description":"Otro sitio realizado con WordPress","publisher":{"@id":"https:\/\/fuentesfidedignas.com.mx\/#organization"},"potentialAction":[{"@type":"SearchAction","target":{"@type":"EntryPoint","urlTemplate":"https:\/\/fuentesfidedignas.com.mx\/?s={search_term_string}"},"query-input":{"@type":"PropertyValueSpecification","valueRequired":true,"valueName":"search_term_string"}}],"inLanguage":"es"},{"@type":"Organization","@id":"https:\/\/fuentesfidedignas.com.mx\/#organization","name":"Fuentes Fidedignas","url":"https:\/\/fuentesfidedignas.com.mx\/","logo":{"@type":"ImageObject","inLanguage":"es","@id":"https:\/\/fuentesfidedignas.com.mx\/#\/schema\/logo\/image\/","url":"https:\/\/fuentesfidedignas.com.mx\/wp-content\/uploads\/2021\/04\/logo-retina.png","contentUrl":"https:\/\/fuentesfidedignas.com.mx\/wp-content\/uploads\/2021\/04\/logo-retina.png","width":280,"height":51,"caption":"Fuentes Fidedignas"},"image":{"@id":"https:\/\/fuentesfidedignas.com.mx\/#\/schema\/logo\/image\/"},"sameAs":["https:\/\/www.facebook.com\/Fuentes-Fidedignas-368234489921644","https:\/\/x.com\/fidedignas"]},{"@type":"Person","@id":"https:\/\/fuentesfidedignas.com.mx\/#\/schema\/person\/0d44615087b5a626d5d3f13afe31ac41","name":"EFE","image":{"@type":"ImageObject","inLanguage":"es","@id":"https:\/\/secure.gravatar.com\/avatar\/7048c2d9b569d9bed55bb53ad23821e6e047aa66338fb6ea9868627bbb9f54e8?s=96&d=mm&r=g","url":"https:\/\/secure.gravatar.com\/avatar\/7048c2d9b569d9bed55bb53ad23821e6e047aa66338fb6ea9868627bbb9f54e8?s=96&d=mm&r=g","contentUrl":"https:\/\/secure.gravatar.com\/avatar\/7048c2d9b569d9bed55bb53ad23821e6e047aa66338fb6ea9868627bbb9f54e8?s=96&d=mm&r=g","caption":"EFE"},"url":"https:\/\/fuentesfidedignas.com.mx\/index.php\/author\/efe\/"}]}},"_links":{"self":[{"href":"https:\/\/fuentesfidedignas.com.mx\/index.php\/wp-json\/wp\/v2\/posts\/112432","targetHints":{"allow":["GET"]}}],"collection":[{"href":"https:\/\/fuentesfidedignas.com.mx\/index.php\/wp-json\/wp\/v2\/posts"}],"about":[{"href":"https:\/\/fuentesfidedignas.com.mx\/index.php\/wp-json\/wp\/v2\/types\/post"}],"author":[{"embeddable":true,"href":"https:\/\/fuentesfidedignas.com.mx\/index.php\/wp-json\/wp\/v2\/users\/22"}],"replies":[{"embeddable":true,"href":"https:\/\/fuentesfidedignas.com.mx\/index.php\/wp-json\/wp\/v2\/comments?post=112432"}],"version-history":[{"count":1,"href":"https:\/\/fuentesfidedignas.com.mx\/index.php\/wp-json\/wp\/v2\/posts\/112432\/revisions"}],"predecessor-version":[{"id":112433,"href":"https:\/\/fuentesfidedignas.com.mx\/index.php\/wp-json\/wp\/v2\/posts\/112432\/revisions\/112433"}],"wp:featuredmedia":[{"embeddable":true,"href":"https:\/\/fuentesfidedignas.com.mx\/index.php\/wp-json\/wp\/v2\/media\/112431"}],"wp:attachment":[{"href":"https:\/\/fuentesfidedignas.com.mx\/index.php\/wp-json\/wp\/v2\/media?parent=112432"}],"wp:term":[{"taxonomy":"category","embeddable":true,"href":"https:\/\/fuentesfidedignas.com.mx\/index.php\/wp-json\/wp\/v2\/categories?post=112432"},{"taxonomy":"post_tag","embeddable":true,"href":"https:\/\/fuentesfidedignas.com.mx\/index.php\/wp-json\/wp\/v2\/tags?post=112432"}],"curies":[{"name":"wp","href":"https:\/\/api.w.org\/{rel}","templated":true}]}}