{"id":112274,"date":"2025-07-06T08:44:14","date_gmt":"2025-07-06T15:44:14","guid":{"rendered":"https:\/\/fuentesfidedignas.com.mx\/?p=112274"},"modified":"2025-07-06T08:44:14","modified_gmt":"2025-07-06T15:44:14","slug":"detienen-en-edomex-a-estadounidense-con-arsenal-exclusivo-y-presunta-credencial-de-la-cia","status":"publish","type":"post","link":"https:\/\/fuentesfidedignas.com.mx\/index.php\/2025\/07\/06\/detienen-en-edomex-a-estadounidense-con-arsenal-exclusivo-y-presunta-credencial-de-la-cia\/","title":{"rendered":"Detienen en Edomex a estadounidense con arsenal exclusivo y presunta credencial de la CIA"},"content":{"rendered":"\n<p><br><strong><em>Vecinos de Atlacomulco reportaron a un hombre armado agresivo, que result\u00f3 ser un estadounidense en posesi\u00f3n de armas de uso exclusivo del Ej\u00e9rcito<\/em><\/strong><\/p>\n\n\n\n<p>Autoridades del Estado de M\u00e9xico detuvieron a un ciudadano&nbsp;<strong>estadounidense<\/strong>&nbsp;en posesi\u00f3n de un&nbsp;<strong>arsenal<\/strong>&nbsp;de uso exclusivo del Ej\u00e9rcito y una supuesta credencial de la&nbsp;<strong>CIA<\/strong>.<\/p>\n\n\n\n<p>Vecinos de la colonia Las Fuentes,&nbsp;<strong>Atlacomulco<\/strong>, reportaron a un sujeto armado, de comportamiento agresivo.<\/p>\n\n\n\n<p>Polic\u00edas se movilizaron al lugar y hallaron a un hombre en el balc\u00f3n de un departamento, que vest\u00eda un chaleco t\u00e1ctico, portaba casco, llevaba un arma larga colgada en su pecho y sosten\u00eda un cuchillo en la mano.<\/p>\n\n\n\n<p>Agentes de la Fuerza de Apoyo y Reacci\u00f3n (FAR) de la Fiscal\u00eda General de Justicia del Estado de M\u00e9xico (FGJEM) procedieron con su aseguramiento, durante lo cual el sujeto result\u00f3 herido y fue trasladado a un hospital en calidad de detenido.<\/p>\n\n\n\n<p>Tras su alta m\u00e9dica fue trasladado a la Fiscal\u00eda de Asuntos Especiales (FAE) para determinar su situaci\u00f3n legal.<\/p>\n\n\n\n<p>La Secretar\u00eda de Seguridad del Edomex&nbsp;<a href=\"https:\/\/x.com\/SS_Edomex\/status\/1941524540410167455\" target=\"_blank\" rel=\"noreferrer noopener\">inform\u00f3<\/a>&nbsp;que el hombre fue identificado como James N., de nacionalidad estadounidense.<\/p>\n\n\n\n<p>Se le aseguraron cuatro pistolas de diversos calibres; dos armas largas marca Colt calibre 5.56 mm; municiones de varios calibres; seis cargadores de arma corta y larga, as\u00ed como un cuchillo.<\/p>\n\n\n\n<p>Tambi\u00e9n se le decomisaron dos chalecos t\u00e1cticos con placas bal\u00edsticas, as\u00ed como carrilleras con c\u00e1mara digital, l\u00e1mpara y goggles con aditamentos de visi\u00f3n nocturna.<\/p>\n\n\n\n<p>Finalmente, se le hall\u00f3 una placa y credencial con la leyenda \u2018CIA\u2019, sin que se certificara su autenticidad.<\/p>\n","protected":false},"excerpt":{"rendered":"<p>Vecinos de Atlacomulco reportaron a un hombre armado agresivo, que result\u00f3 ser un estadounidense en posesi\u00f3n de armas de uso exclusivo del Ej\u00e9rcito Autoridades del Estado de M\u00e9xico detuvieron a un ciudadano&nbsp;estadounidense&nbsp;en posesi\u00f3n de un&nbsp;arsenal&nbsp;de uso exclusivo del Ej\u00e9rcito y una supuesta credencial de la&nbsp;CIA. Vecinos de la colonia Las Fuentes,&nbsp;Atlacomulco, reportaron a un sujeto [&hellip;]<\/p>\n","protected":false},"author":47,"featured_media":112273,"comment_status":"closed","ping_status":"open","sticky":false,"template":"","format":"standard","meta":{"tdm_status":"","tdm_grid_status":"","footnotes":""},"categories":[39],"tags":[],"class_list":{"0":"post-112274","1":"post","2":"type-post","3":"status-publish","4":"format-standard","5":"has-post-thumbnail","7":"category-noticias-nacionales"},"yoast_head":"<!-- This site is optimized with the Yoast SEO plugin v27.4 - https:\/\/yoast.com\/product\/yoast-seo-wordpress\/ -->\n<title>Detienen en Edomex a estadounidense con arsenal exclusivo y presunta credencial de la CIA - Fuentes Fidedignas<\/title>\n<meta name=\"robots\" content=\"index, follow, max-snippet:-1, max-image-preview:large, max-video-preview:-1\" \/>\n<link rel=\"canonical\" href=\"https:\/\/fuentesfidedignas.com.mx\/index.php\/2025\/07\/06\/detienen-en-edomex-a-estadounidense-con-arsenal-exclusivo-y-presunta-credencial-de-la-cia\/\" \/>\n<meta property=\"og:locale\" content=\"es_MX\" \/>\n<meta property=\"og:type\" content=\"article\" \/>\n<meta property=\"og:title\" content=\"Detienen en Edomex a estadounidense con arsenal exclusivo y presunta credencial de la CIA - Fuentes Fidedignas\" \/>\n<meta property=\"og:description\" content=\"Vecinos de Atlacomulco reportaron a un hombre armado agresivo, que result\u00f3 ser un estadounidense en posesi\u00f3n de armas de uso exclusivo del Ej\u00e9rcito Autoridades del Estado de M\u00e9xico detuvieron a un ciudadano&nbsp;estadounidense&nbsp;en posesi\u00f3n de un&nbsp;arsenal&nbsp;de uso exclusivo del Ej\u00e9rcito y una supuesta credencial de la&nbsp;CIA. Vecinos de la colonia Las Fuentes,&nbsp;Atlacomulco, reportaron a un sujeto [&hellip;]\" \/>\n<meta property=\"og:url\" content=\"https:\/\/fuentesfidedignas.com.mx\/index.php\/2025\/07\/06\/detienen-en-edomex-a-estadounidense-con-arsenal-exclusivo-y-presunta-credencial-de-la-cia\/\" \/>\n<meta property=\"og:site_name\" content=\"Fuentes Fidedignas\" \/>\n<meta property=\"article:publisher\" content=\"https:\/\/www.facebook.com\/Fuentes-Fidedignas-368234489921644\" \/>\n<meta property=\"article:published_time\" content=\"2025-07-06T15:44:14+00:00\" \/>\n<meta property=\"og:image\" content=\"https:\/\/fuentesfidedignas.com.mx\/wp-content\/uploads\/2025\/07\/img_0304-1.jpg\" \/>\n\t<meta property=\"og:image:width\" content=\"1200\" \/>\n\t<meta property=\"og:image:height\" content=\"675\" \/>\n\t<meta property=\"og:image:type\" content=\"image\/jpeg\" \/>\n<meta name=\"author\" content=\"L\u00f3pez D\u00f3riga\" \/>\n<meta name=\"twitter:card\" content=\"summary_large_image\" \/>\n<meta name=\"twitter:creator\" content=\"@fidedignas\" \/>\n<meta name=\"twitter:site\" content=\"@fidedignas\" \/>\n<meta name=\"twitter:label1\" content=\"Escrito por\" \/>\n\t<meta name=\"twitter:data1\" content=\"L\u00f3pez D\u00f3riga\" \/>\n\t<meta name=\"twitter:label2\" content=\"Tiempo de lectura\" \/>\n\t<meta name=\"twitter:data2\" content=\"1 minuto\" \/>\n<script type=\"application\/ld+json\" class=\"yoast-schema-graph\">{\"@context\":\"https:\\\/\\\/schema.org\",\"@graph\":[{\"@type\":\"Article\",\"@id\":\"https:\\\/\\\/fuentesfidedignas.com.mx\\\/index.php\\\/2025\\\/07\\\/06\\\/detienen-en-edomex-a-estadounidense-con-arsenal-exclusivo-y-presunta-credencial-de-la-cia\\\/#article\",\"isPartOf\":{\"@id\":\"https:\\\/\\\/fuentesfidedignas.com.mx\\\/index.php\\\/2025\\\/07\\\/06\\\/detienen-en-edomex-a-estadounidense-con-arsenal-exclusivo-y-presunta-credencial-de-la-cia\\\/\"},\"author\":{\"name\":\"L\u00f3pez D\u00f3riga\",\"@id\":\"https:\\\/\\\/fuentesfidedignas.com.mx\\\/#\\\/schema\\\/person\\\/67d852f0557c8509146a4b9ddebd543a\"},\"headline\":\"Detienen en Edomex a estadounidense con arsenal exclusivo y presunta credencial de la CIA\",\"datePublished\":\"2025-07-06T15:44:14+00:00\",\"mainEntityOfPage\":{\"@id\":\"https:\\\/\\\/fuentesfidedignas.com.mx\\\/index.php\\\/2025\\\/07\\\/06\\\/detienen-en-edomex-a-estadounidense-con-arsenal-exclusivo-y-presunta-credencial-de-la-cia\\\/\"},\"wordCount\":297,\"publisher\":{\"@id\":\"https:\\\/\\\/fuentesfidedignas.com.mx\\\/#organization\"},\"image\":{\"@id\":\"https:\\\/\\\/fuentesfidedignas.com.mx\\\/index.php\\\/2025\\\/07\\\/06\\\/detienen-en-edomex-a-estadounidense-con-arsenal-exclusivo-y-presunta-credencial-de-la-cia\\\/#primaryimage\"},\"thumbnailUrl\":\"https:\\\/\\\/fuentesfidedignas.com.mx\\\/wp-content\\\/uploads\\\/2025\\\/07\\\/img_0304-1.jpg\",\"articleSection\":[\"NOTICIAS NACIONALES\"],\"inLanguage\":\"es\"},{\"@type\":\"WebPage\",\"@id\":\"https:\\\/\\\/fuentesfidedignas.com.mx\\\/index.php\\\/2025\\\/07\\\/06\\\/detienen-en-edomex-a-estadounidense-con-arsenal-exclusivo-y-presunta-credencial-de-la-cia\\\/\",\"url\":\"https:\\\/\\\/fuentesfidedignas.com.mx\\\/index.php\\\/2025\\\/07\\\/06\\\/detienen-en-edomex-a-estadounidense-con-arsenal-exclusivo-y-presunta-credencial-de-la-cia\\\/\",\"name\":\"Detienen en Edomex a estadounidense con arsenal exclusivo y presunta credencial de la CIA - Fuentes Fidedignas\",\"isPartOf\":{\"@id\":\"https:\\\/\\\/fuentesfidedignas.com.mx\\\/#website\"},\"primaryImageOfPage\":{\"@id\":\"https:\\\/\\\/fuentesfidedignas.com.mx\\\/index.php\\\/2025\\\/07\\\/06\\\/detienen-en-edomex-a-estadounidense-con-arsenal-exclusivo-y-presunta-credencial-de-la-cia\\\/#primaryimage\"},\"image\":{\"@id\":\"https:\\\/\\\/fuentesfidedignas.com.mx\\\/index.php\\\/2025\\\/07\\\/06\\\/detienen-en-edomex-a-estadounidense-con-arsenal-exclusivo-y-presunta-credencial-de-la-cia\\\/#primaryimage\"},\"thumbnailUrl\":\"https:\\\/\\\/fuentesfidedignas.com.mx\\\/wp-content\\\/uploads\\\/2025\\\/07\\\/img_0304-1.jpg\",\"datePublished\":\"2025-07-06T15:44:14+00:00\",\"breadcrumb\":{\"@id\":\"https:\\\/\\\/fuentesfidedignas.com.mx\\\/index.php\\\/2025\\\/07\\\/06\\\/detienen-en-edomex-a-estadounidense-con-arsenal-exclusivo-y-presunta-credencial-de-la-cia\\\/#breadcrumb\"},\"inLanguage\":\"es\",\"potentialAction\":[{\"@type\":\"ReadAction\",\"target\":[\"https:\\\/\\\/fuentesfidedignas.com.mx\\\/index.php\\\/2025\\\/07\\\/06\\\/detienen-en-edomex-a-estadounidense-con-arsenal-exclusivo-y-presunta-credencial-de-la-cia\\\/\"]}]},{\"@type\":\"ImageObject\",\"inLanguage\":\"es\",\"@id\":\"https:\\\/\\\/fuentesfidedignas.com.mx\\\/index.php\\\/2025\\\/07\\\/06\\\/detienen-en-edomex-a-estadounidense-con-arsenal-exclusivo-y-presunta-credencial-de-la-cia\\\/#primaryimage\",\"url\":\"https:\\\/\\\/fuentesfidedignas.com.mx\\\/wp-content\\\/uploads\\\/2025\\\/07\\\/img_0304-1.jpg\",\"contentUrl\":\"https:\\\/\\\/fuentesfidedignas.com.mx\\\/wp-content\\\/uploads\\\/2025\\\/07\\\/img_0304-1.jpg\",\"width\":1200,\"height\":675},{\"@type\":\"BreadcrumbList\",\"@id\":\"https:\\\/\\\/fuentesfidedignas.com.mx\\\/index.php\\\/2025\\\/07\\\/06\\\/detienen-en-edomex-a-estadounidense-con-arsenal-exclusivo-y-presunta-credencial-de-la-cia\\\/#breadcrumb\",\"itemListElement\":[{\"@type\":\"ListItem\",\"position\":1,\"name\":\"Inicio\",\"item\":\"https:\\\/\\\/fuentesfidedignas.com.mx\\\/\"},{\"@type\":\"ListItem\",\"position\":2,\"name\":\"Detienen en Edomex a estadounidense con arsenal exclusivo y presunta credencial de la CIA\"}]},{\"@type\":\"WebSite\",\"@id\":\"https:\\\/\\\/fuentesfidedignas.com.mx\\\/#website\",\"url\":\"https:\\\/\\\/fuentesfidedignas.com.mx\\\/\",\"name\":\"Fuentes Fidedignas\",\"description\":\"Otro sitio realizado con WordPress\",\"publisher\":{\"@id\":\"https:\\\/\\\/fuentesfidedignas.com.mx\\\/#organization\"},\"potentialAction\":[{\"@type\":\"SearchAction\",\"target\":{\"@type\":\"EntryPoint\",\"urlTemplate\":\"https:\\\/\\\/fuentesfidedignas.com.mx\\\/?s={search_term_string}\"},\"query-input\":{\"@type\":\"PropertyValueSpecification\",\"valueRequired\":true,\"valueName\":\"search_term_string\"}}],\"inLanguage\":\"es\"},{\"@type\":\"Organization\",\"@id\":\"https:\\\/\\\/fuentesfidedignas.com.mx\\\/#organization\",\"name\":\"Fuentes Fidedignas\",\"url\":\"https:\\\/\\\/fuentesfidedignas.com.mx\\\/\",\"logo\":{\"@type\":\"ImageObject\",\"inLanguage\":\"es\",\"@id\":\"https:\\\/\\\/fuentesfidedignas.com.mx\\\/#\\\/schema\\\/logo\\\/image\\\/\",\"url\":\"https:\\\/\\\/fuentesfidedignas.com.mx\\\/wp-content\\\/uploads\\\/2021\\\/04\\\/logo-retina.png\",\"contentUrl\":\"https:\\\/\\\/fuentesfidedignas.com.mx\\\/wp-content\\\/uploads\\\/2021\\\/04\\\/logo-retina.png\",\"width\":280,\"height\":51,\"caption\":\"Fuentes Fidedignas\"},\"image\":{\"@id\":\"https:\\\/\\\/fuentesfidedignas.com.mx\\\/#\\\/schema\\\/logo\\\/image\\\/\"},\"sameAs\":[\"https:\\\/\\\/www.facebook.com\\\/Fuentes-Fidedignas-368234489921644\",\"https:\\\/\\\/x.com\\\/fidedignas\"]},{\"@type\":\"Person\",\"@id\":\"https:\\\/\\\/fuentesfidedignas.com.mx\\\/#\\\/schema\\\/person\\\/67d852f0557c8509146a4b9ddebd543a\",\"name\":\"L\u00f3pez D\u00f3riga\",\"image\":{\"@type\":\"ImageObject\",\"inLanguage\":\"es\",\"@id\":\"https:\\\/\\\/secure.gravatar.com\\\/avatar\\\/e525b06574ca18b33cded59dfe5778d6c823b9513154eff47da551b0551bdd1e?s=96&d=mm&r=g\",\"url\":\"https:\\\/\\\/secure.gravatar.com\\\/avatar\\\/e525b06574ca18b33cded59dfe5778d6c823b9513154eff47da551b0551bdd1e?s=96&d=mm&r=g\",\"contentUrl\":\"https:\\\/\\\/secure.gravatar.com\\\/avatar\\\/e525b06574ca18b33cded59dfe5778d6c823b9513154eff47da551b0551bdd1e?s=96&d=mm&r=g\",\"caption\":\"L\u00f3pez D\u00f3riga\"},\"url\":\"https:\\\/\\\/fuentesfidedignas.com.mx\\\/index.php\\\/author\\\/doriga\\\/\"}]}<\/script>\n<!-- \/ Yoast SEO plugin. -->","yoast_head_json":{"title":"Detienen en Edomex a estadounidense con arsenal exclusivo y presunta credencial de la CIA - Fuentes Fidedignas","robots":{"index":"index","follow":"follow","max-snippet":"max-snippet:-1","max-image-preview":"max-image-preview:large","max-video-preview":"max-video-preview:-1"},"canonical":"https:\/\/fuentesfidedignas.com.mx\/index.php\/2025\/07\/06\/detienen-en-edomex-a-estadounidense-con-arsenal-exclusivo-y-presunta-credencial-de-la-cia\/","og_locale":"es_MX","og_type":"article","og_title":"Detienen en Edomex a estadounidense con arsenal exclusivo y presunta credencial de la CIA - Fuentes Fidedignas","og_description":"Vecinos de Atlacomulco reportaron a un hombre armado agresivo, que result\u00f3 ser un estadounidense en posesi\u00f3n de armas de uso exclusivo del Ej\u00e9rcito Autoridades del Estado de M\u00e9xico detuvieron a un ciudadano&nbsp;estadounidense&nbsp;en posesi\u00f3n de un&nbsp;arsenal&nbsp;de uso exclusivo del Ej\u00e9rcito y una supuesta credencial de la&nbsp;CIA. Vecinos de la colonia Las Fuentes,&nbsp;Atlacomulco, reportaron a un sujeto [&hellip;]","og_url":"https:\/\/fuentesfidedignas.com.mx\/index.php\/2025\/07\/06\/detienen-en-edomex-a-estadounidense-con-arsenal-exclusivo-y-presunta-credencial-de-la-cia\/","og_site_name":"Fuentes Fidedignas","article_publisher":"https:\/\/www.facebook.com\/Fuentes-Fidedignas-368234489921644","article_published_time":"2025-07-06T15:44:14+00:00","og_image":[{"width":1200,"height":675,"url":"https:\/\/fuentesfidedignas.com.mx\/wp-content\/uploads\/2025\/07\/img_0304-1.jpg","type":"image\/jpeg"}],"author":"L\u00f3pez D\u00f3riga","twitter_card":"summary_large_image","twitter_creator":"@fidedignas","twitter_site":"@fidedignas","twitter_misc":{"Escrito por":"L\u00f3pez D\u00f3riga","Tiempo de lectura":"1 minuto"},"schema":{"@context":"https:\/\/schema.org","@graph":[{"@type":"Article","@id":"https:\/\/fuentesfidedignas.com.mx\/index.php\/2025\/07\/06\/detienen-en-edomex-a-estadounidense-con-arsenal-exclusivo-y-presunta-credencial-de-la-cia\/#article","isPartOf":{"@id":"https:\/\/fuentesfidedignas.com.mx\/index.php\/2025\/07\/06\/detienen-en-edomex-a-estadounidense-con-arsenal-exclusivo-y-presunta-credencial-de-la-cia\/"},"author":{"name":"L\u00f3pez D\u00f3riga","@id":"https:\/\/fuentesfidedignas.com.mx\/#\/schema\/person\/67d852f0557c8509146a4b9ddebd543a"},"headline":"Detienen en Edomex a estadounidense con arsenal exclusivo y presunta credencial de la CIA","datePublished":"2025-07-06T15:44:14+00:00","mainEntityOfPage":{"@id":"https:\/\/fuentesfidedignas.com.mx\/index.php\/2025\/07\/06\/detienen-en-edomex-a-estadounidense-con-arsenal-exclusivo-y-presunta-credencial-de-la-cia\/"},"wordCount":297,"publisher":{"@id":"https:\/\/fuentesfidedignas.com.mx\/#organization"},"image":{"@id":"https:\/\/fuentesfidedignas.com.mx\/index.php\/2025\/07\/06\/detienen-en-edomex-a-estadounidense-con-arsenal-exclusivo-y-presunta-credencial-de-la-cia\/#primaryimage"},"thumbnailUrl":"https:\/\/fuentesfidedignas.com.mx\/wp-content\/uploads\/2025\/07\/img_0304-1.jpg","articleSection":["NOTICIAS NACIONALES"],"inLanguage":"es"},{"@type":"WebPage","@id":"https:\/\/fuentesfidedignas.com.mx\/index.php\/2025\/07\/06\/detienen-en-edomex-a-estadounidense-con-arsenal-exclusivo-y-presunta-credencial-de-la-cia\/","url":"https:\/\/fuentesfidedignas.com.mx\/index.php\/2025\/07\/06\/detienen-en-edomex-a-estadounidense-con-arsenal-exclusivo-y-presunta-credencial-de-la-cia\/","name":"Detienen en Edomex a estadounidense con arsenal exclusivo y presunta credencial de la CIA - Fuentes Fidedignas","isPartOf":{"@id":"https:\/\/fuentesfidedignas.com.mx\/#website"},"primaryImageOfPage":{"@id":"https:\/\/fuentesfidedignas.com.mx\/index.php\/2025\/07\/06\/detienen-en-edomex-a-estadounidense-con-arsenal-exclusivo-y-presunta-credencial-de-la-cia\/#primaryimage"},"image":{"@id":"https:\/\/fuentesfidedignas.com.mx\/index.php\/2025\/07\/06\/detienen-en-edomex-a-estadounidense-con-arsenal-exclusivo-y-presunta-credencial-de-la-cia\/#primaryimage"},"thumbnailUrl":"https:\/\/fuentesfidedignas.com.mx\/wp-content\/uploads\/2025\/07\/img_0304-1.jpg","datePublished":"2025-07-06T15:44:14+00:00","breadcrumb":{"@id":"https:\/\/fuentesfidedignas.com.mx\/index.php\/2025\/07\/06\/detienen-en-edomex-a-estadounidense-con-arsenal-exclusivo-y-presunta-credencial-de-la-cia\/#breadcrumb"},"inLanguage":"es","potentialAction":[{"@type":"ReadAction","target":["https:\/\/fuentesfidedignas.com.mx\/index.php\/2025\/07\/06\/detienen-en-edomex-a-estadounidense-con-arsenal-exclusivo-y-presunta-credencial-de-la-cia\/"]}]},{"@type":"ImageObject","inLanguage":"es","@id":"https:\/\/fuentesfidedignas.com.mx\/index.php\/2025\/07\/06\/detienen-en-edomex-a-estadounidense-con-arsenal-exclusivo-y-presunta-credencial-de-la-cia\/#primaryimage","url":"https:\/\/fuentesfidedignas.com.mx\/wp-content\/uploads\/2025\/07\/img_0304-1.jpg","contentUrl":"https:\/\/fuentesfidedignas.com.mx\/wp-content\/uploads\/2025\/07\/img_0304-1.jpg","width":1200,"height":675},{"@type":"BreadcrumbList","@id":"https:\/\/fuentesfidedignas.com.mx\/index.php\/2025\/07\/06\/detienen-en-edomex-a-estadounidense-con-arsenal-exclusivo-y-presunta-credencial-de-la-cia\/#breadcrumb","itemListElement":[{"@type":"ListItem","position":1,"name":"Inicio","item":"https:\/\/fuentesfidedignas.com.mx\/"},{"@type":"ListItem","position":2,"name":"Detienen en Edomex a estadounidense con arsenal exclusivo y presunta credencial de la CIA"}]},{"@type":"WebSite","@id":"https:\/\/fuentesfidedignas.com.mx\/#website","url":"https:\/\/fuentesfidedignas.com.mx\/","name":"Fuentes Fidedignas","description":"Otro sitio realizado con WordPress","publisher":{"@id":"https:\/\/fuentesfidedignas.com.mx\/#organization"},"potentialAction":[{"@type":"SearchAction","target":{"@type":"EntryPoint","urlTemplate":"https:\/\/fuentesfidedignas.com.mx\/?s={search_term_string}"},"query-input":{"@type":"PropertyValueSpecification","valueRequired":true,"valueName":"search_term_string"}}],"inLanguage":"es"},{"@type":"Organization","@id":"https:\/\/fuentesfidedignas.com.mx\/#organization","name":"Fuentes Fidedignas","url":"https:\/\/fuentesfidedignas.com.mx\/","logo":{"@type":"ImageObject","inLanguage":"es","@id":"https:\/\/fuentesfidedignas.com.mx\/#\/schema\/logo\/image\/","url":"https:\/\/fuentesfidedignas.com.mx\/wp-content\/uploads\/2021\/04\/logo-retina.png","contentUrl":"https:\/\/fuentesfidedignas.com.mx\/wp-content\/uploads\/2021\/04\/logo-retina.png","width":280,"height":51,"caption":"Fuentes Fidedignas"},"image":{"@id":"https:\/\/fuentesfidedignas.com.mx\/#\/schema\/logo\/image\/"},"sameAs":["https:\/\/www.facebook.com\/Fuentes-Fidedignas-368234489921644","https:\/\/x.com\/fidedignas"]},{"@type":"Person","@id":"https:\/\/fuentesfidedignas.com.mx\/#\/schema\/person\/67d852f0557c8509146a4b9ddebd543a","name":"L\u00f3pez D\u00f3riga","image":{"@type":"ImageObject","inLanguage":"es","@id":"https:\/\/secure.gravatar.com\/avatar\/e525b06574ca18b33cded59dfe5778d6c823b9513154eff47da551b0551bdd1e?s=96&d=mm&r=g","url":"https:\/\/secure.gravatar.com\/avatar\/e525b06574ca18b33cded59dfe5778d6c823b9513154eff47da551b0551bdd1e?s=96&d=mm&r=g","contentUrl":"https:\/\/secure.gravatar.com\/avatar\/e525b06574ca18b33cded59dfe5778d6c823b9513154eff47da551b0551bdd1e?s=96&d=mm&r=g","caption":"L\u00f3pez D\u00f3riga"},"url":"https:\/\/fuentesfidedignas.com.mx\/index.php\/author\/doriga\/"}]}},"_links":{"self":[{"href":"https:\/\/fuentesfidedignas.com.mx\/index.php\/wp-json\/wp\/v2\/posts\/112274","targetHints":{"allow":["GET"]}}],"collection":[{"href":"https:\/\/fuentesfidedignas.com.mx\/index.php\/wp-json\/wp\/v2\/posts"}],"about":[{"href":"https:\/\/fuentesfidedignas.com.mx\/index.php\/wp-json\/wp\/v2\/types\/post"}],"author":[{"embeddable":true,"href":"https:\/\/fuentesfidedignas.com.mx\/index.php\/wp-json\/wp\/v2\/users\/47"}],"replies":[{"embeddable":true,"href":"https:\/\/fuentesfidedignas.com.mx\/index.php\/wp-json\/wp\/v2\/comments?post=112274"}],"version-history":[{"count":1,"href":"https:\/\/fuentesfidedignas.com.mx\/index.php\/wp-json\/wp\/v2\/posts\/112274\/revisions"}],"predecessor-version":[{"id":112275,"href":"https:\/\/fuentesfidedignas.com.mx\/index.php\/wp-json\/wp\/v2\/posts\/112274\/revisions\/112275"}],"wp:featuredmedia":[{"embeddable":true,"href":"https:\/\/fuentesfidedignas.com.mx\/index.php\/wp-json\/wp\/v2\/media\/112273"}],"wp:attachment":[{"href":"https:\/\/fuentesfidedignas.com.mx\/index.php\/wp-json\/wp\/v2\/media?parent=112274"}],"wp:term":[{"taxonomy":"category","embeddable":true,"href":"https:\/\/fuentesfidedignas.com.mx\/index.php\/wp-json\/wp\/v2\/categories?post=112274"},{"taxonomy":"post_tag","embeddable":true,"href":"https:\/\/fuentesfidedignas.com.mx\/index.php\/wp-json\/wp\/v2\/tags?post=112274"}],"curies":[{"name":"wp","href":"https:\/\/api.w.org\/{rel}","templated":true}]}}