{"id":112259,"date":"2025-07-06T05:17:00","date_gmt":"2025-07-06T12:17:00","guid":{"rendered":"https:\/\/fuentesfidedignas.com.mx\/?p=112259"},"modified":"2025-07-05T15:22:58","modified_gmt":"2025-07-05T22:22:58","slug":"video-mariachi-cuenta-la-vez-que-lo-contrataron-para-cantarle-a-unos-fantasmas","status":"publish","type":"post","link":"https:\/\/fuentesfidedignas.com.mx\/index.php\/2025\/07\/06\/video-mariachi-cuenta-la-vez-que-lo-contrataron-para-cantarle-a-unos-fantasmas\/","title":{"rendered":"VIDEO: Mariachi cuenta la vez que lo contrataron para cantarle a unos fantasmas"},"content":{"rendered":"\n<p><strong><em>Sebasti\u00e1n Guerrero, joven mariachi, relat\u00f3 en TikTok una escalofriante experiencia tras ser contratado para cantar en una casa oscura llena de velas e im\u00e1genes extra\u00f1as.<\/em><\/strong><\/p>\n\n\n\n<p>Los artistas, en especial aquellos que hacen presentaciones privadas, a menudo se enfrentan a situaciones impredecibles. Muchas veces no conocen con qui\u00e9n tratan ni el entorno al que llegar\u00e1n, como lo evidenci\u00f3 Sebasti\u00e1n Guerrero, un joven mariachi que comparti\u00f3 en TikTok una inquietante an\u00e9cdota.<\/p>\n\n\n\n<p>A trav\u00e9s de la cuenta @soysebasguerrero, Sebasti\u00e1n public\u00f3 un video titulado \u201cMe toca cantar a fantasmas\u201d, donde visiblemente alterado, promete contar los detalles de una experiencia que lo dej\u00f3 con los nervios de punta. La grabaci\u00f3n inicia con \u00e9l parado en una calle oscura, justo despu\u00e9s del evento que protagoniz\u00f3.<\/p>\n\n\n\n<p>Adem\u00e1s de su trabajo diario, Sebasti\u00e1n canta los fines de semana como mariachi, contratado a trav\u00e9s de una empresa que le env\u00eda las ubicaciones de los eventos. En esta ocasi\u00f3n, al llegar al lugar acordado, una mujer sali\u00f3 a recibirlo.<\/p>\n\n\n\n<p>&#8220;Estaba elegantemente vestida, como para una celebraci\u00f3n formal. Cuando le pregunt\u00f3 qui\u00e9n era el festejado, ella respondi\u00f3: &#8220;Es para toda mi familia&#8221;, lo cual no le pareci\u00f3 fuera de lo com\u00fan.<\/p>\n\n\n\n<blockquote class=\"tiktok-embed\" cite=\"https:\/\/www.tiktok.com\/@soysebasguerrero\/video\/7521590733896240392\" data-video-id=\"7521590733896240392\" style=\"max-width: 605px;min-width: 325px;\" > <section> <a target=\"_blank\" title=\"@soysebasguerrero\" href=\"https:\/\/www.tiktok.com\/@soysebasguerrero?refer=embed\">@soysebasguerrero<\/a> Diosito ya su\u00e9ltame ! Tambi\u00e9n puedo hacer otro contenido ya no me pongas historias as\u00ed \ud83d\ude2d<a title=\"fyp\" target=\"_blank\" href=\"https:\/\/www.tiktok.com\/tag\/fyp?refer=embed\">#fyp<\/a> <a title=\"soysebasguerrero\" target=\"_blank\" href=\"https:\/\/www.tiktok.com\/tag\/soysebasguerrero?refer=embed\">#soysebasguerrero<\/a> <a title=\"storytime\" target=\"_blank\" href=\"https:\/\/www.tiktok.com\/tag\/storytime?refer=embed\">#storytime<\/a> <a title=\"viral\" target=\"_blank\" href=\"https:\/\/www.tiktok.com\/tag\/viral?refer=embed\">#viral<\/a> <a title=\"ecuador\ud83c\uddea\ud83c\udde8\" target=\"_blank\" href=\"https:\/\/www.tiktok.com\/tag\/ecuador%F0%9F%87%AA%F0%9F%87%A8?refer=embed\">#ecuador\ud83c\uddea\ud83c\udde8<\/a> <a title=\"mexico\" target=\"_blank\" href=\"https:\/\/www.tiktok.com\/tag\/mexico?refer=embed\">#mexico<\/a> <a target=\"_blank\" title=\"\u266c sonido original - Sebasti\u00e1n Guerrero\" href=\"https:\/\/www.tiktok.com\/music\/sonido-original-7521591855234943745?refer=embed\">\u266c sonido original &#8211; Sebasti\u00e1n Guerrero<\/a> <\/section> <\/blockquote> <script async src=\"https:\/\/www.tiktok.com\/embed.js\"><\/script>\n\n\n\n<p>La \u00fanica condici\u00f3n que le hizo fue entrar muy alegre, ya que su familia, seg\u00fan dijo, era bastante animada. Tambi\u00e9n le pidi\u00f3 no usar el celular durante la presentaci\u00f3n porque &#8220;a ellos les incomoda&#8221;. Aunque Sebasti\u00e1n usa el tel\u00e9fono para controlar la m\u00fasica, acept\u00f3 continuar.<\/p>\n\n\n\n<p>Al ingresar al domicilio, not\u00f3 que toda la casa estaba en penumbras. No hab\u00eda luces encendidas y la mujer le pidi\u00f3 que no hiciera ruido, algo que consider\u00f3 extra\u00f1o, pero no alarmante, ya que como mariachi est\u00e1 acostumbrado a dar sorpresas.<\/p>\n\n\n\n<p>Lo condujeron a una habitaci\u00f3n. Al entrar, comenz\u00f3 su presentaci\u00f3n con un animado &#8220;\u00a1Felicidades, felicidades!&#8221;, pero pronto se dio cuenta de que no hab\u00eda nadie all\u00ed. Solo velas encendidas, im\u00e1genes extra\u00f1as y un ambiente completamente oscuro.<\/p>\n\n\n\n<p>&#8220;Me dio much\u00edsimo miedo. Reconoc\u00ed algunas im\u00e1genes que se veneran en M\u00e9xico, pero la se\u00f1ora claramente no era mexicana&#8221;, cont\u00f3 el cantante.<\/p>\n\n\n\n<p>A pesar de su incomodidad, la mujer insisti\u00f3 en que cantara.<\/p>\n\n\n\n<p>&#8220;Cante, no tenga miedo, ellos est\u00e1n aqu\u00ed. Est\u00e1n felices&#8221;, le dijo.<\/p>\n\n\n\n<p>El contrato era por siete canciones. Durante la segunda, la mujer cerr\u00f3 la puerta del cuarto, dej\u00e1ndolo solo con las velas. Sebasti\u00e1n relata que el ambiente era tan intenso que sent\u00eda c\u00f3mo el coraz\u00f3n se le sal\u00eda del pecho.<\/p>\n\n\n\n<p>Al final, la mujer le pidi\u00f3 que agradeciera por la oportunidad de cantar para ellos, pues, seg\u00fan dijo, eso le permitir\u00eda &#8220;trascender&#8221;.<\/p>\n\n\n\n<p>&#8220;Las siete canciones se me hicieron eternas. No ve\u00eda la hora de terminar. Sal\u00ed con una energ\u00eda tan pesada que, en serio, para los que somos de Ecuador, necesito que me pasen el huevo&#8221;, concluy\u00f3 el joven, haciendo referencia a una limpia espiritual.<\/p>\n","protected":false},"excerpt":{"rendered":"<p>Sebasti\u00e1n Guerrero, joven mariachi, relat\u00f3 en TikTok una escalofriante experiencia tras ser contratado para cantar en una casa oscura llena de velas e im\u00e1genes extra\u00f1as. Los artistas, en especial aquellos que hacen presentaciones privadas, a menudo se enfrentan a situaciones impredecibles. Muchas veces no conocen con qui\u00e9n tratan ni el entorno al que llegar\u00e1n, como [&hellip;]<\/p>\n","protected":false},"author":7,"featured_media":112260,"comment_status":"open","ping_status":"open","sticky":false,"template":"","format":"standard","meta":{"tdm_status":"","tdm_grid_status":"","footnotes":""},"categories":[40],"tags":[],"class_list":{"0":"post-112259","1":"post","2":"type-post","3":"status-publish","4":"format-standard","5":"has-post-thumbnail","7":"category-las-asombrosas"},"yoast_head":"<!-- This site is optimized with the Yoast SEO plugin v27.5 - https:\/\/yoast.com\/product\/yoast-seo-wordpress\/ -->\n<title>VIDEO: Mariachi cuenta la vez que lo contrataron para cantarle a unos fantasmas - Fuentes Fidedignas<\/title>\n<meta name=\"robots\" content=\"index, follow, max-snippet:-1, max-image-preview:large, max-video-preview:-1\" \/>\n<link rel=\"canonical\" href=\"https:\/\/fuentesfidedignas.com.mx\/index.php\/2025\/07\/06\/video-mariachi-cuenta-la-vez-que-lo-contrataron-para-cantarle-a-unos-fantasmas\/\" \/>\n<meta property=\"og:locale\" content=\"es_MX\" \/>\n<meta property=\"og:type\" content=\"article\" \/>\n<meta property=\"og:title\" content=\"VIDEO: Mariachi cuenta la vez que lo contrataron para cantarle a unos fantasmas - Fuentes Fidedignas\" \/>\n<meta property=\"og:description\" content=\"Sebasti\u00e1n Guerrero, joven mariachi, relat\u00f3 en TikTok una escalofriante experiencia tras ser contratado para cantar en una casa oscura llena de velas e im\u00e1genes extra\u00f1as. Los artistas, en especial aquellos que hacen presentaciones privadas, a menudo se enfrentan a situaciones impredecibles. Muchas veces no conocen con qui\u00e9n tratan ni el entorno al que llegar\u00e1n, como [&hellip;]\" \/>\n<meta property=\"og:url\" content=\"https:\/\/fuentesfidedignas.com.mx\/index.php\/2025\/07\/06\/video-mariachi-cuenta-la-vez-que-lo-contrataron-para-cantarle-a-unos-fantasmas\/\" \/>\n<meta property=\"og:site_name\" content=\"Fuentes Fidedignas\" \/>\n<meta property=\"article:publisher\" content=\"https:\/\/www.facebook.com\/Fuentes-Fidedignas-368234489921644\" \/>\n<meta property=\"article:published_time\" content=\"2025-07-06T12:17:00+00:00\" \/>\n<meta property=\"og:image\" content=\"https:\/\/fuentesfidedignas.com.mx\/wp-content\/uploads\/2025\/07\/mariachi_fantamas.jpg\" \/>\n\t<meta property=\"og:image:width\" content=\"600\" \/>\n\t<meta property=\"og:image:height\" content=\"410\" \/>\n\t<meta property=\"og:image:type\" content=\"image\/jpeg\" \/>\n<meta name=\"author\" content=\"Exc\u00e9lsior\" \/>\n<meta name=\"twitter:card\" content=\"summary_large_image\" \/>\n<meta name=\"twitter:creator\" content=\"@fidedignas\" \/>\n<meta name=\"twitter:site\" content=\"@fidedignas\" \/>\n<meta name=\"twitter:label1\" content=\"Escrito por\" \/>\n\t<meta name=\"twitter:data1\" content=\"Exc\u00e9lsior\" \/>\n\t<meta name=\"twitter:label2\" content=\"Tiempo de lectura\" \/>\n\t<meta name=\"twitter:data2\" content=\"3 minutos\" \/>\n<script type=\"application\/ld+json\" class=\"yoast-schema-graph\">{\"@context\":\"https:\\\/\\\/schema.org\",\"@graph\":[{\"@type\":\"Article\",\"@id\":\"https:\\\/\\\/fuentesfidedignas.com.mx\\\/index.php\\\/2025\\\/07\\\/06\\\/video-mariachi-cuenta-la-vez-que-lo-contrataron-para-cantarle-a-unos-fantasmas\\\/#article\",\"isPartOf\":{\"@id\":\"https:\\\/\\\/fuentesfidedignas.com.mx\\\/index.php\\\/2025\\\/07\\\/06\\\/video-mariachi-cuenta-la-vez-que-lo-contrataron-para-cantarle-a-unos-fantasmas\\\/\"},\"author\":{\"name\":\"Exc\u00e9lsior\",\"@id\":\"https:\\\/\\\/fuentesfidedignas.com.mx\\\/#\\\/schema\\\/person\\\/ec4edd1fbf5efa3e44fce34fe2787780\"},\"headline\":\"VIDEO: Mariachi cuenta la vez que lo contrataron para cantarle a unos fantasmas\",\"datePublished\":\"2025-07-06T12:17:00+00:00\",\"mainEntityOfPage\":{\"@id\":\"https:\\\/\\\/fuentesfidedignas.com.mx\\\/index.php\\\/2025\\\/07\\\/06\\\/video-mariachi-cuenta-la-vez-que-lo-contrataron-para-cantarle-a-unos-fantasmas\\\/\"},\"wordCount\":551,\"commentCount\":0,\"publisher\":{\"@id\":\"https:\\\/\\\/fuentesfidedignas.com.mx\\\/#organization\"},\"image\":{\"@id\":\"https:\\\/\\\/fuentesfidedignas.com.mx\\\/index.php\\\/2025\\\/07\\\/06\\\/video-mariachi-cuenta-la-vez-que-lo-contrataron-para-cantarle-a-unos-fantasmas\\\/#primaryimage\"},\"thumbnailUrl\":\"https:\\\/\\\/fuentesfidedignas.com.mx\\\/wp-content\\\/uploads\\\/2025\\\/07\\\/mariachi_fantamas.jpg\",\"articleSection\":[\"LAS ASOMBROSAS\"],\"inLanguage\":\"es\",\"potentialAction\":[{\"@type\":\"CommentAction\",\"name\":\"Comment\",\"target\":[\"https:\\\/\\\/fuentesfidedignas.com.mx\\\/index.php\\\/2025\\\/07\\\/06\\\/video-mariachi-cuenta-la-vez-que-lo-contrataron-para-cantarle-a-unos-fantasmas\\\/#respond\"]}]},{\"@type\":\"WebPage\",\"@id\":\"https:\\\/\\\/fuentesfidedignas.com.mx\\\/index.php\\\/2025\\\/07\\\/06\\\/video-mariachi-cuenta-la-vez-que-lo-contrataron-para-cantarle-a-unos-fantasmas\\\/\",\"url\":\"https:\\\/\\\/fuentesfidedignas.com.mx\\\/index.php\\\/2025\\\/07\\\/06\\\/video-mariachi-cuenta-la-vez-que-lo-contrataron-para-cantarle-a-unos-fantasmas\\\/\",\"name\":\"VIDEO: Mariachi cuenta la vez que lo contrataron para cantarle a unos fantasmas - Fuentes Fidedignas\",\"isPartOf\":{\"@id\":\"https:\\\/\\\/fuentesfidedignas.com.mx\\\/#website\"},\"primaryImageOfPage\":{\"@id\":\"https:\\\/\\\/fuentesfidedignas.com.mx\\\/index.php\\\/2025\\\/07\\\/06\\\/video-mariachi-cuenta-la-vez-que-lo-contrataron-para-cantarle-a-unos-fantasmas\\\/#primaryimage\"},\"image\":{\"@id\":\"https:\\\/\\\/fuentesfidedignas.com.mx\\\/index.php\\\/2025\\\/07\\\/06\\\/video-mariachi-cuenta-la-vez-que-lo-contrataron-para-cantarle-a-unos-fantasmas\\\/#primaryimage\"},\"thumbnailUrl\":\"https:\\\/\\\/fuentesfidedignas.com.mx\\\/wp-content\\\/uploads\\\/2025\\\/07\\\/mariachi_fantamas.jpg\",\"datePublished\":\"2025-07-06T12:17:00+00:00\",\"breadcrumb\":{\"@id\":\"https:\\\/\\\/fuentesfidedignas.com.mx\\\/index.php\\\/2025\\\/07\\\/06\\\/video-mariachi-cuenta-la-vez-que-lo-contrataron-para-cantarle-a-unos-fantasmas\\\/#breadcrumb\"},\"inLanguage\":\"es\",\"potentialAction\":[{\"@type\":\"ReadAction\",\"target\":[\"https:\\\/\\\/fuentesfidedignas.com.mx\\\/index.php\\\/2025\\\/07\\\/06\\\/video-mariachi-cuenta-la-vez-que-lo-contrataron-para-cantarle-a-unos-fantasmas\\\/\"]}]},{\"@type\":\"ImageObject\",\"inLanguage\":\"es\",\"@id\":\"https:\\\/\\\/fuentesfidedignas.com.mx\\\/index.php\\\/2025\\\/07\\\/06\\\/video-mariachi-cuenta-la-vez-que-lo-contrataron-para-cantarle-a-unos-fantasmas\\\/#primaryimage\",\"url\":\"https:\\\/\\\/fuentesfidedignas.com.mx\\\/wp-content\\\/uploads\\\/2025\\\/07\\\/mariachi_fantamas.jpg\",\"contentUrl\":\"https:\\\/\\\/fuentesfidedignas.com.mx\\\/wp-content\\\/uploads\\\/2025\\\/07\\\/mariachi_fantamas.jpg\",\"width\":600,\"height\":410},{\"@type\":\"BreadcrumbList\",\"@id\":\"https:\\\/\\\/fuentesfidedignas.com.mx\\\/index.php\\\/2025\\\/07\\\/06\\\/video-mariachi-cuenta-la-vez-que-lo-contrataron-para-cantarle-a-unos-fantasmas\\\/#breadcrumb\",\"itemListElement\":[{\"@type\":\"ListItem\",\"position\":1,\"name\":\"Inicio\",\"item\":\"https:\\\/\\\/fuentesfidedignas.com.mx\\\/\"},{\"@type\":\"ListItem\",\"position\":2,\"name\":\"VIDEO: Mariachi cuenta la vez que lo contrataron para cantarle a unos fantasmas\"}]},{\"@type\":\"WebSite\",\"@id\":\"https:\\\/\\\/fuentesfidedignas.com.mx\\\/#website\",\"url\":\"https:\\\/\\\/fuentesfidedignas.com.mx\\\/\",\"name\":\"Fuentes Fidedignas\",\"description\":\"Otro sitio realizado con WordPress\",\"publisher\":{\"@id\":\"https:\\\/\\\/fuentesfidedignas.com.mx\\\/#organization\"},\"potentialAction\":[{\"@type\":\"SearchAction\",\"target\":{\"@type\":\"EntryPoint\",\"urlTemplate\":\"https:\\\/\\\/fuentesfidedignas.com.mx\\\/?s={search_term_string}\"},\"query-input\":{\"@type\":\"PropertyValueSpecification\",\"valueRequired\":true,\"valueName\":\"search_term_string\"}}],\"inLanguage\":\"es\"},{\"@type\":\"Organization\",\"@id\":\"https:\\\/\\\/fuentesfidedignas.com.mx\\\/#organization\",\"name\":\"Fuentes Fidedignas\",\"url\":\"https:\\\/\\\/fuentesfidedignas.com.mx\\\/\",\"logo\":{\"@type\":\"ImageObject\",\"inLanguage\":\"es\",\"@id\":\"https:\\\/\\\/fuentesfidedignas.com.mx\\\/#\\\/schema\\\/logo\\\/image\\\/\",\"url\":\"https:\\\/\\\/fuentesfidedignas.com.mx\\\/wp-content\\\/uploads\\\/2021\\\/04\\\/logo-retina.png\",\"contentUrl\":\"https:\\\/\\\/fuentesfidedignas.com.mx\\\/wp-content\\\/uploads\\\/2021\\\/04\\\/logo-retina.png\",\"width\":280,\"height\":51,\"caption\":\"Fuentes Fidedignas\"},\"image\":{\"@id\":\"https:\\\/\\\/fuentesfidedignas.com.mx\\\/#\\\/schema\\\/logo\\\/image\\\/\"},\"sameAs\":[\"https:\\\/\\\/www.facebook.com\\\/Fuentes-Fidedignas-368234489921644\",\"https:\\\/\\\/x.com\\\/fidedignas\"]},{\"@type\":\"Person\",\"@id\":\"https:\\\/\\\/fuentesfidedignas.com.mx\\\/#\\\/schema\\\/person\\\/ec4edd1fbf5efa3e44fce34fe2787780\",\"name\":\"Exc\u00e9lsior\",\"image\":{\"@type\":\"ImageObject\",\"inLanguage\":\"es\",\"@id\":\"https:\\\/\\\/secure.gravatar.com\\\/avatar\\\/4b7ee9206b48be08447852b3f0814dbc7c0f3b51541b164f1464a2725614020b?s=96&d=mm&r=g\",\"url\":\"https:\\\/\\\/secure.gravatar.com\\\/avatar\\\/4b7ee9206b48be08447852b3f0814dbc7c0f3b51541b164f1464a2725614020b?s=96&d=mm&r=g\",\"contentUrl\":\"https:\\\/\\\/secure.gravatar.com\\\/avatar\\\/4b7ee9206b48be08447852b3f0814dbc7c0f3b51541b164f1464a2725614020b?s=96&d=mm&r=g\",\"caption\":\"Exc\u00e9lsior\"},\"url\":\"https:\\\/\\\/fuentesfidedignas.com.mx\\\/index.php\\\/author\\\/excelsior\\\/\"}]}<\/script>\n<!-- \/ Yoast SEO plugin. -->","yoast_head_json":{"title":"VIDEO: Mariachi cuenta la vez que lo contrataron para cantarle a unos fantasmas - Fuentes Fidedignas","robots":{"index":"index","follow":"follow","max-snippet":"max-snippet:-1","max-image-preview":"max-image-preview:large","max-video-preview":"max-video-preview:-1"},"canonical":"https:\/\/fuentesfidedignas.com.mx\/index.php\/2025\/07\/06\/video-mariachi-cuenta-la-vez-que-lo-contrataron-para-cantarle-a-unos-fantasmas\/","og_locale":"es_MX","og_type":"article","og_title":"VIDEO: Mariachi cuenta la vez que lo contrataron para cantarle a unos fantasmas - Fuentes Fidedignas","og_description":"Sebasti\u00e1n Guerrero, joven mariachi, relat\u00f3 en TikTok una escalofriante experiencia tras ser contratado para cantar en una casa oscura llena de velas e im\u00e1genes extra\u00f1as. Los artistas, en especial aquellos que hacen presentaciones privadas, a menudo se enfrentan a situaciones impredecibles. Muchas veces no conocen con qui\u00e9n tratan ni el entorno al que llegar\u00e1n, como [&hellip;]","og_url":"https:\/\/fuentesfidedignas.com.mx\/index.php\/2025\/07\/06\/video-mariachi-cuenta-la-vez-que-lo-contrataron-para-cantarle-a-unos-fantasmas\/","og_site_name":"Fuentes Fidedignas","article_publisher":"https:\/\/www.facebook.com\/Fuentes-Fidedignas-368234489921644","article_published_time":"2025-07-06T12:17:00+00:00","og_image":[{"width":600,"height":410,"url":"https:\/\/fuentesfidedignas.com.mx\/wp-content\/uploads\/2025\/07\/mariachi_fantamas.jpg","type":"image\/jpeg"}],"author":"Exc\u00e9lsior","twitter_card":"summary_large_image","twitter_creator":"@fidedignas","twitter_site":"@fidedignas","twitter_misc":{"Escrito por":"Exc\u00e9lsior","Tiempo de lectura":"3 minutos"},"schema":{"@context":"https:\/\/schema.org","@graph":[{"@type":"Article","@id":"https:\/\/fuentesfidedignas.com.mx\/index.php\/2025\/07\/06\/video-mariachi-cuenta-la-vez-que-lo-contrataron-para-cantarle-a-unos-fantasmas\/#article","isPartOf":{"@id":"https:\/\/fuentesfidedignas.com.mx\/index.php\/2025\/07\/06\/video-mariachi-cuenta-la-vez-que-lo-contrataron-para-cantarle-a-unos-fantasmas\/"},"author":{"name":"Exc\u00e9lsior","@id":"https:\/\/fuentesfidedignas.com.mx\/#\/schema\/person\/ec4edd1fbf5efa3e44fce34fe2787780"},"headline":"VIDEO: Mariachi cuenta la vez que lo contrataron para cantarle a unos fantasmas","datePublished":"2025-07-06T12:17:00+00:00","mainEntityOfPage":{"@id":"https:\/\/fuentesfidedignas.com.mx\/index.php\/2025\/07\/06\/video-mariachi-cuenta-la-vez-que-lo-contrataron-para-cantarle-a-unos-fantasmas\/"},"wordCount":551,"commentCount":0,"publisher":{"@id":"https:\/\/fuentesfidedignas.com.mx\/#organization"},"image":{"@id":"https:\/\/fuentesfidedignas.com.mx\/index.php\/2025\/07\/06\/video-mariachi-cuenta-la-vez-que-lo-contrataron-para-cantarle-a-unos-fantasmas\/#primaryimage"},"thumbnailUrl":"https:\/\/fuentesfidedignas.com.mx\/wp-content\/uploads\/2025\/07\/mariachi_fantamas.jpg","articleSection":["LAS ASOMBROSAS"],"inLanguage":"es","potentialAction":[{"@type":"CommentAction","name":"Comment","target":["https:\/\/fuentesfidedignas.com.mx\/index.php\/2025\/07\/06\/video-mariachi-cuenta-la-vez-que-lo-contrataron-para-cantarle-a-unos-fantasmas\/#respond"]}]},{"@type":"WebPage","@id":"https:\/\/fuentesfidedignas.com.mx\/index.php\/2025\/07\/06\/video-mariachi-cuenta-la-vez-que-lo-contrataron-para-cantarle-a-unos-fantasmas\/","url":"https:\/\/fuentesfidedignas.com.mx\/index.php\/2025\/07\/06\/video-mariachi-cuenta-la-vez-que-lo-contrataron-para-cantarle-a-unos-fantasmas\/","name":"VIDEO: Mariachi cuenta la vez que lo contrataron para cantarle a unos fantasmas - Fuentes Fidedignas","isPartOf":{"@id":"https:\/\/fuentesfidedignas.com.mx\/#website"},"primaryImageOfPage":{"@id":"https:\/\/fuentesfidedignas.com.mx\/index.php\/2025\/07\/06\/video-mariachi-cuenta-la-vez-que-lo-contrataron-para-cantarle-a-unos-fantasmas\/#primaryimage"},"image":{"@id":"https:\/\/fuentesfidedignas.com.mx\/index.php\/2025\/07\/06\/video-mariachi-cuenta-la-vez-que-lo-contrataron-para-cantarle-a-unos-fantasmas\/#primaryimage"},"thumbnailUrl":"https:\/\/fuentesfidedignas.com.mx\/wp-content\/uploads\/2025\/07\/mariachi_fantamas.jpg","datePublished":"2025-07-06T12:17:00+00:00","breadcrumb":{"@id":"https:\/\/fuentesfidedignas.com.mx\/index.php\/2025\/07\/06\/video-mariachi-cuenta-la-vez-que-lo-contrataron-para-cantarle-a-unos-fantasmas\/#breadcrumb"},"inLanguage":"es","potentialAction":[{"@type":"ReadAction","target":["https:\/\/fuentesfidedignas.com.mx\/index.php\/2025\/07\/06\/video-mariachi-cuenta-la-vez-que-lo-contrataron-para-cantarle-a-unos-fantasmas\/"]}]},{"@type":"ImageObject","inLanguage":"es","@id":"https:\/\/fuentesfidedignas.com.mx\/index.php\/2025\/07\/06\/video-mariachi-cuenta-la-vez-que-lo-contrataron-para-cantarle-a-unos-fantasmas\/#primaryimage","url":"https:\/\/fuentesfidedignas.com.mx\/wp-content\/uploads\/2025\/07\/mariachi_fantamas.jpg","contentUrl":"https:\/\/fuentesfidedignas.com.mx\/wp-content\/uploads\/2025\/07\/mariachi_fantamas.jpg","width":600,"height":410},{"@type":"BreadcrumbList","@id":"https:\/\/fuentesfidedignas.com.mx\/index.php\/2025\/07\/06\/video-mariachi-cuenta-la-vez-que-lo-contrataron-para-cantarle-a-unos-fantasmas\/#breadcrumb","itemListElement":[{"@type":"ListItem","position":1,"name":"Inicio","item":"https:\/\/fuentesfidedignas.com.mx\/"},{"@type":"ListItem","position":2,"name":"VIDEO: Mariachi cuenta la vez que lo contrataron para cantarle a unos fantasmas"}]},{"@type":"WebSite","@id":"https:\/\/fuentesfidedignas.com.mx\/#website","url":"https:\/\/fuentesfidedignas.com.mx\/","name":"Fuentes Fidedignas","description":"Otro sitio realizado con WordPress","publisher":{"@id":"https:\/\/fuentesfidedignas.com.mx\/#organization"},"potentialAction":[{"@type":"SearchAction","target":{"@type":"EntryPoint","urlTemplate":"https:\/\/fuentesfidedignas.com.mx\/?s={search_term_string}"},"query-input":{"@type":"PropertyValueSpecification","valueRequired":true,"valueName":"search_term_string"}}],"inLanguage":"es"},{"@type":"Organization","@id":"https:\/\/fuentesfidedignas.com.mx\/#organization","name":"Fuentes Fidedignas","url":"https:\/\/fuentesfidedignas.com.mx\/","logo":{"@type":"ImageObject","inLanguage":"es","@id":"https:\/\/fuentesfidedignas.com.mx\/#\/schema\/logo\/image\/","url":"https:\/\/fuentesfidedignas.com.mx\/wp-content\/uploads\/2021\/04\/logo-retina.png","contentUrl":"https:\/\/fuentesfidedignas.com.mx\/wp-content\/uploads\/2021\/04\/logo-retina.png","width":280,"height":51,"caption":"Fuentes Fidedignas"},"image":{"@id":"https:\/\/fuentesfidedignas.com.mx\/#\/schema\/logo\/image\/"},"sameAs":["https:\/\/www.facebook.com\/Fuentes-Fidedignas-368234489921644","https:\/\/x.com\/fidedignas"]},{"@type":"Person","@id":"https:\/\/fuentesfidedignas.com.mx\/#\/schema\/person\/ec4edd1fbf5efa3e44fce34fe2787780","name":"Exc\u00e9lsior","image":{"@type":"ImageObject","inLanguage":"es","@id":"https:\/\/secure.gravatar.com\/avatar\/4b7ee9206b48be08447852b3f0814dbc7c0f3b51541b164f1464a2725614020b?s=96&d=mm&r=g","url":"https:\/\/secure.gravatar.com\/avatar\/4b7ee9206b48be08447852b3f0814dbc7c0f3b51541b164f1464a2725614020b?s=96&d=mm&r=g","contentUrl":"https:\/\/secure.gravatar.com\/avatar\/4b7ee9206b48be08447852b3f0814dbc7c0f3b51541b164f1464a2725614020b?s=96&d=mm&r=g","caption":"Exc\u00e9lsior"},"url":"https:\/\/fuentesfidedignas.com.mx\/index.php\/author\/excelsior\/"}]}},"_links":{"self":[{"href":"https:\/\/fuentesfidedignas.com.mx\/index.php\/wp-json\/wp\/v2\/posts\/112259","targetHints":{"allow":["GET"]}}],"collection":[{"href":"https:\/\/fuentesfidedignas.com.mx\/index.php\/wp-json\/wp\/v2\/posts"}],"about":[{"href":"https:\/\/fuentesfidedignas.com.mx\/index.php\/wp-json\/wp\/v2\/types\/post"}],"author":[{"embeddable":true,"href":"https:\/\/fuentesfidedignas.com.mx\/index.php\/wp-json\/wp\/v2\/users\/7"}],"replies":[{"embeddable":true,"href":"https:\/\/fuentesfidedignas.com.mx\/index.php\/wp-json\/wp\/v2\/comments?post=112259"}],"version-history":[{"count":1,"href":"https:\/\/fuentesfidedignas.com.mx\/index.php\/wp-json\/wp\/v2\/posts\/112259\/revisions"}],"predecessor-version":[{"id":112261,"href":"https:\/\/fuentesfidedignas.com.mx\/index.php\/wp-json\/wp\/v2\/posts\/112259\/revisions\/112261"}],"wp:featuredmedia":[{"embeddable":true,"href":"https:\/\/fuentesfidedignas.com.mx\/index.php\/wp-json\/wp\/v2\/media\/112260"}],"wp:attachment":[{"href":"https:\/\/fuentesfidedignas.com.mx\/index.php\/wp-json\/wp\/v2\/media?parent=112259"}],"wp:term":[{"taxonomy":"category","embeddable":true,"href":"https:\/\/fuentesfidedignas.com.mx\/index.php\/wp-json\/wp\/v2\/categories?post=112259"},{"taxonomy":"post_tag","embeddable":true,"href":"https:\/\/fuentesfidedignas.com.mx\/index.php\/wp-json\/wp\/v2\/tags?post=112259"}],"curies":[{"name":"wp","href":"https:\/\/api.w.org\/{rel}","templated":true}]}}