{"id":112226,"date":"2025-07-05T09:47:32","date_gmt":"2025-07-05T16:47:32","guid":{"rendered":"https:\/\/fuentesfidedignas.com.mx\/?p=112226"},"modified":"2025-07-05T09:47:35","modified_gmt":"2025-07-05T16:47:35","slug":"un-muerto-y-6-heridos-en-un-tiroteo-en-indianapolis-eu","status":"publish","type":"post","link":"https:\/\/fuentesfidedignas.com.mx\/index.php\/2025\/07\/05\/un-muerto-y-6-heridos-en-un-tiroteo-en-indianapolis-eu\/","title":{"rendered":"Un muerto y 6 heridos en un tiroteo en Indian\u00e1polis, EU"},"content":{"rendered":"\n<p><strong><em>La persona fallecida, un joven cuya edad no se ha informado, muri\u00f3 en el lugar; tres v\u00edctimas son menores.<\/em><\/strong><\/p>\n\n\n\n<p>Una persona muri\u00f3 y otras seis resultaron heridas en un tiroteo en la ciudad estadounidense de Indianapolis este s\u00e1bado, luego de las celebraciones del D\u00eda de la Independencia, inform\u00f3 la polic\u00eda. La persona fallecida, un joven cuya edad no se ha informado, muri\u00f3 en el lugar.<\/p>\n\n\n\n<p>Cinco heridos fueron trasladados a hospitales y otro, en condici\u00f3n estable, lleg\u00f3 por sus propios medios a un centro de salud, refiri\u00f3 en una rueda de prensa Tanya Terry, vicedirectora de operaciones de la polic\u00eda. El tiroteo ocurri\u00f3 cerca de las 01:27 de la ma\u00f1ana (locales). Tres de las v\u00edctimas son menores de edad.<\/p>\n\n\n\n<p>El jefe de la polic\u00eda de Indianapolis, Chris Bailey, conden\u00f3 los recurrentes episodios de violencia en el centro de la ciudad, especialmente los que involucran a menores.<\/p>\n\n\n\n<p>&#8220;Un chico muri\u00f3 anoche. Es inaceptable&#8221;, dijo Bailey.<\/p>\n\n\n\n<blockquote class=\"twitter-tweet\"><p lang=\"en\" dir=\"ltr\">UPDATE:<br>Channel2 Now is reporting that at least two people have been killed following the shooting incident in downtown Indianapolis, Indiana.<br>At least 6 others have sustained injuries.<br>It is still unclear if the suspect is in custody.<br>This information is still unconfirmed. <a href=\"https:\/\/t.co\/JPli5lLqGa\">pic.twitter.com\/JPli5lLqGa<\/a><\/p>&mdash; FlashFeed (@FlashFeed365) <a href=\"https:\/\/twitter.com\/FlashFeed365\/status\/1941388150817046959?ref_src=twsrc%5Etfw\">July 5, 2025<\/a><\/blockquote> <script async src=\"https:\/\/platform.twitter.com\/widgets.js\" charset=\"utf-8\"><\/script>\n\n\n\n<p>Unas 20 personas han sido detenidas y se le han incautado armas de fuego a varios j\u00f3venes, incluyendo un rifle de asalto, detall\u00f3 el jefe policial. Cientos de personas acudieron al centro de Indianapolis la noche del viernes para ver los fuegos artificiales con los que se celebr\u00f3 el 4 de julio.<\/p>\n\n\n\n<p>Pero mientras la mayor\u00eda se retir\u00f3 en paz, algunos se quedaron y &#8220;causaron disturbios&#8221;, dijo Bailey al criticar a las familias que dejan a &#8220;cientos de chicos sin supervisi\u00f3n&#8221;.<\/p>\n\n\n\n<p>&#8220;Nosotros no somos los cuidadores de sus hijos, son ustedes&#8221;, enfatiz\u00f3.<\/p>\n\n\n\n<p>Los tiroteos son frecuentes en Estados Unidos, donde hay pocas restricciones a la venta de armas. Este a\u00f1o han ocurrido 189 tiroteos masivos (con cuatro muertos o m\u00e1s), seg\u00fan el Archivo de Violencia Armada.<\/p>\n","protected":false},"excerpt":{"rendered":"<p>La persona fallecida, un joven cuya edad no se ha informado, muri\u00f3 en el lugar; tres v\u00edctimas son menores. Una persona muri\u00f3 y otras seis resultaron heridas en un tiroteo en la ciudad estadounidense de Indianapolis este s\u00e1bado, luego de las celebraciones del D\u00eda de la Independencia, inform\u00f3 la polic\u00eda. La persona fallecida, un joven [&hellip;]<\/p>\n","protected":false},"author":12,"featured_media":112227,"comment_status":"open","ping_status":"open","sticky":false,"template":"","format":"standard","meta":{"tdm_status":"","tdm_grid_status":"","footnotes":""},"categories":[39],"tags":[],"class_list":{"0":"post-112226","1":"post","2":"type-post","3":"status-publish","4":"format-standard","5":"has-post-thumbnail","7":"category-noticias-nacionales"},"yoast_head":"<!-- This site is optimized with the Yoast SEO plugin v27.5 - https:\/\/yoast.com\/product\/yoast-seo-wordpress\/ -->\n<title>Un muerto y 6 heridos en un tiroteo en Indian\u00e1polis, EU - Fuentes Fidedignas<\/title>\n<meta name=\"robots\" content=\"index, follow, max-snippet:-1, max-image-preview:large, max-video-preview:-1\" \/>\n<link rel=\"canonical\" href=\"https:\/\/fuentesfidedignas.com.mx\/index.php\/2025\/07\/05\/un-muerto-y-6-heridos-en-un-tiroteo-en-indianapolis-eu\/\" \/>\n<meta property=\"og:locale\" content=\"es_MX\" \/>\n<meta property=\"og:type\" content=\"article\" \/>\n<meta property=\"og:title\" content=\"Un muerto y 6 heridos en un tiroteo en Indian\u00e1polis, EU - Fuentes Fidedignas\" \/>\n<meta property=\"og:description\" content=\"La persona fallecida, un joven cuya edad no se ha informado, muri\u00f3 en el lugar; tres v\u00edctimas son menores. Una persona muri\u00f3 y otras seis resultaron heridas en un tiroteo en la ciudad estadounidense de Indianapolis este s\u00e1bado, luego de las celebraciones del D\u00eda de la Independencia, inform\u00f3 la polic\u00eda. La persona fallecida, un joven [&hellip;]\" \/>\n<meta property=\"og:url\" content=\"https:\/\/fuentesfidedignas.com.mx\/index.php\/2025\/07\/05\/un-muerto-y-6-heridos-en-un-tiroteo-en-indianapolis-eu\/\" \/>\n<meta property=\"og:site_name\" content=\"Fuentes Fidedignas\" \/>\n<meta property=\"article:publisher\" content=\"https:\/\/www.facebook.com\/Fuentes-Fidedignas-368234489921644\" \/>\n<meta property=\"article:published_time\" content=\"2025-07-05T16:47:32+00:00\" \/>\n<meta property=\"article:modified_time\" content=\"2025-07-05T16:47:35+00:00\" \/>\n<meta property=\"og:image\" content=\"https:\/\/fuentesfidedignas.com.mx\/wp-content\/uploads\/2025\/07\/tiroteo_EU0507.jpg\" \/>\n\t<meta property=\"og:image:width\" content=\"600\" \/>\n\t<meta property=\"og:image:height\" content=\"407\" \/>\n\t<meta property=\"og:image:type\" content=\"image\/jpeg\" \/>\n<meta name=\"author\" content=\"AFP\" \/>\n<meta name=\"twitter:card\" content=\"summary_large_image\" \/>\n<meta name=\"twitter:creator\" content=\"@fidedignas\" \/>\n<meta name=\"twitter:site\" content=\"@fidedignas\" \/>\n<meta name=\"twitter:label1\" content=\"Escrito por\" \/>\n\t<meta name=\"twitter:data1\" content=\"AFP\" \/>\n\t<meta name=\"twitter:label2\" content=\"Tiempo de lectura\" \/>\n\t<meta name=\"twitter:data2\" content=\"2 minutos\" \/>\n<script type=\"application\/ld+json\" class=\"yoast-schema-graph\">{\"@context\":\"https:\\\/\\\/schema.org\",\"@graph\":[{\"@type\":\"Article\",\"@id\":\"https:\\\/\\\/fuentesfidedignas.com.mx\\\/index.php\\\/2025\\\/07\\\/05\\\/un-muerto-y-6-heridos-en-un-tiroteo-en-indianapolis-eu\\\/#article\",\"isPartOf\":{\"@id\":\"https:\\\/\\\/fuentesfidedignas.com.mx\\\/index.php\\\/2025\\\/07\\\/05\\\/un-muerto-y-6-heridos-en-un-tiroteo-en-indianapolis-eu\\\/\"},\"author\":{\"name\":\"AFP\",\"@id\":\"https:\\\/\\\/fuentesfidedignas.com.mx\\\/#\\\/schema\\\/person\\\/1827b38c6cf89e1d6cc7d78ca3fae732\"},\"headline\":\"Un muerto y 6 heridos en un tiroteo en Indian\u00e1polis, EU\",\"datePublished\":\"2025-07-05T16:47:32+00:00\",\"dateModified\":\"2025-07-05T16:47:35+00:00\",\"mainEntityOfPage\":{\"@id\":\"https:\\\/\\\/fuentesfidedignas.com.mx\\\/index.php\\\/2025\\\/07\\\/05\\\/un-muerto-y-6-heridos-en-un-tiroteo-en-indianapolis-eu\\\/\"},\"wordCount\":353,\"commentCount\":0,\"publisher\":{\"@id\":\"https:\\\/\\\/fuentesfidedignas.com.mx\\\/#organization\"},\"image\":{\"@id\":\"https:\\\/\\\/fuentesfidedignas.com.mx\\\/index.php\\\/2025\\\/07\\\/05\\\/un-muerto-y-6-heridos-en-un-tiroteo-en-indianapolis-eu\\\/#primaryimage\"},\"thumbnailUrl\":\"https:\\\/\\\/fuentesfidedignas.com.mx\\\/wp-content\\\/uploads\\\/2025\\\/07\\\/tiroteo_EU0507.jpg\",\"articleSection\":[\"NOTICIAS NACIONALES\"],\"inLanguage\":\"es\",\"potentialAction\":[{\"@type\":\"CommentAction\",\"name\":\"Comment\",\"target\":[\"https:\\\/\\\/fuentesfidedignas.com.mx\\\/index.php\\\/2025\\\/07\\\/05\\\/un-muerto-y-6-heridos-en-un-tiroteo-en-indianapolis-eu\\\/#respond\"]}]},{\"@type\":\"WebPage\",\"@id\":\"https:\\\/\\\/fuentesfidedignas.com.mx\\\/index.php\\\/2025\\\/07\\\/05\\\/un-muerto-y-6-heridos-en-un-tiroteo-en-indianapolis-eu\\\/\",\"url\":\"https:\\\/\\\/fuentesfidedignas.com.mx\\\/index.php\\\/2025\\\/07\\\/05\\\/un-muerto-y-6-heridos-en-un-tiroteo-en-indianapolis-eu\\\/\",\"name\":\"Un muerto y 6 heridos en un tiroteo en Indian\u00e1polis, EU - Fuentes Fidedignas\",\"isPartOf\":{\"@id\":\"https:\\\/\\\/fuentesfidedignas.com.mx\\\/#website\"},\"primaryImageOfPage\":{\"@id\":\"https:\\\/\\\/fuentesfidedignas.com.mx\\\/index.php\\\/2025\\\/07\\\/05\\\/un-muerto-y-6-heridos-en-un-tiroteo-en-indianapolis-eu\\\/#primaryimage\"},\"image\":{\"@id\":\"https:\\\/\\\/fuentesfidedignas.com.mx\\\/index.php\\\/2025\\\/07\\\/05\\\/un-muerto-y-6-heridos-en-un-tiroteo-en-indianapolis-eu\\\/#primaryimage\"},\"thumbnailUrl\":\"https:\\\/\\\/fuentesfidedignas.com.mx\\\/wp-content\\\/uploads\\\/2025\\\/07\\\/tiroteo_EU0507.jpg\",\"datePublished\":\"2025-07-05T16:47:32+00:00\",\"dateModified\":\"2025-07-05T16:47:35+00:00\",\"breadcrumb\":{\"@id\":\"https:\\\/\\\/fuentesfidedignas.com.mx\\\/index.php\\\/2025\\\/07\\\/05\\\/un-muerto-y-6-heridos-en-un-tiroteo-en-indianapolis-eu\\\/#breadcrumb\"},\"inLanguage\":\"es\",\"potentialAction\":[{\"@type\":\"ReadAction\",\"target\":[\"https:\\\/\\\/fuentesfidedignas.com.mx\\\/index.php\\\/2025\\\/07\\\/05\\\/un-muerto-y-6-heridos-en-un-tiroteo-en-indianapolis-eu\\\/\"]}]},{\"@type\":\"ImageObject\",\"inLanguage\":\"es\",\"@id\":\"https:\\\/\\\/fuentesfidedignas.com.mx\\\/index.php\\\/2025\\\/07\\\/05\\\/un-muerto-y-6-heridos-en-un-tiroteo-en-indianapolis-eu\\\/#primaryimage\",\"url\":\"https:\\\/\\\/fuentesfidedignas.com.mx\\\/wp-content\\\/uploads\\\/2025\\\/07\\\/tiroteo_EU0507.jpg\",\"contentUrl\":\"https:\\\/\\\/fuentesfidedignas.com.mx\\\/wp-content\\\/uploads\\\/2025\\\/07\\\/tiroteo_EU0507.jpg\",\"width\":600,\"height\":407},{\"@type\":\"BreadcrumbList\",\"@id\":\"https:\\\/\\\/fuentesfidedignas.com.mx\\\/index.php\\\/2025\\\/07\\\/05\\\/un-muerto-y-6-heridos-en-un-tiroteo-en-indianapolis-eu\\\/#breadcrumb\",\"itemListElement\":[{\"@type\":\"ListItem\",\"position\":1,\"name\":\"Inicio\",\"item\":\"https:\\\/\\\/fuentesfidedignas.com.mx\\\/\"},{\"@type\":\"ListItem\",\"position\":2,\"name\":\"Un muerto y 6 heridos en un tiroteo en Indian\u00e1polis, EU\"}]},{\"@type\":\"WebSite\",\"@id\":\"https:\\\/\\\/fuentesfidedignas.com.mx\\\/#website\",\"url\":\"https:\\\/\\\/fuentesfidedignas.com.mx\\\/\",\"name\":\"Fuentes Fidedignas\",\"description\":\"Otro sitio realizado con WordPress\",\"publisher\":{\"@id\":\"https:\\\/\\\/fuentesfidedignas.com.mx\\\/#organization\"},\"potentialAction\":[{\"@type\":\"SearchAction\",\"target\":{\"@type\":\"EntryPoint\",\"urlTemplate\":\"https:\\\/\\\/fuentesfidedignas.com.mx\\\/?s={search_term_string}\"},\"query-input\":{\"@type\":\"PropertyValueSpecification\",\"valueRequired\":true,\"valueName\":\"search_term_string\"}}],\"inLanguage\":\"es\"},{\"@type\":\"Organization\",\"@id\":\"https:\\\/\\\/fuentesfidedignas.com.mx\\\/#organization\",\"name\":\"Fuentes Fidedignas\",\"url\":\"https:\\\/\\\/fuentesfidedignas.com.mx\\\/\",\"logo\":{\"@type\":\"ImageObject\",\"inLanguage\":\"es\",\"@id\":\"https:\\\/\\\/fuentesfidedignas.com.mx\\\/#\\\/schema\\\/logo\\\/image\\\/\",\"url\":\"https:\\\/\\\/fuentesfidedignas.com.mx\\\/wp-content\\\/uploads\\\/2021\\\/04\\\/logo-retina.png\",\"contentUrl\":\"https:\\\/\\\/fuentesfidedignas.com.mx\\\/wp-content\\\/uploads\\\/2021\\\/04\\\/logo-retina.png\",\"width\":280,\"height\":51,\"caption\":\"Fuentes Fidedignas\"},\"image\":{\"@id\":\"https:\\\/\\\/fuentesfidedignas.com.mx\\\/#\\\/schema\\\/logo\\\/image\\\/\"},\"sameAs\":[\"https:\\\/\\\/www.facebook.com\\\/Fuentes-Fidedignas-368234489921644\",\"https:\\\/\\\/x.com\\\/fidedignas\"]},{\"@type\":\"Person\",\"@id\":\"https:\\\/\\\/fuentesfidedignas.com.mx\\\/#\\\/schema\\\/person\\\/1827b38c6cf89e1d6cc7d78ca3fae732\",\"name\":\"AFP\",\"image\":{\"@type\":\"ImageObject\",\"inLanguage\":\"es\",\"@id\":\"https:\\\/\\\/secure.gravatar.com\\\/avatar\\\/236827d2ee9bf15e1ea99e0c1cd1b467cffa55e324d177638d0f8de7950cbae6?s=96&d=mm&r=g\",\"url\":\"https:\\\/\\\/secure.gravatar.com\\\/avatar\\\/236827d2ee9bf15e1ea99e0c1cd1b467cffa55e324d177638d0f8de7950cbae6?s=96&d=mm&r=g\",\"contentUrl\":\"https:\\\/\\\/secure.gravatar.com\\\/avatar\\\/236827d2ee9bf15e1ea99e0c1cd1b467cffa55e324d177638d0f8de7950cbae6?s=96&d=mm&r=g\",\"caption\":\"AFP\"},\"url\":\"https:\\\/\\\/fuentesfidedignas.com.mx\\\/index.php\\\/author\\\/afp\\\/\"}]}<\/script>\n<!-- \/ Yoast SEO plugin. -->","yoast_head_json":{"title":"Un muerto y 6 heridos en un tiroteo en Indian\u00e1polis, EU - Fuentes Fidedignas","robots":{"index":"index","follow":"follow","max-snippet":"max-snippet:-1","max-image-preview":"max-image-preview:large","max-video-preview":"max-video-preview:-1"},"canonical":"https:\/\/fuentesfidedignas.com.mx\/index.php\/2025\/07\/05\/un-muerto-y-6-heridos-en-un-tiroteo-en-indianapolis-eu\/","og_locale":"es_MX","og_type":"article","og_title":"Un muerto y 6 heridos en un tiroteo en Indian\u00e1polis, EU - Fuentes Fidedignas","og_description":"La persona fallecida, un joven cuya edad no se ha informado, muri\u00f3 en el lugar; tres v\u00edctimas son menores. Una persona muri\u00f3 y otras seis resultaron heridas en un tiroteo en la ciudad estadounidense de Indianapolis este s\u00e1bado, luego de las celebraciones del D\u00eda de la Independencia, inform\u00f3 la polic\u00eda. La persona fallecida, un joven [&hellip;]","og_url":"https:\/\/fuentesfidedignas.com.mx\/index.php\/2025\/07\/05\/un-muerto-y-6-heridos-en-un-tiroteo-en-indianapolis-eu\/","og_site_name":"Fuentes Fidedignas","article_publisher":"https:\/\/www.facebook.com\/Fuentes-Fidedignas-368234489921644","article_published_time":"2025-07-05T16:47:32+00:00","article_modified_time":"2025-07-05T16:47:35+00:00","og_image":[{"width":600,"height":407,"url":"https:\/\/fuentesfidedignas.com.mx\/wp-content\/uploads\/2025\/07\/tiroteo_EU0507.jpg","type":"image\/jpeg"}],"author":"AFP","twitter_card":"summary_large_image","twitter_creator":"@fidedignas","twitter_site":"@fidedignas","twitter_misc":{"Escrito por":"AFP","Tiempo de lectura":"2 minutos"},"schema":{"@context":"https:\/\/schema.org","@graph":[{"@type":"Article","@id":"https:\/\/fuentesfidedignas.com.mx\/index.php\/2025\/07\/05\/un-muerto-y-6-heridos-en-un-tiroteo-en-indianapolis-eu\/#article","isPartOf":{"@id":"https:\/\/fuentesfidedignas.com.mx\/index.php\/2025\/07\/05\/un-muerto-y-6-heridos-en-un-tiroteo-en-indianapolis-eu\/"},"author":{"name":"AFP","@id":"https:\/\/fuentesfidedignas.com.mx\/#\/schema\/person\/1827b38c6cf89e1d6cc7d78ca3fae732"},"headline":"Un muerto y 6 heridos en un tiroteo en Indian\u00e1polis, EU","datePublished":"2025-07-05T16:47:32+00:00","dateModified":"2025-07-05T16:47:35+00:00","mainEntityOfPage":{"@id":"https:\/\/fuentesfidedignas.com.mx\/index.php\/2025\/07\/05\/un-muerto-y-6-heridos-en-un-tiroteo-en-indianapolis-eu\/"},"wordCount":353,"commentCount":0,"publisher":{"@id":"https:\/\/fuentesfidedignas.com.mx\/#organization"},"image":{"@id":"https:\/\/fuentesfidedignas.com.mx\/index.php\/2025\/07\/05\/un-muerto-y-6-heridos-en-un-tiroteo-en-indianapolis-eu\/#primaryimage"},"thumbnailUrl":"https:\/\/fuentesfidedignas.com.mx\/wp-content\/uploads\/2025\/07\/tiroteo_EU0507.jpg","articleSection":["NOTICIAS NACIONALES"],"inLanguage":"es","potentialAction":[{"@type":"CommentAction","name":"Comment","target":["https:\/\/fuentesfidedignas.com.mx\/index.php\/2025\/07\/05\/un-muerto-y-6-heridos-en-un-tiroteo-en-indianapolis-eu\/#respond"]}]},{"@type":"WebPage","@id":"https:\/\/fuentesfidedignas.com.mx\/index.php\/2025\/07\/05\/un-muerto-y-6-heridos-en-un-tiroteo-en-indianapolis-eu\/","url":"https:\/\/fuentesfidedignas.com.mx\/index.php\/2025\/07\/05\/un-muerto-y-6-heridos-en-un-tiroteo-en-indianapolis-eu\/","name":"Un muerto y 6 heridos en un tiroteo en Indian\u00e1polis, EU - Fuentes Fidedignas","isPartOf":{"@id":"https:\/\/fuentesfidedignas.com.mx\/#website"},"primaryImageOfPage":{"@id":"https:\/\/fuentesfidedignas.com.mx\/index.php\/2025\/07\/05\/un-muerto-y-6-heridos-en-un-tiroteo-en-indianapolis-eu\/#primaryimage"},"image":{"@id":"https:\/\/fuentesfidedignas.com.mx\/index.php\/2025\/07\/05\/un-muerto-y-6-heridos-en-un-tiroteo-en-indianapolis-eu\/#primaryimage"},"thumbnailUrl":"https:\/\/fuentesfidedignas.com.mx\/wp-content\/uploads\/2025\/07\/tiroteo_EU0507.jpg","datePublished":"2025-07-05T16:47:32+00:00","dateModified":"2025-07-05T16:47:35+00:00","breadcrumb":{"@id":"https:\/\/fuentesfidedignas.com.mx\/index.php\/2025\/07\/05\/un-muerto-y-6-heridos-en-un-tiroteo-en-indianapolis-eu\/#breadcrumb"},"inLanguage":"es","potentialAction":[{"@type":"ReadAction","target":["https:\/\/fuentesfidedignas.com.mx\/index.php\/2025\/07\/05\/un-muerto-y-6-heridos-en-un-tiroteo-en-indianapolis-eu\/"]}]},{"@type":"ImageObject","inLanguage":"es","@id":"https:\/\/fuentesfidedignas.com.mx\/index.php\/2025\/07\/05\/un-muerto-y-6-heridos-en-un-tiroteo-en-indianapolis-eu\/#primaryimage","url":"https:\/\/fuentesfidedignas.com.mx\/wp-content\/uploads\/2025\/07\/tiroteo_EU0507.jpg","contentUrl":"https:\/\/fuentesfidedignas.com.mx\/wp-content\/uploads\/2025\/07\/tiroteo_EU0507.jpg","width":600,"height":407},{"@type":"BreadcrumbList","@id":"https:\/\/fuentesfidedignas.com.mx\/index.php\/2025\/07\/05\/un-muerto-y-6-heridos-en-un-tiroteo-en-indianapolis-eu\/#breadcrumb","itemListElement":[{"@type":"ListItem","position":1,"name":"Inicio","item":"https:\/\/fuentesfidedignas.com.mx\/"},{"@type":"ListItem","position":2,"name":"Un muerto y 6 heridos en un tiroteo en Indian\u00e1polis, EU"}]},{"@type":"WebSite","@id":"https:\/\/fuentesfidedignas.com.mx\/#website","url":"https:\/\/fuentesfidedignas.com.mx\/","name":"Fuentes Fidedignas","description":"Otro sitio realizado con WordPress","publisher":{"@id":"https:\/\/fuentesfidedignas.com.mx\/#organization"},"potentialAction":[{"@type":"SearchAction","target":{"@type":"EntryPoint","urlTemplate":"https:\/\/fuentesfidedignas.com.mx\/?s={search_term_string}"},"query-input":{"@type":"PropertyValueSpecification","valueRequired":true,"valueName":"search_term_string"}}],"inLanguage":"es"},{"@type":"Organization","@id":"https:\/\/fuentesfidedignas.com.mx\/#organization","name":"Fuentes Fidedignas","url":"https:\/\/fuentesfidedignas.com.mx\/","logo":{"@type":"ImageObject","inLanguage":"es","@id":"https:\/\/fuentesfidedignas.com.mx\/#\/schema\/logo\/image\/","url":"https:\/\/fuentesfidedignas.com.mx\/wp-content\/uploads\/2021\/04\/logo-retina.png","contentUrl":"https:\/\/fuentesfidedignas.com.mx\/wp-content\/uploads\/2021\/04\/logo-retina.png","width":280,"height":51,"caption":"Fuentes Fidedignas"},"image":{"@id":"https:\/\/fuentesfidedignas.com.mx\/#\/schema\/logo\/image\/"},"sameAs":["https:\/\/www.facebook.com\/Fuentes-Fidedignas-368234489921644","https:\/\/x.com\/fidedignas"]},{"@type":"Person","@id":"https:\/\/fuentesfidedignas.com.mx\/#\/schema\/person\/1827b38c6cf89e1d6cc7d78ca3fae732","name":"AFP","image":{"@type":"ImageObject","inLanguage":"es","@id":"https:\/\/secure.gravatar.com\/avatar\/236827d2ee9bf15e1ea99e0c1cd1b467cffa55e324d177638d0f8de7950cbae6?s=96&d=mm&r=g","url":"https:\/\/secure.gravatar.com\/avatar\/236827d2ee9bf15e1ea99e0c1cd1b467cffa55e324d177638d0f8de7950cbae6?s=96&d=mm&r=g","contentUrl":"https:\/\/secure.gravatar.com\/avatar\/236827d2ee9bf15e1ea99e0c1cd1b467cffa55e324d177638d0f8de7950cbae6?s=96&d=mm&r=g","caption":"AFP"},"url":"https:\/\/fuentesfidedignas.com.mx\/index.php\/author\/afp\/"}]}},"_links":{"self":[{"href":"https:\/\/fuentesfidedignas.com.mx\/index.php\/wp-json\/wp\/v2\/posts\/112226","targetHints":{"allow":["GET"]}}],"collection":[{"href":"https:\/\/fuentesfidedignas.com.mx\/index.php\/wp-json\/wp\/v2\/posts"}],"about":[{"href":"https:\/\/fuentesfidedignas.com.mx\/index.php\/wp-json\/wp\/v2\/types\/post"}],"author":[{"embeddable":true,"href":"https:\/\/fuentesfidedignas.com.mx\/index.php\/wp-json\/wp\/v2\/users\/12"}],"replies":[{"embeddable":true,"href":"https:\/\/fuentesfidedignas.com.mx\/index.php\/wp-json\/wp\/v2\/comments?post=112226"}],"version-history":[{"count":1,"href":"https:\/\/fuentesfidedignas.com.mx\/index.php\/wp-json\/wp\/v2\/posts\/112226\/revisions"}],"predecessor-version":[{"id":112228,"href":"https:\/\/fuentesfidedignas.com.mx\/index.php\/wp-json\/wp\/v2\/posts\/112226\/revisions\/112228"}],"wp:featuredmedia":[{"embeddable":true,"href":"https:\/\/fuentesfidedignas.com.mx\/index.php\/wp-json\/wp\/v2\/media\/112227"}],"wp:attachment":[{"href":"https:\/\/fuentesfidedignas.com.mx\/index.php\/wp-json\/wp\/v2\/media?parent=112226"}],"wp:term":[{"taxonomy":"category","embeddable":true,"href":"https:\/\/fuentesfidedignas.com.mx\/index.php\/wp-json\/wp\/v2\/categories?post=112226"},{"taxonomy":"post_tag","embeddable":true,"href":"https:\/\/fuentesfidedignas.com.mx\/index.php\/wp-json\/wp\/v2\/tags?post=112226"}],"curies":[{"name":"wp","href":"https:\/\/api.w.org\/{rel}","templated":true}]}}