{"id":112217,"date":"2025-07-05T09:03:46","date_gmt":"2025-07-05T16:03:46","guid":{"rendered":"https:\/\/fuentesfidedignas.com.mx\/?p=112217"},"modified":"2025-07-05T09:03:47","modified_gmt":"2025-07-05T16:03:47","slug":"fortalece-ubu-la-integracion-comunitaria-con-el-programa-piensa-activate-y-superate-trabajo-en-equipo-uas","status":"publish","type":"post","link":"https:\/\/fuentesfidedignas.com.mx\/index.php\/2025\/07\/05\/fortalece-ubu-la-integracion-comunitaria-con-el-programa-piensa-activate-y-superate-trabajo-en-equipo-uas\/","title":{"rendered":"Fortalece UBU la integraci\u00f3n comunitaria con el Programa Piensa, Act\u00edvate y Sup\u00e9rate: Trabajo en Equipo UAS"},"content":{"rendered":"\n<p><strong><em>El responsable del programa por parte de Deportes indic\u00f3 que se promueve una cultura de bienestar f\u00edsico y mental.<\/em><\/strong><\/p>\n\n\n\n<p>Lo que inici\u00f3 como un programa de activaci\u00f3n f\u00edsica virtual para apoyar a la comunidad de la Universidad Aut\u00f3noma de Sinaloa (UAS) durante el confinamiento por la pandemia de Covid-19 evolucion\u00f3 en lo que hoy es el Programa \u201cPiensa, Act\u00edvate y Sup\u00e9rate: Trabajo en Equipo UAS\u201d, que encabeza la directora de la Unidad de Bienestar Universitario (UBU), doctora Sof\u00eda Angulo de Madue\u00f1a, en colaboraci\u00f3n con la Direcci\u00f3n General de Deportes.<\/p>\n\n\n\n<p>Jes\u00fas Alberto Garibaldi Gonz\u00e1lez, colaborador de Bienestar Universitario, y responsable del programa por parte de Deportes indic\u00f3 que se promueve una cultura de bienestar f\u00edsico y mental.<\/p>\n\n\n\n<p>\u201cEntonces cuando ya pas\u00f3 la pandemia, empezamos a ver la problem\u00e1tica que hab\u00eda en la cual los j\u00f3venes no se estaban integrando por la misma psicosis que pas\u00f3 en la pandemia, decidimos hacer este programa con el objetivo de que los j\u00f3venes trabajaran en equipo y hubiera una mayor integraci\u00f3n en todo lo que es la Universidad Aut\u00f3noma de Sinaloa\u201d, comparti\u00f3.<\/p>\n\n\n\n<p>Explic\u00f3 que se trabaja con enfoque en la integraci\u00f3n entre los universitarios, bajo la visi\u00f3n de los cinco elementos fundamentales para el \u00e9xito de cualquier equipo; Comunicaci\u00f3n, Coordinaci\u00f3n, Complementariedad, Confianza y Compromiso.<\/p>\n\n\n\n<p>\u201cEs un programa muy integral, porque no nom\u00e1s es f\u00edsico, tambi\u00e9n es mental. O sea, no nom\u00e1s es hacer actividades para divertirte, sino que tambi\u00e9n actividades para pensar, para desarrollar (\u2026) Todos los j\u00f3venes salen divertidos, salen animados, salen trabajando en equipo. Son actividades donde desarrollas pr\u00e1cticamente el liderazgo tambi\u00e9n, son actividades donde tambi\u00e9n planeas estrategias, resoluci\u00f3n de problemas\u201d, expres\u00f3.<\/p>\n\n\n\n<p>Garibaldi Gonz\u00e1lez destac\u00f3 el \u00e9xito de este programa en los niveles medio superior y superior, el cual ha sido recibido por alumnos y trabajadores universitarios, fortaleciendo los centros de academia y trabajo con una eficiencia en equipo.<\/p>\n","protected":false},"excerpt":{"rendered":"<p>El responsable del programa por parte de Deportes indic\u00f3 que se promueve una cultura de bienestar f\u00edsico y mental. Lo que inici\u00f3 como un programa de activaci\u00f3n f\u00edsica virtual para apoyar a la comunidad de la Universidad Aut\u00f3noma de Sinaloa (UAS) durante el confinamiento por la pandemia de Covid-19 evolucion\u00f3 en lo que hoy es [&hellip;]<\/p>\n","protected":false},"author":4,"featured_media":112218,"comment_status":"open","ping_status":"open","sticky":false,"template":"","format":"standard","meta":{"tdm_status":"","tdm_grid_status":"","footnotes":""},"categories":[1],"tags":[],"class_list":{"0":"post-112217","1":"post","2":"type-post","3":"status-publish","4":"format-standard","5":"has-post-thumbnail","7":"category-sin-categoria"},"yoast_head":"<!-- This site is optimized with the Yoast SEO plugin v27.5 - https:\/\/yoast.com\/product\/yoast-seo-wordpress\/ -->\n<title>Fortalece UBU la integraci\u00f3n comunitaria con el Programa Piensa, Act\u00edvate y Sup\u00e9rate: Trabajo en Equipo UAS - Fuentes Fidedignas<\/title>\n<meta name=\"robots\" content=\"index, follow, max-snippet:-1, max-image-preview:large, max-video-preview:-1\" \/>\n<link rel=\"canonical\" href=\"https:\/\/fuentesfidedignas.com.mx\/index.php\/2025\/07\/05\/fortalece-ubu-la-integracion-comunitaria-con-el-programa-piensa-activate-y-superate-trabajo-en-equipo-uas\/\" \/>\n<meta property=\"og:locale\" content=\"es_MX\" \/>\n<meta property=\"og:type\" content=\"article\" \/>\n<meta property=\"og:title\" content=\"Fortalece UBU la integraci\u00f3n comunitaria con el Programa Piensa, Act\u00edvate y Sup\u00e9rate: Trabajo en Equipo UAS - Fuentes Fidedignas\" \/>\n<meta property=\"og:description\" content=\"El responsable del programa por parte de Deportes indic\u00f3 que se promueve una cultura de bienestar f\u00edsico y mental. Lo que inici\u00f3 como un programa de activaci\u00f3n f\u00edsica virtual para apoyar a la comunidad de la Universidad Aut\u00f3noma de Sinaloa (UAS) durante el confinamiento por la pandemia de Covid-19 evolucion\u00f3 en lo que hoy es [&hellip;]\" \/>\n<meta property=\"og:url\" content=\"https:\/\/fuentesfidedignas.com.mx\/index.php\/2025\/07\/05\/fortalece-ubu-la-integracion-comunitaria-con-el-programa-piensa-activate-y-superate-trabajo-en-equipo-uas\/\" \/>\n<meta property=\"og:site_name\" content=\"Fuentes Fidedignas\" \/>\n<meta property=\"article:publisher\" content=\"https:\/\/www.facebook.com\/Fuentes-Fidedignas-368234489921644\" \/>\n<meta property=\"article:published_time\" content=\"2025-07-05T16:03:46+00:00\" \/>\n<meta property=\"article:modified_time\" content=\"2025-07-05T16:03:47+00:00\" \/>\n<meta property=\"og:image\" content=\"https:\/\/fuentesfidedignas.com.mx\/wp-content\/uploads\/2025\/07\/Imagen-de-WhatsApp-2025-07-04-a-las-17.27.35_f62eae7c.jpg\" \/>\n\t<meta property=\"og:image:width\" content=\"600\" \/>\n\t<meta property=\"og:image:height\" content=\"399\" \/>\n\t<meta property=\"og:image:type\" content=\"image\/jpeg\" \/>\n<meta name=\"author\" content=\"Redacci\u00f3n\" \/>\n<meta name=\"twitter:card\" content=\"summary_large_image\" \/>\n<meta name=\"twitter:creator\" content=\"@fidedignas\" \/>\n<meta name=\"twitter:site\" content=\"@fidedignas\" \/>\n<meta name=\"twitter:label1\" content=\"Escrito por\" \/>\n\t<meta name=\"twitter:data1\" content=\"Redacci\u00f3n\" \/>\n\t<meta name=\"twitter:label2\" content=\"Tiempo de lectura\" \/>\n\t<meta name=\"twitter:data2\" content=\"2 minutos\" \/>\n<script type=\"application\/ld+json\" class=\"yoast-schema-graph\">{\"@context\":\"https:\\\/\\\/schema.org\",\"@graph\":[{\"@type\":\"Article\",\"@id\":\"https:\\\/\\\/fuentesfidedignas.com.mx\\\/index.php\\\/2025\\\/07\\\/05\\\/fortalece-ubu-la-integracion-comunitaria-con-el-programa-piensa-activate-y-superate-trabajo-en-equipo-uas\\\/#article\",\"isPartOf\":{\"@id\":\"https:\\\/\\\/fuentesfidedignas.com.mx\\\/index.php\\\/2025\\\/07\\\/05\\\/fortalece-ubu-la-integracion-comunitaria-con-el-programa-piensa-activate-y-superate-trabajo-en-equipo-uas\\\/\"},\"author\":{\"name\":\"Redacci\u00f3n\",\"@id\":\"https:\\\/\\\/fuentesfidedignas.com.mx\\\/#\\\/schema\\\/person\\\/331be9283d37198e2acd5750279085b0\"},\"headline\":\"Fortalece UBU la integraci\u00f3n comunitaria con el Programa Piensa, Act\u00edvate y Sup\u00e9rate: Trabajo en Equipo UAS\",\"datePublished\":\"2025-07-05T16:03:46+00:00\",\"dateModified\":\"2025-07-05T16:03:47+00:00\",\"mainEntityOfPage\":{\"@id\":\"https:\\\/\\\/fuentesfidedignas.com.mx\\\/index.php\\\/2025\\\/07\\\/05\\\/fortalece-ubu-la-integracion-comunitaria-con-el-programa-piensa-activate-y-superate-trabajo-en-equipo-uas\\\/\"},\"wordCount\":358,\"commentCount\":0,\"publisher\":{\"@id\":\"https:\\\/\\\/fuentesfidedignas.com.mx\\\/#organization\"},\"image\":{\"@id\":\"https:\\\/\\\/fuentesfidedignas.com.mx\\\/index.php\\\/2025\\\/07\\\/05\\\/fortalece-ubu-la-integracion-comunitaria-con-el-programa-piensa-activate-y-superate-trabajo-en-equipo-uas\\\/#primaryimage\"},\"thumbnailUrl\":\"https:\\\/\\\/fuentesfidedignas.com.mx\\\/wp-content\\\/uploads\\\/2025\\\/07\\\/Imagen-de-WhatsApp-2025-07-04-a-las-17.27.35_f62eae7c.jpg\",\"inLanguage\":\"es\",\"potentialAction\":[{\"@type\":\"CommentAction\",\"name\":\"Comment\",\"target\":[\"https:\\\/\\\/fuentesfidedignas.com.mx\\\/index.php\\\/2025\\\/07\\\/05\\\/fortalece-ubu-la-integracion-comunitaria-con-el-programa-piensa-activate-y-superate-trabajo-en-equipo-uas\\\/#respond\"]}]},{\"@type\":\"WebPage\",\"@id\":\"https:\\\/\\\/fuentesfidedignas.com.mx\\\/index.php\\\/2025\\\/07\\\/05\\\/fortalece-ubu-la-integracion-comunitaria-con-el-programa-piensa-activate-y-superate-trabajo-en-equipo-uas\\\/\",\"url\":\"https:\\\/\\\/fuentesfidedignas.com.mx\\\/index.php\\\/2025\\\/07\\\/05\\\/fortalece-ubu-la-integracion-comunitaria-con-el-programa-piensa-activate-y-superate-trabajo-en-equipo-uas\\\/\",\"name\":\"Fortalece UBU la integraci\u00f3n comunitaria con el Programa Piensa, Act\u00edvate y Sup\u00e9rate: Trabajo en Equipo UAS - Fuentes Fidedignas\",\"isPartOf\":{\"@id\":\"https:\\\/\\\/fuentesfidedignas.com.mx\\\/#website\"},\"primaryImageOfPage\":{\"@id\":\"https:\\\/\\\/fuentesfidedignas.com.mx\\\/index.php\\\/2025\\\/07\\\/05\\\/fortalece-ubu-la-integracion-comunitaria-con-el-programa-piensa-activate-y-superate-trabajo-en-equipo-uas\\\/#primaryimage\"},\"image\":{\"@id\":\"https:\\\/\\\/fuentesfidedignas.com.mx\\\/index.php\\\/2025\\\/07\\\/05\\\/fortalece-ubu-la-integracion-comunitaria-con-el-programa-piensa-activate-y-superate-trabajo-en-equipo-uas\\\/#primaryimage\"},\"thumbnailUrl\":\"https:\\\/\\\/fuentesfidedignas.com.mx\\\/wp-content\\\/uploads\\\/2025\\\/07\\\/Imagen-de-WhatsApp-2025-07-04-a-las-17.27.35_f62eae7c.jpg\",\"datePublished\":\"2025-07-05T16:03:46+00:00\",\"dateModified\":\"2025-07-05T16:03:47+00:00\",\"breadcrumb\":{\"@id\":\"https:\\\/\\\/fuentesfidedignas.com.mx\\\/index.php\\\/2025\\\/07\\\/05\\\/fortalece-ubu-la-integracion-comunitaria-con-el-programa-piensa-activate-y-superate-trabajo-en-equipo-uas\\\/#breadcrumb\"},\"inLanguage\":\"es\",\"potentialAction\":[{\"@type\":\"ReadAction\",\"target\":[\"https:\\\/\\\/fuentesfidedignas.com.mx\\\/index.php\\\/2025\\\/07\\\/05\\\/fortalece-ubu-la-integracion-comunitaria-con-el-programa-piensa-activate-y-superate-trabajo-en-equipo-uas\\\/\"]}]},{\"@type\":\"ImageObject\",\"inLanguage\":\"es\",\"@id\":\"https:\\\/\\\/fuentesfidedignas.com.mx\\\/index.php\\\/2025\\\/07\\\/05\\\/fortalece-ubu-la-integracion-comunitaria-con-el-programa-piensa-activate-y-superate-trabajo-en-equipo-uas\\\/#primaryimage\",\"url\":\"https:\\\/\\\/fuentesfidedignas.com.mx\\\/wp-content\\\/uploads\\\/2025\\\/07\\\/Imagen-de-WhatsApp-2025-07-04-a-las-17.27.35_f62eae7c.jpg\",\"contentUrl\":\"https:\\\/\\\/fuentesfidedignas.com.mx\\\/wp-content\\\/uploads\\\/2025\\\/07\\\/Imagen-de-WhatsApp-2025-07-04-a-las-17.27.35_f62eae7c.jpg\",\"width\":600,\"height\":399},{\"@type\":\"BreadcrumbList\",\"@id\":\"https:\\\/\\\/fuentesfidedignas.com.mx\\\/index.php\\\/2025\\\/07\\\/05\\\/fortalece-ubu-la-integracion-comunitaria-con-el-programa-piensa-activate-y-superate-trabajo-en-equipo-uas\\\/#breadcrumb\",\"itemListElement\":[{\"@type\":\"ListItem\",\"position\":1,\"name\":\"Inicio\",\"item\":\"https:\\\/\\\/fuentesfidedignas.com.mx\\\/\"},{\"@type\":\"ListItem\",\"position\":2,\"name\":\"Fortalece UBU la integraci\u00f3n comunitaria con el Programa Piensa, Act\u00edvate y Sup\u00e9rate: Trabajo en Equipo UAS\"}]},{\"@type\":\"WebSite\",\"@id\":\"https:\\\/\\\/fuentesfidedignas.com.mx\\\/#website\",\"url\":\"https:\\\/\\\/fuentesfidedignas.com.mx\\\/\",\"name\":\"Fuentes Fidedignas\",\"description\":\"Otro sitio realizado con WordPress\",\"publisher\":{\"@id\":\"https:\\\/\\\/fuentesfidedignas.com.mx\\\/#organization\"},\"potentialAction\":[{\"@type\":\"SearchAction\",\"target\":{\"@type\":\"EntryPoint\",\"urlTemplate\":\"https:\\\/\\\/fuentesfidedignas.com.mx\\\/?s={search_term_string}\"},\"query-input\":{\"@type\":\"PropertyValueSpecification\",\"valueRequired\":true,\"valueName\":\"search_term_string\"}}],\"inLanguage\":\"es\"},{\"@type\":\"Organization\",\"@id\":\"https:\\\/\\\/fuentesfidedignas.com.mx\\\/#organization\",\"name\":\"Fuentes Fidedignas\",\"url\":\"https:\\\/\\\/fuentesfidedignas.com.mx\\\/\",\"logo\":{\"@type\":\"ImageObject\",\"inLanguage\":\"es\",\"@id\":\"https:\\\/\\\/fuentesfidedignas.com.mx\\\/#\\\/schema\\\/logo\\\/image\\\/\",\"url\":\"https:\\\/\\\/fuentesfidedignas.com.mx\\\/wp-content\\\/uploads\\\/2021\\\/04\\\/logo-retina.png\",\"contentUrl\":\"https:\\\/\\\/fuentesfidedignas.com.mx\\\/wp-content\\\/uploads\\\/2021\\\/04\\\/logo-retina.png\",\"width\":280,\"height\":51,\"caption\":\"Fuentes Fidedignas\"},\"image\":{\"@id\":\"https:\\\/\\\/fuentesfidedignas.com.mx\\\/#\\\/schema\\\/logo\\\/image\\\/\"},\"sameAs\":[\"https:\\\/\\\/www.facebook.com\\\/Fuentes-Fidedignas-368234489921644\",\"https:\\\/\\\/x.com\\\/fidedignas\"]},{\"@type\":\"Person\",\"@id\":\"https:\\\/\\\/fuentesfidedignas.com.mx\\\/#\\\/schema\\\/person\\\/331be9283d37198e2acd5750279085b0\",\"name\":\"Redacci\u00f3n\",\"image\":{\"@type\":\"ImageObject\",\"inLanguage\":\"es\",\"@id\":\"https:\\\/\\\/secure.gravatar.com\\\/avatar\\\/f6d8782c11d12b2d4ad3fbb6931aeab5309937a4d6cd2fc9cfaa28a6396a5aec?s=96&d=mm&r=g\",\"url\":\"https:\\\/\\\/secure.gravatar.com\\\/avatar\\\/f6d8782c11d12b2d4ad3fbb6931aeab5309937a4d6cd2fc9cfaa28a6396a5aec?s=96&d=mm&r=g\",\"contentUrl\":\"https:\\\/\\\/secure.gravatar.com\\\/avatar\\\/f6d8782c11d12b2d4ad3fbb6931aeab5309937a4d6cd2fc9cfaa28a6396a5aec?s=96&d=mm&r=g\",\"caption\":\"Redacci\u00f3n\"},\"url\":\"https:\\\/\\\/fuentesfidedignas.com.mx\\\/index.php\\\/author\\\/redaccion\\\/\"}]}<\/script>\n<!-- \/ Yoast SEO plugin. -->","yoast_head_json":{"title":"Fortalece UBU la integraci\u00f3n comunitaria con el Programa Piensa, Act\u00edvate y Sup\u00e9rate: Trabajo en Equipo UAS - Fuentes Fidedignas","robots":{"index":"index","follow":"follow","max-snippet":"max-snippet:-1","max-image-preview":"max-image-preview:large","max-video-preview":"max-video-preview:-1"},"canonical":"https:\/\/fuentesfidedignas.com.mx\/index.php\/2025\/07\/05\/fortalece-ubu-la-integracion-comunitaria-con-el-programa-piensa-activate-y-superate-trabajo-en-equipo-uas\/","og_locale":"es_MX","og_type":"article","og_title":"Fortalece UBU la integraci\u00f3n comunitaria con el Programa Piensa, Act\u00edvate y Sup\u00e9rate: Trabajo en Equipo UAS - Fuentes Fidedignas","og_description":"El responsable del programa por parte de Deportes indic\u00f3 que se promueve una cultura de bienestar f\u00edsico y mental. Lo que inici\u00f3 como un programa de activaci\u00f3n f\u00edsica virtual para apoyar a la comunidad de la Universidad Aut\u00f3noma de Sinaloa (UAS) durante el confinamiento por la pandemia de Covid-19 evolucion\u00f3 en lo que hoy es [&hellip;]","og_url":"https:\/\/fuentesfidedignas.com.mx\/index.php\/2025\/07\/05\/fortalece-ubu-la-integracion-comunitaria-con-el-programa-piensa-activate-y-superate-trabajo-en-equipo-uas\/","og_site_name":"Fuentes Fidedignas","article_publisher":"https:\/\/www.facebook.com\/Fuentes-Fidedignas-368234489921644","article_published_time":"2025-07-05T16:03:46+00:00","article_modified_time":"2025-07-05T16:03:47+00:00","og_image":[{"width":600,"height":399,"url":"https:\/\/fuentesfidedignas.com.mx\/wp-content\/uploads\/2025\/07\/Imagen-de-WhatsApp-2025-07-04-a-las-17.27.35_f62eae7c.jpg","type":"image\/jpeg"}],"author":"Redacci\u00f3n","twitter_card":"summary_large_image","twitter_creator":"@fidedignas","twitter_site":"@fidedignas","twitter_misc":{"Escrito por":"Redacci\u00f3n","Tiempo de lectura":"2 minutos"},"schema":{"@context":"https:\/\/schema.org","@graph":[{"@type":"Article","@id":"https:\/\/fuentesfidedignas.com.mx\/index.php\/2025\/07\/05\/fortalece-ubu-la-integracion-comunitaria-con-el-programa-piensa-activate-y-superate-trabajo-en-equipo-uas\/#article","isPartOf":{"@id":"https:\/\/fuentesfidedignas.com.mx\/index.php\/2025\/07\/05\/fortalece-ubu-la-integracion-comunitaria-con-el-programa-piensa-activate-y-superate-trabajo-en-equipo-uas\/"},"author":{"name":"Redacci\u00f3n","@id":"https:\/\/fuentesfidedignas.com.mx\/#\/schema\/person\/331be9283d37198e2acd5750279085b0"},"headline":"Fortalece UBU la integraci\u00f3n comunitaria con el Programa Piensa, Act\u00edvate y Sup\u00e9rate: Trabajo en Equipo UAS","datePublished":"2025-07-05T16:03:46+00:00","dateModified":"2025-07-05T16:03:47+00:00","mainEntityOfPage":{"@id":"https:\/\/fuentesfidedignas.com.mx\/index.php\/2025\/07\/05\/fortalece-ubu-la-integracion-comunitaria-con-el-programa-piensa-activate-y-superate-trabajo-en-equipo-uas\/"},"wordCount":358,"commentCount":0,"publisher":{"@id":"https:\/\/fuentesfidedignas.com.mx\/#organization"},"image":{"@id":"https:\/\/fuentesfidedignas.com.mx\/index.php\/2025\/07\/05\/fortalece-ubu-la-integracion-comunitaria-con-el-programa-piensa-activate-y-superate-trabajo-en-equipo-uas\/#primaryimage"},"thumbnailUrl":"https:\/\/fuentesfidedignas.com.mx\/wp-content\/uploads\/2025\/07\/Imagen-de-WhatsApp-2025-07-04-a-las-17.27.35_f62eae7c.jpg","inLanguage":"es","potentialAction":[{"@type":"CommentAction","name":"Comment","target":["https:\/\/fuentesfidedignas.com.mx\/index.php\/2025\/07\/05\/fortalece-ubu-la-integracion-comunitaria-con-el-programa-piensa-activate-y-superate-trabajo-en-equipo-uas\/#respond"]}]},{"@type":"WebPage","@id":"https:\/\/fuentesfidedignas.com.mx\/index.php\/2025\/07\/05\/fortalece-ubu-la-integracion-comunitaria-con-el-programa-piensa-activate-y-superate-trabajo-en-equipo-uas\/","url":"https:\/\/fuentesfidedignas.com.mx\/index.php\/2025\/07\/05\/fortalece-ubu-la-integracion-comunitaria-con-el-programa-piensa-activate-y-superate-trabajo-en-equipo-uas\/","name":"Fortalece UBU la integraci\u00f3n comunitaria con el Programa Piensa, Act\u00edvate y Sup\u00e9rate: Trabajo en Equipo UAS - Fuentes Fidedignas","isPartOf":{"@id":"https:\/\/fuentesfidedignas.com.mx\/#website"},"primaryImageOfPage":{"@id":"https:\/\/fuentesfidedignas.com.mx\/index.php\/2025\/07\/05\/fortalece-ubu-la-integracion-comunitaria-con-el-programa-piensa-activate-y-superate-trabajo-en-equipo-uas\/#primaryimage"},"image":{"@id":"https:\/\/fuentesfidedignas.com.mx\/index.php\/2025\/07\/05\/fortalece-ubu-la-integracion-comunitaria-con-el-programa-piensa-activate-y-superate-trabajo-en-equipo-uas\/#primaryimage"},"thumbnailUrl":"https:\/\/fuentesfidedignas.com.mx\/wp-content\/uploads\/2025\/07\/Imagen-de-WhatsApp-2025-07-04-a-las-17.27.35_f62eae7c.jpg","datePublished":"2025-07-05T16:03:46+00:00","dateModified":"2025-07-05T16:03:47+00:00","breadcrumb":{"@id":"https:\/\/fuentesfidedignas.com.mx\/index.php\/2025\/07\/05\/fortalece-ubu-la-integracion-comunitaria-con-el-programa-piensa-activate-y-superate-trabajo-en-equipo-uas\/#breadcrumb"},"inLanguage":"es","potentialAction":[{"@type":"ReadAction","target":["https:\/\/fuentesfidedignas.com.mx\/index.php\/2025\/07\/05\/fortalece-ubu-la-integracion-comunitaria-con-el-programa-piensa-activate-y-superate-trabajo-en-equipo-uas\/"]}]},{"@type":"ImageObject","inLanguage":"es","@id":"https:\/\/fuentesfidedignas.com.mx\/index.php\/2025\/07\/05\/fortalece-ubu-la-integracion-comunitaria-con-el-programa-piensa-activate-y-superate-trabajo-en-equipo-uas\/#primaryimage","url":"https:\/\/fuentesfidedignas.com.mx\/wp-content\/uploads\/2025\/07\/Imagen-de-WhatsApp-2025-07-04-a-las-17.27.35_f62eae7c.jpg","contentUrl":"https:\/\/fuentesfidedignas.com.mx\/wp-content\/uploads\/2025\/07\/Imagen-de-WhatsApp-2025-07-04-a-las-17.27.35_f62eae7c.jpg","width":600,"height":399},{"@type":"BreadcrumbList","@id":"https:\/\/fuentesfidedignas.com.mx\/index.php\/2025\/07\/05\/fortalece-ubu-la-integracion-comunitaria-con-el-programa-piensa-activate-y-superate-trabajo-en-equipo-uas\/#breadcrumb","itemListElement":[{"@type":"ListItem","position":1,"name":"Inicio","item":"https:\/\/fuentesfidedignas.com.mx\/"},{"@type":"ListItem","position":2,"name":"Fortalece UBU la integraci\u00f3n comunitaria con el Programa Piensa, Act\u00edvate y Sup\u00e9rate: Trabajo en Equipo UAS"}]},{"@type":"WebSite","@id":"https:\/\/fuentesfidedignas.com.mx\/#website","url":"https:\/\/fuentesfidedignas.com.mx\/","name":"Fuentes Fidedignas","description":"Otro sitio realizado con WordPress","publisher":{"@id":"https:\/\/fuentesfidedignas.com.mx\/#organization"},"potentialAction":[{"@type":"SearchAction","target":{"@type":"EntryPoint","urlTemplate":"https:\/\/fuentesfidedignas.com.mx\/?s={search_term_string}"},"query-input":{"@type":"PropertyValueSpecification","valueRequired":true,"valueName":"search_term_string"}}],"inLanguage":"es"},{"@type":"Organization","@id":"https:\/\/fuentesfidedignas.com.mx\/#organization","name":"Fuentes Fidedignas","url":"https:\/\/fuentesfidedignas.com.mx\/","logo":{"@type":"ImageObject","inLanguage":"es","@id":"https:\/\/fuentesfidedignas.com.mx\/#\/schema\/logo\/image\/","url":"https:\/\/fuentesfidedignas.com.mx\/wp-content\/uploads\/2021\/04\/logo-retina.png","contentUrl":"https:\/\/fuentesfidedignas.com.mx\/wp-content\/uploads\/2021\/04\/logo-retina.png","width":280,"height":51,"caption":"Fuentes Fidedignas"},"image":{"@id":"https:\/\/fuentesfidedignas.com.mx\/#\/schema\/logo\/image\/"},"sameAs":["https:\/\/www.facebook.com\/Fuentes-Fidedignas-368234489921644","https:\/\/x.com\/fidedignas"]},{"@type":"Person","@id":"https:\/\/fuentesfidedignas.com.mx\/#\/schema\/person\/331be9283d37198e2acd5750279085b0","name":"Redacci\u00f3n","image":{"@type":"ImageObject","inLanguage":"es","@id":"https:\/\/secure.gravatar.com\/avatar\/f6d8782c11d12b2d4ad3fbb6931aeab5309937a4d6cd2fc9cfaa28a6396a5aec?s=96&d=mm&r=g","url":"https:\/\/secure.gravatar.com\/avatar\/f6d8782c11d12b2d4ad3fbb6931aeab5309937a4d6cd2fc9cfaa28a6396a5aec?s=96&d=mm&r=g","contentUrl":"https:\/\/secure.gravatar.com\/avatar\/f6d8782c11d12b2d4ad3fbb6931aeab5309937a4d6cd2fc9cfaa28a6396a5aec?s=96&d=mm&r=g","caption":"Redacci\u00f3n"},"url":"https:\/\/fuentesfidedignas.com.mx\/index.php\/author\/redaccion\/"}]}},"_links":{"self":[{"href":"https:\/\/fuentesfidedignas.com.mx\/index.php\/wp-json\/wp\/v2\/posts\/112217","targetHints":{"allow":["GET"]}}],"collection":[{"href":"https:\/\/fuentesfidedignas.com.mx\/index.php\/wp-json\/wp\/v2\/posts"}],"about":[{"href":"https:\/\/fuentesfidedignas.com.mx\/index.php\/wp-json\/wp\/v2\/types\/post"}],"author":[{"embeddable":true,"href":"https:\/\/fuentesfidedignas.com.mx\/index.php\/wp-json\/wp\/v2\/users\/4"}],"replies":[{"embeddable":true,"href":"https:\/\/fuentesfidedignas.com.mx\/index.php\/wp-json\/wp\/v2\/comments?post=112217"}],"version-history":[{"count":1,"href":"https:\/\/fuentesfidedignas.com.mx\/index.php\/wp-json\/wp\/v2\/posts\/112217\/revisions"}],"predecessor-version":[{"id":112219,"href":"https:\/\/fuentesfidedignas.com.mx\/index.php\/wp-json\/wp\/v2\/posts\/112217\/revisions\/112219"}],"wp:featuredmedia":[{"embeddable":true,"href":"https:\/\/fuentesfidedignas.com.mx\/index.php\/wp-json\/wp\/v2\/media\/112218"}],"wp:attachment":[{"href":"https:\/\/fuentesfidedignas.com.mx\/index.php\/wp-json\/wp\/v2\/media?parent=112217"}],"wp:term":[{"taxonomy":"category","embeddable":true,"href":"https:\/\/fuentesfidedignas.com.mx\/index.php\/wp-json\/wp\/v2\/categories?post=112217"},{"taxonomy":"post_tag","embeddable":true,"href":"https:\/\/fuentesfidedignas.com.mx\/index.php\/wp-json\/wp\/v2\/tags?post=112217"}],"curies":[{"name":"wp","href":"https:\/\/api.w.org\/{rel}","templated":true}]}}