{"id":112125,"date":"2025-07-04T05:07:00","date_gmt":"2025-07-04T12:07:00","guid":{"rendered":"https:\/\/fuentesfidedignas.com.mx\/?p=112125"},"modified":"2025-07-04T10:10:51","modified_gmt":"2025-07-04T17:10:51","slug":"nina-de-9-anos-muere-por-calor-despues-de-que-su-madre-la-dejara-en-un-vehiculo-en-texas","status":"publish","type":"post","link":"https:\/\/fuentesfidedignas.com.mx\/index.php\/2025\/07\/04\/nina-de-9-anos-muere-por-calor-despues-de-que-su-madre-la-dejara-en-un-vehiculo-en-texas\/","title":{"rendered":"Ni\u00f1a de 9 a\u00f1os muere por calor despu\u00e9s de que su madre la dejara en un veh\u00edculo en Texas"},"content":{"rendered":"\n<p><strong><em>Seg\u00fan las autoridades, la madre de 36 a\u00f1os dej\u00f3 a la ni\u00f1a sin supervisi\u00f3n en un Toyota auto el martes desde aproximadamente las seis de la ma\u00f1ana hasta las dos de la tarde mientras se encontraba en su turno de trabajo.<\/em><\/strong><\/p>\n\n\n\n<p>Una ni\u00f1a de nueve a\u00f1os muri\u00f3 por las altas temperaturas despu\u00e9s de que su madre la dejara dentro de un veh\u00edculo por varias horas mientras trabajaba en una f\u00e1brica en Galena Park (Texas), cerca de Houston.<\/p>\n\n\n\n<p>Seg\u00fan las autoridades, la madre de 36 a\u00f1os dej\u00f3 a la ni\u00f1a sin supervisi\u00f3n en un Toyota Camry blanco el martes desde aproximadamente las seis de la ma\u00f1ana hasta las dos de la tarde mientras se encontraba en su turno de trabajo.<\/p>\n\n\n\n<p>La madre dej\u00f3 a la peque\u00f1a con un poco de agua y las ventanillas del veh\u00edculo parcialmente bajadas antes de comenzar la jornada.<\/p>\n\n\n\n<p>Al terminar su turno y volver al autom\u00f3vil, la madre encontr\u00f3 a su hija inconsciente debido a las altas temperaturas en las que se encontraba el veh\u00edculo. Acto seguido, se contact\u00f3 a la polic\u00eda, que procedi\u00f3 a la detenci\u00f3n de la progenitora, y la ni\u00f1a fue trasladada al hospital donde se la declar\u00f3 muerta.<\/p>\n\n\n\n<p>Las temperaturas en el \u00e1rea de Houston alcanzaron los 93 grados Farenheit (unos 34 grados Celsius) el martes, seg\u00fan el Servicio Meteorol\u00f3gico Nacional, aunque dentro de un veh\u00edculo los vidrios multiplican el calor en varios grados.<\/p>\n\n\n\n<p>Ni\u00f1a de 9 a\u00f1os muere por calor despu\u00e9s de que su madre la dejara en un veh\u00edculo en Texas<br>\u201cNunca hay excusa para dejar a un ni\u00f1o desatendido\u201d, asegur\u00f3 el sheriff del condado de Harris (Texas), Ed Gonz\u00e1lez, en una conferencia de prensa seg\u00fan recogen medios locales.<\/p>\n\n\n\n<p>Gonz\u00e1lez a\u00f1adi\u00f3 que el incidente \u201cse pudo haber evitado\u201d y que se trata de una situaci\u00f3n \u201c\u00fanica\u201d, ya que la mayor\u00eda de las muertes por veh\u00edculos a elevadas temperaturas suelen ser producto de accidentes.<\/p>\n\n\n\n<p>\u201cNo vale la pena poner a una ni\u00f1a en este riesgo, por ning\u00fan motivo en particular\u201d, agreg\u00f3.<\/p>\n\n\n\n<p>Sin embargo, el sheriff indic\u00f3 que nada en este momento demuestra que la madre \u201cpensara que este ser\u00eda el resultado\u201d.<\/p>\n\n\n\n<p>Las autoridades contin\u00faan hablando con la madre para comprender la raz\u00f3n y el tiempo que permaneci\u00f3 la ni\u00f1a en el veh\u00edculo, mientras esperan los resultados de la autopsia antes de decidir si presentar\u00e1n cargos contra ella.<\/p>\n","protected":false},"excerpt":{"rendered":"<p>Seg\u00fan las autoridades, la madre de 36 a\u00f1os dej\u00f3 a la ni\u00f1a sin supervisi\u00f3n en un Toyota auto el martes desde aproximadamente las seis de la ma\u00f1ana hasta las dos de la tarde mientras se encontraba en su turno de trabajo. Una ni\u00f1a de nueve a\u00f1os muri\u00f3 por las altas temperaturas despu\u00e9s de que su [&hellip;]<\/p>\n","protected":false},"author":22,"featured_media":112127,"comment_status":"open","ping_status":"open","sticky":false,"template":"","format":"standard","meta":{"tdm_status":"","tdm_grid_status":"","footnotes":""},"categories":[40],"tags":[],"class_list":{"0":"post-112125","1":"post","2":"type-post","3":"status-publish","4":"format-standard","5":"has-post-thumbnail","7":"category-las-asombrosas"},"yoast_head":"<!-- This site is optimized with the Yoast SEO plugin v27.5 - https:\/\/yoast.com\/product\/yoast-seo-wordpress\/ -->\n<title>Ni\u00f1a de 9 a\u00f1os muere por calor despu\u00e9s de que su madre la dejara en un veh\u00edculo en Texas - Fuentes Fidedignas<\/title>\n<meta name=\"robots\" content=\"index, follow, max-snippet:-1, max-image-preview:large, max-video-preview:-1\" \/>\n<link rel=\"canonical\" href=\"https:\/\/fuentesfidedignas.com.mx\/index.php\/2025\/07\/04\/nina-de-9-anos-muere-por-calor-despues-de-que-su-madre-la-dejara-en-un-vehiculo-en-texas\/\" \/>\n<meta property=\"og:locale\" content=\"es_MX\" \/>\n<meta property=\"og:type\" content=\"article\" \/>\n<meta property=\"og:title\" content=\"Ni\u00f1a de 9 a\u00f1os muere por calor despu\u00e9s de que su madre la dejara en un veh\u00edculo en Texas - Fuentes Fidedignas\" \/>\n<meta property=\"og:description\" content=\"Seg\u00fan las autoridades, la madre de 36 a\u00f1os dej\u00f3 a la ni\u00f1a sin supervisi\u00f3n en un Toyota auto el martes desde aproximadamente las seis de la ma\u00f1ana hasta las dos de la tarde mientras se encontraba en su turno de trabajo. Una ni\u00f1a de nueve a\u00f1os muri\u00f3 por las altas temperaturas despu\u00e9s de que su [&hellip;]\" \/>\n<meta property=\"og:url\" content=\"https:\/\/fuentesfidedignas.com.mx\/index.php\/2025\/07\/04\/nina-de-9-anos-muere-por-calor-despues-de-que-su-madre-la-dejara-en-un-vehiculo-en-texas\/\" \/>\n<meta property=\"og:site_name\" content=\"Fuentes Fidedignas\" \/>\n<meta property=\"article:publisher\" content=\"https:\/\/www.facebook.com\/Fuentes-Fidedignas-368234489921644\" \/>\n<meta property=\"article:published_time\" content=\"2025-07-04T12:07:00+00:00\" \/>\n<meta property=\"article:modified_time\" content=\"2025-07-04T17:10:51+00:00\" \/>\n<meta property=\"og:image\" content=\"https:\/\/fuentesfidedignas.com.mx\/wp-content\/uploads\/2025\/07\/calor.jpg\" \/>\n\t<meta property=\"og:image:width\" content=\"600\" \/>\n\t<meta property=\"og:image:height\" content=\"337\" \/>\n\t<meta property=\"og:image:type\" content=\"image\/jpeg\" \/>\n<meta name=\"author\" content=\"EFE\" \/>\n<meta name=\"twitter:card\" content=\"summary_large_image\" \/>\n<meta name=\"twitter:creator\" content=\"@fidedignas\" \/>\n<meta name=\"twitter:site\" content=\"@fidedignas\" \/>\n<meta name=\"twitter:label1\" content=\"Escrito por\" \/>\n\t<meta name=\"twitter:data1\" content=\"EFE\" \/>\n\t<meta name=\"twitter:label2\" content=\"Tiempo de lectura\" \/>\n\t<meta name=\"twitter:data2\" content=\"2 minutos\" \/>\n<script type=\"application\/ld+json\" class=\"yoast-schema-graph\">{\"@context\":\"https:\\\/\\\/schema.org\",\"@graph\":[{\"@type\":\"Article\",\"@id\":\"https:\\\/\\\/fuentesfidedignas.com.mx\\\/index.php\\\/2025\\\/07\\\/04\\\/nina-de-9-anos-muere-por-calor-despues-de-que-su-madre-la-dejara-en-un-vehiculo-en-texas\\\/#article\",\"isPartOf\":{\"@id\":\"https:\\\/\\\/fuentesfidedignas.com.mx\\\/index.php\\\/2025\\\/07\\\/04\\\/nina-de-9-anos-muere-por-calor-despues-de-que-su-madre-la-dejara-en-un-vehiculo-en-texas\\\/\"},\"author\":{\"name\":\"EFE\",\"@id\":\"https:\\\/\\\/fuentesfidedignas.com.mx\\\/#\\\/schema\\\/person\\\/0d44615087b5a626d5d3f13afe31ac41\"},\"headline\":\"Ni\u00f1a de 9 a\u00f1os muere por calor despu\u00e9s de que su madre la dejara en un veh\u00edculo en Texas\",\"datePublished\":\"2025-07-04T12:07:00+00:00\",\"dateModified\":\"2025-07-04T17:10:51+00:00\",\"mainEntityOfPage\":{\"@id\":\"https:\\\/\\\/fuentesfidedignas.com.mx\\\/index.php\\\/2025\\\/07\\\/04\\\/nina-de-9-anos-muere-por-calor-despues-de-que-su-madre-la-dejara-en-un-vehiculo-en-texas\\\/\"},\"wordCount\":448,\"commentCount\":0,\"publisher\":{\"@id\":\"https:\\\/\\\/fuentesfidedignas.com.mx\\\/#organization\"},\"image\":{\"@id\":\"https:\\\/\\\/fuentesfidedignas.com.mx\\\/index.php\\\/2025\\\/07\\\/04\\\/nina-de-9-anos-muere-por-calor-despues-de-que-su-madre-la-dejara-en-un-vehiculo-en-texas\\\/#primaryimage\"},\"thumbnailUrl\":\"https:\\\/\\\/fuentesfidedignas.com.mx\\\/wp-content\\\/uploads\\\/2025\\\/07\\\/calor.jpg\",\"articleSection\":[\"LAS ASOMBROSAS\"],\"inLanguage\":\"es\",\"potentialAction\":[{\"@type\":\"CommentAction\",\"name\":\"Comment\",\"target\":[\"https:\\\/\\\/fuentesfidedignas.com.mx\\\/index.php\\\/2025\\\/07\\\/04\\\/nina-de-9-anos-muere-por-calor-despues-de-que-su-madre-la-dejara-en-un-vehiculo-en-texas\\\/#respond\"]}]},{\"@type\":\"WebPage\",\"@id\":\"https:\\\/\\\/fuentesfidedignas.com.mx\\\/index.php\\\/2025\\\/07\\\/04\\\/nina-de-9-anos-muere-por-calor-despues-de-que-su-madre-la-dejara-en-un-vehiculo-en-texas\\\/\",\"url\":\"https:\\\/\\\/fuentesfidedignas.com.mx\\\/index.php\\\/2025\\\/07\\\/04\\\/nina-de-9-anos-muere-por-calor-despues-de-que-su-madre-la-dejara-en-un-vehiculo-en-texas\\\/\",\"name\":\"Ni\u00f1a de 9 a\u00f1os muere por calor despu\u00e9s de que su madre la dejara en un veh\u00edculo en Texas - Fuentes Fidedignas\",\"isPartOf\":{\"@id\":\"https:\\\/\\\/fuentesfidedignas.com.mx\\\/#website\"},\"primaryImageOfPage\":{\"@id\":\"https:\\\/\\\/fuentesfidedignas.com.mx\\\/index.php\\\/2025\\\/07\\\/04\\\/nina-de-9-anos-muere-por-calor-despues-de-que-su-madre-la-dejara-en-un-vehiculo-en-texas\\\/#primaryimage\"},\"image\":{\"@id\":\"https:\\\/\\\/fuentesfidedignas.com.mx\\\/index.php\\\/2025\\\/07\\\/04\\\/nina-de-9-anos-muere-por-calor-despues-de-que-su-madre-la-dejara-en-un-vehiculo-en-texas\\\/#primaryimage\"},\"thumbnailUrl\":\"https:\\\/\\\/fuentesfidedignas.com.mx\\\/wp-content\\\/uploads\\\/2025\\\/07\\\/calor.jpg\",\"datePublished\":\"2025-07-04T12:07:00+00:00\",\"dateModified\":\"2025-07-04T17:10:51+00:00\",\"breadcrumb\":{\"@id\":\"https:\\\/\\\/fuentesfidedignas.com.mx\\\/index.php\\\/2025\\\/07\\\/04\\\/nina-de-9-anos-muere-por-calor-despues-de-que-su-madre-la-dejara-en-un-vehiculo-en-texas\\\/#breadcrumb\"},\"inLanguage\":\"es\",\"potentialAction\":[{\"@type\":\"ReadAction\",\"target\":[\"https:\\\/\\\/fuentesfidedignas.com.mx\\\/index.php\\\/2025\\\/07\\\/04\\\/nina-de-9-anos-muere-por-calor-despues-de-que-su-madre-la-dejara-en-un-vehiculo-en-texas\\\/\"]}]},{\"@type\":\"ImageObject\",\"inLanguage\":\"es\",\"@id\":\"https:\\\/\\\/fuentesfidedignas.com.mx\\\/index.php\\\/2025\\\/07\\\/04\\\/nina-de-9-anos-muere-por-calor-despues-de-que-su-madre-la-dejara-en-un-vehiculo-en-texas\\\/#primaryimage\",\"url\":\"https:\\\/\\\/fuentesfidedignas.com.mx\\\/wp-content\\\/uploads\\\/2025\\\/07\\\/calor.jpg\",\"contentUrl\":\"https:\\\/\\\/fuentesfidedignas.com.mx\\\/wp-content\\\/uploads\\\/2025\\\/07\\\/calor.jpg\",\"width\":600,\"height\":337},{\"@type\":\"BreadcrumbList\",\"@id\":\"https:\\\/\\\/fuentesfidedignas.com.mx\\\/index.php\\\/2025\\\/07\\\/04\\\/nina-de-9-anos-muere-por-calor-despues-de-que-su-madre-la-dejara-en-un-vehiculo-en-texas\\\/#breadcrumb\",\"itemListElement\":[{\"@type\":\"ListItem\",\"position\":1,\"name\":\"Inicio\",\"item\":\"https:\\\/\\\/fuentesfidedignas.com.mx\\\/\"},{\"@type\":\"ListItem\",\"position\":2,\"name\":\"Ni\u00f1a de 9 a\u00f1os muere por calor despu\u00e9s de que su madre la dejara en un veh\u00edculo en Texas\"}]},{\"@type\":\"WebSite\",\"@id\":\"https:\\\/\\\/fuentesfidedignas.com.mx\\\/#website\",\"url\":\"https:\\\/\\\/fuentesfidedignas.com.mx\\\/\",\"name\":\"Fuentes Fidedignas\",\"description\":\"Otro sitio realizado con WordPress\",\"publisher\":{\"@id\":\"https:\\\/\\\/fuentesfidedignas.com.mx\\\/#organization\"},\"potentialAction\":[{\"@type\":\"SearchAction\",\"target\":{\"@type\":\"EntryPoint\",\"urlTemplate\":\"https:\\\/\\\/fuentesfidedignas.com.mx\\\/?s={search_term_string}\"},\"query-input\":{\"@type\":\"PropertyValueSpecification\",\"valueRequired\":true,\"valueName\":\"search_term_string\"}}],\"inLanguage\":\"es\"},{\"@type\":\"Organization\",\"@id\":\"https:\\\/\\\/fuentesfidedignas.com.mx\\\/#organization\",\"name\":\"Fuentes Fidedignas\",\"url\":\"https:\\\/\\\/fuentesfidedignas.com.mx\\\/\",\"logo\":{\"@type\":\"ImageObject\",\"inLanguage\":\"es\",\"@id\":\"https:\\\/\\\/fuentesfidedignas.com.mx\\\/#\\\/schema\\\/logo\\\/image\\\/\",\"url\":\"https:\\\/\\\/fuentesfidedignas.com.mx\\\/wp-content\\\/uploads\\\/2021\\\/04\\\/logo-retina.png\",\"contentUrl\":\"https:\\\/\\\/fuentesfidedignas.com.mx\\\/wp-content\\\/uploads\\\/2021\\\/04\\\/logo-retina.png\",\"width\":280,\"height\":51,\"caption\":\"Fuentes Fidedignas\"},\"image\":{\"@id\":\"https:\\\/\\\/fuentesfidedignas.com.mx\\\/#\\\/schema\\\/logo\\\/image\\\/\"},\"sameAs\":[\"https:\\\/\\\/www.facebook.com\\\/Fuentes-Fidedignas-368234489921644\",\"https:\\\/\\\/x.com\\\/fidedignas\"]},{\"@type\":\"Person\",\"@id\":\"https:\\\/\\\/fuentesfidedignas.com.mx\\\/#\\\/schema\\\/person\\\/0d44615087b5a626d5d3f13afe31ac41\",\"name\":\"EFE\",\"image\":{\"@type\":\"ImageObject\",\"inLanguage\":\"es\",\"@id\":\"https:\\\/\\\/secure.gravatar.com\\\/avatar\\\/7048c2d9b569d9bed55bb53ad23821e6e047aa66338fb6ea9868627bbb9f54e8?s=96&d=mm&r=g\",\"url\":\"https:\\\/\\\/secure.gravatar.com\\\/avatar\\\/7048c2d9b569d9bed55bb53ad23821e6e047aa66338fb6ea9868627bbb9f54e8?s=96&d=mm&r=g\",\"contentUrl\":\"https:\\\/\\\/secure.gravatar.com\\\/avatar\\\/7048c2d9b569d9bed55bb53ad23821e6e047aa66338fb6ea9868627bbb9f54e8?s=96&d=mm&r=g\",\"caption\":\"EFE\"},\"url\":\"https:\\\/\\\/fuentesfidedignas.com.mx\\\/index.php\\\/author\\\/efe\\\/\"}]}<\/script>\n<!-- \/ Yoast SEO plugin. -->","yoast_head_json":{"title":"Ni\u00f1a de 9 a\u00f1os muere por calor despu\u00e9s de que su madre la dejara en un veh\u00edculo en Texas - Fuentes Fidedignas","robots":{"index":"index","follow":"follow","max-snippet":"max-snippet:-1","max-image-preview":"max-image-preview:large","max-video-preview":"max-video-preview:-1"},"canonical":"https:\/\/fuentesfidedignas.com.mx\/index.php\/2025\/07\/04\/nina-de-9-anos-muere-por-calor-despues-de-que-su-madre-la-dejara-en-un-vehiculo-en-texas\/","og_locale":"es_MX","og_type":"article","og_title":"Ni\u00f1a de 9 a\u00f1os muere por calor despu\u00e9s de que su madre la dejara en un veh\u00edculo en Texas - Fuentes Fidedignas","og_description":"Seg\u00fan las autoridades, la madre de 36 a\u00f1os dej\u00f3 a la ni\u00f1a sin supervisi\u00f3n en un Toyota auto el martes desde aproximadamente las seis de la ma\u00f1ana hasta las dos de la tarde mientras se encontraba en su turno de trabajo. Una ni\u00f1a de nueve a\u00f1os muri\u00f3 por las altas temperaturas despu\u00e9s de que su [&hellip;]","og_url":"https:\/\/fuentesfidedignas.com.mx\/index.php\/2025\/07\/04\/nina-de-9-anos-muere-por-calor-despues-de-que-su-madre-la-dejara-en-un-vehiculo-en-texas\/","og_site_name":"Fuentes Fidedignas","article_publisher":"https:\/\/www.facebook.com\/Fuentes-Fidedignas-368234489921644","article_published_time":"2025-07-04T12:07:00+00:00","article_modified_time":"2025-07-04T17:10:51+00:00","og_image":[{"width":600,"height":337,"url":"https:\/\/fuentesfidedignas.com.mx\/wp-content\/uploads\/2025\/07\/calor.jpg","type":"image\/jpeg"}],"author":"EFE","twitter_card":"summary_large_image","twitter_creator":"@fidedignas","twitter_site":"@fidedignas","twitter_misc":{"Escrito por":"EFE","Tiempo de lectura":"2 minutos"},"schema":{"@context":"https:\/\/schema.org","@graph":[{"@type":"Article","@id":"https:\/\/fuentesfidedignas.com.mx\/index.php\/2025\/07\/04\/nina-de-9-anos-muere-por-calor-despues-de-que-su-madre-la-dejara-en-un-vehiculo-en-texas\/#article","isPartOf":{"@id":"https:\/\/fuentesfidedignas.com.mx\/index.php\/2025\/07\/04\/nina-de-9-anos-muere-por-calor-despues-de-que-su-madre-la-dejara-en-un-vehiculo-en-texas\/"},"author":{"name":"EFE","@id":"https:\/\/fuentesfidedignas.com.mx\/#\/schema\/person\/0d44615087b5a626d5d3f13afe31ac41"},"headline":"Ni\u00f1a de 9 a\u00f1os muere por calor despu\u00e9s de que su madre la dejara en un veh\u00edculo en Texas","datePublished":"2025-07-04T12:07:00+00:00","dateModified":"2025-07-04T17:10:51+00:00","mainEntityOfPage":{"@id":"https:\/\/fuentesfidedignas.com.mx\/index.php\/2025\/07\/04\/nina-de-9-anos-muere-por-calor-despues-de-que-su-madre-la-dejara-en-un-vehiculo-en-texas\/"},"wordCount":448,"commentCount":0,"publisher":{"@id":"https:\/\/fuentesfidedignas.com.mx\/#organization"},"image":{"@id":"https:\/\/fuentesfidedignas.com.mx\/index.php\/2025\/07\/04\/nina-de-9-anos-muere-por-calor-despues-de-que-su-madre-la-dejara-en-un-vehiculo-en-texas\/#primaryimage"},"thumbnailUrl":"https:\/\/fuentesfidedignas.com.mx\/wp-content\/uploads\/2025\/07\/calor.jpg","articleSection":["LAS ASOMBROSAS"],"inLanguage":"es","potentialAction":[{"@type":"CommentAction","name":"Comment","target":["https:\/\/fuentesfidedignas.com.mx\/index.php\/2025\/07\/04\/nina-de-9-anos-muere-por-calor-despues-de-que-su-madre-la-dejara-en-un-vehiculo-en-texas\/#respond"]}]},{"@type":"WebPage","@id":"https:\/\/fuentesfidedignas.com.mx\/index.php\/2025\/07\/04\/nina-de-9-anos-muere-por-calor-despues-de-que-su-madre-la-dejara-en-un-vehiculo-en-texas\/","url":"https:\/\/fuentesfidedignas.com.mx\/index.php\/2025\/07\/04\/nina-de-9-anos-muere-por-calor-despues-de-que-su-madre-la-dejara-en-un-vehiculo-en-texas\/","name":"Ni\u00f1a de 9 a\u00f1os muere por calor despu\u00e9s de que su madre la dejara en un veh\u00edculo en Texas - Fuentes Fidedignas","isPartOf":{"@id":"https:\/\/fuentesfidedignas.com.mx\/#website"},"primaryImageOfPage":{"@id":"https:\/\/fuentesfidedignas.com.mx\/index.php\/2025\/07\/04\/nina-de-9-anos-muere-por-calor-despues-de-que-su-madre-la-dejara-en-un-vehiculo-en-texas\/#primaryimage"},"image":{"@id":"https:\/\/fuentesfidedignas.com.mx\/index.php\/2025\/07\/04\/nina-de-9-anos-muere-por-calor-despues-de-que-su-madre-la-dejara-en-un-vehiculo-en-texas\/#primaryimage"},"thumbnailUrl":"https:\/\/fuentesfidedignas.com.mx\/wp-content\/uploads\/2025\/07\/calor.jpg","datePublished":"2025-07-04T12:07:00+00:00","dateModified":"2025-07-04T17:10:51+00:00","breadcrumb":{"@id":"https:\/\/fuentesfidedignas.com.mx\/index.php\/2025\/07\/04\/nina-de-9-anos-muere-por-calor-despues-de-que-su-madre-la-dejara-en-un-vehiculo-en-texas\/#breadcrumb"},"inLanguage":"es","potentialAction":[{"@type":"ReadAction","target":["https:\/\/fuentesfidedignas.com.mx\/index.php\/2025\/07\/04\/nina-de-9-anos-muere-por-calor-despues-de-que-su-madre-la-dejara-en-un-vehiculo-en-texas\/"]}]},{"@type":"ImageObject","inLanguage":"es","@id":"https:\/\/fuentesfidedignas.com.mx\/index.php\/2025\/07\/04\/nina-de-9-anos-muere-por-calor-despues-de-que-su-madre-la-dejara-en-un-vehiculo-en-texas\/#primaryimage","url":"https:\/\/fuentesfidedignas.com.mx\/wp-content\/uploads\/2025\/07\/calor.jpg","contentUrl":"https:\/\/fuentesfidedignas.com.mx\/wp-content\/uploads\/2025\/07\/calor.jpg","width":600,"height":337},{"@type":"BreadcrumbList","@id":"https:\/\/fuentesfidedignas.com.mx\/index.php\/2025\/07\/04\/nina-de-9-anos-muere-por-calor-despues-de-que-su-madre-la-dejara-en-un-vehiculo-en-texas\/#breadcrumb","itemListElement":[{"@type":"ListItem","position":1,"name":"Inicio","item":"https:\/\/fuentesfidedignas.com.mx\/"},{"@type":"ListItem","position":2,"name":"Ni\u00f1a de 9 a\u00f1os muere por calor despu\u00e9s de que su madre la dejara en un veh\u00edculo en Texas"}]},{"@type":"WebSite","@id":"https:\/\/fuentesfidedignas.com.mx\/#website","url":"https:\/\/fuentesfidedignas.com.mx\/","name":"Fuentes Fidedignas","description":"Otro sitio realizado con WordPress","publisher":{"@id":"https:\/\/fuentesfidedignas.com.mx\/#organization"},"potentialAction":[{"@type":"SearchAction","target":{"@type":"EntryPoint","urlTemplate":"https:\/\/fuentesfidedignas.com.mx\/?s={search_term_string}"},"query-input":{"@type":"PropertyValueSpecification","valueRequired":true,"valueName":"search_term_string"}}],"inLanguage":"es"},{"@type":"Organization","@id":"https:\/\/fuentesfidedignas.com.mx\/#organization","name":"Fuentes Fidedignas","url":"https:\/\/fuentesfidedignas.com.mx\/","logo":{"@type":"ImageObject","inLanguage":"es","@id":"https:\/\/fuentesfidedignas.com.mx\/#\/schema\/logo\/image\/","url":"https:\/\/fuentesfidedignas.com.mx\/wp-content\/uploads\/2021\/04\/logo-retina.png","contentUrl":"https:\/\/fuentesfidedignas.com.mx\/wp-content\/uploads\/2021\/04\/logo-retina.png","width":280,"height":51,"caption":"Fuentes Fidedignas"},"image":{"@id":"https:\/\/fuentesfidedignas.com.mx\/#\/schema\/logo\/image\/"},"sameAs":["https:\/\/www.facebook.com\/Fuentes-Fidedignas-368234489921644","https:\/\/x.com\/fidedignas"]},{"@type":"Person","@id":"https:\/\/fuentesfidedignas.com.mx\/#\/schema\/person\/0d44615087b5a626d5d3f13afe31ac41","name":"EFE","image":{"@type":"ImageObject","inLanguage":"es","@id":"https:\/\/secure.gravatar.com\/avatar\/7048c2d9b569d9bed55bb53ad23821e6e047aa66338fb6ea9868627bbb9f54e8?s=96&d=mm&r=g","url":"https:\/\/secure.gravatar.com\/avatar\/7048c2d9b569d9bed55bb53ad23821e6e047aa66338fb6ea9868627bbb9f54e8?s=96&d=mm&r=g","contentUrl":"https:\/\/secure.gravatar.com\/avatar\/7048c2d9b569d9bed55bb53ad23821e6e047aa66338fb6ea9868627bbb9f54e8?s=96&d=mm&r=g","caption":"EFE"},"url":"https:\/\/fuentesfidedignas.com.mx\/index.php\/author\/efe\/"}]}},"_links":{"self":[{"href":"https:\/\/fuentesfidedignas.com.mx\/index.php\/wp-json\/wp\/v2\/posts\/112125","targetHints":{"allow":["GET"]}}],"collection":[{"href":"https:\/\/fuentesfidedignas.com.mx\/index.php\/wp-json\/wp\/v2\/posts"}],"about":[{"href":"https:\/\/fuentesfidedignas.com.mx\/index.php\/wp-json\/wp\/v2\/types\/post"}],"author":[{"embeddable":true,"href":"https:\/\/fuentesfidedignas.com.mx\/index.php\/wp-json\/wp\/v2\/users\/22"}],"replies":[{"embeddable":true,"href":"https:\/\/fuentesfidedignas.com.mx\/index.php\/wp-json\/wp\/v2\/comments?post=112125"}],"version-history":[{"count":1,"href":"https:\/\/fuentesfidedignas.com.mx\/index.php\/wp-json\/wp\/v2\/posts\/112125\/revisions"}],"predecessor-version":[{"id":112128,"href":"https:\/\/fuentesfidedignas.com.mx\/index.php\/wp-json\/wp\/v2\/posts\/112125\/revisions\/112128"}],"wp:featuredmedia":[{"embeddable":true,"href":"https:\/\/fuentesfidedignas.com.mx\/index.php\/wp-json\/wp\/v2\/media\/112127"}],"wp:attachment":[{"href":"https:\/\/fuentesfidedignas.com.mx\/index.php\/wp-json\/wp\/v2\/media?parent=112125"}],"wp:term":[{"taxonomy":"category","embeddable":true,"href":"https:\/\/fuentesfidedignas.com.mx\/index.php\/wp-json\/wp\/v2\/categories?post=112125"},{"taxonomy":"post_tag","embeddable":true,"href":"https:\/\/fuentesfidedignas.com.mx\/index.php\/wp-json\/wp\/v2\/tags?post=112125"}],"curies":[{"name":"wp","href":"https:\/\/api.w.org\/{rel}","templated":true}]}}