{"id":112117,"date":"2025-07-04T09:17:10","date_gmt":"2025-07-04T16:17:10","guid":{"rendered":"https:\/\/fuentesfidedignas.com.mx\/?p=112117"},"modified":"2025-07-04T09:17:13","modified_gmt":"2025-07-04T16:17:13","slug":"sheinbaum-desconocia-orden-de-aprehension-contra-chavez-jr-espera-que-cumpla-sentencia-en-mexico","status":"publish","type":"post","link":"https:\/\/fuentesfidedignas.com.mx\/index.php\/2025\/07\/04\/sheinbaum-desconocia-orden-de-aprehension-contra-chavez-jr-espera-que-cumpla-sentencia-en-mexico\/","title":{"rendered":"Sheinbaum desconoc\u00eda orden de aprehensi\u00f3n contra Ch\u00e1vez Jr.; espera que cumpla sentencia en M\u00e9xico"},"content":{"rendered":"\n<p><strong><em>La presidenta Sheinbaum detall\u00f3 que el boxeador Julio C\u00e9sar Ch\u00e1vez Jr. ser\u00e1 deportado en pr\u00f3ximas horas a nuestro pa\u00eds<\/em><\/strong><\/p>\n\n\n\n<p>En la conferencia matutina de Palacio Nacional, Sheinbaum Pardo espera que Ch\u00e1vez Jr. sea deportado en pr\u00f3ximas horas a nuestro pa\u00eds para que cumpla su sentencia por delincuencia organizada y tr\u00e1fico de armas.<\/p>\n\n\n\n<p>&#8220;Personalmente no ten\u00eda conocimiento (de la orden de aprehensi\u00f3n contra Ch\u00e1vez Jr.). Ayer cuando sali\u00f3 la noticia nos comunicamos con la FGR y el fiscal (Alejandro Gertz) me dijo que s\u00ed ten\u00eda una orden de aprehensi\u00f3n en M\u00e9xico\u201d, indic\u00f3.<\/p>\n\n\n\n<p>\u201cIncluso inicia la carpeta de investigaci\u00f3n en 2019, se otorga la orden de aprehensi\u00f3n en 2023 y lo que nos informaron hoy en el Gabinete es que la mayor\u00eda del tiempo estaba ya en EE.UU. (\u2026) En parte la detenci\u00f3n tiene que ver con la orden de aprehensi\u00f3n que hay en M\u00e9xico. y se espera que pueda haber una deportaci\u00f3n y que pueda cumplir la sentencia en M\u00e9xico. En ese proceso est\u00e1n trabajando la FGR\u201d, afirm\u00f3.<\/p>\n\n\n\n<p>&#8220;No se hab\u00eda podido cumplimentar la orden de aprehensi\u00f3n porque una buena parte del tiempo estaba en los Estados unidos. Se detiene en los EE.UU. y se busca que se deporte a M\u00e9xico\u201d, indic\u00f3.<\/p>\n\n\n\n<p>Estados Unidos anunci\u00f3 la detenci\u00f3n del boxeador mexicano Julio C\u00e9sar Ch\u00e1vez Jr., al que acusa de tener nexos con el C\u00e1rtel de Sinaloa, y confirm\u00f3 que est\u00e1 preparando su deportaci\u00f3n.<\/p>\n\n\n\n<p>\u201cEste afiliado del C\u00f1artel de Sinaloa, con una orden de arresto vigente por tr\u00e1fico de armas, municiones y explosivos, fue arrestado por el Servicio de Inmigraci\u00f3n y Control de Aduanas de Estados Unidos (ICE)\u201d, dijo la subsecretaria del Departamento de Seguridad Nacional (DHS), Tricia McLaughlin, en un comunicado.<\/p>\n\n\n\n<p>Ch\u00e1vez Jr., quien el fin de semana tuvo una pelea con el boxeador estadounidense Jake Paul en Los \u00c1ngeles, California, fue capturado el 2 de julio eb Studio City, California, seg\u00fan revel\u00f3 el DHS.<\/p>\n\n\n\n<p>\u201cBajo la presidencia de Trump, nadie est\u00e1 por encima de la ley, ni siquiera los atletas de fama mundial. Nuestro mensaje a cualquier afiliado a un c\u00e1rtel en Estados Unidos es claro: los encontraremos y enfrentar\u00e1n las consecuencias. Se acabaron los d\u00edas de violencia desenfrenada de los c\u00e1rteles\u201d, agreg\u00f3 McLaughlin.<\/p>\n\n\n\n<p>Seg\u00fan el comunicado de DHS, Ch\u00e1vez Jr. tiene una orden de aprehensi\u00f3n activa en M\u00e9xico por su participaci\u00f3n en el crimen organizado y el tr\u00e1fico de armas.<\/p>\n\n\n\n<p>\u201cSe cree que Ch\u00e1vez tambi\u00e9n es afiliado al C\u00e1rtel de Sinaloa\u201d, a\u00f1adi\u00f3 el texto. Dicha entidad criminal ha sido designada como organizaci\u00f3n terrorista extranjera por la Administraci\u00f3n del presidente Donald Trump.<\/p>\n","protected":false},"excerpt":{"rendered":"<p>La presidenta Sheinbaum detall\u00f3 que el boxeador Julio C\u00e9sar Ch\u00e1vez Jr. ser\u00e1 deportado en pr\u00f3ximas horas a nuestro pa\u00eds En la conferencia matutina de Palacio Nacional, Sheinbaum Pardo espera que Ch\u00e1vez Jr. sea deportado en pr\u00f3ximas horas a nuestro pa\u00eds para que cumpla su sentencia por delincuencia organizada y tr\u00e1fico de armas. &#8220;Personalmente no ten\u00eda [&hellip;]<\/p>\n","protected":false},"author":47,"featured_media":103016,"comment_status":"open","ping_status":"open","sticky":false,"template":"","format":"standard","meta":{"tdm_status":"","tdm_grid_status":"","footnotes":""},"categories":[39],"tags":[],"class_list":{"0":"post-112117","1":"post","2":"type-post","3":"status-publish","4":"format-standard","5":"has-post-thumbnail","7":"category-noticias-nacionales"},"yoast_head":"<!-- This site is optimized with the Yoast SEO plugin v27.4 - https:\/\/yoast.com\/product\/yoast-seo-wordpress\/ -->\n<title>Sheinbaum desconoc\u00eda orden de aprehensi\u00f3n contra Ch\u00e1vez Jr.; espera que cumpla sentencia en M\u00e9xico - Fuentes Fidedignas<\/title>\n<meta name=\"robots\" content=\"index, follow, max-snippet:-1, max-image-preview:large, max-video-preview:-1\" \/>\n<link rel=\"canonical\" href=\"https:\/\/fuentesfidedignas.com.mx\/index.php\/2025\/07\/04\/sheinbaum-desconocia-orden-de-aprehension-contra-chavez-jr-espera-que-cumpla-sentencia-en-mexico\/\" \/>\n<meta property=\"og:locale\" content=\"es_MX\" \/>\n<meta property=\"og:type\" content=\"article\" \/>\n<meta property=\"og:title\" content=\"Sheinbaum desconoc\u00eda orden de aprehensi\u00f3n contra Ch\u00e1vez Jr.; espera que cumpla sentencia en M\u00e9xico - Fuentes Fidedignas\" \/>\n<meta property=\"og:description\" content=\"La presidenta Sheinbaum detall\u00f3 que el boxeador Julio C\u00e9sar Ch\u00e1vez Jr. ser\u00e1 deportado en pr\u00f3ximas horas a nuestro pa\u00eds En la conferencia matutina de Palacio Nacional, Sheinbaum Pardo espera que Ch\u00e1vez Jr. sea deportado en pr\u00f3ximas horas a nuestro pa\u00eds para que cumpla su sentencia por delincuencia organizada y tr\u00e1fico de armas. &#8220;Personalmente no ten\u00eda [&hellip;]\" \/>\n<meta property=\"og:url\" content=\"https:\/\/fuentesfidedignas.com.mx\/index.php\/2025\/07\/04\/sheinbaum-desconocia-orden-de-aprehension-contra-chavez-jr-espera-que-cumpla-sentencia-en-mexico\/\" \/>\n<meta property=\"og:site_name\" content=\"Fuentes Fidedignas\" \/>\n<meta property=\"article:publisher\" content=\"https:\/\/www.facebook.com\/Fuentes-Fidedignas-368234489921644\" \/>\n<meta property=\"article:published_time\" content=\"2025-07-04T16:17:10+00:00\" \/>\n<meta property=\"article:modified_time\" content=\"2025-07-04T16:17:13+00:00\" \/>\n<meta property=\"og:image\" content=\"https:\/\/fuentesfidedignas.com.mx\/wp-content\/uploads\/2025\/03\/Claudia-Sheinbaum.jpg\" \/>\n\t<meta property=\"og:image:width\" content=\"600\" \/>\n\t<meta property=\"og:image:height\" content=\"338\" \/>\n\t<meta property=\"og:image:type\" content=\"image\/jpeg\" \/>\n<meta name=\"author\" content=\"L\u00f3pez D\u00f3riga\" \/>\n<meta name=\"twitter:card\" content=\"summary_large_image\" \/>\n<meta name=\"twitter:creator\" content=\"@fidedignas\" \/>\n<meta name=\"twitter:site\" content=\"@fidedignas\" \/>\n<meta name=\"twitter:label1\" content=\"Escrito por\" \/>\n\t<meta name=\"twitter:data1\" content=\"L\u00f3pez D\u00f3riga\" \/>\n\t<meta name=\"twitter:label2\" content=\"Tiempo de lectura\" \/>\n\t<meta name=\"twitter:data2\" content=\"3 minutos\" \/>\n<script type=\"application\/ld+json\" class=\"yoast-schema-graph\">{\"@context\":\"https:\\\/\\\/schema.org\",\"@graph\":[{\"@type\":\"Article\",\"@id\":\"https:\\\/\\\/fuentesfidedignas.com.mx\\\/index.php\\\/2025\\\/07\\\/04\\\/sheinbaum-desconocia-orden-de-aprehension-contra-chavez-jr-espera-que-cumpla-sentencia-en-mexico\\\/#article\",\"isPartOf\":{\"@id\":\"https:\\\/\\\/fuentesfidedignas.com.mx\\\/index.php\\\/2025\\\/07\\\/04\\\/sheinbaum-desconocia-orden-de-aprehension-contra-chavez-jr-espera-que-cumpla-sentencia-en-mexico\\\/\"},\"author\":{\"name\":\"L\u00f3pez D\u00f3riga\",\"@id\":\"https:\\\/\\\/fuentesfidedignas.com.mx\\\/#\\\/schema\\\/person\\\/67d852f0557c8509146a4b9ddebd543a\"},\"headline\":\"Sheinbaum desconoc\u00eda orden de aprehensi\u00f3n contra Ch\u00e1vez Jr.; espera que cumpla sentencia en M\u00e9xico\",\"datePublished\":\"2025-07-04T16:17:10+00:00\",\"dateModified\":\"2025-07-04T16:17:13+00:00\",\"mainEntityOfPage\":{\"@id\":\"https:\\\/\\\/fuentesfidedignas.com.mx\\\/index.php\\\/2025\\\/07\\\/04\\\/sheinbaum-desconocia-orden-de-aprehension-contra-chavez-jr-espera-que-cumpla-sentencia-en-mexico\\\/\"},\"wordCount\":489,\"commentCount\":0,\"publisher\":{\"@id\":\"https:\\\/\\\/fuentesfidedignas.com.mx\\\/#organization\"},\"image\":{\"@id\":\"https:\\\/\\\/fuentesfidedignas.com.mx\\\/index.php\\\/2025\\\/07\\\/04\\\/sheinbaum-desconocia-orden-de-aprehension-contra-chavez-jr-espera-que-cumpla-sentencia-en-mexico\\\/#primaryimage\"},\"thumbnailUrl\":\"https:\\\/\\\/fuentesfidedignas.com.mx\\\/wp-content\\\/uploads\\\/2025\\\/03\\\/Claudia-Sheinbaum.jpg\",\"articleSection\":[\"NOTICIAS NACIONALES\"],\"inLanguage\":\"es\",\"potentialAction\":[{\"@type\":\"CommentAction\",\"name\":\"Comment\",\"target\":[\"https:\\\/\\\/fuentesfidedignas.com.mx\\\/index.php\\\/2025\\\/07\\\/04\\\/sheinbaum-desconocia-orden-de-aprehension-contra-chavez-jr-espera-que-cumpla-sentencia-en-mexico\\\/#respond\"]}]},{\"@type\":\"WebPage\",\"@id\":\"https:\\\/\\\/fuentesfidedignas.com.mx\\\/index.php\\\/2025\\\/07\\\/04\\\/sheinbaum-desconocia-orden-de-aprehension-contra-chavez-jr-espera-que-cumpla-sentencia-en-mexico\\\/\",\"url\":\"https:\\\/\\\/fuentesfidedignas.com.mx\\\/index.php\\\/2025\\\/07\\\/04\\\/sheinbaum-desconocia-orden-de-aprehension-contra-chavez-jr-espera-que-cumpla-sentencia-en-mexico\\\/\",\"name\":\"Sheinbaum desconoc\u00eda orden de aprehensi\u00f3n contra Ch\u00e1vez Jr.; espera que cumpla sentencia en M\u00e9xico - Fuentes Fidedignas\",\"isPartOf\":{\"@id\":\"https:\\\/\\\/fuentesfidedignas.com.mx\\\/#website\"},\"primaryImageOfPage\":{\"@id\":\"https:\\\/\\\/fuentesfidedignas.com.mx\\\/index.php\\\/2025\\\/07\\\/04\\\/sheinbaum-desconocia-orden-de-aprehension-contra-chavez-jr-espera-que-cumpla-sentencia-en-mexico\\\/#primaryimage\"},\"image\":{\"@id\":\"https:\\\/\\\/fuentesfidedignas.com.mx\\\/index.php\\\/2025\\\/07\\\/04\\\/sheinbaum-desconocia-orden-de-aprehension-contra-chavez-jr-espera-que-cumpla-sentencia-en-mexico\\\/#primaryimage\"},\"thumbnailUrl\":\"https:\\\/\\\/fuentesfidedignas.com.mx\\\/wp-content\\\/uploads\\\/2025\\\/03\\\/Claudia-Sheinbaum.jpg\",\"datePublished\":\"2025-07-04T16:17:10+00:00\",\"dateModified\":\"2025-07-04T16:17:13+00:00\",\"breadcrumb\":{\"@id\":\"https:\\\/\\\/fuentesfidedignas.com.mx\\\/index.php\\\/2025\\\/07\\\/04\\\/sheinbaum-desconocia-orden-de-aprehension-contra-chavez-jr-espera-que-cumpla-sentencia-en-mexico\\\/#breadcrumb\"},\"inLanguage\":\"es\",\"potentialAction\":[{\"@type\":\"ReadAction\",\"target\":[\"https:\\\/\\\/fuentesfidedignas.com.mx\\\/index.php\\\/2025\\\/07\\\/04\\\/sheinbaum-desconocia-orden-de-aprehension-contra-chavez-jr-espera-que-cumpla-sentencia-en-mexico\\\/\"]}]},{\"@type\":\"ImageObject\",\"inLanguage\":\"es\",\"@id\":\"https:\\\/\\\/fuentesfidedignas.com.mx\\\/index.php\\\/2025\\\/07\\\/04\\\/sheinbaum-desconocia-orden-de-aprehension-contra-chavez-jr-espera-que-cumpla-sentencia-en-mexico\\\/#primaryimage\",\"url\":\"https:\\\/\\\/fuentesfidedignas.com.mx\\\/wp-content\\\/uploads\\\/2025\\\/03\\\/Claudia-Sheinbaum.jpg\",\"contentUrl\":\"https:\\\/\\\/fuentesfidedignas.com.mx\\\/wp-content\\\/uploads\\\/2025\\\/03\\\/Claudia-Sheinbaum.jpg\",\"width\":600,\"height\":338},{\"@type\":\"BreadcrumbList\",\"@id\":\"https:\\\/\\\/fuentesfidedignas.com.mx\\\/index.php\\\/2025\\\/07\\\/04\\\/sheinbaum-desconocia-orden-de-aprehension-contra-chavez-jr-espera-que-cumpla-sentencia-en-mexico\\\/#breadcrumb\",\"itemListElement\":[{\"@type\":\"ListItem\",\"position\":1,\"name\":\"Inicio\",\"item\":\"https:\\\/\\\/fuentesfidedignas.com.mx\\\/\"},{\"@type\":\"ListItem\",\"position\":2,\"name\":\"Sheinbaum desconoc\u00eda orden de aprehensi\u00f3n contra Ch\u00e1vez Jr.; espera que cumpla sentencia en M\u00e9xico\"}]},{\"@type\":\"WebSite\",\"@id\":\"https:\\\/\\\/fuentesfidedignas.com.mx\\\/#website\",\"url\":\"https:\\\/\\\/fuentesfidedignas.com.mx\\\/\",\"name\":\"Fuentes Fidedignas\",\"description\":\"Otro sitio realizado con WordPress\",\"publisher\":{\"@id\":\"https:\\\/\\\/fuentesfidedignas.com.mx\\\/#organization\"},\"potentialAction\":[{\"@type\":\"SearchAction\",\"target\":{\"@type\":\"EntryPoint\",\"urlTemplate\":\"https:\\\/\\\/fuentesfidedignas.com.mx\\\/?s={search_term_string}\"},\"query-input\":{\"@type\":\"PropertyValueSpecification\",\"valueRequired\":true,\"valueName\":\"search_term_string\"}}],\"inLanguage\":\"es\"},{\"@type\":\"Organization\",\"@id\":\"https:\\\/\\\/fuentesfidedignas.com.mx\\\/#organization\",\"name\":\"Fuentes Fidedignas\",\"url\":\"https:\\\/\\\/fuentesfidedignas.com.mx\\\/\",\"logo\":{\"@type\":\"ImageObject\",\"inLanguage\":\"es\",\"@id\":\"https:\\\/\\\/fuentesfidedignas.com.mx\\\/#\\\/schema\\\/logo\\\/image\\\/\",\"url\":\"https:\\\/\\\/fuentesfidedignas.com.mx\\\/wp-content\\\/uploads\\\/2021\\\/04\\\/logo-retina.png\",\"contentUrl\":\"https:\\\/\\\/fuentesfidedignas.com.mx\\\/wp-content\\\/uploads\\\/2021\\\/04\\\/logo-retina.png\",\"width\":280,\"height\":51,\"caption\":\"Fuentes Fidedignas\"},\"image\":{\"@id\":\"https:\\\/\\\/fuentesfidedignas.com.mx\\\/#\\\/schema\\\/logo\\\/image\\\/\"},\"sameAs\":[\"https:\\\/\\\/www.facebook.com\\\/Fuentes-Fidedignas-368234489921644\",\"https:\\\/\\\/x.com\\\/fidedignas\"]},{\"@type\":\"Person\",\"@id\":\"https:\\\/\\\/fuentesfidedignas.com.mx\\\/#\\\/schema\\\/person\\\/67d852f0557c8509146a4b9ddebd543a\",\"name\":\"L\u00f3pez D\u00f3riga\",\"image\":{\"@type\":\"ImageObject\",\"inLanguage\":\"es\",\"@id\":\"https:\\\/\\\/secure.gravatar.com\\\/avatar\\\/e525b06574ca18b33cded59dfe5778d6c823b9513154eff47da551b0551bdd1e?s=96&d=mm&r=g\",\"url\":\"https:\\\/\\\/secure.gravatar.com\\\/avatar\\\/e525b06574ca18b33cded59dfe5778d6c823b9513154eff47da551b0551bdd1e?s=96&d=mm&r=g\",\"contentUrl\":\"https:\\\/\\\/secure.gravatar.com\\\/avatar\\\/e525b06574ca18b33cded59dfe5778d6c823b9513154eff47da551b0551bdd1e?s=96&d=mm&r=g\",\"caption\":\"L\u00f3pez D\u00f3riga\"},\"url\":\"https:\\\/\\\/fuentesfidedignas.com.mx\\\/index.php\\\/author\\\/doriga\\\/\"}]}<\/script>\n<!-- \/ Yoast SEO plugin. -->","yoast_head_json":{"title":"Sheinbaum desconoc\u00eda orden de aprehensi\u00f3n contra Ch\u00e1vez Jr.; espera que cumpla sentencia en M\u00e9xico - Fuentes Fidedignas","robots":{"index":"index","follow":"follow","max-snippet":"max-snippet:-1","max-image-preview":"max-image-preview:large","max-video-preview":"max-video-preview:-1"},"canonical":"https:\/\/fuentesfidedignas.com.mx\/index.php\/2025\/07\/04\/sheinbaum-desconocia-orden-de-aprehension-contra-chavez-jr-espera-que-cumpla-sentencia-en-mexico\/","og_locale":"es_MX","og_type":"article","og_title":"Sheinbaum desconoc\u00eda orden de aprehensi\u00f3n contra Ch\u00e1vez Jr.; espera que cumpla sentencia en M\u00e9xico - Fuentes Fidedignas","og_description":"La presidenta Sheinbaum detall\u00f3 que el boxeador Julio C\u00e9sar Ch\u00e1vez Jr. ser\u00e1 deportado en pr\u00f3ximas horas a nuestro pa\u00eds En la conferencia matutina de Palacio Nacional, Sheinbaum Pardo espera que Ch\u00e1vez Jr. sea deportado en pr\u00f3ximas horas a nuestro pa\u00eds para que cumpla su sentencia por delincuencia organizada y tr\u00e1fico de armas. &#8220;Personalmente no ten\u00eda [&hellip;]","og_url":"https:\/\/fuentesfidedignas.com.mx\/index.php\/2025\/07\/04\/sheinbaum-desconocia-orden-de-aprehension-contra-chavez-jr-espera-que-cumpla-sentencia-en-mexico\/","og_site_name":"Fuentes Fidedignas","article_publisher":"https:\/\/www.facebook.com\/Fuentes-Fidedignas-368234489921644","article_published_time":"2025-07-04T16:17:10+00:00","article_modified_time":"2025-07-04T16:17:13+00:00","og_image":[{"width":600,"height":338,"url":"https:\/\/fuentesfidedignas.com.mx\/wp-content\/uploads\/2025\/03\/Claudia-Sheinbaum.jpg","type":"image\/jpeg"}],"author":"L\u00f3pez D\u00f3riga","twitter_card":"summary_large_image","twitter_creator":"@fidedignas","twitter_site":"@fidedignas","twitter_misc":{"Escrito por":"L\u00f3pez D\u00f3riga","Tiempo de lectura":"3 minutos"},"schema":{"@context":"https:\/\/schema.org","@graph":[{"@type":"Article","@id":"https:\/\/fuentesfidedignas.com.mx\/index.php\/2025\/07\/04\/sheinbaum-desconocia-orden-de-aprehension-contra-chavez-jr-espera-que-cumpla-sentencia-en-mexico\/#article","isPartOf":{"@id":"https:\/\/fuentesfidedignas.com.mx\/index.php\/2025\/07\/04\/sheinbaum-desconocia-orden-de-aprehension-contra-chavez-jr-espera-que-cumpla-sentencia-en-mexico\/"},"author":{"name":"L\u00f3pez D\u00f3riga","@id":"https:\/\/fuentesfidedignas.com.mx\/#\/schema\/person\/67d852f0557c8509146a4b9ddebd543a"},"headline":"Sheinbaum desconoc\u00eda orden de aprehensi\u00f3n contra Ch\u00e1vez Jr.; espera que cumpla sentencia en M\u00e9xico","datePublished":"2025-07-04T16:17:10+00:00","dateModified":"2025-07-04T16:17:13+00:00","mainEntityOfPage":{"@id":"https:\/\/fuentesfidedignas.com.mx\/index.php\/2025\/07\/04\/sheinbaum-desconocia-orden-de-aprehension-contra-chavez-jr-espera-que-cumpla-sentencia-en-mexico\/"},"wordCount":489,"commentCount":0,"publisher":{"@id":"https:\/\/fuentesfidedignas.com.mx\/#organization"},"image":{"@id":"https:\/\/fuentesfidedignas.com.mx\/index.php\/2025\/07\/04\/sheinbaum-desconocia-orden-de-aprehension-contra-chavez-jr-espera-que-cumpla-sentencia-en-mexico\/#primaryimage"},"thumbnailUrl":"https:\/\/fuentesfidedignas.com.mx\/wp-content\/uploads\/2025\/03\/Claudia-Sheinbaum.jpg","articleSection":["NOTICIAS NACIONALES"],"inLanguage":"es","potentialAction":[{"@type":"CommentAction","name":"Comment","target":["https:\/\/fuentesfidedignas.com.mx\/index.php\/2025\/07\/04\/sheinbaum-desconocia-orden-de-aprehension-contra-chavez-jr-espera-que-cumpla-sentencia-en-mexico\/#respond"]}]},{"@type":"WebPage","@id":"https:\/\/fuentesfidedignas.com.mx\/index.php\/2025\/07\/04\/sheinbaum-desconocia-orden-de-aprehension-contra-chavez-jr-espera-que-cumpla-sentencia-en-mexico\/","url":"https:\/\/fuentesfidedignas.com.mx\/index.php\/2025\/07\/04\/sheinbaum-desconocia-orden-de-aprehension-contra-chavez-jr-espera-que-cumpla-sentencia-en-mexico\/","name":"Sheinbaum desconoc\u00eda orden de aprehensi\u00f3n contra Ch\u00e1vez Jr.; espera que cumpla sentencia en M\u00e9xico - Fuentes Fidedignas","isPartOf":{"@id":"https:\/\/fuentesfidedignas.com.mx\/#website"},"primaryImageOfPage":{"@id":"https:\/\/fuentesfidedignas.com.mx\/index.php\/2025\/07\/04\/sheinbaum-desconocia-orden-de-aprehension-contra-chavez-jr-espera-que-cumpla-sentencia-en-mexico\/#primaryimage"},"image":{"@id":"https:\/\/fuentesfidedignas.com.mx\/index.php\/2025\/07\/04\/sheinbaum-desconocia-orden-de-aprehension-contra-chavez-jr-espera-que-cumpla-sentencia-en-mexico\/#primaryimage"},"thumbnailUrl":"https:\/\/fuentesfidedignas.com.mx\/wp-content\/uploads\/2025\/03\/Claudia-Sheinbaum.jpg","datePublished":"2025-07-04T16:17:10+00:00","dateModified":"2025-07-04T16:17:13+00:00","breadcrumb":{"@id":"https:\/\/fuentesfidedignas.com.mx\/index.php\/2025\/07\/04\/sheinbaum-desconocia-orden-de-aprehension-contra-chavez-jr-espera-que-cumpla-sentencia-en-mexico\/#breadcrumb"},"inLanguage":"es","potentialAction":[{"@type":"ReadAction","target":["https:\/\/fuentesfidedignas.com.mx\/index.php\/2025\/07\/04\/sheinbaum-desconocia-orden-de-aprehension-contra-chavez-jr-espera-que-cumpla-sentencia-en-mexico\/"]}]},{"@type":"ImageObject","inLanguage":"es","@id":"https:\/\/fuentesfidedignas.com.mx\/index.php\/2025\/07\/04\/sheinbaum-desconocia-orden-de-aprehension-contra-chavez-jr-espera-que-cumpla-sentencia-en-mexico\/#primaryimage","url":"https:\/\/fuentesfidedignas.com.mx\/wp-content\/uploads\/2025\/03\/Claudia-Sheinbaum.jpg","contentUrl":"https:\/\/fuentesfidedignas.com.mx\/wp-content\/uploads\/2025\/03\/Claudia-Sheinbaum.jpg","width":600,"height":338},{"@type":"BreadcrumbList","@id":"https:\/\/fuentesfidedignas.com.mx\/index.php\/2025\/07\/04\/sheinbaum-desconocia-orden-de-aprehension-contra-chavez-jr-espera-que-cumpla-sentencia-en-mexico\/#breadcrumb","itemListElement":[{"@type":"ListItem","position":1,"name":"Inicio","item":"https:\/\/fuentesfidedignas.com.mx\/"},{"@type":"ListItem","position":2,"name":"Sheinbaum desconoc\u00eda orden de aprehensi\u00f3n contra Ch\u00e1vez Jr.; espera que cumpla sentencia en M\u00e9xico"}]},{"@type":"WebSite","@id":"https:\/\/fuentesfidedignas.com.mx\/#website","url":"https:\/\/fuentesfidedignas.com.mx\/","name":"Fuentes Fidedignas","description":"Otro sitio realizado con WordPress","publisher":{"@id":"https:\/\/fuentesfidedignas.com.mx\/#organization"},"potentialAction":[{"@type":"SearchAction","target":{"@type":"EntryPoint","urlTemplate":"https:\/\/fuentesfidedignas.com.mx\/?s={search_term_string}"},"query-input":{"@type":"PropertyValueSpecification","valueRequired":true,"valueName":"search_term_string"}}],"inLanguage":"es"},{"@type":"Organization","@id":"https:\/\/fuentesfidedignas.com.mx\/#organization","name":"Fuentes Fidedignas","url":"https:\/\/fuentesfidedignas.com.mx\/","logo":{"@type":"ImageObject","inLanguage":"es","@id":"https:\/\/fuentesfidedignas.com.mx\/#\/schema\/logo\/image\/","url":"https:\/\/fuentesfidedignas.com.mx\/wp-content\/uploads\/2021\/04\/logo-retina.png","contentUrl":"https:\/\/fuentesfidedignas.com.mx\/wp-content\/uploads\/2021\/04\/logo-retina.png","width":280,"height":51,"caption":"Fuentes Fidedignas"},"image":{"@id":"https:\/\/fuentesfidedignas.com.mx\/#\/schema\/logo\/image\/"},"sameAs":["https:\/\/www.facebook.com\/Fuentes-Fidedignas-368234489921644","https:\/\/x.com\/fidedignas"]},{"@type":"Person","@id":"https:\/\/fuentesfidedignas.com.mx\/#\/schema\/person\/67d852f0557c8509146a4b9ddebd543a","name":"L\u00f3pez D\u00f3riga","image":{"@type":"ImageObject","inLanguage":"es","@id":"https:\/\/secure.gravatar.com\/avatar\/e525b06574ca18b33cded59dfe5778d6c823b9513154eff47da551b0551bdd1e?s=96&d=mm&r=g","url":"https:\/\/secure.gravatar.com\/avatar\/e525b06574ca18b33cded59dfe5778d6c823b9513154eff47da551b0551bdd1e?s=96&d=mm&r=g","contentUrl":"https:\/\/secure.gravatar.com\/avatar\/e525b06574ca18b33cded59dfe5778d6c823b9513154eff47da551b0551bdd1e?s=96&d=mm&r=g","caption":"L\u00f3pez D\u00f3riga"},"url":"https:\/\/fuentesfidedignas.com.mx\/index.php\/author\/doriga\/"}]}},"_links":{"self":[{"href":"https:\/\/fuentesfidedignas.com.mx\/index.php\/wp-json\/wp\/v2\/posts\/112117","targetHints":{"allow":["GET"]}}],"collection":[{"href":"https:\/\/fuentesfidedignas.com.mx\/index.php\/wp-json\/wp\/v2\/posts"}],"about":[{"href":"https:\/\/fuentesfidedignas.com.mx\/index.php\/wp-json\/wp\/v2\/types\/post"}],"author":[{"embeddable":true,"href":"https:\/\/fuentesfidedignas.com.mx\/index.php\/wp-json\/wp\/v2\/users\/47"}],"replies":[{"embeddable":true,"href":"https:\/\/fuentesfidedignas.com.mx\/index.php\/wp-json\/wp\/v2\/comments?post=112117"}],"version-history":[{"count":1,"href":"https:\/\/fuentesfidedignas.com.mx\/index.php\/wp-json\/wp\/v2\/posts\/112117\/revisions"}],"predecessor-version":[{"id":112118,"href":"https:\/\/fuentesfidedignas.com.mx\/index.php\/wp-json\/wp\/v2\/posts\/112117\/revisions\/112118"}],"wp:featuredmedia":[{"embeddable":true,"href":"https:\/\/fuentesfidedignas.com.mx\/index.php\/wp-json\/wp\/v2\/media\/103016"}],"wp:attachment":[{"href":"https:\/\/fuentesfidedignas.com.mx\/index.php\/wp-json\/wp\/v2\/media?parent=112117"}],"wp:term":[{"taxonomy":"category","embeddable":true,"href":"https:\/\/fuentesfidedignas.com.mx\/index.php\/wp-json\/wp\/v2\/categories?post=112117"},{"taxonomy":"post_tag","embeddable":true,"href":"https:\/\/fuentesfidedignas.com.mx\/index.php\/wp-json\/wp\/v2\/tags?post=112117"}],"curies":[{"name":"wp","href":"https:\/\/api.w.org\/{rel}","templated":true}]}}