{"id":112111,"date":"2025-07-04T08:32:08","date_gmt":"2025-07-04T15:32:08","guid":{"rendered":"https:\/\/fuentesfidedignas.com.mx\/?p=112111"},"modified":"2025-07-04T09:13:18","modified_gmt":"2025-07-04T16:13:18","slug":"en-las-aguamitas-en-navolato-detienen-a-11-civiles-y-asegura-vehiculos-y-armamento","status":"publish","type":"post","link":"https:\/\/fuentesfidedignas.com.mx\/index.php\/2025\/07\/04\/en-las-aguamitas-en-navolato-detienen-a-11-civiles-y-asegura-vehiculos-y-armamento\/","title":{"rendered":"En Las Aguamitas, en Navolato, detienen a 11 civiles y aseguran veh\u00edculos y armamento"},"content":{"rendered":"\n<p><strong><em>Cinco de ellos ten\u00edan heridas por arma de fuego, as\u00ed como 1 agresor reducido.<\/em><\/strong><\/p>\n\n\n\n<p>Elementos de la Secretar\u00eda de Seguridad P\u00fablica de Sinaloa, a trav\u00e9s de la Polic\u00eda Estatal Preventiva, en coordinaci\u00f3n con el Ej\u00e9rcito Mexicano, la Guardia Nacional, la Secretar\u00eda de Marina, la Secretar\u00eda de Seguridad y Protecci\u00f3n Ciudadana, la Fiscal\u00eda General de la Rep\u00fablica y la Fiscal\u00eda General del Estado, detuvieron a 11 civiles, veh\u00edculos y armas.<\/p>\n\n\n\n<p>Al realizar recorridos de prevenci\u00f3n y seguridad en las inmediaciones del campo pesquero Las Aguamitas, en el municipio de Navolato, polic\u00edas estatales observaron a civiles armados que se desplazaban en veh\u00edculos, por lo que solicitaron apoyo a\u00e9reo y de personal del Ej\u00e9rcito Mexicano. Al acercarse a los veh\u00edculos identificados, los uniformados fueron atacados, por lo que repelieron la agresi\u00f3n.<\/p>\n\n\n\n<p>Una vez controlada la situaci\u00f3n, se tuvieron los siguientes resultados:<\/p>\n\n\n\n<ul class=\"wp-block-list\">\n<li>11 agresores detenidos, de los cuales 5 ten\u00edan heridas por arma de fuego, as\u00ed como 1 agresor reducido.<\/li>\n<\/ul>\n\n\n\n<p>Se asegur\u00f3 el siguiente armamento y veh\u00edculos:<\/p>\n\n\n\n<ul class=\"wp-block-list\">\n<li>1 ametralladora FN Minimi calibre 5.56 x 45 mm.<\/li>\n\n\n\n<li>1 fusil Barret calibre .50<\/li>\n\n\n\n<li>1 fusil SCAR calibre 7.62 x 51 mm.<\/li>\n\n\n\n<li>7 AK-47 calibre 7.62 x 39 mm.<\/li>\n\n\n\n<li>2 fusiles M4 calibre 5.56 x 45 mm. con aditamento lanzagranadas.<\/li>\n\n\n\n<li>4 fusiles M4 calibre 5.56 x 45 mm.<\/li>\n\n\n\n<li>3 pistolas calibre 9 mm.<\/li>\n\n\n\n<li>Cargadores, cintas y cartuchos de diferentes calibres.<\/li>\n\n\n\n<li>Equipo y chalecos t\u00e1cticos.<\/li>\n\n\n\n<li>1 Volkswagen Jetta color blanco.<\/li>\n\n\n\n<li>1 Volkswagen Jetta color plata.<\/li>\n\n\n\n<li>1 Audi Q5 color negro.<\/li>\n\n\n\n<li>1 Nissan Frontier color negro.<\/li>\n<\/ul>\n\n\n\n<p>Las personas lesionadas fueron trasladadas para recibir atenci\u00f3n m\u00e9dica, mientras que los dem\u00e1s detenidos y el resto de los indicios asegurados fueron puestos a disposici\u00f3n del Ministerio P\u00fablico de la Fiscal\u00eda General de la Rep\u00fablica para que se lleven a cabo las indagatorias correspondientes.<\/p>\n\n\n\n<p>Con estas acciones, el Gobierno Federal y el Gobierno del Estado reafirman su compromiso de salvaguardar la integridad de la sociedad sinaloense al inhibir la circulaci\u00f3n de armamento. Se invita a utilizar oportunamente el 911 para cualquier emergencia y el 089 para realizar denuncias an\u00f3nimas.<\/p>\n","protected":false},"excerpt":{"rendered":"<p>Cinco de ellos ten\u00edan heridas por arma de fuego, as\u00ed como 1 agresor reducido. Elementos de la Secretar\u00eda de Seguridad P\u00fablica de Sinaloa, a trav\u00e9s de la Polic\u00eda Estatal Preventiva, en coordinaci\u00f3n con el Ej\u00e9rcito Mexicano, la Guardia Nacional, la Secretar\u00eda de Marina, la Secretar\u00eda de Seguridad y Protecci\u00f3n Ciudadana, la Fiscal\u00eda General de la [&hellip;]<\/p>\n","protected":false},"author":4,"featured_media":112112,"comment_status":"open","ping_status":"open","sticky":false,"template":"","format":"standard","meta":{"tdm_status":"","tdm_grid_status":"","footnotes":""},"categories":[37],"tags":[],"class_list":{"0":"post-112111","1":"post","2":"type-post","3":"status-publish","4":"format-standard","5":"has-post-thumbnail","7":"category-nota-principal"},"yoast_head":"<!-- This site is optimized with the Yoast SEO plugin v27.5 - https:\/\/yoast.com\/product\/yoast-seo-wordpress\/ -->\n<title>En Las Aguamitas, en Navolato, detienen a 11 civiles y aseguran veh\u00edculos y armamento - Fuentes Fidedignas<\/title>\n<meta name=\"robots\" content=\"index, follow, max-snippet:-1, max-image-preview:large, max-video-preview:-1\" \/>\n<link rel=\"canonical\" href=\"https:\/\/fuentesfidedignas.com.mx\/index.php\/2025\/07\/04\/en-las-aguamitas-en-navolato-detienen-a-11-civiles-y-asegura-vehiculos-y-armamento\/\" \/>\n<meta property=\"og:locale\" content=\"es_MX\" \/>\n<meta property=\"og:type\" content=\"article\" \/>\n<meta property=\"og:title\" content=\"En Las Aguamitas, en Navolato, detienen a 11 civiles y aseguran veh\u00edculos y armamento - Fuentes Fidedignas\" \/>\n<meta property=\"og:description\" content=\"Cinco de ellos ten\u00edan heridas por arma de fuego, as\u00ed como 1 agresor reducido. Elementos de la Secretar\u00eda de Seguridad P\u00fablica de Sinaloa, a trav\u00e9s de la Polic\u00eda Estatal Preventiva, en coordinaci\u00f3n con el Ej\u00e9rcito Mexicano, la Guardia Nacional, la Secretar\u00eda de Marina, la Secretar\u00eda de Seguridad y Protecci\u00f3n Ciudadana, la Fiscal\u00eda General de la [&hellip;]\" \/>\n<meta property=\"og:url\" content=\"https:\/\/fuentesfidedignas.com.mx\/index.php\/2025\/07\/04\/en-las-aguamitas-en-navolato-detienen-a-11-civiles-y-asegura-vehiculos-y-armamento\/\" \/>\n<meta property=\"og:site_name\" content=\"Fuentes Fidedignas\" \/>\n<meta property=\"article:publisher\" content=\"https:\/\/www.facebook.com\/Fuentes-Fidedignas-368234489921644\" \/>\n<meta property=\"article:published_time\" content=\"2025-07-04T15:32:08+00:00\" \/>\n<meta property=\"article:modified_time\" content=\"2025-07-04T16:13:18+00:00\" \/>\n<meta property=\"og:image\" content=\"https:\/\/fuentesfidedignas.com.mx\/wp-content\/uploads\/2025\/07\/Gu_N7KrXUAAPxTr.jpeg\" \/>\n\t<meta property=\"og:image:width\" content=\"600\" \/>\n\t<meta property=\"og:image:height\" content=\"393\" \/>\n\t<meta property=\"og:image:type\" content=\"image\/jpeg\" \/>\n<meta name=\"author\" content=\"Redacci\u00f3n\" \/>\n<meta name=\"twitter:card\" content=\"summary_large_image\" \/>\n<meta name=\"twitter:creator\" content=\"@fidedignas\" \/>\n<meta name=\"twitter:site\" content=\"@fidedignas\" \/>\n<meta name=\"twitter:label1\" content=\"Escrito por\" \/>\n\t<meta name=\"twitter:data1\" content=\"Redacci\u00f3n\" \/>\n\t<meta name=\"twitter:label2\" content=\"Tiempo de lectura\" \/>\n\t<meta name=\"twitter:data2\" content=\"2 minutos\" \/>\n<script type=\"application\/ld+json\" class=\"yoast-schema-graph\">{\"@context\":\"https:\\\/\\\/schema.org\",\"@graph\":[{\"@type\":\"Article\",\"@id\":\"https:\\\/\\\/fuentesfidedignas.com.mx\\\/index.php\\\/2025\\\/07\\\/04\\\/en-las-aguamitas-en-navolato-detienen-a-11-civiles-y-asegura-vehiculos-y-armamento\\\/#article\",\"isPartOf\":{\"@id\":\"https:\\\/\\\/fuentesfidedignas.com.mx\\\/index.php\\\/2025\\\/07\\\/04\\\/en-las-aguamitas-en-navolato-detienen-a-11-civiles-y-asegura-vehiculos-y-armamento\\\/\"},\"author\":{\"name\":\"Redacci\u00f3n\",\"@id\":\"https:\\\/\\\/fuentesfidedignas.com.mx\\\/#\\\/schema\\\/person\\\/331be9283d37198e2acd5750279085b0\"},\"headline\":\"En Las Aguamitas, en Navolato, detienen a 11 civiles y aseguran veh\u00edculos y armamento\",\"datePublished\":\"2025-07-04T15:32:08+00:00\",\"dateModified\":\"2025-07-04T16:13:18+00:00\",\"mainEntityOfPage\":{\"@id\":\"https:\\\/\\\/fuentesfidedignas.com.mx\\\/index.php\\\/2025\\\/07\\\/04\\\/en-las-aguamitas-en-navolato-detienen-a-11-civiles-y-asegura-vehiculos-y-armamento\\\/\"},\"wordCount\":354,\"commentCount\":0,\"publisher\":{\"@id\":\"https:\\\/\\\/fuentesfidedignas.com.mx\\\/#organization\"},\"image\":{\"@id\":\"https:\\\/\\\/fuentesfidedignas.com.mx\\\/index.php\\\/2025\\\/07\\\/04\\\/en-las-aguamitas-en-navolato-detienen-a-11-civiles-y-asegura-vehiculos-y-armamento\\\/#primaryimage\"},\"thumbnailUrl\":\"https:\\\/\\\/fuentesfidedignas.com.mx\\\/wp-content\\\/uploads\\\/2025\\\/07\\\/Gu_N7KrXUAAPxTr.jpeg\",\"articleSection\":[\"NOTA PRINCIPAL\"],\"inLanguage\":\"es\",\"potentialAction\":[{\"@type\":\"CommentAction\",\"name\":\"Comment\",\"target\":[\"https:\\\/\\\/fuentesfidedignas.com.mx\\\/index.php\\\/2025\\\/07\\\/04\\\/en-las-aguamitas-en-navolato-detienen-a-11-civiles-y-asegura-vehiculos-y-armamento\\\/#respond\"]}]},{\"@type\":\"WebPage\",\"@id\":\"https:\\\/\\\/fuentesfidedignas.com.mx\\\/index.php\\\/2025\\\/07\\\/04\\\/en-las-aguamitas-en-navolato-detienen-a-11-civiles-y-asegura-vehiculos-y-armamento\\\/\",\"url\":\"https:\\\/\\\/fuentesfidedignas.com.mx\\\/index.php\\\/2025\\\/07\\\/04\\\/en-las-aguamitas-en-navolato-detienen-a-11-civiles-y-asegura-vehiculos-y-armamento\\\/\",\"name\":\"En Las Aguamitas, en Navolato, detienen a 11 civiles y aseguran veh\u00edculos y armamento - Fuentes Fidedignas\",\"isPartOf\":{\"@id\":\"https:\\\/\\\/fuentesfidedignas.com.mx\\\/#website\"},\"primaryImageOfPage\":{\"@id\":\"https:\\\/\\\/fuentesfidedignas.com.mx\\\/index.php\\\/2025\\\/07\\\/04\\\/en-las-aguamitas-en-navolato-detienen-a-11-civiles-y-asegura-vehiculos-y-armamento\\\/#primaryimage\"},\"image\":{\"@id\":\"https:\\\/\\\/fuentesfidedignas.com.mx\\\/index.php\\\/2025\\\/07\\\/04\\\/en-las-aguamitas-en-navolato-detienen-a-11-civiles-y-asegura-vehiculos-y-armamento\\\/#primaryimage\"},\"thumbnailUrl\":\"https:\\\/\\\/fuentesfidedignas.com.mx\\\/wp-content\\\/uploads\\\/2025\\\/07\\\/Gu_N7KrXUAAPxTr.jpeg\",\"datePublished\":\"2025-07-04T15:32:08+00:00\",\"dateModified\":\"2025-07-04T16:13:18+00:00\",\"breadcrumb\":{\"@id\":\"https:\\\/\\\/fuentesfidedignas.com.mx\\\/index.php\\\/2025\\\/07\\\/04\\\/en-las-aguamitas-en-navolato-detienen-a-11-civiles-y-asegura-vehiculos-y-armamento\\\/#breadcrumb\"},\"inLanguage\":\"es\",\"potentialAction\":[{\"@type\":\"ReadAction\",\"target\":[\"https:\\\/\\\/fuentesfidedignas.com.mx\\\/index.php\\\/2025\\\/07\\\/04\\\/en-las-aguamitas-en-navolato-detienen-a-11-civiles-y-asegura-vehiculos-y-armamento\\\/\"]}]},{\"@type\":\"ImageObject\",\"inLanguage\":\"es\",\"@id\":\"https:\\\/\\\/fuentesfidedignas.com.mx\\\/index.php\\\/2025\\\/07\\\/04\\\/en-las-aguamitas-en-navolato-detienen-a-11-civiles-y-asegura-vehiculos-y-armamento\\\/#primaryimage\",\"url\":\"https:\\\/\\\/fuentesfidedignas.com.mx\\\/wp-content\\\/uploads\\\/2025\\\/07\\\/Gu_N7KrXUAAPxTr.jpeg\",\"contentUrl\":\"https:\\\/\\\/fuentesfidedignas.com.mx\\\/wp-content\\\/uploads\\\/2025\\\/07\\\/Gu_N7KrXUAAPxTr.jpeg\",\"width\":600,\"height\":393},{\"@type\":\"BreadcrumbList\",\"@id\":\"https:\\\/\\\/fuentesfidedignas.com.mx\\\/index.php\\\/2025\\\/07\\\/04\\\/en-las-aguamitas-en-navolato-detienen-a-11-civiles-y-asegura-vehiculos-y-armamento\\\/#breadcrumb\",\"itemListElement\":[{\"@type\":\"ListItem\",\"position\":1,\"name\":\"Inicio\",\"item\":\"https:\\\/\\\/fuentesfidedignas.com.mx\\\/\"},{\"@type\":\"ListItem\",\"position\":2,\"name\":\"En Las Aguamitas, en Navolato, detienen a 11 civiles y aseguran veh\u00edculos y armamento\"}]},{\"@type\":\"WebSite\",\"@id\":\"https:\\\/\\\/fuentesfidedignas.com.mx\\\/#website\",\"url\":\"https:\\\/\\\/fuentesfidedignas.com.mx\\\/\",\"name\":\"Fuentes Fidedignas\",\"description\":\"Otro sitio realizado con WordPress\",\"publisher\":{\"@id\":\"https:\\\/\\\/fuentesfidedignas.com.mx\\\/#organization\"},\"potentialAction\":[{\"@type\":\"SearchAction\",\"target\":{\"@type\":\"EntryPoint\",\"urlTemplate\":\"https:\\\/\\\/fuentesfidedignas.com.mx\\\/?s={search_term_string}\"},\"query-input\":{\"@type\":\"PropertyValueSpecification\",\"valueRequired\":true,\"valueName\":\"search_term_string\"}}],\"inLanguage\":\"es\"},{\"@type\":\"Organization\",\"@id\":\"https:\\\/\\\/fuentesfidedignas.com.mx\\\/#organization\",\"name\":\"Fuentes Fidedignas\",\"url\":\"https:\\\/\\\/fuentesfidedignas.com.mx\\\/\",\"logo\":{\"@type\":\"ImageObject\",\"inLanguage\":\"es\",\"@id\":\"https:\\\/\\\/fuentesfidedignas.com.mx\\\/#\\\/schema\\\/logo\\\/image\\\/\",\"url\":\"https:\\\/\\\/fuentesfidedignas.com.mx\\\/wp-content\\\/uploads\\\/2021\\\/04\\\/logo-retina.png\",\"contentUrl\":\"https:\\\/\\\/fuentesfidedignas.com.mx\\\/wp-content\\\/uploads\\\/2021\\\/04\\\/logo-retina.png\",\"width\":280,\"height\":51,\"caption\":\"Fuentes Fidedignas\"},\"image\":{\"@id\":\"https:\\\/\\\/fuentesfidedignas.com.mx\\\/#\\\/schema\\\/logo\\\/image\\\/\"},\"sameAs\":[\"https:\\\/\\\/www.facebook.com\\\/Fuentes-Fidedignas-368234489921644\",\"https:\\\/\\\/x.com\\\/fidedignas\"]},{\"@type\":\"Person\",\"@id\":\"https:\\\/\\\/fuentesfidedignas.com.mx\\\/#\\\/schema\\\/person\\\/331be9283d37198e2acd5750279085b0\",\"name\":\"Redacci\u00f3n\",\"image\":{\"@type\":\"ImageObject\",\"inLanguage\":\"es\",\"@id\":\"https:\\\/\\\/secure.gravatar.com\\\/avatar\\\/f6d8782c11d12b2d4ad3fbb6931aeab5309937a4d6cd2fc9cfaa28a6396a5aec?s=96&d=mm&r=g\",\"url\":\"https:\\\/\\\/secure.gravatar.com\\\/avatar\\\/f6d8782c11d12b2d4ad3fbb6931aeab5309937a4d6cd2fc9cfaa28a6396a5aec?s=96&d=mm&r=g\",\"contentUrl\":\"https:\\\/\\\/secure.gravatar.com\\\/avatar\\\/f6d8782c11d12b2d4ad3fbb6931aeab5309937a4d6cd2fc9cfaa28a6396a5aec?s=96&d=mm&r=g\",\"caption\":\"Redacci\u00f3n\"},\"url\":\"https:\\\/\\\/fuentesfidedignas.com.mx\\\/index.php\\\/author\\\/redaccion\\\/\"}]}<\/script>\n<!-- \/ Yoast SEO plugin. -->","yoast_head_json":{"title":"En Las Aguamitas, en Navolato, detienen a 11 civiles y aseguran veh\u00edculos y armamento - Fuentes Fidedignas","robots":{"index":"index","follow":"follow","max-snippet":"max-snippet:-1","max-image-preview":"max-image-preview:large","max-video-preview":"max-video-preview:-1"},"canonical":"https:\/\/fuentesfidedignas.com.mx\/index.php\/2025\/07\/04\/en-las-aguamitas-en-navolato-detienen-a-11-civiles-y-asegura-vehiculos-y-armamento\/","og_locale":"es_MX","og_type":"article","og_title":"En Las Aguamitas, en Navolato, detienen a 11 civiles y aseguran veh\u00edculos y armamento - Fuentes Fidedignas","og_description":"Cinco de ellos ten\u00edan heridas por arma de fuego, as\u00ed como 1 agresor reducido. Elementos de la Secretar\u00eda de Seguridad P\u00fablica de Sinaloa, a trav\u00e9s de la Polic\u00eda Estatal Preventiva, en coordinaci\u00f3n con el Ej\u00e9rcito Mexicano, la Guardia Nacional, la Secretar\u00eda de Marina, la Secretar\u00eda de Seguridad y Protecci\u00f3n Ciudadana, la Fiscal\u00eda General de la [&hellip;]","og_url":"https:\/\/fuentesfidedignas.com.mx\/index.php\/2025\/07\/04\/en-las-aguamitas-en-navolato-detienen-a-11-civiles-y-asegura-vehiculos-y-armamento\/","og_site_name":"Fuentes Fidedignas","article_publisher":"https:\/\/www.facebook.com\/Fuentes-Fidedignas-368234489921644","article_published_time":"2025-07-04T15:32:08+00:00","article_modified_time":"2025-07-04T16:13:18+00:00","og_image":[{"width":600,"height":393,"url":"https:\/\/fuentesfidedignas.com.mx\/wp-content\/uploads\/2025\/07\/Gu_N7KrXUAAPxTr.jpeg","type":"image\/jpeg"}],"author":"Redacci\u00f3n","twitter_card":"summary_large_image","twitter_creator":"@fidedignas","twitter_site":"@fidedignas","twitter_misc":{"Escrito por":"Redacci\u00f3n","Tiempo de lectura":"2 minutos"},"schema":{"@context":"https:\/\/schema.org","@graph":[{"@type":"Article","@id":"https:\/\/fuentesfidedignas.com.mx\/index.php\/2025\/07\/04\/en-las-aguamitas-en-navolato-detienen-a-11-civiles-y-asegura-vehiculos-y-armamento\/#article","isPartOf":{"@id":"https:\/\/fuentesfidedignas.com.mx\/index.php\/2025\/07\/04\/en-las-aguamitas-en-navolato-detienen-a-11-civiles-y-asegura-vehiculos-y-armamento\/"},"author":{"name":"Redacci\u00f3n","@id":"https:\/\/fuentesfidedignas.com.mx\/#\/schema\/person\/331be9283d37198e2acd5750279085b0"},"headline":"En Las Aguamitas, en Navolato, detienen a 11 civiles y aseguran veh\u00edculos y armamento","datePublished":"2025-07-04T15:32:08+00:00","dateModified":"2025-07-04T16:13:18+00:00","mainEntityOfPage":{"@id":"https:\/\/fuentesfidedignas.com.mx\/index.php\/2025\/07\/04\/en-las-aguamitas-en-navolato-detienen-a-11-civiles-y-asegura-vehiculos-y-armamento\/"},"wordCount":354,"commentCount":0,"publisher":{"@id":"https:\/\/fuentesfidedignas.com.mx\/#organization"},"image":{"@id":"https:\/\/fuentesfidedignas.com.mx\/index.php\/2025\/07\/04\/en-las-aguamitas-en-navolato-detienen-a-11-civiles-y-asegura-vehiculos-y-armamento\/#primaryimage"},"thumbnailUrl":"https:\/\/fuentesfidedignas.com.mx\/wp-content\/uploads\/2025\/07\/Gu_N7KrXUAAPxTr.jpeg","articleSection":["NOTA PRINCIPAL"],"inLanguage":"es","potentialAction":[{"@type":"CommentAction","name":"Comment","target":["https:\/\/fuentesfidedignas.com.mx\/index.php\/2025\/07\/04\/en-las-aguamitas-en-navolato-detienen-a-11-civiles-y-asegura-vehiculos-y-armamento\/#respond"]}]},{"@type":"WebPage","@id":"https:\/\/fuentesfidedignas.com.mx\/index.php\/2025\/07\/04\/en-las-aguamitas-en-navolato-detienen-a-11-civiles-y-asegura-vehiculos-y-armamento\/","url":"https:\/\/fuentesfidedignas.com.mx\/index.php\/2025\/07\/04\/en-las-aguamitas-en-navolato-detienen-a-11-civiles-y-asegura-vehiculos-y-armamento\/","name":"En Las Aguamitas, en Navolato, detienen a 11 civiles y aseguran veh\u00edculos y armamento - Fuentes Fidedignas","isPartOf":{"@id":"https:\/\/fuentesfidedignas.com.mx\/#website"},"primaryImageOfPage":{"@id":"https:\/\/fuentesfidedignas.com.mx\/index.php\/2025\/07\/04\/en-las-aguamitas-en-navolato-detienen-a-11-civiles-y-asegura-vehiculos-y-armamento\/#primaryimage"},"image":{"@id":"https:\/\/fuentesfidedignas.com.mx\/index.php\/2025\/07\/04\/en-las-aguamitas-en-navolato-detienen-a-11-civiles-y-asegura-vehiculos-y-armamento\/#primaryimage"},"thumbnailUrl":"https:\/\/fuentesfidedignas.com.mx\/wp-content\/uploads\/2025\/07\/Gu_N7KrXUAAPxTr.jpeg","datePublished":"2025-07-04T15:32:08+00:00","dateModified":"2025-07-04T16:13:18+00:00","breadcrumb":{"@id":"https:\/\/fuentesfidedignas.com.mx\/index.php\/2025\/07\/04\/en-las-aguamitas-en-navolato-detienen-a-11-civiles-y-asegura-vehiculos-y-armamento\/#breadcrumb"},"inLanguage":"es","potentialAction":[{"@type":"ReadAction","target":["https:\/\/fuentesfidedignas.com.mx\/index.php\/2025\/07\/04\/en-las-aguamitas-en-navolato-detienen-a-11-civiles-y-asegura-vehiculos-y-armamento\/"]}]},{"@type":"ImageObject","inLanguage":"es","@id":"https:\/\/fuentesfidedignas.com.mx\/index.php\/2025\/07\/04\/en-las-aguamitas-en-navolato-detienen-a-11-civiles-y-asegura-vehiculos-y-armamento\/#primaryimage","url":"https:\/\/fuentesfidedignas.com.mx\/wp-content\/uploads\/2025\/07\/Gu_N7KrXUAAPxTr.jpeg","contentUrl":"https:\/\/fuentesfidedignas.com.mx\/wp-content\/uploads\/2025\/07\/Gu_N7KrXUAAPxTr.jpeg","width":600,"height":393},{"@type":"BreadcrumbList","@id":"https:\/\/fuentesfidedignas.com.mx\/index.php\/2025\/07\/04\/en-las-aguamitas-en-navolato-detienen-a-11-civiles-y-asegura-vehiculos-y-armamento\/#breadcrumb","itemListElement":[{"@type":"ListItem","position":1,"name":"Inicio","item":"https:\/\/fuentesfidedignas.com.mx\/"},{"@type":"ListItem","position":2,"name":"En Las Aguamitas, en Navolato, detienen a 11 civiles y aseguran veh\u00edculos y armamento"}]},{"@type":"WebSite","@id":"https:\/\/fuentesfidedignas.com.mx\/#website","url":"https:\/\/fuentesfidedignas.com.mx\/","name":"Fuentes Fidedignas","description":"Otro sitio realizado con WordPress","publisher":{"@id":"https:\/\/fuentesfidedignas.com.mx\/#organization"},"potentialAction":[{"@type":"SearchAction","target":{"@type":"EntryPoint","urlTemplate":"https:\/\/fuentesfidedignas.com.mx\/?s={search_term_string}"},"query-input":{"@type":"PropertyValueSpecification","valueRequired":true,"valueName":"search_term_string"}}],"inLanguage":"es"},{"@type":"Organization","@id":"https:\/\/fuentesfidedignas.com.mx\/#organization","name":"Fuentes Fidedignas","url":"https:\/\/fuentesfidedignas.com.mx\/","logo":{"@type":"ImageObject","inLanguage":"es","@id":"https:\/\/fuentesfidedignas.com.mx\/#\/schema\/logo\/image\/","url":"https:\/\/fuentesfidedignas.com.mx\/wp-content\/uploads\/2021\/04\/logo-retina.png","contentUrl":"https:\/\/fuentesfidedignas.com.mx\/wp-content\/uploads\/2021\/04\/logo-retina.png","width":280,"height":51,"caption":"Fuentes Fidedignas"},"image":{"@id":"https:\/\/fuentesfidedignas.com.mx\/#\/schema\/logo\/image\/"},"sameAs":["https:\/\/www.facebook.com\/Fuentes-Fidedignas-368234489921644","https:\/\/x.com\/fidedignas"]},{"@type":"Person","@id":"https:\/\/fuentesfidedignas.com.mx\/#\/schema\/person\/331be9283d37198e2acd5750279085b0","name":"Redacci\u00f3n","image":{"@type":"ImageObject","inLanguage":"es","@id":"https:\/\/secure.gravatar.com\/avatar\/f6d8782c11d12b2d4ad3fbb6931aeab5309937a4d6cd2fc9cfaa28a6396a5aec?s=96&d=mm&r=g","url":"https:\/\/secure.gravatar.com\/avatar\/f6d8782c11d12b2d4ad3fbb6931aeab5309937a4d6cd2fc9cfaa28a6396a5aec?s=96&d=mm&r=g","contentUrl":"https:\/\/secure.gravatar.com\/avatar\/f6d8782c11d12b2d4ad3fbb6931aeab5309937a4d6cd2fc9cfaa28a6396a5aec?s=96&d=mm&r=g","caption":"Redacci\u00f3n"},"url":"https:\/\/fuentesfidedignas.com.mx\/index.php\/author\/redaccion\/"}]}},"_links":{"self":[{"href":"https:\/\/fuentesfidedignas.com.mx\/index.php\/wp-json\/wp\/v2\/posts\/112111","targetHints":{"allow":["GET"]}}],"collection":[{"href":"https:\/\/fuentesfidedignas.com.mx\/index.php\/wp-json\/wp\/v2\/posts"}],"about":[{"href":"https:\/\/fuentesfidedignas.com.mx\/index.php\/wp-json\/wp\/v2\/types\/post"}],"author":[{"embeddable":true,"href":"https:\/\/fuentesfidedignas.com.mx\/index.php\/wp-json\/wp\/v2\/users\/4"}],"replies":[{"embeddable":true,"href":"https:\/\/fuentesfidedignas.com.mx\/index.php\/wp-json\/wp\/v2\/comments?post=112111"}],"version-history":[{"count":2,"href":"https:\/\/fuentesfidedignas.com.mx\/index.php\/wp-json\/wp\/v2\/posts\/112111\/revisions"}],"predecessor-version":[{"id":112116,"href":"https:\/\/fuentesfidedignas.com.mx\/index.php\/wp-json\/wp\/v2\/posts\/112111\/revisions\/112116"}],"wp:featuredmedia":[{"embeddable":true,"href":"https:\/\/fuentesfidedignas.com.mx\/index.php\/wp-json\/wp\/v2\/media\/112112"}],"wp:attachment":[{"href":"https:\/\/fuentesfidedignas.com.mx\/index.php\/wp-json\/wp\/v2\/media?parent=112111"}],"wp:term":[{"taxonomy":"category","embeddable":true,"href":"https:\/\/fuentesfidedignas.com.mx\/index.php\/wp-json\/wp\/v2\/categories?post=112111"},{"taxonomy":"post_tag","embeddable":true,"href":"https:\/\/fuentesfidedignas.com.mx\/index.php\/wp-json\/wp\/v2\/tags?post=112111"}],"curies":[{"name":"wp","href":"https:\/\/api.w.org\/{rel}","templated":true}]}}