{"id":112094,"date":"2025-07-03T17:43:51","date_gmt":"2025-07-04T00:43:51","guid":{"rendered":"https:\/\/fuentesfidedignas.com.mx\/?p=112094"},"modified":"2025-07-03T17:43:51","modified_gmt":"2025-07-04T00:43:51","slug":"familia-de-julio-cesar-chavez-jr-expresa-su-apoyo-total-e-incondicional-al-boxeador","status":"publish","type":"post","link":"https:\/\/fuentesfidedignas.com.mx\/index.php\/2025\/07\/03\/familia-de-julio-cesar-chavez-jr-expresa-su-apoyo-total-e-incondicional-al-boxeador\/","title":{"rendered":"Familia de Julio C\u00e9sar Ch\u00e1vez Jr. expresa su apoyo \u201ctotal e incondicional\u201d al boxeador"},"content":{"rendered":"\n<p><br><strong><em>La familia resalt\u00f3 que Julio C\u00e9sar Ch\u00e1vez Jr. \u201ces, ante todo, un hijo, un padre y un ser humano que ha enfrentado m\u00faltiples retos en su vida personal y profesional\u201d<\/em><\/strong><\/p>\n\n\n\n<p>La familia de Julio C\u00e9sar Ch\u00e1vez Jr. manifest\u00f3 su apoyo \u201ctotal e incondicional\u201d al boxeador tras su detenci\u00f3n por autoridades estadounidenses.<\/p>\n\n\n\n<p>\u201cNuestra familia se encuentra profundamente consternada por la situaci\u00f3n actual. En estos momentos dif\u00edciles, reiteramos nuestro total e incondicional apoyo a Julio. Confiamos plenamente en su inocencia y en su calidad humana, as\u00ed como en las instituciones de justicia tanto de M\u00e9xico como de los Estados Unidos, en quienes depositamos nuestra esperanza para que esta situaci\u00f3n se aclare conforme a derecho y a la verdad\u201d, se inform\u00f3 en un comunicado compartido en redes sociales.<\/p>\n\n\n\n<p>La familia resalt\u00f3 que Julio C\u00e9sar \u201ces, ante todo, un hijo, un padre y un ser humano que ha enfrentado m\u00faltiples retos en su vida personal y profesional\u201d.<\/p>\n\n\n\n<blockquote class=\"wp-block-quote is-layout-flow wp-block-quote-is-layout-flow\">\n<p>\u201cComo familia, pedimos con respeto que se garantice el debido proceso legal y que se eviten juicios anticipados que vulneren su dignidad y la de quienes lo rodeamos. Agradecemos sinceramente el inter\u00e9s y la cobertura de los medios de comunicaci\u00f3n, pero apelamos a su&nbsp;<strong>sensibilidad<\/strong>&nbsp;y comprensi\u00f3n para respetar nuestra decisi\u00f3n de no emitir m\u00e1s&nbsp;<strong>declaraciones<\/strong>&nbsp;en este momento\u201d, se manifest\u00f3.<\/p>\n<\/blockquote>\n\n\n\n<p>La familia Ch\u00e1vez manifest\u00f3 que \u201cel camino adecuado es permitir que las autoridades competentes lleven a cabo su labor sin presiones externas ni especulaciones\u201d y manifest\u00f3 su deseo de una \u201cpronta resoluci\u00f3n que esclarezca los hechos en favor de Julio\u201d.<\/p>\n\n\n\n<p><\/p>\n","protected":false},"excerpt":{"rendered":"<p>La familia resalt\u00f3 que Julio C\u00e9sar Ch\u00e1vez Jr. \u201ces, ante todo, un hijo, un padre y un ser humano que ha enfrentado m\u00faltiples retos en su vida personal y profesional\u201d La familia de Julio C\u00e9sar Ch\u00e1vez Jr. manifest\u00f3 su apoyo \u201ctotal e incondicional\u201d al boxeador tras su detenci\u00f3n por autoridades estadounidenses. \u201cNuestra familia se encuentra [&hellip;]<\/p>\n","protected":false},"author":47,"featured_media":112093,"comment_status":"closed","ping_status":"open","sticky":false,"template":"","format":"standard","meta":{"tdm_status":"","tdm_grid_status":"","footnotes":""},"categories":[39],"tags":[],"class_list":{"0":"post-112094","1":"post","2":"type-post","3":"status-publish","4":"format-standard","5":"has-post-thumbnail","7":"category-noticias-nacionales"},"yoast_head":"<!-- This site is optimized with the Yoast SEO plugin v27.4 - https:\/\/yoast.com\/product\/yoast-seo-wordpress\/ -->\n<title>Familia de Julio C\u00e9sar Ch\u00e1vez Jr. expresa su apoyo \u201ctotal e incondicional\u201d al boxeador - Fuentes Fidedignas<\/title>\n<meta name=\"robots\" content=\"index, follow, max-snippet:-1, max-image-preview:large, max-video-preview:-1\" \/>\n<link rel=\"canonical\" href=\"https:\/\/fuentesfidedignas.com.mx\/index.php\/2025\/07\/03\/familia-de-julio-cesar-chavez-jr-expresa-su-apoyo-total-e-incondicional-al-boxeador\/\" \/>\n<meta property=\"og:locale\" content=\"es_MX\" \/>\n<meta property=\"og:type\" content=\"article\" \/>\n<meta property=\"og:title\" content=\"Familia de Julio C\u00e9sar Ch\u00e1vez Jr. expresa su apoyo \u201ctotal e incondicional\u201d al boxeador - Fuentes Fidedignas\" \/>\n<meta property=\"og:description\" content=\"La familia resalt\u00f3 que Julio C\u00e9sar Ch\u00e1vez Jr. \u201ces, ante todo, un hijo, un padre y un ser humano que ha enfrentado m\u00faltiples retos en su vida personal y profesional\u201d La familia de Julio C\u00e9sar Ch\u00e1vez Jr. manifest\u00f3 su apoyo \u201ctotal e incondicional\u201d al boxeador tras su detenci\u00f3n por autoridades estadounidenses. \u201cNuestra familia se encuentra [&hellip;]\" \/>\n<meta property=\"og:url\" content=\"https:\/\/fuentesfidedignas.com.mx\/index.php\/2025\/07\/03\/familia-de-julio-cesar-chavez-jr-expresa-su-apoyo-total-e-incondicional-al-boxeador\/\" \/>\n<meta property=\"og:site_name\" content=\"Fuentes Fidedignas\" \/>\n<meta property=\"article:publisher\" content=\"https:\/\/www.facebook.com\/Fuentes-Fidedignas-368234489921644\" \/>\n<meta property=\"article:published_time\" content=\"2025-07-04T00:43:51+00:00\" \/>\n<meta property=\"og:image\" content=\"https:\/\/fuentesfidedignas.com.mx\/wp-content\/uploads\/2025\/07\/img_0085-1.jpg\" \/>\n\t<meta property=\"og:image:width\" content=\"1200\" \/>\n\t<meta property=\"og:image:height\" content=\"675\" \/>\n\t<meta property=\"og:image:type\" content=\"image\/jpeg\" \/>\n<meta name=\"author\" content=\"L\u00f3pez D\u00f3riga\" \/>\n<meta name=\"twitter:card\" content=\"summary_large_image\" \/>\n<meta name=\"twitter:creator\" content=\"@fidedignas\" \/>\n<meta name=\"twitter:site\" content=\"@fidedignas\" \/>\n<meta name=\"twitter:label1\" content=\"Escrito por\" \/>\n\t<meta name=\"twitter:data1\" content=\"L\u00f3pez D\u00f3riga\" \/>\n\t<meta name=\"twitter:label2\" content=\"Tiempo de lectura\" \/>\n\t<meta name=\"twitter:data2\" content=\"1 minuto\" \/>\n<script type=\"application\/ld+json\" class=\"yoast-schema-graph\">{\"@context\":\"https:\\\/\\\/schema.org\",\"@graph\":[{\"@type\":\"Article\",\"@id\":\"https:\\\/\\\/fuentesfidedignas.com.mx\\\/index.php\\\/2025\\\/07\\\/03\\\/familia-de-julio-cesar-chavez-jr-expresa-su-apoyo-total-e-incondicional-al-boxeador\\\/#article\",\"isPartOf\":{\"@id\":\"https:\\\/\\\/fuentesfidedignas.com.mx\\\/index.php\\\/2025\\\/07\\\/03\\\/familia-de-julio-cesar-chavez-jr-expresa-su-apoyo-total-e-incondicional-al-boxeador\\\/\"},\"author\":{\"name\":\"L\u00f3pez D\u00f3riga\",\"@id\":\"https:\\\/\\\/fuentesfidedignas.com.mx\\\/#\\\/schema\\\/person\\\/67d852f0557c8509146a4b9ddebd543a\"},\"headline\":\"Familia de Julio C\u00e9sar Ch\u00e1vez Jr. expresa su apoyo \u201ctotal e incondicional\u201d al boxeador\",\"datePublished\":\"2025-07-04T00:43:51+00:00\",\"mainEntityOfPage\":{\"@id\":\"https:\\\/\\\/fuentesfidedignas.com.mx\\\/index.php\\\/2025\\\/07\\\/03\\\/familia-de-julio-cesar-chavez-jr-expresa-su-apoyo-total-e-incondicional-al-boxeador\\\/\"},\"wordCount\":293,\"publisher\":{\"@id\":\"https:\\\/\\\/fuentesfidedignas.com.mx\\\/#organization\"},\"image\":{\"@id\":\"https:\\\/\\\/fuentesfidedignas.com.mx\\\/index.php\\\/2025\\\/07\\\/03\\\/familia-de-julio-cesar-chavez-jr-expresa-su-apoyo-total-e-incondicional-al-boxeador\\\/#primaryimage\"},\"thumbnailUrl\":\"https:\\\/\\\/fuentesfidedignas.com.mx\\\/wp-content\\\/uploads\\\/2025\\\/07\\\/img_0085-1.jpg\",\"articleSection\":[\"NOTICIAS NACIONALES\"],\"inLanguage\":\"es\"},{\"@type\":\"WebPage\",\"@id\":\"https:\\\/\\\/fuentesfidedignas.com.mx\\\/index.php\\\/2025\\\/07\\\/03\\\/familia-de-julio-cesar-chavez-jr-expresa-su-apoyo-total-e-incondicional-al-boxeador\\\/\",\"url\":\"https:\\\/\\\/fuentesfidedignas.com.mx\\\/index.php\\\/2025\\\/07\\\/03\\\/familia-de-julio-cesar-chavez-jr-expresa-su-apoyo-total-e-incondicional-al-boxeador\\\/\",\"name\":\"Familia de Julio C\u00e9sar Ch\u00e1vez Jr. expresa su apoyo \u201ctotal e incondicional\u201d al boxeador - Fuentes Fidedignas\",\"isPartOf\":{\"@id\":\"https:\\\/\\\/fuentesfidedignas.com.mx\\\/#website\"},\"primaryImageOfPage\":{\"@id\":\"https:\\\/\\\/fuentesfidedignas.com.mx\\\/index.php\\\/2025\\\/07\\\/03\\\/familia-de-julio-cesar-chavez-jr-expresa-su-apoyo-total-e-incondicional-al-boxeador\\\/#primaryimage\"},\"image\":{\"@id\":\"https:\\\/\\\/fuentesfidedignas.com.mx\\\/index.php\\\/2025\\\/07\\\/03\\\/familia-de-julio-cesar-chavez-jr-expresa-su-apoyo-total-e-incondicional-al-boxeador\\\/#primaryimage\"},\"thumbnailUrl\":\"https:\\\/\\\/fuentesfidedignas.com.mx\\\/wp-content\\\/uploads\\\/2025\\\/07\\\/img_0085-1.jpg\",\"datePublished\":\"2025-07-04T00:43:51+00:00\",\"breadcrumb\":{\"@id\":\"https:\\\/\\\/fuentesfidedignas.com.mx\\\/index.php\\\/2025\\\/07\\\/03\\\/familia-de-julio-cesar-chavez-jr-expresa-su-apoyo-total-e-incondicional-al-boxeador\\\/#breadcrumb\"},\"inLanguage\":\"es\",\"potentialAction\":[{\"@type\":\"ReadAction\",\"target\":[\"https:\\\/\\\/fuentesfidedignas.com.mx\\\/index.php\\\/2025\\\/07\\\/03\\\/familia-de-julio-cesar-chavez-jr-expresa-su-apoyo-total-e-incondicional-al-boxeador\\\/\"]}]},{\"@type\":\"ImageObject\",\"inLanguage\":\"es\",\"@id\":\"https:\\\/\\\/fuentesfidedignas.com.mx\\\/index.php\\\/2025\\\/07\\\/03\\\/familia-de-julio-cesar-chavez-jr-expresa-su-apoyo-total-e-incondicional-al-boxeador\\\/#primaryimage\",\"url\":\"https:\\\/\\\/fuentesfidedignas.com.mx\\\/wp-content\\\/uploads\\\/2025\\\/07\\\/img_0085-1.jpg\",\"contentUrl\":\"https:\\\/\\\/fuentesfidedignas.com.mx\\\/wp-content\\\/uploads\\\/2025\\\/07\\\/img_0085-1.jpg\",\"width\":1200,\"height\":675},{\"@type\":\"BreadcrumbList\",\"@id\":\"https:\\\/\\\/fuentesfidedignas.com.mx\\\/index.php\\\/2025\\\/07\\\/03\\\/familia-de-julio-cesar-chavez-jr-expresa-su-apoyo-total-e-incondicional-al-boxeador\\\/#breadcrumb\",\"itemListElement\":[{\"@type\":\"ListItem\",\"position\":1,\"name\":\"Inicio\",\"item\":\"https:\\\/\\\/fuentesfidedignas.com.mx\\\/\"},{\"@type\":\"ListItem\",\"position\":2,\"name\":\"Familia de Julio C\u00e9sar Ch\u00e1vez Jr. expresa su apoyo \u201ctotal e incondicional\u201d al boxeador\"}]},{\"@type\":\"WebSite\",\"@id\":\"https:\\\/\\\/fuentesfidedignas.com.mx\\\/#website\",\"url\":\"https:\\\/\\\/fuentesfidedignas.com.mx\\\/\",\"name\":\"Fuentes Fidedignas\",\"description\":\"Otro sitio realizado con WordPress\",\"publisher\":{\"@id\":\"https:\\\/\\\/fuentesfidedignas.com.mx\\\/#organization\"},\"potentialAction\":[{\"@type\":\"SearchAction\",\"target\":{\"@type\":\"EntryPoint\",\"urlTemplate\":\"https:\\\/\\\/fuentesfidedignas.com.mx\\\/?s={search_term_string}\"},\"query-input\":{\"@type\":\"PropertyValueSpecification\",\"valueRequired\":true,\"valueName\":\"search_term_string\"}}],\"inLanguage\":\"es\"},{\"@type\":\"Organization\",\"@id\":\"https:\\\/\\\/fuentesfidedignas.com.mx\\\/#organization\",\"name\":\"Fuentes Fidedignas\",\"url\":\"https:\\\/\\\/fuentesfidedignas.com.mx\\\/\",\"logo\":{\"@type\":\"ImageObject\",\"inLanguage\":\"es\",\"@id\":\"https:\\\/\\\/fuentesfidedignas.com.mx\\\/#\\\/schema\\\/logo\\\/image\\\/\",\"url\":\"https:\\\/\\\/fuentesfidedignas.com.mx\\\/wp-content\\\/uploads\\\/2021\\\/04\\\/logo-retina.png\",\"contentUrl\":\"https:\\\/\\\/fuentesfidedignas.com.mx\\\/wp-content\\\/uploads\\\/2021\\\/04\\\/logo-retina.png\",\"width\":280,\"height\":51,\"caption\":\"Fuentes Fidedignas\"},\"image\":{\"@id\":\"https:\\\/\\\/fuentesfidedignas.com.mx\\\/#\\\/schema\\\/logo\\\/image\\\/\"},\"sameAs\":[\"https:\\\/\\\/www.facebook.com\\\/Fuentes-Fidedignas-368234489921644\",\"https:\\\/\\\/x.com\\\/fidedignas\"]},{\"@type\":\"Person\",\"@id\":\"https:\\\/\\\/fuentesfidedignas.com.mx\\\/#\\\/schema\\\/person\\\/67d852f0557c8509146a4b9ddebd543a\",\"name\":\"L\u00f3pez D\u00f3riga\",\"image\":{\"@type\":\"ImageObject\",\"inLanguage\":\"es\",\"@id\":\"https:\\\/\\\/secure.gravatar.com\\\/avatar\\\/e525b06574ca18b33cded59dfe5778d6c823b9513154eff47da551b0551bdd1e?s=96&d=mm&r=g\",\"url\":\"https:\\\/\\\/secure.gravatar.com\\\/avatar\\\/e525b06574ca18b33cded59dfe5778d6c823b9513154eff47da551b0551bdd1e?s=96&d=mm&r=g\",\"contentUrl\":\"https:\\\/\\\/secure.gravatar.com\\\/avatar\\\/e525b06574ca18b33cded59dfe5778d6c823b9513154eff47da551b0551bdd1e?s=96&d=mm&r=g\",\"caption\":\"L\u00f3pez D\u00f3riga\"},\"url\":\"https:\\\/\\\/fuentesfidedignas.com.mx\\\/index.php\\\/author\\\/doriga\\\/\"}]}<\/script>\n<!-- \/ Yoast SEO plugin. -->","yoast_head_json":{"title":"Familia de Julio C\u00e9sar Ch\u00e1vez Jr. expresa su apoyo \u201ctotal e incondicional\u201d al boxeador - Fuentes Fidedignas","robots":{"index":"index","follow":"follow","max-snippet":"max-snippet:-1","max-image-preview":"max-image-preview:large","max-video-preview":"max-video-preview:-1"},"canonical":"https:\/\/fuentesfidedignas.com.mx\/index.php\/2025\/07\/03\/familia-de-julio-cesar-chavez-jr-expresa-su-apoyo-total-e-incondicional-al-boxeador\/","og_locale":"es_MX","og_type":"article","og_title":"Familia de Julio C\u00e9sar Ch\u00e1vez Jr. expresa su apoyo \u201ctotal e incondicional\u201d al boxeador - Fuentes Fidedignas","og_description":"La familia resalt\u00f3 que Julio C\u00e9sar Ch\u00e1vez Jr. \u201ces, ante todo, un hijo, un padre y un ser humano que ha enfrentado m\u00faltiples retos en su vida personal y profesional\u201d La familia de Julio C\u00e9sar Ch\u00e1vez Jr. manifest\u00f3 su apoyo \u201ctotal e incondicional\u201d al boxeador tras su detenci\u00f3n por autoridades estadounidenses. \u201cNuestra familia se encuentra [&hellip;]","og_url":"https:\/\/fuentesfidedignas.com.mx\/index.php\/2025\/07\/03\/familia-de-julio-cesar-chavez-jr-expresa-su-apoyo-total-e-incondicional-al-boxeador\/","og_site_name":"Fuentes Fidedignas","article_publisher":"https:\/\/www.facebook.com\/Fuentes-Fidedignas-368234489921644","article_published_time":"2025-07-04T00:43:51+00:00","og_image":[{"width":1200,"height":675,"url":"https:\/\/fuentesfidedignas.com.mx\/wp-content\/uploads\/2025\/07\/img_0085-1.jpg","type":"image\/jpeg"}],"author":"L\u00f3pez D\u00f3riga","twitter_card":"summary_large_image","twitter_creator":"@fidedignas","twitter_site":"@fidedignas","twitter_misc":{"Escrito por":"L\u00f3pez D\u00f3riga","Tiempo de lectura":"1 minuto"},"schema":{"@context":"https:\/\/schema.org","@graph":[{"@type":"Article","@id":"https:\/\/fuentesfidedignas.com.mx\/index.php\/2025\/07\/03\/familia-de-julio-cesar-chavez-jr-expresa-su-apoyo-total-e-incondicional-al-boxeador\/#article","isPartOf":{"@id":"https:\/\/fuentesfidedignas.com.mx\/index.php\/2025\/07\/03\/familia-de-julio-cesar-chavez-jr-expresa-su-apoyo-total-e-incondicional-al-boxeador\/"},"author":{"name":"L\u00f3pez D\u00f3riga","@id":"https:\/\/fuentesfidedignas.com.mx\/#\/schema\/person\/67d852f0557c8509146a4b9ddebd543a"},"headline":"Familia de Julio C\u00e9sar Ch\u00e1vez Jr. expresa su apoyo \u201ctotal e incondicional\u201d al boxeador","datePublished":"2025-07-04T00:43:51+00:00","mainEntityOfPage":{"@id":"https:\/\/fuentesfidedignas.com.mx\/index.php\/2025\/07\/03\/familia-de-julio-cesar-chavez-jr-expresa-su-apoyo-total-e-incondicional-al-boxeador\/"},"wordCount":293,"publisher":{"@id":"https:\/\/fuentesfidedignas.com.mx\/#organization"},"image":{"@id":"https:\/\/fuentesfidedignas.com.mx\/index.php\/2025\/07\/03\/familia-de-julio-cesar-chavez-jr-expresa-su-apoyo-total-e-incondicional-al-boxeador\/#primaryimage"},"thumbnailUrl":"https:\/\/fuentesfidedignas.com.mx\/wp-content\/uploads\/2025\/07\/img_0085-1.jpg","articleSection":["NOTICIAS NACIONALES"],"inLanguage":"es"},{"@type":"WebPage","@id":"https:\/\/fuentesfidedignas.com.mx\/index.php\/2025\/07\/03\/familia-de-julio-cesar-chavez-jr-expresa-su-apoyo-total-e-incondicional-al-boxeador\/","url":"https:\/\/fuentesfidedignas.com.mx\/index.php\/2025\/07\/03\/familia-de-julio-cesar-chavez-jr-expresa-su-apoyo-total-e-incondicional-al-boxeador\/","name":"Familia de Julio C\u00e9sar Ch\u00e1vez Jr. expresa su apoyo \u201ctotal e incondicional\u201d al boxeador - Fuentes Fidedignas","isPartOf":{"@id":"https:\/\/fuentesfidedignas.com.mx\/#website"},"primaryImageOfPage":{"@id":"https:\/\/fuentesfidedignas.com.mx\/index.php\/2025\/07\/03\/familia-de-julio-cesar-chavez-jr-expresa-su-apoyo-total-e-incondicional-al-boxeador\/#primaryimage"},"image":{"@id":"https:\/\/fuentesfidedignas.com.mx\/index.php\/2025\/07\/03\/familia-de-julio-cesar-chavez-jr-expresa-su-apoyo-total-e-incondicional-al-boxeador\/#primaryimage"},"thumbnailUrl":"https:\/\/fuentesfidedignas.com.mx\/wp-content\/uploads\/2025\/07\/img_0085-1.jpg","datePublished":"2025-07-04T00:43:51+00:00","breadcrumb":{"@id":"https:\/\/fuentesfidedignas.com.mx\/index.php\/2025\/07\/03\/familia-de-julio-cesar-chavez-jr-expresa-su-apoyo-total-e-incondicional-al-boxeador\/#breadcrumb"},"inLanguage":"es","potentialAction":[{"@type":"ReadAction","target":["https:\/\/fuentesfidedignas.com.mx\/index.php\/2025\/07\/03\/familia-de-julio-cesar-chavez-jr-expresa-su-apoyo-total-e-incondicional-al-boxeador\/"]}]},{"@type":"ImageObject","inLanguage":"es","@id":"https:\/\/fuentesfidedignas.com.mx\/index.php\/2025\/07\/03\/familia-de-julio-cesar-chavez-jr-expresa-su-apoyo-total-e-incondicional-al-boxeador\/#primaryimage","url":"https:\/\/fuentesfidedignas.com.mx\/wp-content\/uploads\/2025\/07\/img_0085-1.jpg","contentUrl":"https:\/\/fuentesfidedignas.com.mx\/wp-content\/uploads\/2025\/07\/img_0085-1.jpg","width":1200,"height":675},{"@type":"BreadcrumbList","@id":"https:\/\/fuentesfidedignas.com.mx\/index.php\/2025\/07\/03\/familia-de-julio-cesar-chavez-jr-expresa-su-apoyo-total-e-incondicional-al-boxeador\/#breadcrumb","itemListElement":[{"@type":"ListItem","position":1,"name":"Inicio","item":"https:\/\/fuentesfidedignas.com.mx\/"},{"@type":"ListItem","position":2,"name":"Familia de Julio C\u00e9sar Ch\u00e1vez Jr. expresa su apoyo \u201ctotal e incondicional\u201d al boxeador"}]},{"@type":"WebSite","@id":"https:\/\/fuentesfidedignas.com.mx\/#website","url":"https:\/\/fuentesfidedignas.com.mx\/","name":"Fuentes Fidedignas","description":"Otro sitio realizado con WordPress","publisher":{"@id":"https:\/\/fuentesfidedignas.com.mx\/#organization"},"potentialAction":[{"@type":"SearchAction","target":{"@type":"EntryPoint","urlTemplate":"https:\/\/fuentesfidedignas.com.mx\/?s={search_term_string}"},"query-input":{"@type":"PropertyValueSpecification","valueRequired":true,"valueName":"search_term_string"}}],"inLanguage":"es"},{"@type":"Organization","@id":"https:\/\/fuentesfidedignas.com.mx\/#organization","name":"Fuentes Fidedignas","url":"https:\/\/fuentesfidedignas.com.mx\/","logo":{"@type":"ImageObject","inLanguage":"es","@id":"https:\/\/fuentesfidedignas.com.mx\/#\/schema\/logo\/image\/","url":"https:\/\/fuentesfidedignas.com.mx\/wp-content\/uploads\/2021\/04\/logo-retina.png","contentUrl":"https:\/\/fuentesfidedignas.com.mx\/wp-content\/uploads\/2021\/04\/logo-retina.png","width":280,"height":51,"caption":"Fuentes Fidedignas"},"image":{"@id":"https:\/\/fuentesfidedignas.com.mx\/#\/schema\/logo\/image\/"},"sameAs":["https:\/\/www.facebook.com\/Fuentes-Fidedignas-368234489921644","https:\/\/x.com\/fidedignas"]},{"@type":"Person","@id":"https:\/\/fuentesfidedignas.com.mx\/#\/schema\/person\/67d852f0557c8509146a4b9ddebd543a","name":"L\u00f3pez D\u00f3riga","image":{"@type":"ImageObject","inLanguage":"es","@id":"https:\/\/secure.gravatar.com\/avatar\/e525b06574ca18b33cded59dfe5778d6c823b9513154eff47da551b0551bdd1e?s=96&d=mm&r=g","url":"https:\/\/secure.gravatar.com\/avatar\/e525b06574ca18b33cded59dfe5778d6c823b9513154eff47da551b0551bdd1e?s=96&d=mm&r=g","contentUrl":"https:\/\/secure.gravatar.com\/avatar\/e525b06574ca18b33cded59dfe5778d6c823b9513154eff47da551b0551bdd1e?s=96&d=mm&r=g","caption":"L\u00f3pez D\u00f3riga"},"url":"https:\/\/fuentesfidedignas.com.mx\/index.php\/author\/doriga\/"}]}},"_links":{"self":[{"href":"https:\/\/fuentesfidedignas.com.mx\/index.php\/wp-json\/wp\/v2\/posts\/112094","targetHints":{"allow":["GET"]}}],"collection":[{"href":"https:\/\/fuentesfidedignas.com.mx\/index.php\/wp-json\/wp\/v2\/posts"}],"about":[{"href":"https:\/\/fuentesfidedignas.com.mx\/index.php\/wp-json\/wp\/v2\/types\/post"}],"author":[{"embeddable":true,"href":"https:\/\/fuentesfidedignas.com.mx\/index.php\/wp-json\/wp\/v2\/users\/47"}],"replies":[{"embeddable":true,"href":"https:\/\/fuentesfidedignas.com.mx\/index.php\/wp-json\/wp\/v2\/comments?post=112094"}],"version-history":[{"count":1,"href":"https:\/\/fuentesfidedignas.com.mx\/index.php\/wp-json\/wp\/v2\/posts\/112094\/revisions"}],"predecessor-version":[{"id":112095,"href":"https:\/\/fuentesfidedignas.com.mx\/index.php\/wp-json\/wp\/v2\/posts\/112094\/revisions\/112095"}],"wp:featuredmedia":[{"embeddable":true,"href":"https:\/\/fuentesfidedignas.com.mx\/index.php\/wp-json\/wp\/v2\/media\/112093"}],"wp:attachment":[{"href":"https:\/\/fuentesfidedignas.com.mx\/index.php\/wp-json\/wp\/v2\/media?parent=112094"}],"wp:term":[{"taxonomy":"category","embeddable":true,"href":"https:\/\/fuentesfidedignas.com.mx\/index.php\/wp-json\/wp\/v2\/categories?post=112094"},{"taxonomy":"post_tag","embeddable":true,"href":"https:\/\/fuentesfidedignas.com.mx\/index.php\/wp-json\/wp\/v2\/tags?post=112094"}],"curies":[{"name":"wp","href":"https:\/\/api.w.org\/{rel}","templated":true}]}}