{"id":112050,"date":"2025-07-03T09:41:10","date_gmt":"2025-07-03T16:41:10","guid":{"rendered":"https:\/\/fuentesfidedignas.com.mx\/?p=112050"},"modified":"2025-07-03T09:42:30","modified_gmt":"2025-07-03T16:42:30","slug":"sheinbaum-cuestiona-a-eu-por-acuerdo-con-el-narcotraficante-ovidio-guzman","status":"publish","type":"post","link":"https:\/\/fuentesfidedignas.com.mx\/index.php\/2025\/07\/03\/sheinbaum-cuestiona-a-eu-por-acuerdo-con-el-narcotraficante-ovidio-guzman\/","title":{"rendered":"Sheinbaum cuestiona a EU por acuerdo con el narcotraficante Ovidio Guzm\u00e1n"},"content":{"rendered":"\n<p><strong><em>La presidenta Sheinbaum pidi\u00f3 que EU responda a tres preguntas, tras llegar a un acuerdo con el narcotraficante Ovidio Guzm\u00e1n.<\/em><\/strong><\/p>\n\n\n\n<p>Claudia Sheinbaum Pardo, presidenta de M\u00e9xico, cuestion\u00f3 al Gobierno de Estados Unidos luego de que llegara a un acuerdo con Ovidio Guzm\u00e1n L\u00f3pez para que se declare culpable por cargos de narcotr\u00e1fico en un Tribunal de Chicago.<\/p>\n\n\n\n<p>En la conferencia matutina de Palacio Nacional, Sheinbaum Pardo argument\u00f3 que la detenci\u00f3n de Guzm\u00e1n L\u00f3pez fue realizado por el Gobierno de M\u00e9xico en una acci\u00f3n donde murieron integrantes de las Fuerzas Armadas, adem\u00e1s de que se colabor\u00f3 para extraditar a la Uni\u00f3n Americana a dicho l\u00edder de Los Chapitos.<\/p>\n\n\n\n<p>Voy a hacer preguntas sobre el caso: \u00bfc\u00f3mo nombr\u00f3 el Gobierno de Estados Unidos a las organizaciones de la delincuencia organizada en M\u00e9xico? \u00bfQu\u00e9 ha dicho el Gobierno de EE.UU. en relaci\u00f3n a las organizaciones terroristas\u00bf \u00bfY qu\u00e9 est\u00e1 haciendo?\u201d, lanz\u00f3.<\/p>\n\n\n\n<p>\u201cEste caso en particular, fue una detenci\u00f3n que hizo el Gobierno de M\u00e9xico, y en esa detenci\u00f3n fallecieron soldados mexicanos y se extradit\u00f3. Entonces todav\u00eda se est\u00e1 concentrando en un juicio, pero s\u00ed vale la pena hacer esa pregunta\u201d, puntualiz\u00f3.<\/p>\n\n\n\n<p>La mandataria mexicana cuestion\u00f3 que Estados Unidos no tenga coordinaci\u00f3n con la Fiscal\u00eda General de la Rep\u00fablica (FGR) por este caso.<\/p>\n\n\n\n<p>\u201cQue quede claro: nosotros no defendemos a nadie, no se trata de eso, porque hay que recordar el conflicto de Sinaloa c\u00f3mo surgi\u00f3\u201d, refiri\u00f3.<\/p>\n\n\n\n<p>\u201cPor eso es importante para nuestro pa\u00eds y nosotros por supuesto que combatimos a la delincuencia organizada, pero es un caso de extradici\u00f3n, por lo menos deber\u00edan tener coordinaci\u00f3n, informaci\u00f3n con la FGR\u201d, manifest\u00f3.<\/p>\n\n\n\n<p>El l\u00edder criminal Ovidio Guzm\u00e1n L\u00f3pez, hijo del narcotraficante Joaqu\u00edn Chapo Guzm\u00e1n, desea declararse \u201cculpable\u201d de los cargos por narcotr\u00e1fico en un tribunal de Chicago, en los Estados Unidos.<\/p>\n\n\n\n<p>El periodista Keegan Hamilton dio a conocer el documento denominado \u201cConsentimiento a la transferencia del caso para la declaraci\u00f3n de culpabilidad y la sentencia\u201d, que fue firmado por Guzm\u00e1n L\u00f3pez el 30 de junio y en donde se dio por enterado que sobre \u00e9l pese una acusaci\u00f3n pendiente en su contra.<\/p>\n\n\n\n<p>De esta forma, el l\u00edder criminal autoriza que su caso sea resuelto en el Distrito Norte de Illinois, y cerar el caso que se encontraba abierto en un Tribunal de Nueva York.<\/p>\n\n\n\n<p>Guzm\u00e1n L\u00f3pez, de 34 a\u00f1os, fue extraditado a EE.UU. en septiembre del 2023 por su participaci\u00f3n en el C\u00e1rtel de Sinaloa, facci\u00f3n de Los Chapitos.<\/p>\n\n\n\n<p>El hijo del Chapo Guzm\u00e1n se hab\u00eda declarado inocente en primera instancia de las acusaciones de conspirar para distribuir droga, formar parte de una empresa criminal, exportar narc\u00f3ticos a Estados Unidos, efectuar transacciones financieras con el producto de actividades ilegales y usar y portar il\u00edcitamente armas de fuego.<\/p>\n\n\n\n<p>Era uno de los narcotraficantes m\u00e1s buscados por los Estados Unidos por su participaci\u00f3n en el tr\u00e1fico de fentanilo y las autoridades de M\u00e9xico lo capturaron en enero de 2023.<\/p>\n\n\n\n<p>Est\u00e1 pendiente a\u00fan que su hermano Joaqu\u00edn Guzm\u00e1n L\u00f3pez negocie por separado otro acuerdo de culpabilidad similar, tambi\u00e9n en Chicago.<\/p>\n","protected":false},"excerpt":{"rendered":"<p>La presidenta Sheinbaum pidi\u00f3 que EU responda a tres preguntas, tras llegar a un acuerdo con el narcotraficante Ovidio Guzm\u00e1n. Claudia Sheinbaum Pardo, presidenta de M\u00e9xico, cuestion\u00f3 al Gobierno de Estados Unidos luego de que llegara a un acuerdo con Ovidio Guzm\u00e1n L\u00f3pez para que se declare culpable por cargos de narcotr\u00e1fico en un Tribunal [&hellip;]<\/p>\n","protected":false},"author":47,"featured_media":60338,"comment_status":"open","ping_status":"open","sticky":false,"template":"","format":"standard","meta":{"tdm_status":"","tdm_grid_status":"","footnotes":""},"categories":[39],"tags":[],"class_list":{"0":"post-112050","1":"post","2":"type-post","3":"status-publish","4":"format-standard","5":"has-post-thumbnail","7":"category-noticias-nacionales"},"yoast_head":"<!-- This site is optimized with the Yoast SEO plugin v27.4 - https:\/\/yoast.com\/product\/yoast-seo-wordpress\/ -->\n<title>Sheinbaum cuestiona a EU por acuerdo con el narcotraficante Ovidio Guzm\u00e1n - Fuentes Fidedignas<\/title>\n<meta name=\"robots\" content=\"index, follow, max-snippet:-1, max-image-preview:large, max-video-preview:-1\" \/>\n<link rel=\"canonical\" href=\"https:\/\/fuentesfidedignas.com.mx\/index.php\/2025\/07\/03\/sheinbaum-cuestiona-a-eu-por-acuerdo-con-el-narcotraficante-ovidio-guzman\/\" \/>\n<meta property=\"og:locale\" content=\"es_MX\" \/>\n<meta property=\"og:type\" content=\"article\" \/>\n<meta property=\"og:title\" content=\"Sheinbaum cuestiona a EU por acuerdo con el narcotraficante Ovidio Guzm\u00e1n - Fuentes Fidedignas\" \/>\n<meta property=\"og:description\" content=\"La presidenta Sheinbaum pidi\u00f3 que EU responda a tres preguntas, tras llegar a un acuerdo con el narcotraficante Ovidio Guzm\u00e1n. Claudia Sheinbaum Pardo, presidenta de M\u00e9xico, cuestion\u00f3 al Gobierno de Estados Unidos luego de que llegara a un acuerdo con Ovidio Guzm\u00e1n L\u00f3pez para que se declare culpable por cargos de narcotr\u00e1fico en un Tribunal [&hellip;]\" \/>\n<meta property=\"og:url\" content=\"https:\/\/fuentesfidedignas.com.mx\/index.php\/2025\/07\/03\/sheinbaum-cuestiona-a-eu-por-acuerdo-con-el-narcotraficante-ovidio-guzman\/\" \/>\n<meta property=\"og:site_name\" content=\"Fuentes Fidedignas\" \/>\n<meta property=\"article:publisher\" content=\"https:\/\/www.facebook.com\/Fuentes-Fidedignas-368234489921644\" \/>\n<meta property=\"article:published_time\" content=\"2025-07-03T16:41:10+00:00\" \/>\n<meta property=\"article:modified_time\" content=\"2025-07-03T16:42:30+00:00\" \/>\n<meta property=\"og:image\" content=\"https:\/\/fuentesfidedignas.com.mx\/wp-content\/uploads\/2023\/09\/ovidio-guzman-extraditado.png\" \/>\n\t<meta property=\"og:image:width\" content=\"1024\" \/>\n\t<meta property=\"og:image:height\" content=\"597\" \/>\n\t<meta property=\"og:image:type\" content=\"image\/png\" \/>\n<meta name=\"author\" content=\"L\u00f3pez D\u00f3riga\" \/>\n<meta name=\"twitter:card\" content=\"summary_large_image\" \/>\n<meta name=\"twitter:creator\" content=\"@fidedignas\" \/>\n<meta name=\"twitter:site\" content=\"@fidedignas\" \/>\n<meta name=\"twitter:label1\" content=\"Escrito por\" \/>\n\t<meta name=\"twitter:data1\" content=\"L\u00f3pez D\u00f3riga\" \/>\n\t<meta name=\"twitter:label2\" content=\"Tiempo de lectura\" \/>\n\t<meta name=\"twitter:data2\" content=\"3 minutos\" \/>\n<script type=\"application\/ld+json\" class=\"yoast-schema-graph\">{\"@context\":\"https:\\\/\\\/schema.org\",\"@graph\":[{\"@type\":\"Article\",\"@id\":\"https:\\\/\\\/fuentesfidedignas.com.mx\\\/index.php\\\/2025\\\/07\\\/03\\\/sheinbaum-cuestiona-a-eu-por-acuerdo-con-el-narcotraficante-ovidio-guzman\\\/#article\",\"isPartOf\":{\"@id\":\"https:\\\/\\\/fuentesfidedignas.com.mx\\\/index.php\\\/2025\\\/07\\\/03\\\/sheinbaum-cuestiona-a-eu-por-acuerdo-con-el-narcotraficante-ovidio-guzman\\\/\"},\"author\":{\"name\":\"L\u00f3pez D\u00f3riga\",\"@id\":\"https:\\\/\\\/fuentesfidedignas.com.mx\\\/#\\\/schema\\\/person\\\/67d852f0557c8509146a4b9ddebd543a\"},\"headline\":\"Sheinbaum cuestiona a EU por acuerdo con el narcotraficante Ovidio Guzm\u00e1n\",\"datePublished\":\"2025-07-03T16:41:10+00:00\",\"dateModified\":\"2025-07-03T16:42:30+00:00\",\"mainEntityOfPage\":{\"@id\":\"https:\\\/\\\/fuentesfidedignas.com.mx\\\/index.php\\\/2025\\\/07\\\/03\\\/sheinbaum-cuestiona-a-eu-por-acuerdo-con-el-narcotraficante-ovidio-guzman\\\/\"},\"wordCount\":571,\"commentCount\":0,\"publisher\":{\"@id\":\"https:\\\/\\\/fuentesfidedignas.com.mx\\\/#organization\"},\"image\":{\"@id\":\"https:\\\/\\\/fuentesfidedignas.com.mx\\\/index.php\\\/2025\\\/07\\\/03\\\/sheinbaum-cuestiona-a-eu-por-acuerdo-con-el-narcotraficante-ovidio-guzman\\\/#primaryimage\"},\"thumbnailUrl\":\"https:\\\/\\\/fuentesfidedignas.com.mx\\\/wp-content\\\/uploads\\\/2023\\\/09\\\/ovidio-guzman-extraditado.png\",\"articleSection\":[\"NOTICIAS NACIONALES\"],\"inLanguage\":\"es\",\"potentialAction\":[{\"@type\":\"CommentAction\",\"name\":\"Comment\",\"target\":[\"https:\\\/\\\/fuentesfidedignas.com.mx\\\/index.php\\\/2025\\\/07\\\/03\\\/sheinbaum-cuestiona-a-eu-por-acuerdo-con-el-narcotraficante-ovidio-guzman\\\/#respond\"]}]},{\"@type\":\"WebPage\",\"@id\":\"https:\\\/\\\/fuentesfidedignas.com.mx\\\/index.php\\\/2025\\\/07\\\/03\\\/sheinbaum-cuestiona-a-eu-por-acuerdo-con-el-narcotraficante-ovidio-guzman\\\/\",\"url\":\"https:\\\/\\\/fuentesfidedignas.com.mx\\\/index.php\\\/2025\\\/07\\\/03\\\/sheinbaum-cuestiona-a-eu-por-acuerdo-con-el-narcotraficante-ovidio-guzman\\\/\",\"name\":\"Sheinbaum cuestiona a EU por acuerdo con el narcotraficante Ovidio Guzm\u00e1n - Fuentes Fidedignas\",\"isPartOf\":{\"@id\":\"https:\\\/\\\/fuentesfidedignas.com.mx\\\/#website\"},\"primaryImageOfPage\":{\"@id\":\"https:\\\/\\\/fuentesfidedignas.com.mx\\\/index.php\\\/2025\\\/07\\\/03\\\/sheinbaum-cuestiona-a-eu-por-acuerdo-con-el-narcotraficante-ovidio-guzman\\\/#primaryimage\"},\"image\":{\"@id\":\"https:\\\/\\\/fuentesfidedignas.com.mx\\\/index.php\\\/2025\\\/07\\\/03\\\/sheinbaum-cuestiona-a-eu-por-acuerdo-con-el-narcotraficante-ovidio-guzman\\\/#primaryimage\"},\"thumbnailUrl\":\"https:\\\/\\\/fuentesfidedignas.com.mx\\\/wp-content\\\/uploads\\\/2023\\\/09\\\/ovidio-guzman-extraditado.png\",\"datePublished\":\"2025-07-03T16:41:10+00:00\",\"dateModified\":\"2025-07-03T16:42:30+00:00\",\"breadcrumb\":{\"@id\":\"https:\\\/\\\/fuentesfidedignas.com.mx\\\/index.php\\\/2025\\\/07\\\/03\\\/sheinbaum-cuestiona-a-eu-por-acuerdo-con-el-narcotraficante-ovidio-guzman\\\/#breadcrumb\"},\"inLanguage\":\"es\",\"potentialAction\":[{\"@type\":\"ReadAction\",\"target\":[\"https:\\\/\\\/fuentesfidedignas.com.mx\\\/index.php\\\/2025\\\/07\\\/03\\\/sheinbaum-cuestiona-a-eu-por-acuerdo-con-el-narcotraficante-ovidio-guzman\\\/\"]}]},{\"@type\":\"ImageObject\",\"inLanguage\":\"es\",\"@id\":\"https:\\\/\\\/fuentesfidedignas.com.mx\\\/index.php\\\/2025\\\/07\\\/03\\\/sheinbaum-cuestiona-a-eu-por-acuerdo-con-el-narcotraficante-ovidio-guzman\\\/#primaryimage\",\"url\":\"https:\\\/\\\/fuentesfidedignas.com.mx\\\/wp-content\\\/uploads\\\/2023\\\/09\\\/ovidio-guzman-extraditado.png\",\"contentUrl\":\"https:\\\/\\\/fuentesfidedignas.com.mx\\\/wp-content\\\/uploads\\\/2023\\\/09\\\/ovidio-guzman-extraditado.png\",\"width\":1024,\"height\":597},{\"@type\":\"BreadcrumbList\",\"@id\":\"https:\\\/\\\/fuentesfidedignas.com.mx\\\/index.php\\\/2025\\\/07\\\/03\\\/sheinbaum-cuestiona-a-eu-por-acuerdo-con-el-narcotraficante-ovidio-guzman\\\/#breadcrumb\",\"itemListElement\":[{\"@type\":\"ListItem\",\"position\":1,\"name\":\"Inicio\",\"item\":\"https:\\\/\\\/fuentesfidedignas.com.mx\\\/\"},{\"@type\":\"ListItem\",\"position\":2,\"name\":\"Sheinbaum cuestiona a EU por acuerdo con el narcotraficante Ovidio Guzm\u00e1n\"}]},{\"@type\":\"WebSite\",\"@id\":\"https:\\\/\\\/fuentesfidedignas.com.mx\\\/#website\",\"url\":\"https:\\\/\\\/fuentesfidedignas.com.mx\\\/\",\"name\":\"Fuentes Fidedignas\",\"description\":\"Otro sitio realizado con WordPress\",\"publisher\":{\"@id\":\"https:\\\/\\\/fuentesfidedignas.com.mx\\\/#organization\"},\"potentialAction\":[{\"@type\":\"SearchAction\",\"target\":{\"@type\":\"EntryPoint\",\"urlTemplate\":\"https:\\\/\\\/fuentesfidedignas.com.mx\\\/?s={search_term_string}\"},\"query-input\":{\"@type\":\"PropertyValueSpecification\",\"valueRequired\":true,\"valueName\":\"search_term_string\"}}],\"inLanguage\":\"es\"},{\"@type\":\"Organization\",\"@id\":\"https:\\\/\\\/fuentesfidedignas.com.mx\\\/#organization\",\"name\":\"Fuentes Fidedignas\",\"url\":\"https:\\\/\\\/fuentesfidedignas.com.mx\\\/\",\"logo\":{\"@type\":\"ImageObject\",\"inLanguage\":\"es\",\"@id\":\"https:\\\/\\\/fuentesfidedignas.com.mx\\\/#\\\/schema\\\/logo\\\/image\\\/\",\"url\":\"https:\\\/\\\/fuentesfidedignas.com.mx\\\/wp-content\\\/uploads\\\/2021\\\/04\\\/logo-retina.png\",\"contentUrl\":\"https:\\\/\\\/fuentesfidedignas.com.mx\\\/wp-content\\\/uploads\\\/2021\\\/04\\\/logo-retina.png\",\"width\":280,\"height\":51,\"caption\":\"Fuentes Fidedignas\"},\"image\":{\"@id\":\"https:\\\/\\\/fuentesfidedignas.com.mx\\\/#\\\/schema\\\/logo\\\/image\\\/\"},\"sameAs\":[\"https:\\\/\\\/www.facebook.com\\\/Fuentes-Fidedignas-368234489921644\",\"https:\\\/\\\/x.com\\\/fidedignas\"]},{\"@type\":\"Person\",\"@id\":\"https:\\\/\\\/fuentesfidedignas.com.mx\\\/#\\\/schema\\\/person\\\/67d852f0557c8509146a4b9ddebd543a\",\"name\":\"L\u00f3pez D\u00f3riga\",\"image\":{\"@type\":\"ImageObject\",\"inLanguage\":\"es\",\"@id\":\"https:\\\/\\\/secure.gravatar.com\\\/avatar\\\/e525b06574ca18b33cded59dfe5778d6c823b9513154eff47da551b0551bdd1e?s=96&d=mm&r=g\",\"url\":\"https:\\\/\\\/secure.gravatar.com\\\/avatar\\\/e525b06574ca18b33cded59dfe5778d6c823b9513154eff47da551b0551bdd1e?s=96&d=mm&r=g\",\"contentUrl\":\"https:\\\/\\\/secure.gravatar.com\\\/avatar\\\/e525b06574ca18b33cded59dfe5778d6c823b9513154eff47da551b0551bdd1e?s=96&d=mm&r=g\",\"caption\":\"L\u00f3pez D\u00f3riga\"},\"url\":\"https:\\\/\\\/fuentesfidedignas.com.mx\\\/index.php\\\/author\\\/doriga\\\/\"}]}<\/script>\n<!-- \/ Yoast SEO plugin. -->","yoast_head_json":{"title":"Sheinbaum cuestiona a EU por acuerdo con el narcotraficante Ovidio Guzm\u00e1n - Fuentes Fidedignas","robots":{"index":"index","follow":"follow","max-snippet":"max-snippet:-1","max-image-preview":"max-image-preview:large","max-video-preview":"max-video-preview:-1"},"canonical":"https:\/\/fuentesfidedignas.com.mx\/index.php\/2025\/07\/03\/sheinbaum-cuestiona-a-eu-por-acuerdo-con-el-narcotraficante-ovidio-guzman\/","og_locale":"es_MX","og_type":"article","og_title":"Sheinbaum cuestiona a EU por acuerdo con el narcotraficante Ovidio Guzm\u00e1n - Fuentes Fidedignas","og_description":"La presidenta Sheinbaum pidi\u00f3 que EU responda a tres preguntas, tras llegar a un acuerdo con el narcotraficante Ovidio Guzm\u00e1n. Claudia Sheinbaum Pardo, presidenta de M\u00e9xico, cuestion\u00f3 al Gobierno de Estados Unidos luego de que llegara a un acuerdo con Ovidio Guzm\u00e1n L\u00f3pez para que se declare culpable por cargos de narcotr\u00e1fico en un Tribunal [&hellip;]","og_url":"https:\/\/fuentesfidedignas.com.mx\/index.php\/2025\/07\/03\/sheinbaum-cuestiona-a-eu-por-acuerdo-con-el-narcotraficante-ovidio-guzman\/","og_site_name":"Fuentes Fidedignas","article_publisher":"https:\/\/www.facebook.com\/Fuentes-Fidedignas-368234489921644","article_published_time":"2025-07-03T16:41:10+00:00","article_modified_time":"2025-07-03T16:42:30+00:00","og_image":[{"width":1024,"height":597,"url":"https:\/\/fuentesfidedignas.com.mx\/wp-content\/uploads\/2023\/09\/ovidio-guzman-extraditado.png","type":"image\/png"}],"author":"L\u00f3pez D\u00f3riga","twitter_card":"summary_large_image","twitter_creator":"@fidedignas","twitter_site":"@fidedignas","twitter_misc":{"Escrito por":"L\u00f3pez D\u00f3riga","Tiempo de lectura":"3 minutos"},"schema":{"@context":"https:\/\/schema.org","@graph":[{"@type":"Article","@id":"https:\/\/fuentesfidedignas.com.mx\/index.php\/2025\/07\/03\/sheinbaum-cuestiona-a-eu-por-acuerdo-con-el-narcotraficante-ovidio-guzman\/#article","isPartOf":{"@id":"https:\/\/fuentesfidedignas.com.mx\/index.php\/2025\/07\/03\/sheinbaum-cuestiona-a-eu-por-acuerdo-con-el-narcotraficante-ovidio-guzman\/"},"author":{"name":"L\u00f3pez D\u00f3riga","@id":"https:\/\/fuentesfidedignas.com.mx\/#\/schema\/person\/67d852f0557c8509146a4b9ddebd543a"},"headline":"Sheinbaum cuestiona a EU por acuerdo con el narcotraficante Ovidio Guzm\u00e1n","datePublished":"2025-07-03T16:41:10+00:00","dateModified":"2025-07-03T16:42:30+00:00","mainEntityOfPage":{"@id":"https:\/\/fuentesfidedignas.com.mx\/index.php\/2025\/07\/03\/sheinbaum-cuestiona-a-eu-por-acuerdo-con-el-narcotraficante-ovidio-guzman\/"},"wordCount":571,"commentCount":0,"publisher":{"@id":"https:\/\/fuentesfidedignas.com.mx\/#organization"},"image":{"@id":"https:\/\/fuentesfidedignas.com.mx\/index.php\/2025\/07\/03\/sheinbaum-cuestiona-a-eu-por-acuerdo-con-el-narcotraficante-ovidio-guzman\/#primaryimage"},"thumbnailUrl":"https:\/\/fuentesfidedignas.com.mx\/wp-content\/uploads\/2023\/09\/ovidio-guzman-extraditado.png","articleSection":["NOTICIAS NACIONALES"],"inLanguage":"es","potentialAction":[{"@type":"CommentAction","name":"Comment","target":["https:\/\/fuentesfidedignas.com.mx\/index.php\/2025\/07\/03\/sheinbaum-cuestiona-a-eu-por-acuerdo-con-el-narcotraficante-ovidio-guzman\/#respond"]}]},{"@type":"WebPage","@id":"https:\/\/fuentesfidedignas.com.mx\/index.php\/2025\/07\/03\/sheinbaum-cuestiona-a-eu-por-acuerdo-con-el-narcotraficante-ovidio-guzman\/","url":"https:\/\/fuentesfidedignas.com.mx\/index.php\/2025\/07\/03\/sheinbaum-cuestiona-a-eu-por-acuerdo-con-el-narcotraficante-ovidio-guzman\/","name":"Sheinbaum cuestiona a EU por acuerdo con el narcotraficante Ovidio Guzm\u00e1n - Fuentes Fidedignas","isPartOf":{"@id":"https:\/\/fuentesfidedignas.com.mx\/#website"},"primaryImageOfPage":{"@id":"https:\/\/fuentesfidedignas.com.mx\/index.php\/2025\/07\/03\/sheinbaum-cuestiona-a-eu-por-acuerdo-con-el-narcotraficante-ovidio-guzman\/#primaryimage"},"image":{"@id":"https:\/\/fuentesfidedignas.com.mx\/index.php\/2025\/07\/03\/sheinbaum-cuestiona-a-eu-por-acuerdo-con-el-narcotraficante-ovidio-guzman\/#primaryimage"},"thumbnailUrl":"https:\/\/fuentesfidedignas.com.mx\/wp-content\/uploads\/2023\/09\/ovidio-guzman-extraditado.png","datePublished":"2025-07-03T16:41:10+00:00","dateModified":"2025-07-03T16:42:30+00:00","breadcrumb":{"@id":"https:\/\/fuentesfidedignas.com.mx\/index.php\/2025\/07\/03\/sheinbaum-cuestiona-a-eu-por-acuerdo-con-el-narcotraficante-ovidio-guzman\/#breadcrumb"},"inLanguage":"es","potentialAction":[{"@type":"ReadAction","target":["https:\/\/fuentesfidedignas.com.mx\/index.php\/2025\/07\/03\/sheinbaum-cuestiona-a-eu-por-acuerdo-con-el-narcotraficante-ovidio-guzman\/"]}]},{"@type":"ImageObject","inLanguage":"es","@id":"https:\/\/fuentesfidedignas.com.mx\/index.php\/2025\/07\/03\/sheinbaum-cuestiona-a-eu-por-acuerdo-con-el-narcotraficante-ovidio-guzman\/#primaryimage","url":"https:\/\/fuentesfidedignas.com.mx\/wp-content\/uploads\/2023\/09\/ovidio-guzman-extraditado.png","contentUrl":"https:\/\/fuentesfidedignas.com.mx\/wp-content\/uploads\/2023\/09\/ovidio-guzman-extraditado.png","width":1024,"height":597},{"@type":"BreadcrumbList","@id":"https:\/\/fuentesfidedignas.com.mx\/index.php\/2025\/07\/03\/sheinbaum-cuestiona-a-eu-por-acuerdo-con-el-narcotraficante-ovidio-guzman\/#breadcrumb","itemListElement":[{"@type":"ListItem","position":1,"name":"Inicio","item":"https:\/\/fuentesfidedignas.com.mx\/"},{"@type":"ListItem","position":2,"name":"Sheinbaum cuestiona a EU por acuerdo con el narcotraficante Ovidio Guzm\u00e1n"}]},{"@type":"WebSite","@id":"https:\/\/fuentesfidedignas.com.mx\/#website","url":"https:\/\/fuentesfidedignas.com.mx\/","name":"Fuentes Fidedignas","description":"Otro sitio realizado con WordPress","publisher":{"@id":"https:\/\/fuentesfidedignas.com.mx\/#organization"},"potentialAction":[{"@type":"SearchAction","target":{"@type":"EntryPoint","urlTemplate":"https:\/\/fuentesfidedignas.com.mx\/?s={search_term_string}"},"query-input":{"@type":"PropertyValueSpecification","valueRequired":true,"valueName":"search_term_string"}}],"inLanguage":"es"},{"@type":"Organization","@id":"https:\/\/fuentesfidedignas.com.mx\/#organization","name":"Fuentes Fidedignas","url":"https:\/\/fuentesfidedignas.com.mx\/","logo":{"@type":"ImageObject","inLanguage":"es","@id":"https:\/\/fuentesfidedignas.com.mx\/#\/schema\/logo\/image\/","url":"https:\/\/fuentesfidedignas.com.mx\/wp-content\/uploads\/2021\/04\/logo-retina.png","contentUrl":"https:\/\/fuentesfidedignas.com.mx\/wp-content\/uploads\/2021\/04\/logo-retina.png","width":280,"height":51,"caption":"Fuentes Fidedignas"},"image":{"@id":"https:\/\/fuentesfidedignas.com.mx\/#\/schema\/logo\/image\/"},"sameAs":["https:\/\/www.facebook.com\/Fuentes-Fidedignas-368234489921644","https:\/\/x.com\/fidedignas"]},{"@type":"Person","@id":"https:\/\/fuentesfidedignas.com.mx\/#\/schema\/person\/67d852f0557c8509146a4b9ddebd543a","name":"L\u00f3pez D\u00f3riga","image":{"@type":"ImageObject","inLanguage":"es","@id":"https:\/\/secure.gravatar.com\/avatar\/e525b06574ca18b33cded59dfe5778d6c823b9513154eff47da551b0551bdd1e?s=96&d=mm&r=g","url":"https:\/\/secure.gravatar.com\/avatar\/e525b06574ca18b33cded59dfe5778d6c823b9513154eff47da551b0551bdd1e?s=96&d=mm&r=g","contentUrl":"https:\/\/secure.gravatar.com\/avatar\/e525b06574ca18b33cded59dfe5778d6c823b9513154eff47da551b0551bdd1e?s=96&d=mm&r=g","caption":"L\u00f3pez D\u00f3riga"},"url":"https:\/\/fuentesfidedignas.com.mx\/index.php\/author\/doriga\/"}]}},"_links":{"self":[{"href":"https:\/\/fuentesfidedignas.com.mx\/index.php\/wp-json\/wp\/v2\/posts\/112050","targetHints":{"allow":["GET"]}}],"collection":[{"href":"https:\/\/fuentesfidedignas.com.mx\/index.php\/wp-json\/wp\/v2\/posts"}],"about":[{"href":"https:\/\/fuentesfidedignas.com.mx\/index.php\/wp-json\/wp\/v2\/types\/post"}],"author":[{"embeddable":true,"href":"https:\/\/fuentesfidedignas.com.mx\/index.php\/wp-json\/wp\/v2\/users\/47"}],"replies":[{"embeddable":true,"href":"https:\/\/fuentesfidedignas.com.mx\/index.php\/wp-json\/wp\/v2\/comments?post=112050"}],"version-history":[{"count":2,"href":"https:\/\/fuentesfidedignas.com.mx\/index.php\/wp-json\/wp\/v2\/posts\/112050\/revisions"}],"predecessor-version":[{"id":112052,"href":"https:\/\/fuentesfidedignas.com.mx\/index.php\/wp-json\/wp\/v2\/posts\/112050\/revisions\/112052"}],"wp:featuredmedia":[{"embeddable":true,"href":"https:\/\/fuentesfidedignas.com.mx\/index.php\/wp-json\/wp\/v2\/media\/60338"}],"wp:attachment":[{"href":"https:\/\/fuentesfidedignas.com.mx\/index.php\/wp-json\/wp\/v2\/media?parent=112050"}],"wp:term":[{"taxonomy":"category","embeddable":true,"href":"https:\/\/fuentesfidedignas.com.mx\/index.php\/wp-json\/wp\/v2\/categories?post=112050"},{"taxonomy":"post_tag","embeddable":true,"href":"https:\/\/fuentesfidedignas.com.mx\/index.php\/wp-json\/wp\/v2\/tags?post=112050"}],"curies":[{"name":"wp","href":"https:\/\/api.w.org\/{rel}","templated":true}]}}