{"id":112039,"date":"2025-07-03T07:43:06","date_gmt":"2025-07-03T14:43:06","guid":{"rendered":"https:\/\/fuentesfidedignas.com.mx\/?p=112039"},"modified":"2025-07-03T07:43:06","modified_gmt":"2025-07-03T14:43:06","slug":"olvidan-el-sueno-americano-cruce-de-migrantes-a-eu-desciende-drasticamente-en-junio","status":"publish","type":"post","link":"https:\/\/fuentesfidedignas.com.mx\/index.php\/2025\/07\/03\/olvidan-el-sueno-americano-cruce-de-migrantes-a-eu-desciende-drasticamente-en-junio\/","title":{"rendered":"\u2018Olvidan el sue\u00f1o americano\u2019: Cruce de migrantes a EU desciende dr\u00e1sticamente en junio"},"content":{"rendered":"\n<p><br><strong><em>La frontera entre M\u00e9xico y EU registr\u00f3 en junio un nuevo m\u00ednimo de entradas irregulares<\/em><\/strong><\/p>\n\n\n\n<p>Los cruces de migrantes desde M\u00e9xico hacia Estados Unidos descendieron en junio a niveles m\u00ednimos hist\u00f3ricos, al reportarse seis mil 70 detenciones por parte de la Patrulla Fronteriza en ese mes.<\/p>\n\n\n\n<p>Esa cifra es 15% menor al r\u00e9cord de marzo, cuando se arrest\u00f3 a siete mil 180 extranjeros en la frontera suroeste, de acuerdo con el Departamento de Seguridad Nacional (DHS).<\/p>\n\n\n\n<p>\u201cLas cifras no mienten: bajo el liderazgo del presidente Trump, el DHS y la CBP (Oficina de Aduanas y Protecci\u00f3n Fronteriza, por sus siglas en ingl\u00e9s) han batido r\u00e9cords y han logrado la frontera m\u00e1s segura en la historia de Estados Unidos\u201d, expres\u00f3 la secretaria de Seguridad Nacional, Kristi Noem, mediante un comunicado.<\/p>\n\n\n\n<p class=\"c-paragraph\">En tanto, la Casa Blanca refiri\u00f3 que los m\u00ednimos hist\u00f3ricos de detenciones \u201csubrayan la eficacia\u201d de las pol\u00edticas de seguridad fronteriza y las agresivas medidas de deportaci\u00f3n de la actual administraci\u00f3n.<\/p>\n\n\n\n<p class=\"c-paragraph\">El DHS detall\u00f3 que el 28 de junio pasado, la Patrulla Fronteriza registr\u00f3 s\u00f3lo 137 detenciones en toda la frontera suroeste, el total m\u00e1s bajo en un solo d\u00eda en un cuarto de siglo.<\/p>\n\n\n\n<p class=\"c-paragraph\">Mientras que en el \u00e1mbito nacional, los agentes arrestaron a ocho mil 039 migrantes, y por segundo mes consecutivo, las autoridades fronterizas no liberaron a ninguno de los migrantes detenidos, que incluye solicitantes de asilo.<\/p>\n\n\n\n<p>Asimismo, la CBP registr\u00f3 el menor n\u00famero de encuentros en el \u00e1mbito nacional en su historia, con 25 mil 243. No est\u00e1 claro si esas cifras incluyen arrestos de inmigrantes sin estatus legal establecidos en Estados Unidos.<\/p>\n\n\n\n<p>Los datos fueron revelados justo cuando la C\u00e1mara de Representantes realiza la \u00faltima votaci\u00f3n a la nueva ley fiscal, que prev\u00e9 inyectar miles de millones de d\u00f3lares al proyecto de seguridad fronteriza de Trump.<\/p>\n\n\n\n<p class=\"c-paragraph\">En concreto, el paquete fiscal prev\u00e9 m\u00e1s de 64 mil millones de d\u00f3lares para la construcci\u00f3n del muro fronterizo y 70 mil millones destinados a la detenci\u00f3n de migrantes, incluyendo la construcci\u00f3n y mantenimiento de los centros y el transporte de deportados.<\/p>\n\n\n\n<p class=\"c-paragraph\">Asimismo, el gobierno prev\u00e9 contratar m\u00e1s de 20 mil nuevos agentes para CBP y el Servicio de Control de Inmigraci\u00f3n y Aduanas.<\/p>\n","protected":false},"excerpt":{"rendered":"<p>La frontera entre M\u00e9xico y EU registr\u00f3 en junio un nuevo m\u00ednimo de entradas irregulares Los cruces de migrantes desde M\u00e9xico hacia Estados Unidos descendieron en junio a niveles m\u00ednimos hist\u00f3ricos, al reportarse seis mil 70 detenciones por parte de la Patrulla Fronteriza en ese mes. Esa cifra es 15% menor al r\u00e9cord de marzo, [&hellip;]<\/p>\n","protected":false},"author":22,"featured_media":112038,"comment_status":"closed","ping_status":"open","sticky":false,"template":"","format":"standard","meta":{"tdm_status":"","tdm_grid_status":"","footnotes":""},"categories":[39],"tags":[],"class_list":{"0":"post-112039","1":"post","2":"type-post","3":"status-publish","4":"format-standard","5":"has-post-thumbnail","7":"category-noticias-nacionales"},"yoast_head":"<!-- This site is optimized with the Yoast SEO plugin v27.5 - https:\/\/yoast.com\/product\/yoast-seo-wordpress\/ -->\n<title>\u2018Olvidan el sue\u00f1o americano\u2019: Cruce de migrantes a EU desciende dr\u00e1sticamente en junio - Fuentes Fidedignas<\/title>\n<meta name=\"robots\" content=\"index, follow, max-snippet:-1, max-image-preview:large, max-video-preview:-1\" \/>\n<link rel=\"canonical\" href=\"https:\/\/fuentesfidedignas.com.mx\/index.php\/2025\/07\/03\/olvidan-el-sueno-americano-cruce-de-migrantes-a-eu-desciende-drasticamente-en-junio\/\" \/>\n<meta property=\"og:locale\" content=\"es_MX\" \/>\n<meta property=\"og:type\" content=\"article\" \/>\n<meta property=\"og:title\" content=\"\u2018Olvidan el sue\u00f1o americano\u2019: Cruce de migrantes a EU desciende dr\u00e1sticamente en junio - Fuentes Fidedignas\" \/>\n<meta property=\"og:description\" content=\"La frontera entre M\u00e9xico y EU registr\u00f3 en junio un nuevo m\u00ednimo de entradas irregulares Los cruces de migrantes desde M\u00e9xico hacia Estados Unidos descendieron en junio a niveles m\u00ednimos hist\u00f3ricos, al reportarse seis mil 70 detenciones por parte de la Patrulla Fronteriza en ese mes. Esa cifra es 15% menor al r\u00e9cord de marzo, [&hellip;]\" \/>\n<meta property=\"og:url\" content=\"https:\/\/fuentesfidedignas.com.mx\/index.php\/2025\/07\/03\/olvidan-el-sueno-americano-cruce-de-migrantes-a-eu-desciende-drasticamente-en-junio\/\" \/>\n<meta property=\"og:site_name\" content=\"Fuentes Fidedignas\" \/>\n<meta property=\"article:publisher\" content=\"https:\/\/www.facebook.com\/Fuentes-Fidedignas-368234489921644\" \/>\n<meta property=\"article:published_time\" content=\"2025-07-03T14:43:06+00:00\" \/>\n<meta property=\"og:image\" content=\"https:\/\/fuentesfidedignas.com.mx\/wp-content\/uploads\/2025\/07\/img_9926.jpg\" \/>\n\t<meta property=\"og:image:width\" content=\"600\" \/>\n\t<meta property=\"og:image:height\" content=\"337\" \/>\n\t<meta property=\"og:image:type\" content=\"image\/jpeg\" \/>\n<meta name=\"author\" content=\"EFE\" \/>\n<meta name=\"twitter:card\" content=\"summary_large_image\" \/>\n<meta name=\"twitter:creator\" content=\"@fidedignas\" \/>\n<meta name=\"twitter:site\" content=\"@fidedignas\" \/>\n<meta name=\"twitter:label1\" content=\"Escrito por\" \/>\n\t<meta name=\"twitter:data1\" content=\"EFE\" \/>\n\t<meta name=\"twitter:label2\" content=\"Tiempo de lectura\" \/>\n\t<meta name=\"twitter:data2\" content=\"2 minutos\" \/>\n<script type=\"application\/ld+json\" class=\"yoast-schema-graph\">{\"@context\":\"https:\\\/\\\/schema.org\",\"@graph\":[{\"@type\":\"Article\",\"@id\":\"https:\\\/\\\/fuentesfidedignas.com.mx\\\/index.php\\\/2025\\\/07\\\/03\\\/olvidan-el-sueno-americano-cruce-de-migrantes-a-eu-desciende-drasticamente-en-junio\\\/#article\",\"isPartOf\":{\"@id\":\"https:\\\/\\\/fuentesfidedignas.com.mx\\\/index.php\\\/2025\\\/07\\\/03\\\/olvidan-el-sueno-americano-cruce-de-migrantes-a-eu-desciende-drasticamente-en-junio\\\/\"},\"author\":{\"name\":\"EFE\",\"@id\":\"https:\\\/\\\/fuentesfidedignas.com.mx\\\/#\\\/schema\\\/person\\\/0d44615087b5a626d5d3f13afe31ac41\"},\"headline\":\"\u2018Olvidan el sue\u00f1o americano\u2019: Cruce de migrantes a EU desciende dr\u00e1sticamente en junio\",\"datePublished\":\"2025-07-03T14:43:06+00:00\",\"mainEntityOfPage\":{\"@id\":\"https:\\\/\\\/fuentesfidedignas.com.mx\\\/index.php\\\/2025\\\/07\\\/03\\\/olvidan-el-sueno-americano-cruce-de-migrantes-a-eu-desciende-drasticamente-en-junio\\\/\"},\"wordCount\":397,\"publisher\":{\"@id\":\"https:\\\/\\\/fuentesfidedignas.com.mx\\\/#organization\"},\"image\":{\"@id\":\"https:\\\/\\\/fuentesfidedignas.com.mx\\\/index.php\\\/2025\\\/07\\\/03\\\/olvidan-el-sueno-americano-cruce-de-migrantes-a-eu-desciende-drasticamente-en-junio\\\/#primaryimage\"},\"thumbnailUrl\":\"https:\\\/\\\/fuentesfidedignas.com.mx\\\/wp-content\\\/uploads\\\/2025\\\/07\\\/img_9926.jpg\",\"articleSection\":[\"NOTICIAS NACIONALES\"],\"inLanguage\":\"es\"},{\"@type\":\"WebPage\",\"@id\":\"https:\\\/\\\/fuentesfidedignas.com.mx\\\/index.php\\\/2025\\\/07\\\/03\\\/olvidan-el-sueno-americano-cruce-de-migrantes-a-eu-desciende-drasticamente-en-junio\\\/\",\"url\":\"https:\\\/\\\/fuentesfidedignas.com.mx\\\/index.php\\\/2025\\\/07\\\/03\\\/olvidan-el-sueno-americano-cruce-de-migrantes-a-eu-desciende-drasticamente-en-junio\\\/\",\"name\":\"\u2018Olvidan el sue\u00f1o americano\u2019: Cruce de migrantes a EU desciende dr\u00e1sticamente en junio - Fuentes Fidedignas\",\"isPartOf\":{\"@id\":\"https:\\\/\\\/fuentesfidedignas.com.mx\\\/#website\"},\"primaryImageOfPage\":{\"@id\":\"https:\\\/\\\/fuentesfidedignas.com.mx\\\/index.php\\\/2025\\\/07\\\/03\\\/olvidan-el-sueno-americano-cruce-de-migrantes-a-eu-desciende-drasticamente-en-junio\\\/#primaryimage\"},\"image\":{\"@id\":\"https:\\\/\\\/fuentesfidedignas.com.mx\\\/index.php\\\/2025\\\/07\\\/03\\\/olvidan-el-sueno-americano-cruce-de-migrantes-a-eu-desciende-drasticamente-en-junio\\\/#primaryimage\"},\"thumbnailUrl\":\"https:\\\/\\\/fuentesfidedignas.com.mx\\\/wp-content\\\/uploads\\\/2025\\\/07\\\/img_9926.jpg\",\"datePublished\":\"2025-07-03T14:43:06+00:00\",\"breadcrumb\":{\"@id\":\"https:\\\/\\\/fuentesfidedignas.com.mx\\\/index.php\\\/2025\\\/07\\\/03\\\/olvidan-el-sueno-americano-cruce-de-migrantes-a-eu-desciende-drasticamente-en-junio\\\/#breadcrumb\"},\"inLanguage\":\"es\",\"potentialAction\":[{\"@type\":\"ReadAction\",\"target\":[\"https:\\\/\\\/fuentesfidedignas.com.mx\\\/index.php\\\/2025\\\/07\\\/03\\\/olvidan-el-sueno-americano-cruce-de-migrantes-a-eu-desciende-drasticamente-en-junio\\\/\"]}]},{\"@type\":\"ImageObject\",\"inLanguage\":\"es\",\"@id\":\"https:\\\/\\\/fuentesfidedignas.com.mx\\\/index.php\\\/2025\\\/07\\\/03\\\/olvidan-el-sueno-americano-cruce-de-migrantes-a-eu-desciende-drasticamente-en-junio\\\/#primaryimage\",\"url\":\"https:\\\/\\\/fuentesfidedignas.com.mx\\\/wp-content\\\/uploads\\\/2025\\\/07\\\/img_9926.jpg\",\"contentUrl\":\"https:\\\/\\\/fuentesfidedignas.com.mx\\\/wp-content\\\/uploads\\\/2025\\\/07\\\/img_9926.jpg\",\"width\":600,\"height\":337},{\"@type\":\"BreadcrumbList\",\"@id\":\"https:\\\/\\\/fuentesfidedignas.com.mx\\\/index.php\\\/2025\\\/07\\\/03\\\/olvidan-el-sueno-americano-cruce-de-migrantes-a-eu-desciende-drasticamente-en-junio\\\/#breadcrumb\",\"itemListElement\":[{\"@type\":\"ListItem\",\"position\":1,\"name\":\"Inicio\",\"item\":\"https:\\\/\\\/fuentesfidedignas.com.mx\\\/\"},{\"@type\":\"ListItem\",\"position\":2,\"name\":\"\u2018Olvidan el sue\u00f1o americano\u2019: Cruce de migrantes a EU desciende dr\u00e1sticamente en junio\"}]},{\"@type\":\"WebSite\",\"@id\":\"https:\\\/\\\/fuentesfidedignas.com.mx\\\/#website\",\"url\":\"https:\\\/\\\/fuentesfidedignas.com.mx\\\/\",\"name\":\"Fuentes Fidedignas\",\"description\":\"Otro sitio realizado con WordPress\",\"publisher\":{\"@id\":\"https:\\\/\\\/fuentesfidedignas.com.mx\\\/#organization\"},\"potentialAction\":[{\"@type\":\"SearchAction\",\"target\":{\"@type\":\"EntryPoint\",\"urlTemplate\":\"https:\\\/\\\/fuentesfidedignas.com.mx\\\/?s={search_term_string}\"},\"query-input\":{\"@type\":\"PropertyValueSpecification\",\"valueRequired\":true,\"valueName\":\"search_term_string\"}}],\"inLanguage\":\"es\"},{\"@type\":\"Organization\",\"@id\":\"https:\\\/\\\/fuentesfidedignas.com.mx\\\/#organization\",\"name\":\"Fuentes Fidedignas\",\"url\":\"https:\\\/\\\/fuentesfidedignas.com.mx\\\/\",\"logo\":{\"@type\":\"ImageObject\",\"inLanguage\":\"es\",\"@id\":\"https:\\\/\\\/fuentesfidedignas.com.mx\\\/#\\\/schema\\\/logo\\\/image\\\/\",\"url\":\"https:\\\/\\\/fuentesfidedignas.com.mx\\\/wp-content\\\/uploads\\\/2021\\\/04\\\/logo-retina.png\",\"contentUrl\":\"https:\\\/\\\/fuentesfidedignas.com.mx\\\/wp-content\\\/uploads\\\/2021\\\/04\\\/logo-retina.png\",\"width\":280,\"height\":51,\"caption\":\"Fuentes Fidedignas\"},\"image\":{\"@id\":\"https:\\\/\\\/fuentesfidedignas.com.mx\\\/#\\\/schema\\\/logo\\\/image\\\/\"},\"sameAs\":[\"https:\\\/\\\/www.facebook.com\\\/Fuentes-Fidedignas-368234489921644\",\"https:\\\/\\\/x.com\\\/fidedignas\"]},{\"@type\":\"Person\",\"@id\":\"https:\\\/\\\/fuentesfidedignas.com.mx\\\/#\\\/schema\\\/person\\\/0d44615087b5a626d5d3f13afe31ac41\",\"name\":\"EFE\",\"image\":{\"@type\":\"ImageObject\",\"inLanguage\":\"es\",\"@id\":\"https:\\\/\\\/secure.gravatar.com\\\/avatar\\\/7048c2d9b569d9bed55bb53ad23821e6e047aa66338fb6ea9868627bbb9f54e8?s=96&d=mm&r=g\",\"url\":\"https:\\\/\\\/secure.gravatar.com\\\/avatar\\\/7048c2d9b569d9bed55bb53ad23821e6e047aa66338fb6ea9868627bbb9f54e8?s=96&d=mm&r=g\",\"contentUrl\":\"https:\\\/\\\/secure.gravatar.com\\\/avatar\\\/7048c2d9b569d9bed55bb53ad23821e6e047aa66338fb6ea9868627bbb9f54e8?s=96&d=mm&r=g\",\"caption\":\"EFE\"},\"url\":\"https:\\\/\\\/fuentesfidedignas.com.mx\\\/index.php\\\/author\\\/efe\\\/\"}]}<\/script>\n<!-- \/ Yoast SEO plugin. -->","yoast_head_json":{"title":"\u2018Olvidan el sue\u00f1o americano\u2019: Cruce de migrantes a EU desciende dr\u00e1sticamente en junio - Fuentes Fidedignas","robots":{"index":"index","follow":"follow","max-snippet":"max-snippet:-1","max-image-preview":"max-image-preview:large","max-video-preview":"max-video-preview:-1"},"canonical":"https:\/\/fuentesfidedignas.com.mx\/index.php\/2025\/07\/03\/olvidan-el-sueno-americano-cruce-de-migrantes-a-eu-desciende-drasticamente-en-junio\/","og_locale":"es_MX","og_type":"article","og_title":"\u2018Olvidan el sue\u00f1o americano\u2019: Cruce de migrantes a EU desciende dr\u00e1sticamente en junio - Fuentes Fidedignas","og_description":"La frontera entre M\u00e9xico y EU registr\u00f3 en junio un nuevo m\u00ednimo de entradas irregulares Los cruces de migrantes desde M\u00e9xico hacia Estados Unidos descendieron en junio a niveles m\u00ednimos hist\u00f3ricos, al reportarse seis mil 70 detenciones por parte de la Patrulla Fronteriza en ese mes. Esa cifra es 15% menor al r\u00e9cord de marzo, [&hellip;]","og_url":"https:\/\/fuentesfidedignas.com.mx\/index.php\/2025\/07\/03\/olvidan-el-sueno-americano-cruce-de-migrantes-a-eu-desciende-drasticamente-en-junio\/","og_site_name":"Fuentes Fidedignas","article_publisher":"https:\/\/www.facebook.com\/Fuentes-Fidedignas-368234489921644","article_published_time":"2025-07-03T14:43:06+00:00","og_image":[{"width":600,"height":337,"url":"https:\/\/fuentesfidedignas.com.mx\/wp-content\/uploads\/2025\/07\/img_9926.jpg","type":"image\/jpeg"}],"author":"EFE","twitter_card":"summary_large_image","twitter_creator":"@fidedignas","twitter_site":"@fidedignas","twitter_misc":{"Escrito por":"EFE","Tiempo de lectura":"2 minutos"},"schema":{"@context":"https:\/\/schema.org","@graph":[{"@type":"Article","@id":"https:\/\/fuentesfidedignas.com.mx\/index.php\/2025\/07\/03\/olvidan-el-sueno-americano-cruce-de-migrantes-a-eu-desciende-drasticamente-en-junio\/#article","isPartOf":{"@id":"https:\/\/fuentesfidedignas.com.mx\/index.php\/2025\/07\/03\/olvidan-el-sueno-americano-cruce-de-migrantes-a-eu-desciende-drasticamente-en-junio\/"},"author":{"name":"EFE","@id":"https:\/\/fuentesfidedignas.com.mx\/#\/schema\/person\/0d44615087b5a626d5d3f13afe31ac41"},"headline":"\u2018Olvidan el sue\u00f1o americano\u2019: Cruce de migrantes a EU desciende dr\u00e1sticamente en junio","datePublished":"2025-07-03T14:43:06+00:00","mainEntityOfPage":{"@id":"https:\/\/fuentesfidedignas.com.mx\/index.php\/2025\/07\/03\/olvidan-el-sueno-americano-cruce-de-migrantes-a-eu-desciende-drasticamente-en-junio\/"},"wordCount":397,"publisher":{"@id":"https:\/\/fuentesfidedignas.com.mx\/#organization"},"image":{"@id":"https:\/\/fuentesfidedignas.com.mx\/index.php\/2025\/07\/03\/olvidan-el-sueno-americano-cruce-de-migrantes-a-eu-desciende-drasticamente-en-junio\/#primaryimage"},"thumbnailUrl":"https:\/\/fuentesfidedignas.com.mx\/wp-content\/uploads\/2025\/07\/img_9926.jpg","articleSection":["NOTICIAS NACIONALES"],"inLanguage":"es"},{"@type":"WebPage","@id":"https:\/\/fuentesfidedignas.com.mx\/index.php\/2025\/07\/03\/olvidan-el-sueno-americano-cruce-de-migrantes-a-eu-desciende-drasticamente-en-junio\/","url":"https:\/\/fuentesfidedignas.com.mx\/index.php\/2025\/07\/03\/olvidan-el-sueno-americano-cruce-de-migrantes-a-eu-desciende-drasticamente-en-junio\/","name":"\u2018Olvidan el sue\u00f1o americano\u2019: Cruce de migrantes a EU desciende dr\u00e1sticamente en junio - Fuentes Fidedignas","isPartOf":{"@id":"https:\/\/fuentesfidedignas.com.mx\/#website"},"primaryImageOfPage":{"@id":"https:\/\/fuentesfidedignas.com.mx\/index.php\/2025\/07\/03\/olvidan-el-sueno-americano-cruce-de-migrantes-a-eu-desciende-drasticamente-en-junio\/#primaryimage"},"image":{"@id":"https:\/\/fuentesfidedignas.com.mx\/index.php\/2025\/07\/03\/olvidan-el-sueno-americano-cruce-de-migrantes-a-eu-desciende-drasticamente-en-junio\/#primaryimage"},"thumbnailUrl":"https:\/\/fuentesfidedignas.com.mx\/wp-content\/uploads\/2025\/07\/img_9926.jpg","datePublished":"2025-07-03T14:43:06+00:00","breadcrumb":{"@id":"https:\/\/fuentesfidedignas.com.mx\/index.php\/2025\/07\/03\/olvidan-el-sueno-americano-cruce-de-migrantes-a-eu-desciende-drasticamente-en-junio\/#breadcrumb"},"inLanguage":"es","potentialAction":[{"@type":"ReadAction","target":["https:\/\/fuentesfidedignas.com.mx\/index.php\/2025\/07\/03\/olvidan-el-sueno-americano-cruce-de-migrantes-a-eu-desciende-drasticamente-en-junio\/"]}]},{"@type":"ImageObject","inLanguage":"es","@id":"https:\/\/fuentesfidedignas.com.mx\/index.php\/2025\/07\/03\/olvidan-el-sueno-americano-cruce-de-migrantes-a-eu-desciende-drasticamente-en-junio\/#primaryimage","url":"https:\/\/fuentesfidedignas.com.mx\/wp-content\/uploads\/2025\/07\/img_9926.jpg","contentUrl":"https:\/\/fuentesfidedignas.com.mx\/wp-content\/uploads\/2025\/07\/img_9926.jpg","width":600,"height":337},{"@type":"BreadcrumbList","@id":"https:\/\/fuentesfidedignas.com.mx\/index.php\/2025\/07\/03\/olvidan-el-sueno-americano-cruce-de-migrantes-a-eu-desciende-drasticamente-en-junio\/#breadcrumb","itemListElement":[{"@type":"ListItem","position":1,"name":"Inicio","item":"https:\/\/fuentesfidedignas.com.mx\/"},{"@type":"ListItem","position":2,"name":"\u2018Olvidan el sue\u00f1o americano\u2019: Cruce de migrantes a EU desciende dr\u00e1sticamente en junio"}]},{"@type":"WebSite","@id":"https:\/\/fuentesfidedignas.com.mx\/#website","url":"https:\/\/fuentesfidedignas.com.mx\/","name":"Fuentes Fidedignas","description":"Otro sitio realizado con WordPress","publisher":{"@id":"https:\/\/fuentesfidedignas.com.mx\/#organization"},"potentialAction":[{"@type":"SearchAction","target":{"@type":"EntryPoint","urlTemplate":"https:\/\/fuentesfidedignas.com.mx\/?s={search_term_string}"},"query-input":{"@type":"PropertyValueSpecification","valueRequired":true,"valueName":"search_term_string"}}],"inLanguage":"es"},{"@type":"Organization","@id":"https:\/\/fuentesfidedignas.com.mx\/#organization","name":"Fuentes Fidedignas","url":"https:\/\/fuentesfidedignas.com.mx\/","logo":{"@type":"ImageObject","inLanguage":"es","@id":"https:\/\/fuentesfidedignas.com.mx\/#\/schema\/logo\/image\/","url":"https:\/\/fuentesfidedignas.com.mx\/wp-content\/uploads\/2021\/04\/logo-retina.png","contentUrl":"https:\/\/fuentesfidedignas.com.mx\/wp-content\/uploads\/2021\/04\/logo-retina.png","width":280,"height":51,"caption":"Fuentes Fidedignas"},"image":{"@id":"https:\/\/fuentesfidedignas.com.mx\/#\/schema\/logo\/image\/"},"sameAs":["https:\/\/www.facebook.com\/Fuentes-Fidedignas-368234489921644","https:\/\/x.com\/fidedignas"]},{"@type":"Person","@id":"https:\/\/fuentesfidedignas.com.mx\/#\/schema\/person\/0d44615087b5a626d5d3f13afe31ac41","name":"EFE","image":{"@type":"ImageObject","inLanguage":"es","@id":"https:\/\/secure.gravatar.com\/avatar\/7048c2d9b569d9bed55bb53ad23821e6e047aa66338fb6ea9868627bbb9f54e8?s=96&d=mm&r=g","url":"https:\/\/secure.gravatar.com\/avatar\/7048c2d9b569d9bed55bb53ad23821e6e047aa66338fb6ea9868627bbb9f54e8?s=96&d=mm&r=g","contentUrl":"https:\/\/secure.gravatar.com\/avatar\/7048c2d9b569d9bed55bb53ad23821e6e047aa66338fb6ea9868627bbb9f54e8?s=96&d=mm&r=g","caption":"EFE"},"url":"https:\/\/fuentesfidedignas.com.mx\/index.php\/author\/efe\/"}]}},"_links":{"self":[{"href":"https:\/\/fuentesfidedignas.com.mx\/index.php\/wp-json\/wp\/v2\/posts\/112039","targetHints":{"allow":["GET"]}}],"collection":[{"href":"https:\/\/fuentesfidedignas.com.mx\/index.php\/wp-json\/wp\/v2\/posts"}],"about":[{"href":"https:\/\/fuentesfidedignas.com.mx\/index.php\/wp-json\/wp\/v2\/types\/post"}],"author":[{"embeddable":true,"href":"https:\/\/fuentesfidedignas.com.mx\/index.php\/wp-json\/wp\/v2\/users\/22"}],"replies":[{"embeddable":true,"href":"https:\/\/fuentesfidedignas.com.mx\/index.php\/wp-json\/wp\/v2\/comments?post=112039"}],"version-history":[{"count":1,"href":"https:\/\/fuentesfidedignas.com.mx\/index.php\/wp-json\/wp\/v2\/posts\/112039\/revisions"}],"predecessor-version":[{"id":112040,"href":"https:\/\/fuentesfidedignas.com.mx\/index.php\/wp-json\/wp\/v2\/posts\/112039\/revisions\/112040"}],"wp:featuredmedia":[{"embeddable":true,"href":"https:\/\/fuentesfidedignas.com.mx\/index.php\/wp-json\/wp\/v2\/media\/112038"}],"wp:attachment":[{"href":"https:\/\/fuentesfidedignas.com.mx\/index.php\/wp-json\/wp\/v2\/media?parent=112039"}],"wp:term":[{"taxonomy":"category","embeddable":true,"href":"https:\/\/fuentesfidedignas.com.mx\/index.php\/wp-json\/wp\/v2\/categories?post=112039"},{"taxonomy":"post_tag","embeddable":true,"href":"https:\/\/fuentesfidedignas.com.mx\/index.php\/wp-json\/wp\/v2\/tags?post=112039"}],"curies":[{"name":"wp","href":"https:\/\/api.w.org\/{rel}","templated":true}]}}