{"id":11184,"date":"2021-08-29T16:51:39","date_gmt":"2021-08-29T23:51:39","guid":{"rendered":"https:\/\/fuentesfidedignas.com.mx\/?p=11184"},"modified":"2021-08-29T16:51:40","modified_gmt":"2021-08-29T23:51:40","slug":"autoridades-de-todo-el-estado-acuerdan-acciones-preventivas-ante-la-llegada-de-nora-a-sinaloa","status":"publish","type":"post","link":"https:\/\/fuentesfidedignas.com.mx\/index.php\/2021\/08\/29\/autoridades-de-todo-el-estado-acuerdan-acciones-preventivas-ante-la-llegada-de-nora-a-sinaloa\/","title":{"rendered":"Autoridades de todo el estado acuerdan acciones preventivas ante la llegada de \u201cNora\u201d a Sinaloa"},"content":{"rendered":"\n<p><strong><em>La fuerza de este fen\u00f3meno natural ha disminuido, pero aun as\u00ed las acciones preventivas se han activado y las autoridades est\u00e1n alertas<\/em><\/strong><\/p>\n\n\n\n<p>Culiac\u00e1n, Sin.- Mediante una reuni\u00f3n virtual, autoridades de los tres niveles de gobierno acordaron las acciones preventivas que cada municipio implementar\u00e1 por la llegada del fen\u00f3meno natural \u201cNora\u201d, el cual ha disminuido considerablemente su fuerza; se han activado albergues y las corporaciones de seguridad, protecci\u00f3n y auxilio est\u00e1n alertas.<\/p>\n\n\n\n<p>En representaci\u00f3n del gobernador Quirino Ordaz Coppel, el secretario general de Gobierno, Gonzalo G\u00f3mez Flores se\u00f1al\u00f3 que las corporaciones ya est\u00e1n coordinadas para atender cualquier necesidad de la ciudadan\u00eda en todo el estado, y que a pesar de que la fuerza de Nora ha disminuido, se encuentran 128 albergues en Sinaloa que ser\u00e1n activados en caso de ser necesarios.<\/p>\n\n\n\n<p>El director regional de Conagua, Jos\u00e9 Luis Montalvo, resalt\u00f3 que durante el monitoreo de \u201cNora\u201d, el pron\u00f3stico es para que todos los sectores de la poblaci\u00f3n se concienticen y se cuiden ante la llegada de esta tormenta tropical que ha dejado lluvias al sur del estado y que continuar\u00e1 con precipitaciones en otras \u00e1reas del estado.<\/p>\n\n\n\n<p>En ese mismo sentido, el secretario de Seguridad P\u00fablica del Estado, Crist\u00f3bal Casta\u00f1eda Camarillo destac\u00f3 que es importante que la poblaci\u00f3n tenga presente la l\u00ednea de emergencias 9-1-1, la cual est\u00e1 disponible ante cualquier situaci\u00f3n derivada por este fen\u00f3meno natural, y cualquier otro suceso.<\/p>\n\n\n\n<p>Por su parte, el delegado estatal de Programas para el Desarrollo de Sinaloa, Jaime Montes Salas se\u00f1al\u00f3 que las jornadas de vacunaci\u00f3n programadas para el d\u00eda de ma\u00f1ana se cancelan y su reanudaci\u00f3n ser\u00e1 acordada este mismo lunes.<\/p>\n\n\n\n<p>Cabe destacar que en las participaciones, las presidentas municipales de El Fuerte, Angostura y Salvador Alvarado, adem\u00e1s del alcalde de Ahome, declararon que est\u00e1n listos y con toda la coordinaci\u00f3n con los entes de los distintos niveles de gobierno para atender las posibles afectaciones de fen\u00f3meno meteorol\u00f3gico.<\/p>\n","protected":false},"excerpt":{"rendered":"<p>La fuerza de este fen\u00f3meno natural ha disminuido, pero aun as\u00ed las acciones preventivas se han activado y las autoridades est\u00e1n alertas Culiac\u00e1n, Sin.- Mediante una reuni\u00f3n virtual, autoridades de los tres niveles de gobierno acordaron las acciones preventivas que cada municipio implementar\u00e1 por la llegada del fen\u00f3meno natural \u201cNora\u201d, el cual ha disminuido considerablemente [&hellip;]<\/p>\n","protected":false},"author":4,"featured_media":11185,"comment_status":"open","ping_status":"open","sticky":false,"template":"","format":"standard","meta":{"tdm_status":"","tdm_grid_status":"","footnotes":""},"categories":[37],"tags":[],"class_list":{"0":"post-11184","1":"post","2":"type-post","3":"status-publish","4":"format-standard","5":"has-post-thumbnail","7":"category-nota-principal"},"yoast_head":"<!-- This site is optimized with the Yoast SEO plugin v27.4 - https:\/\/yoast.com\/product\/yoast-seo-wordpress\/ -->\n<title>Autoridades de todo el estado acuerdan acciones preventivas ante la llegada de \u201cNora\u201d a Sinaloa - Fuentes Fidedignas<\/title>\n<meta name=\"robots\" content=\"index, follow, max-snippet:-1, max-image-preview:large, max-video-preview:-1\" \/>\n<link rel=\"canonical\" href=\"https:\/\/fuentesfidedignas.com.mx\/index.php\/2021\/08\/29\/autoridades-de-todo-el-estado-acuerdan-acciones-preventivas-ante-la-llegada-de-nora-a-sinaloa\/\" \/>\n<meta property=\"og:locale\" content=\"es_MX\" \/>\n<meta property=\"og:type\" content=\"article\" \/>\n<meta property=\"og:title\" content=\"Autoridades de todo el estado acuerdan acciones preventivas ante la llegada de \u201cNora\u201d a Sinaloa - Fuentes Fidedignas\" \/>\n<meta property=\"og:description\" content=\"La fuerza de este fen\u00f3meno natural ha disminuido, pero aun as\u00ed las acciones preventivas se han activado y las autoridades est\u00e1n alertas Culiac\u00e1n, Sin.- Mediante una reuni\u00f3n virtual, autoridades de los tres niveles de gobierno acordaron las acciones preventivas que cada municipio implementar\u00e1 por la llegada del fen\u00f3meno natural \u201cNora\u201d, el cual ha disminuido considerablemente [&hellip;]\" \/>\n<meta property=\"og:url\" content=\"https:\/\/fuentesfidedignas.com.mx\/index.php\/2021\/08\/29\/autoridades-de-todo-el-estado-acuerdan-acciones-preventivas-ante-la-llegada-de-nora-a-sinaloa\/\" \/>\n<meta property=\"og:site_name\" content=\"Fuentes Fidedignas\" \/>\n<meta property=\"article:publisher\" content=\"https:\/\/www.facebook.com\/Fuentes-Fidedignas-368234489921644\" \/>\n<meta property=\"article:published_time\" content=\"2021-08-29T23:51:39+00:00\" \/>\n<meta property=\"article:modified_time\" content=\"2021-08-29T23:51:40+00:00\" \/>\n<meta property=\"og:image\" content=\"https:\/\/fuentesfidedignas.com.mx\/wp-content\/uploads\/2021\/08\/5c82fa5d-a839-4c5d-b46b-b1d5c0846fee.jpg\" \/>\n\t<meta property=\"og:image:width\" content=\"1024\" \/>\n\t<meta property=\"og:image:height\" content=\"525\" \/>\n\t<meta property=\"og:image:type\" content=\"image\/jpeg\" \/>\n<meta name=\"author\" content=\"Redacci\u00f3n\" \/>\n<meta name=\"twitter:card\" content=\"summary_large_image\" \/>\n<meta name=\"twitter:creator\" content=\"@fidedignas\" \/>\n<meta name=\"twitter:site\" content=\"@fidedignas\" \/>\n<meta name=\"twitter:label1\" content=\"Escrito por\" \/>\n\t<meta name=\"twitter:data1\" content=\"Redacci\u00f3n\" \/>\n\t<meta name=\"twitter:label2\" content=\"Tiempo de lectura\" \/>\n\t<meta name=\"twitter:data2\" content=\"2 minutos\" \/>\n<script type=\"application\/ld+json\" class=\"yoast-schema-graph\">{\"@context\":\"https:\\\/\\\/schema.org\",\"@graph\":[{\"@type\":\"Article\",\"@id\":\"https:\\\/\\\/fuentesfidedignas.com.mx\\\/index.php\\\/2021\\\/08\\\/29\\\/autoridades-de-todo-el-estado-acuerdan-acciones-preventivas-ante-la-llegada-de-nora-a-sinaloa\\\/#article\",\"isPartOf\":{\"@id\":\"https:\\\/\\\/fuentesfidedignas.com.mx\\\/index.php\\\/2021\\\/08\\\/29\\\/autoridades-de-todo-el-estado-acuerdan-acciones-preventivas-ante-la-llegada-de-nora-a-sinaloa\\\/\"},\"author\":{\"name\":\"Redacci\u00f3n\",\"@id\":\"https:\\\/\\\/fuentesfidedignas.com.mx\\\/#\\\/schema\\\/person\\\/331be9283d37198e2acd5750279085b0\"},\"headline\":\"Autoridades de todo el estado acuerdan acciones preventivas ante la llegada de \u201cNora\u201d a Sinaloa\",\"datePublished\":\"2021-08-29T23:51:39+00:00\",\"dateModified\":\"2021-08-29T23:51:40+00:00\",\"mainEntityOfPage\":{\"@id\":\"https:\\\/\\\/fuentesfidedignas.com.mx\\\/index.php\\\/2021\\\/08\\\/29\\\/autoridades-de-todo-el-estado-acuerdan-acciones-preventivas-ante-la-llegada-de-nora-a-sinaloa\\\/\"},\"wordCount\":363,\"commentCount\":0,\"publisher\":{\"@id\":\"https:\\\/\\\/fuentesfidedignas.com.mx\\\/#organization\"},\"image\":{\"@id\":\"https:\\\/\\\/fuentesfidedignas.com.mx\\\/index.php\\\/2021\\\/08\\\/29\\\/autoridades-de-todo-el-estado-acuerdan-acciones-preventivas-ante-la-llegada-de-nora-a-sinaloa\\\/#primaryimage\"},\"thumbnailUrl\":\"https:\\\/\\\/fuentesfidedignas.com.mx\\\/wp-content\\\/uploads\\\/2021\\\/08\\\/5c82fa5d-a839-4c5d-b46b-b1d5c0846fee.jpg\",\"articleSection\":[\"NOTA PRINCIPAL\"],\"inLanguage\":\"es\",\"potentialAction\":[{\"@type\":\"CommentAction\",\"name\":\"Comment\",\"target\":[\"https:\\\/\\\/fuentesfidedignas.com.mx\\\/index.php\\\/2021\\\/08\\\/29\\\/autoridades-de-todo-el-estado-acuerdan-acciones-preventivas-ante-la-llegada-de-nora-a-sinaloa\\\/#respond\"]}]},{\"@type\":\"WebPage\",\"@id\":\"https:\\\/\\\/fuentesfidedignas.com.mx\\\/index.php\\\/2021\\\/08\\\/29\\\/autoridades-de-todo-el-estado-acuerdan-acciones-preventivas-ante-la-llegada-de-nora-a-sinaloa\\\/\",\"url\":\"https:\\\/\\\/fuentesfidedignas.com.mx\\\/index.php\\\/2021\\\/08\\\/29\\\/autoridades-de-todo-el-estado-acuerdan-acciones-preventivas-ante-la-llegada-de-nora-a-sinaloa\\\/\",\"name\":\"Autoridades de todo el estado acuerdan acciones preventivas ante la llegada de \u201cNora\u201d a Sinaloa - Fuentes Fidedignas\",\"isPartOf\":{\"@id\":\"https:\\\/\\\/fuentesfidedignas.com.mx\\\/#website\"},\"primaryImageOfPage\":{\"@id\":\"https:\\\/\\\/fuentesfidedignas.com.mx\\\/index.php\\\/2021\\\/08\\\/29\\\/autoridades-de-todo-el-estado-acuerdan-acciones-preventivas-ante-la-llegada-de-nora-a-sinaloa\\\/#primaryimage\"},\"image\":{\"@id\":\"https:\\\/\\\/fuentesfidedignas.com.mx\\\/index.php\\\/2021\\\/08\\\/29\\\/autoridades-de-todo-el-estado-acuerdan-acciones-preventivas-ante-la-llegada-de-nora-a-sinaloa\\\/#primaryimage\"},\"thumbnailUrl\":\"https:\\\/\\\/fuentesfidedignas.com.mx\\\/wp-content\\\/uploads\\\/2021\\\/08\\\/5c82fa5d-a839-4c5d-b46b-b1d5c0846fee.jpg\",\"datePublished\":\"2021-08-29T23:51:39+00:00\",\"dateModified\":\"2021-08-29T23:51:40+00:00\",\"breadcrumb\":{\"@id\":\"https:\\\/\\\/fuentesfidedignas.com.mx\\\/index.php\\\/2021\\\/08\\\/29\\\/autoridades-de-todo-el-estado-acuerdan-acciones-preventivas-ante-la-llegada-de-nora-a-sinaloa\\\/#breadcrumb\"},\"inLanguage\":\"es\",\"potentialAction\":[{\"@type\":\"ReadAction\",\"target\":[\"https:\\\/\\\/fuentesfidedignas.com.mx\\\/index.php\\\/2021\\\/08\\\/29\\\/autoridades-de-todo-el-estado-acuerdan-acciones-preventivas-ante-la-llegada-de-nora-a-sinaloa\\\/\"]}]},{\"@type\":\"ImageObject\",\"inLanguage\":\"es\",\"@id\":\"https:\\\/\\\/fuentesfidedignas.com.mx\\\/index.php\\\/2021\\\/08\\\/29\\\/autoridades-de-todo-el-estado-acuerdan-acciones-preventivas-ante-la-llegada-de-nora-a-sinaloa\\\/#primaryimage\",\"url\":\"https:\\\/\\\/fuentesfidedignas.com.mx\\\/wp-content\\\/uploads\\\/2021\\\/08\\\/5c82fa5d-a839-4c5d-b46b-b1d5c0846fee.jpg\",\"contentUrl\":\"https:\\\/\\\/fuentesfidedignas.com.mx\\\/wp-content\\\/uploads\\\/2021\\\/08\\\/5c82fa5d-a839-4c5d-b46b-b1d5c0846fee.jpg\",\"width\":1024,\"height\":525},{\"@type\":\"BreadcrumbList\",\"@id\":\"https:\\\/\\\/fuentesfidedignas.com.mx\\\/index.php\\\/2021\\\/08\\\/29\\\/autoridades-de-todo-el-estado-acuerdan-acciones-preventivas-ante-la-llegada-de-nora-a-sinaloa\\\/#breadcrumb\",\"itemListElement\":[{\"@type\":\"ListItem\",\"position\":1,\"name\":\"Inicio\",\"item\":\"https:\\\/\\\/fuentesfidedignas.com.mx\\\/\"},{\"@type\":\"ListItem\",\"position\":2,\"name\":\"Autoridades de todo el estado acuerdan acciones preventivas ante la llegada de \u201cNora\u201d a Sinaloa\"}]},{\"@type\":\"WebSite\",\"@id\":\"https:\\\/\\\/fuentesfidedignas.com.mx\\\/#website\",\"url\":\"https:\\\/\\\/fuentesfidedignas.com.mx\\\/\",\"name\":\"Fuentes Fidedignas\",\"description\":\"Otro sitio realizado con WordPress\",\"publisher\":{\"@id\":\"https:\\\/\\\/fuentesfidedignas.com.mx\\\/#organization\"},\"potentialAction\":[{\"@type\":\"SearchAction\",\"target\":{\"@type\":\"EntryPoint\",\"urlTemplate\":\"https:\\\/\\\/fuentesfidedignas.com.mx\\\/?s={search_term_string}\"},\"query-input\":{\"@type\":\"PropertyValueSpecification\",\"valueRequired\":true,\"valueName\":\"search_term_string\"}}],\"inLanguage\":\"es\"},{\"@type\":\"Organization\",\"@id\":\"https:\\\/\\\/fuentesfidedignas.com.mx\\\/#organization\",\"name\":\"Fuentes Fidedignas\",\"url\":\"https:\\\/\\\/fuentesfidedignas.com.mx\\\/\",\"logo\":{\"@type\":\"ImageObject\",\"inLanguage\":\"es\",\"@id\":\"https:\\\/\\\/fuentesfidedignas.com.mx\\\/#\\\/schema\\\/logo\\\/image\\\/\",\"url\":\"https:\\\/\\\/fuentesfidedignas.com.mx\\\/wp-content\\\/uploads\\\/2021\\\/04\\\/logo-retina.png\",\"contentUrl\":\"https:\\\/\\\/fuentesfidedignas.com.mx\\\/wp-content\\\/uploads\\\/2021\\\/04\\\/logo-retina.png\",\"width\":280,\"height\":51,\"caption\":\"Fuentes Fidedignas\"},\"image\":{\"@id\":\"https:\\\/\\\/fuentesfidedignas.com.mx\\\/#\\\/schema\\\/logo\\\/image\\\/\"},\"sameAs\":[\"https:\\\/\\\/www.facebook.com\\\/Fuentes-Fidedignas-368234489921644\",\"https:\\\/\\\/x.com\\\/fidedignas\"]},{\"@type\":\"Person\",\"@id\":\"https:\\\/\\\/fuentesfidedignas.com.mx\\\/#\\\/schema\\\/person\\\/331be9283d37198e2acd5750279085b0\",\"name\":\"Redacci\u00f3n\",\"image\":{\"@type\":\"ImageObject\",\"inLanguage\":\"es\",\"@id\":\"https:\\\/\\\/secure.gravatar.com\\\/avatar\\\/f6d8782c11d12b2d4ad3fbb6931aeab5309937a4d6cd2fc9cfaa28a6396a5aec?s=96&d=mm&r=g\",\"url\":\"https:\\\/\\\/secure.gravatar.com\\\/avatar\\\/f6d8782c11d12b2d4ad3fbb6931aeab5309937a4d6cd2fc9cfaa28a6396a5aec?s=96&d=mm&r=g\",\"contentUrl\":\"https:\\\/\\\/secure.gravatar.com\\\/avatar\\\/f6d8782c11d12b2d4ad3fbb6931aeab5309937a4d6cd2fc9cfaa28a6396a5aec?s=96&d=mm&r=g\",\"caption\":\"Redacci\u00f3n\"},\"url\":\"https:\\\/\\\/fuentesfidedignas.com.mx\\\/index.php\\\/author\\\/redaccion\\\/\"}]}<\/script>\n<!-- \/ Yoast SEO plugin. -->","yoast_head_json":{"title":"Autoridades de todo el estado acuerdan acciones preventivas ante la llegada de \u201cNora\u201d a Sinaloa - Fuentes Fidedignas","robots":{"index":"index","follow":"follow","max-snippet":"max-snippet:-1","max-image-preview":"max-image-preview:large","max-video-preview":"max-video-preview:-1"},"canonical":"https:\/\/fuentesfidedignas.com.mx\/index.php\/2021\/08\/29\/autoridades-de-todo-el-estado-acuerdan-acciones-preventivas-ante-la-llegada-de-nora-a-sinaloa\/","og_locale":"es_MX","og_type":"article","og_title":"Autoridades de todo el estado acuerdan acciones preventivas ante la llegada de \u201cNora\u201d a Sinaloa - Fuentes Fidedignas","og_description":"La fuerza de este fen\u00f3meno natural ha disminuido, pero aun as\u00ed las acciones preventivas se han activado y las autoridades est\u00e1n alertas Culiac\u00e1n, Sin.- Mediante una reuni\u00f3n virtual, autoridades de los tres niveles de gobierno acordaron las acciones preventivas que cada municipio implementar\u00e1 por la llegada del fen\u00f3meno natural \u201cNora\u201d, el cual ha disminuido considerablemente [&hellip;]","og_url":"https:\/\/fuentesfidedignas.com.mx\/index.php\/2021\/08\/29\/autoridades-de-todo-el-estado-acuerdan-acciones-preventivas-ante-la-llegada-de-nora-a-sinaloa\/","og_site_name":"Fuentes Fidedignas","article_publisher":"https:\/\/www.facebook.com\/Fuentes-Fidedignas-368234489921644","article_published_time":"2021-08-29T23:51:39+00:00","article_modified_time":"2021-08-29T23:51:40+00:00","og_image":[{"width":1024,"height":525,"url":"https:\/\/fuentesfidedignas.com.mx\/wp-content\/uploads\/2021\/08\/5c82fa5d-a839-4c5d-b46b-b1d5c0846fee.jpg","type":"image\/jpeg"}],"author":"Redacci\u00f3n","twitter_card":"summary_large_image","twitter_creator":"@fidedignas","twitter_site":"@fidedignas","twitter_misc":{"Escrito por":"Redacci\u00f3n","Tiempo de lectura":"2 minutos"},"schema":{"@context":"https:\/\/schema.org","@graph":[{"@type":"Article","@id":"https:\/\/fuentesfidedignas.com.mx\/index.php\/2021\/08\/29\/autoridades-de-todo-el-estado-acuerdan-acciones-preventivas-ante-la-llegada-de-nora-a-sinaloa\/#article","isPartOf":{"@id":"https:\/\/fuentesfidedignas.com.mx\/index.php\/2021\/08\/29\/autoridades-de-todo-el-estado-acuerdan-acciones-preventivas-ante-la-llegada-de-nora-a-sinaloa\/"},"author":{"name":"Redacci\u00f3n","@id":"https:\/\/fuentesfidedignas.com.mx\/#\/schema\/person\/331be9283d37198e2acd5750279085b0"},"headline":"Autoridades de todo el estado acuerdan acciones preventivas ante la llegada de \u201cNora\u201d a Sinaloa","datePublished":"2021-08-29T23:51:39+00:00","dateModified":"2021-08-29T23:51:40+00:00","mainEntityOfPage":{"@id":"https:\/\/fuentesfidedignas.com.mx\/index.php\/2021\/08\/29\/autoridades-de-todo-el-estado-acuerdan-acciones-preventivas-ante-la-llegada-de-nora-a-sinaloa\/"},"wordCount":363,"commentCount":0,"publisher":{"@id":"https:\/\/fuentesfidedignas.com.mx\/#organization"},"image":{"@id":"https:\/\/fuentesfidedignas.com.mx\/index.php\/2021\/08\/29\/autoridades-de-todo-el-estado-acuerdan-acciones-preventivas-ante-la-llegada-de-nora-a-sinaloa\/#primaryimage"},"thumbnailUrl":"https:\/\/fuentesfidedignas.com.mx\/wp-content\/uploads\/2021\/08\/5c82fa5d-a839-4c5d-b46b-b1d5c0846fee.jpg","articleSection":["NOTA PRINCIPAL"],"inLanguage":"es","potentialAction":[{"@type":"CommentAction","name":"Comment","target":["https:\/\/fuentesfidedignas.com.mx\/index.php\/2021\/08\/29\/autoridades-de-todo-el-estado-acuerdan-acciones-preventivas-ante-la-llegada-de-nora-a-sinaloa\/#respond"]}]},{"@type":"WebPage","@id":"https:\/\/fuentesfidedignas.com.mx\/index.php\/2021\/08\/29\/autoridades-de-todo-el-estado-acuerdan-acciones-preventivas-ante-la-llegada-de-nora-a-sinaloa\/","url":"https:\/\/fuentesfidedignas.com.mx\/index.php\/2021\/08\/29\/autoridades-de-todo-el-estado-acuerdan-acciones-preventivas-ante-la-llegada-de-nora-a-sinaloa\/","name":"Autoridades de todo el estado acuerdan acciones preventivas ante la llegada de \u201cNora\u201d a Sinaloa - Fuentes Fidedignas","isPartOf":{"@id":"https:\/\/fuentesfidedignas.com.mx\/#website"},"primaryImageOfPage":{"@id":"https:\/\/fuentesfidedignas.com.mx\/index.php\/2021\/08\/29\/autoridades-de-todo-el-estado-acuerdan-acciones-preventivas-ante-la-llegada-de-nora-a-sinaloa\/#primaryimage"},"image":{"@id":"https:\/\/fuentesfidedignas.com.mx\/index.php\/2021\/08\/29\/autoridades-de-todo-el-estado-acuerdan-acciones-preventivas-ante-la-llegada-de-nora-a-sinaloa\/#primaryimage"},"thumbnailUrl":"https:\/\/fuentesfidedignas.com.mx\/wp-content\/uploads\/2021\/08\/5c82fa5d-a839-4c5d-b46b-b1d5c0846fee.jpg","datePublished":"2021-08-29T23:51:39+00:00","dateModified":"2021-08-29T23:51:40+00:00","breadcrumb":{"@id":"https:\/\/fuentesfidedignas.com.mx\/index.php\/2021\/08\/29\/autoridades-de-todo-el-estado-acuerdan-acciones-preventivas-ante-la-llegada-de-nora-a-sinaloa\/#breadcrumb"},"inLanguage":"es","potentialAction":[{"@type":"ReadAction","target":["https:\/\/fuentesfidedignas.com.mx\/index.php\/2021\/08\/29\/autoridades-de-todo-el-estado-acuerdan-acciones-preventivas-ante-la-llegada-de-nora-a-sinaloa\/"]}]},{"@type":"ImageObject","inLanguage":"es","@id":"https:\/\/fuentesfidedignas.com.mx\/index.php\/2021\/08\/29\/autoridades-de-todo-el-estado-acuerdan-acciones-preventivas-ante-la-llegada-de-nora-a-sinaloa\/#primaryimage","url":"https:\/\/fuentesfidedignas.com.mx\/wp-content\/uploads\/2021\/08\/5c82fa5d-a839-4c5d-b46b-b1d5c0846fee.jpg","contentUrl":"https:\/\/fuentesfidedignas.com.mx\/wp-content\/uploads\/2021\/08\/5c82fa5d-a839-4c5d-b46b-b1d5c0846fee.jpg","width":1024,"height":525},{"@type":"BreadcrumbList","@id":"https:\/\/fuentesfidedignas.com.mx\/index.php\/2021\/08\/29\/autoridades-de-todo-el-estado-acuerdan-acciones-preventivas-ante-la-llegada-de-nora-a-sinaloa\/#breadcrumb","itemListElement":[{"@type":"ListItem","position":1,"name":"Inicio","item":"https:\/\/fuentesfidedignas.com.mx\/"},{"@type":"ListItem","position":2,"name":"Autoridades de todo el estado acuerdan acciones preventivas ante la llegada de \u201cNora\u201d a Sinaloa"}]},{"@type":"WebSite","@id":"https:\/\/fuentesfidedignas.com.mx\/#website","url":"https:\/\/fuentesfidedignas.com.mx\/","name":"Fuentes Fidedignas","description":"Otro sitio realizado con WordPress","publisher":{"@id":"https:\/\/fuentesfidedignas.com.mx\/#organization"},"potentialAction":[{"@type":"SearchAction","target":{"@type":"EntryPoint","urlTemplate":"https:\/\/fuentesfidedignas.com.mx\/?s={search_term_string}"},"query-input":{"@type":"PropertyValueSpecification","valueRequired":true,"valueName":"search_term_string"}}],"inLanguage":"es"},{"@type":"Organization","@id":"https:\/\/fuentesfidedignas.com.mx\/#organization","name":"Fuentes Fidedignas","url":"https:\/\/fuentesfidedignas.com.mx\/","logo":{"@type":"ImageObject","inLanguage":"es","@id":"https:\/\/fuentesfidedignas.com.mx\/#\/schema\/logo\/image\/","url":"https:\/\/fuentesfidedignas.com.mx\/wp-content\/uploads\/2021\/04\/logo-retina.png","contentUrl":"https:\/\/fuentesfidedignas.com.mx\/wp-content\/uploads\/2021\/04\/logo-retina.png","width":280,"height":51,"caption":"Fuentes Fidedignas"},"image":{"@id":"https:\/\/fuentesfidedignas.com.mx\/#\/schema\/logo\/image\/"},"sameAs":["https:\/\/www.facebook.com\/Fuentes-Fidedignas-368234489921644","https:\/\/x.com\/fidedignas"]},{"@type":"Person","@id":"https:\/\/fuentesfidedignas.com.mx\/#\/schema\/person\/331be9283d37198e2acd5750279085b0","name":"Redacci\u00f3n","image":{"@type":"ImageObject","inLanguage":"es","@id":"https:\/\/secure.gravatar.com\/avatar\/f6d8782c11d12b2d4ad3fbb6931aeab5309937a4d6cd2fc9cfaa28a6396a5aec?s=96&d=mm&r=g","url":"https:\/\/secure.gravatar.com\/avatar\/f6d8782c11d12b2d4ad3fbb6931aeab5309937a4d6cd2fc9cfaa28a6396a5aec?s=96&d=mm&r=g","contentUrl":"https:\/\/secure.gravatar.com\/avatar\/f6d8782c11d12b2d4ad3fbb6931aeab5309937a4d6cd2fc9cfaa28a6396a5aec?s=96&d=mm&r=g","caption":"Redacci\u00f3n"},"url":"https:\/\/fuentesfidedignas.com.mx\/index.php\/author\/redaccion\/"}]}},"_links":{"self":[{"href":"https:\/\/fuentesfidedignas.com.mx\/index.php\/wp-json\/wp\/v2\/posts\/11184","targetHints":{"allow":["GET"]}}],"collection":[{"href":"https:\/\/fuentesfidedignas.com.mx\/index.php\/wp-json\/wp\/v2\/posts"}],"about":[{"href":"https:\/\/fuentesfidedignas.com.mx\/index.php\/wp-json\/wp\/v2\/types\/post"}],"author":[{"embeddable":true,"href":"https:\/\/fuentesfidedignas.com.mx\/index.php\/wp-json\/wp\/v2\/users\/4"}],"replies":[{"embeddable":true,"href":"https:\/\/fuentesfidedignas.com.mx\/index.php\/wp-json\/wp\/v2\/comments?post=11184"}],"version-history":[{"count":1,"href":"https:\/\/fuentesfidedignas.com.mx\/index.php\/wp-json\/wp\/v2\/posts\/11184\/revisions"}],"predecessor-version":[{"id":11186,"href":"https:\/\/fuentesfidedignas.com.mx\/index.php\/wp-json\/wp\/v2\/posts\/11184\/revisions\/11186"}],"wp:featuredmedia":[{"embeddable":true,"href":"https:\/\/fuentesfidedignas.com.mx\/index.php\/wp-json\/wp\/v2\/media\/11185"}],"wp:attachment":[{"href":"https:\/\/fuentesfidedignas.com.mx\/index.php\/wp-json\/wp\/v2\/media?parent=11184"}],"wp:term":[{"taxonomy":"category","embeddable":true,"href":"https:\/\/fuentesfidedignas.com.mx\/index.php\/wp-json\/wp\/v2\/categories?post=11184"},{"taxonomy":"post_tag","embeddable":true,"href":"https:\/\/fuentesfidedignas.com.mx\/index.php\/wp-json\/wp\/v2\/tags?post=11184"}],"curies":[{"name":"wp","href":"https:\/\/api.w.org\/{rel}","templated":true}]}}