{"id":111814,"date":"2025-06-30T11:47:56","date_gmt":"2025-06-30T18:47:56","guid":{"rendered":"https:\/\/fuentesfidedignas.com.mx\/?p=111814"},"modified":"2025-06-30T11:48:00","modified_gmt":"2025-06-30T18:48:00","slug":"trasladan-a-garcia-luna-a-penal-de-maxima-seguridad-de-eu-estara-junto-a-el-chapo","status":"publish","type":"post","link":"https:\/\/fuentesfidedignas.com.mx\/index.php\/2025\/06\/30\/trasladan-a-garcia-luna-a-penal-de-maxima-seguridad-de-eu-estara-junto-a-el-chapo\/","title":{"rendered":"Trasladan a Garc\u00eda Luna a penal de m\u00e1xima seguridad de EU; estar\u00e1 junto a \u2018el Chapo\u2019"},"content":{"rendered":"\n<p><strong><em>Garc\u00eda Luna fue trasladado al \u2018Alcatraz de las Monta\u00f1as Rocosas\u2019, el penal m\u00e1s seguro y restrictivo de Estados Unidos<\/em><\/strong><\/p>\n\n\n\n<p>Garc\u00eda Luna fue trasladado al \u2018Alcatraz de las Monta\u00f1as Rocosas\u2019, el penal m\u00e1s seguro y restrictivo de EE.UU.<\/p>\n\n\n\n<p>Genaro Garc\u00eda Luna ser\u00e1 compa\u00f1ero de c\u00e1rcel de Joaqu\u00edn \u2018el Chapo\u2019 Guzm\u00e1n toda vez que fue trasladado al Complejo Correccional Federal de Florence, el penal de m\u00e1xima seguridad de Estados Unidos.<\/p>\n\n\n\n<p>Conocida como \u2018el Alcatraz de las Monta\u00f1as Rocosas\u2019, es la prisi\u00f3n m\u00e1s segura y restrictiva de la naci\u00f3n americana, dise\u00f1ada para albergar a criminales sentenciados considerados de extremo riesgo.<\/p>\n\n\n\n<p>Adem\u00e1s de \u2018el Chapo\u2019 Guzm\u00e1n se encuentra interno Alfredo Beltr\u00e1n Leyva, \u2018el Mochomo\u2019.<\/p>\n\n\n\n<p>Otros condenados que habitan la c\u00e1rcel son Ramzi Youssef, autor intelectual de los primeros ataques al World Trade Center en 1993; Zacarias Moussaoui, el franc\u00e9s condenado en relaci\u00f3n con los ataques del 11 de septiembre del 2011; y Djokhar Tsarnaev, condenado a muerte por los ataques de Boston en 2013.<\/p>\n\n\n\n<p>De acuerdo con Milenio, Garc\u00eda Luna fue cambiado de prisi\u00f3n en las \u00faltimas dos semanas, pues hasta inicios de junio el Bur\u00f3 Federal de Prisiones indicaba que permanec\u00eda en la penitenciar\u00eda Lee de Virginia.<\/p>\n\n\n\n<p><strong>Sentencia de Garc\u00eda Luna<\/strong><br>Genaro Garc\u00eda Luna fue hallado culpable en febrero de 2023 de cuatro delitos relacionados con la corrupci\u00f3n y el narcotr\u00e1fico, as\u00ed como de un quinto delito por prestar falso testimonio a autoridades de Estados Unidos.<\/p>\n\n\n\n<p>La Fiscal\u00eda de Estados Unidos solicit\u00f3 la cadena perpetua como sentencia dada la gravedad de los delitos mientras que la defensa del exsecretario de Seguridad de M\u00e9xico consider\u00f3 que 20 a\u00f1os de c\u00e1rcel ser\u00eda \u201cuna sentencia extremadamente significativa y larga\u201d.<\/p>\n\n\n\n<p>Finalmente, fue condenado a 38 a\u00f1os de prisi\u00f3n, sentencia que busca apelar. Se espera que sea liberado el 19 de junio de 2052.<\/p>\n\n\n\n<p>Una vez sentenciado, el exfuncionario mexicano fue trasladado desde el Centro Correccional Metropolitano de Brooklyn al Centro de Transferencia Federal de Oklahoma, una c\u00e1rcel que cuenta con una poblaci\u00f3n de mil 255 presos masculinos y femeninos.<\/p>\n\n\n\n<p>D\u00edas despu\u00e9s fue ingresado a la Penitenciaria de Alta Seguridad de Estados Unidos en el condado de Lee, en Virginia.<\/p>\n\n\n\n<p><strong>Florence ADMAX USP, penal de m\u00e1xima seguridad de EE.UU.<\/strong><\/p>\n\n\n\n<p>El penal Florence ADMAX USP se ubica en el condado de Fremont, Colorado.<\/p>\n\n\n\n<p>Los internos pasan 23 horas al d\u00eda en celdas individuales de concreto, insonorizadas y de 2.1\u00d73.6 metros. Cuentan con una cama, un escritorio, inodoro y ducha de hormig\u00f3n.<\/p>\n\n\n\n<p>Se le considera la c\u00e1rcel m\u00e1s segura de EE.UU. porque su vigilancia es extrema. Cuenta con mil 400 puertas de acero controladas a distancia, detectores de movimiento, c\u00e1maras de seguridad, rayos l\u00e1ser, vallas con alambre de p\u00faas, torres de vigilancia, patrullas armadas y francotiradores.<\/p>\n\n\n\n<p>Los reclusos no pueden tener contacto f\u00edsico ni visual entre s\u00ed, pues las ventanas est\u00e1n dise\u00f1adas para impedir la orientaci\u00f3n y la comunicaci\u00f3n.<\/p>\n\n\n\n<p>Solo se les permite salir de su celda durante una hora para hacer ejercicio en una jaula individual.<\/p>\n\n\n\n<p>Los internos est\u00e1n siempre escoltados y se realizan recuentos al menos seis veces al d\u00eda, con lo que la fuga es imposible.<\/p>\n\n\n\n<p>Desde su apertura en 1995, ning\u00fan preso ha logrado escapar.<\/p>\n","protected":false},"excerpt":{"rendered":"<p>Garc\u00eda Luna fue trasladado al \u2018Alcatraz de las Monta\u00f1as Rocosas\u2019, el penal m\u00e1s seguro y restrictivo de Estados Unidos Garc\u00eda Luna fue trasladado al \u2018Alcatraz de las Monta\u00f1as Rocosas\u2019, el penal m\u00e1s seguro y restrictivo de EE.UU. Genaro Garc\u00eda Luna ser\u00e1 compa\u00f1ero de c\u00e1rcel de Joaqu\u00edn \u2018el Chapo\u2019 Guzm\u00e1n toda vez que fue trasladado al [&hellip;]<\/p>\n","protected":false},"author":47,"featured_media":48013,"comment_status":"open","ping_status":"open","sticky":false,"template":"","format":"standard","meta":{"tdm_status":"","tdm_grid_status":"","footnotes":""},"categories":[39],"tags":[],"class_list":{"0":"post-111814","1":"post","2":"type-post","3":"status-publish","4":"format-standard","5":"has-post-thumbnail","7":"category-noticias-nacionales"},"yoast_head":"<!-- This site is optimized with the Yoast SEO plugin v27.4 - https:\/\/yoast.com\/product\/yoast-seo-wordpress\/ -->\n<title>Trasladan a Garc\u00eda Luna a penal de m\u00e1xima seguridad de EU; estar\u00e1 junto a \u2018el Chapo\u2019 - Fuentes Fidedignas<\/title>\n<meta name=\"robots\" content=\"index, follow, max-snippet:-1, max-image-preview:large, max-video-preview:-1\" \/>\n<link rel=\"canonical\" href=\"https:\/\/fuentesfidedignas.com.mx\/index.php\/2025\/06\/30\/trasladan-a-garcia-luna-a-penal-de-maxima-seguridad-de-eu-estara-junto-a-el-chapo\/\" \/>\n<meta property=\"og:locale\" content=\"es_MX\" \/>\n<meta property=\"og:type\" content=\"article\" \/>\n<meta property=\"og:title\" content=\"Trasladan a Garc\u00eda Luna a penal de m\u00e1xima seguridad de EU; estar\u00e1 junto a \u2018el Chapo\u2019 - Fuentes Fidedignas\" \/>\n<meta property=\"og:description\" content=\"Garc\u00eda Luna fue trasladado al \u2018Alcatraz de las Monta\u00f1as Rocosas\u2019, el penal m\u00e1s seguro y restrictivo de Estados Unidos Garc\u00eda Luna fue trasladado al \u2018Alcatraz de las Monta\u00f1as Rocosas\u2019, el penal m\u00e1s seguro y restrictivo de EE.UU. Genaro Garc\u00eda Luna ser\u00e1 compa\u00f1ero de c\u00e1rcel de Joaqu\u00edn \u2018el Chapo\u2019 Guzm\u00e1n toda vez que fue trasladado al [&hellip;]\" \/>\n<meta property=\"og:url\" content=\"https:\/\/fuentesfidedignas.com.mx\/index.php\/2025\/06\/30\/trasladan-a-garcia-luna-a-penal-de-maxima-seguridad-de-eu-estara-junto-a-el-chapo\/\" \/>\n<meta property=\"og:site_name\" content=\"Fuentes Fidedignas\" \/>\n<meta property=\"article:publisher\" content=\"https:\/\/www.facebook.com\/Fuentes-Fidedignas-368234489921644\" \/>\n<meta property=\"article:published_time\" content=\"2025-06-30T18:47:56+00:00\" \/>\n<meta property=\"article:modified_time\" content=\"2025-06-30T18:48:00+00:00\" \/>\n<meta property=\"og:image\" content=\"https:\/\/fuentesfidedignas.com.mx\/wp-content\/uploads\/2023\/05\/G-luna.jpeg\" \/>\n\t<meta property=\"og:image:width\" content=\"640\" \/>\n\t<meta property=\"og:image:height\" content=\"360\" \/>\n\t<meta property=\"og:image:type\" content=\"image\/jpeg\" \/>\n<meta name=\"author\" content=\"L\u00f3pez D\u00f3riga\" \/>\n<meta name=\"twitter:card\" content=\"summary_large_image\" \/>\n<meta name=\"twitter:creator\" content=\"@fidedignas\" \/>\n<meta name=\"twitter:site\" content=\"@fidedignas\" \/>\n<meta name=\"twitter:label1\" content=\"Escrito por\" \/>\n\t<meta name=\"twitter:data1\" content=\"L\u00f3pez D\u00f3riga\" \/>\n\t<meta name=\"twitter:label2\" content=\"Tiempo de lectura\" \/>\n\t<meta name=\"twitter:data2\" content=\"3 minutos\" \/>\n<script type=\"application\/ld+json\" class=\"yoast-schema-graph\">{\"@context\":\"https:\\\/\\\/schema.org\",\"@graph\":[{\"@type\":\"Article\",\"@id\":\"https:\\\/\\\/fuentesfidedignas.com.mx\\\/index.php\\\/2025\\\/06\\\/30\\\/trasladan-a-garcia-luna-a-penal-de-maxima-seguridad-de-eu-estara-junto-a-el-chapo\\\/#article\",\"isPartOf\":{\"@id\":\"https:\\\/\\\/fuentesfidedignas.com.mx\\\/index.php\\\/2025\\\/06\\\/30\\\/trasladan-a-garcia-luna-a-penal-de-maxima-seguridad-de-eu-estara-junto-a-el-chapo\\\/\"},\"author\":{\"name\":\"L\u00f3pez D\u00f3riga\",\"@id\":\"https:\\\/\\\/fuentesfidedignas.com.mx\\\/#\\\/schema\\\/person\\\/67d852f0557c8509146a4b9ddebd543a\"},\"headline\":\"Trasladan a Garc\u00eda Luna a penal de m\u00e1xima seguridad de EU; estar\u00e1 junto a \u2018el Chapo\u2019\",\"datePublished\":\"2025-06-30T18:47:56+00:00\",\"dateModified\":\"2025-06-30T18:48:00+00:00\",\"mainEntityOfPage\":{\"@id\":\"https:\\\/\\\/fuentesfidedignas.com.mx\\\/index.php\\\/2025\\\/06\\\/30\\\/trasladan-a-garcia-luna-a-penal-de-maxima-seguridad-de-eu-estara-junto-a-el-chapo\\\/\"},\"wordCount\":584,\"commentCount\":0,\"publisher\":{\"@id\":\"https:\\\/\\\/fuentesfidedignas.com.mx\\\/#organization\"},\"image\":{\"@id\":\"https:\\\/\\\/fuentesfidedignas.com.mx\\\/index.php\\\/2025\\\/06\\\/30\\\/trasladan-a-garcia-luna-a-penal-de-maxima-seguridad-de-eu-estara-junto-a-el-chapo\\\/#primaryimage\"},\"thumbnailUrl\":\"https:\\\/\\\/fuentesfidedignas.com.mx\\\/wp-content\\\/uploads\\\/2023\\\/05\\\/G-luna.jpeg\",\"articleSection\":[\"NOTICIAS NACIONALES\"],\"inLanguage\":\"es\",\"potentialAction\":[{\"@type\":\"CommentAction\",\"name\":\"Comment\",\"target\":[\"https:\\\/\\\/fuentesfidedignas.com.mx\\\/index.php\\\/2025\\\/06\\\/30\\\/trasladan-a-garcia-luna-a-penal-de-maxima-seguridad-de-eu-estara-junto-a-el-chapo\\\/#respond\"]}]},{\"@type\":\"WebPage\",\"@id\":\"https:\\\/\\\/fuentesfidedignas.com.mx\\\/index.php\\\/2025\\\/06\\\/30\\\/trasladan-a-garcia-luna-a-penal-de-maxima-seguridad-de-eu-estara-junto-a-el-chapo\\\/\",\"url\":\"https:\\\/\\\/fuentesfidedignas.com.mx\\\/index.php\\\/2025\\\/06\\\/30\\\/trasladan-a-garcia-luna-a-penal-de-maxima-seguridad-de-eu-estara-junto-a-el-chapo\\\/\",\"name\":\"Trasladan a Garc\u00eda Luna a penal de m\u00e1xima seguridad de EU; estar\u00e1 junto a \u2018el Chapo\u2019 - Fuentes Fidedignas\",\"isPartOf\":{\"@id\":\"https:\\\/\\\/fuentesfidedignas.com.mx\\\/#website\"},\"primaryImageOfPage\":{\"@id\":\"https:\\\/\\\/fuentesfidedignas.com.mx\\\/index.php\\\/2025\\\/06\\\/30\\\/trasladan-a-garcia-luna-a-penal-de-maxima-seguridad-de-eu-estara-junto-a-el-chapo\\\/#primaryimage\"},\"image\":{\"@id\":\"https:\\\/\\\/fuentesfidedignas.com.mx\\\/index.php\\\/2025\\\/06\\\/30\\\/trasladan-a-garcia-luna-a-penal-de-maxima-seguridad-de-eu-estara-junto-a-el-chapo\\\/#primaryimage\"},\"thumbnailUrl\":\"https:\\\/\\\/fuentesfidedignas.com.mx\\\/wp-content\\\/uploads\\\/2023\\\/05\\\/G-luna.jpeg\",\"datePublished\":\"2025-06-30T18:47:56+00:00\",\"dateModified\":\"2025-06-30T18:48:00+00:00\",\"breadcrumb\":{\"@id\":\"https:\\\/\\\/fuentesfidedignas.com.mx\\\/index.php\\\/2025\\\/06\\\/30\\\/trasladan-a-garcia-luna-a-penal-de-maxima-seguridad-de-eu-estara-junto-a-el-chapo\\\/#breadcrumb\"},\"inLanguage\":\"es\",\"potentialAction\":[{\"@type\":\"ReadAction\",\"target\":[\"https:\\\/\\\/fuentesfidedignas.com.mx\\\/index.php\\\/2025\\\/06\\\/30\\\/trasladan-a-garcia-luna-a-penal-de-maxima-seguridad-de-eu-estara-junto-a-el-chapo\\\/\"]}]},{\"@type\":\"ImageObject\",\"inLanguage\":\"es\",\"@id\":\"https:\\\/\\\/fuentesfidedignas.com.mx\\\/index.php\\\/2025\\\/06\\\/30\\\/trasladan-a-garcia-luna-a-penal-de-maxima-seguridad-de-eu-estara-junto-a-el-chapo\\\/#primaryimage\",\"url\":\"https:\\\/\\\/fuentesfidedignas.com.mx\\\/wp-content\\\/uploads\\\/2023\\\/05\\\/G-luna.jpeg\",\"contentUrl\":\"https:\\\/\\\/fuentesfidedignas.com.mx\\\/wp-content\\\/uploads\\\/2023\\\/05\\\/G-luna.jpeg\",\"width\":640,\"height\":360},{\"@type\":\"BreadcrumbList\",\"@id\":\"https:\\\/\\\/fuentesfidedignas.com.mx\\\/index.php\\\/2025\\\/06\\\/30\\\/trasladan-a-garcia-luna-a-penal-de-maxima-seguridad-de-eu-estara-junto-a-el-chapo\\\/#breadcrumb\",\"itemListElement\":[{\"@type\":\"ListItem\",\"position\":1,\"name\":\"Inicio\",\"item\":\"https:\\\/\\\/fuentesfidedignas.com.mx\\\/\"},{\"@type\":\"ListItem\",\"position\":2,\"name\":\"Trasladan a Garc\u00eda Luna a penal de m\u00e1xima seguridad de EU; estar\u00e1 junto a \u2018el Chapo\u2019\"}]},{\"@type\":\"WebSite\",\"@id\":\"https:\\\/\\\/fuentesfidedignas.com.mx\\\/#website\",\"url\":\"https:\\\/\\\/fuentesfidedignas.com.mx\\\/\",\"name\":\"Fuentes Fidedignas\",\"description\":\"Otro sitio realizado con WordPress\",\"publisher\":{\"@id\":\"https:\\\/\\\/fuentesfidedignas.com.mx\\\/#organization\"},\"potentialAction\":[{\"@type\":\"SearchAction\",\"target\":{\"@type\":\"EntryPoint\",\"urlTemplate\":\"https:\\\/\\\/fuentesfidedignas.com.mx\\\/?s={search_term_string}\"},\"query-input\":{\"@type\":\"PropertyValueSpecification\",\"valueRequired\":true,\"valueName\":\"search_term_string\"}}],\"inLanguage\":\"es\"},{\"@type\":\"Organization\",\"@id\":\"https:\\\/\\\/fuentesfidedignas.com.mx\\\/#organization\",\"name\":\"Fuentes Fidedignas\",\"url\":\"https:\\\/\\\/fuentesfidedignas.com.mx\\\/\",\"logo\":{\"@type\":\"ImageObject\",\"inLanguage\":\"es\",\"@id\":\"https:\\\/\\\/fuentesfidedignas.com.mx\\\/#\\\/schema\\\/logo\\\/image\\\/\",\"url\":\"https:\\\/\\\/fuentesfidedignas.com.mx\\\/wp-content\\\/uploads\\\/2021\\\/04\\\/logo-retina.png\",\"contentUrl\":\"https:\\\/\\\/fuentesfidedignas.com.mx\\\/wp-content\\\/uploads\\\/2021\\\/04\\\/logo-retina.png\",\"width\":280,\"height\":51,\"caption\":\"Fuentes Fidedignas\"},\"image\":{\"@id\":\"https:\\\/\\\/fuentesfidedignas.com.mx\\\/#\\\/schema\\\/logo\\\/image\\\/\"},\"sameAs\":[\"https:\\\/\\\/www.facebook.com\\\/Fuentes-Fidedignas-368234489921644\",\"https:\\\/\\\/x.com\\\/fidedignas\"]},{\"@type\":\"Person\",\"@id\":\"https:\\\/\\\/fuentesfidedignas.com.mx\\\/#\\\/schema\\\/person\\\/67d852f0557c8509146a4b9ddebd543a\",\"name\":\"L\u00f3pez D\u00f3riga\",\"image\":{\"@type\":\"ImageObject\",\"inLanguage\":\"es\",\"@id\":\"https:\\\/\\\/secure.gravatar.com\\\/avatar\\\/e525b06574ca18b33cded59dfe5778d6c823b9513154eff47da551b0551bdd1e?s=96&d=mm&r=g\",\"url\":\"https:\\\/\\\/secure.gravatar.com\\\/avatar\\\/e525b06574ca18b33cded59dfe5778d6c823b9513154eff47da551b0551bdd1e?s=96&d=mm&r=g\",\"contentUrl\":\"https:\\\/\\\/secure.gravatar.com\\\/avatar\\\/e525b06574ca18b33cded59dfe5778d6c823b9513154eff47da551b0551bdd1e?s=96&d=mm&r=g\",\"caption\":\"L\u00f3pez D\u00f3riga\"},\"url\":\"https:\\\/\\\/fuentesfidedignas.com.mx\\\/index.php\\\/author\\\/doriga\\\/\"}]}<\/script>\n<!-- \/ Yoast SEO plugin. -->","yoast_head_json":{"title":"Trasladan a Garc\u00eda Luna a penal de m\u00e1xima seguridad de EU; estar\u00e1 junto a \u2018el Chapo\u2019 - Fuentes Fidedignas","robots":{"index":"index","follow":"follow","max-snippet":"max-snippet:-1","max-image-preview":"max-image-preview:large","max-video-preview":"max-video-preview:-1"},"canonical":"https:\/\/fuentesfidedignas.com.mx\/index.php\/2025\/06\/30\/trasladan-a-garcia-luna-a-penal-de-maxima-seguridad-de-eu-estara-junto-a-el-chapo\/","og_locale":"es_MX","og_type":"article","og_title":"Trasladan a Garc\u00eda Luna a penal de m\u00e1xima seguridad de EU; estar\u00e1 junto a \u2018el Chapo\u2019 - Fuentes Fidedignas","og_description":"Garc\u00eda Luna fue trasladado al \u2018Alcatraz de las Monta\u00f1as Rocosas\u2019, el penal m\u00e1s seguro y restrictivo de Estados Unidos Garc\u00eda Luna fue trasladado al \u2018Alcatraz de las Monta\u00f1as Rocosas\u2019, el penal m\u00e1s seguro y restrictivo de EE.UU. Genaro Garc\u00eda Luna ser\u00e1 compa\u00f1ero de c\u00e1rcel de Joaqu\u00edn \u2018el Chapo\u2019 Guzm\u00e1n toda vez que fue trasladado al [&hellip;]","og_url":"https:\/\/fuentesfidedignas.com.mx\/index.php\/2025\/06\/30\/trasladan-a-garcia-luna-a-penal-de-maxima-seguridad-de-eu-estara-junto-a-el-chapo\/","og_site_name":"Fuentes Fidedignas","article_publisher":"https:\/\/www.facebook.com\/Fuentes-Fidedignas-368234489921644","article_published_time":"2025-06-30T18:47:56+00:00","article_modified_time":"2025-06-30T18:48:00+00:00","og_image":[{"width":640,"height":360,"url":"https:\/\/fuentesfidedignas.com.mx\/wp-content\/uploads\/2023\/05\/G-luna.jpeg","type":"image\/jpeg"}],"author":"L\u00f3pez D\u00f3riga","twitter_card":"summary_large_image","twitter_creator":"@fidedignas","twitter_site":"@fidedignas","twitter_misc":{"Escrito por":"L\u00f3pez D\u00f3riga","Tiempo de lectura":"3 minutos"},"schema":{"@context":"https:\/\/schema.org","@graph":[{"@type":"Article","@id":"https:\/\/fuentesfidedignas.com.mx\/index.php\/2025\/06\/30\/trasladan-a-garcia-luna-a-penal-de-maxima-seguridad-de-eu-estara-junto-a-el-chapo\/#article","isPartOf":{"@id":"https:\/\/fuentesfidedignas.com.mx\/index.php\/2025\/06\/30\/trasladan-a-garcia-luna-a-penal-de-maxima-seguridad-de-eu-estara-junto-a-el-chapo\/"},"author":{"name":"L\u00f3pez D\u00f3riga","@id":"https:\/\/fuentesfidedignas.com.mx\/#\/schema\/person\/67d852f0557c8509146a4b9ddebd543a"},"headline":"Trasladan a Garc\u00eda Luna a penal de m\u00e1xima seguridad de EU; estar\u00e1 junto a \u2018el Chapo\u2019","datePublished":"2025-06-30T18:47:56+00:00","dateModified":"2025-06-30T18:48:00+00:00","mainEntityOfPage":{"@id":"https:\/\/fuentesfidedignas.com.mx\/index.php\/2025\/06\/30\/trasladan-a-garcia-luna-a-penal-de-maxima-seguridad-de-eu-estara-junto-a-el-chapo\/"},"wordCount":584,"commentCount":0,"publisher":{"@id":"https:\/\/fuentesfidedignas.com.mx\/#organization"},"image":{"@id":"https:\/\/fuentesfidedignas.com.mx\/index.php\/2025\/06\/30\/trasladan-a-garcia-luna-a-penal-de-maxima-seguridad-de-eu-estara-junto-a-el-chapo\/#primaryimage"},"thumbnailUrl":"https:\/\/fuentesfidedignas.com.mx\/wp-content\/uploads\/2023\/05\/G-luna.jpeg","articleSection":["NOTICIAS NACIONALES"],"inLanguage":"es","potentialAction":[{"@type":"CommentAction","name":"Comment","target":["https:\/\/fuentesfidedignas.com.mx\/index.php\/2025\/06\/30\/trasladan-a-garcia-luna-a-penal-de-maxima-seguridad-de-eu-estara-junto-a-el-chapo\/#respond"]}]},{"@type":"WebPage","@id":"https:\/\/fuentesfidedignas.com.mx\/index.php\/2025\/06\/30\/trasladan-a-garcia-luna-a-penal-de-maxima-seguridad-de-eu-estara-junto-a-el-chapo\/","url":"https:\/\/fuentesfidedignas.com.mx\/index.php\/2025\/06\/30\/trasladan-a-garcia-luna-a-penal-de-maxima-seguridad-de-eu-estara-junto-a-el-chapo\/","name":"Trasladan a Garc\u00eda Luna a penal de m\u00e1xima seguridad de EU; estar\u00e1 junto a \u2018el Chapo\u2019 - Fuentes Fidedignas","isPartOf":{"@id":"https:\/\/fuentesfidedignas.com.mx\/#website"},"primaryImageOfPage":{"@id":"https:\/\/fuentesfidedignas.com.mx\/index.php\/2025\/06\/30\/trasladan-a-garcia-luna-a-penal-de-maxima-seguridad-de-eu-estara-junto-a-el-chapo\/#primaryimage"},"image":{"@id":"https:\/\/fuentesfidedignas.com.mx\/index.php\/2025\/06\/30\/trasladan-a-garcia-luna-a-penal-de-maxima-seguridad-de-eu-estara-junto-a-el-chapo\/#primaryimage"},"thumbnailUrl":"https:\/\/fuentesfidedignas.com.mx\/wp-content\/uploads\/2023\/05\/G-luna.jpeg","datePublished":"2025-06-30T18:47:56+00:00","dateModified":"2025-06-30T18:48:00+00:00","breadcrumb":{"@id":"https:\/\/fuentesfidedignas.com.mx\/index.php\/2025\/06\/30\/trasladan-a-garcia-luna-a-penal-de-maxima-seguridad-de-eu-estara-junto-a-el-chapo\/#breadcrumb"},"inLanguage":"es","potentialAction":[{"@type":"ReadAction","target":["https:\/\/fuentesfidedignas.com.mx\/index.php\/2025\/06\/30\/trasladan-a-garcia-luna-a-penal-de-maxima-seguridad-de-eu-estara-junto-a-el-chapo\/"]}]},{"@type":"ImageObject","inLanguage":"es","@id":"https:\/\/fuentesfidedignas.com.mx\/index.php\/2025\/06\/30\/trasladan-a-garcia-luna-a-penal-de-maxima-seguridad-de-eu-estara-junto-a-el-chapo\/#primaryimage","url":"https:\/\/fuentesfidedignas.com.mx\/wp-content\/uploads\/2023\/05\/G-luna.jpeg","contentUrl":"https:\/\/fuentesfidedignas.com.mx\/wp-content\/uploads\/2023\/05\/G-luna.jpeg","width":640,"height":360},{"@type":"BreadcrumbList","@id":"https:\/\/fuentesfidedignas.com.mx\/index.php\/2025\/06\/30\/trasladan-a-garcia-luna-a-penal-de-maxima-seguridad-de-eu-estara-junto-a-el-chapo\/#breadcrumb","itemListElement":[{"@type":"ListItem","position":1,"name":"Inicio","item":"https:\/\/fuentesfidedignas.com.mx\/"},{"@type":"ListItem","position":2,"name":"Trasladan a Garc\u00eda Luna a penal de m\u00e1xima seguridad de EU; estar\u00e1 junto a \u2018el Chapo\u2019"}]},{"@type":"WebSite","@id":"https:\/\/fuentesfidedignas.com.mx\/#website","url":"https:\/\/fuentesfidedignas.com.mx\/","name":"Fuentes Fidedignas","description":"Otro sitio realizado con WordPress","publisher":{"@id":"https:\/\/fuentesfidedignas.com.mx\/#organization"},"potentialAction":[{"@type":"SearchAction","target":{"@type":"EntryPoint","urlTemplate":"https:\/\/fuentesfidedignas.com.mx\/?s={search_term_string}"},"query-input":{"@type":"PropertyValueSpecification","valueRequired":true,"valueName":"search_term_string"}}],"inLanguage":"es"},{"@type":"Organization","@id":"https:\/\/fuentesfidedignas.com.mx\/#organization","name":"Fuentes Fidedignas","url":"https:\/\/fuentesfidedignas.com.mx\/","logo":{"@type":"ImageObject","inLanguage":"es","@id":"https:\/\/fuentesfidedignas.com.mx\/#\/schema\/logo\/image\/","url":"https:\/\/fuentesfidedignas.com.mx\/wp-content\/uploads\/2021\/04\/logo-retina.png","contentUrl":"https:\/\/fuentesfidedignas.com.mx\/wp-content\/uploads\/2021\/04\/logo-retina.png","width":280,"height":51,"caption":"Fuentes Fidedignas"},"image":{"@id":"https:\/\/fuentesfidedignas.com.mx\/#\/schema\/logo\/image\/"},"sameAs":["https:\/\/www.facebook.com\/Fuentes-Fidedignas-368234489921644","https:\/\/x.com\/fidedignas"]},{"@type":"Person","@id":"https:\/\/fuentesfidedignas.com.mx\/#\/schema\/person\/67d852f0557c8509146a4b9ddebd543a","name":"L\u00f3pez D\u00f3riga","image":{"@type":"ImageObject","inLanguage":"es","@id":"https:\/\/secure.gravatar.com\/avatar\/e525b06574ca18b33cded59dfe5778d6c823b9513154eff47da551b0551bdd1e?s=96&d=mm&r=g","url":"https:\/\/secure.gravatar.com\/avatar\/e525b06574ca18b33cded59dfe5778d6c823b9513154eff47da551b0551bdd1e?s=96&d=mm&r=g","contentUrl":"https:\/\/secure.gravatar.com\/avatar\/e525b06574ca18b33cded59dfe5778d6c823b9513154eff47da551b0551bdd1e?s=96&d=mm&r=g","caption":"L\u00f3pez D\u00f3riga"},"url":"https:\/\/fuentesfidedignas.com.mx\/index.php\/author\/doriga\/"}]}},"_links":{"self":[{"href":"https:\/\/fuentesfidedignas.com.mx\/index.php\/wp-json\/wp\/v2\/posts\/111814","targetHints":{"allow":["GET"]}}],"collection":[{"href":"https:\/\/fuentesfidedignas.com.mx\/index.php\/wp-json\/wp\/v2\/posts"}],"about":[{"href":"https:\/\/fuentesfidedignas.com.mx\/index.php\/wp-json\/wp\/v2\/types\/post"}],"author":[{"embeddable":true,"href":"https:\/\/fuentesfidedignas.com.mx\/index.php\/wp-json\/wp\/v2\/users\/47"}],"replies":[{"embeddable":true,"href":"https:\/\/fuentesfidedignas.com.mx\/index.php\/wp-json\/wp\/v2\/comments?post=111814"}],"version-history":[{"count":1,"href":"https:\/\/fuentesfidedignas.com.mx\/index.php\/wp-json\/wp\/v2\/posts\/111814\/revisions"}],"predecessor-version":[{"id":111815,"href":"https:\/\/fuentesfidedignas.com.mx\/index.php\/wp-json\/wp\/v2\/posts\/111814\/revisions\/111815"}],"wp:featuredmedia":[{"embeddable":true,"href":"https:\/\/fuentesfidedignas.com.mx\/index.php\/wp-json\/wp\/v2\/media\/48013"}],"wp:attachment":[{"href":"https:\/\/fuentesfidedignas.com.mx\/index.php\/wp-json\/wp\/v2\/media?parent=111814"}],"wp:term":[{"taxonomy":"category","embeddable":true,"href":"https:\/\/fuentesfidedignas.com.mx\/index.php\/wp-json\/wp\/v2\/categories?post=111814"},{"taxonomy":"post_tag","embeddable":true,"href":"https:\/\/fuentesfidedignas.com.mx\/index.php\/wp-json\/wp\/v2\/tags?post=111814"}],"curies":[{"name":"wp","href":"https:\/\/api.w.org\/{rel}","templated":true}]}}