{"id":111598,"date":"2025-06-27T10:26:00","date_gmt":"2025-06-27T17:26:00","guid":{"rendered":"https:\/\/fuentesfidedignas.com.mx\/?p=111598"},"modified":"2025-06-27T09:35:30","modified_gmt":"2025-06-27T16:35:30","slug":"aseguran-mas-de-3-5-toneladas-de-cocaina-frente-a-costas-de-guerrero-en-operativo-maritimo","status":"publish","type":"post","link":"https:\/\/fuentesfidedignas.com.mx\/index.php\/2025\/06\/27\/aseguran-mas-de-3-5-toneladas-de-cocaina-frente-a-costas-de-guerrero-en-operativo-maritimo\/","title":{"rendered":"Aseguran m\u00e1s de 3.5 toneladas de coca\u00edna frente a costas de Guerrero en operativo mar\u00edtimo"},"content":{"rendered":"\n<p><strong><em>Omar Garc\u00eda Harfuch asegur\u00f3 que con esta acci\u00f3n se evit\u00f3 que m\u00e1s de 7 millones de dosis de esta droga fueran comercializadas.<\/em><\/strong><\/p>\n\n\n\n<p>Elementos de la Secretar\u00eda de Marina (Semar) localizaron un semisumergible que transportaba m\u00e1s de tres toneladas y media de coca\u00edna en las costas de Guerrero. El resultado fue el aseguramiento de 180 bultos tipo costalilla de dicha droga y la detenci\u00f3n de tres personas extranjeras.<\/p>\n\n\n\n<p>La operaci\u00f3n mar\u00edtima fue dada a conocer la ma\u00f1ana de este 27 de junio por el titular de la Secretar\u00eda de Seguridad y Protecci\u00f3n Ciudadana (SSPC), Omar Garc\u00eda Harfuch, quien se\u00f1al\u00f3 que el decomiso representa una afectaci\u00f3n econ\u00f3mica de m\u00e1s de 800 millones de pesos a la delincuencia organizada.<\/p>\n\n\n\n<p>&#8220;Con ello se evit\u00f3 que m\u00e1s de 7 millones de dosis de esta droga llegaran a las calles. Un reconocimiento a la Marina por su labor en la protecci\u00f3n de nuestros mares y su compromiso con la seguridad de M\u00e9xico&#8221;, escribi\u00f3.<\/p>\n\n\n\n<figure class=\"wp-block-image size-full\"><img decoding=\"async\" width=\"618\" height=\"423\" src=\"https:\/\/fuentesfidedignas.com.mx\/wp-content\/uploads\/2025\/06\/image-3-10.jpg\" alt=\"\" class=\"wp-image-111599\" srcset=\"https:\/\/fuentesfidedignas.com.mx\/wp-content\/uploads\/2025\/06\/image-3-10.jpg 618w, https:\/\/fuentesfidedignas.com.mx\/wp-content\/uploads\/2025\/06\/image-3-10-300x205.jpg 300w, https:\/\/fuentesfidedignas.com.mx\/wp-content\/uploads\/2025\/06\/image-3-10-614x420.jpg 614w, https:\/\/fuentesfidedignas.com.mx\/wp-content\/uploads\/2025\/06\/image-3-10-218x150.jpg 218w, https:\/\/fuentesfidedignas.com.mx\/wp-content\/uploads\/2025\/06\/image-3-10-600x411.jpg 600w\" sizes=\"(max-width: 618px) 100vw, 618px\" \/><figcaption class=\"wp-element-caption\">Aseguran m\u00e1s de de 3.5 toneladas de coca\u00edna frente a costas de Guerrero | SSPC<\/figcaption><\/figure>\n\n\n\n<p><strong>Droga fue asegurada durante patrullaje<\/strong><br>Acorde con la SSPC, la localizaci\u00f3n del semisumergible y la droga se llev\u00f3 a cabo durante recorridos de patrullaje mar\u00edtimos, en la que participaban elementos de la Armada de M\u00e9xico.<\/p>\n\n\n\n<p>Tras su localizaci\u00f3n, la carga y embarcaci\u00f3n il\u00edcita fueron aseguradas puestos a disposici\u00f3n del agente del Ministerio P\u00fablico en la Fiscal\u00eda General de Rep\u00fablica (FGR), quien integrar\u00e1 las carpetas de investigaci\u00f3n correspondientes y definir\u00e1 la situaci\u00f3n legal de las tres personas detenidas.<\/p>\n\n\n\n<p>Sobre los detenidos, se desconoce su pa\u00eds de origen, as\u00ed como si tambi\u00e9n se encuentran vinculados a alguna organizaci\u00f3n criminal de M\u00e9xico.<\/p>\n\n\n\n<p>Por otra parte, Harfuch destac\u00f3 que con este aseguramiento\u00a0suman m\u00e1s de 44.8 toneladas de coca\u00edna desde el pasado 1 de octubre de 2024; d\u00eda en el que inici\u00f3 la administraci\u00f3n de la presidenta Claudia Sheinbaum Pardo.<\/p>\n\n\n\n<blockquote class=\"twitter-tweet\"><p lang=\"es\" dir=\"ltr\">La Secretaria de Marina <a href=\"https:\/\/twitter.com\/SEMAR_mx?ref_src=twsrc%5Etfw\">@SEMAR_mx<\/a> asegur\u00f3 un semisumergible en las costas de Guerrero que transportaba m\u00e1s de 3 y media toneladas de coca\u00edna, adem\u00e1s fueron detenidas tres personas extranjeras. <br>Este aseguramiento representa una afectaci\u00f3n econ\u00f3mica a la delincuencia organizada\u2026 <a href=\"https:\/\/t.co\/4tbLkKODgG\">pic.twitter.com\/4tbLkKODgG<\/a><\/p>&mdash; Omar H Garcia Harfuch (@OHarfuch) <a href=\"https:\/\/twitter.com\/OHarfuch\/status\/1938597759134601468?ref_src=twsrc%5Etfw\">June 27, 2025<\/a><\/blockquote> <script async src=\"https:\/\/platform.twitter.com\/widgets.js\" charset=\"utf-8\"><\/script>\n\n\n\n<p><strong>Metanfetamina, la droga m\u00e1s asegurada en el actual sexenio<\/strong><br>En la conferencia de prensa matutina del pasado 24 de junio, el secretario de Seguridad dio a conocer que, en casi 10 meses del actual sexenio, se han asegurado:<\/p>\n\n\n\n<ul class=\"wp-block-list\">\n<li>Cerca de 1.5 toneladas de fentanilo.<\/li>\n\n\n\n<li>M\u00e1s de 3 millones de pastillas de fentanillo.<\/li>\n\n\n\n<li>69 toneladas de metanfetamina.<\/li>\n\n\n\n<li>54 toneladas de marihuana.<\/li>\n<\/ul>\n\n\n\n<p>Las m\u00e1s de 178 toneladas de droga incautadas significan una p\u00e9rdida econ\u00f3mica para la delincuencia de 43 mil 689 millones 95 mil 904 pesos.<\/p>\n","protected":false},"excerpt":{"rendered":"<p>Omar Garc\u00eda Harfuch asegur\u00f3 que con esta acci\u00f3n se evit\u00f3 que m\u00e1s de 7 millones de dosis de esta droga fueran comercializadas. Elementos de la Secretar\u00eda de Marina (Semar) localizaron un semisumergible que transportaba m\u00e1s de tres toneladas y media de coca\u00edna en las costas de Guerrero. El resultado fue el aseguramiento de 180 bultos [&hellip;]<\/p>\n","protected":false},"author":9,"featured_media":111600,"comment_status":"open","ping_status":"open","sticky":false,"template":"","format":"standard","meta":{"tdm_status":"","tdm_grid_status":"","footnotes":""},"categories":[39],"tags":[],"class_list":{"0":"post-111598","1":"post","2":"type-post","3":"status-publish","4":"format-standard","5":"has-post-thumbnail","7":"category-noticias-nacionales"},"yoast_head":"<!-- This site is optimized with the Yoast SEO plugin v27.4 - https:\/\/yoast.com\/product\/yoast-seo-wordpress\/ -->\n<title>Aseguran m\u00e1s de 3.5 toneladas de coca\u00edna frente a costas de Guerrero en operativo mar\u00edtimo - Fuentes Fidedignas<\/title>\n<meta name=\"robots\" content=\"index, follow, max-snippet:-1, max-image-preview:large, max-video-preview:-1\" \/>\n<link rel=\"canonical\" href=\"https:\/\/fuentesfidedignas.com.mx\/index.php\/2025\/06\/27\/aseguran-mas-de-3-5-toneladas-de-cocaina-frente-a-costas-de-guerrero-en-operativo-maritimo\/\" \/>\n<meta property=\"og:locale\" content=\"es_MX\" \/>\n<meta property=\"og:type\" content=\"article\" \/>\n<meta property=\"og:title\" content=\"Aseguran m\u00e1s de 3.5 toneladas de coca\u00edna frente a costas de Guerrero en operativo mar\u00edtimo - Fuentes Fidedignas\" \/>\n<meta property=\"og:description\" content=\"Omar Garc\u00eda Harfuch asegur\u00f3 que con esta acci\u00f3n se evit\u00f3 que m\u00e1s de 7 millones de dosis de esta droga fueran comercializadas. Elementos de la Secretar\u00eda de Marina (Semar) localizaron un semisumergible que transportaba m\u00e1s de tres toneladas y media de coca\u00edna en las costas de Guerrero. El resultado fue el aseguramiento de 180 bultos [&hellip;]\" \/>\n<meta property=\"og:url\" content=\"https:\/\/fuentesfidedignas.com.mx\/index.php\/2025\/06\/27\/aseguran-mas-de-3-5-toneladas-de-cocaina-frente-a-costas-de-guerrero-en-operativo-maritimo\/\" \/>\n<meta property=\"og:site_name\" content=\"Fuentes Fidedignas\" \/>\n<meta property=\"article:publisher\" content=\"https:\/\/www.facebook.com\/Fuentes-Fidedignas-368234489921644\" \/>\n<meta property=\"article:published_time\" content=\"2025-06-27T17:26:00+00:00\" \/>\n<meta property=\"og:image\" content=\"https:\/\/fuentesfidedignas.com.mx\/wp-content\/uploads\/2025\/06\/droga_gro.jpg\" \/>\n\t<meta property=\"og:image:width\" content=\"600\" \/>\n\t<meta property=\"og:image:height\" content=\"335\" \/>\n\t<meta property=\"og:image:type\" content=\"image\/jpeg\" \/>\n<meta name=\"author\" content=\"Milenio\" \/>\n<meta name=\"twitter:card\" content=\"summary_large_image\" \/>\n<meta name=\"twitter:creator\" content=\"@fidedignas\" \/>\n<meta name=\"twitter:site\" content=\"@fidedignas\" \/>\n<meta name=\"twitter:label1\" content=\"Escrito por\" \/>\n\t<meta name=\"twitter:data1\" content=\"Milenio\" \/>\n\t<meta name=\"twitter:label2\" content=\"Tiempo de lectura\" \/>\n\t<meta name=\"twitter:data2\" content=\"3 minutos\" \/>\n<script type=\"application\/ld+json\" class=\"yoast-schema-graph\">{\"@context\":\"https:\\\/\\\/schema.org\",\"@graph\":[{\"@type\":\"Article\",\"@id\":\"https:\\\/\\\/fuentesfidedignas.com.mx\\\/index.php\\\/2025\\\/06\\\/27\\\/aseguran-mas-de-3-5-toneladas-de-cocaina-frente-a-costas-de-guerrero-en-operativo-maritimo\\\/#article\",\"isPartOf\":{\"@id\":\"https:\\\/\\\/fuentesfidedignas.com.mx\\\/index.php\\\/2025\\\/06\\\/27\\\/aseguran-mas-de-3-5-toneladas-de-cocaina-frente-a-costas-de-guerrero-en-operativo-maritimo\\\/\"},\"author\":{\"name\":\"Milenio\",\"@id\":\"https:\\\/\\\/fuentesfidedignas.com.mx\\\/#\\\/schema\\\/person\\\/47ec0135738f4b0c7495f06a77a2c976\"},\"headline\":\"Aseguran m\u00e1s de 3.5 toneladas de coca\u00edna frente a costas de Guerrero en operativo mar\u00edtimo\",\"datePublished\":\"2025-06-27T17:26:00+00:00\",\"mainEntityOfPage\":{\"@id\":\"https:\\\/\\\/fuentesfidedignas.com.mx\\\/index.php\\\/2025\\\/06\\\/27\\\/aseguran-mas-de-3-5-toneladas-de-cocaina-frente-a-costas-de-guerrero-en-operativo-maritimo\\\/\"},\"wordCount\":490,\"commentCount\":0,\"publisher\":{\"@id\":\"https:\\\/\\\/fuentesfidedignas.com.mx\\\/#organization\"},\"image\":{\"@id\":\"https:\\\/\\\/fuentesfidedignas.com.mx\\\/index.php\\\/2025\\\/06\\\/27\\\/aseguran-mas-de-3-5-toneladas-de-cocaina-frente-a-costas-de-guerrero-en-operativo-maritimo\\\/#primaryimage\"},\"thumbnailUrl\":\"https:\\\/\\\/fuentesfidedignas.com.mx\\\/wp-content\\\/uploads\\\/2025\\\/06\\\/droga_gro.jpg\",\"articleSection\":[\"NOTICIAS NACIONALES\"],\"inLanguage\":\"es\",\"potentialAction\":[{\"@type\":\"CommentAction\",\"name\":\"Comment\",\"target\":[\"https:\\\/\\\/fuentesfidedignas.com.mx\\\/index.php\\\/2025\\\/06\\\/27\\\/aseguran-mas-de-3-5-toneladas-de-cocaina-frente-a-costas-de-guerrero-en-operativo-maritimo\\\/#respond\"]}]},{\"@type\":\"WebPage\",\"@id\":\"https:\\\/\\\/fuentesfidedignas.com.mx\\\/index.php\\\/2025\\\/06\\\/27\\\/aseguran-mas-de-3-5-toneladas-de-cocaina-frente-a-costas-de-guerrero-en-operativo-maritimo\\\/\",\"url\":\"https:\\\/\\\/fuentesfidedignas.com.mx\\\/index.php\\\/2025\\\/06\\\/27\\\/aseguran-mas-de-3-5-toneladas-de-cocaina-frente-a-costas-de-guerrero-en-operativo-maritimo\\\/\",\"name\":\"Aseguran m\u00e1s de 3.5 toneladas de coca\u00edna frente a costas de Guerrero en operativo mar\u00edtimo - Fuentes Fidedignas\",\"isPartOf\":{\"@id\":\"https:\\\/\\\/fuentesfidedignas.com.mx\\\/#website\"},\"primaryImageOfPage\":{\"@id\":\"https:\\\/\\\/fuentesfidedignas.com.mx\\\/index.php\\\/2025\\\/06\\\/27\\\/aseguran-mas-de-3-5-toneladas-de-cocaina-frente-a-costas-de-guerrero-en-operativo-maritimo\\\/#primaryimage\"},\"image\":{\"@id\":\"https:\\\/\\\/fuentesfidedignas.com.mx\\\/index.php\\\/2025\\\/06\\\/27\\\/aseguran-mas-de-3-5-toneladas-de-cocaina-frente-a-costas-de-guerrero-en-operativo-maritimo\\\/#primaryimage\"},\"thumbnailUrl\":\"https:\\\/\\\/fuentesfidedignas.com.mx\\\/wp-content\\\/uploads\\\/2025\\\/06\\\/droga_gro.jpg\",\"datePublished\":\"2025-06-27T17:26:00+00:00\",\"breadcrumb\":{\"@id\":\"https:\\\/\\\/fuentesfidedignas.com.mx\\\/index.php\\\/2025\\\/06\\\/27\\\/aseguran-mas-de-3-5-toneladas-de-cocaina-frente-a-costas-de-guerrero-en-operativo-maritimo\\\/#breadcrumb\"},\"inLanguage\":\"es\",\"potentialAction\":[{\"@type\":\"ReadAction\",\"target\":[\"https:\\\/\\\/fuentesfidedignas.com.mx\\\/index.php\\\/2025\\\/06\\\/27\\\/aseguran-mas-de-3-5-toneladas-de-cocaina-frente-a-costas-de-guerrero-en-operativo-maritimo\\\/\"]}]},{\"@type\":\"ImageObject\",\"inLanguage\":\"es\",\"@id\":\"https:\\\/\\\/fuentesfidedignas.com.mx\\\/index.php\\\/2025\\\/06\\\/27\\\/aseguran-mas-de-3-5-toneladas-de-cocaina-frente-a-costas-de-guerrero-en-operativo-maritimo\\\/#primaryimage\",\"url\":\"https:\\\/\\\/fuentesfidedignas.com.mx\\\/wp-content\\\/uploads\\\/2025\\\/06\\\/droga_gro.jpg\",\"contentUrl\":\"https:\\\/\\\/fuentesfidedignas.com.mx\\\/wp-content\\\/uploads\\\/2025\\\/06\\\/droga_gro.jpg\",\"width\":600,\"height\":335},{\"@type\":\"BreadcrumbList\",\"@id\":\"https:\\\/\\\/fuentesfidedignas.com.mx\\\/index.php\\\/2025\\\/06\\\/27\\\/aseguran-mas-de-3-5-toneladas-de-cocaina-frente-a-costas-de-guerrero-en-operativo-maritimo\\\/#breadcrumb\",\"itemListElement\":[{\"@type\":\"ListItem\",\"position\":1,\"name\":\"Inicio\",\"item\":\"https:\\\/\\\/fuentesfidedignas.com.mx\\\/\"},{\"@type\":\"ListItem\",\"position\":2,\"name\":\"Aseguran m\u00e1s de 3.5 toneladas de coca\u00edna frente a costas de Guerrero en operativo mar\u00edtimo\"}]},{\"@type\":\"WebSite\",\"@id\":\"https:\\\/\\\/fuentesfidedignas.com.mx\\\/#website\",\"url\":\"https:\\\/\\\/fuentesfidedignas.com.mx\\\/\",\"name\":\"Fuentes Fidedignas\",\"description\":\"Otro sitio realizado con WordPress\",\"publisher\":{\"@id\":\"https:\\\/\\\/fuentesfidedignas.com.mx\\\/#organization\"},\"potentialAction\":[{\"@type\":\"SearchAction\",\"target\":{\"@type\":\"EntryPoint\",\"urlTemplate\":\"https:\\\/\\\/fuentesfidedignas.com.mx\\\/?s={search_term_string}\"},\"query-input\":{\"@type\":\"PropertyValueSpecification\",\"valueRequired\":true,\"valueName\":\"search_term_string\"}}],\"inLanguage\":\"es\"},{\"@type\":\"Organization\",\"@id\":\"https:\\\/\\\/fuentesfidedignas.com.mx\\\/#organization\",\"name\":\"Fuentes Fidedignas\",\"url\":\"https:\\\/\\\/fuentesfidedignas.com.mx\\\/\",\"logo\":{\"@type\":\"ImageObject\",\"inLanguage\":\"es\",\"@id\":\"https:\\\/\\\/fuentesfidedignas.com.mx\\\/#\\\/schema\\\/logo\\\/image\\\/\",\"url\":\"https:\\\/\\\/fuentesfidedignas.com.mx\\\/wp-content\\\/uploads\\\/2021\\\/04\\\/logo-retina.png\",\"contentUrl\":\"https:\\\/\\\/fuentesfidedignas.com.mx\\\/wp-content\\\/uploads\\\/2021\\\/04\\\/logo-retina.png\",\"width\":280,\"height\":51,\"caption\":\"Fuentes Fidedignas\"},\"image\":{\"@id\":\"https:\\\/\\\/fuentesfidedignas.com.mx\\\/#\\\/schema\\\/logo\\\/image\\\/\"},\"sameAs\":[\"https:\\\/\\\/www.facebook.com\\\/Fuentes-Fidedignas-368234489921644\",\"https:\\\/\\\/x.com\\\/fidedignas\"]},{\"@type\":\"Person\",\"@id\":\"https:\\\/\\\/fuentesfidedignas.com.mx\\\/#\\\/schema\\\/person\\\/47ec0135738f4b0c7495f06a77a2c976\",\"name\":\"Milenio\",\"image\":{\"@type\":\"ImageObject\",\"inLanguage\":\"es\",\"@id\":\"https:\\\/\\\/secure.gravatar.com\\\/avatar\\\/acabf7b54753e51c2c76457954577c236b3b764789b19879565769739d1e4a75?s=96&d=mm&r=g\",\"url\":\"https:\\\/\\\/secure.gravatar.com\\\/avatar\\\/acabf7b54753e51c2c76457954577c236b3b764789b19879565769739d1e4a75?s=96&d=mm&r=g\",\"contentUrl\":\"https:\\\/\\\/secure.gravatar.com\\\/avatar\\\/acabf7b54753e51c2c76457954577c236b3b764789b19879565769739d1e4a75?s=96&d=mm&r=g\",\"caption\":\"Milenio\"},\"url\":\"https:\\\/\\\/fuentesfidedignas.com.mx\\\/index.php\\\/author\\\/milenio\\\/\"}]}<\/script>\n<!-- \/ Yoast SEO plugin. -->","yoast_head_json":{"title":"Aseguran m\u00e1s de 3.5 toneladas de coca\u00edna frente a costas de Guerrero en operativo mar\u00edtimo - Fuentes Fidedignas","robots":{"index":"index","follow":"follow","max-snippet":"max-snippet:-1","max-image-preview":"max-image-preview:large","max-video-preview":"max-video-preview:-1"},"canonical":"https:\/\/fuentesfidedignas.com.mx\/index.php\/2025\/06\/27\/aseguran-mas-de-3-5-toneladas-de-cocaina-frente-a-costas-de-guerrero-en-operativo-maritimo\/","og_locale":"es_MX","og_type":"article","og_title":"Aseguran m\u00e1s de 3.5 toneladas de coca\u00edna frente a costas de Guerrero en operativo mar\u00edtimo - Fuentes Fidedignas","og_description":"Omar Garc\u00eda Harfuch asegur\u00f3 que con esta acci\u00f3n se evit\u00f3 que m\u00e1s de 7 millones de dosis de esta droga fueran comercializadas. Elementos de la Secretar\u00eda de Marina (Semar) localizaron un semisumergible que transportaba m\u00e1s de tres toneladas y media de coca\u00edna en las costas de Guerrero. El resultado fue el aseguramiento de 180 bultos [&hellip;]","og_url":"https:\/\/fuentesfidedignas.com.mx\/index.php\/2025\/06\/27\/aseguran-mas-de-3-5-toneladas-de-cocaina-frente-a-costas-de-guerrero-en-operativo-maritimo\/","og_site_name":"Fuentes Fidedignas","article_publisher":"https:\/\/www.facebook.com\/Fuentes-Fidedignas-368234489921644","article_published_time":"2025-06-27T17:26:00+00:00","og_image":[{"width":600,"height":335,"url":"https:\/\/fuentesfidedignas.com.mx\/wp-content\/uploads\/2025\/06\/droga_gro.jpg","type":"image\/jpeg"}],"author":"Milenio","twitter_card":"summary_large_image","twitter_creator":"@fidedignas","twitter_site":"@fidedignas","twitter_misc":{"Escrito por":"Milenio","Tiempo de lectura":"3 minutos"},"schema":{"@context":"https:\/\/schema.org","@graph":[{"@type":"Article","@id":"https:\/\/fuentesfidedignas.com.mx\/index.php\/2025\/06\/27\/aseguran-mas-de-3-5-toneladas-de-cocaina-frente-a-costas-de-guerrero-en-operativo-maritimo\/#article","isPartOf":{"@id":"https:\/\/fuentesfidedignas.com.mx\/index.php\/2025\/06\/27\/aseguran-mas-de-3-5-toneladas-de-cocaina-frente-a-costas-de-guerrero-en-operativo-maritimo\/"},"author":{"name":"Milenio","@id":"https:\/\/fuentesfidedignas.com.mx\/#\/schema\/person\/47ec0135738f4b0c7495f06a77a2c976"},"headline":"Aseguran m\u00e1s de 3.5 toneladas de coca\u00edna frente a costas de Guerrero en operativo mar\u00edtimo","datePublished":"2025-06-27T17:26:00+00:00","mainEntityOfPage":{"@id":"https:\/\/fuentesfidedignas.com.mx\/index.php\/2025\/06\/27\/aseguran-mas-de-3-5-toneladas-de-cocaina-frente-a-costas-de-guerrero-en-operativo-maritimo\/"},"wordCount":490,"commentCount":0,"publisher":{"@id":"https:\/\/fuentesfidedignas.com.mx\/#organization"},"image":{"@id":"https:\/\/fuentesfidedignas.com.mx\/index.php\/2025\/06\/27\/aseguran-mas-de-3-5-toneladas-de-cocaina-frente-a-costas-de-guerrero-en-operativo-maritimo\/#primaryimage"},"thumbnailUrl":"https:\/\/fuentesfidedignas.com.mx\/wp-content\/uploads\/2025\/06\/droga_gro.jpg","articleSection":["NOTICIAS NACIONALES"],"inLanguage":"es","potentialAction":[{"@type":"CommentAction","name":"Comment","target":["https:\/\/fuentesfidedignas.com.mx\/index.php\/2025\/06\/27\/aseguran-mas-de-3-5-toneladas-de-cocaina-frente-a-costas-de-guerrero-en-operativo-maritimo\/#respond"]}]},{"@type":"WebPage","@id":"https:\/\/fuentesfidedignas.com.mx\/index.php\/2025\/06\/27\/aseguran-mas-de-3-5-toneladas-de-cocaina-frente-a-costas-de-guerrero-en-operativo-maritimo\/","url":"https:\/\/fuentesfidedignas.com.mx\/index.php\/2025\/06\/27\/aseguran-mas-de-3-5-toneladas-de-cocaina-frente-a-costas-de-guerrero-en-operativo-maritimo\/","name":"Aseguran m\u00e1s de 3.5 toneladas de coca\u00edna frente a costas de Guerrero en operativo mar\u00edtimo - Fuentes Fidedignas","isPartOf":{"@id":"https:\/\/fuentesfidedignas.com.mx\/#website"},"primaryImageOfPage":{"@id":"https:\/\/fuentesfidedignas.com.mx\/index.php\/2025\/06\/27\/aseguran-mas-de-3-5-toneladas-de-cocaina-frente-a-costas-de-guerrero-en-operativo-maritimo\/#primaryimage"},"image":{"@id":"https:\/\/fuentesfidedignas.com.mx\/index.php\/2025\/06\/27\/aseguran-mas-de-3-5-toneladas-de-cocaina-frente-a-costas-de-guerrero-en-operativo-maritimo\/#primaryimage"},"thumbnailUrl":"https:\/\/fuentesfidedignas.com.mx\/wp-content\/uploads\/2025\/06\/droga_gro.jpg","datePublished":"2025-06-27T17:26:00+00:00","breadcrumb":{"@id":"https:\/\/fuentesfidedignas.com.mx\/index.php\/2025\/06\/27\/aseguran-mas-de-3-5-toneladas-de-cocaina-frente-a-costas-de-guerrero-en-operativo-maritimo\/#breadcrumb"},"inLanguage":"es","potentialAction":[{"@type":"ReadAction","target":["https:\/\/fuentesfidedignas.com.mx\/index.php\/2025\/06\/27\/aseguran-mas-de-3-5-toneladas-de-cocaina-frente-a-costas-de-guerrero-en-operativo-maritimo\/"]}]},{"@type":"ImageObject","inLanguage":"es","@id":"https:\/\/fuentesfidedignas.com.mx\/index.php\/2025\/06\/27\/aseguran-mas-de-3-5-toneladas-de-cocaina-frente-a-costas-de-guerrero-en-operativo-maritimo\/#primaryimage","url":"https:\/\/fuentesfidedignas.com.mx\/wp-content\/uploads\/2025\/06\/droga_gro.jpg","contentUrl":"https:\/\/fuentesfidedignas.com.mx\/wp-content\/uploads\/2025\/06\/droga_gro.jpg","width":600,"height":335},{"@type":"BreadcrumbList","@id":"https:\/\/fuentesfidedignas.com.mx\/index.php\/2025\/06\/27\/aseguran-mas-de-3-5-toneladas-de-cocaina-frente-a-costas-de-guerrero-en-operativo-maritimo\/#breadcrumb","itemListElement":[{"@type":"ListItem","position":1,"name":"Inicio","item":"https:\/\/fuentesfidedignas.com.mx\/"},{"@type":"ListItem","position":2,"name":"Aseguran m\u00e1s de 3.5 toneladas de coca\u00edna frente a costas de Guerrero en operativo mar\u00edtimo"}]},{"@type":"WebSite","@id":"https:\/\/fuentesfidedignas.com.mx\/#website","url":"https:\/\/fuentesfidedignas.com.mx\/","name":"Fuentes Fidedignas","description":"Otro sitio realizado con WordPress","publisher":{"@id":"https:\/\/fuentesfidedignas.com.mx\/#organization"},"potentialAction":[{"@type":"SearchAction","target":{"@type":"EntryPoint","urlTemplate":"https:\/\/fuentesfidedignas.com.mx\/?s={search_term_string}"},"query-input":{"@type":"PropertyValueSpecification","valueRequired":true,"valueName":"search_term_string"}}],"inLanguage":"es"},{"@type":"Organization","@id":"https:\/\/fuentesfidedignas.com.mx\/#organization","name":"Fuentes Fidedignas","url":"https:\/\/fuentesfidedignas.com.mx\/","logo":{"@type":"ImageObject","inLanguage":"es","@id":"https:\/\/fuentesfidedignas.com.mx\/#\/schema\/logo\/image\/","url":"https:\/\/fuentesfidedignas.com.mx\/wp-content\/uploads\/2021\/04\/logo-retina.png","contentUrl":"https:\/\/fuentesfidedignas.com.mx\/wp-content\/uploads\/2021\/04\/logo-retina.png","width":280,"height":51,"caption":"Fuentes Fidedignas"},"image":{"@id":"https:\/\/fuentesfidedignas.com.mx\/#\/schema\/logo\/image\/"},"sameAs":["https:\/\/www.facebook.com\/Fuentes-Fidedignas-368234489921644","https:\/\/x.com\/fidedignas"]},{"@type":"Person","@id":"https:\/\/fuentesfidedignas.com.mx\/#\/schema\/person\/47ec0135738f4b0c7495f06a77a2c976","name":"Milenio","image":{"@type":"ImageObject","inLanguage":"es","@id":"https:\/\/secure.gravatar.com\/avatar\/acabf7b54753e51c2c76457954577c236b3b764789b19879565769739d1e4a75?s=96&d=mm&r=g","url":"https:\/\/secure.gravatar.com\/avatar\/acabf7b54753e51c2c76457954577c236b3b764789b19879565769739d1e4a75?s=96&d=mm&r=g","contentUrl":"https:\/\/secure.gravatar.com\/avatar\/acabf7b54753e51c2c76457954577c236b3b764789b19879565769739d1e4a75?s=96&d=mm&r=g","caption":"Milenio"},"url":"https:\/\/fuentesfidedignas.com.mx\/index.php\/author\/milenio\/"}]}},"_links":{"self":[{"href":"https:\/\/fuentesfidedignas.com.mx\/index.php\/wp-json\/wp\/v2\/posts\/111598","targetHints":{"allow":["GET"]}}],"collection":[{"href":"https:\/\/fuentesfidedignas.com.mx\/index.php\/wp-json\/wp\/v2\/posts"}],"about":[{"href":"https:\/\/fuentesfidedignas.com.mx\/index.php\/wp-json\/wp\/v2\/types\/post"}],"author":[{"embeddable":true,"href":"https:\/\/fuentesfidedignas.com.mx\/index.php\/wp-json\/wp\/v2\/users\/9"}],"replies":[{"embeddable":true,"href":"https:\/\/fuentesfidedignas.com.mx\/index.php\/wp-json\/wp\/v2\/comments?post=111598"}],"version-history":[{"count":1,"href":"https:\/\/fuentesfidedignas.com.mx\/index.php\/wp-json\/wp\/v2\/posts\/111598\/revisions"}],"predecessor-version":[{"id":111601,"href":"https:\/\/fuentesfidedignas.com.mx\/index.php\/wp-json\/wp\/v2\/posts\/111598\/revisions\/111601"}],"wp:featuredmedia":[{"embeddable":true,"href":"https:\/\/fuentesfidedignas.com.mx\/index.php\/wp-json\/wp\/v2\/media\/111600"}],"wp:attachment":[{"href":"https:\/\/fuentesfidedignas.com.mx\/index.php\/wp-json\/wp\/v2\/media?parent=111598"}],"wp:term":[{"taxonomy":"category","embeddable":true,"href":"https:\/\/fuentesfidedignas.com.mx\/index.php\/wp-json\/wp\/v2\/categories?post=111598"},{"taxonomy":"post_tag","embeddable":true,"href":"https:\/\/fuentesfidedignas.com.mx\/index.php\/wp-json\/wp\/v2\/tags?post=111598"}],"curies":[{"name":"wp","href":"https:\/\/api.w.org\/{rel}","templated":true}]}}