{"id":111531,"date":"2025-06-26T12:57:22","date_gmt":"2025-06-26T19:57:22","guid":{"rendered":"https:\/\/fuentesfidedignas.com.mx\/?p=111531"},"modified":"2025-06-26T12:57:27","modified_gmt":"2025-06-26T19:57:27","slug":"eu-impone-restricciones-de-visa-a-familias-y-colaboradores-de-narcos","status":"publish","type":"post","link":"https:\/\/fuentesfidedignas.com.mx\/index.php\/2025\/06\/26\/eu-impone-restricciones-de-visa-a-familias-y-colaboradores-de-narcos\/","title":{"rendered":"EU impone restricciones de visa a familias y colaboradores de narcos"},"content":{"rendered":"\n<p><strong><em>El secretario de Estado de los Estados Unidos, Marco Rubio, detall\u00f3 restricciones de visa a familiares y colaboradores cercanos de narcos.<\/em><\/strong><\/p>\n\n\n\n<p>Estados Unidos impuso nuevas restricciones de visa a familiares y colaboradores cercanos de personas con probado historial de narcotr\u00e1fico, como parte de una estrategia para frenar la entrada al pa\u00eds de drogas como el mortal fentanilo.<\/p>\n\n\n\n<blockquote class=\"twitter-tweet\"><p lang=\"en\" dir=\"ltr\">I am announcing a new visa restriction policy for family members and close personal and business associates of individuals sanctioned under Executive Order 14059. We will use all necessary tools to deter and dismantle the flow of fentanyl and other deadly drugs from entering our\u2026<\/p>&mdash; Secretary Marco Rubio (@SecRubio) <a href=\"https:\/\/twitter.com\/SecRubio\/status\/1938300435439272311?ref_src=twsrc%5Etfw\">June 26, 2025<\/a><\/blockquote> <script async src=\"https:\/\/platform.twitter.com\/widgets.js\" charset=\"utf-8\"><\/script>\n\n\n\n<p>\u201cLa imposici\u00f3n de restricciones de visa a narcotraficantes, sus familiares y estrechos colaboradores personales y comerciales no solo impedir\u00e1 su entrada a Estados Unidos, sino que servir\u00e1 de elemento disuasorio para la continuaci\u00f3n de actividades il\u00edcitas\u201d, asegur\u00f3 el secretario de Estado de los EE.UU., Marco Rubio, en un comunicado.<\/p>\n\n\n\n<p>Esta nueva medida se enmarca en un apartado de la ley de inmigraci\u00f3n estadounidense que aborda la inadmisibilidad de extranjeros cuya entrada al pa\u00eds pueda representar un riesgo para los intereses nacionales.<\/p>\n\n\n\n<p>Seg\u00fan dijo, el Departamento de Estado de EE.UU. \u201cutilizar\u00e1 todas las herramientas necesarias para disuadir y desmantelar el flujo de fentanilo y otras drogas il\u00edcitas que entran a Estados Unidos y perjudican a los ciudadanos estadounidenses\u201d.<\/p>\n\n\n\n<p>Desde su regreso a la Casa Blanca en enero pasado, el presidente Donald Trump ha utilizado la situaci\u00f3n provocada por el consumo de droga en el pa\u00eds como uno de sus principales argumentos para tomar algunas medidas en materia migratoria o comercial.<\/p>\n\n\n\n<p>\u201cLa crisis del fentanilo en EE.UU. no tiene precedentes, y las sobredosis siguen siendo la principal causa de muerte entre los estadounidenses de 18 a 44 a\u00f1os\u201d, indic\u00f3 Rubio. Tambi\u00e9n agreg\u00f3 que en 2024 hubo m\u00e1s de \u201c220 muertes diarias por sobredosis\u201d.<\/p>\n","protected":false},"excerpt":{"rendered":"<p>El secretario de Estado de los Estados Unidos, Marco Rubio, detall\u00f3 restricciones de visa a familiares y colaboradores cercanos de narcos. Estados Unidos impuso nuevas restricciones de visa a familiares y colaboradores cercanos de personas con probado historial de narcotr\u00e1fico, como parte de una estrategia para frenar la entrada al pa\u00eds de drogas como el [&hellip;]<\/p>\n","protected":false},"author":22,"featured_media":102514,"comment_status":"open","ping_status":"open","sticky":false,"template":"","format":"standard","meta":{"tdm_status":"","tdm_grid_status":"","footnotes":""},"categories":[39],"tags":[],"class_list":{"0":"post-111531","1":"post","2":"type-post","3":"status-publish","4":"format-standard","5":"has-post-thumbnail","7":"category-noticias-nacionales"},"yoast_head":"<!-- This site is optimized with the Yoast SEO plugin v27.5 - https:\/\/yoast.com\/product\/yoast-seo-wordpress\/ -->\n<title>EU impone restricciones de visa a familias y colaboradores de narcos - Fuentes Fidedignas<\/title>\n<meta name=\"robots\" content=\"index, follow, max-snippet:-1, max-image-preview:large, max-video-preview:-1\" \/>\n<link rel=\"canonical\" href=\"https:\/\/fuentesfidedignas.com.mx\/index.php\/2025\/06\/26\/eu-impone-restricciones-de-visa-a-familias-y-colaboradores-de-narcos\/\" \/>\n<meta property=\"og:locale\" content=\"es_MX\" \/>\n<meta property=\"og:type\" content=\"article\" \/>\n<meta property=\"og:title\" content=\"EU impone restricciones de visa a familias y colaboradores de narcos - Fuentes Fidedignas\" \/>\n<meta property=\"og:description\" content=\"El secretario de Estado de los Estados Unidos, Marco Rubio, detall\u00f3 restricciones de visa a familiares y colaboradores cercanos de narcos. Estados Unidos impuso nuevas restricciones de visa a familiares y colaboradores cercanos de personas con probado historial de narcotr\u00e1fico, como parte de una estrategia para frenar la entrada al pa\u00eds de drogas como el [&hellip;]\" \/>\n<meta property=\"og:url\" content=\"https:\/\/fuentesfidedignas.com.mx\/index.php\/2025\/06\/26\/eu-impone-restricciones-de-visa-a-familias-y-colaboradores-de-narcos\/\" \/>\n<meta property=\"og:site_name\" content=\"Fuentes Fidedignas\" \/>\n<meta property=\"article:publisher\" content=\"https:\/\/www.facebook.com\/Fuentes-Fidedignas-368234489921644\" \/>\n<meta property=\"article:published_time\" content=\"2025-06-26T19:57:22+00:00\" \/>\n<meta property=\"article:modified_time\" content=\"2025-06-26T19:57:27+00:00\" \/>\n<meta property=\"og:image\" content=\"https:\/\/fuentesfidedignas.com.mx\/wp-content\/uploads\/2025\/02\/visa_americana.jpg\" \/>\n\t<meta property=\"og:image:width\" content=\"600\" \/>\n\t<meta property=\"og:image:height\" content=\"403\" \/>\n\t<meta property=\"og:image:type\" content=\"image\/jpeg\" \/>\n<meta name=\"author\" content=\"EFE\" \/>\n<meta name=\"twitter:card\" content=\"summary_large_image\" \/>\n<meta name=\"twitter:creator\" content=\"@fidedignas\" \/>\n<meta name=\"twitter:site\" content=\"@fidedignas\" \/>\n<meta name=\"twitter:label1\" content=\"Escrito por\" \/>\n\t<meta name=\"twitter:data1\" content=\"EFE\" \/>\n\t<meta name=\"twitter:label2\" content=\"Tiempo de lectura\" \/>\n\t<meta name=\"twitter:data2\" content=\"2 minutos\" \/>\n<script type=\"application\/ld+json\" class=\"yoast-schema-graph\">{\"@context\":\"https:\\\/\\\/schema.org\",\"@graph\":[{\"@type\":\"Article\",\"@id\":\"https:\\\/\\\/fuentesfidedignas.com.mx\\\/index.php\\\/2025\\\/06\\\/26\\\/eu-impone-restricciones-de-visa-a-familias-y-colaboradores-de-narcos\\\/#article\",\"isPartOf\":{\"@id\":\"https:\\\/\\\/fuentesfidedignas.com.mx\\\/index.php\\\/2025\\\/06\\\/26\\\/eu-impone-restricciones-de-visa-a-familias-y-colaboradores-de-narcos\\\/\"},\"author\":{\"name\":\"EFE\",\"@id\":\"https:\\\/\\\/fuentesfidedignas.com.mx\\\/#\\\/schema\\\/person\\\/0d44615087b5a626d5d3f13afe31ac41\"},\"headline\":\"EU impone restricciones de visa a familias y colaboradores de narcos\",\"datePublished\":\"2025-06-26T19:57:22+00:00\",\"dateModified\":\"2025-06-26T19:57:27+00:00\",\"mainEntityOfPage\":{\"@id\":\"https:\\\/\\\/fuentesfidedignas.com.mx\\\/index.php\\\/2025\\\/06\\\/26\\\/eu-impone-restricciones-de-visa-a-familias-y-colaboradores-de-narcos\\\/\"},\"wordCount\":332,\"commentCount\":0,\"publisher\":{\"@id\":\"https:\\\/\\\/fuentesfidedignas.com.mx\\\/#organization\"},\"image\":{\"@id\":\"https:\\\/\\\/fuentesfidedignas.com.mx\\\/index.php\\\/2025\\\/06\\\/26\\\/eu-impone-restricciones-de-visa-a-familias-y-colaboradores-de-narcos\\\/#primaryimage\"},\"thumbnailUrl\":\"https:\\\/\\\/fuentesfidedignas.com.mx\\\/wp-content\\\/uploads\\\/2025\\\/02\\\/visa_americana.jpg\",\"articleSection\":[\"NOTICIAS NACIONALES\"],\"inLanguage\":\"es\",\"potentialAction\":[{\"@type\":\"CommentAction\",\"name\":\"Comment\",\"target\":[\"https:\\\/\\\/fuentesfidedignas.com.mx\\\/index.php\\\/2025\\\/06\\\/26\\\/eu-impone-restricciones-de-visa-a-familias-y-colaboradores-de-narcos\\\/#respond\"]}]},{\"@type\":\"WebPage\",\"@id\":\"https:\\\/\\\/fuentesfidedignas.com.mx\\\/index.php\\\/2025\\\/06\\\/26\\\/eu-impone-restricciones-de-visa-a-familias-y-colaboradores-de-narcos\\\/\",\"url\":\"https:\\\/\\\/fuentesfidedignas.com.mx\\\/index.php\\\/2025\\\/06\\\/26\\\/eu-impone-restricciones-de-visa-a-familias-y-colaboradores-de-narcos\\\/\",\"name\":\"EU impone restricciones de visa a familias y colaboradores de narcos - Fuentes Fidedignas\",\"isPartOf\":{\"@id\":\"https:\\\/\\\/fuentesfidedignas.com.mx\\\/#website\"},\"primaryImageOfPage\":{\"@id\":\"https:\\\/\\\/fuentesfidedignas.com.mx\\\/index.php\\\/2025\\\/06\\\/26\\\/eu-impone-restricciones-de-visa-a-familias-y-colaboradores-de-narcos\\\/#primaryimage\"},\"image\":{\"@id\":\"https:\\\/\\\/fuentesfidedignas.com.mx\\\/index.php\\\/2025\\\/06\\\/26\\\/eu-impone-restricciones-de-visa-a-familias-y-colaboradores-de-narcos\\\/#primaryimage\"},\"thumbnailUrl\":\"https:\\\/\\\/fuentesfidedignas.com.mx\\\/wp-content\\\/uploads\\\/2025\\\/02\\\/visa_americana.jpg\",\"datePublished\":\"2025-06-26T19:57:22+00:00\",\"dateModified\":\"2025-06-26T19:57:27+00:00\",\"breadcrumb\":{\"@id\":\"https:\\\/\\\/fuentesfidedignas.com.mx\\\/index.php\\\/2025\\\/06\\\/26\\\/eu-impone-restricciones-de-visa-a-familias-y-colaboradores-de-narcos\\\/#breadcrumb\"},\"inLanguage\":\"es\",\"potentialAction\":[{\"@type\":\"ReadAction\",\"target\":[\"https:\\\/\\\/fuentesfidedignas.com.mx\\\/index.php\\\/2025\\\/06\\\/26\\\/eu-impone-restricciones-de-visa-a-familias-y-colaboradores-de-narcos\\\/\"]}]},{\"@type\":\"ImageObject\",\"inLanguage\":\"es\",\"@id\":\"https:\\\/\\\/fuentesfidedignas.com.mx\\\/index.php\\\/2025\\\/06\\\/26\\\/eu-impone-restricciones-de-visa-a-familias-y-colaboradores-de-narcos\\\/#primaryimage\",\"url\":\"https:\\\/\\\/fuentesfidedignas.com.mx\\\/wp-content\\\/uploads\\\/2025\\\/02\\\/visa_americana.jpg\",\"contentUrl\":\"https:\\\/\\\/fuentesfidedignas.com.mx\\\/wp-content\\\/uploads\\\/2025\\\/02\\\/visa_americana.jpg\",\"width\":600,\"height\":403},{\"@type\":\"BreadcrumbList\",\"@id\":\"https:\\\/\\\/fuentesfidedignas.com.mx\\\/index.php\\\/2025\\\/06\\\/26\\\/eu-impone-restricciones-de-visa-a-familias-y-colaboradores-de-narcos\\\/#breadcrumb\",\"itemListElement\":[{\"@type\":\"ListItem\",\"position\":1,\"name\":\"Inicio\",\"item\":\"https:\\\/\\\/fuentesfidedignas.com.mx\\\/\"},{\"@type\":\"ListItem\",\"position\":2,\"name\":\"EU impone restricciones de visa a familias y colaboradores de narcos\"}]},{\"@type\":\"WebSite\",\"@id\":\"https:\\\/\\\/fuentesfidedignas.com.mx\\\/#website\",\"url\":\"https:\\\/\\\/fuentesfidedignas.com.mx\\\/\",\"name\":\"Fuentes Fidedignas\",\"description\":\"Otro sitio realizado con WordPress\",\"publisher\":{\"@id\":\"https:\\\/\\\/fuentesfidedignas.com.mx\\\/#organization\"},\"potentialAction\":[{\"@type\":\"SearchAction\",\"target\":{\"@type\":\"EntryPoint\",\"urlTemplate\":\"https:\\\/\\\/fuentesfidedignas.com.mx\\\/?s={search_term_string}\"},\"query-input\":{\"@type\":\"PropertyValueSpecification\",\"valueRequired\":true,\"valueName\":\"search_term_string\"}}],\"inLanguage\":\"es\"},{\"@type\":\"Organization\",\"@id\":\"https:\\\/\\\/fuentesfidedignas.com.mx\\\/#organization\",\"name\":\"Fuentes Fidedignas\",\"url\":\"https:\\\/\\\/fuentesfidedignas.com.mx\\\/\",\"logo\":{\"@type\":\"ImageObject\",\"inLanguage\":\"es\",\"@id\":\"https:\\\/\\\/fuentesfidedignas.com.mx\\\/#\\\/schema\\\/logo\\\/image\\\/\",\"url\":\"https:\\\/\\\/fuentesfidedignas.com.mx\\\/wp-content\\\/uploads\\\/2021\\\/04\\\/logo-retina.png\",\"contentUrl\":\"https:\\\/\\\/fuentesfidedignas.com.mx\\\/wp-content\\\/uploads\\\/2021\\\/04\\\/logo-retina.png\",\"width\":280,\"height\":51,\"caption\":\"Fuentes Fidedignas\"},\"image\":{\"@id\":\"https:\\\/\\\/fuentesfidedignas.com.mx\\\/#\\\/schema\\\/logo\\\/image\\\/\"},\"sameAs\":[\"https:\\\/\\\/www.facebook.com\\\/Fuentes-Fidedignas-368234489921644\",\"https:\\\/\\\/x.com\\\/fidedignas\"]},{\"@type\":\"Person\",\"@id\":\"https:\\\/\\\/fuentesfidedignas.com.mx\\\/#\\\/schema\\\/person\\\/0d44615087b5a626d5d3f13afe31ac41\",\"name\":\"EFE\",\"image\":{\"@type\":\"ImageObject\",\"inLanguage\":\"es\",\"@id\":\"https:\\\/\\\/secure.gravatar.com\\\/avatar\\\/7048c2d9b569d9bed55bb53ad23821e6e047aa66338fb6ea9868627bbb9f54e8?s=96&d=mm&r=g\",\"url\":\"https:\\\/\\\/secure.gravatar.com\\\/avatar\\\/7048c2d9b569d9bed55bb53ad23821e6e047aa66338fb6ea9868627bbb9f54e8?s=96&d=mm&r=g\",\"contentUrl\":\"https:\\\/\\\/secure.gravatar.com\\\/avatar\\\/7048c2d9b569d9bed55bb53ad23821e6e047aa66338fb6ea9868627bbb9f54e8?s=96&d=mm&r=g\",\"caption\":\"EFE\"},\"url\":\"https:\\\/\\\/fuentesfidedignas.com.mx\\\/index.php\\\/author\\\/efe\\\/\"}]}<\/script>\n<!-- \/ Yoast SEO plugin. -->","yoast_head_json":{"title":"EU impone restricciones de visa a familias y colaboradores de narcos - Fuentes Fidedignas","robots":{"index":"index","follow":"follow","max-snippet":"max-snippet:-1","max-image-preview":"max-image-preview:large","max-video-preview":"max-video-preview:-1"},"canonical":"https:\/\/fuentesfidedignas.com.mx\/index.php\/2025\/06\/26\/eu-impone-restricciones-de-visa-a-familias-y-colaboradores-de-narcos\/","og_locale":"es_MX","og_type":"article","og_title":"EU impone restricciones de visa a familias y colaboradores de narcos - Fuentes Fidedignas","og_description":"El secretario de Estado de los Estados Unidos, Marco Rubio, detall\u00f3 restricciones de visa a familiares y colaboradores cercanos de narcos. Estados Unidos impuso nuevas restricciones de visa a familiares y colaboradores cercanos de personas con probado historial de narcotr\u00e1fico, como parte de una estrategia para frenar la entrada al pa\u00eds de drogas como el [&hellip;]","og_url":"https:\/\/fuentesfidedignas.com.mx\/index.php\/2025\/06\/26\/eu-impone-restricciones-de-visa-a-familias-y-colaboradores-de-narcos\/","og_site_name":"Fuentes Fidedignas","article_publisher":"https:\/\/www.facebook.com\/Fuentes-Fidedignas-368234489921644","article_published_time":"2025-06-26T19:57:22+00:00","article_modified_time":"2025-06-26T19:57:27+00:00","og_image":[{"width":600,"height":403,"url":"https:\/\/fuentesfidedignas.com.mx\/wp-content\/uploads\/2025\/02\/visa_americana.jpg","type":"image\/jpeg"}],"author":"EFE","twitter_card":"summary_large_image","twitter_creator":"@fidedignas","twitter_site":"@fidedignas","twitter_misc":{"Escrito por":"EFE","Tiempo de lectura":"2 minutos"},"schema":{"@context":"https:\/\/schema.org","@graph":[{"@type":"Article","@id":"https:\/\/fuentesfidedignas.com.mx\/index.php\/2025\/06\/26\/eu-impone-restricciones-de-visa-a-familias-y-colaboradores-de-narcos\/#article","isPartOf":{"@id":"https:\/\/fuentesfidedignas.com.mx\/index.php\/2025\/06\/26\/eu-impone-restricciones-de-visa-a-familias-y-colaboradores-de-narcos\/"},"author":{"name":"EFE","@id":"https:\/\/fuentesfidedignas.com.mx\/#\/schema\/person\/0d44615087b5a626d5d3f13afe31ac41"},"headline":"EU impone restricciones de visa a familias y colaboradores de narcos","datePublished":"2025-06-26T19:57:22+00:00","dateModified":"2025-06-26T19:57:27+00:00","mainEntityOfPage":{"@id":"https:\/\/fuentesfidedignas.com.mx\/index.php\/2025\/06\/26\/eu-impone-restricciones-de-visa-a-familias-y-colaboradores-de-narcos\/"},"wordCount":332,"commentCount":0,"publisher":{"@id":"https:\/\/fuentesfidedignas.com.mx\/#organization"},"image":{"@id":"https:\/\/fuentesfidedignas.com.mx\/index.php\/2025\/06\/26\/eu-impone-restricciones-de-visa-a-familias-y-colaboradores-de-narcos\/#primaryimage"},"thumbnailUrl":"https:\/\/fuentesfidedignas.com.mx\/wp-content\/uploads\/2025\/02\/visa_americana.jpg","articleSection":["NOTICIAS NACIONALES"],"inLanguage":"es","potentialAction":[{"@type":"CommentAction","name":"Comment","target":["https:\/\/fuentesfidedignas.com.mx\/index.php\/2025\/06\/26\/eu-impone-restricciones-de-visa-a-familias-y-colaboradores-de-narcos\/#respond"]}]},{"@type":"WebPage","@id":"https:\/\/fuentesfidedignas.com.mx\/index.php\/2025\/06\/26\/eu-impone-restricciones-de-visa-a-familias-y-colaboradores-de-narcos\/","url":"https:\/\/fuentesfidedignas.com.mx\/index.php\/2025\/06\/26\/eu-impone-restricciones-de-visa-a-familias-y-colaboradores-de-narcos\/","name":"EU impone restricciones de visa a familias y colaboradores de narcos - Fuentes Fidedignas","isPartOf":{"@id":"https:\/\/fuentesfidedignas.com.mx\/#website"},"primaryImageOfPage":{"@id":"https:\/\/fuentesfidedignas.com.mx\/index.php\/2025\/06\/26\/eu-impone-restricciones-de-visa-a-familias-y-colaboradores-de-narcos\/#primaryimage"},"image":{"@id":"https:\/\/fuentesfidedignas.com.mx\/index.php\/2025\/06\/26\/eu-impone-restricciones-de-visa-a-familias-y-colaboradores-de-narcos\/#primaryimage"},"thumbnailUrl":"https:\/\/fuentesfidedignas.com.mx\/wp-content\/uploads\/2025\/02\/visa_americana.jpg","datePublished":"2025-06-26T19:57:22+00:00","dateModified":"2025-06-26T19:57:27+00:00","breadcrumb":{"@id":"https:\/\/fuentesfidedignas.com.mx\/index.php\/2025\/06\/26\/eu-impone-restricciones-de-visa-a-familias-y-colaboradores-de-narcos\/#breadcrumb"},"inLanguage":"es","potentialAction":[{"@type":"ReadAction","target":["https:\/\/fuentesfidedignas.com.mx\/index.php\/2025\/06\/26\/eu-impone-restricciones-de-visa-a-familias-y-colaboradores-de-narcos\/"]}]},{"@type":"ImageObject","inLanguage":"es","@id":"https:\/\/fuentesfidedignas.com.mx\/index.php\/2025\/06\/26\/eu-impone-restricciones-de-visa-a-familias-y-colaboradores-de-narcos\/#primaryimage","url":"https:\/\/fuentesfidedignas.com.mx\/wp-content\/uploads\/2025\/02\/visa_americana.jpg","contentUrl":"https:\/\/fuentesfidedignas.com.mx\/wp-content\/uploads\/2025\/02\/visa_americana.jpg","width":600,"height":403},{"@type":"BreadcrumbList","@id":"https:\/\/fuentesfidedignas.com.mx\/index.php\/2025\/06\/26\/eu-impone-restricciones-de-visa-a-familias-y-colaboradores-de-narcos\/#breadcrumb","itemListElement":[{"@type":"ListItem","position":1,"name":"Inicio","item":"https:\/\/fuentesfidedignas.com.mx\/"},{"@type":"ListItem","position":2,"name":"EU impone restricciones de visa a familias y colaboradores de narcos"}]},{"@type":"WebSite","@id":"https:\/\/fuentesfidedignas.com.mx\/#website","url":"https:\/\/fuentesfidedignas.com.mx\/","name":"Fuentes Fidedignas","description":"Otro sitio realizado con WordPress","publisher":{"@id":"https:\/\/fuentesfidedignas.com.mx\/#organization"},"potentialAction":[{"@type":"SearchAction","target":{"@type":"EntryPoint","urlTemplate":"https:\/\/fuentesfidedignas.com.mx\/?s={search_term_string}"},"query-input":{"@type":"PropertyValueSpecification","valueRequired":true,"valueName":"search_term_string"}}],"inLanguage":"es"},{"@type":"Organization","@id":"https:\/\/fuentesfidedignas.com.mx\/#organization","name":"Fuentes Fidedignas","url":"https:\/\/fuentesfidedignas.com.mx\/","logo":{"@type":"ImageObject","inLanguage":"es","@id":"https:\/\/fuentesfidedignas.com.mx\/#\/schema\/logo\/image\/","url":"https:\/\/fuentesfidedignas.com.mx\/wp-content\/uploads\/2021\/04\/logo-retina.png","contentUrl":"https:\/\/fuentesfidedignas.com.mx\/wp-content\/uploads\/2021\/04\/logo-retina.png","width":280,"height":51,"caption":"Fuentes Fidedignas"},"image":{"@id":"https:\/\/fuentesfidedignas.com.mx\/#\/schema\/logo\/image\/"},"sameAs":["https:\/\/www.facebook.com\/Fuentes-Fidedignas-368234489921644","https:\/\/x.com\/fidedignas"]},{"@type":"Person","@id":"https:\/\/fuentesfidedignas.com.mx\/#\/schema\/person\/0d44615087b5a626d5d3f13afe31ac41","name":"EFE","image":{"@type":"ImageObject","inLanguage":"es","@id":"https:\/\/secure.gravatar.com\/avatar\/7048c2d9b569d9bed55bb53ad23821e6e047aa66338fb6ea9868627bbb9f54e8?s=96&d=mm&r=g","url":"https:\/\/secure.gravatar.com\/avatar\/7048c2d9b569d9bed55bb53ad23821e6e047aa66338fb6ea9868627bbb9f54e8?s=96&d=mm&r=g","contentUrl":"https:\/\/secure.gravatar.com\/avatar\/7048c2d9b569d9bed55bb53ad23821e6e047aa66338fb6ea9868627bbb9f54e8?s=96&d=mm&r=g","caption":"EFE"},"url":"https:\/\/fuentesfidedignas.com.mx\/index.php\/author\/efe\/"}]}},"_links":{"self":[{"href":"https:\/\/fuentesfidedignas.com.mx\/index.php\/wp-json\/wp\/v2\/posts\/111531","targetHints":{"allow":["GET"]}}],"collection":[{"href":"https:\/\/fuentesfidedignas.com.mx\/index.php\/wp-json\/wp\/v2\/posts"}],"about":[{"href":"https:\/\/fuentesfidedignas.com.mx\/index.php\/wp-json\/wp\/v2\/types\/post"}],"author":[{"embeddable":true,"href":"https:\/\/fuentesfidedignas.com.mx\/index.php\/wp-json\/wp\/v2\/users\/22"}],"replies":[{"embeddable":true,"href":"https:\/\/fuentesfidedignas.com.mx\/index.php\/wp-json\/wp\/v2\/comments?post=111531"}],"version-history":[{"count":1,"href":"https:\/\/fuentesfidedignas.com.mx\/index.php\/wp-json\/wp\/v2\/posts\/111531\/revisions"}],"predecessor-version":[{"id":111532,"href":"https:\/\/fuentesfidedignas.com.mx\/index.php\/wp-json\/wp\/v2\/posts\/111531\/revisions\/111532"}],"wp:featuredmedia":[{"embeddable":true,"href":"https:\/\/fuentesfidedignas.com.mx\/index.php\/wp-json\/wp\/v2\/media\/102514"}],"wp:attachment":[{"href":"https:\/\/fuentesfidedignas.com.mx\/index.php\/wp-json\/wp\/v2\/media?parent=111531"}],"wp:term":[{"taxonomy":"category","embeddable":true,"href":"https:\/\/fuentesfidedignas.com.mx\/index.php\/wp-json\/wp\/v2\/categories?post=111531"},{"taxonomy":"post_tag","embeddable":true,"href":"https:\/\/fuentesfidedignas.com.mx\/index.php\/wp-json\/wp\/v2\/tags?post=111531"}],"curies":[{"name":"wp","href":"https:\/\/api.w.org\/{rel}","templated":true}]}}