{"id":111469,"date":"2025-06-26T05:25:00","date_gmt":"2025-06-26T12:25:00","guid":{"rendered":"https:\/\/fuentesfidedignas.com.mx\/?p=111469"},"modified":"2025-06-25T16:35:17","modified_gmt":"2025-06-25T23:35:17","slug":"turista-noruego-es-deportado-de-eu-por-llevar-un-meme-calvo-de-jd-vance-en-su-celular","status":"publish","type":"post","link":"https:\/\/fuentesfidedignas.com.mx\/index.php\/2025\/06\/26\/turista-noruego-es-deportado-de-eu-por-llevar-un-meme-calvo-de-jd-vance-en-su-celular\/","title":{"rendered":"Turista noruego es deportado de EU por llevar un meme calvo de JD Vance en su celular"},"content":{"rendered":"\n<p><strong><em>Un turista noruego fue deportado de EU tras encontrarle un meme de JD Vance calvo en su celular. Las autoridades lo interrogaron y lo enviaron de vuelta a Oslo el mismo d\u00eda.<\/em><\/strong><\/p>\n\n\n\n<p>Un joven noruego de 21 a\u00f1os aprendi\u00f3 por las malas que, al parecer, en Estados Unidos no todos los memes dan risa.<\/p>\n\n\n\n<p>El joven, identificado como Mads Mikkelsen, emocionado por comenzar sus vacaciones en suelo estadounidense, fue detenido en el aeropuerto de Newark, Nueva Jersey, y termin\u00f3 siendo deportado, por tener en su celular un meme de JD Vance con la cabeza calva en forma de huevo.<\/p>\n\n\n\n<blockquote class=\"twitter-tweet\"><p lang=\"en\" dir=\"ltr\">It&#39;s being reported in local Norwegian news that this guy got his USA vacation ruined after border patrol questioned him at the airport and went through his phone and sent him home after finding that picture on it. Deeply unserious country <a href=\"https:\/\/t.co\/29ZYD5uMV5\">pic.twitter.com\/29ZYD5uMV5<\/a><\/p>&mdash; Wild Geerters (@steinkobbe) <a href=\"https:\/\/twitter.com\/steinkobbe\/status\/1937268262800114143?ref_src=twsrc%5Etfw\">June 23, 2025<\/a><\/blockquote> <script async src=\"https:\/\/platform.twitter.com\/widgets.js\" charset=\"utf-8\"><\/script>\n\n\n\n<p>Todo comenz\u00f3 el 11 de junio, cuando Mads aterriz\u00f3 listo para disfrutar del verano estadounidense, sin embargo, sus planes cambiaron radicalmente cuando agentes de inmigraci\u00f3n lo separaron del resto de los pasajeros y lo llevaron a una sala de interrogatorios.<\/p>\n\n\n\n<blockquote class=\"twitter-tweet\"><p lang=\"en\" dir=\"ltr\">\ud83c\uddf3\ud83c\uddf4\ud83c\uddfa\ud83c\uddf8 \ud83d\uded1 A 21-year-old tourist from Norway, Mads Mikkelsen, was refused entry to the United States and deported after U.S. Customs and Border Protection officers at Newark Airport discovered a JD Vance meme on his phone, according to the Daily Mail. <a href=\"https:\/\/t.co\/zXvaj2UE5l\">pic.twitter.com\/zXvaj2UE5l<\/a><\/p>&mdash; NewsGate (@news__gate) <a href=\"https:\/\/twitter.com\/news__gate\/status\/1937575034408902765?ref_src=twsrc%5Etfw\">June 24, 2025<\/a><\/blockquote> <script async src=\"https:\/\/platform.twitter.com\/widgets.js\" charset=\"utf-8\"><\/script>\n\n\n\n<p>Seg\u00fan cont\u00f3 al medio noruego Nordlys, los oficiales de ICE lo cuestionaron sobre tr\u00e1fico de drogas, terrorismo y extremismo pol\u00edtico, todo sin motivo aparente, asegura. La raz\u00f3n de tanto revuelo sali\u00f3 a la luz cuando, tras obligarlo a desbloquear su celular, encontraron la imagen que desat\u00f3 el esc\u00e1ndalo: un meme de JD Vance completamente calvo, con una cabeza tipo huevo.<\/p>\n\n\n\n<p>Este episodio que podr\u00eda tornarse sumamente divertido para muchas personas no lo fue para las autoridades, quienes tomaron el meme como una verdadera amenaza contra Estados Unidos en medio de la ola de censura contra la libertad de expresi\u00f3n que se vive en ese pa\u00eds.<\/p>\n\n\n\n<blockquote class=\"twitter-tweet\"><p lang=\"en\" dir=\"ltr\">BREAKING: A 21-year-old Norwegian tourist, Mads Mikkelsen, claims he was denied entry to the United States and harassed by ICE agents after they discovered a bald JD Vance meme on his phone.<br><br>Don\u2019t you dare share the meme that he was harassed over below: <br><br>\u201cI felt prejudiced,\u2026 <a href=\"https:\/\/t.co\/KpPQ14YPf2\">pic.twitter.com\/KpPQ14YPf2<\/a><\/p>&mdash; Brian Krassenstein (@krassenstein) <a href=\"https:\/\/twitter.com\/krassenstein\/status\/1937623798809002159?ref_src=twsrc%5Etfw\">June 24, 2025<\/a><\/blockquote> <script async src=\"https:\/\/platform.twitter.com\/widgets.js\" charset=\"utf-8\"><\/script>\n\n\n\n<p>Por su parte, eljoven asegura que incluso le advirtieron que si no cooperaba le pod\u00edan caer con una multa de 5.000 d\u00f3lares o cinco a\u00f1os de prisi\u00f3n.<\/p>\n\n\n\n<p>La consecuencia fue inmediata: deportado a Oslo ese mismo d\u00eda, sin ver Times Square ni probar una hamburguesa neoyorquina.<\/p>\n\n\n\n<p>&#8220;Fue una locura, abuso de poder total&#8221;, dijo Mikkelsen. Y aunque ya est\u00e1 de regreso en casa, seguramente ahora pensar\u00e1 dos veces antes de guardar memes pol\u00edticos en su celular.<\/p>\n\n\n\n<p><\/p>\n","protected":false},"excerpt":{"rendered":"<p>Un turista noruego fue deportado de EU tras encontrarle un meme de JD Vance calvo en su celular. Las autoridades lo interrogaron y lo enviaron de vuelta a Oslo el mismo d\u00eda. Un joven noruego de 21 a\u00f1os aprendi\u00f3 por las malas que, al parecer, en Estados Unidos no todos los memes dan risa. El [&hellip;]<\/p>\n","protected":false},"author":7,"featured_media":111470,"comment_status":"open","ping_status":"open","sticky":false,"template":"","format":"standard","meta":{"tdm_status":"","tdm_grid_status":"","footnotes":""},"categories":[40],"tags":[],"class_list":{"0":"post-111469","1":"post","2":"type-post","3":"status-publish","4":"format-standard","5":"has-post-thumbnail","7":"category-las-asombrosas"},"yoast_head":"<!-- This site is optimized with the Yoast SEO plugin v27.5 - https:\/\/yoast.com\/product\/yoast-seo-wordpress\/ -->\n<title>Turista noruego es deportado de EU por llevar un meme calvo de JD Vance en su celular - Fuentes Fidedignas<\/title>\n<meta name=\"robots\" content=\"index, follow, max-snippet:-1, max-image-preview:large, max-video-preview:-1\" \/>\n<link rel=\"canonical\" href=\"https:\/\/fuentesfidedignas.com.mx\/index.php\/2025\/06\/26\/turista-noruego-es-deportado-de-eu-por-llevar-un-meme-calvo-de-jd-vance-en-su-celular\/\" \/>\n<meta property=\"og:locale\" content=\"es_MX\" \/>\n<meta property=\"og:type\" content=\"article\" \/>\n<meta property=\"og:title\" content=\"Turista noruego es deportado de EU por llevar un meme calvo de JD Vance en su celular - Fuentes Fidedignas\" \/>\n<meta property=\"og:description\" content=\"Un turista noruego fue deportado de EU tras encontrarle un meme de JD Vance calvo en su celular. Las autoridades lo interrogaron y lo enviaron de vuelta a Oslo el mismo d\u00eda. Un joven noruego de 21 a\u00f1os aprendi\u00f3 por las malas que, al parecer, en Estados Unidos no todos los memes dan risa. El [&hellip;]\" \/>\n<meta property=\"og:url\" content=\"https:\/\/fuentesfidedignas.com.mx\/index.php\/2025\/06\/26\/turista-noruego-es-deportado-de-eu-por-llevar-un-meme-calvo-de-jd-vance-en-su-celular\/\" \/>\n<meta property=\"og:site_name\" content=\"Fuentes Fidedignas\" \/>\n<meta property=\"article:publisher\" content=\"https:\/\/www.facebook.com\/Fuentes-Fidedignas-368234489921644\" \/>\n<meta property=\"article:published_time\" content=\"2025-06-26T12:25:00+00:00\" \/>\n<meta property=\"og:image\" content=\"https:\/\/fuentesfidedignas.com.mx\/wp-content\/uploads\/2025\/06\/turista_meme.jpg\" \/>\n\t<meta property=\"og:image:width\" content=\"600\" \/>\n\t<meta property=\"og:image:height\" content=\"410\" \/>\n\t<meta property=\"og:image:type\" content=\"image\/jpeg\" \/>\n<meta name=\"author\" content=\"Exc\u00e9lsior\" \/>\n<meta name=\"twitter:card\" content=\"summary_large_image\" \/>\n<meta name=\"twitter:creator\" content=\"@fidedignas\" \/>\n<meta name=\"twitter:site\" content=\"@fidedignas\" \/>\n<meta name=\"twitter:label1\" content=\"Escrito por\" \/>\n\t<meta name=\"twitter:data1\" content=\"Exc\u00e9lsior\" \/>\n\t<meta name=\"twitter:label2\" content=\"Tiempo de lectura\" \/>\n\t<meta name=\"twitter:data2\" content=\"2 minutos\" \/>\n<script type=\"application\/ld+json\" class=\"yoast-schema-graph\">{\"@context\":\"https:\\\/\\\/schema.org\",\"@graph\":[{\"@type\":\"Article\",\"@id\":\"https:\\\/\\\/fuentesfidedignas.com.mx\\\/index.php\\\/2025\\\/06\\\/26\\\/turista-noruego-es-deportado-de-eu-por-llevar-un-meme-calvo-de-jd-vance-en-su-celular\\\/#article\",\"isPartOf\":{\"@id\":\"https:\\\/\\\/fuentesfidedignas.com.mx\\\/index.php\\\/2025\\\/06\\\/26\\\/turista-noruego-es-deportado-de-eu-por-llevar-un-meme-calvo-de-jd-vance-en-su-celular\\\/\"},\"author\":{\"name\":\"Exc\u00e9lsior\",\"@id\":\"https:\\\/\\\/fuentesfidedignas.com.mx\\\/#\\\/schema\\\/person\\\/ec4edd1fbf5efa3e44fce34fe2787780\"},\"headline\":\"Turista noruego es deportado de EU por llevar un meme calvo de JD Vance en su celular\",\"datePublished\":\"2025-06-26T12:25:00+00:00\",\"mainEntityOfPage\":{\"@id\":\"https:\\\/\\\/fuentesfidedignas.com.mx\\\/index.php\\\/2025\\\/06\\\/26\\\/turista-noruego-es-deportado-de-eu-por-llevar-un-meme-calvo-de-jd-vance-en-su-celular\\\/\"},\"wordCount\":512,\"commentCount\":0,\"publisher\":{\"@id\":\"https:\\\/\\\/fuentesfidedignas.com.mx\\\/#organization\"},\"image\":{\"@id\":\"https:\\\/\\\/fuentesfidedignas.com.mx\\\/index.php\\\/2025\\\/06\\\/26\\\/turista-noruego-es-deportado-de-eu-por-llevar-un-meme-calvo-de-jd-vance-en-su-celular\\\/#primaryimage\"},\"thumbnailUrl\":\"https:\\\/\\\/fuentesfidedignas.com.mx\\\/wp-content\\\/uploads\\\/2025\\\/06\\\/turista_meme.jpg\",\"articleSection\":[\"LAS ASOMBROSAS\"],\"inLanguage\":\"es\",\"potentialAction\":[{\"@type\":\"CommentAction\",\"name\":\"Comment\",\"target\":[\"https:\\\/\\\/fuentesfidedignas.com.mx\\\/index.php\\\/2025\\\/06\\\/26\\\/turista-noruego-es-deportado-de-eu-por-llevar-un-meme-calvo-de-jd-vance-en-su-celular\\\/#respond\"]}]},{\"@type\":\"WebPage\",\"@id\":\"https:\\\/\\\/fuentesfidedignas.com.mx\\\/index.php\\\/2025\\\/06\\\/26\\\/turista-noruego-es-deportado-de-eu-por-llevar-un-meme-calvo-de-jd-vance-en-su-celular\\\/\",\"url\":\"https:\\\/\\\/fuentesfidedignas.com.mx\\\/index.php\\\/2025\\\/06\\\/26\\\/turista-noruego-es-deportado-de-eu-por-llevar-un-meme-calvo-de-jd-vance-en-su-celular\\\/\",\"name\":\"Turista noruego es deportado de EU por llevar un meme calvo de JD Vance en su celular - Fuentes Fidedignas\",\"isPartOf\":{\"@id\":\"https:\\\/\\\/fuentesfidedignas.com.mx\\\/#website\"},\"primaryImageOfPage\":{\"@id\":\"https:\\\/\\\/fuentesfidedignas.com.mx\\\/index.php\\\/2025\\\/06\\\/26\\\/turista-noruego-es-deportado-de-eu-por-llevar-un-meme-calvo-de-jd-vance-en-su-celular\\\/#primaryimage\"},\"image\":{\"@id\":\"https:\\\/\\\/fuentesfidedignas.com.mx\\\/index.php\\\/2025\\\/06\\\/26\\\/turista-noruego-es-deportado-de-eu-por-llevar-un-meme-calvo-de-jd-vance-en-su-celular\\\/#primaryimage\"},\"thumbnailUrl\":\"https:\\\/\\\/fuentesfidedignas.com.mx\\\/wp-content\\\/uploads\\\/2025\\\/06\\\/turista_meme.jpg\",\"datePublished\":\"2025-06-26T12:25:00+00:00\",\"breadcrumb\":{\"@id\":\"https:\\\/\\\/fuentesfidedignas.com.mx\\\/index.php\\\/2025\\\/06\\\/26\\\/turista-noruego-es-deportado-de-eu-por-llevar-un-meme-calvo-de-jd-vance-en-su-celular\\\/#breadcrumb\"},\"inLanguage\":\"es\",\"potentialAction\":[{\"@type\":\"ReadAction\",\"target\":[\"https:\\\/\\\/fuentesfidedignas.com.mx\\\/index.php\\\/2025\\\/06\\\/26\\\/turista-noruego-es-deportado-de-eu-por-llevar-un-meme-calvo-de-jd-vance-en-su-celular\\\/\"]}]},{\"@type\":\"ImageObject\",\"inLanguage\":\"es\",\"@id\":\"https:\\\/\\\/fuentesfidedignas.com.mx\\\/index.php\\\/2025\\\/06\\\/26\\\/turista-noruego-es-deportado-de-eu-por-llevar-un-meme-calvo-de-jd-vance-en-su-celular\\\/#primaryimage\",\"url\":\"https:\\\/\\\/fuentesfidedignas.com.mx\\\/wp-content\\\/uploads\\\/2025\\\/06\\\/turista_meme.jpg\",\"contentUrl\":\"https:\\\/\\\/fuentesfidedignas.com.mx\\\/wp-content\\\/uploads\\\/2025\\\/06\\\/turista_meme.jpg\",\"width\":600,\"height\":410},{\"@type\":\"BreadcrumbList\",\"@id\":\"https:\\\/\\\/fuentesfidedignas.com.mx\\\/index.php\\\/2025\\\/06\\\/26\\\/turista-noruego-es-deportado-de-eu-por-llevar-un-meme-calvo-de-jd-vance-en-su-celular\\\/#breadcrumb\",\"itemListElement\":[{\"@type\":\"ListItem\",\"position\":1,\"name\":\"Inicio\",\"item\":\"https:\\\/\\\/fuentesfidedignas.com.mx\\\/\"},{\"@type\":\"ListItem\",\"position\":2,\"name\":\"Turista noruego es deportado de EU por llevar un meme calvo de JD Vance en su celular\"}]},{\"@type\":\"WebSite\",\"@id\":\"https:\\\/\\\/fuentesfidedignas.com.mx\\\/#website\",\"url\":\"https:\\\/\\\/fuentesfidedignas.com.mx\\\/\",\"name\":\"Fuentes Fidedignas\",\"description\":\"Otro sitio realizado con WordPress\",\"publisher\":{\"@id\":\"https:\\\/\\\/fuentesfidedignas.com.mx\\\/#organization\"},\"potentialAction\":[{\"@type\":\"SearchAction\",\"target\":{\"@type\":\"EntryPoint\",\"urlTemplate\":\"https:\\\/\\\/fuentesfidedignas.com.mx\\\/?s={search_term_string}\"},\"query-input\":{\"@type\":\"PropertyValueSpecification\",\"valueRequired\":true,\"valueName\":\"search_term_string\"}}],\"inLanguage\":\"es\"},{\"@type\":\"Organization\",\"@id\":\"https:\\\/\\\/fuentesfidedignas.com.mx\\\/#organization\",\"name\":\"Fuentes Fidedignas\",\"url\":\"https:\\\/\\\/fuentesfidedignas.com.mx\\\/\",\"logo\":{\"@type\":\"ImageObject\",\"inLanguage\":\"es\",\"@id\":\"https:\\\/\\\/fuentesfidedignas.com.mx\\\/#\\\/schema\\\/logo\\\/image\\\/\",\"url\":\"https:\\\/\\\/fuentesfidedignas.com.mx\\\/wp-content\\\/uploads\\\/2021\\\/04\\\/logo-retina.png\",\"contentUrl\":\"https:\\\/\\\/fuentesfidedignas.com.mx\\\/wp-content\\\/uploads\\\/2021\\\/04\\\/logo-retina.png\",\"width\":280,\"height\":51,\"caption\":\"Fuentes Fidedignas\"},\"image\":{\"@id\":\"https:\\\/\\\/fuentesfidedignas.com.mx\\\/#\\\/schema\\\/logo\\\/image\\\/\"},\"sameAs\":[\"https:\\\/\\\/www.facebook.com\\\/Fuentes-Fidedignas-368234489921644\",\"https:\\\/\\\/x.com\\\/fidedignas\"]},{\"@type\":\"Person\",\"@id\":\"https:\\\/\\\/fuentesfidedignas.com.mx\\\/#\\\/schema\\\/person\\\/ec4edd1fbf5efa3e44fce34fe2787780\",\"name\":\"Exc\u00e9lsior\",\"image\":{\"@type\":\"ImageObject\",\"inLanguage\":\"es\",\"@id\":\"https:\\\/\\\/secure.gravatar.com\\\/avatar\\\/4b7ee9206b48be08447852b3f0814dbc7c0f3b51541b164f1464a2725614020b?s=96&d=mm&r=g\",\"url\":\"https:\\\/\\\/secure.gravatar.com\\\/avatar\\\/4b7ee9206b48be08447852b3f0814dbc7c0f3b51541b164f1464a2725614020b?s=96&d=mm&r=g\",\"contentUrl\":\"https:\\\/\\\/secure.gravatar.com\\\/avatar\\\/4b7ee9206b48be08447852b3f0814dbc7c0f3b51541b164f1464a2725614020b?s=96&d=mm&r=g\",\"caption\":\"Exc\u00e9lsior\"},\"url\":\"https:\\\/\\\/fuentesfidedignas.com.mx\\\/index.php\\\/author\\\/excelsior\\\/\"}]}<\/script>\n<!-- \/ Yoast SEO plugin. -->","yoast_head_json":{"title":"Turista noruego es deportado de EU por llevar un meme calvo de JD Vance en su celular - Fuentes Fidedignas","robots":{"index":"index","follow":"follow","max-snippet":"max-snippet:-1","max-image-preview":"max-image-preview:large","max-video-preview":"max-video-preview:-1"},"canonical":"https:\/\/fuentesfidedignas.com.mx\/index.php\/2025\/06\/26\/turista-noruego-es-deportado-de-eu-por-llevar-un-meme-calvo-de-jd-vance-en-su-celular\/","og_locale":"es_MX","og_type":"article","og_title":"Turista noruego es deportado de EU por llevar un meme calvo de JD Vance en su celular - Fuentes Fidedignas","og_description":"Un turista noruego fue deportado de EU tras encontrarle un meme de JD Vance calvo en su celular. Las autoridades lo interrogaron y lo enviaron de vuelta a Oslo el mismo d\u00eda. Un joven noruego de 21 a\u00f1os aprendi\u00f3 por las malas que, al parecer, en Estados Unidos no todos los memes dan risa. El [&hellip;]","og_url":"https:\/\/fuentesfidedignas.com.mx\/index.php\/2025\/06\/26\/turista-noruego-es-deportado-de-eu-por-llevar-un-meme-calvo-de-jd-vance-en-su-celular\/","og_site_name":"Fuentes Fidedignas","article_publisher":"https:\/\/www.facebook.com\/Fuentes-Fidedignas-368234489921644","article_published_time":"2025-06-26T12:25:00+00:00","og_image":[{"width":600,"height":410,"url":"https:\/\/fuentesfidedignas.com.mx\/wp-content\/uploads\/2025\/06\/turista_meme.jpg","type":"image\/jpeg"}],"author":"Exc\u00e9lsior","twitter_card":"summary_large_image","twitter_creator":"@fidedignas","twitter_site":"@fidedignas","twitter_misc":{"Escrito por":"Exc\u00e9lsior","Tiempo de lectura":"2 minutos"},"schema":{"@context":"https:\/\/schema.org","@graph":[{"@type":"Article","@id":"https:\/\/fuentesfidedignas.com.mx\/index.php\/2025\/06\/26\/turista-noruego-es-deportado-de-eu-por-llevar-un-meme-calvo-de-jd-vance-en-su-celular\/#article","isPartOf":{"@id":"https:\/\/fuentesfidedignas.com.mx\/index.php\/2025\/06\/26\/turista-noruego-es-deportado-de-eu-por-llevar-un-meme-calvo-de-jd-vance-en-su-celular\/"},"author":{"name":"Exc\u00e9lsior","@id":"https:\/\/fuentesfidedignas.com.mx\/#\/schema\/person\/ec4edd1fbf5efa3e44fce34fe2787780"},"headline":"Turista noruego es deportado de EU por llevar un meme calvo de JD Vance en su celular","datePublished":"2025-06-26T12:25:00+00:00","mainEntityOfPage":{"@id":"https:\/\/fuentesfidedignas.com.mx\/index.php\/2025\/06\/26\/turista-noruego-es-deportado-de-eu-por-llevar-un-meme-calvo-de-jd-vance-en-su-celular\/"},"wordCount":512,"commentCount":0,"publisher":{"@id":"https:\/\/fuentesfidedignas.com.mx\/#organization"},"image":{"@id":"https:\/\/fuentesfidedignas.com.mx\/index.php\/2025\/06\/26\/turista-noruego-es-deportado-de-eu-por-llevar-un-meme-calvo-de-jd-vance-en-su-celular\/#primaryimage"},"thumbnailUrl":"https:\/\/fuentesfidedignas.com.mx\/wp-content\/uploads\/2025\/06\/turista_meme.jpg","articleSection":["LAS ASOMBROSAS"],"inLanguage":"es","potentialAction":[{"@type":"CommentAction","name":"Comment","target":["https:\/\/fuentesfidedignas.com.mx\/index.php\/2025\/06\/26\/turista-noruego-es-deportado-de-eu-por-llevar-un-meme-calvo-de-jd-vance-en-su-celular\/#respond"]}]},{"@type":"WebPage","@id":"https:\/\/fuentesfidedignas.com.mx\/index.php\/2025\/06\/26\/turista-noruego-es-deportado-de-eu-por-llevar-un-meme-calvo-de-jd-vance-en-su-celular\/","url":"https:\/\/fuentesfidedignas.com.mx\/index.php\/2025\/06\/26\/turista-noruego-es-deportado-de-eu-por-llevar-un-meme-calvo-de-jd-vance-en-su-celular\/","name":"Turista noruego es deportado de EU por llevar un meme calvo de JD Vance en su celular - Fuentes Fidedignas","isPartOf":{"@id":"https:\/\/fuentesfidedignas.com.mx\/#website"},"primaryImageOfPage":{"@id":"https:\/\/fuentesfidedignas.com.mx\/index.php\/2025\/06\/26\/turista-noruego-es-deportado-de-eu-por-llevar-un-meme-calvo-de-jd-vance-en-su-celular\/#primaryimage"},"image":{"@id":"https:\/\/fuentesfidedignas.com.mx\/index.php\/2025\/06\/26\/turista-noruego-es-deportado-de-eu-por-llevar-un-meme-calvo-de-jd-vance-en-su-celular\/#primaryimage"},"thumbnailUrl":"https:\/\/fuentesfidedignas.com.mx\/wp-content\/uploads\/2025\/06\/turista_meme.jpg","datePublished":"2025-06-26T12:25:00+00:00","breadcrumb":{"@id":"https:\/\/fuentesfidedignas.com.mx\/index.php\/2025\/06\/26\/turista-noruego-es-deportado-de-eu-por-llevar-un-meme-calvo-de-jd-vance-en-su-celular\/#breadcrumb"},"inLanguage":"es","potentialAction":[{"@type":"ReadAction","target":["https:\/\/fuentesfidedignas.com.mx\/index.php\/2025\/06\/26\/turista-noruego-es-deportado-de-eu-por-llevar-un-meme-calvo-de-jd-vance-en-su-celular\/"]}]},{"@type":"ImageObject","inLanguage":"es","@id":"https:\/\/fuentesfidedignas.com.mx\/index.php\/2025\/06\/26\/turista-noruego-es-deportado-de-eu-por-llevar-un-meme-calvo-de-jd-vance-en-su-celular\/#primaryimage","url":"https:\/\/fuentesfidedignas.com.mx\/wp-content\/uploads\/2025\/06\/turista_meme.jpg","contentUrl":"https:\/\/fuentesfidedignas.com.mx\/wp-content\/uploads\/2025\/06\/turista_meme.jpg","width":600,"height":410},{"@type":"BreadcrumbList","@id":"https:\/\/fuentesfidedignas.com.mx\/index.php\/2025\/06\/26\/turista-noruego-es-deportado-de-eu-por-llevar-un-meme-calvo-de-jd-vance-en-su-celular\/#breadcrumb","itemListElement":[{"@type":"ListItem","position":1,"name":"Inicio","item":"https:\/\/fuentesfidedignas.com.mx\/"},{"@type":"ListItem","position":2,"name":"Turista noruego es deportado de EU por llevar un meme calvo de JD Vance en su celular"}]},{"@type":"WebSite","@id":"https:\/\/fuentesfidedignas.com.mx\/#website","url":"https:\/\/fuentesfidedignas.com.mx\/","name":"Fuentes Fidedignas","description":"Otro sitio realizado con WordPress","publisher":{"@id":"https:\/\/fuentesfidedignas.com.mx\/#organization"},"potentialAction":[{"@type":"SearchAction","target":{"@type":"EntryPoint","urlTemplate":"https:\/\/fuentesfidedignas.com.mx\/?s={search_term_string}"},"query-input":{"@type":"PropertyValueSpecification","valueRequired":true,"valueName":"search_term_string"}}],"inLanguage":"es"},{"@type":"Organization","@id":"https:\/\/fuentesfidedignas.com.mx\/#organization","name":"Fuentes Fidedignas","url":"https:\/\/fuentesfidedignas.com.mx\/","logo":{"@type":"ImageObject","inLanguage":"es","@id":"https:\/\/fuentesfidedignas.com.mx\/#\/schema\/logo\/image\/","url":"https:\/\/fuentesfidedignas.com.mx\/wp-content\/uploads\/2021\/04\/logo-retina.png","contentUrl":"https:\/\/fuentesfidedignas.com.mx\/wp-content\/uploads\/2021\/04\/logo-retina.png","width":280,"height":51,"caption":"Fuentes Fidedignas"},"image":{"@id":"https:\/\/fuentesfidedignas.com.mx\/#\/schema\/logo\/image\/"},"sameAs":["https:\/\/www.facebook.com\/Fuentes-Fidedignas-368234489921644","https:\/\/x.com\/fidedignas"]},{"@type":"Person","@id":"https:\/\/fuentesfidedignas.com.mx\/#\/schema\/person\/ec4edd1fbf5efa3e44fce34fe2787780","name":"Exc\u00e9lsior","image":{"@type":"ImageObject","inLanguage":"es","@id":"https:\/\/secure.gravatar.com\/avatar\/4b7ee9206b48be08447852b3f0814dbc7c0f3b51541b164f1464a2725614020b?s=96&d=mm&r=g","url":"https:\/\/secure.gravatar.com\/avatar\/4b7ee9206b48be08447852b3f0814dbc7c0f3b51541b164f1464a2725614020b?s=96&d=mm&r=g","contentUrl":"https:\/\/secure.gravatar.com\/avatar\/4b7ee9206b48be08447852b3f0814dbc7c0f3b51541b164f1464a2725614020b?s=96&d=mm&r=g","caption":"Exc\u00e9lsior"},"url":"https:\/\/fuentesfidedignas.com.mx\/index.php\/author\/excelsior\/"}]}},"_links":{"self":[{"href":"https:\/\/fuentesfidedignas.com.mx\/index.php\/wp-json\/wp\/v2\/posts\/111469","targetHints":{"allow":["GET"]}}],"collection":[{"href":"https:\/\/fuentesfidedignas.com.mx\/index.php\/wp-json\/wp\/v2\/posts"}],"about":[{"href":"https:\/\/fuentesfidedignas.com.mx\/index.php\/wp-json\/wp\/v2\/types\/post"}],"author":[{"embeddable":true,"href":"https:\/\/fuentesfidedignas.com.mx\/index.php\/wp-json\/wp\/v2\/users\/7"}],"replies":[{"embeddable":true,"href":"https:\/\/fuentesfidedignas.com.mx\/index.php\/wp-json\/wp\/v2\/comments?post=111469"}],"version-history":[{"count":1,"href":"https:\/\/fuentesfidedignas.com.mx\/index.php\/wp-json\/wp\/v2\/posts\/111469\/revisions"}],"predecessor-version":[{"id":111471,"href":"https:\/\/fuentesfidedignas.com.mx\/index.php\/wp-json\/wp\/v2\/posts\/111469\/revisions\/111471"}],"wp:featuredmedia":[{"embeddable":true,"href":"https:\/\/fuentesfidedignas.com.mx\/index.php\/wp-json\/wp\/v2\/media\/111470"}],"wp:attachment":[{"href":"https:\/\/fuentesfidedignas.com.mx\/index.php\/wp-json\/wp\/v2\/media?parent=111469"}],"wp:term":[{"taxonomy":"category","embeddable":true,"href":"https:\/\/fuentesfidedignas.com.mx\/index.php\/wp-json\/wp\/v2\/categories?post=111469"},{"taxonomy":"post_tag","embeddable":true,"href":"https:\/\/fuentesfidedignas.com.mx\/index.php\/wp-json\/wp\/v2\/tags?post=111469"}],"curies":[{"name":"wp","href":"https:\/\/api.w.org\/{rel}","templated":true}]}}