{"id":111358,"date":"2025-06-24T10:18:25","date_gmt":"2025-06-24T17:18:25","guid":{"rendered":"https:\/\/fuentesfidedignas.com.mx\/?p=111358"},"modified":"2025-06-24T10:20:06","modified_gmt":"2025-06-24T17:20:06","slug":"confirman-detencion-en-zapopan-de-el-8-acusado-de-homicidio-de-elemento-de-la-sspc-en-culiacan","status":"publish","type":"post","link":"https:\/\/fuentesfidedignas.com.mx\/index.php\/2025\/06\/24\/confirman-detencion-en-zapopan-de-el-8-acusado-de-homicidio-de-elemento-de-la-sspc-en-culiacan\/","title":{"rendered":"Confirman detenci\u00f3n en Zapopan de &#8220;El 8&#8221;, acusado de homicidio de elemento de la SSPC en Culiac\u00e1n"},"content":{"rendered":"\n<p><strong><em>El titular de esa instituci\u00f3n, Omar Garc\u00eda Harfuch, confirm\u00f3 hoy que el se\u00f1alado, era jefe operativo y log\u00edstico de Jes\u00fas Alfredo Beltr\u00e1n Guzm\u00e1n, l\u00edder de la agrupaci\u00f3n.<\/em><\/strong><\/p>\n\n\n\n<p>El presunto integrante del C\u00e1rtel de los Beltr\u00e1n Leyva que fue detenido la semana pasada en Zapopan durante un cateo de fuerzas federales, est\u00e1 relacionado con el asesinato de un miembro de la Secretaria de Seguridad y Protecci\u00f3n Ciudadana en Sinaloa.<\/p>\n\n\n\n<p>El titular de esa instituci\u00f3n, Omar Garc\u00eda Harfuch, confirm\u00f3 hoy que el se\u00f1alado, identificado como Irwin &#8220;N&#8221;, alias &#8220;El 8&#8221;, era jefe operativo y log\u00edstico de Jes\u00fas Alfredo Beltr\u00e1n Guzm\u00e1n, l\u00edder de la agrupaci\u00f3n.<\/p>\n\n\n\n<p>&#8220;A este sujeto se le relaciona con el homicidio de un compa\u00f1ero de la Secretaria de Seguridad y Protecci\u00f3n Ciudadana ocurrido en diciembre en Culiac\u00e1n, Sinaloa&#8221;, dijo Garc\u00eda Harfuch en la ma\u00f1anera.<\/p>\n\n\n\n<p>&#8220;El Viejillo&#8221; o &#8220;El Comanche&#8221;, como tambi\u00e9n se le conoce, se encontraba en un domicilio cuando fue capturado con un arma larga y 2 kilos y 100 dosis de coca\u00edna, el 19 de junio.<\/p>\n\n\n\n<p>El costo de la droga ronda los 480 mil pesos.<\/p>\n","protected":false},"excerpt":{"rendered":"<p>El titular de esa instituci\u00f3n, Omar Garc\u00eda Harfuch, confirm\u00f3 hoy que el se\u00f1alado, era jefe operativo y log\u00edstico de Jes\u00fas Alfredo Beltr\u00e1n Guzm\u00e1n, l\u00edder de la agrupaci\u00f3n. El presunto integrante del C\u00e1rtel de los Beltr\u00e1n Leyva que fue detenido la semana pasada en Zapopan durante un cateo de fuerzas federales, est\u00e1 relacionado con el asesinato [&hellip;]<\/p>\n","protected":false},"author":194,"featured_media":111359,"comment_status":"open","ping_status":"open","sticky":false,"template":"","format":"standard","meta":{"tdm_status":"","tdm_grid_status":"","footnotes":""},"categories":[37],"tags":[],"class_list":{"0":"post-111358","1":"post","2":"type-post","3":"status-publish","4":"format-standard","5":"has-post-thumbnail","7":"category-nota-principal"},"yoast_head":"<!-- This site is optimized with the Yoast SEO plugin v27.5 - https:\/\/yoast.com\/product\/yoast-seo-wordpress\/ -->\n<title>Confirman detenci\u00f3n en Zapopan de &quot;El 8&quot;, acusado de homicidio de elemento de la SSPC en Culiac\u00e1n - Fuentes Fidedignas<\/title>\n<meta name=\"robots\" content=\"index, follow, max-snippet:-1, max-image-preview:large, max-video-preview:-1\" \/>\n<link rel=\"canonical\" href=\"https:\/\/fuentesfidedignas.com.mx\/index.php\/2025\/06\/24\/confirman-detencion-en-zapopan-de-el-8-acusado-de-homicidio-de-elemento-de-la-sspc-en-culiacan\/\" \/>\n<meta property=\"og:locale\" content=\"es_MX\" \/>\n<meta property=\"og:type\" content=\"article\" \/>\n<meta property=\"og:title\" content=\"Confirman detenci\u00f3n en Zapopan de &quot;El 8&quot;, acusado de homicidio de elemento de la SSPC en Culiac\u00e1n - Fuentes Fidedignas\" \/>\n<meta property=\"og:description\" content=\"El titular de esa instituci\u00f3n, Omar Garc\u00eda Harfuch, confirm\u00f3 hoy que el se\u00f1alado, era jefe operativo y log\u00edstico de Jes\u00fas Alfredo Beltr\u00e1n Guzm\u00e1n, l\u00edder de la agrupaci\u00f3n. El presunto integrante del C\u00e1rtel de los Beltr\u00e1n Leyva que fue detenido la semana pasada en Zapopan durante un cateo de fuerzas federales, est\u00e1 relacionado con el asesinato [&hellip;]\" \/>\n<meta property=\"og:url\" content=\"https:\/\/fuentesfidedignas.com.mx\/index.php\/2025\/06\/24\/confirman-detencion-en-zapopan-de-el-8-acusado-de-homicidio-de-elemento-de-la-sspc-en-culiacan\/\" \/>\n<meta property=\"og:site_name\" content=\"Fuentes Fidedignas\" \/>\n<meta property=\"article:publisher\" content=\"https:\/\/www.facebook.com\/Fuentes-Fidedignas-368234489921644\" \/>\n<meta property=\"article:published_time\" content=\"2025-06-24T17:18:25+00:00\" \/>\n<meta property=\"article:modified_time\" content=\"2025-06-24T17:20:06+00:00\" \/>\n<meta property=\"og:image\" content=\"https:\/\/fuentesfidedignas.com.mx\/wp-content\/uploads\/2025\/06\/Mochomito_0001.jpg\" \/>\n\t<meta property=\"og:image:width\" content=\"600\" \/>\n\t<meta property=\"og:image:height\" content=\"400\" \/>\n\t<meta property=\"og:image:type\" content=\"image\/jpeg\" \/>\n<meta name=\"author\" content=\"Mural\" \/>\n<meta name=\"twitter:card\" content=\"summary_large_image\" \/>\n<meta name=\"twitter:creator\" content=\"@fidedignas\" \/>\n<meta name=\"twitter:site\" content=\"@fidedignas\" \/>\n<meta name=\"twitter:label1\" content=\"Escrito por\" \/>\n\t<meta name=\"twitter:data1\" content=\"Mural\" \/>\n\t<meta name=\"twitter:label2\" content=\"Tiempo de lectura\" \/>\n\t<meta name=\"twitter:data2\" content=\"2 minutos\" \/>\n<script type=\"application\/ld+json\" class=\"yoast-schema-graph\">{\"@context\":\"https:\\\/\\\/schema.org\",\"@graph\":[{\"@type\":\"Article\",\"@id\":\"https:\\\/\\\/fuentesfidedignas.com.mx\\\/index.php\\\/2025\\\/06\\\/24\\\/confirman-detencion-en-zapopan-de-el-8-acusado-de-homicidio-de-elemento-de-la-sspc-en-culiacan\\\/#article\",\"isPartOf\":{\"@id\":\"https:\\\/\\\/fuentesfidedignas.com.mx\\\/index.php\\\/2025\\\/06\\\/24\\\/confirman-detencion-en-zapopan-de-el-8-acusado-de-homicidio-de-elemento-de-la-sspc-en-culiacan\\\/\"},\"author\":{\"name\":\"Mural\",\"@id\":\"https:\\\/\\\/fuentesfidedignas.com.mx\\\/#\\\/schema\\\/person\\\/98d215057cbadb70419445fc0099ea19\"},\"headline\":\"Confirman detenci\u00f3n en Zapopan de &#8220;El 8&#8221;, acusado de homicidio de elemento de la SSPC en Culiac\u00e1n\",\"datePublished\":\"2025-06-24T17:18:25+00:00\",\"dateModified\":\"2025-06-24T17:20:06+00:00\",\"mainEntityOfPage\":{\"@id\":\"https:\\\/\\\/fuentesfidedignas.com.mx\\\/index.php\\\/2025\\\/06\\\/24\\\/confirman-detencion-en-zapopan-de-el-8-acusado-de-homicidio-de-elemento-de-la-sspc-en-culiacan\\\/\"},\"wordCount\":219,\"commentCount\":0,\"publisher\":{\"@id\":\"https:\\\/\\\/fuentesfidedignas.com.mx\\\/#organization\"},\"image\":{\"@id\":\"https:\\\/\\\/fuentesfidedignas.com.mx\\\/index.php\\\/2025\\\/06\\\/24\\\/confirman-detencion-en-zapopan-de-el-8-acusado-de-homicidio-de-elemento-de-la-sspc-en-culiacan\\\/#primaryimage\"},\"thumbnailUrl\":\"https:\\\/\\\/fuentesfidedignas.com.mx\\\/wp-content\\\/uploads\\\/2025\\\/06\\\/Mochomito_0001.jpg\",\"articleSection\":[\"NOTA PRINCIPAL\"],\"inLanguage\":\"es\",\"potentialAction\":[{\"@type\":\"CommentAction\",\"name\":\"Comment\",\"target\":[\"https:\\\/\\\/fuentesfidedignas.com.mx\\\/index.php\\\/2025\\\/06\\\/24\\\/confirman-detencion-en-zapopan-de-el-8-acusado-de-homicidio-de-elemento-de-la-sspc-en-culiacan\\\/#respond\"]}]},{\"@type\":\"WebPage\",\"@id\":\"https:\\\/\\\/fuentesfidedignas.com.mx\\\/index.php\\\/2025\\\/06\\\/24\\\/confirman-detencion-en-zapopan-de-el-8-acusado-de-homicidio-de-elemento-de-la-sspc-en-culiacan\\\/\",\"url\":\"https:\\\/\\\/fuentesfidedignas.com.mx\\\/index.php\\\/2025\\\/06\\\/24\\\/confirman-detencion-en-zapopan-de-el-8-acusado-de-homicidio-de-elemento-de-la-sspc-en-culiacan\\\/\",\"name\":\"Confirman detenci\u00f3n en Zapopan de \\\"El 8\\\", acusado de homicidio de elemento de la SSPC en Culiac\u00e1n - Fuentes Fidedignas\",\"isPartOf\":{\"@id\":\"https:\\\/\\\/fuentesfidedignas.com.mx\\\/#website\"},\"primaryImageOfPage\":{\"@id\":\"https:\\\/\\\/fuentesfidedignas.com.mx\\\/index.php\\\/2025\\\/06\\\/24\\\/confirman-detencion-en-zapopan-de-el-8-acusado-de-homicidio-de-elemento-de-la-sspc-en-culiacan\\\/#primaryimage\"},\"image\":{\"@id\":\"https:\\\/\\\/fuentesfidedignas.com.mx\\\/index.php\\\/2025\\\/06\\\/24\\\/confirman-detencion-en-zapopan-de-el-8-acusado-de-homicidio-de-elemento-de-la-sspc-en-culiacan\\\/#primaryimage\"},\"thumbnailUrl\":\"https:\\\/\\\/fuentesfidedignas.com.mx\\\/wp-content\\\/uploads\\\/2025\\\/06\\\/Mochomito_0001.jpg\",\"datePublished\":\"2025-06-24T17:18:25+00:00\",\"dateModified\":\"2025-06-24T17:20:06+00:00\",\"breadcrumb\":{\"@id\":\"https:\\\/\\\/fuentesfidedignas.com.mx\\\/index.php\\\/2025\\\/06\\\/24\\\/confirman-detencion-en-zapopan-de-el-8-acusado-de-homicidio-de-elemento-de-la-sspc-en-culiacan\\\/#breadcrumb\"},\"inLanguage\":\"es\",\"potentialAction\":[{\"@type\":\"ReadAction\",\"target\":[\"https:\\\/\\\/fuentesfidedignas.com.mx\\\/index.php\\\/2025\\\/06\\\/24\\\/confirman-detencion-en-zapopan-de-el-8-acusado-de-homicidio-de-elemento-de-la-sspc-en-culiacan\\\/\"]}]},{\"@type\":\"ImageObject\",\"inLanguage\":\"es\",\"@id\":\"https:\\\/\\\/fuentesfidedignas.com.mx\\\/index.php\\\/2025\\\/06\\\/24\\\/confirman-detencion-en-zapopan-de-el-8-acusado-de-homicidio-de-elemento-de-la-sspc-en-culiacan\\\/#primaryimage\",\"url\":\"https:\\\/\\\/fuentesfidedignas.com.mx\\\/wp-content\\\/uploads\\\/2025\\\/06\\\/Mochomito_0001.jpg\",\"contentUrl\":\"https:\\\/\\\/fuentesfidedignas.com.mx\\\/wp-content\\\/uploads\\\/2025\\\/06\\\/Mochomito_0001.jpg\",\"width\":600,\"height\":400},{\"@type\":\"BreadcrumbList\",\"@id\":\"https:\\\/\\\/fuentesfidedignas.com.mx\\\/index.php\\\/2025\\\/06\\\/24\\\/confirman-detencion-en-zapopan-de-el-8-acusado-de-homicidio-de-elemento-de-la-sspc-en-culiacan\\\/#breadcrumb\",\"itemListElement\":[{\"@type\":\"ListItem\",\"position\":1,\"name\":\"Inicio\",\"item\":\"https:\\\/\\\/fuentesfidedignas.com.mx\\\/\"},{\"@type\":\"ListItem\",\"position\":2,\"name\":\"Confirman detenci\u00f3n en Zapopan de &#8220;El 8&#8221;, acusado de homicidio de elemento de la SSPC en Culiac\u00e1n\"}]},{\"@type\":\"WebSite\",\"@id\":\"https:\\\/\\\/fuentesfidedignas.com.mx\\\/#website\",\"url\":\"https:\\\/\\\/fuentesfidedignas.com.mx\\\/\",\"name\":\"Fuentes Fidedignas\",\"description\":\"Otro sitio realizado con WordPress\",\"publisher\":{\"@id\":\"https:\\\/\\\/fuentesfidedignas.com.mx\\\/#organization\"},\"potentialAction\":[{\"@type\":\"SearchAction\",\"target\":{\"@type\":\"EntryPoint\",\"urlTemplate\":\"https:\\\/\\\/fuentesfidedignas.com.mx\\\/?s={search_term_string}\"},\"query-input\":{\"@type\":\"PropertyValueSpecification\",\"valueRequired\":true,\"valueName\":\"search_term_string\"}}],\"inLanguage\":\"es\"},{\"@type\":\"Organization\",\"@id\":\"https:\\\/\\\/fuentesfidedignas.com.mx\\\/#organization\",\"name\":\"Fuentes Fidedignas\",\"url\":\"https:\\\/\\\/fuentesfidedignas.com.mx\\\/\",\"logo\":{\"@type\":\"ImageObject\",\"inLanguage\":\"es\",\"@id\":\"https:\\\/\\\/fuentesfidedignas.com.mx\\\/#\\\/schema\\\/logo\\\/image\\\/\",\"url\":\"https:\\\/\\\/fuentesfidedignas.com.mx\\\/wp-content\\\/uploads\\\/2021\\\/04\\\/logo-retina.png\",\"contentUrl\":\"https:\\\/\\\/fuentesfidedignas.com.mx\\\/wp-content\\\/uploads\\\/2021\\\/04\\\/logo-retina.png\",\"width\":280,\"height\":51,\"caption\":\"Fuentes Fidedignas\"},\"image\":{\"@id\":\"https:\\\/\\\/fuentesfidedignas.com.mx\\\/#\\\/schema\\\/logo\\\/image\\\/\"},\"sameAs\":[\"https:\\\/\\\/www.facebook.com\\\/Fuentes-Fidedignas-368234489921644\",\"https:\\\/\\\/x.com\\\/fidedignas\"]},{\"@type\":\"Person\",\"@id\":\"https:\\\/\\\/fuentesfidedignas.com.mx\\\/#\\\/schema\\\/person\\\/98d215057cbadb70419445fc0099ea19\",\"name\":\"Mural\",\"image\":{\"@type\":\"ImageObject\",\"inLanguage\":\"es\",\"@id\":\"https:\\\/\\\/secure.gravatar.com\\\/avatar\\\/c2ed8832090ec6fc598a6aa88f4d72312eb1e30007cdad3cda2b1c3a7adc942b?s=96&d=mm&r=g\",\"url\":\"https:\\\/\\\/secure.gravatar.com\\\/avatar\\\/c2ed8832090ec6fc598a6aa88f4d72312eb1e30007cdad3cda2b1c3a7adc942b?s=96&d=mm&r=g\",\"contentUrl\":\"https:\\\/\\\/secure.gravatar.com\\\/avatar\\\/c2ed8832090ec6fc598a6aa88f4d72312eb1e30007cdad3cda2b1c3a7adc942b?s=96&d=mm&r=g\",\"caption\":\"Mural\"},\"url\":\"https:\\\/\\\/fuentesfidedignas.com.mx\\\/index.php\\\/author\\\/mural\\\/\"}]}<\/script>\n<!-- \/ Yoast SEO plugin. -->","yoast_head_json":{"title":"Confirman detenci\u00f3n en Zapopan de \"El 8\", acusado de homicidio de elemento de la SSPC en Culiac\u00e1n - Fuentes Fidedignas","robots":{"index":"index","follow":"follow","max-snippet":"max-snippet:-1","max-image-preview":"max-image-preview:large","max-video-preview":"max-video-preview:-1"},"canonical":"https:\/\/fuentesfidedignas.com.mx\/index.php\/2025\/06\/24\/confirman-detencion-en-zapopan-de-el-8-acusado-de-homicidio-de-elemento-de-la-sspc-en-culiacan\/","og_locale":"es_MX","og_type":"article","og_title":"Confirman detenci\u00f3n en Zapopan de \"El 8\", acusado de homicidio de elemento de la SSPC en Culiac\u00e1n - Fuentes Fidedignas","og_description":"El titular de esa instituci\u00f3n, Omar Garc\u00eda Harfuch, confirm\u00f3 hoy que el se\u00f1alado, era jefe operativo y log\u00edstico de Jes\u00fas Alfredo Beltr\u00e1n Guzm\u00e1n, l\u00edder de la agrupaci\u00f3n. El presunto integrante del C\u00e1rtel de los Beltr\u00e1n Leyva que fue detenido la semana pasada en Zapopan durante un cateo de fuerzas federales, est\u00e1 relacionado con el asesinato [&hellip;]","og_url":"https:\/\/fuentesfidedignas.com.mx\/index.php\/2025\/06\/24\/confirman-detencion-en-zapopan-de-el-8-acusado-de-homicidio-de-elemento-de-la-sspc-en-culiacan\/","og_site_name":"Fuentes Fidedignas","article_publisher":"https:\/\/www.facebook.com\/Fuentes-Fidedignas-368234489921644","article_published_time":"2025-06-24T17:18:25+00:00","article_modified_time":"2025-06-24T17:20:06+00:00","og_image":[{"width":600,"height":400,"url":"https:\/\/fuentesfidedignas.com.mx\/wp-content\/uploads\/2025\/06\/Mochomito_0001.jpg","type":"image\/jpeg"}],"author":"Mural","twitter_card":"summary_large_image","twitter_creator":"@fidedignas","twitter_site":"@fidedignas","twitter_misc":{"Escrito por":"Mural","Tiempo de lectura":"2 minutos"},"schema":{"@context":"https:\/\/schema.org","@graph":[{"@type":"Article","@id":"https:\/\/fuentesfidedignas.com.mx\/index.php\/2025\/06\/24\/confirman-detencion-en-zapopan-de-el-8-acusado-de-homicidio-de-elemento-de-la-sspc-en-culiacan\/#article","isPartOf":{"@id":"https:\/\/fuentesfidedignas.com.mx\/index.php\/2025\/06\/24\/confirman-detencion-en-zapopan-de-el-8-acusado-de-homicidio-de-elemento-de-la-sspc-en-culiacan\/"},"author":{"name":"Mural","@id":"https:\/\/fuentesfidedignas.com.mx\/#\/schema\/person\/98d215057cbadb70419445fc0099ea19"},"headline":"Confirman detenci\u00f3n en Zapopan de &#8220;El 8&#8221;, acusado de homicidio de elemento de la SSPC en Culiac\u00e1n","datePublished":"2025-06-24T17:18:25+00:00","dateModified":"2025-06-24T17:20:06+00:00","mainEntityOfPage":{"@id":"https:\/\/fuentesfidedignas.com.mx\/index.php\/2025\/06\/24\/confirman-detencion-en-zapopan-de-el-8-acusado-de-homicidio-de-elemento-de-la-sspc-en-culiacan\/"},"wordCount":219,"commentCount":0,"publisher":{"@id":"https:\/\/fuentesfidedignas.com.mx\/#organization"},"image":{"@id":"https:\/\/fuentesfidedignas.com.mx\/index.php\/2025\/06\/24\/confirman-detencion-en-zapopan-de-el-8-acusado-de-homicidio-de-elemento-de-la-sspc-en-culiacan\/#primaryimage"},"thumbnailUrl":"https:\/\/fuentesfidedignas.com.mx\/wp-content\/uploads\/2025\/06\/Mochomito_0001.jpg","articleSection":["NOTA PRINCIPAL"],"inLanguage":"es","potentialAction":[{"@type":"CommentAction","name":"Comment","target":["https:\/\/fuentesfidedignas.com.mx\/index.php\/2025\/06\/24\/confirman-detencion-en-zapopan-de-el-8-acusado-de-homicidio-de-elemento-de-la-sspc-en-culiacan\/#respond"]}]},{"@type":"WebPage","@id":"https:\/\/fuentesfidedignas.com.mx\/index.php\/2025\/06\/24\/confirman-detencion-en-zapopan-de-el-8-acusado-de-homicidio-de-elemento-de-la-sspc-en-culiacan\/","url":"https:\/\/fuentesfidedignas.com.mx\/index.php\/2025\/06\/24\/confirman-detencion-en-zapopan-de-el-8-acusado-de-homicidio-de-elemento-de-la-sspc-en-culiacan\/","name":"Confirman detenci\u00f3n en Zapopan de \"El 8\", acusado de homicidio de elemento de la SSPC en Culiac\u00e1n - Fuentes Fidedignas","isPartOf":{"@id":"https:\/\/fuentesfidedignas.com.mx\/#website"},"primaryImageOfPage":{"@id":"https:\/\/fuentesfidedignas.com.mx\/index.php\/2025\/06\/24\/confirman-detencion-en-zapopan-de-el-8-acusado-de-homicidio-de-elemento-de-la-sspc-en-culiacan\/#primaryimage"},"image":{"@id":"https:\/\/fuentesfidedignas.com.mx\/index.php\/2025\/06\/24\/confirman-detencion-en-zapopan-de-el-8-acusado-de-homicidio-de-elemento-de-la-sspc-en-culiacan\/#primaryimage"},"thumbnailUrl":"https:\/\/fuentesfidedignas.com.mx\/wp-content\/uploads\/2025\/06\/Mochomito_0001.jpg","datePublished":"2025-06-24T17:18:25+00:00","dateModified":"2025-06-24T17:20:06+00:00","breadcrumb":{"@id":"https:\/\/fuentesfidedignas.com.mx\/index.php\/2025\/06\/24\/confirman-detencion-en-zapopan-de-el-8-acusado-de-homicidio-de-elemento-de-la-sspc-en-culiacan\/#breadcrumb"},"inLanguage":"es","potentialAction":[{"@type":"ReadAction","target":["https:\/\/fuentesfidedignas.com.mx\/index.php\/2025\/06\/24\/confirman-detencion-en-zapopan-de-el-8-acusado-de-homicidio-de-elemento-de-la-sspc-en-culiacan\/"]}]},{"@type":"ImageObject","inLanguage":"es","@id":"https:\/\/fuentesfidedignas.com.mx\/index.php\/2025\/06\/24\/confirman-detencion-en-zapopan-de-el-8-acusado-de-homicidio-de-elemento-de-la-sspc-en-culiacan\/#primaryimage","url":"https:\/\/fuentesfidedignas.com.mx\/wp-content\/uploads\/2025\/06\/Mochomito_0001.jpg","contentUrl":"https:\/\/fuentesfidedignas.com.mx\/wp-content\/uploads\/2025\/06\/Mochomito_0001.jpg","width":600,"height":400},{"@type":"BreadcrumbList","@id":"https:\/\/fuentesfidedignas.com.mx\/index.php\/2025\/06\/24\/confirman-detencion-en-zapopan-de-el-8-acusado-de-homicidio-de-elemento-de-la-sspc-en-culiacan\/#breadcrumb","itemListElement":[{"@type":"ListItem","position":1,"name":"Inicio","item":"https:\/\/fuentesfidedignas.com.mx\/"},{"@type":"ListItem","position":2,"name":"Confirman detenci\u00f3n en Zapopan de &#8220;El 8&#8221;, acusado de homicidio de elemento de la SSPC en Culiac\u00e1n"}]},{"@type":"WebSite","@id":"https:\/\/fuentesfidedignas.com.mx\/#website","url":"https:\/\/fuentesfidedignas.com.mx\/","name":"Fuentes Fidedignas","description":"Otro sitio realizado con WordPress","publisher":{"@id":"https:\/\/fuentesfidedignas.com.mx\/#organization"},"potentialAction":[{"@type":"SearchAction","target":{"@type":"EntryPoint","urlTemplate":"https:\/\/fuentesfidedignas.com.mx\/?s={search_term_string}"},"query-input":{"@type":"PropertyValueSpecification","valueRequired":true,"valueName":"search_term_string"}}],"inLanguage":"es"},{"@type":"Organization","@id":"https:\/\/fuentesfidedignas.com.mx\/#organization","name":"Fuentes Fidedignas","url":"https:\/\/fuentesfidedignas.com.mx\/","logo":{"@type":"ImageObject","inLanguage":"es","@id":"https:\/\/fuentesfidedignas.com.mx\/#\/schema\/logo\/image\/","url":"https:\/\/fuentesfidedignas.com.mx\/wp-content\/uploads\/2021\/04\/logo-retina.png","contentUrl":"https:\/\/fuentesfidedignas.com.mx\/wp-content\/uploads\/2021\/04\/logo-retina.png","width":280,"height":51,"caption":"Fuentes Fidedignas"},"image":{"@id":"https:\/\/fuentesfidedignas.com.mx\/#\/schema\/logo\/image\/"},"sameAs":["https:\/\/www.facebook.com\/Fuentes-Fidedignas-368234489921644","https:\/\/x.com\/fidedignas"]},{"@type":"Person","@id":"https:\/\/fuentesfidedignas.com.mx\/#\/schema\/person\/98d215057cbadb70419445fc0099ea19","name":"Mural","image":{"@type":"ImageObject","inLanguage":"es","@id":"https:\/\/secure.gravatar.com\/avatar\/c2ed8832090ec6fc598a6aa88f4d72312eb1e30007cdad3cda2b1c3a7adc942b?s=96&d=mm&r=g","url":"https:\/\/secure.gravatar.com\/avatar\/c2ed8832090ec6fc598a6aa88f4d72312eb1e30007cdad3cda2b1c3a7adc942b?s=96&d=mm&r=g","contentUrl":"https:\/\/secure.gravatar.com\/avatar\/c2ed8832090ec6fc598a6aa88f4d72312eb1e30007cdad3cda2b1c3a7adc942b?s=96&d=mm&r=g","caption":"Mural"},"url":"https:\/\/fuentesfidedignas.com.mx\/index.php\/author\/mural\/"}]}},"_links":{"self":[{"href":"https:\/\/fuentesfidedignas.com.mx\/index.php\/wp-json\/wp\/v2\/posts\/111358","targetHints":{"allow":["GET"]}}],"collection":[{"href":"https:\/\/fuentesfidedignas.com.mx\/index.php\/wp-json\/wp\/v2\/posts"}],"about":[{"href":"https:\/\/fuentesfidedignas.com.mx\/index.php\/wp-json\/wp\/v2\/types\/post"}],"author":[{"embeddable":true,"href":"https:\/\/fuentesfidedignas.com.mx\/index.php\/wp-json\/wp\/v2\/users\/194"}],"replies":[{"embeddable":true,"href":"https:\/\/fuentesfidedignas.com.mx\/index.php\/wp-json\/wp\/v2\/comments?post=111358"}],"version-history":[{"count":2,"href":"https:\/\/fuentesfidedignas.com.mx\/index.php\/wp-json\/wp\/v2\/posts\/111358\/revisions"}],"predecessor-version":[{"id":111361,"href":"https:\/\/fuentesfidedignas.com.mx\/index.php\/wp-json\/wp\/v2\/posts\/111358\/revisions\/111361"}],"wp:featuredmedia":[{"embeddable":true,"href":"https:\/\/fuentesfidedignas.com.mx\/index.php\/wp-json\/wp\/v2\/media\/111359"}],"wp:attachment":[{"href":"https:\/\/fuentesfidedignas.com.mx\/index.php\/wp-json\/wp\/v2\/media?parent=111358"}],"wp:term":[{"taxonomy":"category","embeddable":true,"href":"https:\/\/fuentesfidedignas.com.mx\/index.php\/wp-json\/wp\/v2\/categories?post=111358"},{"taxonomy":"post_tag","embeddable":true,"href":"https:\/\/fuentesfidedignas.com.mx\/index.php\/wp-json\/wp\/v2\/tags?post=111358"}],"curies":[{"name":"wp","href":"https:\/\/api.w.org\/{rel}","templated":true}]}}