{"id":111316,"date":"2025-06-24T06:18:38","date_gmt":"2025-06-24T13:18:38","guid":{"rendered":"https:\/\/fuentesfidedignas.com.mx\/?p=111316"},"modified":"2025-06-24T06:27:55","modified_gmt":"2025-06-24T13:27:55","slug":"inflacion-se-ubica-en-4-51-durante-la-primera-quincena-de-junio","status":"publish","type":"post","link":"https:\/\/fuentesfidedignas.com.mx\/index.php\/2025\/06\/24\/inflacion-se-ubica-en-4-51-durante-la-primera-quincena-de-junio\/","title":{"rendered":"Inflaci\u00f3n se ubica en 4.51% durante la primera quincena de junio"},"content":{"rendered":"\n<p><\/p>\n\n\n\n<p><strong><em>El Inegi revel\u00f3 que la inflaci\u00f3n general anual en M\u00e9xico se ubic\u00f3 en 4.51 por ciento durante la primera quincena de junio de 2025<\/em><\/strong><\/p>\n\n\n\n<p>El Instituto Nacional de Estad\u00edstica y Geograf\u00eda&nbsp;(<strong>Inegi<\/strong>) revel\u00f3 que la&nbsp;<strong>inflaci\u00f3n general anual<\/strong>&nbsp;en&nbsp;<strong>M\u00e9xico<\/strong>&nbsp;se ubic\u00f3 en 4.51 por ciento durante la&nbsp;<strong>primera quincena de junio<\/strong>.<\/p>\n\n\n\n<p>Con este dato, los precios al consumidor hilaron tres quincenas fuera del objetivo del&nbsp;<strong>Banco de M\u00e9xico<\/strong>(<strong>Banxico<\/strong>).<\/p>\n\n\n\n<figure class=\"wp-block-embed is-type-rich is-provider-twitter wp-block-embed-twitter\"><div class=\"wp-block-embed__wrapper\">\n<blockquote class=\"twitter-tweet\" data-width=\"550\" data-dnt=\"true\"><p lang=\"es\" dir=\"ltr\">En la primera quincena de junio 2025, el \u00cdndice Nacional de Precios al Consumidor <a href=\"https:\/\/twitter.com\/hashtag\/INPC?src=hash&amp;ref_src=twsrc%5Etfw\">#INPC<\/a> present\u00f3 un nivel de 140.292 y represent\u00f3 un aumento de 0.10% respecto a la quincena previa. Con este resultado, la inflaci\u00f3n general anual fue de 4.51%.<br><br>Por componente, la inflaci\u00f3n anual\u2026 <a href=\"https:\/\/t.co\/v3rgnnIBAu\">pic.twitter.com\/v3rgnnIBAu<\/a><\/p>&mdash; INEGI INFORMA (@INEGI_INFORMA) <a href=\"https:\/\/twitter.com\/INEGI_INFORMA\/status\/1937481585462218983?ref_src=twsrc%5Etfw\">June 24, 2025<\/a><\/blockquote><script async src=\"https:\/\/platform.twitter.com\/widgets.js\" charset=\"utf-8\"><\/script>\n<\/div><\/figure>\n\n\n\n<p>En un comunicado, se explic\u00f3 que el \u00cdndice Nacional de Precios al Consumidor (INPC) registr\u00f3 un nivel de 140.292: aument\u00f3 0.10 por ciento respecto a la quincena anterior. En el mismo periodo de 2024, la inflaci\u00f3n quincenal fue de 0.21 % y la anual, de 4.78 por ciento.<\/p>\n\n\n\n<p>El \u00edndice de precios subyacente, considerado un mejor par\u00e1metro para medir la carest\u00eda general porque elimina art\u00edculos de alta volatilidad, increment\u00f3 0.22 por ciento a tasa quincenal. A su interior, los precios de las mercanc\u00edas subieron 0.19 % y los de servicios, 0.25 por ciento.<\/p>\n\n\n\n<p>A tasa quincenal, el<strong>&nbsp;\u00edndice de precios no subyacente<\/strong>disminuy\u00f3 0.29 por ciento. Dentro de este, los precios de frutas y verduras cayeron 1.72 % y los de energ\u00e9ticos, 0.23 por ciento.<\/p>\n\n\n\n<p>En la primera quincena de junio de este a\u00f1o, los productos gen\u00e9ricos cuyas variaciones de precios, al alza y a la baja, destacaron por su incidencia sobre la inflaci\u00f3n general fueron los siguientes: vivienda propia; transporte a\u00e9reo; loncher\u00edas, fondas, torter\u00edas y taquer\u00edas, as\u00ed como carne de res y carne de cerdo, con incrementos en sus precios. En contraste, el jitomate, la papaya, la calabacita y la electricidad disminuyeron sus precios.<\/p>\n\n\n\n<p>El&nbsp;<strong>\u00edndice de precios de la canasta de consumo m\u00ednimo<\/strong>, conformada por 170 productos y servicios, tuvo un alza quincenal de 0.08 y de 4.78 por ciento a tasa anual. En el mismo periodo de 2024, estas variaciones fueron de -0.04 y de 4.35 %, en ese orden.<\/p>\n\n\n\n<p>Los precios al consumidor cerraron en 2024 con una subida del 4.21 por ciento, su menor nivel en cuatro a\u00f1os, tras el 4.66 % de 2023 y el 7.82 por ciento en 2022, el mayor nivel en 22 a\u00f1os y del siglo para un fin de a\u00f1o.<\/p>\n","protected":false},"excerpt":{"rendered":"<p>El Inegi revel\u00f3 que la inflaci\u00f3n general anual en M\u00e9xico se ubic\u00f3 en 4.51 por ciento durante la primera quincena de junio de 2025 El Instituto Nacional de Estad\u00edstica y Geograf\u00eda&nbsp;(Inegi) revel\u00f3 que la&nbsp;inflaci\u00f3n general anual&nbsp;en&nbsp;M\u00e9xico&nbsp;se ubic\u00f3 en 4.51 por ciento durante la&nbsp;primera quincena de junio. Con este dato, los precios al consumidor hilaron tres [&hellip;]<\/p>\n","protected":false},"author":47,"featured_media":91876,"comment_status":"closed","ping_status":"open","sticky":false,"template":"","format":"standard","meta":{"tdm_status":"","tdm_grid_status":"","footnotes":""},"categories":[39],"tags":[],"class_list":{"0":"post-111316","1":"post","2":"type-post","3":"status-publish","4":"format-standard","5":"has-post-thumbnail","7":"category-noticias-nacionales"},"yoast_head":"<!-- This site is optimized with the Yoast SEO plugin v27.4 - https:\/\/yoast.com\/product\/yoast-seo-wordpress\/ -->\n<title>Inflaci\u00f3n se ubica en 4.51% durante la primera quincena de junio - Fuentes Fidedignas<\/title>\n<meta name=\"robots\" content=\"index, follow, max-snippet:-1, max-image-preview:large, max-video-preview:-1\" \/>\n<link rel=\"canonical\" href=\"https:\/\/fuentesfidedignas.com.mx\/index.php\/2025\/06\/24\/inflacion-se-ubica-en-4-51-durante-la-primera-quincena-de-junio\/\" \/>\n<meta property=\"og:locale\" content=\"es_MX\" \/>\n<meta property=\"og:type\" content=\"article\" \/>\n<meta property=\"og:title\" content=\"Inflaci\u00f3n se ubica en 4.51% durante la primera quincena de junio - Fuentes Fidedignas\" \/>\n<meta property=\"og:description\" content=\"El Inegi revel\u00f3 que la inflaci\u00f3n general anual en M\u00e9xico se ubic\u00f3 en 4.51 por ciento durante la primera quincena de junio de 2025 El Instituto Nacional de Estad\u00edstica y Geograf\u00eda&nbsp;(Inegi) revel\u00f3 que la&nbsp;inflaci\u00f3n general anual&nbsp;en&nbsp;M\u00e9xico&nbsp;se ubic\u00f3 en 4.51 por ciento durante la&nbsp;primera quincena de junio. Con este dato, los precios al consumidor hilaron tres [&hellip;]\" \/>\n<meta property=\"og:url\" content=\"https:\/\/fuentesfidedignas.com.mx\/index.php\/2025\/06\/24\/inflacion-se-ubica-en-4-51-durante-la-primera-quincena-de-junio\/\" \/>\n<meta property=\"og:site_name\" content=\"Fuentes Fidedignas\" \/>\n<meta property=\"article:publisher\" content=\"https:\/\/www.facebook.com\/Fuentes-Fidedignas-368234489921644\" \/>\n<meta property=\"article:published_time\" content=\"2025-06-24T13:18:38+00:00\" \/>\n<meta property=\"article:modified_time\" content=\"2025-06-24T13:27:55+00:00\" \/>\n<meta property=\"og:image\" content=\"https:\/\/fuentesfidedignas.com.mx\/wp-content\/uploads\/2024\/09\/inflacion.jpg\" \/>\n\t<meta property=\"og:image:width\" content=\"650\" \/>\n\t<meta property=\"og:image:height\" content=\"366\" \/>\n\t<meta property=\"og:image:type\" content=\"image\/jpeg\" \/>\n<meta name=\"author\" content=\"L\u00f3pez D\u00f3riga\" \/>\n<meta name=\"twitter:card\" content=\"summary_large_image\" \/>\n<meta name=\"twitter:creator\" content=\"@fidedignas\" \/>\n<meta name=\"twitter:site\" content=\"@fidedignas\" \/>\n<meta name=\"twitter:label1\" content=\"Escrito por\" \/>\n\t<meta name=\"twitter:data1\" content=\"L\u00f3pez D\u00f3riga\" \/>\n\t<meta name=\"twitter:label2\" content=\"Tiempo de lectura\" \/>\n\t<meta name=\"twitter:data2\" content=\"2 minutos\" \/>\n<script type=\"application\/ld+json\" class=\"yoast-schema-graph\">{\"@context\":\"https:\\\/\\\/schema.org\",\"@graph\":[{\"@type\":\"Article\",\"@id\":\"https:\\\/\\\/fuentesfidedignas.com.mx\\\/index.php\\\/2025\\\/06\\\/24\\\/inflacion-se-ubica-en-4-51-durante-la-primera-quincena-de-junio\\\/#article\",\"isPartOf\":{\"@id\":\"https:\\\/\\\/fuentesfidedignas.com.mx\\\/index.php\\\/2025\\\/06\\\/24\\\/inflacion-se-ubica-en-4-51-durante-la-primera-quincena-de-junio\\\/\"},\"author\":{\"name\":\"L\u00f3pez D\u00f3riga\",\"@id\":\"https:\\\/\\\/fuentesfidedignas.com.mx\\\/#\\\/schema\\\/person\\\/67d852f0557c8509146a4b9ddebd543a\"},\"headline\":\"Inflaci\u00f3n se ubica en 4.51% durante la primera quincena de junio\",\"datePublished\":\"2025-06-24T13:18:38+00:00\",\"dateModified\":\"2025-06-24T13:27:55+00:00\",\"mainEntityOfPage\":{\"@id\":\"https:\\\/\\\/fuentesfidedignas.com.mx\\\/index.php\\\/2025\\\/06\\\/24\\\/inflacion-se-ubica-en-4-51-durante-la-primera-quincena-de-junio\\\/\"},\"wordCount\":413,\"publisher\":{\"@id\":\"https:\\\/\\\/fuentesfidedignas.com.mx\\\/#organization\"},\"image\":{\"@id\":\"https:\\\/\\\/fuentesfidedignas.com.mx\\\/index.php\\\/2025\\\/06\\\/24\\\/inflacion-se-ubica-en-4-51-durante-la-primera-quincena-de-junio\\\/#primaryimage\"},\"thumbnailUrl\":\"https:\\\/\\\/fuentesfidedignas.com.mx\\\/wp-content\\\/uploads\\\/2024\\\/09\\\/inflacion.jpg\",\"articleSection\":[\"NOTICIAS NACIONALES\"],\"inLanguage\":\"es\"},{\"@type\":\"WebPage\",\"@id\":\"https:\\\/\\\/fuentesfidedignas.com.mx\\\/index.php\\\/2025\\\/06\\\/24\\\/inflacion-se-ubica-en-4-51-durante-la-primera-quincena-de-junio\\\/\",\"url\":\"https:\\\/\\\/fuentesfidedignas.com.mx\\\/index.php\\\/2025\\\/06\\\/24\\\/inflacion-se-ubica-en-4-51-durante-la-primera-quincena-de-junio\\\/\",\"name\":\"Inflaci\u00f3n se ubica en 4.51% durante la primera quincena de junio - Fuentes Fidedignas\",\"isPartOf\":{\"@id\":\"https:\\\/\\\/fuentesfidedignas.com.mx\\\/#website\"},\"primaryImageOfPage\":{\"@id\":\"https:\\\/\\\/fuentesfidedignas.com.mx\\\/index.php\\\/2025\\\/06\\\/24\\\/inflacion-se-ubica-en-4-51-durante-la-primera-quincena-de-junio\\\/#primaryimage\"},\"image\":{\"@id\":\"https:\\\/\\\/fuentesfidedignas.com.mx\\\/index.php\\\/2025\\\/06\\\/24\\\/inflacion-se-ubica-en-4-51-durante-la-primera-quincena-de-junio\\\/#primaryimage\"},\"thumbnailUrl\":\"https:\\\/\\\/fuentesfidedignas.com.mx\\\/wp-content\\\/uploads\\\/2024\\\/09\\\/inflacion.jpg\",\"datePublished\":\"2025-06-24T13:18:38+00:00\",\"dateModified\":\"2025-06-24T13:27:55+00:00\",\"breadcrumb\":{\"@id\":\"https:\\\/\\\/fuentesfidedignas.com.mx\\\/index.php\\\/2025\\\/06\\\/24\\\/inflacion-se-ubica-en-4-51-durante-la-primera-quincena-de-junio\\\/#breadcrumb\"},\"inLanguage\":\"es\",\"potentialAction\":[{\"@type\":\"ReadAction\",\"target\":[\"https:\\\/\\\/fuentesfidedignas.com.mx\\\/index.php\\\/2025\\\/06\\\/24\\\/inflacion-se-ubica-en-4-51-durante-la-primera-quincena-de-junio\\\/\"]}]},{\"@type\":\"ImageObject\",\"inLanguage\":\"es\",\"@id\":\"https:\\\/\\\/fuentesfidedignas.com.mx\\\/index.php\\\/2025\\\/06\\\/24\\\/inflacion-se-ubica-en-4-51-durante-la-primera-quincena-de-junio\\\/#primaryimage\",\"url\":\"https:\\\/\\\/fuentesfidedignas.com.mx\\\/wp-content\\\/uploads\\\/2024\\\/09\\\/inflacion.jpg\",\"contentUrl\":\"https:\\\/\\\/fuentesfidedignas.com.mx\\\/wp-content\\\/uploads\\\/2024\\\/09\\\/inflacion.jpg\",\"width\":650,\"height\":366},{\"@type\":\"BreadcrumbList\",\"@id\":\"https:\\\/\\\/fuentesfidedignas.com.mx\\\/index.php\\\/2025\\\/06\\\/24\\\/inflacion-se-ubica-en-4-51-durante-la-primera-quincena-de-junio\\\/#breadcrumb\",\"itemListElement\":[{\"@type\":\"ListItem\",\"position\":1,\"name\":\"Inicio\",\"item\":\"https:\\\/\\\/fuentesfidedignas.com.mx\\\/\"},{\"@type\":\"ListItem\",\"position\":2,\"name\":\"Inflaci\u00f3n se ubica en 4.51% durante la primera quincena de junio\"}]},{\"@type\":\"WebSite\",\"@id\":\"https:\\\/\\\/fuentesfidedignas.com.mx\\\/#website\",\"url\":\"https:\\\/\\\/fuentesfidedignas.com.mx\\\/\",\"name\":\"Fuentes Fidedignas\",\"description\":\"Otro sitio realizado con WordPress\",\"publisher\":{\"@id\":\"https:\\\/\\\/fuentesfidedignas.com.mx\\\/#organization\"},\"potentialAction\":[{\"@type\":\"SearchAction\",\"target\":{\"@type\":\"EntryPoint\",\"urlTemplate\":\"https:\\\/\\\/fuentesfidedignas.com.mx\\\/?s={search_term_string}\"},\"query-input\":{\"@type\":\"PropertyValueSpecification\",\"valueRequired\":true,\"valueName\":\"search_term_string\"}}],\"inLanguage\":\"es\"},{\"@type\":\"Organization\",\"@id\":\"https:\\\/\\\/fuentesfidedignas.com.mx\\\/#organization\",\"name\":\"Fuentes Fidedignas\",\"url\":\"https:\\\/\\\/fuentesfidedignas.com.mx\\\/\",\"logo\":{\"@type\":\"ImageObject\",\"inLanguage\":\"es\",\"@id\":\"https:\\\/\\\/fuentesfidedignas.com.mx\\\/#\\\/schema\\\/logo\\\/image\\\/\",\"url\":\"https:\\\/\\\/fuentesfidedignas.com.mx\\\/wp-content\\\/uploads\\\/2021\\\/04\\\/logo-retina.png\",\"contentUrl\":\"https:\\\/\\\/fuentesfidedignas.com.mx\\\/wp-content\\\/uploads\\\/2021\\\/04\\\/logo-retina.png\",\"width\":280,\"height\":51,\"caption\":\"Fuentes Fidedignas\"},\"image\":{\"@id\":\"https:\\\/\\\/fuentesfidedignas.com.mx\\\/#\\\/schema\\\/logo\\\/image\\\/\"},\"sameAs\":[\"https:\\\/\\\/www.facebook.com\\\/Fuentes-Fidedignas-368234489921644\",\"https:\\\/\\\/x.com\\\/fidedignas\"]},{\"@type\":\"Person\",\"@id\":\"https:\\\/\\\/fuentesfidedignas.com.mx\\\/#\\\/schema\\\/person\\\/67d852f0557c8509146a4b9ddebd543a\",\"name\":\"L\u00f3pez D\u00f3riga\",\"image\":{\"@type\":\"ImageObject\",\"inLanguage\":\"es\",\"@id\":\"https:\\\/\\\/secure.gravatar.com\\\/avatar\\\/e525b06574ca18b33cded59dfe5778d6c823b9513154eff47da551b0551bdd1e?s=96&d=mm&r=g\",\"url\":\"https:\\\/\\\/secure.gravatar.com\\\/avatar\\\/e525b06574ca18b33cded59dfe5778d6c823b9513154eff47da551b0551bdd1e?s=96&d=mm&r=g\",\"contentUrl\":\"https:\\\/\\\/secure.gravatar.com\\\/avatar\\\/e525b06574ca18b33cded59dfe5778d6c823b9513154eff47da551b0551bdd1e?s=96&d=mm&r=g\",\"caption\":\"L\u00f3pez D\u00f3riga\"},\"url\":\"https:\\\/\\\/fuentesfidedignas.com.mx\\\/index.php\\\/author\\\/doriga\\\/\"}]}<\/script>\n<!-- \/ Yoast SEO plugin. -->","yoast_head_json":{"title":"Inflaci\u00f3n se ubica en 4.51% durante la primera quincena de junio - Fuentes Fidedignas","robots":{"index":"index","follow":"follow","max-snippet":"max-snippet:-1","max-image-preview":"max-image-preview:large","max-video-preview":"max-video-preview:-1"},"canonical":"https:\/\/fuentesfidedignas.com.mx\/index.php\/2025\/06\/24\/inflacion-se-ubica-en-4-51-durante-la-primera-quincena-de-junio\/","og_locale":"es_MX","og_type":"article","og_title":"Inflaci\u00f3n se ubica en 4.51% durante la primera quincena de junio - Fuentes Fidedignas","og_description":"El Inegi revel\u00f3 que la inflaci\u00f3n general anual en M\u00e9xico se ubic\u00f3 en 4.51 por ciento durante la primera quincena de junio de 2025 El Instituto Nacional de Estad\u00edstica y Geograf\u00eda&nbsp;(Inegi) revel\u00f3 que la&nbsp;inflaci\u00f3n general anual&nbsp;en&nbsp;M\u00e9xico&nbsp;se ubic\u00f3 en 4.51 por ciento durante la&nbsp;primera quincena de junio. Con este dato, los precios al consumidor hilaron tres [&hellip;]","og_url":"https:\/\/fuentesfidedignas.com.mx\/index.php\/2025\/06\/24\/inflacion-se-ubica-en-4-51-durante-la-primera-quincena-de-junio\/","og_site_name":"Fuentes Fidedignas","article_publisher":"https:\/\/www.facebook.com\/Fuentes-Fidedignas-368234489921644","article_published_time":"2025-06-24T13:18:38+00:00","article_modified_time":"2025-06-24T13:27:55+00:00","og_image":[{"width":650,"height":366,"url":"https:\/\/fuentesfidedignas.com.mx\/wp-content\/uploads\/2024\/09\/inflacion.jpg","type":"image\/jpeg"}],"author":"L\u00f3pez D\u00f3riga","twitter_card":"summary_large_image","twitter_creator":"@fidedignas","twitter_site":"@fidedignas","twitter_misc":{"Escrito por":"L\u00f3pez D\u00f3riga","Tiempo de lectura":"2 minutos"},"schema":{"@context":"https:\/\/schema.org","@graph":[{"@type":"Article","@id":"https:\/\/fuentesfidedignas.com.mx\/index.php\/2025\/06\/24\/inflacion-se-ubica-en-4-51-durante-la-primera-quincena-de-junio\/#article","isPartOf":{"@id":"https:\/\/fuentesfidedignas.com.mx\/index.php\/2025\/06\/24\/inflacion-se-ubica-en-4-51-durante-la-primera-quincena-de-junio\/"},"author":{"name":"L\u00f3pez D\u00f3riga","@id":"https:\/\/fuentesfidedignas.com.mx\/#\/schema\/person\/67d852f0557c8509146a4b9ddebd543a"},"headline":"Inflaci\u00f3n se ubica en 4.51% durante la primera quincena de junio","datePublished":"2025-06-24T13:18:38+00:00","dateModified":"2025-06-24T13:27:55+00:00","mainEntityOfPage":{"@id":"https:\/\/fuentesfidedignas.com.mx\/index.php\/2025\/06\/24\/inflacion-se-ubica-en-4-51-durante-la-primera-quincena-de-junio\/"},"wordCount":413,"publisher":{"@id":"https:\/\/fuentesfidedignas.com.mx\/#organization"},"image":{"@id":"https:\/\/fuentesfidedignas.com.mx\/index.php\/2025\/06\/24\/inflacion-se-ubica-en-4-51-durante-la-primera-quincena-de-junio\/#primaryimage"},"thumbnailUrl":"https:\/\/fuentesfidedignas.com.mx\/wp-content\/uploads\/2024\/09\/inflacion.jpg","articleSection":["NOTICIAS NACIONALES"],"inLanguage":"es"},{"@type":"WebPage","@id":"https:\/\/fuentesfidedignas.com.mx\/index.php\/2025\/06\/24\/inflacion-se-ubica-en-4-51-durante-la-primera-quincena-de-junio\/","url":"https:\/\/fuentesfidedignas.com.mx\/index.php\/2025\/06\/24\/inflacion-se-ubica-en-4-51-durante-la-primera-quincena-de-junio\/","name":"Inflaci\u00f3n se ubica en 4.51% durante la primera quincena de junio - Fuentes Fidedignas","isPartOf":{"@id":"https:\/\/fuentesfidedignas.com.mx\/#website"},"primaryImageOfPage":{"@id":"https:\/\/fuentesfidedignas.com.mx\/index.php\/2025\/06\/24\/inflacion-se-ubica-en-4-51-durante-la-primera-quincena-de-junio\/#primaryimage"},"image":{"@id":"https:\/\/fuentesfidedignas.com.mx\/index.php\/2025\/06\/24\/inflacion-se-ubica-en-4-51-durante-la-primera-quincena-de-junio\/#primaryimage"},"thumbnailUrl":"https:\/\/fuentesfidedignas.com.mx\/wp-content\/uploads\/2024\/09\/inflacion.jpg","datePublished":"2025-06-24T13:18:38+00:00","dateModified":"2025-06-24T13:27:55+00:00","breadcrumb":{"@id":"https:\/\/fuentesfidedignas.com.mx\/index.php\/2025\/06\/24\/inflacion-se-ubica-en-4-51-durante-la-primera-quincena-de-junio\/#breadcrumb"},"inLanguage":"es","potentialAction":[{"@type":"ReadAction","target":["https:\/\/fuentesfidedignas.com.mx\/index.php\/2025\/06\/24\/inflacion-se-ubica-en-4-51-durante-la-primera-quincena-de-junio\/"]}]},{"@type":"ImageObject","inLanguage":"es","@id":"https:\/\/fuentesfidedignas.com.mx\/index.php\/2025\/06\/24\/inflacion-se-ubica-en-4-51-durante-la-primera-quincena-de-junio\/#primaryimage","url":"https:\/\/fuentesfidedignas.com.mx\/wp-content\/uploads\/2024\/09\/inflacion.jpg","contentUrl":"https:\/\/fuentesfidedignas.com.mx\/wp-content\/uploads\/2024\/09\/inflacion.jpg","width":650,"height":366},{"@type":"BreadcrumbList","@id":"https:\/\/fuentesfidedignas.com.mx\/index.php\/2025\/06\/24\/inflacion-se-ubica-en-4-51-durante-la-primera-quincena-de-junio\/#breadcrumb","itemListElement":[{"@type":"ListItem","position":1,"name":"Inicio","item":"https:\/\/fuentesfidedignas.com.mx\/"},{"@type":"ListItem","position":2,"name":"Inflaci\u00f3n se ubica en 4.51% durante la primera quincena de junio"}]},{"@type":"WebSite","@id":"https:\/\/fuentesfidedignas.com.mx\/#website","url":"https:\/\/fuentesfidedignas.com.mx\/","name":"Fuentes Fidedignas","description":"Otro sitio realizado con WordPress","publisher":{"@id":"https:\/\/fuentesfidedignas.com.mx\/#organization"},"potentialAction":[{"@type":"SearchAction","target":{"@type":"EntryPoint","urlTemplate":"https:\/\/fuentesfidedignas.com.mx\/?s={search_term_string}"},"query-input":{"@type":"PropertyValueSpecification","valueRequired":true,"valueName":"search_term_string"}}],"inLanguage":"es"},{"@type":"Organization","@id":"https:\/\/fuentesfidedignas.com.mx\/#organization","name":"Fuentes Fidedignas","url":"https:\/\/fuentesfidedignas.com.mx\/","logo":{"@type":"ImageObject","inLanguage":"es","@id":"https:\/\/fuentesfidedignas.com.mx\/#\/schema\/logo\/image\/","url":"https:\/\/fuentesfidedignas.com.mx\/wp-content\/uploads\/2021\/04\/logo-retina.png","contentUrl":"https:\/\/fuentesfidedignas.com.mx\/wp-content\/uploads\/2021\/04\/logo-retina.png","width":280,"height":51,"caption":"Fuentes Fidedignas"},"image":{"@id":"https:\/\/fuentesfidedignas.com.mx\/#\/schema\/logo\/image\/"},"sameAs":["https:\/\/www.facebook.com\/Fuentes-Fidedignas-368234489921644","https:\/\/x.com\/fidedignas"]},{"@type":"Person","@id":"https:\/\/fuentesfidedignas.com.mx\/#\/schema\/person\/67d852f0557c8509146a4b9ddebd543a","name":"L\u00f3pez D\u00f3riga","image":{"@type":"ImageObject","inLanguage":"es","@id":"https:\/\/secure.gravatar.com\/avatar\/e525b06574ca18b33cded59dfe5778d6c823b9513154eff47da551b0551bdd1e?s=96&d=mm&r=g","url":"https:\/\/secure.gravatar.com\/avatar\/e525b06574ca18b33cded59dfe5778d6c823b9513154eff47da551b0551bdd1e?s=96&d=mm&r=g","contentUrl":"https:\/\/secure.gravatar.com\/avatar\/e525b06574ca18b33cded59dfe5778d6c823b9513154eff47da551b0551bdd1e?s=96&d=mm&r=g","caption":"L\u00f3pez D\u00f3riga"},"url":"https:\/\/fuentesfidedignas.com.mx\/index.php\/author\/doriga\/"}]}},"_links":{"self":[{"href":"https:\/\/fuentesfidedignas.com.mx\/index.php\/wp-json\/wp\/v2\/posts\/111316","targetHints":{"allow":["GET"]}}],"collection":[{"href":"https:\/\/fuentesfidedignas.com.mx\/index.php\/wp-json\/wp\/v2\/posts"}],"about":[{"href":"https:\/\/fuentesfidedignas.com.mx\/index.php\/wp-json\/wp\/v2\/types\/post"}],"author":[{"embeddable":true,"href":"https:\/\/fuentesfidedignas.com.mx\/index.php\/wp-json\/wp\/v2\/users\/47"}],"replies":[{"embeddable":true,"href":"https:\/\/fuentesfidedignas.com.mx\/index.php\/wp-json\/wp\/v2\/comments?post=111316"}],"version-history":[{"count":2,"href":"https:\/\/fuentesfidedignas.com.mx\/index.php\/wp-json\/wp\/v2\/posts\/111316\/revisions"}],"predecessor-version":[{"id":111321,"href":"https:\/\/fuentesfidedignas.com.mx\/index.php\/wp-json\/wp\/v2\/posts\/111316\/revisions\/111321"}],"wp:featuredmedia":[{"embeddable":true,"href":"https:\/\/fuentesfidedignas.com.mx\/index.php\/wp-json\/wp\/v2\/media\/91876"}],"wp:attachment":[{"href":"https:\/\/fuentesfidedignas.com.mx\/index.php\/wp-json\/wp\/v2\/media?parent=111316"}],"wp:term":[{"taxonomy":"category","embeddable":true,"href":"https:\/\/fuentesfidedignas.com.mx\/index.php\/wp-json\/wp\/v2\/categories?post=111316"},{"taxonomy":"post_tag","embeddable":true,"href":"https:\/\/fuentesfidedignas.com.mx\/index.php\/wp-json\/wp\/v2\/tags?post=111316"}],"curies":[{"name":"wp","href":"https:\/\/api.w.org\/{rel}","templated":true}]}}