{"id":111233,"date":"2025-06-23T05:56:00","date_gmt":"2025-06-23T12:56:00","guid":{"rendered":"https:\/\/fuentesfidedignas.com.mx\/?p=111233"},"modified":"2025-06-22T20:00:19","modified_gmt":"2025-06-23T03:00:19","slug":"descubren-cabeza-colosal-de-marmol-en-una-excavacion-del-centro-de-roma","status":"publish","type":"post","link":"https:\/\/fuentesfidedignas.com.mx\/index.php\/2025\/06\/23\/descubren-cabeza-colosal-de-marmol-en-una-excavacion-del-centro-de-roma\/","title":{"rendered":"Descubren cabeza colosal de m\u00e1rmol en una excavaci\u00f3n del centro de Roma"},"content":{"rendered":"\n<p><strong><em>Los arque\u00f3logos del ayuntamiento romano est\u00e1n ya trabajando para desvelar la identidad o el origen de este gran busto.<\/em><\/strong><\/p>\n\n\n\n<p>El suelo de Roma revel\u00f3 una nueva sorpresa arqueol\u00f3gica: el hallazgo de una cabeza colosal de m\u00e1rmol que ha permanecido enterrada durante siglos en la zona del Foro de Trajano, seg\u00fan anunci\u00f3 este s\u00e1bado el ayuntamiento capitalino.<\/p>\n\n\n\n<p>\u201cRoma nunca deja de asombrar. Bajo nuestros pasos, cada d\u00eda, vive una historia milenaria que sigue emocionando al mundo\u201d, ha declarado en un comunicado el alcalde, Roberto Gualtieri.<\/p>\n\n\n\n<p>El descubrimiento consiste en la escultura de una cabeza en m\u00e1rmol de grandes dimensiones que representa a un hombre con el cabello rizado y una expresi\u00f3n intensa y severa.<\/p>\n\n\n\n<p>Los arque\u00f3logos del ayuntamiento romano est\u00e1n ya trabajando para desvelar la identidad o el origen de este gran busto.<\/p>\n\n\n\n<figure class=\"wp-block-image size-large\"><img decoding=\"async\" width=\"768\" height=\"1024\" src=\"https:\/\/fuentesfidedignas.com.mx\/wp-content\/uploads\/2025\/06\/image-3-4-768x1024.jpg\" alt=\"\" class=\"wp-image-111234\" srcset=\"https:\/\/fuentesfidedignas.com.mx\/wp-content\/uploads\/2025\/06\/image-3-4-768x1024.jpg 768w, https:\/\/fuentesfidedignas.com.mx\/wp-content\/uploads\/2025\/06\/image-3-4-225x300.jpg 225w, https:\/\/fuentesfidedignas.com.mx\/wp-content\/uploads\/2025\/06\/image-3-4-315x420.jpg 315w, https:\/\/fuentesfidedignas.com.mx\/wp-content\/uploads\/2025\/06\/image-3-4-630x840.jpg 630w, https:\/\/fuentesfidedignas.com.mx\/wp-content\/uploads\/2025\/06\/image-3-4-300x400.jpg 300w, https:\/\/fuentesfidedignas.com.mx\/wp-content\/uploads\/2025\/06\/image-3-4-600x800.jpg 600w, https:\/\/fuentesfidedignas.com.mx\/wp-content\/uploads\/2025\/06\/image-3-4-696x928.jpg 696w, https:\/\/fuentesfidedignas.com.mx\/wp-content\/uploads\/2025\/06\/image-3-4-1068x1424.jpg 1068w, https:\/\/fuentesfidedignas.com.mx\/wp-content\/uploads\/2025\/06\/image-3-4.jpg 1152w\" sizes=\"(max-width: 768px) 100vw, 768px\" \/><\/figure>\n\n\n\n<p>La pieza se encontraba enterrada en el Foro construido en el siglo I d.C por el emperador Trajano, en el mismo lugar donde durante el imperio se levantaba el conocido como \u2018Porticus Trisigmentata\u2019, un p\u00f3rtico con enormes columnas de doce metros de altura.<\/p>\n\n\n\n<p>La excavaci\u00f3n responde a las labores para estudiar la V\u00eda Alessandrina, realizada a finales del siglo XVI como avenida entre el \u00e1rea arqueol\u00f3gica del centro de Roma, entre los Foros y la colina del Palatino, a poca distancia de monumentos como el Coliseo.<\/p>\n","protected":false},"excerpt":{"rendered":"<p>Los arque\u00f3logos del ayuntamiento romano est\u00e1n ya trabajando para desvelar la identidad o el origen de este gran busto. El suelo de Roma revel\u00f3 una nueva sorpresa arqueol\u00f3gica: el hallazgo de una cabeza colosal de m\u00e1rmol que ha permanecido enterrada durante siglos en la zona del Foro de Trajano, seg\u00fan anunci\u00f3 este s\u00e1bado el ayuntamiento [&hellip;]<\/p>\n","protected":false},"author":22,"featured_media":111235,"comment_status":"open","ping_status":"open","sticky":false,"template":"","format":"standard","meta":{"tdm_status":"","tdm_grid_status":"","footnotes":""},"categories":[40],"tags":[],"class_list":{"0":"post-111233","1":"post","2":"type-post","3":"status-publish","4":"format-standard","5":"has-post-thumbnail","7":"category-las-asombrosas"},"yoast_head":"<!-- This site is optimized with the Yoast SEO plugin v27.5 - https:\/\/yoast.com\/product\/yoast-seo-wordpress\/ -->\n<title>Descubren cabeza colosal de m\u00e1rmol en una excavaci\u00f3n del centro de Roma - Fuentes Fidedignas<\/title>\n<meta name=\"robots\" content=\"index, follow, max-snippet:-1, max-image-preview:large, max-video-preview:-1\" \/>\n<link rel=\"canonical\" href=\"https:\/\/fuentesfidedignas.com.mx\/index.php\/2025\/06\/23\/descubren-cabeza-colosal-de-marmol-en-una-excavacion-del-centro-de-roma\/\" \/>\n<meta property=\"og:locale\" content=\"es_MX\" \/>\n<meta property=\"og:type\" content=\"article\" \/>\n<meta property=\"og:title\" content=\"Descubren cabeza colosal de m\u00e1rmol en una excavaci\u00f3n del centro de Roma - Fuentes Fidedignas\" \/>\n<meta property=\"og:description\" content=\"Los arque\u00f3logos del ayuntamiento romano est\u00e1n ya trabajando para desvelar la identidad o el origen de este gran busto. El suelo de Roma revel\u00f3 una nueva sorpresa arqueol\u00f3gica: el hallazgo de una cabeza colosal de m\u00e1rmol que ha permanecido enterrada durante siglos en la zona del Foro de Trajano, seg\u00fan anunci\u00f3 este s\u00e1bado el ayuntamiento [&hellip;]\" \/>\n<meta property=\"og:url\" content=\"https:\/\/fuentesfidedignas.com.mx\/index.php\/2025\/06\/23\/descubren-cabeza-colosal-de-marmol-en-una-excavacion-del-centro-de-roma\/\" \/>\n<meta property=\"og:site_name\" content=\"Fuentes Fidedignas\" \/>\n<meta property=\"article:publisher\" content=\"https:\/\/www.facebook.com\/Fuentes-Fidedignas-368234489921644\" \/>\n<meta property=\"article:published_time\" content=\"2025-06-23T12:56:00+00:00\" \/>\n<meta property=\"og:image\" content=\"https:\/\/fuentesfidedignas.com.mx\/wp-content\/uploads\/2025\/06\/roma-cabeza.jpg\" \/>\n\t<meta property=\"og:image:width\" content=\"600\" \/>\n\t<meta property=\"og:image:height\" content=\"375\" \/>\n\t<meta property=\"og:image:type\" content=\"image\/jpeg\" \/>\n<meta name=\"author\" content=\"EFE\" \/>\n<meta name=\"twitter:card\" content=\"summary_large_image\" \/>\n<meta name=\"twitter:creator\" content=\"@fidedignas\" \/>\n<meta name=\"twitter:site\" content=\"@fidedignas\" \/>\n<meta name=\"twitter:label1\" content=\"Escrito por\" \/>\n\t<meta name=\"twitter:data1\" content=\"EFE\" \/>\n\t<meta name=\"twitter:label2\" content=\"Tiempo de lectura\" \/>\n\t<meta name=\"twitter:data2\" content=\"2 minutos\" \/>\n<script type=\"application\/ld+json\" class=\"yoast-schema-graph\">{\"@context\":\"https:\\\/\\\/schema.org\",\"@graph\":[{\"@type\":\"Article\",\"@id\":\"https:\\\/\\\/fuentesfidedignas.com.mx\\\/index.php\\\/2025\\\/06\\\/23\\\/descubren-cabeza-colosal-de-marmol-en-una-excavacion-del-centro-de-roma\\\/#article\",\"isPartOf\":{\"@id\":\"https:\\\/\\\/fuentesfidedignas.com.mx\\\/index.php\\\/2025\\\/06\\\/23\\\/descubren-cabeza-colosal-de-marmol-en-una-excavacion-del-centro-de-roma\\\/\"},\"author\":{\"name\":\"EFE\",\"@id\":\"https:\\\/\\\/fuentesfidedignas.com.mx\\\/#\\\/schema\\\/person\\\/0d44615087b5a626d5d3f13afe31ac41\"},\"headline\":\"Descubren cabeza colosal de m\u00e1rmol en una excavaci\u00f3n del centro de Roma\",\"datePublished\":\"2025-06-23T12:56:00+00:00\",\"mainEntityOfPage\":{\"@id\":\"https:\\\/\\\/fuentesfidedignas.com.mx\\\/index.php\\\/2025\\\/06\\\/23\\\/descubren-cabeza-colosal-de-marmol-en-una-excavacion-del-centro-de-roma\\\/\"},\"wordCount\":248,\"commentCount\":0,\"publisher\":{\"@id\":\"https:\\\/\\\/fuentesfidedignas.com.mx\\\/#organization\"},\"image\":{\"@id\":\"https:\\\/\\\/fuentesfidedignas.com.mx\\\/index.php\\\/2025\\\/06\\\/23\\\/descubren-cabeza-colosal-de-marmol-en-una-excavacion-del-centro-de-roma\\\/#primaryimage\"},\"thumbnailUrl\":\"https:\\\/\\\/fuentesfidedignas.com.mx\\\/wp-content\\\/uploads\\\/2025\\\/06\\\/roma-cabeza.jpg\",\"articleSection\":[\"LAS ASOMBROSAS\"],\"inLanguage\":\"es\",\"potentialAction\":[{\"@type\":\"CommentAction\",\"name\":\"Comment\",\"target\":[\"https:\\\/\\\/fuentesfidedignas.com.mx\\\/index.php\\\/2025\\\/06\\\/23\\\/descubren-cabeza-colosal-de-marmol-en-una-excavacion-del-centro-de-roma\\\/#respond\"]}]},{\"@type\":\"WebPage\",\"@id\":\"https:\\\/\\\/fuentesfidedignas.com.mx\\\/index.php\\\/2025\\\/06\\\/23\\\/descubren-cabeza-colosal-de-marmol-en-una-excavacion-del-centro-de-roma\\\/\",\"url\":\"https:\\\/\\\/fuentesfidedignas.com.mx\\\/index.php\\\/2025\\\/06\\\/23\\\/descubren-cabeza-colosal-de-marmol-en-una-excavacion-del-centro-de-roma\\\/\",\"name\":\"Descubren cabeza colosal de m\u00e1rmol en una excavaci\u00f3n del centro de Roma - Fuentes Fidedignas\",\"isPartOf\":{\"@id\":\"https:\\\/\\\/fuentesfidedignas.com.mx\\\/#website\"},\"primaryImageOfPage\":{\"@id\":\"https:\\\/\\\/fuentesfidedignas.com.mx\\\/index.php\\\/2025\\\/06\\\/23\\\/descubren-cabeza-colosal-de-marmol-en-una-excavacion-del-centro-de-roma\\\/#primaryimage\"},\"image\":{\"@id\":\"https:\\\/\\\/fuentesfidedignas.com.mx\\\/index.php\\\/2025\\\/06\\\/23\\\/descubren-cabeza-colosal-de-marmol-en-una-excavacion-del-centro-de-roma\\\/#primaryimage\"},\"thumbnailUrl\":\"https:\\\/\\\/fuentesfidedignas.com.mx\\\/wp-content\\\/uploads\\\/2025\\\/06\\\/roma-cabeza.jpg\",\"datePublished\":\"2025-06-23T12:56:00+00:00\",\"breadcrumb\":{\"@id\":\"https:\\\/\\\/fuentesfidedignas.com.mx\\\/index.php\\\/2025\\\/06\\\/23\\\/descubren-cabeza-colosal-de-marmol-en-una-excavacion-del-centro-de-roma\\\/#breadcrumb\"},\"inLanguage\":\"es\",\"potentialAction\":[{\"@type\":\"ReadAction\",\"target\":[\"https:\\\/\\\/fuentesfidedignas.com.mx\\\/index.php\\\/2025\\\/06\\\/23\\\/descubren-cabeza-colosal-de-marmol-en-una-excavacion-del-centro-de-roma\\\/\"]}]},{\"@type\":\"ImageObject\",\"inLanguage\":\"es\",\"@id\":\"https:\\\/\\\/fuentesfidedignas.com.mx\\\/index.php\\\/2025\\\/06\\\/23\\\/descubren-cabeza-colosal-de-marmol-en-una-excavacion-del-centro-de-roma\\\/#primaryimage\",\"url\":\"https:\\\/\\\/fuentesfidedignas.com.mx\\\/wp-content\\\/uploads\\\/2025\\\/06\\\/roma-cabeza.jpg\",\"contentUrl\":\"https:\\\/\\\/fuentesfidedignas.com.mx\\\/wp-content\\\/uploads\\\/2025\\\/06\\\/roma-cabeza.jpg\",\"width\":600,\"height\":375},{\"@type\":\"BreadcrumbList\",\"@id\":\"https:\\\/\\\/fuentesfidedignas.com.mx\\\/index.php\\\/2025\\\/06\\\/23\\\/descubren-cabeza-colosal-de-marmol-en-una-excavacion-del-centro-de-roma\\\/#breadcrumb\",\"itemListElement\":[{\"@type\":\"ListItem\",\"position\":1,\"name\":\"Inicio\",\"item\":\"https:\\\/\\\/fuentesfidedignas.com.mx\\\/\"},{\"@type\":\"ListItem\",\"position\":2,\"name\":\"Descubren cabeza colosal de m\u00e1rmol en una excavaci\u00f3n del centro de Roma\"}]},{\"@type\":\"WebSite\",\"@id\":\"https:\\\/\\\/fuentesfidedignas.com.mx\\\/#website\",\"url\":\"https:\\\/\\\/fuentesfidedignas.com.mx\\\/\",\"name\":\"Fuentes Fidedignas\",\"description\":\"Otro sitio realizado con WordPress\",\"publisher\":{\"@id\":\"https:\\\/\\\/fuentesfidedignas.com.mx\\\/#organization\"},\"potentialAction\":[{\"@type\":\"SearchAction\",\"target\":{\"@type\":\"EntryPoint\",\"urlTemplate\":\"https:\\\/\\\/fuentesfidedignas.com.mx\\\/?s={search_term_string}\"},\"query-input\":{\"@type\":\"PropertyValueSpecification\",\"valueRequired\":true,\"valueName\":\"search_term_string\"}}],\"inLanguage\":\"es\"},{\"@type\":\"Organization\",\"@id\":\"https:\\\/\\\/fuentesfidedignas.com.mx\\\/#organization\",\"name\":\"Fuentes Fidedignas\",\"url\":\"https:\\\/\\\/fuentesfidedignas.com.mx\\\/\",\"logo\":{\"@type\":\"ImageObject\",\"inLanguage\":\"es\",\"@id\":\"https:\\\/\\\/fuentesfidedignas.com.mx\\\/#\\\/schema\\\/logo\\\/image\\\/\",\"url\":\"https:\\\/\\\/fuentesfidedignas.com.mx\\\/wp-content\\\/uploads\\\/2021\\\/04\\\/logo-retina.png\",\"contentUrl\":\"https:\\\/\\\/fuentesfidedignas.com.mx\\\/wp-content\\\/uploads\\\/2021\\\/04\\\/logo-retina.png\",\"width\":280,\"height\":51,\"caption\":\"Fuentes Fidedignas\"},\"image\":{\"@id\":\"https:\\\/\\\/fuentesfidedignas.com.mx\\\/#\\\/schema\\\/logo\\\/image\\\/\"},\"sameAs\":[\"https:\\\/\\\/www.facebook.com\\\/Fuentes-Fidedignas-368234489921644\",\"https:\\\/\\\/x.com\\\/fidedignas\"]},{\"@type\":\"Person\",\"@id\":\"https:\\\/\\\/fuentesfidedignas.com.mx\\\/#\\\/schema\\\/person\\\/0d44615087b5a626d5d3f13afe31ac41\",\"name\":\"EFE\",\"image\":{\"@type\":\"ImageObject\",\"inLanguage\":\"es\",\"@id\":\"https:\\\/\\\/secure.gravatar.com\\\/avatar\\\/7048c2d9b569d9bed55bb53ad23821e6e047aa66338fb6ea9868627bbb9f54e8?s=96&d=mm&r=g\",\"url\":\"https:\\\/\\\/secure.gravatar.com\\\/avatar\\\/7048c2d9b569d9bed55bb53ad23821e6e047aa66338fb6ea9868627bbb9f54e8?s=96&d=mm&r=g\",\"contentUrl\":\"https:\\\/\\\/secure.gravatar.com\\\/avatar\\\/7048c2d9b569d9bed55bb53ad23821e6e047aa66338fb6ea9868627bbb9f54e8?s=96&d=mm&r=g\",\"caption\":\"EFE\"},\"url\":\"https:\\\/\\\/fuentesfidedignas.com.mx\\\/index.php\\\/author\\\/efe\\\/\"}]}<\/script>\n<!-- \/ Yoast SEO plugin. -->","yoast_head_json":{"title":"Descubren cabeza colosal de m\u00e1rmol en una excavaci\u00f3n del centro de Roma - Fuentes Fidedignas","robots":{"index":"index","follow":"follow","max-snippet":"max-snippet:-1","max-image-preview":"max-image-preview:large","max-video-preview":"max-video-preview:-1"},"canonical":"https:\/\/fuentesfidedignas.com.mx\/index.php\/2025\/06\/23\/descubren-cabeza-colosal-de-marmol-en-una-excavacion-del-centro-de-roma\/","og_locale":"es_MX","og_type":"article","og_title":"Descubren cabeza colosal de m\u00e1rmol en una excavaci\u00f3n del centro de Roma - Fuentes Fidedignas","og_description":"Los arque\u00f3logos del ayuntamiento romano est\u00e1n ya trabajando para desvelar la identidad o el origen de este gran busto. El suelo de Roma revel\u00f3 una nueva sorpresa arqueol\u00f3gica: el hallazgo de una cabeza colosal de m\u00e1rmol que ha permanecido enterrada durante siglos en la zona del Foro de Trajano, seg\u00fan anunci\u00f3 este s\u00e1bado el ayuntamiento [&hellip;]","og_url":"https:\/\/fuentesfidedignas.com.mx\/index.php\/2025\/06\/23\/descubren-cabeza-colosal-de-marmol-en-una-excavacion-del-centro-de-roma\/","og_site_name":"Fuentes Fidedignas","article_publisher":"https:\/\/www.facebook.com\/Fuentes-Fidedignas-368234489921644","article_published_time":"2025-06-23T12:56:00+00:00","og_image":[{"width":600,"height":375,"url":"https:\/\/fuentesfidedignas.com.mx\/wp-content\/uploads\/2025\/06\/roma-cabeza.jpg","type":"image\/jpeg"}],"author":"EFE","twitter_card":"summary_large_image","twitter_creator":"@fidedignas","twitter_site":"@fidedignas","twitter_misc":{"Escrito por":"EFE","Tiempo de lectura":"2 minutos"},"schema":{"@context":"https:\/\/schema.org","@graph":[{"@type":"Article","@id":"https:\/\/fuentesfidedignas.com.mx\/index.php\/2025\/06\/23\/descubren-cabeza-colosal-de-marmol-en-una-excavacion-del-centro-de-roma\/#article","isPartOf":{"@id":"https:\/\/fuentesfidedignas.com.mx\/index.php\/2025\/06\/23\/descubren-cabeza-colosal-de-marmol-en-una-excavacion-del-centro-de-roma\/"},"author":{"name":"EFE","@id":"https:\/\/fuentesfidedignas.com.mx\/#\/schema\/person\/0d44615087b5a626d5d3f13afe31ac41"},"headline":"Descubren cabeza colosal de m\u00e1rmol en una excavaci\u00f3n del centro de Roma","datePublished":"2025-06-23T12:56:00+00:00","mainEntityOfPage":{"@id":"https:\/\/fuentesfidedignas.com.mx\/index.php\/2025\/06\/23\/descubren-cabeza-colosal-de-marmol-en-una-excavacion-del-centro-de-roma\/"},"wordCount":248,"commentCount":0,"publisher":{"@id":"https:\/\/fuentesfidedignas.com.mx\/#organization"},"image":{"@id":"https:\/\/fuentesfidedignas.com.mx\/index.php\/2025\/06\/23\/descubren-cabeza-colosal-de-marmol-en-una-excavacion-del-centro-de-roma\/#primaryimage"},"thumbnailUrl":"https:\/\/fuentesfidedignas.com.mx\/wp-content\/uploads\/2025\/06\/roma-cabeza.jpg","articleSection":["LAS ASOMBROSAS"],"inLanguage":"es","potentialAction":[{"@type":"CommentAction","name":"Comment","target":["https:\/\/fuentesfidedignas.com.mx\/index.php\/2025\/06\/23\/descubren-cabeza-colosal-de-marmol-en-una-excavacion-del-centro-de-roma\/#respond"]}]},{"@type":"WebPage","@id":"https:\/\/fuentesfidedignas.com.mx\/index.php\/2025\/06\/23\/descubren-cabeza-colosal-de-marmol-en-una-excavacion-del-centro-de-roma\/","url":"https:\/\/fuentesfidedignas.com.mx\/index.php\/2025\/06\/23\/descubren-cabeza-colosal-de-marmol-en-una-excavacion-del-centro-de-roma\/","name":"Descubren cabeza colosal de m\u00e1rmol en una excavaci\u00f3n del centro de Roma - Fuentes Fidedignas","isPartOf":{"@id":"https:\/\/fuentesfidedignas.com.mx\/#website"},"primaryImageOfPage":{"@id":"https:\/\/fuentesfidedignas.com.mx\/index.php\/2025\/06\/23\/descubren-cabeza-colosal-de-marmol-en-una-excavacion-del-centro-de-roma\/#primaryimage"},"image":{"@id":"https:\/\/fuentesfidedignas.com.mx\/index.php\/2025\/06\/23\/descubren-cabeza-colosal-de-marmol-en-una-excavacion-del-centro-de-roma\/#primaryimage"},"thumbnailUrl":"https:\/\/fuentesfidedignas.com.mx\/wp-content\/uploads\/2025\/06\/roma-cabeza.jpg","datePublished":"2025-06-23T12:56:00+00:00","breadcrumb":{"@id":"https:\/\/fuentesfidedignas.com.mx\/index.php\/2025\/06\/23\/descubren-cabeza-colosal-de-marmol-en-una-excavacion-del-centro-de-roma\/#breadcrumb"},"inLanguage":"es","potentialAction":[{"@type":"ReadAction","target":["https:\/\/fuentesfidedignas.com.mx\/index.php\/2025\/06\/23\/descubren-cabeza-colosal-de-marmol-en-una-excavacion-del-centro-de-roma\/"]}]},{"@type":"ImageObject","inLanguage":"es","@id":"https:\/\/fuentesfidedignas.com.mx\/index.php\/2025\/06\/23\/descubren-cabeza-colosal-de-marmol-en-una-excavacion-del-centro-de-roma\/#primaryimage","url":"https:\/\/fuentesfidedignas.com.mx\/wp-content\/uploads\/2025\/06\/roma-cabeza.jpg","contentUrl":"https:\/\/fuentesfidedignas.com.mx\/wp-content\/uploads\/2025\/06\/roma-cabeza.jpg","width":600,"height":375},{"@type":"BreadcrumbList","@id":"https:\/\/fuentesfidedignas.com.mx\/index.php\/2025\/06\/23\/descubren-cabeza-colosal-de-marmol-en-una-excavacion-del-centro-de-roma\/#breadcrumb","itemListElement":[{"@type":"ListItem","position":1,"name":"Inicio","item":"https:\/\/fuentesfidedignas.com.mx\/"},{"@type":"ListItem","position":2,"name":"Descubren cabeza colosal de m\u00e1rmol en una excavaci\u00f3n del centro de Roma"}]},{"@type":"WebSite","@id":"https:\/\/fuentesfidedignas.com.mx\/#website","url":"https:\/\/fuentesfidedignas.com.mx\/","name":"Fuentes Fidedignas","description":"Otro sitio realizado con WordPress","publisher":{"@id":"https:\/\/fuentesfidedignas.com.mx\/#organization"},"potentialAction":[{"@type":"SearchAction","target":{"@type":"EntryPoint","urlTemplate":"https:\/\/fuentesfidedignas.com.mx\/?s={search_term_string}"},"query-input":{"@type":"PropertyValueSpecification","valueRequired":true,"valueName":"search_term_string"}}],"inLanguage":"es"},{"@type":"Organization","@id":"https:\/\/fuentesfidedignas.com.mx\/#organization","name":"Fuentes Fidedignas","url":"https:\/\/fuentesfidedignas.com.mx\/","logo":{"@type":"ImageObject","inLanguage":"es","@id":"https:\/\/fuentesfidedignas.com.mx\/#\/schema\/logo\/image\/","url":"https:\/\/fuentesfidedignas.com.mx\/wp-content\/uploads\/2021\/04\/logo-retina.png","contentUrl":"https:\/\/fuentesfidedignas.com.mx\/wp-content\/uploads\/2021\/04\/logo-retina.png","width":280,"height":51,"caption":"Fuentes Fidedignas"},"image":{"@id":"https:\/\/fuentesfidedignas.com.mx\/#\/schema\/logo\/image\/"},"sameAs":["https:\/\/www.facebook.com\/Fuentes-Fidedignas-368234489921644","https:\/\/x.com\/fidedignas"]},{"@type":"Person","@id":"https:\/\/fuentesfidedignas.com.mx\/#\/schema\/person\/0d44615087b5a626d5d3f13afe31ac41","name":"EFE","image":{"@type":"ImageObject","inLanguage":"es","@id":"https:\/\/secure.gravatar.com\/avatar\/7048c2d9b569d9bed55bb53ad23821e6e047aa66338fb6ea9868627bbb9f54e8?s=96&d=mm&r=g","url":"https:\/\/secure.gravatar.com\/avatar\/7048c2d9b569d9bed55bb53ad23821e6e047aa66338fb6ea9868627bbb9f54e8?s=96&d=mm&r=g","contentUrl":"https:\/\/secure.gravatar.com\/avatar\/7048c2d9b569d9bed55bb53ad23821e6e047aa66338fb6ea9868627bbb9f54e8?s=96&d=mm&r=g","caption":"EFE"},"url":"https:\/\/fuentesfidedignas.com.mx\/index.php\/author\/efe\/"}]}},"_links":{"self":[{"href":"https:\/\/fuentesfidedignas.com.mx\/index.php\/wp-json\/wp\/v2\/posts\/111233","targetHints":{"allow":["GET"]}}],"collection":[{"href":"https:\/\/fuentesfidedignas.com.mx\/index.php\/wp-json\/wp\/v2\/posts"}],"about":[{"href":"https:\/\/fuentesfidedignas.com.mx\/index.php\/wp-json\/wp\/v2\/types\/post"}],"author":[{"embeddable":true,"href":"https:\/\/fuentesfidedignas.com.mx\/index.php\/wp-json\/wp\/v2\/users\/22"}],"replies":[{"embeddable":true,"href":"https:\/\/fuentesfidedignas.com.mx\/index.php\/wp-json\/wp\/v2\/comments?post=111233"}],"version-history":[{"count":1,"href":"https:\/\/fuentesfidedignas.com.mx\/index.php\/wp-json\/wp\/v2\/posts\/111233\/revisions"}],"predecessor-version":[{"id":111236,"href":"https:\/\/fuentesfidedignas.com.mx\/index.php\/wp-json\/wp\/v2\/posts\/111233\/revisions\/111236"}],"wp:featuredmedia":[{"embeddable":true,"href":"https:\/\/fuentesfidedignas.com.mx\/index.php\/wp-json\/wp\/v2\/media\/111235"}],"wp:attachment":[{"href":"https:\/\/fuentesfidedignas.com.mx\/index.php\/wp-json\/wp\/v2\/media?parent=111233"}],"wp:term":[{"taxonomy":"category","embeddable":true,"href":"https:\/\/fuentesfidedignas.com.mx\/index.php\/wp-json\/wp\/v2\/categories?post=111233"},{"taxonomy":"post_tag","embeddable":true,"href":"https:\/\/fuentesfidedignas.com.mx\/index.php\/wp-json\/wp\/v2\/tags?post=111233"}],"curies":[{"name":"wp","href":"https:\/\/api.w.org\/{rel}","templated":true}]}}