{"id":111196,"date":"2025-06-22T10:05:14","date_gmt":"2025-06-22T17:05:14","guid":{"rendered":"https:\/\/fuentesfidedignas.com.mx\/?p=111196"},"modified":"2025-06-22T10:05:18","modified_gmt":"2025-06-22T17:05:18","slug":"el-corredor-del-despojo-guerra-comercio-y-la-reconfiguracion-violenta-del-medio-oriente","status":"publish","type":"post","link":"https:\/\/fuentesfidedignas.com.mx\/index.php\/2025\/06\/22\/el-corredor-del-despojo-guerra-comercio-y-la-reconfiguracion-violenta-del-medio-oriente\/","title":{"rendered":"El corredor del despojo: guerra, comercio y la reconfiguraci\u00f3n violenta del Medio Oriente"},"content":{"rendered":"\n<p>El tablero geopol\u00edtico del siglo XXI ha estallado definitivamente en Medio Oriente. Lo que por d\u00e9cadas fue un conflicto localizado y aparentemente marginal hoy se revela como uno de los principales epicentros de reconfiguraci\u00f3n del orden mundial. El estallido de una guerra directa entre Israel e Ir\u00e1n, con la intervenci\u00f3n militar del ej\u00e9rcito estadounidense, confirma lo que analistas cr\u00edticos han se\u00f1alado por a\u00f1os: el conflicto en Palestina no es un asunto aislado o local, sino el coraz\u00f3n visible de un proyecto mucho m\u00e1s amplio cuyo objetivo es redise\u00f1ar el mapa pol\u00edtico y econ\u00f3mico del Medio Oriente en beneficio de las potencias occidentales. La actual ofensiva de Israel sobre Ir\u00e1n, seguida de una respuesta sostenida por parte de Teher\u00e1n que ha logrado vulnerar la hasta ahora incuestionable C\u00fapula de Hierro israel\u00ed, es la expresi\u00f3n brutal de ese proceso. Lo que antes se discut\u00eda en informes diplom\u00e1ticos y conferencias econ\u00f3micas ha llegado al terreno abierto de la guerra regional.<\/p>\n\n\n\n<figure class=\"wp-block-gallery has-nested-images columns-default is-cropped wp-block-gallery-1 is-layout-flex wp-block-gallery-is-layout-flex\">\n<figure class=\"wp-block-image size-large\"><img decoding=\"async\" width=\"600\" height=\"337\" data-id=\"111205\" src=\"https:\/\/fuentesfidedignas.com.mx\/wp-content\/uploads\/2025\/06\/WhatsApp-Image-2025-06-22-at-9.39.49-AM-1.jpeg\" alt=\"\" class=\"wp-image-111205\" srcset=\"https:\/\/fuentesfidedignas.com.mx\/wp-content\/uploads\/2025\/06\/WhatsApp-Image-2025-06-22-at-9.39.49-AM-1.jpeg 600w, https:\/\/fuentesfidedignas.com.mx\/wp-content\/uploads\/2025\/06\/WhatsApp-Image-2025-06-22-at-9.39.49-AM-1-300x169.jpeg 300w\" sizes=\"(max-width: 600px) 100vw, 600px\" \/><\/figure>\n\n\n\n<figure class=\"wp-block-image size-large\"><img decoding=\"async\" width=\"600\" height=\"406\" data-id=\"111204\" src=\"https:\/\/fuentesfidedignas.com.mx\/wp-content\/uploads\/2025\/06\/WhatsApp-Image-2025-06-22-at-9.39.49-AM.jpeg\" alt=\"\" class=\"wp-image-111204\" srcset=\"https:\/\/fuentesfidedignas.com.mx\/wp-content\/uploads\/2025\/06\/WhatsApp-Image-2025-06-22-at-9.39.49-AM.jpeg 600w, https:\/\/fuentesfidedignas.com.mx\/wp-content\/uploads\/2025\/06\/WhatsApp-Image-2025-06-22-at-9.39.49-AM-300x203.jpeg 300w\" sizes=\"(max-width: 600px) 100vw, 600px\" \/><\/figure>\n<\/figure>\n\n\n\n<p>Estados Unidos, como era de esperarse, ha decidido intervenir directamente, no por solidaridad autom\u00e1tica con Israel, sino por el profundo inter\u00e9s estrat\u00e9gico que representa para sus planes globales consolidar un nuevo orden en la regi\u00f3n.<br>Este proyecto no es improvisado. Desde hace a\u00f1os, Washington y Tel Aviv impulsan la creaci\u00f3n de un nuevo corredor econ\u00f3mico, anunciado formalmente como el Corredor India-Medio Oriente-Europa (IMEC), cuyo prop\u00f3sito es enlazar los grandes polos productivos del sur asi\u00e1tico con Europa a trav\u00e9s de Israel. Bajo la apariencia de un proyecto de infraestructura comercial, el IMEC oculta una l\u00f3gica profundamente geopol\u00edtica: garantizar que el comercio mundial transite por rutas controladas por Estados Unidos y sus aliados, debilitando a sus principales adversarios estrat\u00e9gicos, en especial China, Rusia e Ir\u00e1n. Pero este corredor, presentado como una ruta de paz y prosperidad, necesita despejar del camino a todos aquellos actores que puedan cuestionar o interrumpir su viabilidad. Y es ah\u00ed donde Palestina, Siria, L\u00edbano e Ir\u00e1n se convierten en enemigos objetivos del proyecto. Lo que ocurre hoy en Gaza, Damasco, Beirut y Teher\u00e1n no son episodios inconexos, sino partes articuladas de una estrategia imperial orientada a eliminar cualquier resistencia pol\u00edtica, militar o cultural que pueda obstaculizar el dominio comercial y estrat\u00e9gico de Occidente en la regi\u00f3n.<\/p>\n\n\n<div class=\"wp-block-image\">\n<figure class=\"aligncenter size-full\"><img decoding=\"async\" width=\"600\" height=\"337\" src=\"https:\/\/fuentesfidedignas.com.mx\/wp-content\/uploads\/2025\/06\/WhatsApp-Image-2025-06-22-at-9.39.49-AM-2.jpeg\" alt=\"\" class=\"wp-image-111203\" srcset=\"https:\/\/fuentesfidedignas.com.mx\/wp-content\/uploads\/2025\/06\/WhatsApp-Image-2025-06-22-at-9.39.49-AM-2.jpeg 600w, https:\/\/fuentesfidedignas.com.mx\/wp-content\/uploads\/2025\/06\/WhatsApp-Image-2025-06-22-at-9.39.49-AM-2-300x169.jpeg 300w\" sizes=\"(max-width: 600px) 100vw, 600px\" \/><\/figure>\n<\/div>\n\n\n<p>La guerra abierta contra Ir\u00e1n no es solo una extensi\u00f3n del conflicto palestino-israel\u00ed, sino un salto cualitativo en la din\u00e1mica de confrontaci\u00f3n regional. La vulneraci\u00f3n de la C\u00fapula de Hierro por parte de las fuerzas iran\u00edes ha roto uno de los principales mitos de invulnerabilidad que sosten\u00edan el poder israel\u00ed. Israel, acostumbrado a la guerra asim\u00e9trica contra pueblos ocupados o fuerzas guerrilleras, enfrenta ahora un enemigo estatal, con capacidad tecnol\u00f3gica, misiles bal\u00edsticos de alcance real y una red de alianzas regionales que incluyen a Siria, L\u00edbano y milicias iraqu\u00edes. Lo que antes se resolv\u00eda con ataques quir\u00fargicos o bloqueos diplom\u00e1ticos ha escalado a una guerra regional, con Estados Unidos como actor militar directo, consciente de que el fracaso de Israel en este conflicto representar\u00eda no solo una derrota geoestrat\u00e9gica, sino el debilitamiento definitivo de su proyecto comercial y pol\u00edtico para el Medio Oriente.<\/p>\n\n\n\n<figure class=\"wp-block-gallery has-nested-images columns-default is-cropped wp-block-gallery-2 is-layout-flex wp-block-gallery-is-layout-flex\">\n<figure class=\"wp-block-image size-large\"><img decoding=\"async\" width=\"600\" height=\"400\" data-id=\"111200\" src=\"https:\/\/fuentesfidedignas.com.mx\/wp-content\/uploads\/2025\/06\/WhatsApp-Image-2025-06-22-at-9.39.50-AM-3.jpeg\" alt=\"\" class=\"wp-image-111200\" srcset=\"https:\/\/fuentesfidedignas.com.mx\/wp-content\/uploads\/2025\/06\/WhatsApp-Image-2025-06-22-at-9.39.50-AM-3.jpeg 600w, https:\/\/fuentesfidedignas.com.mx\/wp-content\/uploads\/2025\/06\/WhatsApp-Image-2025-06-22-at-9.39.50-AM-3-300x200.jpeg 300w\" sizes=\"(max-width: 600px) 100vw, 600px\" \/><\/figure>\n\n\n\n<figure class=\"wp-block-image size-large\"><img decoding=\"async\" width=\"600\" height=\"400\" data-id=\"111199\" src=\"https:\/\/fuentesfidedignas.com.mx\/wp-content\/uploads\/2025\/06\/WhatsApp-Image-2025-06-22-at-9.39.50-AM-1.jpeg\" alt=\"\" class=\"wp-image-111199\" srcset=\"https:\/\/fuentesfidedignas.com.mx\/wp-content\/uploads\/2025\/06\/WhatsApp-Image-2025-06-22-at-9.39.50-AM-1.jpeg 600w, https:\/\/fuentesfidedignas.com.mx\/wp-content\/uploads\/2025\/06\/WhatsApp-Image-2025-06-22-at-9.39.50-AM-1-300x200.jpeg 300w\" sizes=\"(max-width: 600px) 100vw, 600px\" \/><\/figure>\n<\/figure>\n\n\n\n<p>Este escenario b\u00e9lico debe ser comprendido dentro del marco de crisis m\u00e1s amplio del orden occidental. Estados Unidos no act\u00faa por iniciativa aislada, sino como respuesta al avance del eje China-Rusia-Ir\u00e1n, el fortalecimiento de los BRICS+ y el surgimiento de proyectos alternativos como la Ruta de la Seda china. El IMEC representa el intento desesperado de Occidente por controlar los corredores de comercio global antes de que el eje euroasi\u00e1tico termine por desplazar al d\u00f3lar como moneda hegem\u00f3nica en el comercio internacional. La diferencia, tr\u00e1gica y brutal, es que mientras China propone rutas comerciales basadas en cooperaci\u00f3n y desarrollo, Occidente impone las suyas a sangre y fuego, desatando guerras abiertas y desplazamientos masivos para limpiar el terreno de cualquier obst\u00e1culo humano o pol\u00edtico.<\/p>\n\n\n\n<p>El papel de Palestina en este tablero es decisivo. No solo como territorio ocupado, sino como s\u00edmbolo de la resistencia global contra el colonialismo moderno. La agresi\u00f3n sistem\u00e1tica contra el pueblo palestino, agravada por las recientes campa\u00f1as de limpieza \u00e9tnica y destrucci\u00f3n total en Gaza, responde a la necesidad estrat\u00e9gica de consolidar un espacio geogr\u00e1fico homog\u00e9neo bajo control israel\u00ed, por donde transiten las rutas comerciales del nuevo orden. La resistencia palestina, por ende, trasciende el \u00e1mbito local para convertirse en un factor geopol\u00edtico de alcance global. En paralelo, Ir\u00e1n emerge como el principal dique de contenci\u00f3n militar contra la expansi\u00f3n israel\u00ed-estadounidense, lo que explica la virulencia con la que ahora es atacado, y el enorme costo pol\u00edtico que Washington est\u00e1 dispuesto a asumir para aplastar ese frente.<\/p>\n\n\n\n<figure class=\"wp-block-gallery has-nested-images columns-default is-cropped wp-block-gallery-3 is-layout-flex wp-block-gallery-is-layout-flex\">\n<figure class=\"wp-block-image size-full\"><img decoding=\"async\" width=\"600\" height=\"337\" data-id=\"111197\" src=\"https:\/\/fuentesfidedignas.com.mx\/wp-content\/uploads\/2025\/06\/WhatsApp-Image-2025-06-22-at-9.39.50-AM-2.jpeg\" alt=\"\" class=\"wp-image-111197\" srcset=\"https:\/\/fuentesfidedignas.com.mx\/wp-content\/uploads\/2025\/06\/WhatsApp-Image-2025-06-22-at-9.39.50-AM-2.jpeg 600w, https:\/\/fuentesfidedignas.com.mx\/wp-content\/uploads\/2025\/06\/WhatsApp-Image-2025-06-22-at-9.39.50-AM-2-300x169.jpeg 300w\" sizes=\"(max-width: 600px) 100vw, 600px\" \/><\/figure>\n\n\n\n<figure class=\"wp-block-image size-large\"><img decoding=\"async\" width=\"600\" height=\"400\" data-id=\"111198\" src=\"https:\/\/fuentesfidedignas.com.mx\/wp-content\/uploads\/2025\/06\/WhatsApp-Image-2025-06-22-at-9.39.50-AM.jpeg\" alt=\"\" class=\"wp-image-111198\" srcset=\"https:\/\/fuentesfidedignas.com.mx\/wp-content\/uploads\/2025\/06\/WhatsApp-Image-2025-06-22-at-9.39.50-AM.jpeg 600w, https:\/\/fuentesfidedignas.com.mx\/wp-content\/uploads\/2025\/06\/WhatsApp-Image-2025-06-22-at-9.39.50-AM-300x200.jpeg 300w\" sizes=\"(max-width: 600px) 100vw, 600px\" \/><\/figure>\n<\/figure>\n\n\n\n<p>El futuro inmediato es incierto, pero una cosa es clara: la guerra por el Nuevo Medio Oriente ya no es una hip\u00f3tesis, es un hecho consumado. El corredor econ\u00f3mico que Washington y Bruselas sue\u00f1an consolidar no ser\u00e1 un camino de desarrollo, sino una ruta pavimentada sobre ruinas, escombros y cad\u00e1veres. El rostro sonriente del comercio internacional oculta el rostro brutal del despojo, la subordinaci\u00f3n y la guerra. La humanidad asiste al nacimiento de un nuevo orden global, no por acuerdos diplom\u00e1ticos o alianzas solidarias, sino bajo la sombra de los misiles, los desplazamientos forzados y la militarizaci\u00f3n absoluta de los territorios. Lo que est\u00e1 en juego ya no es solo el control de una regi\u00f3n, sino la posibilidad misma de construir un futuro distinto al que imponen las l\u00f3gicas imperiales.<\/p>\n","protected":false},"excerpt":{"rendered":"<p>El tablero geopol\u00edtico del siglo XXI ha estallado definitivamente en Medio Oriente. Lo que por d\u00e9cadas fue un conflicto localizado y aparentemente marginal hoy se revela como uno de los principales epicentros de reconfiguraci\u00f3n del orden mundial. El estallido de una guerra directa entre Israel e Ir\u00e1n, con la intervenci\u00f3n militar del ej\u00e9rcito estadounidense, confirma [&hellip;]<\/p>\n","protected":false},"author":146,"featured_media":111201,"comment_status":"open","ping_status":"open","sticky":false,"template":"","format":"standard","meta":{"tdm_status":"","tdm_grid_status":"","footnotes":""},"categories":[3064,3089],"tags":[],"class_list":{"0":"post-111196","1":"post","2":"type-post","3":"status-publish","4":"format-standard","5":"has-post-thumbnail","7":"category-columnas","8":"category-nutriendo-la-mente"},"yoast_head":"<!-- This site is optimized with the Yoast SEO plugin v27.5 - https:\/\/yoast.com\/product\/yoast-seo-wordpress\/ -->\n<title>El corredor del despojo: guerra, comercio y la reconfiguraci\u00f3n violenta del Medio Oriente - Fuentes Fidedignas<\/title>\n<meta name=\"robots\" content=\"index, follow, max-snippet:-1, max-image-preview:large, max-video-preview:-1\" \/>\n<link rel=\"canonical\" href=\"https:\/\/fuentesfidedignas.com.mx\/index.php\/2025\/06\/22\/el-corredor-del-despojo-guerra-comercio-y-la-reconfiguracion-violenta-del-medio-oriente\/\" \/>\n<meta property=\"og:locale\" content=\"es_MX\" \/>\n<meta property=\"og:type\" content=\"article\" \/>\n<meta property=\"og:title\" content=\"El corredor del despojo: guerra, comercio y la reconfiguraci\u00f3n violenta del Medio Oriente - Fuentes Fidedignas\" \/>\n<meta property=\"og:description\" content=\"El tablero geopol\u00edtico del siglo XXI ha estallado definitivamente en Medio Oriente. Lo que por d\u00e9cadas fue un conflicto localizado y aparentemente marginal hoy se revela como uno de los principales epicentros de reconfiguraci\u00f3n del orden mundial. El estallido de una guerra directa entre Israel e Ir\u00e1n, con la intervenci\u00f3n militar del ej\u00e9rcito estadounidense, confirma [&hellip;]\" \/>\n<meta property=\"og:url\" content=\"https:\/\/fuentesfidedignas.com.mx\/index.php\/2025\/06\/22\/el-corredor-del-despojo-guerra-comercio-y-la-reconfiguracion-violenta-del-medio-oriente\/\" \/>\n<meta property=\"og:site_name\" content=\"Fuentes Fidedignas\" \/>\n<meta property=\"article:publisher\" content=\"https:\/\/www.facebook.com\/Fuentes-Fidedignas-368234489921644\" \/>\n<meta property=\"article:published_time\" content=\"2025-06-22T17:05:14+00:00\" \/>\n<meta property=\"article:modified_time\" content=\"2025-06-22T17:05:18+00:00\" \/>\n<meta property=\"og:image\" content=\"https:\/\/fuentesfidedignas.com.mx\/wp-content\/uploads\/2025\/06\/WhatsApp-Image-2025-06-22-at-9.39.50-AM-4.jpeg\" \/>\n\t<meta property=\"og:image:width\" content=\"600\" \/>\n\t<meta property=\"og:image:height\" content=\"337\" \/>\n\t<meta property=\"og:image:type\" content=\"image\/jpeg\" \/>\n<meta name=\"author\" content=\"Mtro. Horacio de Jes\u00fas Malcampo Moreno\" \/>\n<meta name=\"twitter:card\" content=\"summary_large_image\" \/>\n<meta name=\"twitter:creator\" content=\"@fidedignas\" \/>\n<meta name=\"twitter:site\" content=\"@fidedignas\" \/>\n<meta name=\"twitter:label1\" content=\"Escrito por\" \/>\n\t<meta name=\"twitter:data1\" content=\"Mtro. Horacio de Jes\u00fas Malcampo Moreno\" \/>\n\t<meta name=\"twitter:label2\" content=\"Tiempo de lectura\" \/>\n\t<meta name=\"twitter:data2\" content=\"6 minutos\" \/>\n<script type=\"application\/ld+json\" class=\"yoast-schema-graph\">{\"@context\":\"https:\\\/\\\/schema.org\",\"@graph\":[{\"@type\":\"Article\",\"@id\":\"https:\\\/\\\/fuentesfidedignas.com.mx\\\/index.php\\\/2025\\\/06\\\/22\\\/el-corredor-del-despojo-guerra-comercio-y-la-reconfiguracion-violenta-del-medio-oriente\\\/#article\",\"isPartOf\":{\"@id\":\"https:\\\/\\\/fuentesfidedignas.com.mx\\\/index.php\\\/2025\\\/06\\\/22\\\/el-corredor-del-despojo-guerra-comercio-y-la-reconfiguracion-violenta-del-medio-oriente\\\/\"},\"author\":{\"name\":\"Mtro. Horacio de Jes\u00fas Malcampo Moreno\",\"@id\":\"https:\\\/\\\/fuentesfidedignas.com.mx\\\/#\\\/schema\\\/person\\\/3f687c55082c557a647c7836bde45728\"},\"headline\":\"El corredor del despojo: guerra, comercio y la reconfiguraci\u00f3n violenta del Medio Oriente\",\"datePublished\":\"2025-06-22T17:05:14+00:00\",\"dateModified\":\"2025-06-22T17:05:18+00:00\",\"mainEntityOfPage\":{\"@id\":\"https:\\\/\\\/fuentesfidedignas.com.mx\\\/index.php\\\/2025\\\/06\\\/22\\\/el-corredor-del-despojo-guerra-comercio-y-la-reconfiguracion-violenta-del-medio-oriente\\\/\"},\"wordCount\":996,\"commentCount\":0,\"publisher\":{\"@id\":\"https:\\\/\\\/fuentesfidedignas.com.mx\\\/#organization\"},\"image\":{\"@id\":\"https:\\\/\\\/fuentesfidedignas.com.mx\\\/index.php\\\/2025\\\/06\\\/22\\\/el-corredor-del-despojo-guerra-comercio-y-la-reconfiguracion-violenta-del-medio-oriente\\\/#primaryimage\"},\"thumbnailUrl\":\"https:\\\/\\\/fuentesfidedignas.com.mx\\\/wp-content\\\/uploads\\\/2025\\\/06\\\/WhatsApp-Image-2025-06-22-at-9.39.50-AM-4.jpeg\",\"articleSection\":[\"COLUMNAS\",\"NUTRIENDO LA MENTE\"],\"inLanguage\":\"es\",\"potentialAction\":[{\"@type\":\"CommentAction\",\"name\":\"Comment\",\"target\":[\"https:\\\/\\\/fuentesfidedignas.com.mx\\\/index.php\\\/2025\\\/06\\\/22\\\/el-corredor-del-despojo-guerra-comercio-y-la-reconfiguracion-violenta-del-medio-oriente\\\/#respond\"]}]},{\"@type\":\"WebPage\",\"@id\":\"https:\\\/\\\/fuentesfidedignas.com.mx\\\/index.php\\\/2025\\\/06\\\/22\\\/el-corredor-del-despojo-guerra-comercio-y-la-reconfiguracion-violenta-del-medio-oriente\\\/\",\"url\":\"https:\\\/\\\/fuentesfidedignas.com.mx\\\/index.php\\\/2025\\\/06\\\/22\\\/el-corredor-del-despojo-guerra-comercio-y-la-reconfiguracion-violenta-del-medio-oriente\\\/\",\"name\":\"El corredor del despojo: guerra, comercio y la reconfiguraci\u00f3n violenta del Medio Oriente - Fuentes Fidedignas\",\"isPartOf\":{\"@id\":\"https:\\\/\\\/fuentesfidedignas.com.mx\\\/#website\"},\"primaryImageOfPage\":{\"@id\":\"https:\\\/\\\/fuentesfidedignas.com.mx\\\/index.php\\\/2025\\\/06\\\/22\\\/el-corredor-del-despojo-guerra-comercio-y-la-reconfiguracion-violenta-del-medio-oriente\\\/#primaryimage\"},\"image\":{\"@id\":\"https:\\\/\\\/fuentesfidedignas.com.mx\\\/index.php\\\/2025\\\/06\\\/22\\\/el-corredor-del-despojo-guerra-comercio-y-la-reconfiguracion-violenta-del-medio-oriente\\\/#primaryimage\"},\"thumbnailUrl\":\"https:\\\/\\\/fuentesfidedignas.com.mx\\\/wp-content\\\/uploads\\\/2025\\\/06\\\/WhatsApp-Image-2025-06-22-at-9.39.50-AM-4.jpeg\",\"datePublished\":\"2025-06-22T17:05:14+00:00\",\"dateModified\":\"2025-06-22T17:05:18+00:00\",\"breadcrumb\":{\"@id\":\"https:\\\/\\\/fuentesfidedignas.com.mx\\\/index.php\\\/2025\\\/06\\\/22\\\/el-corredor-del-despojo-guerra-comercio-y-la-reconfiguracion-violenta-del-medio-oriente\\\/#breadcrumb\"},\"inLanguage\":\"es\",\"potentialAction\":[{\"@type\":\"ReadAction\",\"target\":[\"https:\\\/\\\/fuentesfidedignas.com.mx\\\/index.php\\\/2025\\\/06\\\/22\\\/el-corredor-del-despojo-guerra-comercio-y-la-reconfiguracion-violenta-del-medio-oriente\\\/\"]}]},{\"@type\":\"ImageObject\",\"inLanguage\":\"es\",\"@id\":\"https:\\\/\\\/fuentesfidedignas.com.mx\\\/index.php\\\/2025\\\/06\\\/22\\\/el-corredor-del-despojo-guerra-comercio-y-la-reconfiguracion-violenta-del-medio-oriente\\\/#primaryimage\",\"url\":\"https:\\\/\\\/fuentesfidedignas.com.mx\\\/wp-content\\\/uploads\\\/2025\\\/06\\\/WhatsApp-Image-2025-06-22-at-9.39.50-AM-4.jpeg\",\"contentUrl\":\"https:\\\/\\\/fuentesfidedignas.com.mx\\\/wp-content\\\/uploads\\\/2025\\\/06\\\/WhatsApp-Image-2025-06-22-at-9.39.50-AM-4.jpeg\",\"width\":600,\"height\":337},{\"@type\":\"BreadcrumbList\",\"@id\":\"https:\\\/\\\/fuentesfidedignas.com.mx\\\/index.php\\\/2025\\\/06\\\/22\\\/el-corredor-del-despojo-guerra-comercio-y-la-reconfiguracion-violenta-del-medio-oriente\\\/#breadcrumb\",\"itemListElement\":[{\"@type\":\"ListItem\",\"position\":1,\"name\":\"Inicio\",\"item\":\"https:\\\/\\\/fuentesfidedignas.com.mx\\\/\"},{\"@type\":\"ListItem\",\"position\":2,\"name\":\"El corredor del despojo: guerra, comercio y la reconfiguraci\u00f3n violenta del Medio Oriente\"}]},{\"@type\":\"WebSite\",\"@id\":\"https:\\\/\\\/fuentesfidedignas.com.mx\\\/#website\",\"url\":\"https:\\\/\\\/fuentesfidedignas.com.mx\\\/\",\"name\":\"Fuentes Fidedignas\",\"description\":\"Otro sitio realizado con WordPress\",\"publisher\":{\"@id\":\"https:\\\/\\\/fuentesfidedignas.com.mx\\\/#organization\"},\"potentialAction\":[{\"@type\":\"SearchAction\",\"target\":{\"@type\":\"EntryPoint\",\"urlTemplate\":\"https:\\\/\\\/fuentesfidedignas.com.mx\\\/?s={search_term_string}\"},\"query-input\":{\"@type\":\"PropertyValueSpecification\",\"valueRequired\":true,\"valueName\":\"search_term_string\"}}],\"inLanguage\":\"es\"},{\"@type\":\"Organization\",\"@id\":\"https:\\\/\\\/fuentesfidedignas.com.mx\\\/#organization\",\"name\":\"Fuentes Fidedignas\",\"url\":\"https:\\\/\\\/fuentesfidedignas.com.mx\\\/\",\"logo\":{\"@type\":\"ImageObject\",\"inLanguage\":\"es\",\"@id\":\"https:\\\/\\\/fuentesfidedignas.com.mx\\\/#\\\/schema\\\/logo\\\/image\\\/\",\"url\":\"https:\\\/\\\/fuentesfidedignas.com.mx\\\/wp-content\\\/uploads\\\/2021\\\/04\\\/logo-retina.png\",\"contentUrl\":\"https:\\\/\\\/fuentesfidedignas.com.mx\\\/wp-content\\\/uploads\\\/2021\\\/04\\\/logo-retina.png\",\"width\":280,\"height\":51,\"caption\":\"Fuentes Fidedignas\"},\"image\":{\"@id\":\"https:\\\/\\\/fuentesfidedignas.com.mx\\\/#\\\/schema\\\/logo\\\/image\\\/\"},\"sameAs\":[\"https:\\\/\\\/www.facebook.com\\\/Fuentes-Fidedignas-368234489921644\",\"https:\\\/\\\/x.com\\\/fidedignas\"]},{\"@type\":\"Person\",\"@id\":\"https:\\\/\\\/fuentesfidedignas.com.mx\\\/#\\\/schema\\\/person\\\/3f687c55082c557a647c7836bde45728\",\"name\":\"Mtro. Horacio de Jes\u00fas Malcampo Moreno\",\"image\":{\"@type\":\"ImageObject\",\"inLanguage\":\"es\",\"@id\":\"https:\\\/\\\/secure.gravatar.com\\\/avatar\\\/21fd667a5b9de079d383e44390566d4c728a6ce47b9b5e8419c61f1b793461ac?s=96&d=mm&r=g\",\"url\":\"https:\\\/\\\/secure.gravatar.com\\\/avatar\\\/21fd667a5b9de079d383e44390566d4c728a6ce47b9b5e8419c61f1b793461ac?s=96&d=mm&r=g\",\"contentUrl\":\"https:\\\/\\\/secure.gravatar.com\\\/avatar\\\/21fd667a5b9de079d383e44390566d4c728a6ce47b9b5e8419c61f1b793461ac?s=96&d=mm&r=g\",\"caption\":\"Mtro. Horacio de Jes\u00fas Malcampo Moreno\"},\"url\":\"https:\\\/\\\/fuentesfidedignas.com.mx\\\/index.php\\\/author\\\/horacio\\\/\"}]}<\/script>\n<!-- \/ Yoast SEO plugin. -->","yoast_head_json":{"title":"El corredor del despojo: guerra, comercio y la reconfiguraci\u00f3n violenta del Medio Oriente - Fuentes Fidedignas","robots":{"index":"index","follow":"follow","max-snippet":"max-snippet:-1","max-image-preview":"max-image-preview:large","max-video-preview":"max-video-preview:-1"},"canonical":"https:\/\/fuentesfidedignas.com.mx\/index.php\/2025\/06\/22\/el-corredor-del-despojo-guerra-comercio-y-la-reconfiguracion-violenta-del-medio-oriente\/","og_locale":"es_MX","og_type":"article","og_title":"El corredor del despojo: guerra, comercio y la reconfiguraci\u00f3n violenta del Medio Oriente - Fuentes Fidedignas","og_description":"El tablero geopol\u00edtico del siglo XXI ha estallado definitivamente en Medio Oriente. Lo que por d\u00e9cadas fue un conflicto localizado y aparentemente marginal hoy se revela como uno de los principales epicentros de reconfiguraci\u00f3n del orden mundial. El estallido de una guerra directa entre Israel e Ir\u00e1n, con la intervenci\u00f3n militar del ej\u00e9rcito estadounidense, confirma [&hellip;]","og_url":"https:\/\/fuentesfidedignas.com.mx\/index.php\/2025\/06\/22\/el-corredor-del-despojo-guerra-comercio-y-la-reconfiguracion-violenta-del-medio-oriente\/","og_site_name":"Fuentes Fidedignas","article_publisher":"https:\/\/www.facebook.com\/Fuentes-Fidedignas-368234489921644","article_published_time":"2025-06-22T17:05:14+00:00","article_modified_time":"2025-06-22T17:05:18+00:00","og_image":[{"width":600,"height":337,"url":"https:\/\/fuentesfidedignas.com.mx\/wp-content\/uploads\/2025\/06\/WhatsApp-Image-2025-06-22-at-9.39.50-AM-4.jpeg","type":"image\/jpeg"}],"author":"Mtro. Horacio de Jes\u00fas Malcampo Moreno","twitter_card":"summary_large_image","twitter_creator":"@fidedignas","twitter_site":"@fidedignas","twitter_misc":{"Escrito por":"Mtro. Horacio de Jes\u00fas Malcampo Moreno","Tiempo de lectura":"6 minutos"},"schema":{"@context":"https:\/\/schema.org","@graph":[{"@type":"Article","@id":"https:\/\/fuentesfidedignas.com.mx\/index.php\/2025\/06\/22\/el-corredor-del-despojo-guerra-comercio-y-la-reconfiguracion-violenta-del-medio-oriente\/#article","isPartOf":{"@id":"https:\/\/fuentesfidedignas.com.mx\/index.php\/2025\/06\/22\/el-corredor-del-despojo-guerra-comercio-y-la-reconfiguracion-violenta-del-medio-oriente\/"},"author":{"name":"Mtro. Horacio de Jes\u00fas Malcampo Moreno","@id":"https:\/\/fuentesfidedignas.com.mx\/#\/schema\/person\/3f687c55082c557a647c7836bde45728"},"headline":"El corredor del despojo: guerra, comercio y la reconfiguraci\u00f3n violenta del Medio Oriente","datePublished":"2025-06-22T17:05:14+00:00","dateModified":"2025-06-22T17:05:18+00:00","mainEntityOfPage":{"@id":"https:\/\/fuentesfidedignas.com.mx\/index.php\/2025\/06\/22\/el-corredor-del-despojo-guerra-comercio-y-la-reconfiguracion-violenta-del-medio-oriente\/"},"wordCount":996,"commentCount":0,"publisher":{"@id":"https:\/\/fuentesfidedignas.com.mx\/#organization"},"image":{"@id":"https:\/\/fuentesfidedignas.com.mx\/index.php\/2025\/06\/22\/el-corredor-del-despojo-guerra-comercio-y-la-reconfiguracion-violenta-del-medio-oriente\/#primaryimage"},"thumbnailUrl":"https:\/\/fuentesfidedignas.com.mx\/wp-content\/uploads\/2025\/06\/WhatsApp-Image-2025-06-22-at-9.39.50-AM-4.jpeg","articleSection":["COLUMNAS","NUTRIENDO LA MENTE"],"inLanguage":"es","potentialAction":[{"@type":"CommentAction","name":"Comment","target":["https:\/\/fuentesfidedignas.com.mx\/index.php\/2025\/06\/22\/el-corredor-del-despojo-guerra-comercio-y-la-reconfiguracion-violenta-del-medio-oriente\/#respond"]}]},{"@type":"WebPage","@id":"https:\/\/fuentesfidedignas.com.mx\/index.php\/2025\/06\/22\/el-corredor-del-despojo-guerra-comercio-y-la-reconfiguracion-violenta-del-medio-oriente\/","url":"https:\/\/fuentesfidedignas.com.mx\/index.php\/2025\/06\/22\/el-corredor-del-despojo-guerra-comercio-y-la-reconfiguracion-violenta-del-medio-oriente\/","name":"El corredor del despojo: guerra, comercio y la reconfiguraci\u00f3n violenta del Medio Oriente - Fuentes Fidedignas","isPartOf":{"@id":"https:\/\/fuentesfidedignas.com.mx\/#website"},"primaryImageOfPage":{"@id":"https:\/\/fuentesfidedignas.com.mx\/index.php\/2025\/06\/22\/el-corredor-del-despojo-guerra-comercio-y-la-reconfiguracion-violenta-del-medio-oriente\/#primaryimage"},"image":{"@id":"https:\/\/fuentesfidedignas.com.mx\/index.php\/2025\/06\/22\/el-corredor-del-despojo-guerra-comercio-y-la-reconfiguracion-violenta-del-medio-oriente\/#primaryimage"},"thumbnailUrl":"https:\/\/fuentesfidedignas.com.mx\/wp-content\/uploads\/2025\/06\/WhatsApp-Image-2025-06-22-at-9.39.50-AM-4.jpeg","datePublished":"2025-06-22T17:05:14+00:00","dateModified":"2025-06-22T17:05:18+00:00","breadcrumb":{"@id":"https:\/\/fuentesfidedignas.com.mx\/index.php\/2025\/06\/22\/el-corredor-del-despojo-guerra-comercio-y-la-reconfiguracion-violenta-del-medio-oriente\/#breadcrumb"},"inLanguage":"es","potentialAction":[{"@type":"ReadAction","target":["https:\/\/fuentesfidedignas.com.mx\/index.php\/2025\/06\/22\/el-corredor-del-despojo-guerra-comercio-y-la-reconfiguracion-violenta-del-medio-oriente\/"]}]},{"@type":"ImageObject","inLanguage":"es","@id":"https:\/\/fuentesfidedignas.com.mx\/index.php\/2025\/06\/22\/el-corredor-del-despojo-guerra-comercio-y-la-reconfiguracion-violenta-del-medio-oriente\/#primaryimage","url":"https:\/\/fuentesfidedignas.com.mx\/wp-content\/uploads\/2025\/06\/WhatsApp-Image-2025-06-22-at-9.39.50-AM-4.jpeg","contentUrl":"https:\/\/fuentesfidedignas.com.mx\/wp-content\/uploads\/2025\/06\/WhatsApp-Image-2025-06-22-at-9.39.50-AM-4.jpeg","width":600,"height":337},{"@type":"BreadcrumbList","@id":"https:\/\/fuentesfidedignas.com.mx\/index.php\/2025\/06\/22\/el-corredor-del-despojo-guerra-comercio-y-la-reconfiguracion-violenta-del-medio-oriente\/#breadcrumb","itemListElement":[{"@type":"ListItem","position":1,"name":"Inicio","item":"https:\/\/fuentesfidedignas.com.mx\/"},{"@type":"ListItem","position":2,"name":"El corredor del despojo: guerra, comercio y la reconfiguraci\u00f3n violenta del Medio Oriente"}]},{"@type":"WebSite","@id":"https:\/\/fuentesfidedignas.com.mx\/#website","url":"https:\/\/fuentesfidedignas.com.mx\/","name":"Fuentes Fidedignas","description":"Otro sitio realizado con WordPress","publisher":{"@id":"https:\/\/fuentesfidedignas.com.mx\/#organization"},"potentialAction":[{"@type":"SearchAction","target":{"@type":"EntryPoint","urlTemplate":"https:\/\/fuentesfidedignas.com.mx\/?s={search_term_string}"},"query-input":{"@type":"PropertyValueSpecification","valueRequired":true,"valueName":"search_term_string"}}],"inLanguage":"es"},{"@type":"Organization","@id":"https:\/\/fuentesfidedignas.com.mx\/#organization","name":"Fuentes Fidedignas","url":"https:\/\/fuentesfidedignas.com.mx\/","logo":{"@type":"ImageObject","inLanguage":"es","@id":"https:\/\/fuentesfidedignas.com.mx\/#\/schema\/logo\/image\/","url":"https:\/\/fuentesfidedignas.com.mx\/wp-content\/uploads\/2021\/04\/logo-retina.png","contentUrl":"https:\/\/fuentesfidedignas.com.mx\/wp-content\/uploads\/2021\/04\/logo-retina.png","width":280,"height":51,"caption":"Fuentes Fidedignas"},"image":{"@id":"https:\/\/fuentesfidedignas.com.mx\/#\/schema\/logo\/image\/"},"sameAs":["https:\/\/www.facebook.com\/Fuentes-Fidedignas-368234489921644","https:\/\/x.com\/fidedignas"]},{"@type":"Person","@id":"https:\/\/fuentesfidedignas.com.mx\/#\/schema\/person\/3f687c55082c557a647c7836bde45728","name":"Mtro. Horacio de Jes\u00fas Malcampo Moreno","image":{"@type":"ImageObject","inLanguage":"es","@id":"https:\/\/secure.gravatar.com\/avatar\/21fd667a5b9de079d383e44390566d4c728a6ce47b9b5e8419c61f1b793461ac?s=96&d=mm&r=g","url":"https:\/\/secure.gravatar.com\/avatar\/21fd667a5b9de079d383e44390566d4c728a6ce47b9b5e8419c61f1b793461ac?s=96&d=mm&r=g","contentUrl":"https:\/\/secure.gravatar.com\/avatar\/21fd667a5b9de079d383e44390566d4c728a6ce47b9b5e8419c61f1b793461ac?s=96&d=mm&r=g","caption":"Mtro. Horacio de Jes\u00fas Malcampo Moreno"},"url":"https:\/\/fuentesfidedignas.com.mx\/index.php\/author\/horacio\/"}]}},"_links":{"self":[{"href":"https:\/\/fuentesfidedignas.com.mx\/index.php\/wp-json\/wp\/v2\/posts\/111196","targetHints":{"allow":["GET"]}}],"collection":[{"href":"https:\/\/fuentesfidedignas.com.mx\/index.php\/wp-json\/wp\/v2\/posts"}],"about":[{"href":"https:\/\/fuentesfidedignas.com.mx\/index.php\/wp-json\/wp\/v2\/types\/post"}],"author":[{"embeddable":true,"href":"https:\/\/fuentesfidedignas.com.mx\/index.php\/wp-json\/wp\/v2\/users\/146"}],"replies":[{"embeddable":true,"href":"https:\/\/fuentesfidedignas.com.mx\/index.php\/wp-json\/wp\/v2\/comments?post=111196"}],"version-history":[{"count":1,"href":"https:\/\/fuentesfidedignas.com.mx\/index.php\/wp-json\/wp\/v2\/posts\/111196\/revisions"}],"predecessor-version":[{"id":111206,"href":"https:\/\/fuentesfidedignas.com.mx\/index.php\/wp-json\/wp\/v2\/posts\/111196\/revisions\/111206"}],"wp:featuredmedia":[{"embeddable":true,"href":"https:\/\/fuentesfidedignas.com.mx\/index.php\/wp-json\/wp\/v2\/media\/111201"}],"wp:attachment":[{"href":"https:\/\/fuentesfidedignas.com.mx\/index.php\/wp-json\/wp\/v2\/media?parent=111196"}],"wp:term":[{"taxonomy":"category","embeddable":true,"href":"https:\/\/fuentesfidedignas.com.mx\/index.php\/wp-json\/wp\/v2\/categories?post=111196"},{"taxonomy":"post_tag","embeddable":true,"href":"https:\/\/fuentesfidedignas.com.mx\/index.php\/wp-json\/wp\/v2\/tags?post=111196"}],"curies":[{"name":"wp","href":"https:\/\/api.w.org\/{rel}","templated":true}]}}