{"id":111182,"date":"2025-06-22T07:53:19","date_gmt":"2025-06-22T14:53:19","guid":{"rendered":"https:\/\/fuentesfidedignas.com.mx\/?p=111182"},"modified":"2025-06-22T07:57:36","modified_gmt":"2025-06-22T14:57:36","slug":"la-fuga-que-termino-en-rescate-preso-queda-atrapado-en-el-agujero-que-cavo-fotos","status":"publish","type":"post","link":"https:\/\/fuentesfidedignas.com.mx\/index.php\/2025\/06\/22\/la-fuga-que-termino-en-rescate-preso-queda-atrapado-en-el-agujero-que-cavo-fotos\/","title":{"rendered":"La fuga que termin\u00f3 en rescate: preso queda atrapado en el agujero que cav\u00f3 (FOTOS)"},"content":{"rendered":"\n<p><strong><em>Quiso ser libre por la fuerza, pero obvi\u00f3 su propio tama\u00f1o, quedando atorado en su intento de escape<\/em><\/strong><\/p>\n\n\n\n<p>Un ins\u00f3lito intento de fuga termin\u00f3 en fracaso y de una forma algo humillante para un interno del Complejo Penitenciario Francisco de Oliveira Conde (FOC), en R\u00edo Branco, capital del estado brasile\u00f1o de Acre. El recluso Alan Leandro da Silva qued\u00f3 atrapado la madrugada del pasado lunes en el agujero que hab\u00eda cavado con esmero en la pared de su celda con herramientas improvisadas, reporta A Gazeta do Acre.<\/p>\n\n\n\n<figure class=\"wp-block-embed is-type-rich is-provider-twitter wp-block-embed-twitter\"><div class=\"wp-block-embed__wrapper\">\n<blockquote class=\"twitter-tweet\" data-width=\"550\" data-dnt=\"true\"><p lang=\"pt\" dir=\"ltr\">PRESO FICA ENTALADO! Ao tentar fugir do pres\u00eddio Francisco de Oliveira Conde, nesta madrugada, o detento Alan Leandro da Silva ficou entalado numa cova que ele havia cavado para fugir. A dire\u00e7\u00e3o do pres\u00eddio teve que chamar os Bombeiros para retir\u00e1-lo do buraco. \u00c9 cada uma! <a href=\"https:\/\/t.co\/uWuFBZSFB2\">pic.twitter.com\/uWuFBZSFB2<\/a><\/p>&mdash; Silvio Martinello (@martinellosilv) <a href=\"https:\/\/twitter.com\/martinellosilv\/status\/1935013379652886775?ref_src=twsrc%5Etfw\">June 17, 2025<\/a><\/blockquote><script async src=\"https:\/\/platform.twitter.com\/widgets.js\" charset=\"utf-8\"><\/script>\n<\/div><\/figure>\n\n\n\n<p>Los agentes penitenciarios notaron movimientos sospechosos en una de las celdas y, al inspeccionar el lugar, encontraron al preso atascado en una abertura que llevaba dos d\u00edas cavando con un clavo y un trozo de palo de escoba, recoge G1, citando al Instituto de Administraci\u00f3n Penitenciaria de Acre (Iapen-AC). El hombre vest\u00eda solo un pantal\u00f3n corto y estaba descalzo.<\/p>\n\n\n\n<p>Al asegurarse de que no pod\u00edan sacarlo del agujero sin lesionarlo, los agentes recurrieron a la ayuda del equipo de Bomberos, que rescataron al recluso utilizando herramientas especializadas, como un martillo neum\u00e1tico, para no lastimar al hombre durante la extracci\u00f3n.<\/p>\n\n\n\n<figure class=\"wp-block-embed is-type-rich is-provider-twitter wp-block-embed-twitter\"><div class=\"wp-block-embed__wrapper\">\n<blockquote class=\"twitter-tweet\" data-width=\"550\" data-dnt=\"true\"><p lang=\"pt\" dir=\"ltr\">A gente morre e n\u00e3o v\u00ea tudo nesse mundo! Detento tenta fugir por buraco feito em cela, fica entalado e bombeiros s\u00e3o acionados no AC; veja V\u00cdDEO ==&gt; <a href=\"https:\/\/t.co\/viwhwU4VOh\">https:\/\/t.co\/viwhwU4VOh<\/a> <a href=\"https:\/\/twitter.com\/hashtag\/g1AC?src=hash&amp;ref_src=twsrc%5Etfw\">#g1AC<\/a> <a href=\"https:\/\/t.co\/Nwi7CPX2bC\">pic.twitter.com\/Nwi7CPX2bC<\/a><\/p>&mdash; g1 Acre (@g1acre) <a href=\"https:\/\/twitter.com\/g1acre\/status\/1935060347561431248?ref_src=twsrc%5Etfw\">June 17, 2025<\/a><\/blockquote><script async src=\"https:\/\/platform.twitter.com\/widgets.js\" charset=\"utf-8\"><\/script>\n<\/div><\/figure>\n","protected":false},"excerpt":{"rendered":"<p>Quiso ser libre por la fuerza, pero obvi\u00f3 su propio tama\u00f1o, quedando atorado en su intento de escape Un ins\u00f3lito intento de fuga termin\u00f3 en fracaso y de una forma algo humillante para un interno del Complejo Penitenciario Francisco de Oliveira Conde (FOC), en R\u00edo Branco, capital del estado brasile\u00f1o de Acre. El recluso Alan [&hellip;]<\/p>\n","protected":false},"author":38,"featured_media":111181,"comment_status":"closed","ping_status":"open","sticky":false,"template":"","format":"standard","meta":{"tdm_status":"","tdm_grid_status":"","footnotes":""},"categories":[40],"tags":[],"class_list":{"0":"post-111182","1":"post","2":"type-post","3":"status-publish","4":"format-standard","5":"has-post-thumbnail","7":"category-las-asombrosas"},"yoast_head":"<!-- This site is optimized with the Yoast SEO plugin v27.5 - https:\/\/yoast.com\/product\/yoast-seo-wordpress\/ -->\n<title>La fuga que termin\u00f3 en rescate: preso queda atrapado en el agujero que cav\u00f3 (FOTOS) - Fuentes Fidedignas<\/title>\n<meta name=\"robots\" content=\"index, follow, max-snippet:-1, max-image-preview:large, max-video-preview:-1\" \/>\n<link rel=\"canonical\" href=\"https:\/\/fuentesfidedignas.com.mx\/index.php\/2025\/06\/22\/la-fuga-que-termino-en-rescate-preso-queda-atrapado-en-el-agujero-que-cavo-fotos\/\" \/>\n<meta property=\"og:locale\" content=\"es_MX\" \/>\n<meta property=\"og:type\" content=\"article\" \/>\n<meta property=\"og:title\" content=\"La fuga que termin\u00f3 en rescate: preso queda atrapado en el agujero que cav\u00f3 (FOTOS) - Fuentes Fidedignas\" \/>\n<meta property=\"og:description\" content=\"Quiso ser libre por la fuerza, pero obvi\u00f3 su propio tama\u00f1o, quedando atorado en su intento de escape Un ins\u00f3lito intento de fuga termin\u00f3 en fracaso y de una forma algo humillante para un interno del Complejo Penitenciario Francisco de Oliveira Conde (FOC), en R\u00edo Branco, capital del estado brasile\u00f1o de Acre. El recluso Alan [&hellip;]\" \/>\n<meta property=\"og:url\" content=\"https:\/\/fuentesfidedignas.com.mx\/index.php\/2025\/06\/22\/la-fuga-que-termino-en-rescate-preso-queda-atrapado-en-el-agujero-que-cavo-fotos\/\" \/>\n<meta property=\"og:site_name\" content=\"Fuentes Fidedignas\" \/>\n<meta property=\"article:publisher\" content=\"https:\/\/www.facebook.com\/Fuentes-Fidedignas-368234489921644\" \/>\n<meta property=\"article:published_time\" content=\"2025-06-22T14:53:19+00:00\" \/>\n<meta property=\"article:modified_time\" content=\"2025-06-22T14:57:36+00:00\" \/>\n<meta property=\"og:image\" content=\"https:\/\/fuentesfidedignas.com.mx\/wp-content\/uploads\/2025\/06\/img_8477-1.jpg\" \/>\n\t<meta property=\"og:image:width\" content=\"1104\" \/>\n\t<meta property=\"og:image:height\" content=\"622\" \/>\n\t<meta property=\"og:image:type\" content=\"image\/jpeg\" \/>\n<meta name=\"author\" content=\"Actualidad RT\" \/>\n<meta name=\"twitter:card\" content=\"summary_large_image\" \/>\n<meta name=\"twitter:creator\" content=\"@fidedignas\" \/>\n<meta name=\"twitter:site\" content=\"@fidedignas\" \/>\n<meta name=\"twitter:label1\" content=\"Escrito por\" \/>\n\t<meta name=\"twitter:data1\" content=\"Actualidad RT\" \/>\n\t<meta name=\"twitter:label2\" content=\"Tiempo de lectura\" \/>\n\t<meta name=\"twitter:data2\" content=\"2 minutos\" \/>\n<script type=\"application\/ld+json\" class=\"yoast-schema-graph\">{\"@context\":\"https:\\\/\\\/schema.org\",\"@graph\":[{\"@type\":\"Article\",\"@id\":\"https:\\\/\\\/fuentesfidedignas.com.mx\\\/index.php\\\/2025\\\/06\\\/22\\\/la-fuga-que-termino-en-rescate-preso-queda-atrapado-en-el-agujero-que-cavo-fotos\\\/#article\",\"isPartOf\":{\"@id\":\"https:\\\/\\\/fuentesfidedignas.com.mx\\\/index.php\\\/2025\\\/06\\\/22\\\/la-fuga-que-termino-en-rescate-preso-queda-atrapado-en-el-agujero-que-cavo-fotos\\\/\"},\"author\":{\"name\":\"Actualidad RT\",\"@id\":\"https:\\\/\\\/fuentesfidedignas.com.mx\\\/#\\\/schema\\\/person\\\/eade03a5d4a96f9b557ac266e3d63718\"},\"headline\":\"La fuga que termin\u00f3 en rescate: preso queda atrapado en el agujero que cav\u00f3 (FOTOS)\",\"datePublished\":\"2025-06-22T14:53:19+00:00\",\"dateModified\":\"2025-06-22T14:57:36+00:00\",\"mainEntityOfPage\":{\"@id\":\"https:\\\/\\\/fuentesfidedignas.com.mx\\\/index.php\\\/2025\\\/06\\\/22\\\/la-fuga-que-termino-en-rescate-preso-queda-atrapado-en-el-agujero-que-cavo-fotos\\\/\"},\"wordCount\":290,\"publisher\":{\"@id\":\"https:\\\/\\\/fuentesfidedignas.com.mx\\\/#organization\"},\"image\":{\"@id\":\"https:\\\/\\\/fuentesfidedignas.com.mx\\\/index.php\\\/2025\\\/06\\\/22\\\/la-fuga-que-termino-en-rescate-preso-queda-atrapado-en-el-agujero-que-cavo-fotos\\\/#primaryimage\"},\"thumbnailUrl\":\"https:\\\/\\\/fuentesfidedignas.com.mx\\\/wp-content\\\/uploads\\\/2025\\\/06\\\/img_8477-1.jpg\",\"articleSection\":[\"LAS ASOMBROSAS\"],\"inLanguage\":\"es\"},{\"@type\":\"WebPage\",\"@id\":\"https:\\\/\\\/fuentesfidedignas.com.mx\\\/index.php\\\/2025\\\/06\\\/22\\\/la-fuga-que-termino-en-rescate-preso-queda-atrapado-en-el-agujero-que-cavo-fotos\\\/\",\"url\":\"https:\\\/\\\/fuentesfidedignas.com.mx\\\/index.php\\\/2025\\\/06\\\/22\\\/la-fuga-que-termino-en-rescate-preso-queda-atrapado-en-el-agujero-que-cavo-fotos\\\/\",\"name\":\"La fuga que termin\u00f3 en rescate: preso queda atrapado en el agujero que cav\u00f3 (FOTOS) - Fuentes Fidedignas\",\"isPartOf\":{\"@id\":\"https:\\\/\\\/fuentesfidedignas.com.mx\\\/#website\"},\"primaryImageOfPage\":{\"@id\":\"https:\\\/\\\/fuentesfidedignas.com.mx\\\/index.php\\\/2025\\\/06\\\/22\\\/la-fuga-que-termino-en-rescate-preso-queda-atrapado-en-el-agujero-que-cavo-fotos\\\/#primaryimage\"},\"image\":{\"@id\":\"https:\\\/\\\/fuentesfidedignas.com.mx\\\/index.php\\\/2025\\\/06\\\/22\\\/la-fuga-que-termino-en-rescate-preso-queda-atrapado-en-el-agujero-que-cavo-fotos\\\/#primaryimage\"},\"thumbnailUrl\":\"https:\\\/\\\/fuentesfidedignas.com.mx\\\/wp-content\\\/uploads\\\/2025\\\/06\\\/img_8477-1.jpg\",\"datePublished\":\"2025-06-22T14:53:19+00:00\",\"dateModified\":\"2025-06-22T14:57:36+00:00\",\"breadcrumb\":{\"@id\":\"https:\\\/\\\/fuentesfidedignas.com.mx\\\/index.php\\\/2025\\\/06\\\/22\\\/la-fuga-que-termino-en-rescate-preso-queda-atrapado-en-el-agujero-que-cavo-fotos\\\/#breadcrumb\"},\"inLanguage\":\"es\",\"potentialAction\":[{\"@type\":\"ReadAction\",\"target\":[\"https:\\\/\\\/fuentesfidedignas.com.mx\\\/index.php\\\/2025\\\/06\\\/22\\\/la-fuga-que-termino-en-rescate-preso-queda-atrapado-en-el-agujero-que-cavo-fotos\\\/\"]}]},{\"@type\":\"ImageObject\",\"inLanguage\":\"es\",\"@id\":\"https:\\\/\\\/fuentesfidedignas.com.mx\\\/index.php\\\/2025\\\/06\\\/22\\\/la-fuga-que-termino-en-rescate-preso-queda-atrapado-en-el-agujero-que-cavo-fotos\\\/#primaryimage\",\"url\":\"https:\\\/\\\/fuentesfidedignas.com.mx\\\/wp-content\\\/uploads\\\/2025\\\/06\\\/img_8477-1.jpg\",\"contentUrl\":\"https:\\\/\\\/fuentesfidedignas.com.mx\\\/wp-content\\\/uploads\\\/2025\\\/06\\\/img_8477-1.jpg\",\"width\":1104,\"height\":622},{\"@type\":\"BreadcrumbList\",\"@id\":\"https:\\\/\\\/fuentesfidedignas.com.mx\\\/index.php\\\/2025\\\/06\\\/22\\\/la-fuga-que-termino-en-rescate-preso-queda-atrapado-en-el-agujero-que-cavo-fotos\\\/#breadcrumb\",\"itemListElement\":[{\"@type\":\"ListItem\",\"position\":1,\"name\":\"Inicio\",\"item\":\"https:\\\/\\\/fuentesfidedignas.com.mx\\\/\"},{\"@type\":\"ListItem\",\"position\":2,\"name\":\"La fuga que termin\u00f3 en rescate: preso queda atrapado en el agujero que cav\u00f3 (FOTOS)\"}]},{\"@type\":\"WebSite\",\"@id\":\"https:\\\/\\\/fuentesfidedignas.com.mx\\\/#website\",\"url\":\"https:\\\/\\\/fuentesfidedignas.com.mx\\\/\",\"name\":\"Fuentes Fidedignas\",\"description\":\"Otro sitio realizado con WordPress\",\"publisher\":{\"@id\":\"https:\\\/\\\/fuentesfidedignas.com.mx\\\/#organization\"},\"potentialAction\":[{\"@type\":\"SearchAction\",\"target\":{\"@type\":\"EntryPoint\",\"urlTemplate\":\"https:\\\/\\\/fuentesfidedignas.com.mx\\\/?s={search_term_string}\"},\"query-input\":{\"@type\":\"PropertyValueSpecification\",\"valueRequired\":true,\"valueName\":\"search_term_string\"}}],\"inLanguage\":\"es\"},{\"@type\":\"Organization\",\"@id\":\"https:\\\/\\\/fuentesfidedignas.com.mx\\\/#organization\",\"name\":\"Fuentes Fidedignas\",\"url\":\"https:\\\/\\\/fuentesfidedignas.com.mx\\\/\",\"logo\":{\"@type\":\"ImageObject\",\"inLanguage\":\"es\",\"@id\":\"https:\\\/\\\/fuentesfidedignas.com.mx\\\/#\\\/schema\\\/logo\\\/image\\\/\",\"url\":\"https:\\\/\\\/fuentesfidedignas.com.mx\\\/wp-content\\\/uploads\\\/2021\\\/04\\\/logo-retina.png\",\"contentUrl\":\"https:\\\/\\\/fuentesfidedignas.com.mx\\\/wp-content\\\/uploads\\\/2021\\\/04\\\/logo-retina.png\",\"width\":280,\"height\":51,\"caption\":\"Fuentes Fidedignas\"},\"image\":{\"@id\":\"https:\\\/\\\/fuentesfidedignas.com.mx\\\/#\\\/schema\\\/logo\\\/image\\\/\"},\"sameAs\":[\"https:\\\/\\\/www.facebook.com\\\/Fuentes-Fidedignas-368234489921644\",\"https:\\\/\\\/x.com\\\/fidedignas\"]},{\"@type\":\"Person\",\"@id\":\"https:\\\/\\\/fuentesfidedignas.com.mx\\\/#\\\/schema\\\/person\\\/eade03a5d4a96f9b557ac266e3d63718\",\"name\":\"Actualidad RT\",\"image\":{\"@type\":\"ImageObject\",\"inLanguage\":\"es\",\"@id\":\"https:\\\/\\\/secure.gravatar.com\\\/avatar\\\/443e88260a6a7111cf83d7014ab1894f91a4053ffd4e9da37d79effad3a35c81?s=96&d=mm&r=g\",\"url\":\"https:\\\/\\\/secure.gravatar.com\\\/avatar\\\/443e88260a6a7111cf83d7014ab1894f91a4053ffd4e9da37d79effad3a35c81?s=96&d=mm&r=g\",\"contentUrl\":\"https:\\\/\\\/secure.gravatar.com\\\/avatar\\\/443e88260a6a7111cf83d7014ab1894f91a4053ffd4e9da37d79effad3a35c81?s=96&d=mm&r=g\",\"caption\":\"Actualidad RT\"},\"url\":\"https:\\\/\\\/fuentesfidedignas.com.mx\\\/index.php\\\/author\\\/actualidad\\\/\"}]}<\/script>\n<!-- \/ Yoast SEO plugin. -->","yoast_head_json":{"title":"La fuga que termin\u00f3 en rescate: preso queda atrapado en el agujero que cav\u00f3 (FOTOS) - Fuentes Fidedignas","robots":{"index":"index","follow":"follow","max-snippet":"max-snippet:-1","max-image-preview":"max-image-preview:large","max-video-preview":"max-video-preview:-1"},"canonical":"https:\/\/fuentesfidedignas.com.mx\/index.php\/2025\/06\/22\/la-fuga-que-termino-en-rescate-preso-queda-atrapado-en-el-agujero-que-cavo-fotos\/","og_locale":"es_MX","og_type":"article","og_title":"La fuga que termin\u00f3 en rescate: preso queda atrapado en el agujero que cav\u00f3 (FOTOS) - Fuentes Fidedignas","og_description":"Quiso ser libre por la fuerza, pero obvi\u00f3 su propio tama\u00f1o, quedando atorado en su intento de escape Un ins\u00f3lito intento de fuga termin\u00f3 en fracaso y de una forma algo humillante para un interno del Complejo Penitenciario Francisco de Oliveira Conde (FOC), en R\u00edo Branco, capital del estado brasile\u00f1o de Acre. El recluso Alan [&hellip;]","og_url":"https:\/\/fuentesfidedignas.com.mx\/index.php\/2025\/06\/22\/la-fuga-que-termino-en-rescate-preso-queda-atrapado-en-el-agujero-que-cavo-fotos\/","og_site_name":"Fuentes Fidedignas","article_publisher":"https:\/\/www.facebook.com\/Fuentes-Fidedignas-368234489921644","article_published_time":"2025-06-22T14:53:19+00:00","article_modified_time":"2025-06-22T14:57:36+00:00","og_image":[{"width":1104,"height":622,"url":"https:\/\/fuentesfidedignas.com.mx\/wp-content\/uploads\/2025\/06\/img_8477-1.jpg","type":"image\/jpeg"}],"author":"Actualidad RT","twitter_card":"summary_large_image","twitter_creator":"@fidedignas","twitter_site":"@fidedignas","twitter_misc":{"Escrito por":"Actualidad RT","Tiempo de lectura":"2 minutos"},"schema":{"@context":"https:\/\/schema.org","@graph":[{"@type":"Article","@id":"https:\/\/fuentesfidedignas.com.mx\/index.php\/2025\/06\/22\/la-fuga-que-termino-en-rescate-preso-queda-atrapado-en-el-agujero-que-cavo-fotos\/#article","isPartOf":{"@id":"https:\/\/fuentesfidedignas.com.mx\/index.php\/2025\/06\/22\/la-fuga-que-termino-en-rescate-preso-queda-atrapado-en-el-agujero-que-cavo-fotos\/"},"author":{"name":"Actualidad RT","@id":"https:\/\/fuentesfidedignas.com.mx\/#\/schema\/person\/eade03a5d4a96f9b557ac266e3d63718"},"headline":"La fuga que termin\u00f3 en rescate: preso queda atrapado en el agujero que cav\u00f3 (FOTOS)","datePublished":"2025-06-22T14:53:19+00:00","dateModified":"2025-06-22T14:57:36+00:00","mainEntityOfPage":{"@id":"https:\/\/fuentesfidedignas.com.mx\/index.php\/2025\/06\/22\/la-fuga-que-termino-en-rescate-preso-queda-atrapado-en-el-agujero-que-cavo-fotos\/"},"wordCount":290,"publisher":{"@id":"https:\/\/fuentesfidedignas.com.mx\/#organization"},"image":{"@id":"https:\/\/fuentesfidedignas.com.mx\/index.php\/2025\/06\/22\/la-fuga-que-termino-en-rescate-preso-queda-atrapado-en-el-agujero-que-cavo-fotos\/#primaryimage"},"thumbnailUrl":"https:\/\/fuentesfidedignas.com.mx\/wp-content\/uploads\/2025\/06\/img_8477-1.jpg","articleSection":["LAS ASOMBROSAS"],"inLanguage":"es"},{"@type":"WebPage","@id":"https:\/\/fuentesfidedignas.com.mx\/index.php\/2025\/06\/22\/la-fuga-que-termino-en-rescate-preso-queda-atrapado-en-el-agujero-que-cavo-fotos\/","url":"https:\/\/fuentesfidedignas.com.mx\/index.php\/2025\/06\/22\/la-fuga-que-termino-en-rescate-preso-queda-atrapado-en-el-agujero-que-cavo-fotos\/","name":"La fuga que termin\u00f3 en rescate: preso queda atrapado en el agujero que cav\u00f3 (FOTOS) - Fuentes Fidedignas","isPartOf":{"@id":"https:\/\/fuentesfidedignas.com.mx\/#website"},"primaryImageOfPage":{"@id":"https:\/\/fuentesfidedignas.com.mx\/index.php\/2025\/06\/22\/la-fuga-que-termino-en-rescate-preso-queda-atrapado-en-el-agujero-que-cavo-fotos\/#primaryimage"},"image":{"@id":"https:\/\/fuentesfidedignas.com.mx\/index.php\/2025\/06\/22\/la-fuga-que-termino-en-rescate-preso-queda-atrapado-en-el-agujero-que-cavo-fotos\/#primaryimage"},"thumbnailUrl":"https:\/\/fuentesfidedignas.com.mx\/wp-content\/uploads\/2025\/06\/img_8477-1.jpg","datePublished":"2025-06-22T14:53:19+00:00","dateModified":"2025-06-22T14:57:36+00:00","breadcrumb":{"@id":"https:\/\/fuentesfidedignas.com.mx\/index.php\/2025\/06\/22\/la-fuga-que-termino-en-rescate-preso-queda-atrapado-en-el-agujero-que-cavo-fotos\/#breadcrumb"},"inLanguage":"es","potentialAction":[{"@type":"ReadAction","target":["https:\/\/fuentesfidedignas.com.mx\/index.php\/2025\/06\/22\/la-fuga-que-termino-en-rescate-preso-queda-atrapado-en-el-agujero-que-cavo-fotos\/"]}]},{"@type":"ImageObject","inLanguage":"es","@id":"https:\/\/fuentesfidedignas.com.mx\/index.php\/2025\/06\/22\/la-fuga-que-termino-en-rescate-preso-queda-atrapado-en-el-agujero-que-cavo-fotos\/#primaryimage","url":"https:\/\/fuentesfidedignas.com.mx\/wp-content\/uploads\/2025\/06\/img_8477-1.jpg","contentUrl":"https:\/\/fuentesfidedignas.com.mx\/wp-content\/uploads\/2025\/06\/img_8477-1.jpg","width":1104,"height":622},{"@type":"BreadcrumbList","@id":"https:\/\/fuentesfidedignas.com.mx\/index.php\/2025\/06\/22\/la-fuga-que-termino-en-rescate-preso-queda-atrapado-en-el-agujero-que-cavo-fotos\/#breadcrumb","itemListElement":[{"@type":"ListItem","position":1,"name":"Inicio","item":"https:\/\/fuentesfidedignas.com.mx\/"},{"@type":"ListItem","position":2,"name":"La fuga que termin\u00f3 en rescate: preso queda atrapado en el agujero que cav\u00f3 (FOTOS)"}]},{"@type":"WebSite","@id":"https:\/\/fuentesfidedignas.com.mx\/#website","url":"https:\/\/fuentesfidedignas.com.mx\/","name":"Fuentes Fidedignas","description":"Otro sitio realizado con WordPress","publisher":{"@id":"https:\/\/fuentesfidedignas.com.mx\/#organization"},"potentialAction":[{"@type":"SearchAction","target":{"@type":"EntryPoint","urlTemplate":"https:\/\/fuentesfidedignas.com.mx\/?s={search_term_string}"},"query-input":{"@type":"PropertyValueSpecification","valueRequired":true,"valueName":"search_term_string"}}],"inLanguage":"es"},{"@type":"Organization","@id":"https:\/\/fuentesfidedignas.com.mx\/#organization","name":"Fuentes Fidedignas","url":"https:\/\/fuentesfidedignas.com.mx\/","logo":{"@type":"ImageObject","inLanguage":"es","@id":"https:\/\/fuentesfidedignas.com.mx\/#\/schema\/logo\/image\/","url":"https:\/\/fuentesfidedignas.com.mx\/wp-content\/uploads\/2021\/04\/logo-retina.png","contentUrl":"https:\/\/fuentesfidedignas.com.mx\/wp-content\/uploads\/2021\/04\/logo-retina.png","width":280,"height":51,"caption":"Fuentes Fidedignas"},"image":{"@id":"https:\/\/fuentesfidedignas.com.mx\/#\/schema\/logo\/image\/"},"sameAs":["https:\/\/www.facebook.com\/Fuentes-Fidedignas-368234489921644","https:\/\/x.com\/fidedignas"]},{"@type":"Person","@id":"https:\/\/fuentesfidedignas.com.mx\/#\/schema\/person\/eade03a5d4a96f9b557ac266e3d63718","name":"Actualidad RT","image":{"@type":"ImageObject","inLanguage":"es","@id":"https:\/\/secure.gravatar.com\/avatar\/443e88260a6a7111cf83d7014ab1894f91a4053ffd4e9da37d79effad3a35c81?s=96&d=mm&r=g","url":"https:\/\/secure.gravatar.com\/avatar\/443e88260a6a7111cf83d7014ab1894f91a4053ffd4e9da37d79effad3a35c81?s=96&d=mm&r=g","contentUrl":"https:\/\/secure.gravatar.com\/avatar\/443e88260a6a7111cf83d7014ab1894f91a4053ffd4e9da37d79effad3a35c81?s=96&d=mm&r=g","caption":"Actualidad RT"},"url":"https:\/\/fuentesfidedignas.com.mx\/index.php\/author\/actualidad\/"}]}},"_links":{"self":[{"href":"https:\/\/fuentesfidedignas.com.mx\/index.php\/wp-json\/wp\/v2\/posts\/111182","targetHints":{"allow":["GET"]}}],"collection":[{"href":"https:\/\/fuentesfidedignas.com.mx\/index.php\/wp-json\/wp\/v2\/posts"}],"about":[{"href":"https:\/\/fuentesfidedignas.com.mx\/index.php\/wp-json\/wp\/v2\/types\/post"}],"author":[{"embeddable":true,"href":"https:\/\/fuentesfidedignas.com.mx\/index.php\/wp-json\/wp\/v2\/users\/38"}],"replies":[{"embeddable":true,"href":"https:\/\/fuentesfidedignas.com.mx\/index.php\/wp-json\/wp\/v2\/comments?post=111182"}],"version-history":[{"count":2,"href":"https:\/\/fuentesfidedignas.com.mx\/index.php\/wp-json\/wp\/v2\/posts\/111182\/revisions"}],"predecessor-version":[{"id":111184,"href":"https:\/\/fuentesfidedignas.com.mx\/index.php\/wp-json\/wp\/v2\/posts\/111182\/revisions\/111184"}],"wp:featuredmedia":[{"embeddable":true,"href":"https:\/\/fuentesfidedignas.com.mx\/index.php\/wp-json\/wp\/v2\/media\/111181"}],"wp:attachment":[{"href":"https:\/\/fuentesfidedignas.com.mx\/index.php\/wp-json\/wp\/v2\/media?parent=111182"}],"wp:term":[{"taxonomy":"category","embeddable":true,"href":"https:\/\/fuentesfidedignas.com.mx\/index.php\/wp-json\/wp\/v2\/categories?post=111182"},{"taxonomy":"post_tag","embeddable":true,"href":"https:\/\/fuentesfidedignas.com.mx\/index.php\/wp-json\/wp\/v2\/tags?post=111182"}],"curies":[{"name":"wp","href":"https:\/\/api.w.org\/{rel}","templated":true}]}}