{"id":111179,"date":"2025-06-21T17:49:16","date_gmt":"2025-06-22T00:49:16","guid":{"rendered":"https:\/\/fuentesfidedignas.com.mx\/?p=111179"},"modified":"2025-06-21T17:49:16","modified_gmt":"2025-06-22T00:49:16","slug":"eu-ataca-instalaciones-nucleares-en-iran-ahora-es-el-momento-de-la-paz-dice-trump","status":"publish","type":"post","link":"https:\/\/fuentesfidedignas.com.mx\/index.php\/2025\/06\/21\/eu-ataca-instalaciones-nucleares-en-iran-ahora-es-el-momento-de-la-paz-dice-trump\/","title":{"rendered":"EU ataca instalaciones nucleares en Ir\u00e1n; &#8220;ahora es el momento de la paz&#8221;, dice Trump"},"content":{"rendered":"\n<p><strong><em>El presidente de Estados Unidos dijo que los aviones participantes est\u00e1n fuera del espacio a\u00e9reo iran\u00ed<\/em><\/strong><\/p>\n\n\n\n<p>El&nbsp;<strong>presidente de Estados Unidos, Donald Trump,<\/strong>&nbsp;inform\u00f3 que atacaron instalaciones nucleares en Ir\u00e1n, incluidos Fordow, Natanz e Isfahan.<\/p>\n\n\n\n<p>Mediante la red Truth Social, el presidente de Estados Unidos dijo que los aviones participantes est\u00e1n fuera del espacio a\u00e9reo iran\u00ed.<\/p>\n\n\n\n<blockquote class=\"wp-block-quote is-layout-flow wp-block-quote-is-layout-flow\">\n<p>&#8220;Una carga completa de bombas fue lanzada en el sitio principal, Fordow. Todos los aviones est\u00e1n a salvo en su camino a casa. Felicitaciones a nuestros grandes Guerreros Americanos&#8221;.<\/p>\n<\/blockquote>\n\n\n\n<h2 class=\"wp-block-heading\">EU inicia vuelos de evacuaci\u00f3n&nbsp;<\/h2>\n\n\n\n<p>El gobierno de Estados Unidos anunci\u00f3 este s\u00e1bado que ha comenzado los vuelos de evacuaci\u00f3n desde Israel con el traslado de alrededor de setenta ciudadanos estadunidenses de Tel Aviv a Atenas, en el marco del conflicto actual con Ir\u00e1n.<\/p>\n\n\n\n<blockquote class=\"wp-block-quote is-layout-flow wp-block-quote-is-layout-flow\">\n<p>&#8220;El Departamento de Estado ha comenzado los vuelos de salida asistida desde Israel&#8221;, inform\u00f3 en un comunicado el Departamento estadounidense.<\/p>\n<\/blockquote>\n\n\n\n<blockquote class=\"wp-block-quote is-layout-flow wp-block-quote-is-layout-flow\">\n<p>&#8220;El 21 de junio, el Departamento de Estado organiz\u00f3 dos vuelos que partieron de Tel Aviv a Atenas con aproximadamente 70 ciudadanos estadounidenses, sus familiares inmediatos acompa\u00f1antes y residentes legales permanentes (LPR)&#8221;, agreg\u00f3.<\/p>\n<\/blockquote>\n\n\n\n<p>Adem\u00e1s, el comunicado llam\u00f3 a aquellos ciudadanos estadunidenses que puedan salir por sus propios medios del pa\u00eds a adelantarse a la asistencia del gobierno.<\/p>\n\n\n\n<p>El&nbsp;<strong>embajador de Estados Unidos en Israel, Mike Huckabee,<\/strong>afirm\u00f3 horas antes en la red social X que la embajada estaba trabajando &#8220;incansablemente&#8221; para ayudar a la evacuacion de sus ciudadanos.<\/p>\n","protected":false},"excerpt":{"rendered":"<p>El presidente de Estados Unidos dijo que los aviones participantes est\u00e1n fuera del espacio a\u00e9reo iran\u00ed El&nbsp;presidente de Estados Unidos, Donald Trump,&nbsp;inform\u00f3 que atacaron instalaciones nucleares en Ir\u00e1n, incluidos Fordow, Natanz e Isfahan. Mediante la red Truth Social, el presidente de Estados Unidos dijo que los aviones participantes est\u00e1n fuera del espacio a\u00e9reo iran\u00ed. &#8220;Una [&hellip;]<\/p>\n","protected":false},"author":9,"featured_media":104379,"comment_status":"closed","ping_status":"open","sticky":false,"template":"","format":"standard","meta":{"tdm_status":"","tdm_grid_status":"","footnotes":""},"categories":[39],"tags":[],"class_list":{"0":"post-111179","1":"post","2":"type-post","3":"status-publish","4":"format-standard","5":"has-post-thumbnail","7":"category-noticias-nacionales"},"yoast_head":"<!-- This site is optimized with the Yoast SEO plugin v27.4 - https:\/\/yoast.com\/product\/yoast-seo-wordpress\/ -->\n<title>EU ataca instalaciones nucleares en Ir\u00e1n; &quot;ahora es el momento de la paz&quot;, dice Trump - Fuentes Fidedignas<\/title>\n<meta name=\"robots\" content=\"index, follow, max-snippet:-1, max-image-preview:large, max-video-preview:-1\" \/>\n<link rel=\"canonical\" href=\"https:\/\/fuentesfidedignas.com.mx\/index.php\/2025\/06\/21\/eu-ataca-instalaciones-nucleares-en-iran-ahora-es-el-momento-de-la-paz-dice-trump\/\" \/>\n<meta property=\"og:locale\" content=\"es_MX\" \/>\n<meta property=\"og:type\" content=\"article\" \/>\n<meta property=\"og:title\" content=\"EU ataca instalaciones nucleares en Ir\u00e1n; &quot;ahora es el momento de la paz&quot;, dice Trump - Fuentes Fidedignas\" \/>\n<meta property=\"og:description\" content=\"El presidente de Estados Unidos dijo que los aviones participantes est\u00e1n fuera del espacio a\u00e9reo iran\u00ed El&nbsp;presidente de Estados Unidos, Donald Trump,&nbsp;inform\u00f3 que atacaron instalaciones nucleares en Ir\u00e1n, incluidos Fordow, Natanz e Isfahan. Mediante la red Truth Social, el presidente de Estados Unidos dijo que los aviones participantes est\u00e1n fuera del espacio a\u00e9reo iran\u00ed. &#8220;Una [&hellip;]\" \/>\n<meta property=\"og:url\" content=\"https:\/\/fuentesfidedignas.com.mx\/index.php\/2025\/06\/21\/eu-ataca-instalaciones-nucleares-en-iran-ahora-es-el-momento-de-la-paz-dice-trump\/\" \/>\n<meta property=\"og:site_name\" content=\"Fuentes Fidedignas\" \/>\n<meta property=\"article:publisher\" content=\"https:\/\/www.facebook.com\/Fuentes-Fidedignas-368234489921644\" \/>\n<meta property=\"article:published_time\" content=\"2025-06-22T00:49:16+00:00\" \/>\n<meta property=\"og:image\" content=\"https:\/\/fuentesfidedignas.com.mx\/wp-content\/uploads\/2025\/03\/trump_donald.jpg\" \/>\n\t<meta property=\"og:image:width\" content=\"583\" \/>\n\t<meta property=\"og:image:height\" content=\"399\" \/>\n\t<meta property=\"og:image:type\" content=\"image\/jpeg\" \/>\n<meta name=\"author\" content=\"Milenio\" \/>\n<meta name=\"twitter:card\" content=\"summary_large_image\" \/>\n<meta name=\"twitter:creator\" content=\"@fidedignas\" \/>\n<meta name=\"twitter:site\" content=\"@fidedignas\" \/>\n<meta name=\"twitter:label1\" content=\"Escrito por\" \/>\n\t<meta name=\"twitter:data1\" content=\"Milenio\" \/>\n\t<meta name=\"twitter:label2\" content=\"Tiempo de lectura\" \/>\n\t<meta name=\"twitter:data2\" content=\"1 minuto\" \/>\n<script type=\"application\/ld+json\" class=\"yoast-schema-graph\">{\"@context\":\"https:\\\/\\\/schema.org\",\"@graph\":[{\"@type\":\"Article\",\"@id\":\"https:\\\/\\\/fuentesfidedignas.com.mx\\\/index.php\\\/2025\\\/06\\\/21\\\/eu-ataca-instalaciones-nucleares-en-iran-ahora-es-el-momento-de-la-paz-dice-trump\\\/#article\",\"isPartOf\":{\"@id\":\"https:\\\/\\\/fuentesfidedignas.com.mx\\\/index.php\\\/2025\\\/06\\\/21\\\/eu-ataca-instalaciones-nucleares-en-iran-ahora-es-el-momento-de-la-paz-dice-trump\\\/\"},\"author\":{\"name\":\"Milenio\",\"@id\":\"https:\\\/\\\/fuentesfidedignas.com.mx\\\/#\\\/schema\\\/person\\\/47ec0135738f4b0c7495f06a77a2c976\"},\"headline\":\"EU ataca instalaciones nucleares en Ir\u00e1n; &#8220;ahora es el momento de la paz&#8221;, dice Trump\",\"datePublished\":\"2025-06-22T00:49:16+00:00\",\"mainEntityOfPage\":{\"@id\":\"https:\\\/\\\/fuentesfidedignas.com.mx\\\/index.php\\\/2025\\\/06\\\/21\\\/eu-ataca-instalaciones-nucleares-en-iran-ahora-es-el-momento-de-la-paz-dice-trump\\\/\"},\"wordCount\":268,\"publisher\":{\"@id\":\"https:\\\/\\\/fuentesfidedignas.com.mx\\\/#organization\"},\"image\":{\"@id\":\"https:\\\/\\\/fuentesfidedignas.com.mx\\\/index.php\\\/2025\\\/06\\\/21\\\/eu-ataca-instalaciones-nucleares-en-iran-ahora-es-el-momento-de-la-paz-dice-trump\\\/#primaryimage\"},\"thumbnailUrl\":\"https:\\\/\\\/fuentesfidedignas.com.mx\\\/wp-content\\\/uploads\\\/2025\\\/03\\\/trump_donald.jpg\",\"articleSection\":[\"NOTICIAS NACIONALES\"],\"inLanguage\":\"es\"},{\"@type\":\"WebPage\",\"@id\":\"https:\\\/\\\/fuentesfidedignas.com.mx\\\/index.php\\\/2025\\\/06\\\/21\\\/eu-ataca-instalaciones-nucleares-en-iran-ahora-es-el-momento-de-la-paz-dice-trump\\\/\",\"url\":\"https:\\\/\\\/fuentesfidedignas.com.mx\\\/index.php\\\/2025\\\/06\\\/21\\\/eu-ataca-instalaciones-nucleares-en-iran-ahora-es-el-momento-de-la-paz-dice-trump\\\/\",\"name\":\"EU ataca instalaciones nucleares en Ir\u00e1n; \\\"ahora es el momento de la paz\\\", dice Trump - Fuentes Fidedignas\",\"isPartOf\":{\"@id\":\"https:\\\/\\\/fuentesfidedignas.com.mx\\\/#website\"},\"primaryImageOfPage\":{\"@id\":\"https:\\\/\\\/fuentesfidedignas.com.mx\\\/index.php\\\/2025\\\/06\\\/21\\\/eu-ataca-instalaciones-nucleares-en-iran-ahora-es-el-momento-de-la-paz-dice-trump\\\/#primaryimage\"},\"image\":{\"@id\":\"https:\\\/\\\/fuentesfidedignas.com.mx\\\/index.php\\\/2025\\\/06\\\/21\\\/eu-ataca-instalaciones-nucleares-en-iran-ahora-es-el-momento-de-la-paz-dice-trump\\\/#primaryimage\"},\"thumbnailUrl\":\"https:\\\/\\\/fuentesfidedignas.com.mx\\\/wp-content\\\/uploads\\\/2025\\\/03\\\/trump_donald.jpg\",\"datePublished\":\"2025-06-22T00:49:16+00:00\",\"breadcrumb\":{\"@id\":\"https:\\\/\\\/fuentesfidedignas.com.mx\\\/index.php\\\/2025\\\/06\\\/21\\\/eu-ataca-instalaciones-nucleares-en-iran-ahora-es-el-momento-de-la-paz-dice-trump\\\/#breadcrumb\"},\"inLanguage\":\"es\",\"potentialAction\":[{\"@type\":\"ReadAction\",\"target\":[\"https:\\\/\\\/fuentesfidedignas.com.mx\\\/index.php\\\/2025\\\/06\\\/21\\\/eu-ataca-instalaciones-nucleares-en-iran-ahora-es-el-momento-de-la-paz-dice-trump\\\/\"]}]},{\"@type\":\"ImageObject\",\"inLanguage\":\"es\",\"@id\":\"https:\\\/\\\/fuentesfidedignas.com.mx\\\/index.php\\\/2025\\\/06\\\/21\\\/eu-ataca-instalaciones-nucleares-en-iran-ahora-es-el-momento-de-la-paz-dice-trump\\\/#primaryimage\",\"url\":\"https:\\\/\\\/fuentesfidedignas.com.mx\\\/wp-content\\\/uploads\\\/2025\\\/03\\\/trump_donald.jpg\",\"contentUrl\":\"https:\\\/\\\/fuentesfidedignas.com.mx\\\/wp-content\\\/uploads\\\/2025\\\/03\\\/trump_donald.jpg\",\"width\":583,\"height\":399},{\"@type\":\"BreadcrumbList\",\"@id\":\"https:\\\/\\\/fuentesfidedignas.com.mx\\\/index.php\\\/2025\\\/06\\\/21\\\/eu-ataca-instalaciones-nucleares-en-iran-ahora-es-el-momento-de-la-paz-dice-trump\\\/#breadcrumb\",\"itemListElement\":[{\"@type\":\"ListItem\",\"position\":1,\"name\":\"Inicio\",\"item\":\"https:\\\/\\\/fuentesfidedignas.com.mx\\\/\"},{\"@type\":\"ListItem\",\"position\":2,\"name\":\"EU ataca instalaciones nucleares en Ir\u00e1n; &#8220;ahora es el momento de la paz&#8221;, dice Trump\"}]},{\"@type\":\"WebSite\",\"@id\":\"https:\\\/\\\/fuentesfidedignas.com.mx\\\/#website\",\"url\":\"https:\\\/\\\/fuentesfidedignas.com.mx\\\/\",\"name\":\"Fuentes Fidedignas\",\"description\":\"Otro sitio realizado con WordPress\",\"publisher\":{\"@id\":\"https:\\\/\\\/fuentesfidedignas.com.mx\\\/#organization\"},\"potentialAction\":[{\"@type\":\"SearchAction\",\"target\":{\"@type\":\"EntryPoint\",\"urlTemplate\":\"https:\\\/\\\/fuentesfidedignas.com.mx\\\/?s={search_term_string}\"},\"query-input\":{\"@type\":\"PropertyValueSpecification\",\"valueRequired\":true,\"valueName\":\"search_term_string\"}}],\"inLanguage\":\"es\"},{\"@type\":\"Organization\",\"@id\":\"https:\\\/\\\/fuentesfidedignas.com.mx\\\/#organization\",\"name\":\"Fuentes Fidedignas\",\"url\":\"https:\\\/\\\/fuentesfidedignas.com.mx\\\/\",\"logo\":{\"@type\":\"ImageObject\",\"inLanguage\":\"es\",\"@id\":\"https:\\\/\\\/fuentesfidedignas.com.mx\\\/#\\\/schema\\\/logo\\\/image\\\/\",\"url\":\"https:\\\/\\\/fuentesfidedignas.com.mx\\\/wp-content\\\/uploads\\\/2021\\\/04\\\/logo-retina.png\",\"contentUrl\":\"https:\\\/\\\/fuentesfidedignas.com.mx\\\/wp-content\\\/uploads\\\/2021\\\/04\\\/logo-retina.png\",\"width\":280,\"height\":51,\"caption\":\"Fuentes Fidedignas\"},\"image\":{\"@id\":\"https:\\\/\\\/fuentesfidedignas.com.mx\\\/#\\\/schema\\\/logo\\\/image\\\/\"},\"sameAs\":[\"https:\\\/\\\/www.facebook.com\\\/Fuentes-Fidedignas-368234489921644\",\"https:\\\/\\\/x.com\\\/fidedignas\"]},{\"@type\":\"Person\",\"@id\":\"https:\\\/\\\/fuentesfidedignas.com.mx\\\/#\\\/schema\\\/person\\\/47ec0135738f4b0c7495f06a77a2c976\",\"name\":\"Milenio\",\"image\":{\"@type\":\"ImageObject\",\"inLanguage\":\"es\",\"@id\":\"https:\\\/\\\/secure.gravatar.com\\\/avatar\\\/acabf7b54753e51c2c76457954577c236b3b764789b19879565769739d1e4a75?s=96&d=mm&r=g\",\"url\":\"https:\\\/\\\/secure.gravatar.com\\\/avatar\\\/acabf7b54753e51c2c76457954577c236b3b764789b19879565769739d1e4a75?s=96&d=mm&r=g\",\"contentUrl\":\"https:\\\/\\\/secure.gravatar.com\\\/avatar\\\/acabf7b54753e51c2c76457954577c236b3b764789b19879565769739d1e4a75?s=96&d=mm&r=g\",\"caption\":\"Milenio\"},\"url\":\"https:\\\/\\\/fuentesfidedignas.com.mx\\\/index.php\\\/author\\\/milenio\\\/\"}]}<\/script>\n<!-- \/ Yoast SEO plugin. -->","yoast_head_json":{"title":"EU ataca instalaciones nucleares en Ir\u00e1n; \"ahora es el momento de la paz\", dice Trump - Fuentes Fidedignas","robots":{"index":"index","follow":"follow","max-snippet":"max-snippet:-1","max-image-preview":"max-image-preview:large","max-video-preview":"max-video-preview:-1"},"canonical":"https:\/\/fuentesfidedignas.com.mx\/index.php\/2025\/06\/21\/eu-ataca-instalaciones-nucleares-en-iran-ahora-es-el-momento-de-la-paz-dice-trump\/","og_locale":"es_MX","og_type":"article","og_title":"EU ataca instalaciones nucleares en Ir\u00e1n; \"ahora es el momento de la paz\", dice Trump - Fuentes Fidedignas","og_description":"El presidente de Estados Unidos dijo que los aviones participantes est\u00e1n fuera del espacio a\u00e9reo iran\u00ed El&nbsp;presidente de Estados Unidos, Donald Trump,&nbsp;inform\u00f3 que atacaron instalaciones nucleares en Ir\u00e1n, incluidos Fordow, Natanz e Isfahan. Mediante la red Truth Social, el presidente de Estados Unidos dijo que los aviones participantes est\u00e1n fuera del espacio a\u00e9reo iran\u00ed. &#8220;Una [&hellip;]","og_url":"https:\/\/fuentesfidedignas.com.mx\/index.php\/2025\/06\/21\/eu-ataca-instalaciones-nucleares-en-iran-ahora-es-el-momento-de-la-paz-dice-trump\/","og_site_name":"Fuentes Fidedignas","article_publisher":"https:\/\/www.facebook.com\/Fuentes-Fidedignas-368234489921644","article_published_time":"2025-06-22T00:49:16+00:00","og_image":[{"width":583,"height":399,"url":"https:\/\/fuentesfidedignas.com.mx\/wp-content\/uploads\/2025\/03\/trump_donald.jpg","type":"image\/jpeg"}],"author":"Milenio","twitter_card":"summary_large_image","twitter_creator":"@fidedignas","twitter_site":"@fidedignas","twitter_misc":{"Escrito por":"Milenio","Tiempo de lectura":"1 minuto"},"schema":{"@context":"https:\/\/schema.org","@graph":[{"@type":"Article","@id":"https:\/\/fuentesfidedignas.com.mx\/index.php\/2025\/06\/21\/eu-ataca-instalaciones-nucleares-en-iran-ahora-es-el-momento-de-la-paz-dice-trump\/#article","isPartOf":{"@id":"https:\/\/fuentesfidedignas.com.mx\/index.php\/2025\/06\/21\/eu-ataca-instalaciones-nucleares-en-iran-ahora-es-el-momento-de-la-paz-dice-trump\/"},"author":{"name":"Milenio","@id":"https:\/\/fuentesfidedignas.com.mx\/#\/schema\/person\/47ec0135738f4b0c7495f06a77a2c976"},"headline":"EU ataca instalaciones nucleares en Ir\u00e1n; &#8220;ahora es el momento de la paz&#8221;, dice Trump","datePublished":"2025-06-22T00:49:16+00:00","mainEntityOfPage":{"@id":"https:\/\/fuentesfidedignas.com.mx\/index.php\/2025\/06\/21\/eu-ataca-instalaciones-nucleares-en-iran-ahora-es-el-momento-de-la-paz-dice-trump\/"},"wordCount":268,"publisher":{"@id":"https:\/\/fuentesfidedignas.com.mx\/#organization"},"image":{"@id":"https:\/\/fuentesfidedignas.com.mx\/index.php\/2025\/06\/21\/eu-ataca-instalaciones-nucleares-en-iran-ahora-es-el-momento-de-la-paz-dice-trump\/#primaryimage"},"thumbnailUrl":"https:\/\/fuentesfidedignas.com.mx\/wp-content\/uploads\/2025\/03\/trump_donald.jpg","articleSection":["NOTICIAS NACIONALES"],"inLanguage":"es"},{"@type":"WebPage","@id":"https:\/\/fuentesfidedignas.com.mx\/index.php\/2025\/06\/21\/eu-ataca-instalaciones-nucleares-en-iran-ahora-es-el-momento-de-la-paz-dice-trump\/","url":"https:\/\/fuentesfidedignas.com.mx\/index.php\/2025\/06\/21\/eu-ataca-instalaciones-nucleares-en-iran-ahora-es-el-momento-de-la-paz-dice-trump\/","name":"EU ataca instalaciones nucleares en Ir\u00e1n; \"ahora es el momento de la paz\", dice Trump - Fuentes Fidedignas","isPartOf":{"@id":"https:\/\/fuentesfidedignas.com.mx\/#website"},"primaryImageOfPage":{"@id":"https:\/\/fuentesfidedignas.com.mx\/index.php\/2025\/06\/21\/eu-ataca-instalaciones-nucleares-en-iran-ahora-es-el-momento-de-la-paz-dice-trump\/#primaryimage"},"image":{"@id":"https:\/\/fuentesfidedignas.com.mx\/index.php\/2025\/06\/21\/eu-ataca-instalaciones-nucleares-en-iran-ahora-es-el-momento-de-la-paz-dice-trump\/#primaryimage"},"thumbnailUrl":"https:\/\/fuentesfidedignas.com.mx\/wp-content\/uploads\/2025\/03\/trump_donald.jpg","datePublished":"2025-06-22T00:49:16+00:00","breadcrumb":{"@id":"https:\/\/fuentesfidedignas.com.mx\/index.php\/2025\/06\/21\/eu-ataca-instalaciones-nucleares-en-iran-ahora-es-el-momento-de-la-paz-dice-trump\/#breadcrumb"},"inLanguage":"es","potentialAction":[{"@type":"ReadAction","target":["https:\/\/fuentesfidedignas.com.mx\/index.php\/2025\/06\/21\/eu-ataca-instalaciones-nucleares-en-iran-ahora-es-el-momento-de-la-paz-dice-trump\/"]}]},{"@type":"ImageObject","inLanguage":"es","@id":"https:\/\/fuentesfidedignas.com.mx\/index.php\/2025\/06\/21\/eu-ataca-instalaciones-nucleares-en-iran-ahora-es-el-momento-de-la-paz-dice-trump\/#primaryimage","url":"https:\/\/fuentesfidedignas.com.mx\/wp-content\/uploads\/2025\/03\/trump_donald.jpg","contentUrl":"https:\/\/fuentesfidedignas.com.mx\/wp-content\/uploads\/2025\/03\/trump_donald.jpg","width":583,"height":399},{"@type":"BreadcrumbList","@id":"https:\/\/fuentesfidedignas.com.mx\/index.php\/2025\/06\/21\/eu-ataca-instalaciones-nucleares-en-iran-ahora-es-el-momento-de-la-paz-dice-trump\/#breadcrumb","itemListElement":[{"@type":"ListItem","position":1,"name":"Inicio","item":"https:\/\/fuentesfidedignas.com.mx\/"},{"@type":"ListItem","position":2,"name":"EU ataca instalaciones nucleares en Ir\u00e1n; &#8220;ahora es el momento de la paz&#8221;, dice Trump"}]},{"@type":"WebSite","@id":"https:\/\/fuentesfidedignas.com.mx\/#website","url":"https:\/\/fuentesfidedignas.com.mx\/","name":"Fuentes Fidedignas","description":"Otro sitio realizado con WordPress","publisher":{"@id":"https:\/\/fuentesfidedignas.com.mx\/#organization"},"potentialAction":[{"@type":"SearchAction","target":{"@type":"EntryPoint","urlTemplate":"https:\/\/fuentesfidedignas.com.mx\/?s={search_term_string}"},"query-input":{"@type":"PropertyValueSpecification","valueRequired":true,"valueName":"search_term_string"}}],"inLanguage":"es"},{"@type":"Organization","@id":"https:\/\/fuentesfidedignas.com.mx\/#organization","name":"Fuentes Fidedignas","url":"https:\/\/fuentesfidedignas.com.mx\/","logo":{"@type":"ImageObject","inLanguage":"es","@id":"https:\/\/fuentesfidedignas.com.mx\/#\/schema\/logo\/image\/","url":"https:\/\/fuentesfidedignas.com.mx\/wp-content\/uploads\/2021\/04\/logo-retina.png","contentUrl":"https:\/\/fuentesfidedignas.com.mx\/wp-content\/uploads\/2021\/04\/logo-retina.png","width":280,"height":51,"caption":"Fuentes Fidedignas"},"image":{"@id":"https:\/\/fuentesfidedignas.com.mx\/#\/schema\/logo\/image\/"},"sameAs":["https:\/\/www.facebook.com\/Fuentes-Fidedignas-368234489921644","https:\/\/x.com\/fidedignas"]},{"@type":"Person","@id":"https:\/\/fuentesfidedignas.com.mx\/#\/schema\/person\/47ec0135738f4b0c7495f06a77a2c976","name":"Milenio","image":{"@type":"ImageObject","inLanguage":"es","@id":"https:\/\/secure.gravatar.com\/avatar\/acabf7b54753e51c2c76457954577c236b3b764789b19879565769739d1e4a75?s=96&d=mm&r=g","url":"https:\/\/secure.gravatar.com\/avatar\/acabf7b54753e51c2c76457954577c236b3b764789b19879565769739d1e4a75?s=96&d=mm&r=g","contentUrl":"https:\/\/secure.gravatar.com\/avatar\/acabf7b54753e51c2c76457954577c236b3b764789b19879565769739d1e4a75?s=96&d=mm&r=g","caption":"Milenio"},"url":"https:\/\/fuentesfidedignas.com.mx\/index.php\/author\/milenio\/"}]}},"_links":{"self":[{"href":"https:\/\/fuentesfidedignas.com.mx\/index.php\/wp-json\/wp\/v2\/posts\/111179","targetHints":{"allow":["GET"]}}],"collection":[{"href":"https:\/\/fuentesfidedignas.com.mx\/index.php\/wp-json\/wp\/v2\/posts"}],"about":[{"href":"https:\/\/fuentesfidedignas.com.mx\/index.php\/wp-json\/wp\/v2\/types\/post"}],"author":[{"embeddable":true,"href":"https:\/\/fuentesfidedignas.com.mx\/index.php\/wp-json\/wp\/v2\/users\/9"}],"replies":[{"embeddable":true,"href":"https:\/\/fuentesfidedignas.com.mx\/index.php\/wp-json\/wp\/v2\/comments?post=111179"}],"version-history":[{"count":1,"href":"https:\/\/fuentesfidedignas.com.mx\/index.php\/wp-json\/wp\/v2\/posts\/111179\/revisions"}],"predecessor-version":[{"id":111180,"href":"https:\/\/fuentesfidedignas.com.mx\/index.php\/wp-json\/wp\/v2\/posts\/111179\/revisions\/111180"}],"wp:featuredmedia":[{"embeddable":true,"href":"https:\/\/fuentesfidedignas.com.mx\/index.php\/wp-json\/wp\/v2\/media\/104379"}],"wp:attachment":[{"href":"https:\/\/fuentesfidedignas.com.mx\/index.php\/wp-json\/wp\/v2\/media?parent=111179"}],"wp:term":[{"taxonomy":"category","embeddable":true,"href":"https:\/\/fuentesfidedignas.com.mx\/index.php\/wp-json\/wp\/v2\/categories?post=111179"},{"taxonomy":"post_tag","embeddable":true,"href":"https:\/\/fuentesfidedignas.com.mx\/index.php\/wp-json\/wp\/v2\/tags?post=111179"}],"curies":[{"name":"wp","href":"https:\/\/api.w.org\/{rel}","templated":true}]}}