{"id":11116,"date":"2021-08-28T19:11:00","date_gmt":"2021-08-29T02:11:00","guid":{"rendered":"https:\/\/fuentesfidedignas.com.mx\/?p=11116"},"modified":"2021-08-28T19:11:03","modified_gmt":"2021-08-29T02:11:03","slug":"conservadores-nos-hacen-lo-que-el-viento-a-juarez-lopez-obrador","status":"publish","type":"post","link":"https:\/\/fuentesfidedignas.com.mx\/index.php\/2021\/08\/28\/conservadores-nos-hacen-lo-que-el-viento-a-juarez-lopez-obrador\/","title":{"rendered":"Conservadores \u201cnos hacen lo que el viento a Ju\u00e1rez\u201d: L\u00f3pez Obrador"},"content":{"rendered":"\n<p><strong><em>Advirti\u00f3 a &#8220;los conservadores&#8221; que no podr\u00e1n contra el movimiento de la Cuarta Transformaci\u00f3n<\/em><\/strong><\/p>\n\n\n\n<p>El presidente Andr\u00e9s Manuel L\u00f3pez Obrador asegur\u00f3 este s\u00e1bado que los conservadores \u201cle hacen lo que el viento a Ju\u00e1rez\u201c, y les advirti\u00f3 que no podr\u00e1n contra el movimiento de la Cuarta Transformaci\u00f3n.<\/p>\n\n\n\n<p>Durante la supervisi\u00f3n de los Programas para el Bienestar y Sembrando Vida, en Motozintla, Chiapas, L\u00f3pez Obrador asegur\u00f3 que los conservadores no le tienen amor al pueblo, \u201cellos hablan del pueblo pobre y flojo\u201d.<\/p>\n\n\n\n<p>\u201cYo estoy muy contento con el trabajo que ustedes realizan los que forman parte del Gabinete de Bienestar, los que coordinan los Programas para el Bienestar, porque esto, adem\u00e1s de ser profundamente humano, es lo que nos vincula con el pueblo\u201d, argument\u00f3.<\/p>\n\n\n\n<p>Si no existieran estos programas, no resistir\u00edamos los embates del conservadurismo, ya nos hubiesen bocabajeado, nos tendr\u00edan aplastados.<\/p>\n\n\n\n<figure class=\"wp-block-embed is-type-rich is-provider-twitter wp-block-embed-twitter\"><div class=\"wp-block-embed__wrapper\">\n<blockquote class=\"twitter-tweet\" data-width=\"550\" data-dnt=\"true\"><p lang=\"es\" dir=\"ltr\">Desde Motozintla, Chiapas, el presidente L\u00f3pez Obrador dijo que si no existieran los Programas del Bienestar, el conservadurismo ya los hubiera &#39;bocabajeado&#39;. <br><br>Pero, como cuentan con el respaldo del pueblo, &quot;nos hacen &#39;lo que el viento a Ju\u00e1rez&#39;&quot;<br><br>M\u00e1s en <a href=\"https:\/\/t.co\/BjdELZkpfR\">https:\/\/t.co\/BjdELZkpfR<\/a> <a href=\"https:\/\/t.co\/2RJDBiUuFy\">pic.twitter.com\/2RJDBiUuFy<\/a><\/p>&mdash; Joaqu\u00edn L\u00f3pez-D\u00f3riga (@lopezdoriga) <a href=\"https:\/\/twitter.com\/lopezdoriga\/status\/1431749291719237632?ref_src=twsrc%5Etfw\">August 28, 2021<\/a><\/blockquote><script async src=\"https:\/\/platform.twitter.com\/widgets.js\" charset=\"utf-8\"><\/script>\n<\/div><\/figure>\n\n\n\n<p>Pero, como tenemos el respaldo del pueblo, \u201cnos hacen lo que el viento a Ju\u00e1rez\u201d. No pueden, no van a poder derrotar al movimiento de la Transformaci\u00f3n en M\u00e9xico, pero la clave est\u00e1 en el pueblo\u201d, explic\u00f3.<\/p>\n\n\n\n<p>El mandatario mexicano hizo un llamado a las y los servidores p\u00fablicos a continuar trabajando en beneficio de la poblaci\u00f3n que m\u00e1s lo necesita.<\/p>\n\n\n\n<p>\u201cLes pido a todos los que est\u00e1n coordinando estas acciones, a todos los servidores p\u00fablicos, que nos sigamos aplicando con mucha dedicaci\u00f3n, con mucho amor, que sigamos entusiasmados sirviendo al pueblo, profes\u00e1ndole un profundo amor al pueblo. Esa es la pol\u00edtica\u201d, instruy\u00f3.<\/p>\n","protected":false},"excerpt":{"rendered":"<p>Advirti\u00f3 a &#8220;los conservadores&#8221; que no podr\u00e1n contra el movimiento de la Cuarta Transformaci\u00f3n El presidente Andr\u00e9s Manuel L\u00f3pez Obrador asegur\u00f3 este s\u00e1bado que los conservadores \u201cle hacen lo que el viento a Ju\u00e1rez\u201c, y les advirti\u00f3 que no podr\u00e1n contra el movimiento de la Cuarta Transformaci\u00f3n. Durante la supervisi\u00f3n de los Programas para el [&hellip;]<\/p>\n","protected":false},"author":47,"featured_media":11117,"comment_status":"open","ping_status":"open","sticky":false,"template":"","format":"standard","meta":{"tdm_status":"","tdm_grid_status":"","footnotes":""},"categories":[39],"tags":[],"class_list":{"0":"post-11116","1":"post","2":"type-post","3":"status-publish","4":"format-standard","5":"has-post-thumbnail","7":"category-noticias-nacionales"},"yoast_head":"<!-- This site is optimized with the Yoast SEO plugin v27.4 - https:\/\/yoast.com\/product\/yoast-seo-wordpress\/ -->\n<title>Conservadores \u201cnos hacen lo que el viento a Ju\u00e1rez\u201d: L\u00f3pez Obrador - Fuentes Fidedignas<\/title>\n<meta name=\"robots\" content=\"index, follow, max-snippet:-1, max-image-preview:large, max-video-preview:-1\" \/>\n<link rel=\"canonical\" href=\"https:\/\/fuentesfidedignas.com.mx\/index.php\/2021\/08\/28\/conservadores-nos-hacen-lo-que-el-viento-a-juarez-lopez-obrador\/\" \/>\n<meta property=\"og:locale\" content=\"es_MX\" \/>\n<meta property=\"og:type\" content=\"article\" \/>\n<meta property=\"og:title\" content=\"Conservadores \u201cnos hacen lo que el viento a Ju\u00e1rez\u201d: L\u00f3pez Obrador - Fuentes Fidedignas\" \/>\n<meta property=\"og:description\" content=\"Advirti\u00f3 a &#8220;los conservadores&#8221; que no podr\u00e1n contra el movimiento de la Cuarta Transformaci\u00f3n El presidente Andr\u00e9s Manuel L\u00f3pez Obrador asegur\u00f3 este s\u00e1bado que los conservadores \u201cle hacen lo que el viento a Ju\u00e1rez\u201c, y les advirti\u00f3 que no podr\u00e1n contra el movimiento de la Cuarta Transformaci\u00f3n. Durante la supervisi\u00f3n de los Programas para el [&hellip;]\" \/>\n<meta property=\"og:url\" content=\"https:\/\/fuentesfidedignas.com.mx\/index.php\/2021\/08\/28\/conservadores-nos-hacen-lo-que-el-viento-a-juarez-lopez-obrador\/\" \/>\n<meta property=\"og:site_name\" content=\"Fuentes Fidedignas\" \/>\n<meta property=\"article:publisher\" content=\"https:\/\/www.facebook.com\/Fuentes-Fidedignas-368234489921644\" \/>\n<meta property=\"article:published_time\" content=\"2021-08-29T02:11:00+00:00\" \/>\n<meta property=\"article:modified_time\" content=\"2021-08-29T02:11:03+00:00\" \/>\n<meta property=\"og:image\" content=\"https:\/\/fuentesfidedignas.com.mx\/wp-content\/uploads\/2021\/08\/amlo-lopez-obrador-motozintla.jpg\" \/>\n\t<meta property=\"og:image:width\" content=\"980\" \/>\n\t<meta property=\"og:image:height\" content=\"550\" \/>\n\t<meta property=\"og:image:type\" content=\"image\/jpeg\" \/>\n<meta name=\"author\" content=\"L\u00f3pez D\u00f3riga\" \/>\n<meta name=\"twitter:card\" content=\"summary_large_image\" \/>\n<meta name=\"twitter:creator\" content=\"@fidedignas\" \/>\n<meta name=\"twitter:site\" content=\"@fidedignas\" \/>\n<meta name=\"twitter:label1\" content=\"Escrito por\" \/>\n\t<meta name=\"twitter:data1\" content=\"L\u00f3pez D\u00f3riga\" \/>\n\t<meta name=\"twitter:label2\" content=\"Tiempo de lectura\" \/>\n\t<meta name=\"twitter:data2\" content=\"2 minutos\" \/>\n<script type=\"application\/ld+json\" class=\"yoast-schema-graph\">{\"@context\":\"https:\\\/\\\/schema.org\",\"@graph\":[{\"@type\":\"Article\",\"@id\":\"https:\\\/\\\/fuentesfidedignas.com.mx\\\/index.php\\\/2021\\\/08\\\/28\\\/conservadores-nos-hacen-lo-que-el-viento-a-juarez-lopez-obrador\\\/#article\",\"isPartOf\":{\"@id\":\"https:\\\/\\\/fuentesfidedignas.com.mx\\\/index.php\\\/2021\\\/08\\\/28\\\/conservadores-nos-hacen-lo-que-el-viento-a-juarez-lopez-obrador\\\/\"},\"author\":{\"name\":\"L\u00f3pez D\u00f3riga\",\"@id\":\"https:\\\/\\\/fuentesfidedignas.com.mx\\\/#\\\/schema\\\/person\\\/67d852f0557c8509146a4b9ddebd543a\"},\"headline\":\"Conservadores \u201cnos hacen lo que el viento a Ju\u00e1rez\u201d: L\u00f3pez Obrador\",\"datePublished\":\"2021-08-29T02:11:00+00:00\",\"dateModified\":\"2021-08-29T02:11:03+00:00\",\"mainEntityOfPage\":{\"@id\":\"https:\\\/\\\/fuentesfidedignas.com.mx\\\/index.php\\\/2021\\\/08\\\/28\\\/conservadores-nos-hacen-lo-que-el-viento-a-juarez-lopez-obrador\\\/\"},\"wordCount\":310,\"commentCount\":0,\"publisher\":{\"@id\":\"https:\\\/\\\/fuentesfidedignas.com.mx\\\/#organization\"},\"image\":{\"@id\":\"https:\\\/\\\/fuentesfidedignas.com.mx\\\/index.php\\\/2021\\\/08\\\/28\\\/conservadores-nos-hacen-lo-que-el-viento-a-juarez-lopez-obrador\\\/#primaryimage\"},\"thumbnailUrl\":\"https:\\\/\\\/fuentesfidedignas.com.mx\\\/wp-content\\\/uploads\\\/2021\\\/08\\\/amlo-lopez-obrador-motozintla.jpg\",\"articleSection\":[\"NOTICIAS NACIONALES\"],\"inLanguage\":\"es\",\"potentialAction\":[{\"@type\":\"CommentAction\",\"name\":\"Comment\",\"target\":[\"https:\\\/\\\/fuentesfidedignas.com.mx\\\/index.php\\\/2021\\\/08\\\/28\\\/conservadores-nos-hacen-lo-que-el-viento-a-juarez-lopez-obrador\\\/#respond\"]}]},{\"@type\":\"WebPage\",\"@id\":\"https:\\\/\\\/fuentesfidedignas.com.mx\\\/index.php\\\/2021\\\/08\\\/28\\\/conservadores-nos-hacen-lo-que-el-viento-a-juarez-lopez-obrador\\\/\",\"url\":\"https:\\\/\\\/fuentesfidedignas.com.mx\\\/index.php\\\/2021\\\/08\\\/28\\\/conservadores-nos-hacen-lo-que-el-viento-a-juarez-lopez-obrador\\\/\",\"name\":\"Conservadores \u201cnos hacen lo que el viento a Ju\u00e1rez\u201d: L\u00f3pez Obrador - Fuentes Fidedignas\",\"isPartOf\":{\"@id\":\"https:\\\/\\\/fuentesfidedignas.com.mx\\\/#website\"},\"primaryImageOfPage\":{\"@id\":\"https:\\\/\\\/fuentesfidedignas.com.mx\\\/index.php\\\/2021\\\/08\\\/28\\\/conservadores-nos-hacen-lo-que-el-viento-a-juarez-lopez-obrador\\\/#primaryimage\"},\"image\":{\"@id\":\"https:\\\/\\\/fuentesfidedignas.com.mx\\\/index.php\\\/2021\\\/08\\\/28\\\/conservadores-nos-hacen-lo-que-el-viento-a-juarez-lopez-obrador\\\/#primaryimage\"},\"thumbnailUrl\":\"https:\\\/\\\/fuentesfidedignas.com.mx\\\/wp-content\\\/uploads\\\/2021\\\/08\\\/amlo-lopez-obrador-motozintla.jpg\",\"datePublished\":\"2021-08-29T02:11:00+00:00\",\"dateModified\":\"2021-08-29T02:11:03+00:00\",\"breadcrumb\":{\"@id\":\"https:\\\/\\\/fuentesfidedignas.com.mx\\\/index.php\\\/2021\\\/08\\\/28\\\/conservadores-nos-hacen-lo-que-el-viento-a-juarez-lopez-obrador\\\/#breadcrumb\"},\"inLanguage\":\"es\",\"potentialAction\":[{\"@type\":\"ReadAction\",\"target\":[\"https:\\\/\\\/fuentesfidedignas.com.mx\\\/index.php\\\/2021\\\/08\\\/28\\\/conservadores-nos-hacen-lo-que-el-viento-a-juarez-lopez-obrador\\\/\"]}]},{\"@type\":\"ImageObject\",\"inLanguage\":\"es\",\"@id\":\"https:\\\/\\\/fuentesfidedignas.com.mx\\\/index.php\\\/2021\\\/08\\\/28\\\/conservadores-nos-hacen-lo-que-el-viento-a-juarez-lopez-obrador\\\/#primaryimage\",\"url\":\"https:\\\/\\\/fuentesfidedignas.com.mx\\\/wp-content\\\/uploads\\\/2021\\\/08\\\/amlo-lopez-obrador-motozintla.jpg\",\"contentUrl\":\"https:\\\/\\\/fuentesfidedignas.com.mx\\\/wp-content\\\/uploads\\\/2021\\\/08\\\/amlo-lopez-obrador-motozintla.jpg\",\"width\":980,\"height\":550},{\"@type\":\"BreadcrumbList\",\"@id\":\"https:\\\/\\\/fuentesfidedignas.com.mx\\\/index.php\\\/2021\\\/08\\\/28\\\/conservadores-nos-hacen-lo-que-el-viento-a-juarez-lopez-obrador\\\/#breadcrumb\",\"itemListElement\":[{\"@type\":\"ListItem\",\"position\":1,\"name\":\"Inicio\",\"item\":\"https:\\\/\\\/fuentesfidedignas.com.mx\\\/\"},{\"@type\":\"ListItem\",\"position\":2,\"name\":\"Conservadores \u201cnos hacen lo que el viento a Ju\u00e1rez\u201d: L\u00f3pez Obrador\"}]},{\"@type\":\"WebSite\",\"@id\":\"https:\\\/\\\/fuentesfidedignas.com.mx\\\/#website\",\"url\":\"https:\\\/\\\/fuentesfidedignas.com.mx\\\/\",\"name\":\"Fuentes Fidedignas\",\"description\":\"Otro sitio realizado con WordPress\",\"publisher\":{\"@id\":\"https:\\\/\\\/fuentesfidedignas.com.mx\\\/#organization\"},\"potentialAction\":[{\"@type\":\"SearchAction\",\"target\":{\"@type\":\"EntryPoint\",\"urlTemplate\":\"https:\\\/\\\/fuentesfidedignas.com.mx\\\/?s={search_term_string}\"},\"query-input\":{\"@type\":\"PropertyValueSpecification\",\"valueRequired\":true,\"valueName\":\"search_term_string\"}}],\"inLanguage\":\"es\"},{\"@type\":\"Organization\",\"@id\":\"https:\\\/\\\/fuentesfidedignas.com.mx\\\/#organization\",\"name\":\"Fuentes Fidedignas\",\"url\":\"https:\\\/\\\/fuentesfidedignas.com.mx\\\/\",\"logo\":{\"@type\":\"ImageObject\",\"inLanguage\":\"es\",\"@id\":\"https:\\\/\\\/fuentesfidedignas.com.mx\\\/#\\\/schema\\\/logo\\\/image\\\/\",\"url\":\"https:\\\/\\\/fuentesfidedignas.com.mx\\\/wp-content\\\/uploads\\\/2021\\\/04\\\/logo-retina.png\",\"contentUrl\":\"https:\\\/\\\/fuentesfidedignas.com.mx\\\/wp-content\\\/uploads\\\/2021\\\/04\\\/logo-retina.png\",\"width\":280,\"height\":51,\"caption\":\"Fuentes Fidedignas\"},\"image\":{\"@id\":\"https:\\\/\\\/fuentesfidedignas.com.mx\\\/#\\\/schema\\\/logo\\\/image\\\/\"},\"sameAs\":[\"https:\\\/\\\/www.facebook.com\\\/Fuentes-Fidedignas-368234489921644\",\"https:\\\/\\\/x.com\\\/fidedignas\"]},{\"@type\":\"Person\",\"@id\":\"https:\\\/\\\/fuentesfidedignas.com.mx\\\/#\\\/schema\\\/person\\\/67d852f0557c8509146a4b9ddebd543a\",\"name\":\"L\u00f3pez D\u00f3riga\",\"image\":{\"@type\":\"ImageObject\",\"inLanguage\":\"es\",\"@id\":\"https:\\\/\\\/secure.gravatar.com\\\/avatar\\\/e525b06574ca18b33cded59dfe5778d6c823b9513154eff47da551b0551bdd1e?s=96&d=mm&r=g\",\"url\":\"https:\\\/\\\/secure.gravatar.com\\\/avatar\\\/e525b06574ca18b33cded59dfe5778d6c823b9513154eff47da551b0551bdd1e?s=96&d=mm&r=g\",\"contentUrl\":\"https:\\\/\\\/secure.gravatar.com\\\/avatar\\\/e525b06574ca18b33cded59dfe5778d6c823b9513154eff47da551b0551bdd1e?s=96&d=mm&r=g\",\"caption\":\"L\u00f3pez D\u00f3riga\"},\"url\":\"https:\\\/\\\/fuentesfidedignas.com.mx\\\/index.php\\\/author\\\/doriga\\\/\"}]}<\/script>\n<!-- \/ Yoast SEO plugin. -->","yoast_head_json":{"title":"Conservadores \u201cnos hacen lo que el viento a Ju\u00e1rez\u201d: L\u00f3pez Obrador - Fuentes Fidedignas","robots":{"index":"index","follow":"follow","max-snippet":"max-snippet:-1","max-image-preview":"max-image-preview:large","max-video-preview":"max-video-preview:-1"},"canonical":"https:\/\/fuentesfidedignas.com.mx\/index.php\/2021\/08\/28\/conservadores-nos-hacen-lo-que-el-viento-a-juarez-lopez-obrador\/","og_locale":"es_MX","og_type":"article","og_title":"Conservadores \u201cnos hacen lo que el viento a Ju\u00e1rez\u201d: L\u00f3pez Obrador - Fuentes Fidedignas","og_description":"Advirti\u00f3 a &#8220;los conservadores&#8221; que no podr\u00e1n contra el movimiento de la Cuarta Transformaci\u00f3n El presidente Andr\u00e9s Manuel L\u00f3pez Obrador asegur\u00f3 este s\u00e1bado que los conservadores \u201cle hacen lo que el viento a Ju\u00e1rez\u201c, y les advirti\u00f3 que no podr\u00e1n contra el movimiento de la Cuarta Transformaci\u00f3n. Durante la supervisi\u00f3n de los Programas para el [&hellip;]","og_url":"https:\/\/fuentesfidedignas.com.mx\/index.php\/2021\/08\/28\/conservadores-nos-hacen-lo-que-el-viento-a-juarez-lopez-obrador\/","og_site_name":"Fuentes Fidedignas","article_publisher":"https:\/\/www.facebook.com\/Fuentes-Fidedignas-368234489921644","article_published_time":"2021-08-29T02:11:00+00:00","article_modified_time":"2021-08-29T02:11:03+00:00","og_image":[{"width":980,"height":550,"url":"https:\/\/fuentesfidedignas.com.mx\/wp-content\/uploads\/2021\/08\/amlo-lopez-obrador-motozintla.jpg","type":"image\/jpeg"}],"author":"L\u00f3pez D\u00f3riga","twitter_card":"summary_large_image","twitter_creator":"@fidedignas","twitter_site":"@fidedignas","twitter_misc":{"Escrito por":"L\u00f3pez D\u00f3riga","Tiempo de lectura":"2 minutos"},"schema":{"@context":"https:\/\/schema.org","@graph":[{"@type":"Article","@id":"https:\/\/fuentesfidedignas.com.mx\/index.php\/2021\/08\/28\/conservadores-nos-hacen-lo-que-el-viento-a-juarez-lopez-obrador\/#article","isPartOf":{"@id":"https:\/\/fuentesfidedignas.com.mx\/index.php\/2021\/08\/28\/conservadores-nos-hacen-lo-que-el-viento-a-juarez-lopez-obrador\/"},"author":{"name":"L\u00f3pez D\u00f3riga","@id":"https:\/\/fuentesfidedignas.com.mx\/#\/schema\/person\/67d852f0557c8509146a4b9ddebd543a"},"headline":"Conservadores \u201cnos hacen lo que el viento a Ju\u00e1rez\u201d: L\u00f3pez Obrador","datePublished":"2021-08-29T02:11:00+00:00","dateModified":"2021-08-29T02:11:03+00:00","mainEntityOfPage":{"@id":"https:\/\/fuentesfidedignas.com.mx\/index.php\/2021\/08\/28\/conservadores-nos-hacen-lo-que-el-viento-a-juarez-lopez-obrador\/"},"wordCount":310,"commentCount":0,"publisher":{"@id":"https:\/\/fuentesfidedignas.com.mx\/#organization"},"image":{"@id":"https:\/\/fuentesfidedignas.com.mx\/index.php\/2021\/08\/28\/conservadores-nos-hacen-lo-que-el-viento-a-juarez-lopez-obrador\/#primaryimage"},"thumbnailUrl":"https:\/\/fuentesfidedignas.com.mx\/wp-content\/uploads\/2021\/08\/amlo-lopez-obrador-motozintla.jpg","articleSection":["NOTICIAS NACIONALES"],"inLanguage":"es","potentialAction":[{"@type":"CommentAction","name":"Comment","target":["https:\/\/fuentesfidedignas.com.mx\/index.php\/2021\/08\/28\/conservadores-nos-hacen-lo-que-el-viento-a-juarez-lopez-obrador\/#respond"]}]},{"@type":"WebPage","@id":"https:\/\/fuentesfidedignas.com.mx\/index.php\/2021\/08\/28\/conservadores-nos-hacen-lo-que-el-viento-a-juarez-lopez-obrador\/","url":"https:\/\/fuentesfidedignas.com.mx\/index.php\/2021\/08\/28\/conservadores-nos-hacen-lo-que-el-viento-a-juarez-lopez-obrador\/","name":"Conservadores \u201cnos hacen lo que el viento a Ju\u00e1rez\u201d: L\u00f3pez Obrador - Fuentes Fidedignas","isPartOf":{"@id":"https:\/\/fuentesfidedignas.com.mx\/#website"},"primaryImageOfPage":{"@id":"https:\/\/fuentesfidedignas.com.mx\/index.php\/2021\/08\/28\/conservadores-nos-hacen-lo-que-el-viento-a-juarez-lopez-obrador\/#primaryimage"},"image":{"@id":"https:\/\/fuentesfidedignas.com.mx\/index.php\/2021\/08\/28\/conservadores-nos-hacen-lo-que-el-viento-a-juarez-lopez-obrador\/#primaryimage"},"thumbnailUrl":"https:\/\/fuentesfidedignas.com.mx\/wp-content\/uploads\/2021\/08\/amlo-lopez-obrador-motozintla.jpg","datePublished":"2021-08-29T02:11:00+00:00","dateModified":"2021-08-29T02:11:03+00:00","breadcrumb":{"@id":"https:\/\/fuentesfidedignas.com.mx\/index.php\/2021\/08\/28\/conservadores-nos-hacen-lo-que-el-viento-a-juarez-lopez-obrador\/#breadcrumb"},"inLanguage":"es","potentialAction":[{"@type":"ReadAction","target":["https:\/\/fuentesfidedignas.com.mx\/index.php\/2021\/08\/28\/conservadores-nos-hacen-lo-que-el-viento-a-juarez-lopez-obrador\/"]}]},{"@type":"ImageObject","inLanguage":"es","@id":"https:\/\/fuentesfidedignas.com.mx\/index.php\/2021\/08\/28\/conservadores-nos-hacen-lo-que-el-viento-a-juarez-lopez-obrador\/#primaryimage","url":"https:\/\/fuentesfidedignas.com.mx\/wp-content\/uploads\/2021\/08\/amlo-lopez-obrador-motozintla.jpg","contentUrl":"https:\/\/fuentesfidedignas.com.mx\/wp-content\/uploads\/2021\/08\/amlo-lopez-obrador-motozintla.jpg","width":980,"height":550},{"@type":"BreadcrumbList","@id":"https:\/\/fuentesfidedignas.com.mx\/index.php\/2021\/08\/28\/conservadores-nos-hacen-lo-que-el-viento-a-juarez-lopez-obrador\/#breadcrumb","itemListElement":[{"@type":"ListItem","position":1,"name":"Inicio","item":"https:\/\/fuentesfidedignas.com.mx\/"},{"@type":"ListItem","position":2,"name":"Conservadores \u201cnos hacen lo que el viento a Ju\u00e1rez\u201d: L\u00f3pez Obrador"}]},{"@type":"WebSite","@id":"https:\/\/fuentesfidedignas.com.mx\/#website","url":"https:\/\/fuentesfidedignas.com.mx\/","name":"Fuentes Fidedignas","description":"Otro sitio realizado con WordPress","publisher":{"@id":"https:\/\/fuentesfidedignas.com.mx\/#organization"},"potentialAction":[{"@type":"SearchAction","target":{"@type":"EntryPoint","urlTemplate":"https:\/\/fuentesfidedignas.com.mx\/?s={search_term_string}"},"query-input":{"@type":"PropertyValueSpecification","valueRequired":true,"valueName":"search_term_string"}}],"inLanguage":"es"},{"@type":"Organization","@id":"https:\/\/fuentesfidedignas.com.mx\/#organization","name":"Fuentes Fidedignas","url":"https:\/\/fuentesfidedignas.com.mx\/","logo":{"@type":"ImageObject","inLanguage":"es","@id":"https:\/\/fuentesfidedignas.com.mx\/#\/schema\/logo\/image\/","url":"https:\/\/fuentesfidedignas.com.mx\/wp-content\/uploads\/2021\/04\/logo-retina.png","contentUrl":"https:\/\/fuentesfidedignas.com.mx\/wp-content\/uploads\/2021\/04\/logo-retina.png","width":280,"height":51,"caption":"Fuentes Fidedignas"},"image":{"@id":"https:\/\/fuentesfidedignas.com.mx\/#\/schema\/logo\/image\/"},"sameAs":["https:\/\/www.facebook.com\/Fuentes-Fidedignas-368234489921644","https:\/\/x.com\/fidedignas"]},{"@type":"Person","@id":"https:\/\/fuentesfidedignas.com.mx\/#\/schema\/person\/67d852f0557c8509146a4b9ddebd543a","name":"L\u00f3pez D\u00f3riga","image":{"@type":"ImageObject","inLanguage":"es","@id":"https:\/\/secure.gravatar.com\/avatar\/e525b06574ca18b33cded59dfe5778d6c823b9513154eff47da551b0551bdd1e?s=96&d=mm&r=g","url":"https:\/\/secure.gravatar.com\/avatar\/e525b06574ca18b33cded59dfe5778d6c823b9513154eff47da551b0551bdd1e?s=96&d=mm&r=g","contentUrl":"https:\/\/secure.gravatar.com\/avatar\/e525b06574ca18b33cded59dfe5778d6c823b9513154eff47da551b0551bdd1e?s=96&d=mm&r=g","caption":"L\u00f3pez D\u00f3riga"},"url":"https:\/\/fuentesfidedignas.com.mx\/index.php\/author\/doriga\/"}]}},"_links":{"self":[{"href":"https:\/\/fuentesfidedignas.com.mx\/index.php\/wp-json\/wp\/v2\/posts\/11116","targetHints":{"allow":["GET"]}}],"collection":[{"href":"https:\/\/fuentesfidedignas.com.mx\/index.php\/wp-json\/wp\/v2\/posts"}],"about":[{"href":"https:\/\/fuentesfidedignas.com.mx\/index.php\/wp-json\/wp\/v2\/types\/post"}],"author":[{"embeddable":true,"href":"https:\/\/fuentesfidedignas.com.mx\/index.php\/wp-json\/wp\/v2\/users\/47"}],"replies":[{"embeddable":true,"href":"https:\/\/fuentesfidedignas.com.mx\/index.php\/wp-json\/wp\/v2\/comments?post=11116"}],"version-history":[{"count":1,"href":"https:\/\/fuentesfidedignas.com.mx\/index.php\/wp-json\/wp\/v2\/posts\/11116\/revisions"}],"predecessor-version":[{"id":11118,"href":"https:\/\/fuentesfidedignas.com.mx\/index.php\/wp-json\/wp\/v2\/posts\/11116\/revisions\/11118"}],"wp:featuredmedia":[{"embeddable":true,"href":"https:\/\/fuentesfidedignas.com.mx\/index.php\/wp-json\/wp\/v2\/media\/11117"}],"wp:attachment":[{"href":"https:\/\/fuentesfidedignas.com.mx\/index.php\/wp-json\/wp\/v2\/media?parent=11116"}],"wp:term":[{"taxonomy":"category","embeddable":true,"href":"https:\/\/fuentesfidedignas.com.mx\/index.php\/wp-json\/wp\/v2\/categories?post=11116"},{"taxonomy":"post_tag","embeddable":true,"href":"https:\/\/fuentesfidedignas.com.mx\/index.php\/wp-json\/wp\/v2\/tags?post=11116"}],"curies":[{"name":"wp","href":"https:\/\/api.w.org\/{rel}","templated":true}]}}