{"id":111086,"date":"2025-06-20T10:39:55","date_gmt":"2025-06-20T17:39:55","guid":{"rendered":"https:\/\/fuentesfidedignas.com.mx\/?p=111086"},"modified":"2025-06-20T10:40:10","modified_gmt":"2025-06-20T17:40:10","slug":"huracan-erick-dejo-dos-muertes-a-su-paso-por-mexico-que-se-sabe","status":"publish","type":"post","link":"https:\/\/fuentesfidedignas.com.mx\/index.php\/2025\/06\/20\/huracan-erick-dejo-dos-muertes-a-su-paso-por-mexico-que-se-sabe\/","title":{"rendered":"Hurac\u00e1n &#8220;Erick&#8221; dej\u00f3 dos muertes a su paso por M\u00e9xico: \u00bfQu\u00e9 se sabe?"},"content":{"rendered":"\n<p><strong><em>Al menos un menor de edad y un adulto murieron tras el paso del hurac\u00e1n &#8220;Erick&#8221; por el sur de M\u00e9xico, donde el fen\u00f3meno se disipaba la noche del jueves tras dejar tambi\u00e9n da\u00f1os materiales en comunidades costeras.<\/em><\/strong><\/p>\n\n\n\n<p>Al menos un menor de edad y un adulto murieron tras el paso del hurac\u00e1n &#8220;Erick&#8221; por el sur de M\u00e9xico, donde el fen\u00f3meno se disipaba la noche del jueves tras dejar tambi\u00e9n da\u00f1os materiales en comunidades costeras.<\/p>\n\n\n\n<p>El gobierno del estado de Oaxaca, donde el cicl\u00f3n toc\u00f3 tierra la madrugada, confirm\u00f3 que un hombre muri\u00f3 electrocutado cuando ayudaba en tareas de remoci\u00f3n de escombros y manipul\u00f3 cables de alta tensi\u00f3n en la zona de un arroyo, en el municipio de San Pedro Pochutla.<\/p>\n\n\n\n<p>En Guerrero, las autoridades de protecci\u00f3n civil informaron que en la localidad de San Marcos, un menor falleci\u00f3 al ser arrastrado por un arroyo cuando su madre, que lo llevaba en brazos, intent\u00f3 cruzarlo.<\/p>\n\n\n\n<p>Seg\u00fan el \u00faltimo reporte del Centro Nacional de Huracanes (CNH) de Estados Unidos, en la noche el fen\u00f3meno se hab\u00eda debilitado a un sistema de baja presi\u00f3n ubicado a 155 kil\u00f3metros del puerto de Acapulco, con vientos sostenidos de 45 kil\u00f3metros por hora.<\/p>\n\n\n\n<p>&#8220;Erick&#8221; impact\u00f3 la costa de Oaxaca, cerca de los l\u00edmites con Guerrero, la madrugada de este jueves como un hurac\u00e1n categor\u00eda 3 de la escala Saffir-Simpson. Poco antes de tocar tierra alcanz\u00f3 la categor\u00eda 4.<\/p>\n\n\n\n<p>Comunidades costeras como Lagunas de Chacahua, en Oaxaca y con unos 2,800 habitantes, sufrieron directamente el embate del fen\u00f3meno, que destruy\u00f3 los techos de palma de numerosas viviendas y comercios, adem\u00e1s de dejar calles anegadas, constat\u00f3 la AFP.<\/p>\n\n\n\n<p>&#8220;Fue muy fuerte, muy feo (\u2026) todo el pueblo est\u00e1 sin casa, sin ropa, no tenemos ayuda&#8221;, dijo a la AFP Francisca \u00c1vila, un ama de casa de 45 a\u00f1os mientras lamentaba la p\u00e9rdida de gran parte de sus enseres dom\u00e9sticos.<\/p>\n\n\n\n<p>El fen\u00f3meno ingres\u00f3 por una zona escasamente poblada y se adentr\u00f3 por una cadena monta\u00f1osa, pero ha desatado fuertes precipitaciones. Las autoridades mexicanas mantienen una alerta por potenciales deslaves e inundaciones.<\/p>\n\n\n\n<p><strong>Intensas lluvias por venir<\/strong><br>La presidenta Claudia Sheinbaum inform\u00f3 en su conferencia matutina que se esperan a\u00fan intensas lluvias en los estados de Guerrero, Oaxaca y Chiapas, adem\u00e1s de Veracruz y Puebla.<\/p>\n\n\n\n<p>Agradeci\u00f3 adem\u00e1s a la poblaci\u00f3n por seguir las recomendaciones de las autoridades &#8220;de forma muy responsable&#8221;, en un mensaje divulgado en sus redes sociales.<\/p>\n\n\n\n<p>La mandataria report\u00f3 15 tramos de carreteras cerrados y un hospital del Seguro Social con penetraci\u00f3n de agua en el estado de Oaxaca, as\u00ed como m\u00e1s de 123,000 usuarios afectados por cortes de electricidad.<\/p>\n\n\n\n<p>En el puerto de Acapulco, que en 2023 sufri\u00f3 el paso del hurac\u00e1n de categor\u00eda 5 Otis que dej\u00f3 medio centenar de muertos, el cicl\u00f3n provoc\u00f3 una gran movilizaci\u00f3n de sus habitantes para proteger viviendas, comercios y embarcaciones.<\/p>\n\n\n\n<p>En las zonas afectadas se cerraron las terminales a\u00e9reas y los puertos, y se suspendieron clases y actividades no esenciales.<\/p>\n\n\n\n<p>Puerto Escondido, un popular destino tur\u00edstico con cerca de 30,000 habitantes, tambi\u00e9n resinti\u00f3 el paso del meteoro, que dej\u00f3 anuncios, postes y ramas ca\u00eddas.<\/p>\n\n\n\n<p>El agua &#8220;nunca hab\u00eda pegado con esta magnitud&#8221; en Puerto Escondido, dijo el comerciante Luis Alberto Gil, de 44 a\u00f1os.<\/p>\n\n\n\n<p>El gobierno federal despleg\u00f3 cientos de militares como parte del plan de contingencia y se habilitaron m\u00e1s de 2,000 refugios.<\/p>\n\n\n\n<p>Por su ubicaci\u00f3n geogr\u00e1fica, M\u00e9xico sufre todos los a\u00f1os el embate de ciclones, tanto en la costa del Pac\u00edfico como en la del Atl\u00e1ntico, normalmente entre mayo y noviembre. En septiembre de 2024, la costa sur del Pac\u00edfico mexicano fue golpeada en dos ocasiones por John, que lleg\u00f3 a ser categor\u00eda 3 y caus\u00f3 al menos 15 fallecidos, la mayor\u00eda en Acapulco.<\/p>\n","protected":false},"excerpt":{"rendered":"<p>Al menos un menor de edad y un adulto murieron tras el paso del hurac\u00e1n &#8220;Erick&#8221; por el sur de M\u00e9xico, donde el fen\u00f3meno se disipaba la noche del jueves tras dejar tambi\u00e9n da\u00f1os materiales en comunidades costeras. Al menos un menor de edad y un adulto murieron tras el paso del hurac\u00e1n &#8220;Erick&#8221; por [&hellip;]<\/p>\n","protected":false},"author":12,"featured_media":111087,"comment_status":"open","ping_status":"open","sticky":false,"template":"","format":"standard","meta":{"tdm_status":"","tdm_grid_status":"","footnotes":""},"categories":[39],"tags":[],"class_list":{"0":"post-111086","1":"post","2":"type-post","3":"status-publish","4":"format-standard","5":"has-post-thumbnail","7":"category-noticias-nacionales"},"yoast_head":"<!-- This site is optimized with the Yoast SEO plugin v27.5 - https:\/\/yoast.com\/product\/yoast-seo-wordpress\/ -->\n<title>Hurac\u00e1n &quot;Erick&quot; dej\u00f3 dos muertes a su paso por M\u00e9xico: \u00bfQu\u00e9 se sabe? - Fuentes Fidedignas<\/title>\n<meta name=\"robots\" content=\"index, follow, max-snippet:-1, max-image-preview:large, max-video-preview:-1\" \/>\n<link rel=\"canonical\" href=\"https:\/\/fuentesfidedignas.com.mx\/index.php\/2025\/06\/20\/huracan-erick-dejo-dos-muertes-a-su-paso-por-mexico-que-se-sabe\/\" \/>\n<meta property=\"og:locale\" content=\"es_MX\" \/>\n<meta property=\"og:type\" content=\"article\" \/>\n<meta property=\"og:title\" content=\"Hurac\u00e1n &quot;Erick&quot; dej\u00f3 dos muertes a su paso por M\u00e9xico: \u00bfQu\u00e9 se sabe? - Fuentes Fidedignas\" \/>\n<meta property=\"og:description\" content=\"Al menos un menor de edad y un adulto murieron tras el paso del hurac\u00e1n &#8220;Erick&#8221; por el sur de M\u00e9xico, donde el fen\u00f3meno se disipaba la noche del jueves tras dejar tambi\u00e9n da\u00f1os materiales en comunidades costeras. Al menos un menor de edad y un adulto murieron tras el paso del hurac\u00e1n &#8220;Erick&#8221; por [&hellip;]\" \/>\n<meta property=\"og:url\" content=\"https:\/\/fuentesfidedignas.com.mx\/index.php\/2025\/06\/20\/huracan-erick-dejo-dos-muertes-a-su-paso-por-mexico-que-se-sabe\/\" \/>\n<meta property=\"og:site_name\" content=\"Fuentes Fidedignas\" \/>\n<meta property=\"article:publisher\" content=\"https:\/\/www.facebook.com\/Fuentes-Fidedignas-368234489921644\" \/>\n<meta property=\"article:published_time\" content=\"2025-06-20T17:39:55+00:00\" \/>\n<meta property=\"article:modified_time\" content=\"2025-06-20T17:40:10+00:00\" \/>\n<meta property=\"og:image\" content=\"https:\/\/fuentesfidedignas.com.mx\/wp-content\/uploads\/2025\/06\/informe-dan83os-muertos-heridos-saldo-huracan-erick-2025.jpg\" \/>\n\t<meta property=\"og:image:width\" content=\"600\" \/>\n\t<meta property=\"og:image:height\" content=\"337\" \/>\n\t<meta property=\"og:image:type\" content=\"image\/jpeg\" \/>\n<meta name=\"author\" content=\"AFP\" \/>\n<meta name=\"twitter:card\" content=\"summary_large_image\" \/>\n<meta name=\"twitter:creator\" content=\"@fidedignas\" \/>\n<meta name=\"twitter:site\" content=\"@fidedignas\" \/>\n<meta name=\"twitter:label1\" content=\"Escrito por\" \/>\n\t<meta name=\"twitter:data1\" content=\"AFP\" \/>\n\t<meta name=\"twitter:label2\" content=\"Tiempo de lectura\" \/>\n\t<meta name=\"twitter:data2\" content=\"4 minutos\" \/>\n<script type=\"application\/ld+json\" class=\"yoast-schema-graph\">{\"@context\":\"https:\\\/\\\/schema.org\",\"@graph\":[{\"@type\":\"Article\",\"@id\":\"https:\\\/\\\/fuentesfidedignas.com.mx\\\/index.php\\\/2025\\\/06\\\/20\\\/huracan-erick-dejo-dos-muertes-a-su-paso-por-mexico-que-se-sabe\\\/#article\",\"isPartOf\":{\"@id\":\"https:\\\/\\\/fuentesfidedignas.com.mx\\\/index.php\\\/2025\\\/06\\\/20\\\/huracan-erick-dejo-dos-muertes-a-su-paso-por-mexico-que-se-sabe\\\/\"},\"author\":{\"name\":\"AFP\",\"@id\":\"https:\\\/\\\/fuentesfidedignas.com.mx\\\/#\\\/schema\\\/person\\\/1827b38c6cf89e1d6cc7d78ca3fae732\"},\"headline\":\"Hurac\u00e1n &#8220;Erick&#8221; dej\u00f3 dos muertes a su paso por M\u00e9xico: \u00bfQu\u00e9 se sabe?\",\"datePublished\":\"2025-06-20T17:39:55+00:00\",\"dateModified\":\"2025-06-20T17:40:10+00:00\",\"mainEntityOfPage\":{\"@id\":\"https:\\\/\\\/fuentesfidedignas.com.mx\\\/index.php\\\/2025\\\/06\\\/20\\\/huracan-erick-dejo-dos-muertes-a-su-paso-por-mexico-que-se-sabe\\\/\"},\"wordCount\":673,\"commentCount\":0,\"publisher\":{\"@id\":\"https:\\\/\\\/fuentesfidedignas.com.mx\\\/#organization\"},\"image\":{\"@id\":\"https:\\\/\\\/fuentesfidedignas.com.mx\\\/index.php\\\/2025\\\/06\\\/20\\\/huracan-erick-dejo-dos-muertes-a-su-paso-por-mexico-que-se-sabe\\\/#primaryimage\"},\"thumbnailUrl\":\"https:\\\/\\\/fuentesfidedignas.com.mx\\\/wp-content\\\/uploads\\\/2025\\\/06\\\/informe-dan83os-muertos-heridos-saldo-huracan-erick-2025.jpg\",\"articleSection\":[\"NOTICIAS NACIONALES\"],\"inLanguage\":\"es\",\"potentialAction\":[{\"@type\":\"CommentAction\",\"name\":\"Comment\",\"target\":[\"https:\\\/\\\/fuentesfidedignas.com.mx\\\/index.php\\\/2025\\\/06\\\/20\\\/huracan-erick-dejo-dos-muertes-a-su-paso-por-mexico-que-se-sabe\\\/#respond\"]}]},{\"@type\":\"WebPage\",\"@id\":\"https:\\\/\\\/fuentesfidedignas.com.mx\\\/index.php\\\/2025\\\/06\\\/20\\\/huracan-erick-dejo-dos-muertes-a-su-paso-por-mexico-que-se-sabe\\\/\",\"url\":\"https:\\\/\\\/fuentesfidedignas.com.mx\\\/index.php\\\/2025\\\/06\\\/20\\\/huracan-erick-dejo-dos-muertes-a-su-paso-por-mexico-que-se-sabe\\\/\",\"name\":\"Hurac\u00e1n \\\"Erick\\\" dej\u00f3 dos muertes a su paso por M\u00e9xico: \u00bfQu\u00e9 se sabe? - Fuentes Fidedignas\",\"isPartOf\":{\"@id\":\"https:\\\/\\\/fuentesfidedignas.com.mx\\\/#website\"},\"primaryImageOfPage\":{\"@id\":\"https:\\\/\\\/fuentesfidedignas.com.mx\\\/index.php\\\/2025\\\/06\\\/20\\\/huracan-erick-dejo-dos-muertes-a-su-paso-por-mexico-que-se-sabe\\\/#primaryimage\"},\"image\":{\"@id\":\"https:\\\/\\\/fuentesfidedignas.com.mx\\\/index.php\\\/2025\\\/06\\\/20\\\/huracan-erick-dejo-dos-muertes-a-su-paso-por-mexico-que-se-sabe\\\/#primaryimage\"},\"thumbnailUrl\":\"https:\\\/\\\/fuentesfidedignas.com.mx\\\/wp-content\\\/uploads\\\/2025\\\/06\\\/informe-dan83os-muertos-heridos-saldo-huracan-erick-2025.jpg\",\"datePublished\":\"2025-06-20T17:39:55+00:00\",\"dateModified\":\"2025-06-20T17:40:10+00:00\",\"breadcrumb\":{\"@id\":\"https:\\\/\\\/fuentesfidedignas.com.mx\\\/index.php\\\/2025\\\/06\\\/20\\\/huracan-erick-dejo-dos-muertes-a-su-paso-por-mexico-que-se-sabe\\\/#breadcrumb\"},\"inLanguage\":\"es\",\"potentialAction\":[{\"@type\":\"ReadAction\",\"target\":[\"https:\\\/\\\/fuentesfidedignas.com.mx\\\/index.php\\\/2025\\\/06\\\/20\\\/huracan-erick-dejo-dos-muertes-a-su-paso-por-mexico-que-se-sabe\\\/\"]}]},{\"@type\":\"ImageObject\",\"inLanguage\":\"es\",\"@id\":\"https:\\\/\\\/fuentesfidedignas.com.mx\\\/index.php\\\/2025\\\/06\\\/20\\\/huracan-erick-dejo-dos-muertes-a-su-paso-por-mexico-que-se-sabe\\\/#primaryimage\",\"url\":\"https:\\\/\\\/fuentesfidedignas.com.mx\\\/wp-content\\\/uploads\\\/2025\\\/06\\\/informe-dan83os-muertos-heridos-saldo-huracan-erick-2025.jpg\",\"contentUrl\":\"https:\\\/\\\/fuentesfidedignas.com.mx\\\/wp-content\\\/uploads\\\/2025\\\/06\\\/informe-dan83os-muertos-heridos-saldo-huracan-erick-2025.jpg\",\"width\":600,\"height\":337},{\"@type\":\"BreadcrumbList\",\"@id\":\"https:\\\/\\\/fuentesfidedignas.com.mx\\\/index.php\\\/2025\\\/06\\\/20\\\/huracan-erick-dejo-dos-muertes-a-su-paso-por-mexico-que-se-sabe\\\/#breadcrumb\",\"itemListElement\":[{\"@type\":\"ListItem\",\"position\":1,\"name\":\"Inicio\",\"item\":\"https:\\\/\\\/fuentesfidedignas.com.mx\\\/\"},{\"@type\":\"ListItem\",\"position\":2,\"name\":\"Hurac\u00e1n &#8220;Erick&#8221; dej\u00f3 dos muertes a su paso por M\u00e9xico: \u00bfQu\u00e9 se sabe?\"}]},{\"@type\":\"WebSite\",\"@id\":\"https:\\\/\\\/fuentesfidedignas.com.mx\\\/#website\",\"url\":\"https:\\\/\\\/fuentesfidedignas.com.mx\\\/\",\"name\":\"Fuentes Fidedignas\",\"description\":\"Otro sitio realizado con WordPress\",\"publisher\":{\"@id\":\"https:\\\/\\\/fuentesfidedignas.com.mx\\\/#organization\"},\"potentialAction\":[{\"@type\":\"SearchAction\",\"target\":{\"@type\":\"EntryPoint\",\"urlTemplate\":\"https:\\\/\\\/fuentesfidedignas.com.mx\\\/?s={search_term_string}\"},\"query-input\":{\"@type\":\"PropertyValueSpecification\",\"valueRequired\":true,\"valueName\":\"search_term_string\"}}],\"inLanguage\":\"es\"},{\"@type\":\"Organization\",\"@id\":\"https:\\\/\\\/fuentesfidedignas.com.mx\\\/#organization\",\"name\":\"Fuentes Fidedignas\",\"url\":\"https:\\\/\\\/fuentesfidedignas.com.mx\\\/\",\"logo\":{\"@type\":\"ImageObject\",\"inLanguage\":\"es\",\"@id\":\"https:\\\/\\\/fuentesfidedignas.com.mx\\\/#\\\/schema\\\/logo\\\/image\\\/\",\"url\":\"https:\\\/\\\/fuentesfidedignas.com.mx\\\/wp-content\\\/uploads\\\/2021\\\/04\\\/logo-retina.png\",\"contentUrl\":\"https:\\\/\\\/fuentesfidedignas.com.mx\\\/wp-content\\\/uploads\\\/2021\\\/04\\\/logo-retina.png\",\"width\":280,\"height\":51,\"caption\":\"Fuentes Fidedignas\"},\"image\":{\"@id\":\"https:\\\/\\\/fuentesfidedignas.com.mx\\\/#\\\/schema\\\/logo\\\/image\\\/\"},\"sameAs\":[\"https:\\\/\\\/www.facebook.com\\\/Fuentes-Fidedignas-368234489921644\",\"https:\\\/\\\/x.com\\\/fidedignas\"]},{\"@type\":\"Person\",\"@id\":\"https:\\\/\\\/fuentesfidedignas.com.mx\\\/#\\\/schema\\\/person\\\/1827b38c6cf89e1d6cc7d78ca3fae732\",\"name\":\"AFP\",\"image\":{\"@type\":\"ImageObject\",\"inLanguage\":\"es\",\"@id\":\"https:\\\/\\\/secure.gravatar.com\\\/avatar\\\/236827d2ee9bf15e1ea99e0c1cd1b467cffa55e324d177638d0f8de7950cbae6?s=96&d=mm&r=g\",\"url\":\"https:\\\/\\\/secure.gravatar.com\\\/avatar\\\/236827d2ee9bf15e1ea99e0c1cd1b467cffa55e324d177638d0f8de7950cbae6?s=96&d=mm&r=g\",\"contentUrl\":\"https:\\\/\\\/secure.gravatar.com\\\/avatar\\\/236827d2ee9bf15e1ea99e0c1cd1b467cffa55e324d177638d0f8de7950cbae6?s=96&d=mm&r=g\",\"caption\":\"AFP\"},\"url\":\"https:\\\/\\\/fuentesfidedignas.com.mx\\\/index.php\\\/author\\\/afp\\\/\"}]}<\/script>\n<!-- \/ Yoast SEO plugin. -->","yoast_head_json":{"title":"Hurac\u00e1n \"Erick\" dej\u00f3 dos muertes a su paso por M\u00e9xico: \u00bfQu\u00e9 se sabe? - Fuentes Fidedignas","robots":{"index":"index","follow":"follow","max-snippet":"max-snippet:-1","max-image-preview":"max-image-preview:large","max-video-preview":"max-video-preview:-1"},"canonical":"https:\/\/fuentesfidedignas.com.mx\/index.php\/2025\/06\/20\/huracan-erick-dejo-dos-muertes-a-su-paso-por-mexico-que-se-sabe\/","og_locale":"es_MX","og_type":"article","og_title":"Hurac\u00e1n \"Erick\" dej\u00f3 dos muertes a su paso por M\u00e9xico: \u00bfQu\u00e9 se sabe? - Fuentes Fidedignas","og_description":"Al menos un menor de edad y un adulto murieron tras el paso del hurac\u00e1n &#8220;Erick&#8221; por el sur de M\u00e9xico, donde el fen\u00f3meno se disipaba la noche del jueves tras dejar tambi\u00e9n da\u00f1os materiales en comunidades costeras. Al menos un menor de edad y un adulto murieron tras el paso del hurac\u00e1n &#8220;Erick&#8221; por [&hellip;]","og_url":"https:\/\/fuentesfidedignas.com.mx\/index.php\/2025\/06\/20\/huracan-erick-dejo-dos-muertes-a-su-paso-por-mexico-que-se-sabe\/","og_site_name":"Fuentes Fidedignas","article_publisher":"https:\/\/www.facebook.com\/Fuentes-Fidedignas-368234489921644","article_published_time":"2025-06-20T17:39:55+00:00","article_modified_time":"2025-06-20T17:40:10+00:00","og_image":[{"width":600,"height":337,"url":"https:\/\/fuentesfidedignas.com.mx\/wp-content\/uploads\/2025\/06\/informe-dan83os-muertos-heridos-saldo-huracan-erick-2025.jpg","type":"image\/jpeg"}],"author":"AFP","twitter_card":"summary_large_image","twitter_creator":"@fidedignas","twitter_site":"@fidedignas","twitter_misc":{"Escrito por":"AFP","Tiempo de lectura":"4 minutos"},"schema":{"@context":"https:\/\/schema.org","@graph":[{"@type":"Article","@id":"https:\/\/fuentesfidedignas.com.mx\/index.php\/2025\/06\/20\/huracan-erick-dejo-dos-muertes-a-su-paso-por-mexico-que-se-sabe\/#article","isPartOf":{"@id":"https:\/\/fuentesfidedignas.com.mx\/index.php\/2025\/06\/20\/huracan-erick-dejo-dos-muertes-a-su-paso-por-mexico-que-se-sabe\/"},"author":{"name":"AFP","@id":"https:\/\/fuentesfidedignas.com.mx\/#\/schema\/person\/1827b38c6cf89e1d6cc7d78ca3fae732"},"headline":"Hurac\u00e1n &#8220;Erick&#8221; dej\u00f3 dos muertes a su paso por M\u00e9xico: \u00bfQu\u00e9 se sabe?","datePublished":"2025-06-20T17:39:55+00:00","dateModified":"2025-06-20T17:40:10+00:00","mainEntityOfPage":{"@id":"https:\/\/fuentesfidedignas.com.mx\/index.php\/2025\/06\/20\/huracan-erick-dejo-dos-muertes-a-su-paso-por-mexico-que-se-sabe\/"},"wordCount":673,"commentCount":0,"publisher":{"@id":"https:\/\/fuentesfidedignas.com.mx\/#organization"},"image":{"@id":"https:\/\/fuentesfidedignas.com.mx\/index.php\/2025\/06\/20\/huracan-erick-dejo-dos-muertes-a-su-paso-por-mexico-que-se-sabe\/#primaryimage"},"thumbnailUrl":"https:\/\/fuentesfidedignas.com.mx\/wp-content\/uploads\/2025\/06\/informe-dan83os-muertos-heridos-saldo-huracan-erick-2025.jpg","articleSection":["NOTICIAS NACIONALES"],"inLanguage":"es","potentialAction":[{"@type":"CommentAction","name":"Comment","target":["https:\/\/fuentesfidedignas.com.mx\/index.php\/2025\/06\/20\/huracan-erick-dejo-dos-muertes-a-su-paso-por-mexico-que-se-sabe\/#respond"]}]},{"@type":"WebPage","@id":"https:\/\/fuentesfidedignas.com.mx\/index.php\/2025\/06\/20\/huracan-erick-dejo-dos-muertes-a-su-paso-por-mexico-que-se-sabe\/","url":"https:\/\/fuentesfidedignas.com.mx\/index.php\/2025\/06\/20\/huracan-erick-dejo-dos-muertes-a-su-paso-por-mexico-que-se-sabe\/","name":"Hurac\u00e1n \"Erick\" dej\u00f3 dos muertes a su paso por M\u00e9xico: \u00bfQu\u00e9 se sabe? - Fuentes Fidedignas","isPartOf":{"@id":"https:\/\/fuentesfidedignas.com.mx\/#website"},"primaryImageOfPage":{"@id":"https:\/\/fuentesfidedignas.com.mx\/index.php\/2025\/06\/20\/huracan-erick-dejo-dos-muertes-a-su-paso-por-mexico-que-se-sabe\/#primaryimage"},"image":{"@id":"https:\/\/fuentesfidedignas.com.mx\/index.php\/2025\/06\/20\/huracan-erick-dejo-dos-muertes-a-su-paso-por-mexico-que-se-sabe\/#primaryimage"},"thumbnailUrl":"https:\/\/fuentesfidedignas.com.mx\/wp-content\/uploads\/2025\/06\/informe-dan83os-muertos-heridos-saldo-huracan-erick-2025.jpg","datePublished":"2025-06-20T17:39:55+00:00","dateModified":"2025-06-20T17:40:10+00:00","breadcrumb":{"@id":"https:\/\/fuentesfidedignas.com.mx\/index.php\/2025\/06\/20\/huracan-erick-dejo-dos-muertes-a-su-paso-por-mexico-que-se-sabe\/#breadcrumb"},"inLanguage":"es","potentialAction":[{"@type":"ReadAction","target":["https:\/\/fuentesfidedignas.com.mx\/index.php\/2025\/06\/20\/huracan-erick-dejo-dos-muertes-a-su-paso-por-mexico-que-se-sabe\/"]}]},{"@type":"ImageObject","inLanguage":"es","@id":"https:\/\/fuentesfidedignas.com.mx\/index.php\/2025\/06\/20\/huracan-erick-dejo-dos-muertes-a-su-paso-por-mexico-que-se-sabe\/#primaryimage","url":"https:\/\/fuentesfidedignas.com.mx\/wp-content\/uploads\/2025\/06\/informe-dan83os-muertos-heridos-saldo-huracan-erick-2025.jpg","contentUrl":"https:\/\/fuentesfidedignas.com.mx\/wp-content\/uploads\/2025\/06\/informe-dan83os-muertos-heridos-saldo-huracan-erick-2025.jpg","width":600,"height":337},{"@type":"BreadcrumbList","@id":"https:\/\/fuentesfidedignas.com.mx\/index.php\/2025\/06\/20\/huracan-erick-dejo-dos-muertes-a-su-paso-por-mexico-que-se-sabe\/#breadcrumb","itemListElement":[{"@type":"ListItem","position":1,"name":"Inicio","item":"https:\/\/fuentesfidedignas.com.mx\/"},{"@type":"ListItem","position":2,"name":"Hurac\u00e1n &#8220;Erick&#8221; dej\u00f3 dos muertes a su paso por M\u00e9xico: \u00bfQu\u00e9 se sabe?"}]},{"@type":"WebSite","@id":"https:\/\/fuentesfidedignas.com.mx\/#website","url":"https:\/\/fuentesfidedignas.com.mx\/","name":"Fuentes Fidedignas","description":"Otro sitio realizado con WordPress","publisher":{"@id":"https:\/\/fuentesfidedignas.com.mx\/#organization"},"potentialAction":[{"@type":"SearchAction","target":{"@type":"EntryPoint","urlTemplate":"https:\/\/fuentesfidedignas.com.mx\/?s={search_term_string}"},"query-input":{"@type":"PropertyValueSpecification","valueRequired":true,"valueName":"search_term_string"}}],"inLanguage":"es"},{"@type":"Organization","@id":"https:\/\/fuentesfidedignas.com.mx\/#organization","name":"Fuentes Fidedignas","url":"https:\/\/fuentesfidedignas.com.mx\/","logo":{"@type":"ImageObject","inLanguage":"es","@id":"https:\/\/fuentesfidedignas.com.mx\/#\/schema\/logo\/image\/","url":"https:\/\/fuentesfidedignas.com.mx\/wp-content\/uploads\/2021\/04\/logo-retina.png","contentUrl":"https:\/\/fuentesfidedignas.com.mx\/wp-content\/uploads\/2021\/04\/logo-retina.png","width":280,"height":51,"caption":"Fuentes Fidedignas"},"image":{"@id":"https:\/\/fuentesfidedignas.com.mx\/#\/schema\/logo\/image\/"},"sameAs":["https:\/\/www.facebook.com\/Fuentes-Fidedignas-368234489921644","https:\/\/x.com\/fidedignas"]},{"@type":"Person","@id":"https:\/\/fuentesfidedignas.com.mx\/#\/schema\/person\/1827b38c6cf89e1d6cc7d78ca3fae732","name":"AFP","image":{"@type":"ImageObject","inLanguage":"es","@id":"https:\/\/secure.gravatar.com\/avatar\/236827d2ee9bf15e1ea99e0c1cd1b467cffa55e324d177638d0f8de7950cbae6?s=96&d=mm&r=g","url":"https:\/\/secure.gravatar.com\/avatar\/236827d2ee9bf15e1ea99e0c1cd1b467cffa55e324d177638d0f8de7950cbae6?s=96&d=mm&r=g","contentUrl":"https:\/\/secure.gravatar.com\/avatar\/236827d2ee9bf15e1ea99e0c1cd1b467cffa55e324d177638d0f8de7950cbae6?s=96&d=mm&r=g","caption":"AFP"},"url":"https:\/\/fuentesfidedignas.com.mx\/index.php\/author\/afp\/"}]}},"_links":{"self":[{"href":"https:\/\/fuentesfidedignas.com.mx\/index.php\/wp-json\/wp\/v2\/posts\/111086","targetHints":{"allow":["GET"]}}],"collection":[{"href":"https:\/\/fuentesfidedignas.com.mx\/index.php\/wp-json\/wp\/v2\/posts"}],"about":[{"href":"https:\/\/fuentesfidedignas.com.mx\/index.php\/wp-json\/wp\/v2\/types\/post"}],"author":[{"embeddable":true,"href":"https:\/\/fuentesfidedignas.com.mx\/index.php\/wp-json\/wp\/v2\/users\/12"}],"replies":[{"embeddable":true,"href":"https:\/\/fuentesfidedignas.com.mx\/index.php\/wp-json\/wp\/v2\/comments?post=111086"}],"version-history":[{"count":1,"href":"https:\/\/fuentesfidedignas.com.mx\/index.php\/wp-json\/wp\/v2\/posts\/111086\/revisions"}],"predecessor-version":[{"id":111088,"href":"https:\/\/fuentesfidedignas.com.mx\/index.php\/wp-json\/wp\/v2\/posts\/111086\/revisions\/111088"}],"wp:featuredmedia":[{"embeddable":true,"href":"https:\/\/fuentesfidedignas.com.mx\/index.php\/wp-json\/wp\/v2\/media\/111087"}],"wp:attachment":[{"href":"https:\/\/fuentesfidedignas.com.mx\/index.php\/wp-json\/wp\/v2\/media?parent=111086"}],"wp:term":[{"taxonomy":"category","embeddable":true,"href":"https:\/\/fuentesfidedignas.com.mx\/index.php\/wp-json\/wp\/v2\/categories?post=111086"},{"taxonomy":"post_tag","embeddable":true,"href":"https:\/\/fuentesfidedignas.com.mx\/index.php\/wp-json\/wp\/v2\/tags?post=111086"}],"curies":[{"name":"wp","href":"https:\/\/api.w.org\/{rel}","templated":true}]}}