{"id":11107,"date":"2021-08-28T13:31:47","date_gmt":"2021-08-28T20:31:47","guid":{"rendered":"https:\/\/fuentesfidedignas.com.mx\/?p=11107"},"modified":"2021-08-28T13:31:49","modified_gmt":"2021-08-28T20:31:49","slug":"viviendas-a-desplazados-obra-de-justicia-social-quirino","status":"publish","type":"post","link":"https:\/\/fuentesfidedignas.com.mx\/index.php\/2021\/08\/28\/viviendas-a-desplazados-obra-de-justicia-social-quirino\/","title":{"rendered":"Viviendas a desplazados, obra de justicia social: Quirino"},"content":{"rendered":"\n<p><em><strong>Con este nuevo paquete de casas, en Mazatl\u00e1n, ya suman 120 viviendas las que se entregar\u00e1n en cuesti\u00f3n de d\u00edas<\/strong><\/em><\/p>\n\n\n\n<p>Mazatl\u00e1n, Sin.- Tal como lo hizo hace poco m\u00e1s de una semana en Choix, el gobernador Quirino Ordaz Coppel acudi\u00f3 ahora a Mazatl\u00e1n para supervisar la construcci\u00f3n de 52 viviendas para familias desplazadas de la zona serrana de Concordia, Rosario y Mazatl\u00e1n, casas ya pr\u00e1cticamente concluidas, con un avance del 95 por ciento, que sumar\u00e1n un paquete de 120 viviendas en estos dos municipios.<\/p>\n\n\n\n<p>Al ser recibido por las familias que habitar\u00e1n estas nuevas viviendas en el fraccionamiento Rinc\u00f3n de Ur\u00edas, el mandatario estatal destac\u00f3 que esto se trata de una obra de justicia social, porque les otorga un patrimonio para sus hijos, y un techo digno que ocupar, luego de haber dejado atr\u00e1s sus hogares en sus comunidades de origen.<\/p>\n\n\n\n<p>Ordaz Coppel destac\u00f3 que su gobierno ha sido el \u00fanico en todo el pa\u00eds en atender el problema social que representa las familias desplazadas, a quienes en el pasado s\u00f3lo se les atend\u00eda con despensas y cobijas, pero nunca en la historia gobierno alguno hab\u00eda entregado viviendas.<\/p>\n\n\n\n<p>\u201cMi gobierno es el \u00fanico gobierno, el primer gobierno que realmente voltea a ver a los desplazados, son seres humanos, son gente igual que nosotros, por eso es que un gobierno tiene que voltear y ver qui\u00e9n lo necesita, y no hemos escatimado recursos, 45 millones de pesos es una suma importante, pero m\u00e1s importante es que ustedes est\u00e9n tranquilos y que tengan la seguridad de tener un futuro\u201d, coment\u00f3.<\/p>\n\n\n\n<p>Reiter\u00f3 que esta es una obra de justicia social, y record\u00f3 que cuando inici\u00f3 su administraci\u00f3n este programa no exist\u00eda, y el \u00fanico apoyo que se les daba a estas familias eran despensas o apoyos asistenciales, que son buenos pero que no resuelven el problema de fondo.<\/p>\n\n\n\n<p>\u201cEsto tiene un enorme significado y sentido social, yo realmente al ver su rostro veo, por un lado, la tristeza de no estar en sus hogares de origen, de donde se desplazaron para venirse a Mazatl\u00e1n, pero por otro lado, el gusto de tener un lugar que les d\u00e9 un patrimonio, una seguridad, un techo, no de l\u00e1mina, un techo que les da la protecci\u00f3n para tener el espacio para ustedes y sus hijos\u201d, dijo.<\/p>\n\n\n\n<p>Esto mismo reconoci\u00f3 el se\u00f1or Miguel Guti\u00e9rrez, dirigente del Movimiento Amplio Sinaloense, quien habl\u00f3 a nombre de las familias beneficiadas, y agradeci\u00f3 que mediante esta entrega de viviendas, se brinda seguridad y certeza en su futuro para estas 120 familias que tuvieron que dejar todo al emigrar de sus comunidades por diversas causas, peregrinar que inici\u00f3 desde el 2012 y que se recrudeci\u00f3 para el 2017.<\/p>\n\n\n\n<p>La representaci\u00f3n personal del alcalde Luis Guillermo Ben\u00edtez Torres, la llev\u00f3 el director de Bienestar Social del Ayuntamiento de Mazatl\u00e1n, Tonatiu Guerra Mart\u00ednez, quien reconoci\u00f3 el gran apoyo que le ha otorgado el gobernador Quirino Ordaz Coppel a Mazatl\u00e1n.<\/p>\n\n\n\n<p>\u201cMazatl\u00e1n le va a quedar a deber al gobernador Quirino Ordaz Coppel, y le queda a deber de m\u00e1s, porque ha sido el gobernador que se ha volcado a la zona sur y nosotros ya no sabemos c\u00f3mo corresponderle a sus atenciones que ha tenido, porque de aqu\u00ed al final de su gobierno nos la vamos a pasar inaugurando obras que \u00e9l deja para su municipio y el sur del estado. No me queda m\u00e1s que agradecerle a \u00e9l y a sus funcionarios que han sido tan amables de hacernos part\u00edcipes de este cierre tan espectacular que estamos teniendo, en donde se ve todo lo invertido de manera real\u201d, agradeci\u00f3.<\/p>\n\n\n\n<p>Por su parte, titular de la Comisi\u00f3n de Vivienda de Sinaloa, No\u00e9 Heredia, explic\u00f3 que este segundo paquete de viviendas consta de 52 casas de 50.88 metros cuadrados, con sala, ba\u00f1o, cocina y un cuarto de 3 por 6 metros, en un \u00e1rea individual de 6 por 17 metros, con servicios progresivos, pues una vez concluidas se conectar\u00e1n a las redes de energ\u00eda el\u00e9ctrica, agua potable y drenaje sanitario.<\/p>\n\n\n\n<p>A\u00f1adi\u00f3 que junto con las 52 viviendas, tambi\u00e9n se entregar\u00e1n 120 lotes de similares dimensiones, 6 por 17 metros, para otros beneficiados, y todo ello con una inversi\u00f3n estatal de 30 millones de pesos. Adem\u00e1s precis\u00f3 que el \u00fanico gasto que correr\u00e1 a cargo de las familias ser\u00e1n las escrituras, pues no se les requiri\u00f3 ninguna aportaci\u00f3n para la construcci\u00f3n de sus casas.<\/p>\n\n\n\n<p>El comisionado de vivienda inform\u00f3 tambi\u00e9n que se prev\u00e9 hacer nuevas entregas, pues se cuenta con una reserva de seis hect\u00e1reas en El Vainillo y El Castillo, aqu\u00ed en el municipio de Mazatl\u00e1n, para atender a m\u00e1s familias desplazadas.<\/p>\n\n\n\n<p>El secretario de Obras P\u00fablicas, Osbaldo L\u00f3pez Angulo, dio a conocer que por instrucciones del gobernador Quirino Ordaz Coppel, en este nuevo fraccionamiento se invertir\u00e1n 15 millones de pesos adicionales a los 30 millones de las casas, para construir un tanque de almacenamiento de agua potable, su l\u00ednea de conducci\u00f3n y el equipamiento de c\u00e1rcamo de rebombeo.<\/p>\n","protected":false},"excerpt":{"rendered":"<p>Con este nuevo paquete de casas, en Mazatl\u00e1n, ya suman 120 viviendas las que se entregar\u00e1n en cuesti\u00f3n de d\u00edas Mazatl\u00e1n, Sin.- Tal como lo hizo hace poco m\u00e1s de una semana en Choix, el gobernador Quirino Ordaz Coppel acudi\u00f3 ahora a Mazatl\u00e1n para supervisar la construcci\u00f3n de 52 viviendas para familias desplazadas de la [&hellip;]<\/p>\n","protected":false},"author":4,"featured_media":11108,"comment_status":"open","ping_status":"open","sticky":false,"template":"","format":"standard","meta":{"tdm_status":"","tdm_grid_status":"","footnotes":""},"categories":[37],"tags":[],"class_list":{"0":"post-11107","1":"post","2":"type-post","3":"status-publish","4":"format-standard","5":"has-post-thumbnail","7":"category-nota-principal"},"yoast_head":"<!-- This site is optimized with the Yoast SEO plugin v27.4 - https:\/\/yoast.com\/product\/yoast-seo-wordpress\/ -->\n<title>Viviendas a desplazados, obra de justicia social: Quirino - Fuentes Fidedignas<\/title>\n<meta name=\"robots\" content=\"index, follow, max-snippet:-1, max-image-preview:large, max-video-preview:-1\" \/>\n<link rel=\"canonical\" href=\"https:\/\/fuentesfidedignas.com.mx\/index.php\/2021\/08\/28\/viviendas-a-desplazados-obra-de-justicia-social-quirino\/\" \/>\n<meta property=\"og:locale\" content=\"es_MX\" \/>\n<meta property=\"og:type\" content=\"article\" \/>\n<meta property=\"og:title\" content=\"Viviendas a desplazados, obra de justicia social: Quirino - Fuentes Fidedignas\" \/>\n<meta property=\"og:description\" content=\"Con este nuevo paquete de casas, en Mazatl\u00e1n, ya suman 120 viviendas las que se entregar\u00e1n en cuesti\u00f3n de d\u00edas Mazatl\u00e1n, Sin.- Tal como lo hizo hace poco m\u00e1s de una semana en Choix, el gobernador Quirino Ordaz Coppel acudi\u00f3 ahora a Mazatl\u00e1n para supervisar la construcci\u00f3n de 52 viviendas para familias desplazadas de la [&hellip;]\" \/>\n<meta property=\"og:url\" content=\"https:\/\/fuentesfidedignas.com.mx\/index.php\/2021\/08\/28\/viviendas-a-desplazados-obra-de-justicia-social-quirino\/\" \/>\n<meta property=\"og:site_name\" content=\"Fuentes Fidedignas\" \/>\n<meta property=\"article:publisher\" content=\"https:\/\/www.facebook.com\/Fuentes-Fidedignas-368234489921644\" \/>\n<meta property=\"article:published_time\" content=\"2021-08-28T20:31:47+00:00\" \/>\n<meta property=\"article:modified_time\" content=\"2021-08-28T20:31:49+00:00\" \/>\n<meta property=\"og:image\" content=\"https:\/\/fuentesfidedignas.com.mx\/wp-content\/uploads\/2021\/08\/IMG-20210828-WA0030.jpg\" \/>\n\t<meta property=\"og:image:width\" content=\"1024\" \/>\n\t<meta property=\"og:image:height\" content=\"683\" \/>\n\t<meta property=\"og:image:type\" content=\"image\/jpeg\" \/>\n<meta name=\"author\" content=\"Redacci\u00f3n\" \/>\n<meta name=\"twitter:card\" content=\"summary_large_image\" \/>\n<meta name=\"twitter:creator\" content=\"@fidedignas\" \/>\n<meta name=\"twitter:site\" content=\"@fidedignas\" \/>\n<meta name=\"twitter:label1\" content=\"Escrito por\" \/>\n\t<meta name=\"twitter:data1\" content=\"Redacci\u00f3n\" \/>\n\t<meta name=\"twitter:label2\" content=\"Tiempo de lectura\" \/>\n\t<meta name=\"twitter:data2\" content=\"4 minutos\" \/>\n<script type=\"application\/ld+json\" class=\"yoast-schema-graph\">{\"@context\":\"https:\\\/\\\/schema.org\",\"@graph\":[{\"@type\":\"Article\",\"@id\":\"https:\\\/\\\/fuentesfidedignas.com.mx\\\/index.php\\\/2021\\\/08\\\/28\\\/viviendas-a-desplazados-obra-de-justicia-social-quirino\\\/#article\",\"isPartOf\":{\"@id\":\"https:\\\/\\\/fuentesfidedignas.com.mx\\\/index.php\\\/2021\\\/08\\\/28\\\/viviendas-a-desplazados-obra-de-justicia-social-quirino\\\/\"},\"author\":{\"name\":\"Redacci\u00f3n\",\"@id\":\"https:\\\/\\\/fuentesfidedignas.com.mx\\\/#\\\/schema\\\/person\\\/331be9283d37198e2acd5750279085b0\"},\"headline\":\"Viviendas a desplazados, obra de justicia social: Quirino\",\"datePublished\":\"2021-08-28T20:31:47+00:00\",\"dateModified\":\"2021-08-28T20:31:49+00:00\",\"mainEntityOfPage\":{\"@id\":\"https:\\\/\\\/fuentesfidedignas.com.mx\\\/index.php\\\/2021\\\/08\\\/28\\\/viviendas-a-desplazados-obra-de-justicia-social-quirino\\\/\"},\"wordCount\":873,\"commentCount\":0,\"publisher\":{\"@id\":\"https:\\\/\\\/fuentesfidedignas.com.mx\\\/#organization\"},\"image\":{\"@id\":\"https:\\\/\\\/fuentesfidedignas.com.mx\\\/index.php\\\/2021\\\/08\\\/28\\\/viviendas-a-desplazados-obra-de-justicia-social-quirino\\\/#primaryimage\"},\"thumbnailUrl\":\"https:\\\/\\\/fuentesfidedignas.com.mx\\\/wp-content\\\/uploads\\\/2021\\\/08\\\/IMG-20210828-WA0030.jpg\",\"articleSection\":[\"NOTA PRINCIPAL\"],\"inLanguage\":\"es\",\"potentialAction\":[{\"@type\":\"CommentAction\",\"name\":\"Comment\",\"target\":[\"https:\\\/\\\/fuentesfidedignas.com.mx\\\/index.php\\\/2021\\\/08\\\/28\\\/viviendas-a-desplazados-obra-de-justicia-social-quirino\\\/#respond\"]}]},{\"@type\":\"WebPage\",\"@id\":\"https:\\\/\\\/fuentesfidedignas.com.mx\\\/index.php\\\/2021\\\/08\\\/28\\\/viviendas-a-desplazados-obra-de-justicia-social-quirino\\\/\",\"url\":\"https:\\\/\\\/fuentesfidedignas.com.mx\\\/index.php\\\/2021\\\/08\\\/28\\\/viviendas-a-desplazados-obra-de-justicia-social-quirino\\\/\",\"name\":\"Viviendas a desplazados, obra de justicia social: Quirino - Fuentes Fidedignas\",\"isPartOf\":{\"@id\":\"https:\\\/\\\/fuentesfidedignas.com.mx\\\/#website\"},\"primaryImageOfPage\":{\"@id\":\"https:\\\/\\\/fuentesfidedignas.com.mx\\\/index.php\\\/2021\\\/08\\\/28\\\/viviendas-a-desplazados-obra-de-justicia-social-quirino\\\/#primaryimage\"},\"image\":{\"@id\":\"https:\\\/\\\/fuentesfidedignas.com.mx\\\/index.php\\\/2021\\\/08\\\/28\\\/viviendas-a-desplazados-obra-de-justicia-social-quirino\\\/#primaryimage\"},\"thumbnailUrl\":\"https:\\\/\\\/fuentesfidedignas.com.mx\\\/wp-content\\\/uploads\\\/2021\\\/08\\\/IMG-20210828-WA0030.jpg\",\"datePublished\":\"2021-08-28T20:31:47+00:00\",\"dateModified\":\"2021-08-28T20:31:49+00:00\",\"breadcrumb\":{\"@id\":\"https:\\\/\\\/fuentesfidedignas.com.mx\\\/index.php\\\/2021\\\/08\\\/28\\\/viviendas-a-desplazados-obra-de-justicia-social-quirino\\\/#breadcrumb\"},\"inLanguage\":\"es\",\"potentialAction\":[{\"@type\":\"ReadAction\",\"target\":[\"https:\\\/\\\/fuentesfidedignas.com.mx\\\/index.php\\\/2021\\\/08\\\/28\\\/viviendas-a-desplazados-obra-de-justicia-social-quirino\\\/\"]}]},{\"@type\":\"ImageObject\",\"inLanguage\":\"es\",\"@id\":\"https:\\\/\\\/fuentesfidedignas.com.mx\\\/index.php\\\/2021\\\/08\\\/28\\\/viviendas-a-desplazados-obra-de-justicia-social-quirino\\\/#primaryimage\",\"url\":\"https:\\\/\\\/fuentesfidedignas.com.mx\\\/wp-content\\\/uploads\\\/2021\\\/08\\\/IMG-20210828-WA0030.jpg\",\"contentUrl\":\"https:\\\/\\\/fuentesfidedignas.com.mx\\\/wp-content\\\/uploads\\\/2021\\\/08\\\/IMG-20210828-WA0030.jpg\",\"width\":1024,\"height\":683},{\"@type\":\"BreadcrumbList\",\"@id\":\"https:\\\/\\\/fuentesfidedignas.com.mx\\\/index.php\\\/2021\\\/08\\\/28\\\/viviendas-a-desplazados-obra-de-justicia-social-quirino\\\/#breadcrumb\",\"itemListElement\":[{\"@type\":\"ListItem\",\"position\":1,\"name\":\"Inicio\",\"item\":\"https:\\\/\\\/fuentesfidedignas.com.mx\\\/\"},{\"@type\":\"ListItem\",\"position\":2,\"name\":\"Viviendas a desplazados, obra de justicia social: Quirino\"}]},{\"@type\":\"WebSite\",\"@id\":\"https:\\\/\\\/fuentesfidedignas.com.mx\\\/#website\",\"url\":\"https:\\\/\\\/fuentesfidedignas.com.mx\\\/\",\"name\":\"Fuentes Fidedignas\",\"description\":\"Otro sitio realizado con WordPress\",\"publisher\":{\"@id\":\"https:\\\/\\\/fuentesfidedignas.com.mx\\\/#organization\"},\"potentialAction\":[{\"@type\":\"SearchAction\",\"target\":{\"@type\":\"EntryPoint\",\"urlTemplate\":\"https:\\\/\\\/fuentesfidedignas.com.mx\\\/?s={search_term_string}\"},\"query-input\":{\"@type\":\"PropertyValueSpecification\",\"valueRequired\":true,\"valueName\":\"search_term_string\"}}],\"inLanguage\":\"es\"},{\"@type\":\"Organization\",\"@id\":\"https:\\\/\\\/fuentesfidedignas.com.mx\\\/#organization\",\"name\":\"Fuentes Fidedignas\",\"url\":\"https:\\\/\\\/fuentesfidedignas.com.mx\\\/\",\"logo\":{\"@type\":\"ImageObject\",\"inLanguage\":\"es\",\"@id\":\"https:\\\/\\\/fuentesfidedignas.com.mx\\\/#\\\/schema\\\/logo\\\/image\\\/\",\"url\":\"https:\\\/\\\/fuentesfidedignas.com.mx\\\/wp-content\\\/uploads\\\/2021\\\/04\\\/logo-retina.png\",\"contentUrl\":\"https:\\\/\\\/fuentesfidedignas.com.mx\\\/wp-content\\\/uploads\\\/2021\\\/04\\\/logo-retina.png\",\"width\":280,\"height\":51,\"caption\":\"Fuentes Fidedignas\"},\"image\":{\"@id\":\"https:\\\/\\\/fuentesfidedignas.com.mx\\\/#\\\/schema\\\/logo\\\/image\\\/\"},\"sameAs\":[\"https:\\\/\\\/www.facebook.com\\\/Fuentes-Fidedignas-368234489921644\",\"https:\\\/\\\/x.com\\\/fidedignas\"]},{\"@type\":\"Person\",\"@id\":\"https:\\\/\\\/fuentesfidedignas.com.mx\\\/#\\\/schema\\\/person\\\/331be9283d37198e2acd5750279085b0\",\"name\":\"Redacci\u00f3n\",\"image\":{\"@type\":\"ImageObject\",\"inLanguage\":\"es\",\"@id\":\"https:\\\/\\\/secure.gravatar.com\\\/avatar\\\/f6d8782c11d12b2d4ad3fbb6931aeab5309937a4d6cd2fc9cfaa28a6396a5aec?s=96&d=mm&r=g\",\"url\":\"https:\\\/\\\/secure.gravatar.com\\\/avatar\\\/f6d8782c11d12b2d4ad3fbb6931aeab5309937a4d6cd2fc9cfaa28a6396a5aec?s=96&d=mm&r=g\",\"contentUrl\":\"https:\\\/\\\/secure.gravatar.com\\\/avatar\\\/f6d8782c11d12b2d4ad3fbb6931aeab5309937a4d6cd2fc9cfaa28a6396a5aec?s=96&d=mm&r=g\",\"caption\":\"Redacci\u00f3n\"},\"url\":\"https:\\\/\\\/fuentesfidedignas.com.mx\\\/index.php\\\/author\\\/redaccion\\\/\"}]}<\/script>\n<!-- \/ Yoast SEO plugin. -->","yoast_head_json":{"title":"Viviendas a desplazados, obra de justicia social: Quirino - Fuentes Fidedignas","robots":{"index":"index","follow":"follow","max-snippet":"max-snippet:-1","max-image-preview":"max-image-preview:large","max-video-preview":"max-video-preview:-1"},"canonical":"https:\/\/fuentesfidedignas.com.mx\/index.php\/2021\/08\/28\/viviendas-a-desplazados-obra-de-justicia-social-quirino\/","og_locale":"es_MX","og_type":"article","og_title":"Viviendas a desplazados, obra de justicia social: Quirino - Fuentes Fidedignas","og_description":"Con este nuevo paquete de casas, en Mazatl\u00e1n, ya suman 120 viviendas las que se entregar\u00e1n en cuesti\u00f3n de d\u00edas Mazatl\u00e1n, Sin.- Tal como lo hizo hace poco m\u00e1s de una semana en Choix, el gobernador Quirino Ordaz Coppel acudi\u00f3 ahora a Mazatl\u00e1n para supervisar la construcci\u00f3n de 52 viviendas para familias desplazadas de la [&hellip;]","og_url":"https:\/\/fuentesfidedignas.com.mx\/index.php\/2021\/08\/28\/viviendas-a-desplazados-obra-de-justicia-social-quirino\/","og_site_name":"Fuentes Fidedignas","article_publisher":"https:\/\/www.facebook.com\/Fuentes-Fidedignas-368234489921644","article_published_time":"2021-08-28T20:31:47+00:00","article_modified_time":"2021-08-28T20:31:49+00:00","og_image":[{"width":1024,"height":683,"url":"https:\/\/fuentesfidedignas.com.mx\/wp-content\/uploads\/2021\/08\/IMG-20210828-WA0030.jpg","type":"image\/jpeg"}],"author":"Redacci\u00f3n","twitter_card":"summary_large_image","twitter_creator":"@fidedignas","twitter_site":"@fidedignas","twitter_misc":{"Escrito por":"Redacci\u00f3n","Tiempo de lectura":"4 minutos"},"schema":{"@context":"https:\/\/schema.org","@graph":[{"@type":"Article","@id":"https:\/\/fuentesfidedignas.com.mx\/index.php\/2021\/08\/28\/viviendas-a-desplazados-obra-de-justicia-social-quirino\/#article","isPartOf":{"@id":"https:\/\/fuentesfidedignas.com.mx\/index.php\/2021\/08\/28\/viviendas-a-desplazados-obra-de-justicia-social-quirino\/"},"author":{"name":"Redacci\u00f3n","@id":"https:\/\/fuentesfidedignas.com.mx\/#\/schema\/person\/331be9283d37198e2acd5750279085b0"},"headline":"Viviendas a desplazados, obra de justicia social: Quirino","datePublished":"2021-08-28T20:31:47+00:00","dateModified":"2021-08-28T20:31:49+00:00","mainEntityOfPage":{"@id":"https:\/\/fuentesfidedignas.com.mx\/index.php\/2021\/08\/28\/viviendas-a-desplazados-obra-de-justicia-social-quirino\/"},"wordCount":873,"commentCount":0,"publisher":{"@id":"https:\/\/fuentesfidedignas.com.mx\/#organization"},"image":{"@id":"https:\/\/fuentesfidedignas.com.mx\/index.php\/2021\/08\/28\/viviendas-a-desplazados-obra-de-justicia-social-quirino\/#primaryimage"},"thumbnailUrl":"https:\/\/fuentesfidedignas.com.mx\/wp-content\/uploads\/2021\/08\/IMG-20210828-WA0030.jpg","articleSection":["NOTA PRINCIPAL"],"inLanguage":"es","potentialAction":[{"@type":"CommentAction","name":"Comment","target":["https:\/\/fuentesfidedignas.com.mx\/index.php\/2021\/08\/28\/viviendas-a-desplazados-obra-de-justicia-social-quirino\/#respond"]}]},{"@type":"WebPage","@id":"https:\/\/fuentesfidedignas.com.mx\/index.php\/2021\/08\/28\/viviendas-a-desplazados-obra-de-justicia-social-quirino\/","url":"https:\/\/fuentesfidedignas.com.mx\/index.php\/2021\/08\/28\/viviendas-a-desplazados-obra-de-justicia-social-quirino\/","name":"Viviendas a desplazados, obra de justicia social: Quirino - Fuentes Fidedignas","isPartOf":{"@id":"https:\/\/fuentesfidedignas.com.mx\/#website"},"primaryImageOfPage":{"@id":"https:\/\/fuentesfidedignas.com.mx\/index.php\/2021\/08\/28\/viviendas-a-desplazados-obra-de-justicia-social-quirino\/#primaryimage"},"image":{"@id":"https:\/\/fuentesfidedignas.com.mx\/index.php\/2021\/08\/28\/viviendas-a-desplazados-obra-de-justicia-social-quirino\/#primaryimage"},"thumbnailUrl":"https:\/\/fuentesfidedignas.com.mx\/wp-content\/uploads\/2021\/08\/IMG-20210828-WA0030.jpg","datePublished":"2021-08-28T20:31:47+00:00","dateModified":"2021-08-28T20:31:49+00:00","breadcrumb":{"@id":"https:\/\/fuentesfidedignas.com.mx\/index.php\/2021\/08\/28\/viviendas-a-desplazados-obra-de-justicia-social-quirino\/#breadcrumb"},"inLanguage":"es","potentialAction":[{"@type":"ReadAction","target":["https:\/\/fuentesfidedignas.com.mx\/index.php\/2021\/08\/28\/viviendas-a-desplazados-obra-de-justicia-social-quirino\/"]}]},{"@type":"ImageObject","inLanguage":"es","@id":"https:\/\/fuentesfidedignas.com.mx\/index.php\/2021\/08\/28\/viviendas-a-desplazados-obra-de-justicia-social-quirino\/#primaryimage","url":"https:\/\/fuentesfidedignas.com.mx\/wp-content\/uploads\/2021\/08\/IMG-20210828-WA0030.jpg","contentUrl":"https:\/\/fuentesfidedignas.com.mx\/wp-content\/uploads\/2021\/08\/IMG-20210828-WA0030.jpg","width":1024,"height":683},{"@type":"BreadcrumbList","@id":"https:\/\/fuentesfidedignas.com.mx\/index.php\/2021\/08\/28\/viviendas-a-desplazados-obra-de-justicia-social-quirino\/#breadcrumb","itemListElement":[{"@type":"ListItem","position":1,"name":"Inicio","item":"https:\/\/fuentesfidedignas.com.mx\/"},{"@type":"ListItem","position":2,"name":"Viviendas a desplazados, obra de justicia social: Quirino"}]},{"@type":"WebSite","@id":"https:\/\/fuentesfidedignas.com.mx\/#website","url":"https:\/\/fuentesfidedignas.com.mx\/","name":"Fuentes Fidedignas","description":"Otro sitio realizado con WordPress","publisher":{"@id":"https:\/\/fuentesfidedignas.com.mx\/#organization"},"potentialAction":[{"@type":"SearchAction","target":{"@type":"EntryPoint","urlTemplate":"https:\/\/fuentesfidedignas.com.mx\/?s={search_term_string}"},"query-input":{"@type":"PropertyValueSpecification","valueRequired":true,"valueName":"search_term_string"}}],"inLanguage":"es"},{"@type":"Organization","@id":"https:\/\/fuentesfidedignas.com.mx\/#organization","name":"Fuentes Fidedignas","url":"https:\/\/fuentesfidedignas.com.mx\/","logo":{"@type":"ImageObject","inLanguage":"es","@id":"https:\/\/fuentesfidedignas.com.mx\/#\/schema\/logo\/image\/","url":"https:\/\/fuentesfidedignas.com.mx\/wp-content\/uploads\/2021\/04\/logo-retina.png","contentUrl":"https:\/\/fuentesfidedignas.com.mx\/wp-content\/uploads\/2021\/04\/logo-retina.png","width":280,"height":51,"caption":"Fuentes Fidedignas"},"image":{"@id":"https:\/\/fuentesfidedignas.com.mx\/#\/schema\/logo\/image\/"},"sameAs":["https:\/\/www.facebook.com\/Fuentes-Fidedignas-368234489921644","https:\/\/x.com\/fidedignas"]},{"@type":"Person","@id":"https:\/\/fuentesfidedignas.com.mx\/#\/schema\/person\/331be9283d37198e2acd5750279085b0","name":"Redacci\u00f3n","image":{"@type":"ImageObject","inLanguage":"es","@id":"https:\/\/secure.gravatar.com\/avatar\/f6d8782c11d12b2d4ad3fbb6931aeab5309937a4d6cd2fc9cfaa28a6396a5aec?s=96&d=mm&r=g","url":"https:\/\/secure.gravatar.com\/avatar\/f6d8782c11d12b2d4ad3fbb6931aeab5309937a4d6cd2fc9cfaa28a6396a5aec?s=96&d=mm&r=g","contentUrl":"https:\/\/secure.gravatar.com\/avatar\/f6d8782c11d12b2d4ad3fbb6931aeab5309937a4d6cd2fc9cfaa28a6396a5aec?s=96&d=mm&r=g","caption":"Redacci\u00f3n"},"url":"https:\/\/fuentesfidedignas.com.mx\/index.php\/author\/redaccion\/"}]}},"_links":{"self":[{"href":"https:\/\/fuentesfidedignas.com.mx\/index.php\/wp-json\/wp\/v2\/posts\/11107","targetHints":{"allow":["GET"]}}],"collection":[{"href":"https:\/\/fuentesfidedignas.com.mx\/index.php\/wp-json\/wp\/v2\/posts"}],"about":[{"href":"https:\/\/fuentesfidedignas.com.mx\/index.php\/wp-json\/wp\/v2\/types\/post"}],"author":[{"embeddable":true,"href":"https:\/\/fuentesfidedignas.com.mx\/index.php\/wp-json\/wp\/v2\/users\/4"}],"replies":[{"embeddable":true,"href":"https:\/\/fuentesfidedignas.com.mx\/index.php\/wp-json\/wp\/v2\/comments?post=11107"}],"version-history":[{"count":1,"href":"https:\/\/fuentesfidedignas.com.mx\/index.php\/wp-json\/wp\/v2\/posts\/11107\/revisions"}],"predecessor-version":[{"id":11109,"href":"https:\/\/fuentesfidedignas.com.mx\/index.php\/wp-json\/wp\/v2\/posts\/11107\/revisions\/11109"}],"wp:featuredmedia":[{"embeddable":true,"href":"https:\/\/fuentesfidedignas.com.mx\/index.php\/wp-json\/wp\/v2\/media\/11108"}],"wp:attachment":[{"href":"https:\/\/fuentesfidedignas.com.mx\/index.php\/wp-json\/wp\/v2\/media?parent=11107"}],"wp:term":[{"taxonomy":"category","embeddable":true,"href":"https:\/\/fuentesfidedignas.com.mx\/index.php\/wp-json\/wp\/v2\/categories?post=11107"},{"taxonomy":"post_tag","embeddable":true,"href":"https:\/\/fuentesfidedignas.com.mx\/index.php\/wp-json\/wp\/v2\/tags?post=11107"}],"curies":[{"name":"wp","href":"https:\/\/api.w.org\/{rel}","templated":true}]}}