{"id":11104,"date":"2021-08-28T12:41:29","date_gmt":"2021-08-28T19:41:29","guid":{"rendered":"https:\/\/fuentesfidedignas.com.mx\/?p=11104"},"modified":"2021-08-28T12:41:54","modified_gmt":"2021-08-28T19:41:54","slug":"colocan-vallas-en-evento-de-lopez-obrador-en-comitan-chiapas","status":"publish","type":"post","link":"https:\/\/fuentesfidedignas.com.mx\/index.php\/2021\/08\/28\/colocan-vallas-en-evento-de-lopez-obrador-en-comitan-chiapas\/","title":{"rendered":"Colocan vallas en evento de L\u00f3pez Obrador en Comit\u00e1n, Chiapas"},"content":{"rendered":"\n<p><strong><em>Fueron colocadas vallas en evento del presidente L\u00f3pez Obrador en Comit\u00e1n, Chiapas, sitio a donde se presentaron maestros de la CNTE<\/em><\/strong><\/p>\n\n\n\n<p>Chiapas. Tras el bloqueo realizado ayer viernes en Tuxtla Guti\u00e9rrez, integrantes de la Coordinadora Nacional de Trabajadores de la Educaci\u00f3n (CNTE) volvieron a presentarse en un acto del presidente Andr\u00e9s Manuel L\u00f3pez Obrador, ahora en Comit\u00e1n de Dom\u00ednguez, sin embargo ahora se encontraron con que estaban colocadas vallas que imped\u00edan llegar al sitio este s\u00e1bado.<\/p>\n\n\n\n<p>Durante la celebraci\u00f3n de los 200 aniversario de la Independencia de Chiapas de la Corona Espa\u00f1ola, el presidente L\u00f3pez Obrador \u00fanicamente salud\u00f3 levantando la mano a quienes se encontraban afuera del Teatro de la Ciudad Junchavin.<\/p>\n\n\n\n<p>Integrantes de la Secci\u00f3n 7 de la coordinadora se encontraban en el sitio, pero las vallas no les permitieron llegar al sitio donde se llevar\u00eda a cabo el evento del mandatario mexicano.<\/p>\n\n\n\n<p>Queremos la mesa 19 con la CNTE, pero con car\u00e1cter resolutivo, no queremos seguir esperando del Presidente de la Rep\u00fablica, acciones de dilataci\u00f3n del conflicto magisterial. Ya dijimos puntualmente cu\u00e1les son nuestras problem\u00e1ticas, por eso, el d\u00eda de ayer, realizamos en esa misma exigencia en Tuxtla Guti\u00e9rrez, esa acci\u00f3n que conocen ya\u201d, apunt\u00f3 uno de los manifestantes.<\/p>\n\n\n\n<figure class=\"wp-block-embed is-type-rich is-provider-twitter wp-block-embed-twitter\"><div class=\"wp-block-embed__wrapper\">\n<blockquote class=\"twitter-tweet\" data-width=\"550\" data-dnt=\"true\"><p lang=\"es\" dir=\"ltr\">Maestros de la <a href=\"https:\/\/twitter.com\/hashtag\/CNTE?src=hash&amp;ref_src=twsrc%5Etfw\">#CNTE<\/a> y simpatizantes del presidente Andr\u00e9s Manuel L\u00f3pez <a href=\"https:\/\/twitter.com\/hashtag\/Obrador?src=hash&amp;ref_src=twsrc%5Etfw\">#Obrador<\/a> se enfrentaron verbalmente en Comit\u00e1n, Chiapas donde el presidente L\u00f3pez Obrador encabez\u00f3 la ceremonia por el bicentenario de la independencia de ese estado <a href=\"https:\/\/twitter.com\/hashtag\/AMLO?src=hash&amp;ref_src=twsrc%5Etfw\">#AMLO<\/a> <a href=\"https:\/\/t.co\/tQl7sLxjme\">pic.twitter.com\/tQl7sLxjme<\/a><\/p>&mdash; Pedro Villa y Ca\u00f1a (@pedrovillaycana) <a href=\"https:\/\/twitter.com\/pedrovillaycana\/status\/1431677560035975177?ref_src=twsrc%5Etfw\">August 28, 2021<\/a><\/blockquote><script async src=\"https:\/\/platform.twitter.com\/widgets.js\" charset=\"utf-8\"><\/script>\n<\/div><\/figure>\n\n\n\n<p>Con meg\u00e1fono en mano, el inconforme critic\u00f3 la posici\u00f3n de L\u00f3pez Obrador de no querer dialogar con los integrantes de la Secci\u00f3n 7.<\/p>\n\n\n\n<p>\u201c\u00c9l nos ofrece dialogo, tras di\u00e1logo, nosotros \u00bfqu\u00e9 pedimos? Pedimos di\u00e1logo, pero tambi\u00e9n pedimos soluci\u00f3n\u201d, apunt\u00f3.<\/p>\n\n\n\n<p>Los elementos de la Coordinadora Nacional de Trabajadores de la Educaci\u00f3n amagaron con seguir presentes en los events del jefe del Ejecutivo federal durante su gira este fin de semana por Chiapas.<\/p>\n","protected":false},"excerpt":{"rendered":"<p>Fueron colocadas vallas en evento del presidente L\u00f3pez Obrador en Comit\u00e1n, Chiapas, sitio a donde se presentaron maestros de la CNTE Chiapas. Tras el bloqueo realizado ayer viernes en Tuxtla Guti\u00e9rrez, integrantes de la Coordinadora Nacional de Trabajadores de la Educaci\u00f3n (CNTE) volvieron a presentarse en un acto del presidente Andr\u00e9s Manuel L\u00f3pez Obrador, ahora [&hellip;]<\/p>\n","protected":false},"author":47,"featured_media":11105,"comment_status":"open","ping_status":"open","sticky":false,"template":"","format":"standard","meta":{"tdm_status":"","tdm_grid_status":"","footnotes":""},"categories":[39],"tags":[],"class_list":{"0":"post-11104","1":"post","2":"type-post","3":"status-publish","4":"format-standard","5":"has-post-thumbnail","7":"category-noticias-nacionales"},"yoast_head":"<!-- This site is optimized with the Yoast SEO plugin v27.4 - https:\/\/yoast.com\/product\/yoast-seo-wordpress\/ -->\n<title>Colocan vallas en evento de L\u00f3pez Obrador en Comit\u00e1n, Chiapas - Fuentes Fidedignas<\/title>\n<meta name=\"robots\" content=\"index, follow, max-snippet:-1, max-image-preview:large, max-video-preview:-1\" \/>\n<link rel=\"canonical\" href=\"https:\/\/fuentesfidedignas.com.mx\/index.php\/2021\/08\/28\/colocan-vallas-en-evento-de-lopez-obrador-en-comitan-chiapas\/\" \/>\n<meta property=\"og:locale\" content=\"es_MX\" \/>\n<meta property=\"og:type\" content=\"article\" \/>\n<meta property=\"og:title\" content=\"Colocan vallas en evento de L\u00f3pez Obrador en Comit\u00e1n, Chiapas - Fuentes Fidedignas\" \/>\n<meta property=\"og:description\" content=\"Fueron colocadas vallas en evento del presidente L\u00f3pez Obrador en Comit\u00e1n, Chiapas, sitio a donde se presentaron maestros de la CNTE Chiapas. Tras el bloqueo realizado ayer viernes en Tuxtla Guti\u00e9rrez, integrantes de la Coordinadora Nacional de Trabajadores de la Educaci\u00f3n (CNTE) volvieron a presentarse en un acto del presidente Andr\u00e9s Manuel L\u00f3pez Obrador, ahora [&hellip;]\" \/>\n<meta property=\"og:url\" content=\"https:\/\/fuentesfidedignas.com.mx\/index.php\/2021\/08\/28\/colocan-vallas-en-evento-de-lopez-obrador-en-comitan-chiapas\/\" \/>\n<meta property=\"og:site_name\" content=\"Fuentes Fidedignas\" \/>\n<meta property=\"article:publisher\" content=\"https:\/\/www.facebook.com\/Fuentes-Fidedignas-368234489921644\" \/>\n<meta property=\"article:published_time\" content=\"2021-08-28T19:41:29+00:00\" \/>\n<meta property=\"article:modified_time\" content=\"2021-08-28T19:41:54+00:00\" \/>\n<meta property=\"og:image\" content=\"https:\/\/fuentesfidedignas.com.mx\/wp-content\/uploads\/2021\/08\/evento-amlo-comitan-chiapas-cnte-1.jpg\" \/>\n\t<meta property=\"og:image:width\" content=\"980\" \/>\n\t<meta property=\"og:image:height\" content=\"550\" \/>\n\t<meta property=\"og:image:type\" content=\"image\/jpeg\" \/>\n<meta name=\"author\" content=\"L\u00f3pez D\u00f3riga\" \/>\n<meta name=\"twitter:card\" content=\"summary_large_image\" \/>\n<meta name=\"twitter:creator\" content=\"@fidedignas\" \/>\n<meta name=\"twitter:site\" content=\"@fidedignas\" \/>\n<meta name=\"twitter:label1\" content=\"Escrito por\" \/>\n\t<meta name=\"twitter:data1\" content=\"L\u00f3pez D\u00f3riga\" \/>\n\t<meta name=\"twitter:label2\" content=\"Tiempo de lectura\" \/>\n\t<meta name=\"twitter:data2\" content=\"2 minutos\" \/>\n<script type=\"application\/ld+json\" class=\"yoast-schema-graph\">{\"@context\":\"https:\\\/\\\/schema.org\",\"@graph\":[{\"@type\":\"Article\",\"@id\":\"https:\\\/\\\/fuentesfidedignas.com.mx\\\/index.php\\\/2021\\\/08\\\/28\\\/colocan-vallas-en-evento-de-lopez-obrador-en-comitan-chiapas\\\/#article\",\"isPartOf\":{\"@id\":\"https:\\\/\\\/fuentesfidedignas.com.mx\\\/index.php\\\/2021\\\/08\\\/28\\\/colocan-vallas-en-evento-de-lopez-obrador-en-comitan-chiapas\\\/\"},\"author\":{\"name\":\"L\u00f3pez D\u00f3riga\",\"@id\":\"https:\\\/\\\/fuentesfidedignas.com.mx\\\/#\\\/schema\\\/person\\\/67d852f0557c8509146a4b9ddebd543a\"},\"headline\":\"Colocan vallas en evento de L\u00f3pez Obrador en Comit\u00e1n, Chiapas\",\"datePublished\":\"2021-08-28T19:41:29+00:00\",\"dateModified\":\"2021-08-28T19:41:54+00:00\",\"mainEntityOfPage\":{\"@id\":\"https:\\\/\\\/fuentesfidedignas.com.mx\\\/index.php\\\/2021\\\/08\\\/28\\\/colocan-vallas-en-evento-de-lopez-obrador-en-comitan-chiapas\\\/\"},\"wordCount\":341,\"commentCount\":0,\"publisher\":{\"@id\":\"https:\\\/\\\/fuentesfidedignas.com.mx\\\/#organization\"},\"image\":{\"@id\":\"https:\\\/\\\/fuentesfidedignas.com.mx\\\/index.php\\\/2021\\\/08\\\/28\\\/colocan-vallas-en-evento-de-lopez-obrador-en-comitan-chiapas\\\/#primaryimage\"},\"thumbnailUrl\":\"https:\\\/\\\/fuentesfidedignas.com.mx\\\/wp-content\\\/uploads\\\/2021\\\/08\\\/evento-amlo-comitan-chiapas-cnte-1.jpg\",\"articleSection\":[\"NOTICIAS NACIONALES\"],\"inLanguage\":\"es\",\"potentialAction\":[{\"@type\":\"CommentAction\",\"name\":\"Comment\",\"target\":[\"https:\\\/\\\/fuentesfidedignas.com.mx\\\/index.php\\\/2021\\\/08\\\/28\\\/colocan-vallas-en-evento-de-lopez-obrador-en-comitan-chiapas\\\/#respond\"]}]},{\"@type\":\"WebPage\",\"@id\":\"https:\\\/\\\/fuentesfidedignas.com.mx\\\/index.php\\\/2021\\\/08\\\/28\\\/colocan-vallas-en-evento-de-lopez-obrador-en-comitan-chiapas\\\/\",\"url\":\"https:\\\/\\\/fuentesfidedignas.com.mx\\\/index.php\\\/2021\\\/08\\\/28\\\/colocan-vallas-en-evento-de-lopez-obrador-en-comitan-chiapas\\\/\",\"name\":\"Colocan vallas en evento de L\u00f3pez Obrador en Comit\u00e1n, Chiapas - Fuentes Fidedignas\",\"isPartOf\":{\"@id\":\"https:\\\/\\\/fuentesfidedignas.com.mx\\\/#website\"},\"primaryImageOfPage\":{\"@id\":\"https:\\\/\\\/fuentesfidedignas.com.mx\\\/index.php\\\/2021\\\/08\\\/28\\\/colocan-vallas-en-evento-de-lopez-obrador-en-comitan-chiapas\\\/#primaryimage\"},\"image\":{\"@id\":\"https:\\\/\\\/fuentesfidedignas.com.mx\\\/index.php\\\/2021\\\/08\\\/28\\\/colocan-vallas-en-evento-de-lopez-obrador-en-comitan-chiapas\\\/#primaryimage\"},\"thumbnailUrl\":\"https:\\\/\\\/fuentesfidedignas.com.mx\\\/wp-content\\\/uploads\\\/2021\\\/08\\\/evento-amlo-comitan-chiapas-cnte-1.jpg\",\"datePublished\":\"2021-08-28T19:41:29+00:00\",\"dateModified\":\"2021-08-28T19:41:54+00:00\",\"breadcrumb\":{\"@id\":\"https:\\\/\\\/fuentesfidedignas.com.mx\\\/index.php\\\/2021\\\/08\\\/28\\\/colocan-vallas-en-evento-de-lopez-obrador-en-comitan-chiapas\\\/#breadcrumb\"},\"inLanguage\":\"es\",\"potentialAction\":[{\"@type\":\"ReadAction\",\"target\":[\"https:\\\/\\\/fuentesfidedignas.com.mx\\\/index.php\\\/2021\\\/08\\\/28\\\/colocan-vallas-en-evento-de-lopez-obrador-en-comitan-chiapas\\\/\"]}]},{\"@type\":\"ImageObject\",\"inLanguage\":\"es\",\"@id\":\"https:\\\/\\\/fuentesfidedignas.com.mx\\\/index.php\\\/2021\\\/08\\\/28\\\/colocan-vallas-en-evento-de-lopez-obrador-en-comitan-chiapas\\\/#primaryimage\",\"url\":\"https:\\\/\\\/fuentesfidedignas.com.mx\\\/wp-content\\\/uploads\\\/2021\\\/08\\\/evento-amlo-comitan-chiapas-cnte-1.jpg\",\"contentUrl\":\"https:\\\/\\\/fuentesfidedignas.com.mx\\\/wp-content\\\/uploads\\\/2021\\\/08\\\/evento-amlo-comitan-chiapas-cnte-1.jpg\",\"width\":980,\"height\":550},{\"@type\":\"BreadcrumbList\",\"@id\":\"https:\\\/\\\/fuentesfidedignas.com.mx\\\/index.php\\\/2021\\\/08\\\/28\\\/colocan-vallas-en-evento-de-lopez-obrador-en-comitan-chiapas\\\/#breadcrumb\",\"itemListElement\":[{\"@type\":\"ListItem\",\"position\":1,\"name\":\"Inicio\",\"item\":\"https:\\\/\\\/fuentesfidedignas.com.mx\\\/\"},{\"@type\":\"ListItem\",\"position\":2,\"name\":\"Colocan vallas en evento de L\u00f3pez Obrador en Comit\u00e1n, Chiapas\"}]},{\"@type\":\"WebSite\",\"@id\":\"https:\\\/\\\/fuentesfidedignas.com.mx\\\/#website\",\"url\":\"https:\\\/\\\/fuentesfidedignas.com.mx\\\/\",\"name\":\"Fuentes Fidedignas\",\"description\":\"Otro sitio realizado con WordPress\",\"publisher\":{\"@id\":\"https:\\\/\\\/fuentesfidedignas.com.mx\\\/#organization\"},\"potentialAction\":[{\"@type\":\"SearchAction\",\"target\":{\"@type\":\"EntryPoint\",\"urlTemplate\":\"https:\\\/\\\/fuentesfidedignas.com.mx\\\/?s={search_term_string}\"},\"query-input\":{\"@type\":\"PropertyValueSpecification\",\"valueRequired\":true,\"valueName\":\"search_term_string\"}}],\"inLanguage\":\"es\"},{\"@type\":\"Organization\",\"@id\":\"https:\\\/\\\/fuentesfidedignas.com.mx\\\/#organization\",\"name\":\"Fuentes Fidedignas\",\"url\":\"https:\\\/\\\/fuentesfidedignas.com.mx\\\/\",\"logo\":{\"@type\":\"ImageObject\",\"inLanguage\":\"es\",\"@id\":\"https:\\\/\\\/fuentesfidedignas.com.mx\\\/#\\\/schema\\\/logo\\\/image\\\/\",\"url\":\"https:\\\/\\\/fuentesfidedignas.com.mx\\\/wp-content\\\/uploads\\\/2021\\\/04\\\/logo-retina.png\",\"contentUrl\":\"https:\\\/\\\/fuentesfidedignas.com.mx\\\/wp-content\\\/uploads\\\/2021\\\/04\\\/logo-retina.png\",\"width\":280,\"height\":51,\"caption\":\"Fuentes Fidedignas\"},\"image\":{\"@id\":\"https:\\\/\\\/fuentesfidedignas.com.mx\\\/#\\\/schema\\\/logo\\\/image\\\/\"},\"sameAs\":[\"https:\\\/\\\/www.facebook.com\\\/Fuentes-Fidedignas-368234489921644\",\"https:\\\/\\\/x.com\\\/fidedignas\"]},{\"@type\":\"Person\",\"@id\":\"https:\\\/\\\/fuentesfidedignas.com.mx\\\/#\\\/schema\\\/person\\\/67d852f0557c8509146a4b9ddebd543a\",\"name\":\"L\u00f3pez D\u00f3riga\",\"image\":{\"@type\":\"ImageObject\",\"inLanguage\":\"es\",\"@id\":\"https:\\\/\\\/secure.gravatar.com\\\/avatar\\\/e525b06574ca18b33cded59dfe5778d6c823b9513154eff47da551b0551bdd1e?s=96&d=mm&r=g\",\"url\":\"https:\\\/\\\/secure.gravatar.com\\\/avatar\\\/e525b06574ca18b33cded59dfe5778d6c823b9513154eff47da551b0551bdd1e?s=96&d=mm&r=g\",\"contentUrl\":\"https:\\\/\\\/secure.gravatar.com\\\/avatar\\\/e525b06574ca18b33cded59dfe5778d6c823b9513154eff47da551b0551bdd1e?s=96&d=mm&r=g\",\"caption\":\"L\u00f3pez D\u00f3riga\"},\"url\":\"https:\\\/\\\/fuentesfidedignas.com.mx\\\/index.php\\\/author\\\/doriga\\\/\"}]}<\/script>\n<!-- \/ Yoast SEO plugin. -->","yoast_head_json":{"title":"Colocan vallas en evento de L\u00f3pez Obrador en Comit\u00e1n, Chiapas - Fuentes Fidedignas","robots":{"index":"index","follow":"follow","max-snippet":"max-snippet:-1","max-image-preview":"max-image-preview:large","max-video-preview":"max-video-preview:-1"},"canonical":"https:\/\/fuentesfidedignas.com.mx\/index.php\/2021\/08\/28\/colocan-vallas-en-evento-de-lopez-obrador-en-comitan-chiapas\/","og_locale":"es_MX","og_type":"article","og_title":"Colocan vallas en evento de L\u00f3pez Obrador en Comit\u00e1n, Chiapas - Fuentes Fidedignas","og_description":"Fueron colocadas vallas en evento del presidente L\u00f3pez Obrador en Comit\u00e1n, Chiapas, sitio a donde se presentaron maestros de la CNTE Chiapas. Tras el bloqueo realizado ayer viernes en Tuxtla Guti\u00e9rrez, integrantes de la Coordinadora Nacional de Trabajadores de la Educaci\u00f3n (CNTE) volvieron a presentarse en un acto del presidente Andr\u00e9s Manuel L\u00f3pez Obrador, ahora [&hellip;]","og_url":"https:\/\/fuentesfidedignas.com.mx\/index.php\/2021\/08\/28\/colocan-vallas-en-evento-de-lopez-obrador-en-comitan-chiapas\/","og_site_name":"Fuentes Fidedignas","article_publisher":"https:\/\/www.facebook.com\/Fuentes-Fidedignas-368234489921644","article_published_time":"2021-08-28T19:41:29+00:00","article_modified_time":"2021-08-28T19:41:54+00:00","og_image":[{"width":980,"height":550,"url":"https:\/\/fuentesfidedignas.com.mx\/wp-content\/uploads\/2021\/08\/evento-amlo-comitan-chiapas-cnte-1.jpg","type":"image\/jpeg"}],"author":"L\u00f3pez D\u00f3riga","twitter_card":"summary_large_image","twitter_creator":"@fidedignas","twitter_site":"@fidedignas","twitter_misc":{"Escrito por":"L\u00f3pez D\u00f3riga","Tiempo de lectura":"2 minutos"},"schema":{"@context":"https:\/\/schema.org","@graph":[{"@type":"Article","@id":"https:\/\/fuentesfidedignas.com.mx\/index.php\/2021\/08\/28\/colocan-vallas-en-evento-de-lopez-obrador-en-comitan-chiapas\/#article","isPartOf":{"@id":"https:\/\/fuentesfidedignas.com.mx\/index.php\/2021\/08\/28\/colocan-vallas-en-evento-de-lopez-obrador-en-comitan-chiapas\/"},"author":{"name":"L\u00f3pez D\u00f3riga","@id":"https:\/\/fuentesfidedignas.com.mx\/#\/schema\/person\/67d852f0557c8509146a4b9ddebd543a"},"headline":"Colocan vallas en evento de L\u00f3pez Obrador en Comit\u00e1n, Chiapas","datePublished":"2021-08-28T19:41:29+00:00","dateModified":"2021-08-28T19:41:54+00:00","mainEntityOfPage":{"@id":"https:\/\/fuentesfidedignas.com.mx\/index.php\/2021\/08\/28\/colocan-vallas-en-evento-de-lopez-obrador-en-comitan-chiapas\/"},"wordCount":341,"commentCount":0,"publisher":{"@id":"https:\/\/fuentesfidedignas.com.mx\/#organization"},"image":{"@id":"https:\/\/fuentesfidedignas.com.mx\/index.php\/2021\/08\/28\/colocan-vallas-en-evento-de-lopez-obrador-en-comitan-chiapas\/#primaryimage"},"thumbnailUrl":"https:\/\/fuentesfidedignas.com.mx\/wp-content\/uploads\/2021\/08\/evento-amlo-comitan-chiapas-cnte-1.jpg","articleSection":["NOTICIAS NACIONALES"],"inLanguage":"es","potentialAction":[{"@type":"CommentAction","name":"Comment","target":["https:\/\/fuentesfidedignas.com.mx\/index.php\/2021\/08\/28\/colocan-vallas-en-evento-de-lopez-obrador-en-comitan-chiapas\/#respond"]}]},{"@type":"WebPage","@id":"https:\/\/fuentesfidedignas.com.mx\/index.php\/2021\/08\/28\/colocan-vallas-en-evento-de-lopez-obrador-en-comitan-chiapas\/","url":"https:\/\/fuentesfidedignas.com.mx\/index.php\/2021\/08\/28\/colocan-vallas-en-evento-de-lopez-obrador-en-comitan-chiapas\/","name":"Colocan vallas en evento de L\u00f3pez Obrador en Comit\u00e1n, Chiapas - Fuentes Fidedignas","isPartOf":{"@id":"https:\/\/fuentesfidedignas.com.mx\/#website"},"primaryImageOfPage":{"@id":"https:\/\/fuentesfidedignas.com.mx\/index.php\/2021\/08\/28\/colocan-vallas-en-evento-de-lopez-obrador-en-comitan-chiapas\/#primaryimage"},"image":{"@id":"https:\/\/fuentesfidedignas.com.mx\/index.php\/2021\/08\/28\/colocan-vallas-en-evento-de-lopez-obrador-en-comitan-chiapas\/#primaryimage"},"thumbnailUrl":"https:\/\/fuentesfidedignas.com.mx\/wp-content\/uploads\/2021\/08\/evento-amlo-comitan-chiapas-cnte-1.jpg","datePublished":"2021-08-28T19:41:29+00:00","dateModified":"2021-08-28T19:41:54+00:00","breadcrumb":{"@id":"https:\/\/fuentesfidedignas.com.mx\/index.php\/2021\/08\/28\/colocan-vallas-en-evento-de-lopez-obrador-en-comitan-chiapas\/#breadcrumb"},"inLanguage":"es","potentialAction":[{"@type":"ReadAction","target":["https:\/\/fuentesfidedignas.com.mx\/index.php\/2021\/08\/28\/colocan-vallas-en-evento-de-lopez-obrador-en-comitan-chiapas\/"]}]},{"@type":"ImageObject","inLanguage":"es","@id":"https:\/\/fuentesfidedignas.com.mx\/index.php\/2021\/08\/28\/colocan-vallas-en-evento-de-lopez-obrador-en-comitan-chiapas\/#primaryimage","url":"https:\/\/fuentesfidedignas.com.mx\/wp-content\/uploads\/2021\/08\/evento-amlo-comitan-chiapas-cnte-1.jpg","contentUrl":"https:\/\/fuentesfidedignas.com.mx\/wp-content\/uploads\/2021\/08\/evento-amlo-comitan-chiapas-cnte-1.jpg","width":980,"height":550},{"@type":"BreadcrumbList","@id":"https:\/\/fuentesfidedignas.com.mx\/index.php\/2021\/08\/28\/colocan-vallas-en-evento-de-lopez-obrador-en-comitan-chiapas\/#breadcrumb","itemListElement":[{"@type":"ListItem","position":1,"name":"Inicio","item":"https:\/\/fuentesfidedignas.com.mx\/"},{"@type":"ListItem","position":2,"name":"Colocan vallas en evento de L\u00f3pez Obrador en Comit\u00e1n, Chiapas"}]},{"@type":"WebSite","@id":"https:\/\/fuentesfidedignas.com.mx\/#website","url":"https:\/\/fuentesfidedignas.com.mx\/","name":"Fuentes Fidedignas","description":"Otro sitio realizado con WordPress","publisher":{"@id":"https:\/\/fuentesfidedignas.com.mx\/#organization"},"potentialAction":[{"@type":"SearchAction","target":{"@type":"EntryPoint","urlTemplate":"https:\/\/fuentesfidedignas.com.mx\/?s={search_term_string}"},"query-input":{"@type":"PropertyValueSpecification","valueRequired":true,"valueName":"search_term_string"}}],"inLanguage":"es"},{"@type":"Organization","@id":"https:\/\/fuentesfidedignas.com.mx\/#organization","name":"Fuentes Fidedignas","url":"https:\/\/fuentesfidedignas.com.mx\/","logo":{"@type":"ImageObject","inLanguage":"es","@id":"https:\/\/fuentesfidedignas.com.mx\/#\/schema\/logo\/image\/","url":"https:\/\/fuentesfidedignas.com.mx\/wp-content\/uploads\/2021\/04\/logo-retina.png","contentUrl":"https:\/\/fuentesfidedignas.com.mx\/wp-content\/uploads\/2021\/04\/logo-retina.png","width":280,"height":51,"caption":"Fuentes Fidedignas"},"image":{"@id":"https:\/\/fuentesfidedignas.com.mx\/#\/schema\/logo\/image\/"},"sameAs":["https:\/\/www.facebook.com\/Fuentes-Fidedignas-368234489921644","https:\/\/x.com\/fidedignas"]},{"@type":"Person","@id":"https:\/\/fuentesfidedignas.com.mx\/#\/schema\/person\/67d852f0557c8509146a4b9ddebd543a","name":"L\u00f3pez D\u00f3riga","image":{"@type":"ImageObject","inLanguage":"es","@id":"https:\/\/secure.gravatar.com\/avatar\/e525b06574ca18b33cded59dfe5778d6c823b9513154eff47da551b0551bdd1e?s=96&d=mm&r=g","url":"https:\/\/secure.gravatar.com\/avatar\/e525b06574ca18b33cded59dfe5778d6c823b9513154eff47da551b0551bdd1e?s=96&d=mm&r=g","contentUrl":"https:\/\/secure.gravatar.com\/avatar\/e525b06574ca18b33cded59dfe5778d6c823b9513154eff47da551b0551bdd1e?s=96&d=mm&r=g","caption":"L\u00f3pez D\u00f3riga"},"url":"https:\/\/fuentesfidedignas.com.mx\/index.php\/author\/doriga\/"}]}},"_links":{"self":[{"href":"https:\/\/fuentesfidedignas.com.mx\/index.php\/wp-json\/wp\/v2\/posts\/11104","targetHints":{"allow":["GET"]}}],"collection":[{"href":"https:\/\/fuentesfidedignas.com.mx\/index.php\/wp-json\/wp\/v2\/posts"}],"about":[{"href":"https:\/\/fuentesfidedignas.com.mx\/index.php\/wp-json\/wp\/v2\/types\/post"}],"author":[{"embeddable":true,"href":"https:\/\/fuentesfidedignas.com.mx\/index.php\/wp-json\/wp\/v2\/users\/47"}],"replies":[{"embeddable":true,"href":"https:\/\/fuentesfidedignas.com.mx\/index.php\/wp-json\/wp\/v2\/comments?post=11104"}],"version-history":[{"count":1,"href":"https:\/\/fuentesfidedignas.com.mx\/index.php\/wp-json\/wp\/v2\/posts\/11104\/revisions"}],"predecessor-version":[{"id":11106,"href":"https:\/\/fuentesfidedignas.com.mx\/index.php\/wp-json\/wp\/v2\/posts\/11104\/revisions\/11106"}],"wp:featuredmedia":[{"embeddable":true,"href":"https:\/\/fuentesfidedignas.com.mx\/index.php\/wp-json\/wp\/v2\/media\/11105"}],"wp:attachment":[{"href":"https:\/\/fuentesfidedignas.com.mx\/index.php\/wp-json\/wp\/v2\/media?parent=11104"}],"wp:term":[{"taxonomy":"category","embeddable":true,"href":"https:\/\/fuentesfidedignas.com.mx\/index.php\/wp-json\/wp\/v2\/categories?post=11104"},{"taxonomy":"post_tag","embeddable":true,"href":"https:\/\/fuentesfidedignas.com.mx\/index.php\/wp-json\/wp\/v2\/tags?post=11104"}],"curies":[{"name":"wp","href":"https:\/\/api.w.org\/{rel}","templated":true}]}}