{"id":11099,"date":"2021-08-28T12:27:50","date_gmt":"2021-08-28T19:27:50","guid":{"rendered":"https:\/\/fuentesfidedignas.com.mx\/?p=11099"},"modified":"2021-08-28T12:30:29","modified_gmt":"2021-08-28T19:30:29","slug":"entre-criticas-el-ine-aprueba-las-reglas-para-abolir-mandato","status":"publish","type":"post","link":"https:\/\/fuentesfidedignas.com.mx\/index.php\/2021\/08\/28\/entre-criticas-el-ine-aprueba-las-reglas-para-abolir-mandato\/","title":{"rendered":"Entre cr\u00edticas, el INE aprueba las reglas para abolir mandato"},"content":{"rendered":"\n<p>Ciudad de M\u00e9xico. Sin modificaciones de fondo, entre cr\u00edticas de Morena por invadir facultades del Legislativo, el Instituto Nacional Electoral (INE) aprob\u00f3 los lineamientos para la realizaci\u00f3n de la consulta sobre revocaci\u00f3n de mandato, bajo la premisa de que, de aprobarse la ley reglamentaria \u2013que lleva 436 d\u00edas de omisi\u00f3n\u2013 se adecuar\u00e1n a lo que \u00e9sta disponga. Las disposiciones refrendan el precepto constitucional de que la promoci\u00f3n de este ejercicio es potestad de los ciudadanos, siempre y cuando sea propuesta por el equivalente a 3 por ciento del padr\u00f3n y reserva al INE la redacci\u00f3n de la pregunta.<\/p>\n\n\n\n<p>Apremiado por la necesidad de contemplar las previsiones econ\u00f3micas y con la obligaci\u00f3n de aprobar ayer \u2013por disposici\u00f3n legal\u2013 el presidente del INE, Lorenzo C\u00f3rdova, defendi\u00f3 la decisi\u00f3n ante la incertidumbre en el Congreso: \u201cEstamos a 616 d\u00edas de que se public\u00f3 la reforma constitucional, y desde hace 436 habr\u00edamos tenido que contar con una ley reglamentaria (\u2026). El INE, en este sentido, no puede especular sobre si habr\u00e1 o no acuerdo entre las y los legisladores y cu\u00e1ndo ocurrir\u00e1 esto. Deseamos que esto pueda suceder a la brevedad posible\u201d.<\/p>\n\n\n\n<p>La decisi\u00f3n tiene tres prop\u00f3sitos: subsanar la omisi\u00f3n legislativa de manera precautoria, pues de aprobarse la ley secundaria se modificar\u00edan para adecuarla a \u00e9sta; adoptar las previsiones presupuestales para financiar el ejercicio y dar certeza a los ciudadanos de su adecuada organizaci\u00f3n, dijo.<\/p>\n\n\n\n<p>La consejera Dania Ravel secund\u00f3 la argumentaci\u00f3n y apel\u00f3 a los tiempos para organizar el proceso: \u201csi nosotros no damos este paso, las \u00e1reas no tendr\u00e1n ning\u00fan sustento para empezar a actuar al respecto y en caso de que se actualizara la solicitud de revocaci\u00f3n de mandato es muy probable que los tiempos con los que contar\u00e1n sean insuficientes, a fin de de que las \u00e1reas pudieran hacer todo lo necesario para la adecuada implementaci\u00f3n\u201d.<\/p>\n\n\n\n<p>Estas explicaciones fueron insuficientes para Morena, que insisti\u00f3 en la invasi\u00f3n de facultades; el representante de ese partido, Alejandro Viedma, record\u00f3 que en el trabajo en comisiones solicitaron un mes, sobre la base de que hab\u00eda una clara omisi\u00f3n legislativa, para aprobar la ley. Anticip\u00f3 que impugnar\u00e1 los lineamientos por la extralimitaci\u00f3n de funciones del INE.<\/p>\n\n\n\n<p>Para PRI, PAN y PRD los lineamientos carec\u00edan de restricciones mayores para funcionarios p\u00fablicos, incluyendo al Presidente, as\u00ed como a los partidos para participar en este ejercicio de democracia directa. El PAN solicit\u00f3 que los partidos s\u00f3lo participaran como observadores del proceso, en tanto que el PRI sugiri\u00f3 restricciones para quienes promuevan este ejercicio, para que acrediten su actividad en \u00e1mbitos electorales previamente a fin de evitar la creaci\u00f3n de organismos al vapor.<\/p>\n\n\n\n<p>La relevancia de este ejercicio, consider\u00f3 el consejero Ciro Murayama, obliga al organismo electoral a no improvisar, pues \u201csi el INE y el Congreso no dan todos los elementos legales de certeza, podemos estar en una representaci\u00f3n muy lamentable de aprendices de brujo, puede interrumpirse un mandato constitucional del jefe del Estado mexicano, eso no puede ocurrir sobre la improvisaci\u00f3n, la incertidumbre y la ausencia de normas, aunque son contrarios a la idea del ejercicio; mi responsabilidad es aprobar estos lineamientos para dar certeza a la ciudadan\u00eda y a los actores pol\u00edticos\u201d, dijo.<\/p>\n","protected":false},"excerpt":{"rendered":"<p>Ciudad de M\u00e9xico. Sin modificaciones de fondo, entre cr\u00edticas de Morena por invadir facultades del Legislativo, el Instituto Nacional Electoral (INE) aprob\u00f3 los lineamientos para la realizaci\u00f3n de la consulta sobre revocaci\u00f3n de mandato, bajo la premisa de que, de aprobarse la ley reglamentaria \u2013que lleva 436 d\u00edas de omisi\u00f3n\u2013 se adecuar\u00e1n a lo que [&hellip;]<\/p>\n","protected":false},"author":45,"featured_media":11100,"comment_status":"open","ping_status":"open","sticky":false,"template":"","format":"standard","meta":{"tdm_status":"","tdm_grid_status":"","footnotes":""},"categories":[39],"tags":[],"class_list":{"0":"post-11099","1":"post","2":"type-post","3":"status-publish","4":"format-standard","5":"has-post-thumbnail","7":"category-noticias-nacionales"},"yoast_head":"<!-- This site is optimized with the Yoast SEO plugin v27.4 - https:\/\/yoast.com\/product\/yoast-seo-wordpress\/ -->\n<title>Entre cr\u00edticas, el INE aprueba las reglas para abolir mandato - Fuentes Fidedignas<\/title>\n<meta name=\"robots\" content=\"index, follow, max-snippet:-1, max-image-preview:large, max-video-preview:-1\" \/>\n<link rel=\"canonical\" href=\"https:\/\/fuentesfidedignas.com.mx\/index.php\/2021\/08\/28\/entre-criticas-el-ine-aprueba-las-reglas-para-abolir-mandato\/\" \/>\n<meta property=\"og:locale\" content=\"es_MX\" \/>\n<meta property=\"og:type\" content=\"article\" \/>\n<meta property=\"og:title\" content=\"Entre cr\u00edticas, el INE aprueba las reglas para abolir mandato - Fuentes Fidedignas\" \/>\n<meta property=\"og:description\" content=\"Ciudad de M\u00e9xico. Sin modificaciones de fondo, entre cr\u00edticas de Morena por invadir facultades del Legislativo, el Instituto Nacional Electoral (INE) aprob\u00f3 los lineamientos para la realizaci\u00f3n de la consulta sobre revocaci\u00f3n de mandato, bajo la premisa de que, de aprobarse la ley reglamentaria \u2013que lleva 436 d\u00edas de omisi\u00f3n\u2013 se adecuar\u00e1n a lo que [&hellip;]\" \/>\n<meta property=\"og:url\" content=\"https:\/\/fuentesfidedignas.com.mx\/index.php\/2021\/08\/28\/entre-criticas-el-ine-aprueba-las-reglas-para-abolir-mandato\/\" \/>\n<meta property=\"og:site_name\" content=\"Fuentes Fidedignas\" \/>\n<meta property=\"article:publisher\" content=\"https:\/\/www.facebook.com\/Fuentes-Fidedignas-368234489921644\" \/>\n<meta property=\"article:published_time\" content=\"2021-08-28T19:27:50+00:00\" \/>\n<meta property=\"article:modified_time\" content=\"2021-08-28T19:30:29+00:00\" \/>\n<meta property=\"og:image\" content=\"https:\/\/fuentesfidedignas.com.mx\/wp-content\/uploads\/2021\/08\/image_large-25.jpeg\" \/>\n\t<meta property=\"og:image:width\" content=\"500\" \/>\n\t<meta property=\"og:image:height\" content=\"267\" \/>\n\t<meta property=\"og:image:type\" content=\"image\/jpeg\" \/>\n<meta name=\"author\" content=\"La Jornada\" \/>\n<meta name=\"twitter:card\" content=\"summary_large_image\" \/>\n<meta name=\"twitter:creator\" content=\"@fidedignas\" \/>\n<meta name=\"twitter:site\" content=\"@fidedignas\" \/>\n<meta name=\"twitter:label1\" content=\"Escrito por\" \/>\n\t<meta name=\"twitter:data1\" content=\"La Jornada\" \/>\n\t<meta name=\"twitter:label2\" content=\"Tiempo de lectura\" \/>\n\t<meta name=\"twitter:data2\" content=\"3 minutos\" \/>\n<script type=\"application\/ld+json\" class=\"yoast-schema-graph\">{\"@context\":\"https:\\\/\\\/schema.org\",\"@graph\":[{\"@type\":\"Article\",\"@id\":\"https:\\\/\\\/fuentesfidedignas.com.mx\\\/index.php\\\/2021\\\/08\\\/28\\\/entre-criticas-el-ine-aprueba-las-reglas-para-abolir-mandato\\\/#article\",\"isPartOf\":{\"@id\":\"https:\\\/\\\/fuentesfidedignas.com.mx\\\/index.php\\\/2021\\\/08\\\/28\\\/entre-criticas-el-ine-aprueba-las-reglas-para-abolir-mandato\\\/\"},\"author\":{\"name\":\"La Jornada\",\"@id\":\"https:\\\/\\\/fuentesfidedignas.com.mx\\\/#\\\/schema\\\/person\\\/87eacee4072e149fccc7de67f9634f35\"},\"headline\":\"Entre cr\u00edticas, el INE aprueba las reglas para abolir mandato\",\"datePublished\":\"2021-08-28T19:27:50+00:00\",\"dateModified\":\"2021-08-28T19:30:29+00:00\",\"mainEntityOfPage\":{\"@id\":\"https:\\\/\\\/fuentesfidedignas.com.mx\\\/index.php\\\/2021\\\/08\\\/28\\\/entre-criticas-el-ine-aprueba-las-reglas-para-abolir-mandato\\\/\"},\"wordCount\":575,\"commentCount\":0,\"publisher\":{\"@id\":\"https:\\\/\\\/fuentesfidedignas.com.mx\\\/#organization\"},\"image\":{\"@id\":\"https:\\\/\\\/fuentesfidedignas.com.mx\\\/index.php\\\/2021\\\/08\\\/28\\\/entre-criticas-el-ine-aprueba-las-reglas-para-abolir-mandato\\\/#primaryimage\"},\"thumbnailUrl\":\"https:\\\/\\\/fuentesfidedignas.com.mx\\\/wp-content\\\/uploads\\\/2021\\\/08\\\/image_large-25.jpeg\",\"articleSection\":[\"NOTICIAS NACIONALES\"],\"inLanguage\":\"es\",\"potentialAction\":[{\"@type\":\"CommentAction\",\"name\":\"Comment\",\"target\":[\"https:\\\/\\\/fuentesfidedignas.com.mx\\\/index.php\\\/2021\\\/08\\\/28\\\/entre-criticas-el-ine-aprueba-las-reglas-para-abolir-mandato\\\/#respond\"]}]},{\"@type\":\"WebPage\",\"@id\":\"https:\\\/\\\/fuentesfidedignas.com.mx\\\/index.php\\\/2021\\\/08\\\/28\\\/entre-criticas-el-ine-aprueba-las-reglas-para-abolir-mandato\\\/\",\"url\":\"https:\\\/\\\/fuentesfidedignas.com.mx\\\/index.php\\\/2021\\\/08\\\/28\\\/entre-criticas-el-ine-aprueba-las-reglas-para-abolir-mandato\\\/\",\"name\":\"Entre cr\u00edticas, el INE aprueba las reglas para abolir mandato - Fuentes Fidedignas\",\"isPartOf\":{\"@id\":\"https:\\\/\\\/fuentesfidedignas.com.mx\\\/#website\"},\"primaryImageOfPage\":{\"@id\":\"https:\\\/\\\/fuentesfidedignas.com.mx\\\/index.php\\\/2021\\\/08\\\/28\\\/entre-criticas-el-ine-aprueba-las-reglas-para-abolir-mandato\\\/#primaryimage\"},\"image\":{\"@id\":\"https:\\\/\\\/fuentesfidedignas.com.mx\\\/index.php\\\/2021\\\/08\\\/28\\\/entre-criticas-el-ine-aprueba-las-reglas-para-abolir-mandato\\\/#primaryimage\"},\"thumbnailUrl\":\"https:\\\/\\\/fuentesfidedignas.com.mx\\\/wp-content\\\/uploads\\\/2021\\\/08\\\/image_large-25.jpeg\",\"datePublished\":\"2021-08-28T19:27:50+00:00\",\"dateModified\":\"2021-08-28T19:30:29+00:00\",\"breadcrumb\":{\"@id\":\"https:\\\/\\\/fuentesfidedignas.com.mx\\\/index.php\\\/2021\\\/08\\\/28\\\/entre-criticas-el-ine-aprueba-las-reglas-para-abolir-mandato\\\/#breadcrumb\"},\"inLanguage\":\"es\",\"potentialAction\":[{\"@type\":\"ReadAction\",\"target\":[\"https:\\\/\\\/fuentesfidedignas.com.mx\\\/index.php\\\/2021\\\/08\\\/28\\\/entre-criticas-el-ine-aprueba-las-reglas-para-abolir-mandato\\\/\"]}]},{\"@type\":\"ImageObject\",\"inLanguage\":\"es\",\"@id\":\"https:\\\/\\\/fuentesfidedignas.com.mx\\\/index.php\\\/2021\\\/08\\\/28\\\/entre-criticas-el-ine-aprueba-las-reglas-para-abolir-mandato\\\/#primaryimage\",\"url\":\"https:\\\/\\\/fuentesfidedignas.com.mx\\\/wp-content\\\/uploads\\\/2021\\\/08\\\/image_large-25.jpeg\",\"contentUrl\":\"https:\\\/\\\/fuentesfidedignas.com.mx\\\/wp-content\\\/uploads\\\/2021\\\/08\\\/image_large-25.jpeg\",\"width\":500,\"height\":267},{\"@type\":\"BreadcrumbList\",\"@id\":\"https:\\\/\\\/fuentesfidedignas.com.mx\\\/index.php\\\/2021\\\/08\\\/28\\\/entre-criticas-el-ine-aprueba-las-reglas-para-abolir-mandato\\\/#breadcrumb\",\"itemListElement\":[{\"@type\":\"ListItem\",\"position\":1,\"name\":\"Inicio\",\"item\":\"https:\\\/\\\/fuentesfidedignas.com.mx\\\/\"},{\"@type\":\"ListItem\",\"position\":2,\"name\":\"Entre cr\u00edticas, el INE aprueba las reglas para abolir mandato\"}]},{\"@type\":\"WebSite\",\"@id\":\"https:\\\/\\\/fuentesfidedignas.com.mx\\\/#website\",\"url\":\"https:\\\/\\\/fuentesfidedignas.com.mx\\\/\",\"name\":\"Fuentes Fidedignas\",\"description\":\"Otro sitio realizado con WordPress\",\"publisher\":{\"@id\":\"https:\\\/\\\/fuentesfidedignas.com.mx\\\/#organization\"},\"potentialAction\":[{\"@type\":\"SearchAction\",\"target\":{\"@type\":\"EntryPoint\",\"urlTemplate\":\"https:\\\/\\\/fuentesfidedignas.com.mx\\\/?s={search_term_string}\"},\"query-input\":{\"@type\":\"PropertyValueSpecification\",\"valueRequired\":true,\"valueName\":\"search_term_string\"}}],\"inLanguage\":\"es\"},{\"@type\":\"Organization\",\"@id\":\"https:\\\/\\\/fuentesfidedignas.com.mx\\\/#organization\",\"name\":\"Fuentes Fidedignas\",\"url\":\"https:\\\/\\\/fuentesfidedignas.com.mx\\\/\",\"logo\":{\"@type\":\"ImageObject\",\"inLanguage\":\"es\",\"@id\":\"https:\\\/\\\/fuentesfidedignas.com.mx\\\/#\\\/schema\\\/logo\\\/image\\\/\",\"url\":\"https:\\\/\\\/fuentesfidedignas.com.mx\\\/wp-content\\\/uploads\\\/2021\\\/04\\\/logo-retina.png\",\"contentUrl\":\"https:\\\/\\\/fuentesfidedignas.com.mx\\\/wp-content\\\/uploads\\\/2021\\\/04\\\/logo-retina.png\",\"width\":280,\"height\":51,\"caption\":\"Fuentes Fidedignas\"},\"image\":{\"@id\":\"https:\\\/\\\/fuentesfidedignas.com.mx\\\/#\\\/schema\\\/logo\\\/image\\\/\"},\"sameAs\":[\"https:\\\/\\\/www.facebook.com\\\/Fuentes-Fidedignas-368234489921644\",\"https:\\\/\\\/x.com\\\/fidedignas\"]},{\"@type\":\"Person\",\"@id\":\"https:\\\/\\\/fuentesfidedignas.com.mx\\\/#\\\/schema\\\/person\\\/87eacee4072e149fccc7de67f9634f35\",\"name\":\"La Jornada\",\"image\":{\"@type\":\"ImageObject\",\"inLanguage\":\"es\",\"@id\":\"https:\\\/\\\/secure.gravatar.com\\\/avatar\\\/2b09f15a418e222775ffd645761e3fcecd1fb9d7a38a3ba858adf349aab82c7c?s=96&d=mm&r=g\",\"url\":\"https:\\\/\\\/secure.gravatar.com\\\/avatar\\\/2b09f15a418e222775ffd645761e3fcecd1fb9d7a38a3ba858adf349aab82c7c?s=96&d=mm&r=g\",\"contentUrl\":\"https:\\\/\\\/secure.gravatar.com\\\/avatar\\\/2b09f15a418e222775ffd645761e3fcecd1fb9d7a38a3ba858adf349aab82c7c?s=96&d=mm&r=g\",\"caption\":\"La Jornada\"},\"url\":\"https:\\\/\\\/fuentesfidedignas.com.mx\\\/index.php\\\/author\\\/jornada\\\/\"}]}<\/script>\n<!-- \/ Yoast SEO plugin. -->","yoast_head_json":{"title":"Entre cr\u00edticas, el INE aprueba las reglas para abolir mandato - Fuentes Fidedignas","robots":{"index":"index","follow":"follow","max-snippet":"max-snippet:-1","max-image-preview":"max-image-preview:large","max-video-preview":"max-video-preview:-1"},"canonical":"https:\/\/fuentesfidedignas.com.mx\/index.php\/2021\/08\/28\/entre-criticas-el-ine-aprueba-las-reglas-para-abolir-mandato\/","og_locale":"es_MX","og_type":"article","og_title":"Entre cr\u00edticas, el INE aprueba las reglas para abolir mandato - Fuentes Fidedignas","og_description":"Ciudad de M\u00e9xico. Sin modificaciones de fondo, entre cr\u00edticas de Morena por invadir facultades del Legislativo, el Instituto Nacional Electoral (INE) aprob\u00f3 los lineamientos para la realizaci\u00f3n de la consulta sobre revocaci\u00f3n de mandato, bajo la premisa de que, de aprobarse la ley reglamentaria \u2013que lleva 436 d\u00edas de omisi\u00f3n\u2013 se adecuar\u00e1n a lo que [&hellip;]","og_url":"https:\/\/fuentesfidedignas.com.mx\/index.php\/2021\/08\/28\/entre-criticas-el-ine-aprueba-las-reglas-para-abolir-mandato\/","og_site_name":"Fuentes Fidedignas","article_publisher":"https:\/\/www.facebook.com\/Fuentes-Fidedignas-368234489921644","article_published_time":"2021-08-28T19:27:50+00:00","article_modified_time":"2021-08-28T19:30:29+00:00","og_image":[{"width":500,"height":267,"url":"https:\/\/fuentesfidedignas.com.mx\/wp-content\/uploads\/2021\/08\/image_large-25.jpeg","type":"image\/jpeg"}],"author":"La Jornada","twitter_card":"summary_large_image","twitter_creator":"@fidedignas","twitter_site":"@fidedignas","twitter_misc":{"Escrito por":"La Jornada","Tiempo de lectura":"3 minutos"},"schema":{"@context":"https:\/\/schema.org","@graph":[{"@type":"Article","@id":"https:\/\/fuentesfidedignas.com.mx\/index.php\/2021\/08\/28\/entre-criticas-el-ine-aprueba-las-reglas-para-abolir-mandato\/#article","isPartOf":{"@id":"https:\/\/fuentesfidedignas.com.mx\/index.php\/2021\/08\/28\/entre-criticas-el-ine-aprueba-las-reglas-para-abolir-mandato\/"},"author":{"name":"La Jornada","@id":"https:\/\/fuentesfidedignas.com.mx\/#\/schema\/person\/87eacee4072e149fccc7de67f9634f35"},"headline":"Entre cr\u00edticas, el INE aprueba las reglas para abolir mandato","datePublished":"2021-08-28T19:27:50+00:00","dateModified":"2021-08-28T19:30:29+00:00","mainEntityOfPage":{"@id":"https:\/\/fuentesfidedignas.com.mx\/index.php\/2021\/08\/28\/entre-criticas-el-ine-aprueba-las-reglas-para-abolir-mandato\/"},"wordCount":575,"commentCount":0,"publisher":{"@id":"https:\/\/fuentesfidedignas.com.mx\/#organization"},"image":{"@id":"https:\/\/fuentesfidedignas.com.mx\/index.php\/2021\/08\/28\/entre-criticas-el-ine-aprueba-las-reglas-para-abolir-mandato\/#primaryimage"},"thumbnailUrl":"https:\/\/fuentesfidedignas.com.mx\/wp-content\/uploads\/2021\/08\/image_large-25.jpeg","articleSection":["NOTICIAS NACIONALES"],"inLanguage":"es","potentialAction":[{"@type":"CommentAction","name":"Comment","target":["https:\/\/fuentesfidedignas.com.mx\/index.php\/2021\/08\/28\/entre-criticas-el-ine-aprueba-las-reglas-para-abolir-mandato\/#respond"]}]},{"@type":"WebPage","@id":"https:\/\/fuentesfidedignas.com.mx\/index.php\/2021\/08\/28\/entre-criticas-el-ine-aprueba-las-reglas-para-abolir-mandato\/","url":"https:\/\/fuentesfidedignas.com.mx\/index.php\/2021\/08\/28\/entre-criticas-el-ine-aprueba-las-reglas-para-abolir-mandato\/","name":"Entre cr\u00edticas, el INE aprueba las reglas para abolir mandato - Fuentes Fidedignas","isPartOf":{"@id":"https:\/\/fuentesfidedignas.com.mx\/#website"},"primaryImageOfPage":{"@id":"https:\/\/fuentesfidedignas.com.mx\/index.php\/2021\/08\/28\/entre-criticas-el-ine-aprueba-las-reglas-para-abolir-mandato\/#primaryimage"},"image":{"@id":"https:\/\/fuentesfidedignas.com.mx\/index.php\/2021\/08\/28\/entre-criticas-el-ine-aprueba-las-reglas-para-abolir-mandato\/#primaryimage"},"thumbnailUrl":"https:\/\/fuentesfidedignas.com.mx\/wp-content\/uploads\/2021\/08\/image_large-25.jpeg","datePublished":"2021-08-28T19:27:50+00:00","dateModified":"2021-08-28T19:30:29+00:00","breadcrumb":{"@id":"https:\/\/fuentesfidedignas.com.mx\/index.php\/2021\/08\/28\/entre-criticas-el-ine-aprueba-las-reglas-para-abolir-mandato\/#breadcrumb"},"inLanguage":"es","potentialAction":[{"@type":"ReadAction","target":["https:\/\/fuentesfidedignas.com.mx\/index.php\/2021\/08\/28\/entre-criticas-el-ine-aprueba-las-reglas-para-abolir-mandato\/"]}]},{"@type":"ImageObject","inLanguage":"es","@id":"https:\/\/fuentesfidedignas.com.mx\/index.php\/2021\/08\/28\/entre-criticas-el-ine-aprueba-las-reglas-para-abolir-mandato\/#primaryimage","url":"https:\/\/fuentesfidedignas.com.mx\/wp-content\/uploads\/2021\/08\/image_large-25.jpeg","contentUrl":"https:\/\/fuentesfidedignas.com.mx\/wp-content\/uploads\/2021\/08\/image_large-25.jpeg","width":500,"height":267},{"@type":"BreadcrumbList","@id":"https:\/\/fuentesfidedignas.com.mx\/index.php\/2021\/08\/28\/entre-criticas-el-ine-aprueba-las-reglas-para-abolir-mandato\/#breadcrumb","itemListElement":[{"@type":"ListItem","position":1,"name":"Inicio","item":"https:\/\/fuentesfidedignas.com.mx\/"},{"@type":"ListItem","position":2,"name":"Entre cr\u00edticas, el INE aprueba las reglas para abolir mandato"}]},{"@type":"WebSite","@id":"https:\/\/fuentesfidedignas.com.mx\/#website","url":"https:\/\/fuentesfidedignas.com.mx\/","name":"Fuentes Fidedignas","description":"Otro sitio realizado con WordPress","publisher":{"@id":"https:\/\/fuentesfidedignas.com.mx\/#organization"},"potentialAction":[{"@type":"SearchAction","target":{"@type":"EntryPoint","urlTemplate":"https:\/\/fuentesfidedignas.com.mx\/?s={search_term_string}"},"query-input":{"@type":"PropertyValueSpecification","valueRequired":true,"valueName":"search_term_string"}}],"inLanguage":"es"},{"@type":"Organization","@id":"https:\/\/fuentesfidedignas.com.mx\/#organization","name":"Fuentes Fidedignas","url":"https:\/\/fuentesfidedignas.com.mx\/","logo":{"@type":"ImageObject","inLanguage":"es","@id":"https:\/\/fuentesfidedignas.com.mx\/#\/schema\/logo\/image\/","url":"https:\/\/fuentesfidedignas.com.mx\/wp-content\/uploads\/2021\/04\/logo-retina.png","contentUrl":"https:\/\/fuentesfidedignas.com.mx\/wp-content\/uploads\/2021\/04\/logo-retina.png","width":280,"height":51,"caption":"Fuentes Fidedignas"},"image":{"@id":"https:\/\/fuentesfidedignas.com.mx\/#\/schema\/logo\/image\/"},"sameAs":["https:\/\/www.facebook.com\/Fuentes-Fidedignas-368234489921644","https:\/\/x.com\/fidedignas"]},{"@type":"Person","@id":"https:\/\/fuentesfidedignas.com.mx\/#\/schema\/person\/87eacee4072e149fccc7de67f9634f35","name":"La Jornada","image":{"@type":"ImageObject","inLanguage":"es","@id":"https:\/\/secure.gravatar.com\/avatar\/2b09f15a418e222775ffd645761e3fcecd1fb9d7a38a3ba858adf349aab82c7c?s=96&d=mm&r=g","url":"https:\/\/secure.gravatar.com\/avatar\/2b09f15a418e222775ffd645761e3fcecd1fb9d7a38a3ba858adf349aab82c7c?s=96&d=mm&r=g","contentUrl":"https:\/\/secure.gravatar.com\/avatar\/2b09f15a418e222775ffd645761e3fcecd1fb9d7a38a3ba858adf349aab82c7c?s=96&d=mm&r=g","caption":"La Jornada"},"url":"https:\/\/fuentesfidedignas.com.mx\/index.php\/author\/jornada\/"}]}},"_links":{"self":[{"href":"https:\/\/fuentesfidedignas.com.mx\/index.php\/wp-json\/wp\/v2\/posts\/11099","targetHints":{"allow":["GET"]}}],"collection":[{"href":"https:\/\/fuentesfidedignas.com.mx\/index.php\/wp-json\/wp\/v2\/posts"}],"about":[{"href":"https:\/\/fuentesfidedignas.com.mx\/index.php\/wp-json\/wp\/v2\/types\/post"}],"author":[{"embeddable":true,"href":"https:\/\/fuentesfidedignas.com.mx\/index.php\/wp-json\/wp\/v2\/users\/45"}],"replies":[{"embeddable":true,"href":"https:\/\/fuentesfidedignas.com.mx\/index.php\/wp-json\/wp\/v2\/comments?post=11099"}],"version-history":[{"count":1,"href":"https:\/\/fuentesfidedignas.com.mx\/index.php\/wp-json\/wp\/v2\/posts\/11099\/revisions"}],"predecessor-version":[{"id":11101,"href":"https:\/\/fuentesfidedignas.com.mx\/index.php\/wp-json\/wp\/v2\/posts\/11099\/revisions\/11101"}],"wp:featuredmedia":[{"embeddable":true,"href":"https:\/\/fuentesfidedignas.com.mx\/index.php\/wp-json\/wp\/v2\/media\/11100"}],"wp:attachment":[{"href":"https:\/\/fuentesfidedignas.com.mx\/index.php\/wp-json\/wp\/v2\/media?parent=11099"}],"wp:term":[{"taxonomy":"category","embeddable":true,"href":"https:\/\/fuentesfidedignas.com.mx\/index.php\/wp-json\/wp\/v2\/categories?post=11099"},{"taxonomy":"post_tag","embeddable":true,"href":"https:\/\/fuentesfidedignas.com.mx\/index.php\/wp-json\/wp\/v2\/tags?post=11099"}],"curies":[{"name":"wp","href":"https:\/\/api.w.org\/{rel}","templated":true}]}}