{"id":11095,"date":"2021-08-28T11:10:49","date_gmt":"2021-08-28T18:10:49","guid":{"rendered":"https:\/\/fuentesfidedignas.com.mx\/?p=11095"},"modified":"2021-08-28T11:12:06","modified_gmt":"2021-08-28T18:12:06","slug":"instalan-en-el-fuerte-consejo-municipal-de-proteccion-civil-por-huracan-nora","status":"publish","type":"post","link":"https:\/\/fuentesfidedignas.com.mx\/index.php\/2021\/08\/28\/instalan-en-el-fuerte-consejo-municipal-de-proteccion-civil-por-huracan-nora\/","title":{"rendered":"Instalan en El Fuerte Consejo Municipal de Protecci\u00f3n Civil por hurac\u00e1n &#8220;Nora&#8221;"},"content":{"rendered":"\n<p><\/p>\n\n\n\n<p><em>El Fuerte, Sinaloa.-<\/em> Con la presencia de autoridades de distintas instituciones, este d\u00eda se llev\u00f3 a cabo la instalaci\u00f3n de manera permanente del Consejo Municipal de Protecci\u00f3n Civil; esto con la finalidad de coordinar esfuerzos en lo referente al tema del \u201cHurac\u00e1n Nora\u201d, que se espera impacte al municipio en los pr\u00f3ximos d\u00edas.<\/p>\n\n\n\n<p>La Alcaldesa Nubia Ramos Carbajal Presidenta del Consejo en menci\u00f3n, instruy\u00f3 a los presentes a que se mantengan desde hoy en plena coordinaci\u00f3n para atender cualquier situaci\u00f3n que ponga en riesgo a la poblaci\u00f3n, \u201cestaremos trabajando en las 8 sindicaturas del municipio\u2026 el cuidado principal lo tendremos en las zonas bajas, tambi\u00e9n debemos de mantener la precauci\u00f3n por el tema de arroyos y r\u00edos que tenemos en Chinobampo y Tetaroba\u201d, se\u00f1al\u00f3 la Presidenta.<\/p>\n\n\n\n<p>De igual forma, la Edil fortense hizo un llamado a los padres de familia a que se mantengan vigilantes de los menores por cualquier situaci\u00f3n de emergencia, principalmente por las inundaciones, \u201chay que tener a la mano la documentaci\u00f3n m\u00e1s importante, tener l\u00e1mparas, v\u00edveres y estar en comunicaci\u00f3n continua con los familiares, vamos a estar siempre vigilantes\u2026 recordemos que en estos momentos necesitamos estar alertas por si hay evacuaciones\u2026 vamos a ver los puntos m\u00e1s estrat\u00e9gicos para instalar los albergues y posibles centros de acopio\u2026 desde este momento instalamos este Consejo, somos un equipo coordinado y organizado para brindarle una mejor protecci\u00f3n a la ciudadan\u00eda\u201d, indic\u00f3 Nubia Ramos Carbajal.<\/p>\n\n\n\n<p>Se espera que el d\u00eda de ma\u00f1ana domingo 29 se presenten las primeras lluvias que durar\u00e1n 72 horas de acuerdo al pron\u00f3stico del Servicio Meteorol\u00f3gico Nacional y con una precipitaci\u00f3n aproximada de 400 mil\u00edmetros. De acuerdo al SMN las lluvias generadas por estos sistemas podr\u00edan provocar deslaves, incremento en los niveles de r\u00edos y arroyos, y desbordamientos e inundaciones en zonas bajas, por lo que se exhorta a la poblaci\u00f3n a atender los avisos del SMN y seguir las indicaciones de las autoridades estatales, municipales y de Protecci\u00f3n Civil, principalmente durante este fin de semana.<\/p>\n\n\n\n<p>En la instalaci\u00f3n del Consejo participaron autoridades de los distintos cuerpos de auxilio y rescate como la Coordinaci\u00f3n de Protecci\u00f3n Civil, Bomberos y Cruz Roja, as\u00ed como la Guardia Nacional, Direcci\u00f3n de Seguridad P\u00fablica y Tr\u00e1nsito Municipal y las autoridades educativas en el municipio. Tambi\u00e9n, se present\u00f3 el Secretario del Ayuntamiento Leonel Vea, el Tesorero Municipal Esteban Moreno y el Regidor Carlos Sarmiento, as\u00ed como funcionarios de las distintas dependencias que participar\u00e1n de manera activa en la aplicaci\u00f3n de protocolos de protecci\u00f3n civil durante el \u201cHurac\u00e1n Nora\u201d.<\/p>\n","protected":false},"excerpt":{"rendered":"<p>El Fuerte, Sinaloa.- Con la presencia de autoridades de distintas instituciones, este d\u00eda se llev\u00f3 a cabo la instalaci\u00f3n de manera permanente del Consejo Municipal de Protecci\u00f3n Civil; esto con la finalidad de coordinar esfuerzos en lo referente al tema del \u201cHurac\u00e1n Nora\u201d, que se espera impacte al municipio en los pr\u00f3ximos d\u00edas. La Alcaldesa [&hellip;]<\/p>\n","protected":false},"author":4,"featured_media":11096,"comment_status":"open","ping_status":"open","sticky":false,"template":"","format":"standard","meta":{"tdm_status":"","tdm_grid_status":"","footnotes":""},"categories":[38],"tags":[],"class_list":{"0":"post-11095","1":"post","2":"type-post","3":"status-publish","4":"format-standard","5":"has-post-thumbnail","7":"category-noticias-locales"},"yoast_head":"<!-- This site is optimized with the Yoast SEO plugin v27.4 - https:\/\/yoast.com\/product\/yoast-seo-wordpress\/ -->\n<title>Instalan en El Fuerte Consejo Municipal de Protecci\u00f3n Civil por hurac\u00e1n &quot;Nora&quot; - Fuentes Fidedignas<\/title>\n<meta name=\"robots\" content=\"index, follow, max-snippet:-1, max-image-preview:large, max-video-preview:-1\" \/>\n<link rel=\"canonical\" href=\"https:\/\/fuentesfidedignas.com.mx\/index.php\/2021\/08\/28\/instalan-en-el-fuerte-consejo-municipal-de-proteccion-civil-por-huracan-nora\/\" \/>\n<meta property=\"og:locale\" content=\"es_MX\" \/>\n<meta property=\"og:type\" content=\"article\" \/>\n<meta property=\"og:title\" content=\"Instalan en El Fuerte Consejo Municipal de Protecci\u00f3n Civil por hurac\u00e1n &quot;Nora&quot; - Fuentes Fidedignas\" \/>\n<meta property=\"og:description\" content=\"El Fuerte, Sinaloa.- Con la presencia de autoridades de distintas instituciones, este d\u00eda se llev\u00f3 a cabo la instalaci\u00f3n de manera permanente del Consejo Municipal de Protecci\u00f3n Civil; esto con la finalidad de coordinar esfuerzos en lo referente al tema del \u201cHurac\u00e1n Nora\u201d, que se espera impacte al municipio en los pr\u00f3ximos d\u00edas. La Alcaldesa [&hellip;]\" \/>\n<meta property=\"og:url\" content=\"https:\/\/fuentesfidedignas.com.mx\/index.php\/2021\/08\/28\/instalan-en-el-fuerte-consejo-municipal-de-proteccion-civil-por-huracan-nora\/\" \/>\n<meta property=\"og:site_name\" content=\"Fuentes Fidedignas\" \/>\n<meta property=\"article:publisher\" content=\"https:\/\/www.facebook.com\/Fuentes-Fidedignas-368234489921644\" \/>\n<meta property=\"article:published_time\" content=\"2021-08-28T18:10:49+00:00\" \/>\n<meta property=\"article:modified_time\" content=\"2021-08-28T18:12:06+00:00\" \/>\n<meta property=\"og:image\" content=\"https:\/\/fuentesfidedignas.com.mx\/wp-content\/uploads\/2021\/08\/IMG-20210828-WA0016.jpg\" \/>\n\t<meta property=\"og:image:width\" content=\"1600\" \/>\n\t<meta property=\"og:image:height\" content=\"854\" \/>\n\t<meta property=\"og:image:type\" content=\"image\/jpeg\" \/>\n<meta name=\"author\" content=\"Redacci\u00f3n\" \/>\n<meta name=\"twitter:card\" content=\"summary_large_image\" \/>\n<meta name=\"twitter:creator\" content=\"@fidedignas\" \/>\n<meta name=\"twitter:site\" content=\"@fidedignas\" \/>\n<meta name=\"twitter:label1\" content=\"Escrito por\" \/>\n\t<meta name=\"twitter:data1\" content=\"Redacci\u00f3n\" \/>\n\t<meta name=\"twitter:label2\" content=\"Tiempo de lectura\" \/>\n\t<meta name=\"twitter:data2\" content=\"2 minutos\" \/>\n<script type=\"application\/ld+json\" class=\"yoast-schema-graph\">{\"@context\":\"https:\\\/\\\/schema.org\",\"@graph\":[{\"@type\":\"Article\",\"@id\":\"https:\\\/\\\/fuentesfidedignas.com.mx\\\/index.php\\\/2021\\\/08\\\/28\\\/instalan-en-el-fuerte-consejo-municipal-de-proteccion-civil-por-huracan-nora\\\/#article\",\"isPartOf\":{\"@id\":\"https:\\\/\\\/fuentesfidedignas.com.mx\\\/index.php\\\/2021\\\/08\\\/28\\\/instalan-en-el-fuerte-consejo-municipal-de-proteccion-civil-por-huracan-nora\\\/\"},\"author\":{\"name\":\"Redacci\u00f3n\",\"@id\":\"https:\\\/\\\/fuentesfidedignas.com.mx\\\/#\\\/schema\\\/person\\\/331be9283d37198e2acd5750279085b0\"},\"headline\":\"Instalan en El Fuerte Consejo Municipal de Protecci\u00f3n Civil por hurac\u00e1n &#8220;Nora&#8221;\",\"datePublished\":\"2021-08-28T18:10:49+00:00\",\"dateModified\":\"2021-08-28T18:12:06+00:00\",\"mainEntityOfPage\":{\"@id\":\"https:\\\/\\\/fuentesfidedignas.com.mx\\\/index.php\\\/2021\\\/08\\\/28\\\/instalan-en-el-fuerte-consejo-municipal-de-proteccion-civil-por-huracan-nora\\\/\"},\"wordCount\":474,\"commentCount\":0,\"publisher\":{\"@id\":\"https:\\\/\\\/fuentesfidedignas.com.mx\\\/#organization\"},\"image\":{\"@id\":\"https:\\\/\\\/fuentesfidedignas.com.mx\\\/index.php\\\/2021\\\/08\\\/28\\\/instalan-en-el-fuerte-consejo-municipal-de-proteccion-civil-por-huracan-nora\\\/#primaryimage\"},\"thumbnailUrl\":\"https:\\\/\\\/fuentesfidedignas.com.mx\\\/wp-content\\\/uploads\\\/2021\\\/08\\\/IMG-20210828-WA0016.jpg\",\"articleSection\":[\"NOTICIAS LOCALES\"],\"inLanguage\":\"es\",\"potentialAction\":[{\"@type\":\"CommentAction\",\"name\":\"Comment\",\"target\":[\"https:\\\/\\\/fuentesfidedignas.com.mx\\\/index.php\\\/2021\\\/08\\\/28\\\/instalan-en-el-fuerte-consejo-municipal-de-proteccion-civil-por-huracan-nora\\\/#respond\"]}]},{\"@type\":\"WebPage\",\"@id\":\"https:\\\/\\\/fuentesfidedignas.com.mx\\\/index.php\\\/2021\\\/08\\\/28\\\/instalan-en-el-fuerte-consejo-municipal-de-proteccion-civil-por-huracan-nora\\\/\",\"url\":\"https:\\\/\\\/fuentesfidedignas.com.mx\\\/index.php\\\/2021\\\/08\\\/28\\\/instalan-en-el-fuerte-consejo-municipal-de-proteccion-civil-por-huracan-nora\\\/\",\"name\":\"Instalan en El Fuerte Consejo Municipal de Protecci\u00f3n Civil por hurac\u00e1n \\\"Nora\\\" - Fuentes Fidedignas\",\"isPartOf\":{\"@id\":\"https:\\\/\\\/fuentesfidedignas.com.mx\\\/#website\"},\"primaryImageOfPage\":{\"@id\":\"https:\\\/\\\/fuentesfidedignas.com.mx\\\/index.php\\\/2021\\\/08\\\/28\\\/instalan-en-el-fuerte-consejo-municipal-de-proteccion-civil-por-huracan-nora\\\/#primaryimage\"},\"image\":{\"@id\":\"https:\\\/\\\/fuentesfidedignas.com.mx\\\/index.php\\\/2021\\\/08\\\/28\\\/instalan-en-el-fuerte-consejo-municipal-de-proteccion-civil-por-huracan-nora\\\/#primaryimage\"},\"thumbnailUrl\":\"https:\\\/\\\/fuentesfidedignas.com.mx\\\/wp-content\\\/uploads\\\/2021\\\/08\\\/IMG-20210828-WA0016.jpg\",\"datePublished\":\"2021-08-28T18:10:49+00:00\",\"dateModified\":\"2021-08-28T18:12:06+00:00\",\"breadcrumb\":{\"@id\":\"https:\\\/\\\/fuentesfidedignas.com.mx\\\/index.php\\\/2021\\\/08\\\/28\\\/instalan-en-el-fuerte-consejo-municipal-de-proteccion-civil-por-huracan-nora\\\/#breadcrumb\"},\"inLanguage\":\"es\",\"potentialAction\":[{\"@type\":\"ReadAction\",\"target\":[\"https:\\\/\\\/fuentesfidedignas.com.mx\\\/index.php\\\/2021\\\/08\\\/28\\\/instalan-en-el-fuerte-consejo-municipal-de-proteccion-civil-por-huracan-nora\\\/\"]}]},{\"@type\":\"ImageObject\",\"inLanguage\":\"es\",\"@id\":\"https:\\\/\\\/fuentesfidedignas.com.mx\\\/index.php\\\/2021\\\/08\\\/28\\\/instalan-en-el-fuerte-consejo-municipal-de-proteccion-civil-por-huracan-nora\\\/#primaryimage\",\"url\":\"https:\\\/\\\/fuentesfidedignas.com.mx\\\/wp-content\\\/uploads\\\/2021\\\/08\\\/IMG-20210828-WA0016.jpg\",\"contentUrl\":\"https:\\\/\\\/fuentesfidedignas.com.mx\\\/wp-content\\\/uploads\\\/2021\\\/08\\\/IMG-20210828-WA0016.jpg\",\"width\":1600,\"height\":854},{\"@type\":\"BreadcrumbList\",\"@id\":\"https:\\\/\\\/fuentesfidedignas.com.mx\\\/index.php\\\/2021\\\/08\\\/28\\\/instalan-en-el-fuerte-consejo-municipal-de-proteccion-civil-por-huracan-nora\\\/#breadcrumb\",\"itemListElement\":[{\"@type\":\"ListItem\",\"position\":1,\"name\":\"Inicio\",\"item\":\"https:\\\/\\\/fuentesfidedignas.com.mx\\\/\"},{\"@type\":\"ListItem\",\"position\":2,\"name\":\"Instalan en El Fuerte Consejo Municipal de Protecci\u00f3n Civil por hurac\u00e1n &#8220;Nora&#8221;\"}]},{\"@type\":\"WebSite\",\"@id\":\"https:\\\/\\\/fuentesfidedignas.com.mx\\\/#website\",\"url\":\"https:\\\/\\\/fuentesfidedignas.com.mx\\\/\",\"name\":\"Fuentes Fidedignas\",\"description\":\"Otro sitio realizado con WordPress\",\"publisher\":{\"@id\":\"https:\\\/\\\/fuentesfidedignas.com.mx\\\/#organization\"},\"potentialAction\":[{\"@type\":\"SearchAction\",\"target\":{\"@type\":\"EntryPoint\",\"urlTemplate\":\"https:\\\/\\\/fuentesfidedignas.com.mx\\\/?s={search_term_string}\"},\"query-input\":{\"@type\":\"PropertyValueSpecification\",\"valueRequired\":true,\"valueName\":\"search_term_string\"}}],\"inLanguage\":\"es\"},{\"@type\":\"Organization\",\"@id\":\"https:\\\/\\\/fuentesfidedignas.com.mx\\\/#organization\",\"name\":\"Fuentes Fidedignas\",\"url\":\"https:\\\/\\\/fuentesfidedignas.com.mx\\\/\",\"logo\":{\"@type\":\"ImageObject\",\"inLanguage\":\"es\",\"@id\":\"https:\\\/\\\/fuentesfidedignas.com.mx\\\/#\\\/schema\\\/logo\\\/image\\\/\",\"url\":\"https:\\\/\\\/fuentesfidedignas.com.mx\\\/wp-content\\\/uploads\\\/2021\\\/04\\\/logo-retina.png\",\"contentUrl\":\"https:\\\/\\\/fuentesfidedignas.com.mx\\\/wp-content\\\/uploads\\\/2021\\\/04\\\/logo-retina.png\",\"width\":280,\"height\":51,\"caption\":\"Fuentes Fidedignas\"},\"image\":{\"@id\":\"https:\\\/\\\/fuentesfidedignas.com.mx\\\/#\\\/schema\\\/logo\\\/image\\\/\"},\"sameAs\":[\"https:\\\/\\\/www.facebook.com\\\/Fuentes-Fidedignas-368234489921644\",\"https:\\\/\\\/x.com\\\/fidedignas\"]},{\"@type\":\"Person\",\"@id\":\"https:\\\/\\\/fuentesfidedignas.com.mx\\\/#\\\/schema\\\/person\\\/331be9283d37198e2acd5750279085b0\",\"name\":\"Redacci\u00f3n\",\"image\":{\"@type\":\"ImageObject\",\"inLanguage\":\"es\",\"@id\":\"https:\\\/\\\/secure.gravatar.com\\\/avatar\\\/f6d8782c11d12b2d4ad3fbb6931aeab5309937a4d6cd2fc9cfaa28a6396a5aec?s=96&d=mm&r=g\",\"url\":\"https:\\\/\\\/secure.gravatar.com\\\/avatar\\\/f6d8782c11d12b2d4ad3fbb6931aeab5309937a4d6cd2fc9cfaa28a6396a5aec?s=96&d=mm&r=g\",\"contentUrl\":\"https:\\\/\\\/secure.gravatar.com\\\/avatar\\\/f6d8782c11d12b2d4ad3fbb6931aeab5309937a4d6cd2fc9cfaa28a6396a5aec?s=96&d=mm&r=g\",\"caption\":\"Redacci\u00f3n\"},\"url\":\"https:\\\/\\\/fuentesfidedignas.com.mx\\\/index.php\\\/author\\\/redaccion\\\/\"}]}<\/script>\n<!-- \/ Yoast SEO plugin. -->","yoast_head_json":{"title":"Instalan en El Fuerte Consejo Municipal de Protecci\u00f3n Civil por hurac\u00e1n \"Nora\" - Fuentes Fidedignas","robots":{"index":"index","follow":"follow","max-snippet":"max-snippet:-1","max-image-preview":"max-image-preview:large","max-video-preview":"max-video-preview:-1"},"canonical":"https:\/\/fuentesfidedignas.com.mx\/index.php\/2021\/08\/28\/instalan-en-el-fuerte-consejo-municipal-de-proteccion-civil-por-huracan-nora\/","og_locale":"es_MX","og_type":"article","og_title":"Instalan en El Fuerte Consejo Municipal de Protecci\u00f3n Civil por hurac\u00e1n \"Nora\" - Fuentes Fidedignas","og_description":"El Fuerte, Sinaloa.- Con la presencia de autoridades de distintas instituciones, este d\u00eda se llev\u00f3 a cabo la instalaci\u00f3n de manera permanente del Consejo Municipal de Protecci\u00f3n Civil; esto con la finalidad de coordinar esfuerzos en lo referente al tema del \u201cHurac\u00e1n Nora\u201d, que se espera impacte al municipio en los pr\u00f3ximos d\u00edas. La Alcaldesa [&hellip;]","og_url":"https:\/\/fuentesfidedignas.com.mx\/index.php\/2021\/08\/28\/instalan-en-el-fuerte-consejo-municipal-de-proteccion-civil-por-huracan-nora\/","og_site_name":"Fuentes Fidedignas","article_publisher":"https:\/\/www.facebook.com\/Fuentes-Fidedignas-368234489921644","article_published_time":"2021-08-28T18:10:49+00:00","article_modified_time":"2021-08-28T18:12:06+00:00","og_image":[{"width":1600,"height":854,"url":"https:\/\/fuentesfidedignas.com.mx\/wp-content\/uploads\/2021\/08\/IMG-20210828-WA0016.jpg","type":"image\/jpeg"}],"author":"Redacci\u00f3n","twitter_card":"summary_large_image","twitter_creator":"@fidedignas","twitter_site":"@fidedignas","twitter_misc":{"Escrito por":"Redacci\u00f3n","Tiempo de lectura":"2 minutos"},"schema":{"@context":"https:\/\/schema.org","@graph":[{"@type":"Article","@id":"https:\/\/fuentesfidedignas.com.mx\/index.php\/2021\/08\/28\/instalan-en-el-fuerte-consejo-municipal-de-proteccion-civil-por-huracan-nora\/#article","isPartOf":{"@id":"https:\/\/fuentesfidedignas.com.mx\/index.php\/2021\/08\/28\/instalan-en-el-fuerte-consejo-municipal-de-proteccion-civil-por-huracan-nora\/"},"author":{"name":"Redacci\u00f3n","@id":"https:\/\/fuentesfidedignas.com.mx\/#\/schema\/person\/331be9283d37198e2acd5750279085b0"},"headline":"Instalan en El Fuerte Consejo Municipal de Protecci\u00f3n Civil por hurac\u00e1n &#8220;Nora&#8221;","datePublished":"2021-08-28T18:10:49+00:00","dateModified":"2021-08-28T18:12:06+00:00","mainEntityOfPage":{"@id":"https:\/\/fuentesfidedignas.com.mx\/index.php\/2021\/08\/28\/instalan-en-el-fuerte-consejo-municipal-de-proteccion-civil-por-huracan-nora\/"},"wordCount":474,"commentCount":0,"publisher":{"@id":"https:\/\/fuentesfidedignas.com.mx\/#organization"},"image":{"@id":"https:\/\/fuentesfidedignas.com.mx\/index.php\/2021\/08\/28\/instalan-en-el-fuerte-consejo-municipal-de-proteccion-civil-por-huracan-nora\/#primaryimage"},"thumbnailUrl":"https:\/\/fuentesfidedignas.com.mx\/wp-content\/uploads\/2021\/08\/IMG-20210828-WA0016.jpg","articleSection":["NOTICIAS LOCALES"],"inLanguage":"es","potentialAction":[{"@type":"CommentAction","name":"Comment","target":["https:\/\/fuentesfidedignas.com.mx\/index.php\/2021\/08\/28\/instalan-en-el-fuerte-consejo-municipal-de-proteccion-civil-por-huracan-nora\/#respond"]}]},{"@type":"WebPage","@id":"https:\/\/fuentesfidedignas.com.mx\/index.php\/2021\/08\/28\/instalan-en-el-fuerte-consejo-municipal-de-proteccion-civil-por-huracan-nora\/","url":"https:\/\/fuentesfidedignas.com.mx\/index.php\/2021\/08\/28\/instalan-en-el-fuerte-consejo-municipal-de-proteccion-civil-por-huracan-nora\/","name":"Instalan en El Fuerte Consejo Municipal de Protecci\u00f3n Civil por hurac\u00e1n \"Nora\" - Fuentes Fidedignas","isPartOf":{"@id":"https:\/\/fuentesfidedignas.com.mx\/#website"},"primaryImageOfPage":{"@id":"https:\/\/fuentesfidedignas.com.mx\/index.php\/2021\/08\/28\/instalan-en-el-fuerte-consejo-municipal-de-proteccion-civil-por-huracan-nora\/#primaryimage"},"image":{"@id":"https:\/\/fuentesfidedignas.com.mx\/index.php\/2021\/08\/28\/instalan-en-el-fuerte-consejo-municipal-de-proteccion-civil-por-huracan-nora\/#primaryimage"},"thumbnailUrl":"https:\/\/fuentesfidedignas.com.mx\/wp-content\/uploads\/2021\/08\/IMG-20210828-WA0016.jpg","datePublished":"2021-08-28T18:10:49+00:00","dateModified":"2021-08-28T18:12:06+00:00","breadcrumb":{"@id":"https:\/\/fuentesfidedignas.com.mx\/index.php\/2021\/08\/28\/instalan-en-el-fuerte-consejo-municipal-de-proteccion-civil-por-huracan-nora\/#breadcrumb"},"inLanguage":"es","potentialAction":[{"@type":"ReadAction","target":["https:\/\/fuentesfidedignas.com.mx\/index.php\/2021\/08\/28\/instalan-en-el-fuerte-consejo-municipal-de-proteccion-civil-por-huracan-nora\/"]}]},{"@type":"ImageObject","inLanguage":"es","@id":"https:\/\/fuentesfidedignas.com.mx\/index.php\/2021\/08\/28\/instalan-en-el-fuerte-consejo-municipal-de-proteccion-civil-por-huracan-nora\/#primaryimage","url":"https:\/\/fuentesfidedignas.com.mx\/wp-content\/uploads\/2021\/08\/IMG-20210828-WA0016.jpg","contentUrl":"https:\/\/fuentesfidedignas.com.mx\/wp-content\/uploads\/2021\/08\/IMG-20210828-WA0016.jpg","width":1600,"height":854},{"@type":"BreadcrumbList","@id":"https:\/\/fuentesfidedignas.com.mx\/index.php\/2021\/08\/28\/instalan-en-el-fuerte-consejo-municipal-de-proteccion-civil-por-huracan-nora\/#breadcrumb","itemListElement":[{"@type":"ListItem","position":1,"name":"Inicio","item":"https:\/\/fuentesfidedignas.com.mx\/"},{"@type":"ListItem","position":2,"name":"Instalan en El Fuerte Consejo Municipal de Protecci\u00f3n Civil por hurac\u00e1n &#8220;Nora&#8221;"}]},{"@type":"WebSite","@id":"https:\/\/fuentesfidedignas.com.mx\/#website","url":"https:\/\/fuentesfidedignas.com.mx\/","name":"Fuentes Fidedignas","description":"Otro sitio realizado con WordPress","publisher":{"@id":"https:\/\/fuentesfidedignas.com.mx\/#organization"},"potentialAction":[{"@type":"SearchAction","target":{"@type":"EntryPoint","urlTemplate":"https:\/\/fuentesfidedignas.com.mx\/?s={search_term_string}"},"query-input":{"@type":"PropertyValueSpecification","valueRequired":true,"valueName":"search_term_string"}}],"inLanguage":"es"},{"@type":"Organization","@id":"https:\/\/fuentesfidedignas.com.mx\/#organization","name":"Fuentes Fidedignas","url":"https:\/\/fuentesfidedignas.com.mx\/","logo":{"@type":"ImageObject","inLanguage":"es","@id":"https:\/\/fuentesfidedignas.com.mx\/#\/schema\/logo\/image\/","url":"https:\/\/fuentesfidedignas.com.mx\/wp-content\/uploads\/2021\/04\/logo-retina.png","contentUrl":"https:\/\/fuentesfidedignas.com.mx\/wp-content\/uploads\/2021\/04\/logo-retina.png","width":280,"height":51,"caption":"Fuentes Fidedignas"},"image":{"@id":"https:\/\/fuentesfidedignas.com.mx\/#\/schema\/logo\/image\/"},"sameAs":["https:\/\/www.facebook.com\/Fuentes-Fidedignas-368234489921644","https:\/\/x.com\/fidedignas"]},{"@type":"Person","@id":"https:\/\/fuentesfidedignas.com.mx\/#\/schema\/person\/331be9283d37198e2acd5750279085b0","name":"Redacci\u00f3n","image":{"@type":"ImageObject","inLanguage":"es","@id":"https:\/\/secure.gravatar.com\/avatar\/f6d8782c11d12b2d4ad3fbb6931aeab5309937a4d6cd2fc9cfaa28a6396a5aec?s=96&d=mm&r=g","url":"https:\/\/secure.gravatar.com\/avatar\/f6d8782c11d12b2d4ad3fbb6931aeab5309937a4d6cd2fc9cfaa28a6396a5aec?s=96&d=mm&r=g","contentUrl":"https:\/\/secure.gravatar.com\/avatar\/f6d8782c11d12b2d4ad3fbb6931aeab5309937a4d6cd2fc9cfaa28a6396a5aec?s=96&d=mm&r=g","caption":"Redacci\u00f3n"},"url":"https:\/\/fuentesfidedignas.com.mx\/index.php\/author\/redaccion\/"}]}},"_links":{"self":[{"href":"https:\/\/fuentesfidedignas.com.mx\/index.php\/wp-json\/wp\/v2\/posts\/11095","targetHints":{"allow":["GET"]}}],"collection":[{"href":"https:\/\/fuentesfidedignas.com.mx\/index.php\/wp-json\/wp\/v2\/posts"}],"about":[{"href":"https:\/\/fuentesfidedignas.com.mx\/index.php\/wp-json\/wp\/v2\/types\/post"}],"author":[{"embeddable":true,"href":"https:\/\/fuentesfidedignas.com.mx\/index.php\/wp-json\/wp\/v2\/users\/4"}],"replies":[{"embeddable":true,"href":"https:\/\/fuentesfidedignas.com.mx\/index.php\/wp-json\/wp\/v2\/comments?post=11095"}],"version-history":[{"count":2,"href":"https:\/\/fuentesfidedignas.com.mx\/index.php\/wp-json\/wp\/v2\/posts\/11095\/revisions"}],"predecessor-version":[{"id":11098,"href":"https:\/\/fuentesfidedignas.com.mx\/index.php\/wp-json\/wp\/v2\/posts\/11095\/revisions\/11098"}],"wp:featuredmedia":[{"embeddable":true,"href":"https:\/\/fuentesfidedignas.com.mx\/index.php\/wp-json\/wp\/v2\/media\/11096"}],"wp:attachment":[{"href":"https:\/\/fuentesfidedignas.com.mx\/index.php\/wp-json\/wp\/v2\/media?parent=11095"}],"wp:term":[{"taxonomy":"category","embeddable":true,"href":"https:\/\/fuentesfidedignas.com.mx\/index.php\/wp-json\/wp\/v2\/categories?post=11095"},{"taxonomy":"post_tag","embeddable":true,"href":"https:\/\/fuentesfidedignas.com.mx\/index.php\/wp-json\/wp\/v2\/tags?post=11095"}],"curies":[{"name":"wp","href":"https:\/\/api.w.org\/{rel}","templated":true}]}}