{"id":110947,"date":"2025-06-18T13:36:00","date_gmt":"2025-06-18T20:36:00","guid":{"rendered":"https:\/\/fuentesfidedignas.com.mx\/?p=110947"},"modified":"2025-06-18T12:54:09","modified_gmt":"2025-06-18T19:54:09","slug":"video-abaten-en-enfrentamiento-a-13-civiles-armados-en-villanueva-zacatecas","status":"publish","type":"post","link":"https:\/\/fuentesfidedignas.com.mx\/index.php\/2025\/06\/18\/video-abaten-en-enfrentamiento-a-13-civiles-armados-en-villanueva-zacatecas\/","title":{"rendered":"VIDEO: Abaten en enfrentamiento a 13 civiles armados en Villanueva, Zacatecas"},"content":{"rendered":"\n<p><strong><em>Un despliegue de la Fuerza de Reacci\u00f3n Inmediata en Villanueva desat\u00f3 un enfrentamiento en el que 13 civiles armados fueron abatidos<\/em><\/strong><\/p>\n\n\n\n<p>Un enfrentamiento entre civiles armados y fuerzas de seguridad en el municipio de Villanueva, Zacatecas, dej\u00f3 como saldo a 13 presuntos agresores abatidos, inform\u00f3 Rodrigo Reyes Mug\u00fcerza, secretario general de Gobierno estatal.<\/p>\n\n\n\n<figure class=\"wp-block-embed is-type-rich is-provider-twitter wp-block-embed-twitter\"><div class=\"wp-block-embed__wrapper\">\n<blockquote class=\"twitter-tweet\" data-width=\"550\" data-dnt=\"true\"><p lang=\"es\" dir=\"ltr\">\ud83d\udd34SE REPORTA ENFRENTAMIENTO EN VILLANUEVA, ZACATECAS <br><br>Zacatecas.- Se reporta enfrentamiento armado entre La Encarnaci\u00f3n y El Jaguey, con direcci\u00f3n hacia El Plateado de Joaqu\u00edn Amaro.<br><br>Civiles fuertemente armados circulan por las carreteras que conectan La Encarnaci\u00f3n con\u2026 <a href=\"https:\/\/t.co\/tpVR8NKbYP\">pic.twitter.com\/tpVR8NKbYP<\/a><\/p>&mdash; Zacatecas al Minuto \u231a (@zacalminuto_mx) <a href=\"https:\/\/twitter.com\/zacalminuto_mx\/status\/1935081372793647278?ref_src=twsrc%5Etfw\">June 17, 2025<\/a><\/blockquote><script async src=\"https:\/\/platform.twitter.com\/widgets.js\" charset=\"utf-8\"><\/script>\n<\/div><\/figure>\n\n\n\n<p>El funcionario detall\u00f3 que la Secretar\u00eda de Seguridad P\u00fablica (SSP), en coordinaci\u00f3n con las instituciones que conforman la Mesa de Construcci\u00f3n de Paz, implement\u00f3 un operativo en esa regi\u00f3n lim\u00edtrofe como parte de las acciones para reforzar el proceso de pacificaci\u00f3n en el estado.<\/p>\n\n\n\n<p>Durante el despliegue en Villanueva, elementos de la Fuerza de Reacci\u00f3n Inmediata fueron atacados por civiles armados, lo que desat\u00f3 un enfrentamiento.<\/p>\n\n\n\n<p>La zona fue asegurada de inmediato para proteger a la poblaci\u00f3n, indic\u00f3 Reyes Mug\u00fcerza a trav\u00e9s de sus redes sociales.<\/p>\n\n\n\n<p>Aunque la situaci\u00f3n fue controlada, las autoridades estatales solicitaron a la ciudadan\u00eda circular con precauci\u00f3n, ya que el operativo sigue en curso en distintos puntos de la zona.<\/p>\n\n\n\n<p>El reporte preliminar de la SSP se\u00f1ala que los 13 agresores fueron abatidos sin que se registraran bajas ni heridos entre los elementos de seguridad.<\/p>\n\n\n\n<p>\u201cA la brevedad posible, la Vocer\u00eda de la Mesa de Construcci\u00f3n de Paz informar\u00e1 mayores detalles\u201d, agreg\u00f3 el secretario.<\/p>\n\n\n\n<p>El municipio de Villanueva, donde se instal\u00f3 recientemente un cuartel de la Guardia Nacional (GN) se ubica en una regi\u00f3n estrat\u00e9gica de Zacatecas que ha sido foco de violencia en los \u00faltimos a\u00f1os, debido a disputas entre grupos criminales por el control territorial y de rutas.<\/p>\n\n\n\n<p>El \u00faltimo \u00cdndice de Paz ubica a este estado en el n\u00famero 18, mientras Zacatecas registra 73 homicidios dolosos en lo que va del a\u00f1o, seg\u00fan reportes oficiales hasta mayo de 2025.<\/p>\n","protected":false},"excerpt":{"rendered":"<p>Un despliegue de la Fuerza de Reacci\u00f3n Inmediata en Villanueva desat\u00f3 un enfrentamiento en el que 13 civiles armados fueron abatidos Un enfrentamiento entre civiles armados y fuerzas de seguridad en el municipio de Villanueva, Zacatecas, dej\u00f3 como saldo a 13 presuntos agresores abatidos, inform\u00f3 Rodrigo Reyes Mug\u00fcerza, secretario general de Gobierno estatal. El funcionario [&hellip;]<\/p>\n","protected":false},"author":22,"featured_media":110948,"comment_status":"open","ping_status":"open","sticky":false,"template":"","format":"standard","meta":{"tdm_status":"","tdm_grid_status":"","footnotes":""},"categories":[39],"tags":[],"class_list":{"0":"post-110947","1":"post","2":"type-post","3":"status-publish","4":"format-standard","5":"has-post-thumbnail","7":"category-noticias-nacionales"},"yoast_head":"<!-- This site is optimized with the Yoast SEO plugin v27.5 - https:\/\/yoast.com\/product\/yoast-seo-wordpress\/ -->\n<title>VIDEO: Abaten en enfrentamiento a 13 civiles armados en Villanueva, Zacatecas - Fuentes Fidedignas<\/title>\n<meta name=\"robots\" content=\"index, follow, max-snippet:-1, max-image-preview:large, max-video-preview:-1\" \/>\n<link rel=\"canonical\" href=\"https:\/\/fuentesfidedignas.com.mx\/index.php\/2025\/06\/18\/video-abaten-en-enfrentamiento-a-13-civiles-armados-en-villanueva-zacatecas\/\" \/>\n<meta property=\"og:locale\" content=\"es_MX\" \/>\n<meta property=\"og:type\" content=\"article\" \/>\n<meta property=\"og:title\" content=\"VIDEO: Abaten en enfrentamiento a 13 civiles armados en Villanueva, Zacatecas - Fuentes Fidedignas\" \/>\n<meta property=\"og:description\" content=\"Un despliegue de la Fuerza de Reacci\u00f3n Inmediata en Villanueva desat\u00f3 un enfrentamiento en el que 13 civiles armados fueron abatidos Un enfrentamiento entre civiles armados y fuerzas de seguridad en el municipio de Villanueva, Zacatecas, dej\u00f3 como saldo a 13 presuntos agresores abatidos, inform\u00f3 Rodrigo Reyes Mug\u00fcerza, secretario general de Gobierno estatal. El funcionario [&hellip;]\" \/>\n<meta property=\"og:url\" content=\"https:\/\/fuentesfidedignas.com.mx\/index.php\/2025\/06\/18\/video-abaten-en-enfrentamiento-a-13-civiles-armados-en-villanueva-zacatecas\/\" \/>\n<meta property=\"og:site_name\" content=\"Fuentes Fidedignas\" \/>\n<meta property=\"article:publisher\" content=\"https:\/\/www.facebook.com\/Fuentes-Fidedignas-368234489921644\" \/>\n<meta property=\"article:published_time\" content=\"2025-06-18T20:36:00+00:00\" \/>\n<meta property=\"og:image\" content=\"https:\/\/fuentesfidedignas.com.mx\/wp-content\/uploads\/2025\/06\/autoridades-tras-enfrentamiento-en-villanueva-zacatecas.jpg\" \/>\n\t<meta property=\"og:image:width\" content=\"600\" \/>\n\t<meta property=\"og:image:height\" content=\"338\" \/>\n\t<meta property=\"og:image:type\" content=\"image\/jpeg\" \/>\n<meta name=\"author\" content=\"EFE\" \/>\n<meta name=\"twitter:card\" content=\"summary_large_image\" \/>\n<meta name=\"twitter:creator\" content=\"@fidedignas\" \/>\n<meta name=\"twitter:site\" content=\"@fidedignas\" \/>\n<meta name=\"twitter:label1\" content=\"Escrito por\" \/>\n\t<meta name=\"twitter:data1\" content=\"EFE\" \/>\n\t<meta name=\"twitter:label2\" content=\"Tiempo de lectura\" \/>\n\t<meta name=\"twitter:data2\" content=\"2 minutos\" \/>\n<script type=\"application\/ld+json\" class=\"yoast-schema-graph\">{\"@context\":\"https:\\\/\\\/schema.org\",\"@graph\":[{\"@type\":\"Article\",\"@id\":\"https:\\\/\\\/fuentesfidedignas.com.mx\\\/index.php\\\/2025\\\/06\\\/18\\\/video-abaten-en-enfrentamiento-a-13-civiles-armados-en-villanueva-zacatecas\\\/#article\",\"isPartOf\":{\"@id\":\"https:\\\/\\\/fuentesfidedignas.com.mx\\\/index.php\\\/2025\\\/06\\\/18\\\/video-abaten-en-enfrentamiento-a-13-civiles-armados-en-villanueva-zacatecas\\\/\"},\"author\":{\"name\":\"EFE\",\"@id\":\"https:\\\/\\\/fuentesfidedignas.com.mx\\\/#\\\/schema\\\/person\\\/0d44615087b5a626d5d3f13afe31ac41\"},\"headline\":\"VIDEO: Abaten en enfrentamiento a 13 civiles armados en Villanueva, Zacatecas\",\"datePublished\":\"2025-06-18T20:36:00+00:00\",\"mainEntityOfPage\":{\"@id\":\"https:\\\/\\\/fuentesfidedignas.com.mx\\\/index.php\\\/2025\\\/06\\\/18\\\/video-abaten-en-enfrentamiento-a-13-civiles-armados-en-villanueva-zacatecas\\\/\"},\"wordCount\":323,\"commentCount\":0,\"publisher\":{\"@id\":\"https:\\\/\\\/fuentesfidedignas.com.mx\\\/#organization\"},\"image\":{\"@id\":\"https:\\\/\\\/fuentesfidedignas.com.mx\\\/index.php\\\/2025\\\/06\\\/18\\\/video-abaten-en-enfrentamiento-a-13-civiles-armados-en-villanueva-zacatecas\\\/#primaryimage\"},\"thumbnailUrl\":\"https:\\\/\\\/fuentesfidedignas.com.mx\\\/wp-content\\\/uploads\\\/2025\\\/06\\\/autoridades-tras-enfrentamiento-en-villanueva-zacatecas.jpg\",\"articleSection\":[\"NOTICIAS NACIONALES\"],\"inLanguage\":\"es\",\"potentialAction\":[{\"@type\":\"CommentAction\",\"name\":\"Comment\",\"target\":[\"https:\\\/\\\/fuentesfidedignas.com.mx\\\/index.php\\\/2025\\\/06\\\/18\\\/video-abaten-en-enfrentamiento-a-13-civiles-armados-en-villanueva-zacatecas\\\/#respond\"]}]},{\"@type\":\"WebPage\",\"@id\":\"https:\\\/\\\/fuentesfidedignas.com.mx\\\/index.php\\\/2025\\\/06\\\/18\\\/video-abaten-en-enfrentamiento-a-13-civiles-armados-en-villanueva-zacatecas\\\/\",\"url\":\"https:\\\/\\\/fuentesfidedignas.com.mx\\\/index.php\\\/2025\\\/06\\\/18\\\/video-abaten-en-enfrentamiento-a-13-civiles-armados-en-villanueva-zacatecas\\\/\",\"name\":\"VIDEO: Abaten en enfrentamiento a 13 civiles armados en Villanueva, Zacatecas - Fuentes Fidedignas\",\"isPartOf\":{\"@id\":\"https:\\\/\\\/fuentesfidedignas.com.mx\\\/#website\"},\"primaryImageOfPage\":{\"@id\":\"https:\\\/\\\/fuentesfidedignas.com.mx\\\/index.php\\\/2025\\\/06\\\/18\\\/video-abaten-en-enfrentamiento-a-13-civiles-armados-en-villanueva-zacatecas\\\/#primaryimage\"},\"image\":{\"@id\":\"https:\\\/\\\/fuentesfidedignas.com.mx\\\/index.php\\\/2025\\\/06\\\/18\\\/video-abaten-en-enfrentamiento-a-13-civiles-armados-en-villanueva-zacatecas\\\/#primaryimage\"},\"thumbnailUrl\":\"https:\\\/\\\/fuentesfidedignas.com.mx\\\/wp-content\\\/uploads\\\/2025\\\/06\\\/autoridades-tras-enfrentamiento-en-villanueva-zacatecas.jpg\",\"datePublished\":\"2025-06-18T20:36:00+00:00\",\"breadcrumb\":{\"@id\":\"https:\\\/\\\/fuentesfidedignas.com.mx\\\/index.php\\\/2025\\\/06\\\/18\\\/video-abaten-en-enfrentamiento-a-13-civiles-armados-en-villanueva-zacatecas\\\/#breadcrumb\"},\"inLanguage\":\"es\",\"potentialAction\":[{\"@type\":\"ReadAction\",\"target\":[\"https:\\\/\\\/fuentesfidedignas.com.mx\\\/index.php\\\/2025\\\/06\\\/18\\\/video-abaten-en-enfrentamiento-a-13-civiles-armados-en-villanueva-zacatecas\\\/\"]}]},{\"@type\":\"ImageObject\",\"inLanguage\":\"es\",\"@id\":\"https:\\\/\\\/fuentesfidedignas.com.mx\\\/index.php\\\/2025\\\/06\\\/18\\\/video-abaten-en-enfrentamiento-a-13-civiles-armados-en-villanueva-zacatecas\\\/#primaryimage\",\"url\":\"https:\\\/\\\/fuentesfidedignas.com.mx\\\/wp-content\\\/uploads\\\/2025\\\/06\\\/autoridades-tras-enfrentamiento-en-villanueva-zacatecas.jpg\",\"contentUrl\":\"https:\\\/\\\/fuentesfidedignas.com.mx\\\/wp-content\\\/uploads\\\/2025\\\/06\\\/autoridades-tras-enfrentamiento-en-villanueva-zacatecas.jpg\",\"width\":600,\"height\":338},{\"@type\":\"BreadcrumbList\",\"@id\":\"https:\\\/\\\/fuentesfidedignas.com.mx\\\/index.php\\\/2025\\\/06\\\/18\\\/video-abaten-en-enfrentamiento-a-13-civiles-armados-en-villanueva-zacatecas\\\/#breadcrumb\",\"itemListElement\":[{\"@type\":\"ListItem\",\"position\":1,\"name\":\"Inicio\",\"item\":\"https:\\\/\\\/fuentesfidedignas.com.mx\\\/\"},{\"@type\":\"ListItem\",\"position\":2,\"name\":\"VIDEO: Abaten en enfrentamiento a 13 civiles armados en Villanueva, Zacatecas\"}]},{\"@type\":\"WebSite\",\"@id\":\"https:\\\/\\\/fuentesfidedignas.com.mx\\\/#website\",\"url\":\"https:\\\/\\\/fuentesfidedignas.com.mx\\\/\",\"name\":\"Fuentes Fidedignas\",\"description\":\"Otro sitio realizado con WordPress\",\"publisher\":{\"@id\":\"https:\\\/\\\/fuentesfidedignas.com.mx\\\/#organization\"},\"potentialAction\":[{\"@type\":\"SearchAction\",\"target\":{\"@type\":\"EntryPoint\",\"urlTemplate\":\"https:\\\/\\\/fuentesfidedignas.com.mx\\\/?s={search_term_string}\"},\"query-input\":{\"@type\":\"PropertyValueSpecification\",\"valueRequired\":true,\"valueName\":\"search_term_string\"}}],\"inLanguage\":\"es\"},{\"@type\":\"Organization\",\"@id\":\"https:\\\/\\\/fuentesfidedignas.com.mx\\\/#organization\",\"name\":\"Fuentes Fidedignas\",\"url\":\"https:\\\/\\\/fuentesfidedignas.com.mx\\\/\",\"logo\":{\"@type\":\"ImageObject\",\"inLanguage\":\"es\",\"@id\":\"https:\\\/\\\/fuentesfidedignas.com.mx\\\/#\\\/schema\\\/logo\\\/image\\\/\",\"url\":\"https:\\\/\\\/fuentesfidedignas.com.mx\\\/wp-content\\\/uploads\\\/2021\\\/04\\\/logo-retina.png\",\"contentUrl\":\"https:\\\/\\\/fuentesfidedignas.com.mx\\\/wp-content\\\/uploads\\\/2021\\\/04\\\/logo-retina.png\",\"width\":280,\"height\":51,\"caption\":\"Fuentes Fidedignas\"},\"image\":{\"@id\":\"https:\\\/\\\/fuentesfidedignas.com.mx\\\/#\\\/schema\\\/logo\\\/image\\\/\"},\"sameAs\":[\"https:\\\/\\\/www.facebook.com\\\/Fuentes-Fidedignas-368234489921644\",\"https:\\\/\\\/x.com\\\/fidedignas\"]},{\"@type\":\"Person\",\"@id\":\"https:\\\/\\\/fuentesfidedignas.com.mx\\\/#\\\/schema\\\/person\\\/0d44615087b5a626d5d3f13afe31ac41\",\"name\":\"EFE\",\"image\":{\"@type\":\"ImageObject\",\"inLanguage\":\"es\",\"@id\":\"https:\\\/\\\/secure.gravatar.com\\\/avatar\\\/7048c2d9b569d9bed55bb53ad23821e6e047aa66338fb6ea9868627bbb9f54e8?s=96&d=mm&r=g\",\"url\":\"https:\\\/\\\/secure.gravatar.com\\\/avatar\\\/7048c2d9b569d9bed55bb53ad23821e6e047aa66338fb6ea9868627bbb9f54e8?s=96&d=mm&r=g\",\"contentUrl\":\"https:\\\/\\\/secure.gravatar.com\\\/avatar\\\/7048c2d9b569d9bed55bb53ad23821e6e047aa66338fb6ea9868627bbb9f54e8?s=96&d=mm&r=g\",\"caption\":\"EFE\"},\"url\":\"https:\\\/\\\/fuentesfidedignas.com.mx\\\/index.php\\\/author\\\/efe\\\/\"}]}<\/script>\n<!-- \/ Yoast SEO plugin. -->","yoast_head_json":{"title":"VIDEO: Abaten en enfrentamiento a 13 civiles armados en Villanueva, Zacatecas - Fuentes Fidedignas","robots":{"index":"index","follow":"follow","max-snippet":"max-snippet:-1","max-image-preview":"max-image-preview:large","max-video-preview":"max-video-preview:-1"},"canonical":"https:\/\/fuentesfidedignas.com.mx\/index.php\/2025\/06\/18\/video-abaten-en-enfrentamiento-a-13-civiles-armados-en-villanueva-zacatecas\/","og_locale":"es_MX","og_type":"article","og_title":"VIDEO: Abaten en enfrentamiento a 13 civiles armados en Villanueva, Zacatecas - Fuentes Fidedignas","og_description":"Un despliegue de la Fuerza de Reacci\u00f3n Inmediata en Villanueva desat\u00f3 un enfrentamiento en el que 13 civiles armados fueron abatidos Un enfrentamiento entre civiles armados y fuerzas de seguridad en el municipio de Villanueva, Zacatecas, dej\u00f3 como saldo a 13 presuntos agresores abatidos, inform\u00f3 Rodrigo Reyes Mug\u00fcerza, secretario general de Gobierno estatal. El funcionario [&hellip;]","og_url":"https:\/\/fuentesfidedignas.com.mx\/index.php\/2025\/06\/18\/video-abaten-en-enfrentamiento-a-13-civiles-armados-en-villanueva-zacatecas\/","og_site_name":"Fuentes Fidedignas","article_publisher":"https:\/\/www.facebook.com\/Fuentes-Fidedignas-368234489921644","article_published_time":"2025-06-18T20:36:00+00:00","og_image":[{"width":600,"height":338,"url":"https:\/\/fuentesfidedignas.com.mx\/wp-content\/uploads\/2025\/06\/autoridades-tras-enfrentamiento-en-villanueva-zacatecas.jpg","type":"image\/jpeg"}],"author":"EFE","twitter_card":"summary_large_image","twitter_creator":"@fidedignas","twitter_site":"@fidedignas","twitter_misc":{"Escrito por":"EFE","Tiempo de lectura":"2 minutos"},"schema":{"@context":"https:\/\/schema.org","@graph":[{"@type":"Article","@id":"https:\/\/fuentesfidedignas.com.mx\/index.php\/2025\/06\/18\/video-abaten-en-enfrentamiento-a-13-civiles-armados-en-villanueva-zacatecas\/#article","isPartOf":{"@id":"https:\/\/fuentesfidedignas.com.mx\/index.php\/2025\/06\/18\/video-abaten-en-enfrentamiento-a-13-civiles-armados-en-villanueva-zacatecas\/"},"author":{"name":"EFE","@id":"https:\/\/fuentesfidedignas.com.mx\/#\/schema\/person\/0d44615087b5a626d5d3f13afe31ac41"},"headline":"VIDEO: Abaten en enfrentamiento a 13 civiles armados en Villanueva, Zacatecas","datePublished":"2025-06-18T20:36:00+00:00","mainEntityOfPage":{"@id":"https:\/\/fuentesfidedignas.com.mx\/index.php\/2025\/06\/18\/video-abaten-en-enfrentamiento-a-13-civiles-armados-en-villanueva-zacatecas\/"},"wordCount":323,"commentCount":0,"publisher":{"@id":"https:\/\/fuentesfidedignas.com.mx\/#organization"},"image":{"@id":"https:\/\/fuentesfidedignas.com.mx\/index.php\/2025\/06\/18\/video-abaten-en-enfrentamiento-a-13-civiles-armados-en-villanueva-zacatecas\/#primaryimage"},"thumbnailUrl":"https:\/\/fuentesfidedignas.com.mx\/wp-content\/uploads\/2025\/06\/autoridades-tras-enfrentamiento-en-villanueva-zacatecas.jpg","articleSection":["NOTICIAS NACIONALES"],"inLanguage":"es","potentialAction":[{"@type":"CommentAction","name":"Comment","target":["https:\/\/fuentesfidedignas.com.mx\/index.php\/2025\/06\/18\/video-abaten-en-enfrentamiento-a-13-civiles-armados-en-villanueva-zacatecas\/#respond"]}]},{"@type":"WebPage","@id":"https:\/\/fuentesfidedignas.com.mx\/index.php\/2025\/06\/18\/video-abaten-en-enfrentamiento-a-13-civiles-armados-en-villanueva-zacatecas\/","url":"https:\/\/fuentesfidedignas.com.mx\/index.php\/2025\/06\/18\/video-abaten-en-enfrentamiento-a-13-civiles-armados-en-villanueva-zacatecas\/","name":"VIDEO: Abaten en enfrentamiento a 13 civiles armados en Villanueva, Zacatecas - Fuentes Fidedignas","isPartOf":{"@id":"https:\/\/fuentesfidedignas.com.mx\/#website"},"primaryImageOfPage":{"@id":"https:\/\/fuentesfidedignas.com.mx\/index.php\/2025\/06\/18\/video-abaten-en-enfrentamiento-a-13-civiles-armados-en-villanueva-zacatecas\/#primaryimage"},"image":{"@id":"https:\/\/fuentesfidedignas.com.mx\/index.php\/2025\/06\/18\/video-abaten-en-enfrentamiento-a-13-civiles-armados-en-villanueva-zacatecas\/#primaryimage"},"thumbnailUrl":"https:\/\/fuentesfidedignas.com.mx\/wp-content\/uploads\/2025\/06\/autoridades-tras-enfrentamiento-en-villanueva-zacatecas.jpg","datePublished":"2025-06-18T20:36:00+00:00","breadcrumb":{"@id":"https:\/\/fuentesfidedignas.com.mx\/index.php\/2025\/06\/18\/video-abaten-en-enfrentamiento-a-13-civiles-armados-en-villanueva-zacatecas\/#breadcrumb"},"inLanguage":"es","potentialAction":[{"@type":"ReadAction","target":["https:\/\/fuentesfidedignas.com.mx\/index.php\/2025\/06\/18\/video-abaten-en-enfrentamiento-a-13-civiles-armados-en-villanueva-zacatecas\/"]}]},{"@type":"ImageObject","inLanguage":"es","@id":"https:\/\/fuentesfidedignas.com.mx\/index.php\/2025\/06\/18\/video-abaten-en-enfrentamiento-a-13-civiles-armados-en-villanueva-zacatecas\/#primaryimage","url":"https:\/\/fuentesfidedignas.com.mx\/wp-content\/uploads\/2025\/06\/autoridades-tras-enfrentamiento-en-villanueva-zacatecas.jpg","contentUrl":"https:\/\/fuentesfidedignas.com.mx\/wp-content\/uploads\/2025\/06\/autoridades-tras-enfrentamiento-en-villanueva-zacatecas.jpg","width":600,"height":338},{"@type":"BreadcrumbList","@id":"https:\/\/fuentesfidedignas.com.mx\/index.php\/2025\/06\/18\/video-abaten-en-enfrentamiento-a-13-civiles-armados-en-villanueva-zacatecas\/#breadcrumb","itemListElement":[{"@type":"ListItem","position":1,"name":"Inicio","item":"https:\/\/fuentesfidedignas.com.mx\/"},{"@type":"ListItem","position":2,"name":"VIDEO: Abaten en enfrentamiento a 13 civiles armados en Villanueva, Zacatecas"}]},{"@type":"WebSite","@id":"https:\/\/fuentesfidedignas.com.mx\/#website","url":"https:\/\/fuentesfidedignas.com.mx\/","name":"Fuentes Fidedignas","description":"Otro sitio realizado con WordPress","publisher":{"@id":"https:\/\/fuentesfidedignas.com.mx\/#organization"},"potentialAction":[{"@type":"SearchAction","target":{"@type":"EntryPoint","urlTemplate":"https:\/\/fuentesfidedignas.com.mx\/?s={search_term_string}"},"query-input":{"@type":"PropertyValueSpecification","valueRequired":true,"valueName":"search_term_string"}}],"inLanguage":"es"},{"@type":"Organization","@id":"https:\/\/fuentesfidedignas.com.mx\/#organization","name":"Fuentes Fidedignas","url":"https:\/\/fuentesfidedignas.com.mx\/","logo":{"@type":"ImageObject","inLanguage":"es","@id":"https:\/\/fuentesfidedignas.com.mx\/#\/schema\/logo\/image\/","url":"https:\/\/fuentesfidedignas.com.mx\/wp-content\/uploads\/2021\/04\/logo-retina.png","contentUrl":"https:\/\/fuentesfidedignas.com.mx\/wp-content\/uploads\/2021\/04\/logo-retina.png","width":280,"height":51,"caption":"Fuentes Fidedignas"},"image":{"@id":"https:\/\/fuentesfidedignas.com.mx\/#\/schema\/logo\/image\/"},"sameAs":["https:\/\/www.facebook.com\/Fuentes-Fidedignas-368234489921644","https:\/\/x.com\/fidedignas"]},{"@type":"Person","@id":"https:\/\/fuentesfidedignas.com.mx\/#\/schema\/person\/0d44615087b5a626d5d3f13afe31ac41","name":"EFE","image":{"@type":"ImageObject","inLanguage":"es","@id":"https:\/\/secure.gravatar.com\/avatar\/7048c2d9b569d9bed55bb53ad23821e6e047aa66338fb6ea9868627bbb9f54e8?s=96&d=mm&r=g","url":"https:\/\/secure.gravatar.com\/avatar\/7048c2d9b569d9bed55bb53ad23821e6e047aa66338fb6ea9868627bbb9f54e8?s=96&d=mm&r=g","contentUrl":"https:\/\/secure.gravatar.com\/avatar\/7048c2d9b569d9bed55bb53ad23821e6e047aa66338fb6ea9868627bbb9f54e8?s=96&d=mm&r=g","caption":"EFE"},"url":"https:\/\/fuentesfidedignas.com.mx\/index.php\/author\/efe\/"}]}},"_links":{"self":[{"href":"https:\/\/fuentesfidedignas.com.mx\/index.php\/wp-json\/wp\/v2\/posts\/110947","targetHints":{"allow":["GET"]}}],"collection":[{"href":"https:\/\/fuentesfidedignas.com.mx\/index.php\/wp-json\/wp\/v2\/posts"}],"about":[{"href":"https:\/\/fuentesfidedignas.com.mx\/index.php\/wp-json\/wp\/v2\/types\/post"}],"author":[{"embeddable":true,"href":"https:\/\/fuentesfidedignas.com.mx\/index.php\/wp-json\/wp\/v2\/users\/22"}],"replies":[{"embeddable":true,"href":"https:\/\/fuentesfidedignas.com.mx\/index.php\/wp-json\/wp\/v2\/comments?post=110947"}],"version-history":[{"count":1,"href":"https:\/\/fuentesfidedignas.com.mx\/index.php\/wp-json\/wp\/v2\/posts\/110947\/revisions"}],"predecessor-version":[{"id":110949,"href":"https:\/\/fuentesfidedignas.com.mx\/index.php\/wp-json\/wp\/v2\/posts\/110947\/revisions\/110949"}],"wp:featuredmedia":[{"embeddable":true,"href":"https:\/\/fuentesfidedignas.com.mx\/index.php\/wp-json\/wp\/v2\/media\/110948"}],"wp:attachment":[{"href":"https:\/\/fuentesfidedignas.com.mx\/index.php\/wp-json\/wp\/v2\/media?parent=110947"}],"wp:term":[{"taxonomy":"category","embeddable":true,"href":"https:\/\/fuentesfidedignas.com.mx\/index.php\/wp-json\/wp\/v2\/categories?post=110947"},{"taxonomy":"post_tag","embeddable":true,"href":"https:\/\/fuentesfidedignas.com.mx\/index.php\/wp-json\/wp\/v2\/tags?post=110947"}],"curies":[{"name":"wp","href":"https:\/\/api.w.org\/{rel}","templated":true}]}}