{"id":110866,"date":"2025-06-17T09:31:47","date_gmt":"2025-06-17T16:31:47","guid":{"rendered":"https:\/\/fuentesfidedignas.com.mx\/?p=110866"},"modified":"2025-06-17T09:31:50","modified_gmt":"2025-06-17T16:31:50","slug":"cae-pablo-edwin-huerta-el-flaquito-lider-del-cartel-de-tijuana","status":"publish","type":"post","link":"https:\/\/fuentesfidedignas.com.mx\/index.php\/2025\/06\/17\/cae-pablo-edwin-huerta-el-flaquito-lider-del-cartel-de-tijuana\/","title":{"rendered":"Cae Pablo Edwin Huerta, &#8216;El Flaquito&#8217;, l\u00edder del C\u00e1rtel de Tijuana"},"content":{"rendered":"\n<p><strong><em>Huerta Nu\u00f1o fue identificado como operador del c\u00e1rtel de los Arellano F\u00e9lix; fue detenido sin incidentes y cuenta con orden de extradici\u00f3n.<\/em><\/strong><\/p>\n\n\n\n<p>La Fiscal\u00eda Especializada en Materia de Delincuencia Organizada (FEMDO) de la Fiscal\u00eda General de la Rep\u00fablica (FGR) captur\u00f3 a Pablo Edwin Huerta Nu\u00f1o, alias El Flaquito, considerado el principal l\u00edder del c\u00e1rtel Arellano F\u00e9lix en M\u00e9xico.<\/p>\n\n\n\n<p>Durante a\u00f1os, Huerta Nu\u00f1o logr\u00f3 eludir m\u00faltiples intentos de asesinato, incluyendo uno en un hospital donde incluso sali\u00f3 vestido como polic\u00eda.<\/p>\n\n\n\n<p><strong>&#8216;El Flaquito&#8217; fue detenido sin incidentes tras un cateo; tiene orden de extradici\u00f3n<\/strong><br>De acuerdo con el Registro Nacional de Detenciones, la captura ocurri\u00f3 en un domicilio ubicado sobre el bulevar Fundadores, en la calle Cumbres de la Encantada, en Tijuana, Baja California.<\/p>\n\n\n\n<p>Fue arrestado sin incidentes cuando las fuerzas federadas lo rodearon tras un cateo. De acuerdo con fuentes militares, Huerta Nu\u00f1o cuenta con una&nbsp;orden de extradici\u00f3n, por lo que ser\u00e1 entregado a las&nbsp;autoridades correspondientes&nbsp;para su traslado.<\/p>\n\n\n\n<p><strong>\u00bfQui\u00e9n es &#8216;El Flaquito&#8217;, l\u00edder del C\u00e1rtel de Tijuana?<\/strong><br>El Flaquito es se\u00f1alado como l\u00edder de una c\u00e9lula delictiva implicada en actividades como narcotr\u00e1fico, extorsi\u00f3n y homicidios.<\/p>\n\n\n\n<p>Su captura representa un golpe significativo a la estructura del c\u00e1rtel de los Arellano F\u00e9lix, tambi\u00e9n conocido como C\u00e1rtel de Tijuana.<\/p>\n\n\n\n<p>Fuentes federales se\u00f1alaron que la FEMDO planific\u00f3 la operaci\u00f3n con base en&nbsp;inteligencia obtenida durante meses, misma que permiti\u00f3 identificar el paradero exacto de Huerta Nu\u00f1o.<\/p>\n\n\n\n<p>Con la ca\u00edda de&nbsp;El Flaquito, las autoridades esperan desarticular las c\u00e9lulas delictivas que \u00e9l encabezaba y continuar con las investigaciones contra otros integrantes del&nbsp;c\u00e1rtel Arellano F\u00e9lix.<\/p>\n\n\n\n<p><strong>&#8216;El Cebollas&#8217;, segundo al mando en el c\u00e1rtel, fue asesinado en febrero<\/strong><br>Este operativo representa un golpe significativo para la organizaci\u00f3n tras el asesinato, en febrero de este a\u00f1o, de su segundo al mando y brazo derecho Sebasti\u00e1n Moreno Olivares, conocido como El Cebollas.<\/p>\n\n\n\n<p>Moreno Olivares fue asesinado en su propia casa, ubicada en el Hip\u00f3dromo, donde celebraba su cumplea\u00f1os.<\/p>\n\n\n\n<p><\/p>\n","protected":false},"excerpt":{"rendered":"<p>Huerta Nu\u00f1o fue identificado como operador del c\u00e1rtel de los Arellano F\u00e9lix; fue detenido sin incidentes y cuenta con orden de extradici\u00f3n. La Fiscal\u00eda Especializada en Materia de Delincuencia Organizada (FEMDO) de la Fiscal\u00eda General de la Rep\u00fablica (FGR) captur\u00f3 a Pablo Edwin Huerta Nu\u00f1o, alias El Flaquito, considerado el principal l\u00edder del c\u00e1rtel Arellano [&hellip;]<\/p>\n","protected":false},"author":9,"featured_media":110867,"comment_status":"open","ping_status":"open","sticky":false,"template":"","format":"standard","meta":{"tdm_status":"","tdm_grid_status":"","footnotes":""},"categories":[39],"tags":[],"class_list":{"0":"post-110866","1":"post","2":"type-post","3":"status-publish","4":"format-standard","5":"has-post-thumbnail","7":"category-noticias-nacionales"},"yoast_head":"<!-- This site is optimized with the Yoast SEO plugin v27.4 - https:\/\/yoast.com\/product\/yoast-seo-wordpress\/ -->\n<title>Cae Pablo Edwin Huerta, &#039;El Flaquito&#039;, l\u00edder del C\u00e1rtel de Tijuana - Fuentes Fidedignas<\/title>\n<meta name=\"robots\" content=\"index, follow, max-snippet:-1, max-image-preview:large, max-video-preview:-1\" \/>\n<link rel=\"canonical\" href=\"https:\/\/fuentesfidedignas.com.mx\/index.php\/2025\/06\/17\/cae-pablo-edwin-huerta-el-flaquito-lider-del-cartel-de-tijuana\/\" \/>\n<meta property=\"og:locale\" content=\"es_MX\" \/>\n<meta property=\"og:type\" content=\"article\" \/>\n<meta property=\"og:title\" content=\"Cae Pablo Edwin Huerta, &#039;El Flaquito&#039;, l\u00edder del C\u00e1rtel de Tijuana - Fuentes Fidedignas\" \/>\n<meta property=\"og:description\" content=\"Huerta Nu\u00f1o fue identificado como operador del c\u00e1rtel de los Arellano F\u00e9lix; fue detenido sin incidentes y cuenta con orden de extradici\u00f3n. La Fiscal\u00eda Especializada en Materia de Delincuencia Organizada (FEMDO) de la Fiscal\u00eda General de la Rep\u00fablica (FGR) captur\u00f3 a Pablo Edwin Huerta Nu\u00f1o, alias El Flaquito, considerado el principal l\u00edder del c\u00e1rtel Arellano [&hellip;]\" \/>\n<meta property=\"og:url\" content=\"https:\/\/fuentesfidedignas.com.mx\/index.php\/2025\/06\/17\/cae-pablo-edwin-huerta-el-flaquito-lider-del-cartel-de-tijuana\/\" \/>\n<meta property=\"og:site_name\" content=\"Fuentes Fidedignas\" \/>\n<meta property=\"article:publisher\" content=\"https:\/\/www.facebook.com\/Fuentes-Fidedignas-368234489921644\" \/>\n<meta property=\"article:published_time\" content=\"2025-06-17T16:31:47+00:00\" \/>\n<meta property=\"article:modified_time\" content=\"2025-06-17T16:31:50+00:00\" \/>\n<meta property=\"og:image\" content=\"https:\/\/fuentesfidedignas.com.mx\/wp-content\/uploads\/2025\/06\/pablo-Huerta-Tijuana.jpg\" \/>\n\t<meta property=\"og:image:width\" content=\"600\" \/>\n\t<meta property=\"og:image:height\" content=\"335\" \/>\n\t<meta property=\"og:image:type\" content=\"image\/jpeg\" \/>\n<meta name=\"author\" content=\"Milenio\" \/>\n<meta name=\"twitter:card\" content=\"summary_large_image\" \/>\n<meta name=\"twitter:creator\" content=\"@fidedignas\" \/>\n<meta name=\"twitter:site\" content=\"@fidedignas\" \/>\n<meta name=\"twitter:label1\" content=\"Escrito por\" \/>\n\t<meta name=\"twitter:data1\" content=\"Milenio\" \/>\n\t<meta name=\"twitter:label2\" content=\"Tiempo de lectura\" \/>\n\t<meta name=\"twitter:data2\" content=\"2 minutos\" \/>\n<script type=\"application\/ld+json\" class=\"yoast-schema-graph\">{\"@context\":\"https:\\\/\\\/schema.org\",\"@graph\":[{\"@type\":\"Article\",\"@id\":\"https:\\\/\\\/fuentesfidedignas.com.mx\\\/index.php\\\/2025\\\/06\\\/17\\\/cae-pablo-edwin-huerta-el-flaquito-lider-del-cartel-de-tijuana\\\/#article\",\"isPartOf\":{\"@id\":\"https:\\\/\\\/fuentesfidedignas.com.mx\\\/index.php\\\/2025\\\/06\\\/17\\\/cae-pablo-edwin-huerta-el-flaquito-lider-del-cartel-de-tijuana\\\/\"},\"author\":{\"name\":\"Milenio\",\"@id\":\"https:\\\/\\\/fuentesfidedignas.com.mx\\\/#\\\/schema\\\/person\\\/47ec0135738f4b0c7495f06a77a2c976\"},\"headline\":\"Cae Pablo Edwin Huerta, &#8216;El Flaquito&#8217;, l\u00edder del C\u00e1rtel de Tijuana\",\"datePublished\":\"2025-06-17T16:31:47+00:00\",\"dateModified\":\"2025-06-17T16:31:50+00:00\",\"mainEntityOfPage\":{\"@id\":\"https:\\\/\\\/fuentesfidedignas.com.mx\\\/index.php\\\/2025\\\/06\\\/17\\\/cae-pablo-edwin-huerta-el-flaquito-lider-del-cartel-de-tijuana\\\/\"},\"wordCount\":385,\"commentCount\":0,\"publisher\":{\"@id\":\"https:\\\/\\\/fuentesfidedignas.com.mx\\\/#organization\"},\"image\":{\"@id\":\"https:\\\/\\\/fuentesfidedignas.com.mx\\\/index.php\\\/2025\\\/06\\\/17\\\/cae-pablo-edwin-huerta-el-flaquito-lider-del-cartel-de-tijuana\\\/#primaryimage\"},\"thumbnailUrl\":\"https:\\\/\\\/fuentesfidedignas.com.mx\\\/wp-content\\\/uploads\\\/2025\\\/06\\\/pablo-Huerta-Tijuana.jpg\",\"articleSection\":[\"NOTICIAS NACIONALES\"],\"inLanguage\":\"es\",\"potentialAction\":[{\"@type\":\"CommentAction\",\"name\":\"Comment\",\"target\":[\"https:\\\/\\\/fuentesfidedignas.com.mx\\\/index.php\\\/2025\\\/06\\\/17\\\/cae-pablo-edwin-huerta-el-flaquito-lider-del-cartel-de-tijuana\\\/#respond\"]}]},{\"@type\":\"WebPage\",\"@id\":\"https:\\\/\\\/fuentesfidedignas.com.mx\\\/index.php\\\/2025\\\/06\\\/17\\\/cae-pablo-edwin-huerta-el-flaquito-lider-del-cartel-de-tijuana\\\/\",\"url\":\"https:\\\/\\\/fuentesfidedignas.com.mx\\\/index.php\\\/2025\\\/06\\\/17\\\/cae-pablo-edwin-huerta-el-flaquito-lider-del-cartel-de-tijuana\\\/\",\"name\":\"Cae Pablo Edwin Huerta, 'El Flaquito', l\u00edder del C\u00e1rtel de Tijuana - Fuentes Fidedignas\",\"isPartOf\":{\"@id\":\"https:\\\/\\\/fuentesfidedignas.com.mx\\\/#website\"},\"primaryImageOfPage\":{\"@id\":\"https:\\\/\\\/fuentesfidedignas.com.mx\\\/index.php\\\/2025\\\/06\\\/17\\\/cae-pablo-edwin-huerta-el-flaquito-lider-del-cartel-de-tijuana\\\/#primaryimage\"},\"image\":{\"@id\":\"https:\\\/\\\/fuentesfidedignas.com.mx\\\/index.php\\\/2025\\\/06\\\/17\\\/cae-pablo-edwin-huerta-el-flaquito-lider-del-cartel-de-tijuana\\\/#primaryimage\"},\"thumbnailUrl\":\"https:\\\/\\\/fuentesfidedignas.com.mx\\\/wp-content\\\/uploads\\\/2025\\\/06\\\/pablo-Huerta-Tijuana.jpg\",\"datePublished\":\"2025-06-17T16:31:47+00:00\",\"dateModified\":\"2025-06-17T16:31:50+00:00\",\"breadcrumb\":{\"@id\":\"https:\\\/\\\/fuentesfidedignas.com.mx\\\/index.php\\\/2025\\\/06\\\/17\\\/cae-pablo-edwin-huerta-el-flaquito-lider-del-cartel-de-tijuana\\\/#breadcrumb\"},\"inLanguage\":\"es\",\"potentialAction\":[{\"@type\":\"ReadAction\",\"target\":[\"https:\\\/\\\/fuentesfidedignas.com.mx\\\/index.php\\\/2025\\\/06\\\/17\\\/cae-pablo-edwin-huerta-el-flaquito-lider-del-cartel-de-tijuana\\\/\"]}]},{\"@type\":\"ImageObject\",\"inLanguage\":\"es\",\"@id\":\"https:\\\/\\\/fuentesfidedignas.com.mx\\\/index.php\\\/2025\\\/06\\\/17\\\/cae-pablo-edwin-huerta-el-flaquito-lider-del-cartel-de-tijuana\\\/#primaryimage\",\"url\":\"https:\\\/\\\/fuentesfidedignas.com.mx\\\/wp-content\\\/uploads\\\/2025\\\/06\\\/pablo-Huerta-Tijuana.jpg\",\"contentUrl\":\"https:\\\/\\\/fuentesfidedignas.com.mx\\\/wp-content\\\/uploads\\\/2025\\\/06\\\/pablo-Huerta-Tijuana.jpg\",\"width\":600,\"height\":335},{\"@type\":\"BreadcrumbList\",\"@id\":\"https:\\\/\\\/fuentesfidedignas.com.mx\\\/index.php\\\/2025\\\/06\\\/17\\\/cae-pablo-edwin-huerta-el-flaquito-lider-del-cartel-de-tijuana\\\/#breadcrumb\",\"itemListElement\":[{\"@type\":\"ListItem\",\"position\":1,\"name\":\"Inicio\",\"item\":\"https:\\\/\\\/fuentesfidedignas.com.mx\\\/\"},{\"@type\":\"ListItem\",\"position\":2,\"name\":\"Cae Pablo Edwin Huerta, &#8216;El Flaquito&#8217;, l\u00edder del C\u00e1rtel de Tijuana\"}]},{\"@type\":\"WebSite\",\"@id\":\"https:\\\/\\\/fuentesfidedignas.com.mx\\\/#website\",\"url\":\"https:\\\/\\\/fuentesfidedignas.com.mx\\\/\",\"name\":\"Fuentes Fidedignas\",\"description\":\"Otro sitio realizado con WordPress\",\"publisher\":{\"@id\":\"https:\\\/\\\/fuentesfidedignas.com.mx\\\/#organization\"},\"potentialAction\":[{\"@type\":\"SearchAction\",\"target\":{\"@type\":\"EntryPoint\",\"urlTemplate\":\"https:\\\/\\\/fuentesfidedignas.com.mx\\\/?s={search_term_string}\"},\"query-input\":{\"@type\":\"PropertyValueSpecification\",\"valueRequired\":true,\"valueName\":\"search_term_string\"}}],\"inLanguage\":\"es\"},{\"@type\":\"Organization\",\"@id\":\"https:\\\/\\\/fuentesfidedignas.com.mx\\\/#organization\",\"name\":\"Fuentes Fidedignas\",\"url\":\"https:\\\/\\\/fuentesfidedignas.com.mx\\\/\",\"logo\":{\"@type\":\"ImageObject\",\"inLanguage\":\"es\",\"@id\":\"https:\\\/\\\/fuentesfidedignas.com.mx\\\/#\\\/schema\\\/logo\\\/image\\\/\",\"url\":\"https:\\\/\\\/fuentesfidedignas.com.mx\\\/wp-content\\\/uploads\\\/2021\\\/04\\\/logo-retina.png\",\"contentUrl\":\"https:\\\/\\\/fuentesfidedignas.com.mx\\\/wp-content\\\/uploads\\\/2021\\\/04\\\/logo-retina.png\",\"width\":280,\"height\":51,\"caption\":\"Fuentes Fidedignas\"},\"image\":{\"@id\":\"https:\\\/\\\/fuentesfidedignas.com.mx\\\/#\\\/schema\\\/logo\\\/image\\\/\"},\"sameAs\":[\"https:\\\/\\\/www.facebook.com\\\/Fuentes-Fidedignas-368234489921644\",\"https:\\\/\\\/x.com\\\/fidedignas\"]},{\"@type\":\"Person\",\"@id\":\"https:\\\/\\\/fuentesfidedignas.com.mx\\\/#\\\/schema\\\/person\\\/47ec0135738f4b0c7495f06a77a2c976\",\"name\":\"Milenio\",\"image\":{\"@type\":\"ImageObject\",\"inLanguage\":\"es\",\"@id\":\"https:\\\/\\\/secure.gravatar.com\\\/avatar\\\/acabf7b54753e51c2c76457954577c236b3b764789b19879565769739d1e4a75?s=96&d=mm&r=g\",\"url\":\"https:\\\/\\\/secure.gravatar.com\\\/avatar\\\/acabf7b54753e51c2c76457954577c236b3b764789b19879565769739d1e4a75?s=96&d=mm&r=g\",\"contentUrl\":\"https:\\\/\\\/secure.gravatar.com\\\/avatar\\\/acabf7b54753e51c2c76457954577c236b3b764789b19879565769739d1e4a75?s=96&d=mm&r=g\",\"caption\":\"Milenio\"},\"url\":\"https:\\\/\\\/fuentesfidedignas.com.mx\\\/index.php\\\/author\\\/milenio\\\/\"}]}<\/script>\n<!-- \/ Yoast SEO plugin. -->","yoast_head_json":{"title":"Cae Pablo Edwin Huerta, 'El Flaquito', l\u00edder del C\u00e1rtel de Tijuana - Fuentes Fidedignas","robots":{"index":"index","follow":"follow","max-snippet":"max-snippet:-1","max-image-preview":"max-image-preview:large","max-video-preview":"max-video-preview:-1"},"canonical":"https:\/\/fuentesfidedignas.com.mx\/index.php\/2025\/06\/17\/cae-pablo-edwin-huerta-el-flaquito-lider-del-cartel-de-tijuana\/","og_locale":"es_MX","og_type":"article","og_title":"Cae Pablo Edwin Huerta, 'El Flaquito', l\u00edder del C\u00e1rtel de Tijuana - Fuentes Fidedignas","og_description":"Huerta Nu\u00f1o fue identificado como operador del c\u00e1rtel de los Arellano F\u00e9lix; fue detenido sin incidentes y cuenta con orden de extradici\u00f3n. La Fiscal\u00eda Especializada en Materia de Delincuencia Organizada (FEMDO) de la Fiscal\u00eda General de la Rep\u00fablica (FGR) captur\u00f3 a Pablo Edwin Huerta Nu\u00f1o, alias El Flaquito, considerado el principal l\u00edder del c\u00e1rtel Arellano [&hellip;]","og_url":"https:\/\/fuentesfidedignas.com.mx\/index.php\/2025\/06\/17\/cae-pablo-edwin-huerta-el-flaquito-lider-del-cartel-de-tijuana\/","og_site_name":"Fuentes Fidedignas","article_publisher":"https:\/\/www.facebook.com\/Fuentes-Fidedignas-368234489921644","article_published_time":"2025-06-17T16:31:47+00:00","article_modified_time":"2025-06-17T16:31:50+00:00","og_image":[{"width":600,"height":335,"url":"https:\/\/fuentesfidedignas.com.mx\/wp-content\/uploads\/2025\/06\/pablo-Huerta-Tijuana.jpg","type":"image\/jpeg"}],"author":"Milenio","twitter_card":"summary_large_image","twitter_creator":"@fidedignas","twitter_site":"@fidedignas","twitter_misc":{"Escrito por":"Milenio","Tiempo de lectura":"2 minutos"},"schema":{"@context":"https:\/\/schema.org","@graph":[{"@type":"Article","@id":"https:\/\/fuentesfidedignas.com.mx\/index.php\/2025\/06\/17\/cae-pablo-edwin-huerta-el-flaquito-lider-del-cartel-de-tijuana\/#article","isPartOf":{"@id":"https:\/\/fuentesfidedignas.com.mx\/index.php\/2025\/06\/17\/cae-pablo-edwin-huerta-el-flaquito-lider-del-cartel-de-tijuana\/"},"author":{"name":"Milenio","@id":"https:\/\/fuentesfidedignas.com.mx\/#\/schema\/person\/47ec0135738f4b0c7495f06a77a2c976"},"headline":"Cae Pablo Edwin Huerta, &#8216;El Flaquito&#8217;, l\u00edder del C\u00e1rtel de Tijuana","datePublished":"2025-06-17T16:31:47+00:00","dateModified":"2025-06-17T16:31:50+00:00","mainEntityOfPage":{"@id":"https:\/\/fuentesfidedignas.com.mx\/index.php\/2025\/06\/17\/cae-pablo-edwin-huerta-el-flaquito-lider-del-cartel-de-tijuana\/"},"wordCount":385,"commentCount":0,"publisher":{"@id":"https:\/\/fuentesfidedignas.com.mx\/#organization"},"image":{"@id":"https:\/\/fuentesfidedignas.com.mx\/index.php\/2025\/06\/17\/cae-pablo-edwin-huerta-el-flaquito-lider-del-cartel-de-tijuana\/#primaryimage"},"thumbnailUrl":"https:\/\/fuentesfidedignas.com.mx\/wp-content\/uploads\/2025\/06\/pablo-Huerta-Tijuana.jpg","articleSection":["NOTICIAS NACIONALES"],"inLanguage":"es","potentialAction":[{"@type":"CommentAction","name":"Comment","target":["https:\/\/fuentesfidedignas.com.mx\/index.php\/2025\/06\/17\/cae-pablo-edwin-huerta-el-flaquito-lider-del-cartel-de-tijuana\/#respond"]}]},{"@type":"WebPage","@id":"https:\/\/fuentesfidedignas.com.mx\/index.php\/2025\/06\/17\/cae-pablo-edwin-huerta-el-flaquito-lider-del-cartel-de-tijuana\/","url":"https:\/\/fuentesfidedignas.com.mx\/index.php\/2025\/06\/17\/cae-pablo-edwin-huerta-el-flaquito-lider-del-cartel-de-tijuana\/","name":"Cae Pablo Edwin Huerta, 'El Flaquito', l\u00edder del C\u00e1rtel de Tijuana - Fuentes Fidedignas","isPartOf":{"@id":"https:\/\/fuentesfidedignas.com.mx\/#website"},"primaryImageOfPage":{"@id":"https:\/\/fuentesfidedignas.com.mx\/index.php\/2025\/06\/17\/cae-pablo-edwin-huerta-el-flaquito-lider-del-cartel-de-tijuana\/#primaryimage"},"image":{"@id":"https:\/\/fuentesfidedignas.com.mx\/index.php\/2025\/06\/17\/cae-pablo-edwin-huerta-el-flaquito-lider-del-cartel-de-tijuana\/#primaryimage"},"thumbnailUrl":"https:\/\/fuentesfidedignas.com.mx\/wp-content\/uploads\/2025\/06\/pablo-Huerta-Tijuana.jpg","datePublished":"2025-06-17T16:31:47+00:00","dateModified":"2025-06-17T16:31:50+00:00","breadcrumb":{"@id":"https:\/\/fuentesfidedignas.com.mx\/index.php\/2025\/06\/17\/cae-pablo-edwin-huerta-el-flaquito-lider-del-cartel-de-tijuana\/#breadcrumb"},"inLanguage":"es","potentialAction":[{"@type":"ReadAction","target":["https:\/\/fuentesfidedignas.com.mx\/index.php\/2025\/06\/17\/cae-pablo-edwin-huerta-el-flaquito-lider-del-cartel-de-tijuana\/"]}]},{"@type":"ImageObject","inLanguage":"es","@id":"https:\/\/fuentesfidedignas.com.mx\/index.php\/2025\/06\/17\/cae-pablo-edwin-huerta-el-flaquito-lider-del-cartel-de-tijuana\/#primaryimage","url":"https:\/\/fuentesfidedignas.com.mx\/wp-content\/uploads\/2025\/06\/pablo-Huerta-Tijuana.jpg","contentUrl":"https:\/\/fuentesfidedignas.com.mx\/wp-content\/uploads\/2025\/06\/pablo-Huerta-Tijuana.jpg","width":600,"height":335},{"@type":"BreadcrumbList","@id":"https:\/\/fuentesfidedignas.com.mx\/index.php\/2025\/06\/17\/cae-pablo-edwin-huerta-el-flaquito-lider-del-cartel-de-tijuana\/#breadcrumb","itemListElement":[{"@type":"ListItem","position":1,"name":"Inicio","item":"https:\/\/fuentesfidedignas.com.mx\/"},{"@type":"ListItem","position":2,"name":"Cae Pablo Edwin Huerta, &#8216;El Flaquito&#8217;, l\u00edder del C\u00e1rtel de Tijuana"}]},{"@type":"WebSite","@id":"https:\/\/fuentesfidedignas.com.mx\/#website","url":"https:\/\/fuentesfidedignas.com.mx\/","name":"Fuentes Fidedignas","description":"Otro sitio realizado con WordPress","publisher":{"@id":"https:\/\/fuentesfidedignas.com.mx\/#organization"},"potentialAction":[{"@type":"SearchAction","target":{"@type":"EntryPoint","urlTemplate":"https:\/\/fuentesfidedignas.com.mx\/?s={search_term_string}"},"query-input":{"@type":"PropertyValueSpecification","valueRequired":true,"valueName":"search_term_string"}}],"inLanguage":"es"},{"@type":"Organization","@id":"https:\/\/fuentesfidedignas.com.mx\/#organization","name":"Fuentes Fidedignas","url":"https:\/\/fuentesfidedignas.com.mx\/","logo":{"@type":"ImageObject","inLanguage":"es","@id":"https:\/\/fuentesfidedignas.com.mx\/#\/schema\/logo\/image\/","url":"https:\/\/fuentesfidedignas.com.mx\/wp-content\/uploads\/2021\/04\/logo-retina.png","contentUrl":"https:\/\/fuentesfidedignas.com.mx\/wp-content\/uploads\/2021\/04\/logo-retina.png","width":280,"height":51,"caption":"Fuentes Fidedignas"},"image":{"@id":"https:\/\/fuentesfidedignas.com.mx\/#\/schema\/logo\/image\/"},"sameAs":["https:\/\/www.facebook.com\/Fuentes-Fidedignas-368234489921644","https:\/\/x.com\/fidedignas"]},{"@type":"Person","@id":"https:\/\/fuentesfidedignas.com.mx\/#\/schema\/person\/47ec0135738f4b0c7495f06a77a2c976","name":"Milenio","image":{"@type":"ImageObject","inLanguage":"es","@id":"https:\/\/secure.gravatar.com\/avatar\/acabf7b54753e51c2c76457954577c236b3b764789b19879565769739d1e4a75?s=96&d=mm&r=g","url":"https:\/\/secure.gravatar.com\/avatar\/acabf7b54753e51c2c76457954577c236b3b764789b19879565769739d1e4a75?s=96&d=mm&r=g","contentUrl":"https:\/\/secure.gravatar.com\/avatar\/acabf7b54753e51c2c76457954577c236b3b764789b19879565769739d1e4a75?s=96&d=mm&r=g","caption":"Milenio"},"url":"https:\/\/fuentesfidedignas.com.mx\/index.php\/author\/milenio\/"}]}},"_links":{"self":[{"href":"https:\/\/fuentesfidedignas.com.mx\/index.php\/wp-json\/wp\/v2\/posts\/110866","targetHints":{"allow":["GET"]}}],"collection":[{"href":"https:\/\/fuentesfidedignas.com.mx\/index.php\/wp-json\/wp\/v2\/posts"}],"about":[{"href":"https:\/\/fuentesfidedignas.com.mx\/index.php\/wp-json\/wp\/v2\/types\/post"}],"author":[{"embeddable":true,"href":"https:\/\/fuentesfidedignas.com.mx\/index.php\/wp-json\/wp\/v2\/users\/9"}],"replies":[{"embeddable":true,"href":"https:\/\/fuentesfidedignas.com.mx\/index.php\/wp-json\/wp\/v2\/comments?post=110866"}],"version-history":[{"count":1,"href":"https:\/\/fuentesfidedignas.com.mx\/index.php\/wp-json\/wp\/v2\/posts\/110866\/revisions"}],"predecessor-version":[{"id":110868,"href":"https:\/\/fuentesfidedignas.com.mx\/index.php\/wp-json\/wp\/v2\/posts\/110866\/revisions\/110868"}],"wp:featuredmedia":[{"embeddable":true,"href":"https:\/\/fuentesfidedignas.com.mx\/index.php\/wp-json\/wp\/v2\/media\/110867"}],"wp:attachment":[{"href":"https:\/\/fuentesfidedignas.com.mx\/index.php\/wp-json\/wp\/v2\/media?parent=110866"}],"wp:term":[{"taxonomy":"category","embeddable":true,"href":"https:\/\/fuentesfidedignas.com.mx\/index.php\/wp-json\/wp\/v2\/categories?post=110866"},{"taxonomy":"post_tag","embeddable":true,"href":"https:\/\/fuentesfidedignas.com.mx\/index.php\/wp-json\/wp\/v2\/tags?post=110866"}],"curies":[{"name":"wp","href":"https:\/\/api.w.org\/{rel}","templated":true}]}}