{"id":110729,"date":"2025-06-15T11:59:10","date_gmt":"2025-06-15T18:59:10","guid":{"rendered":"https:\/\/fuentesfidedignas.com.mx\/?p=110729"},"modified":"2025-06-15T11:59:21","modified_gmt":"2025-06-15T18:59:21","slug":"los-silencios-que-heredamos","status":"publish","type":"post","link":"https:\/\/fuentesfidedignas.com.mx\/index.php\/2025\/06\/15\/los-silencios-que-heredamos\/","title":{"rendered":"Los silencios que heredamos"},"content":{"rendered":"\n<p>Los padres son arquitectos de silencios. Construyen con sus ausencias tanto como con sus presencias, edifican mundos en el espacio que existe entre lo que dicen y lo que callan. <\/p>\n\n\n\n<p>Cada padre lleva consigo un mapa secreto de preocupaciones, un atlas de miedos dibujado con tinta invisible que solo se revela cuando tenemos la fortuna de caminar junto a ellos por esos territorios, cuando el tiempo nos regala la oportunidad de conocerlos tambi\u00e9n en su fragilidad.<\/p>\n\n\n\n<p>Mi padre fue un hombre de gestos medidos, de palabras que pesaban como monedas antiguas. Sus manos han trazado c\u00edrculos protectores alrededor de mi vida sin que yo me diera cuenta, como quien dibuja constelaciones en un cielo que otros ven vac\u00edo. Hay algo profundamente melanc\u00f3lico en reconocer que durante a\u00f1os fui un planeta en \u00f3rbita alrededor de un sol que daba por sentado, sin comprender que su luz no era natural sino deliberada, alimentada por una voluntad feroz de mantener mi mundo iluminado.<\/p>\n\n\n\n<p>Los padres envejecen de manera diferente al resto de los mortales. Se vuelven trasl\u00facidos gradualmente, como si la paternidad fuera un proceso alqu\u00edmico que los convierte en seres de cristal, fr\u00e1giles y luminosos. Cuando la enfermedad llega, esa fragilidad se hace visible, y es entonces cuando comprendemos que cuidar a quien nos cuid\u00f3 no es una carga sino un privilegio. En esos momentos \u00edntimos, cuando los roles se invierten, descubrimos que ellos tambi\u00e9n fueron ni\u00f1os una vez, que tambi\u00e9n tuvieron miedo, que tambi\u00e9n se sintieron perdidos en la vastedad del mundo.<\/p>\n\n\n\n<p>Mi padre me ense\u00f1\u00f3 que la masculinidad no es ausencia de l\u00e1grimas sino la capacidad de llorar por las cosas correctas. Me mostr\u00f3 que la fortaleza no reside en la dureza sino en la flexibilidad de quien se dobla pero no se rompe. Aprend\u00ed que la verdadera fortaleza tambi\u00e9n reside en permitirse ser cuidado, en aceptar que el amor a veces se expresa en gestos tan simples como un vaso de agua ofrecido en el momento exacto. En sus silencios aprend\u00ed que hay palabras que solo se pueden pronunciar con actos, declaraciones de amor escritas en el lenguaje secreto de los sacrificios cotidianos.<\/p>\n\n\n\n<p>Mi padre ya no est\u00e1 aqu\u00ed para cantar sobre las estrellas, pero su voz resuena cada vez que miro el cielo nocturno y me pregunto por qu\u00e9, entre tantos siglos, tantos mundos, tanto espacio, coincidimos en la misma familia, en el mismo tiempo, en el mismo amor. Ahora entiendo que \u00e9l regres\u00f3 a ser estrella, pero que la luz que dej\u00f3 en m\u00ed sigue iluminando mi camino como una constelaci\u00f3n personal, como un mapa celestial que solo yo puedo leer.<\/p>\n\n\n\n<p>La paternidad es un acto de fe radical: criar a un ser humano sin manual de instrucciones, amar incondicionalmente a alguien que eventualmente se ir\u00e1, construir un puente hacia un futuro que quiz\u00e1s no alcancemos a ver. Mi padre plant\u00f3 \u00e1rboles sabiendo que ser\u00eda yo quien disfrutar\u00eda de su sombra, pero tambi\u00e9n me ense\u00f1\u00f3 a plantar los m\u00edos.<\/p>\n\n\n\n<p>En las tardes de domingo, cuando la luz se vuelve dorada y melanc\u00f3lica, pienso en todas las versiones de mi padre que he conocido: el joven que se convirti\u00f3 en pap\u00e1 sin saber exactamente c\u00f3mo hacerlo, el hombre de mediana edad que trabaj\u00f3 d\u00edas extras para que no nos faltara nada, el abuelo que mira el mundo con ojos que han visto demasiado y esperan demasiado poco. Cada una de estas versiones coexiste en mi memoria como fotograf\u00edas superpuestas, creando un retrato imposible de un hombre que es todos esos hombres a la vez.<\/p>\n\n\n\n<p>Los padres son bibliotecas ambulantes de lecciones no pronunciadas. Cargan en sus espaldas enciclopedias de experiencias que traducen en consejos breves, en miradas que dicen m\u00e1s que mil palabras, en el simple acto de estar ah\u00ed cuando el mundo se desmorona. Mi padre fue una antolog\u00eda de sabidur\u00eda susurrada, un compendio de amor expresado en actos m\u00e1s que en palabras. Durante sus \u00faltimos d\u00edas, tuve el privilegio de leer esa biblioteca completa, de descifrar todos los textos ocultos en sus gestos, de entender finalmente el idioma secreto en el que siempre me hab\u00eda hablado.<\/p>\n\n\n\n<p>Tal vez la verdadera paternidad no consiste en crear hijos perfectos sino en criar seres humanos capaces de amar imperfectamente, de fallar con dignidad, de levantarse una vez m\u00e1s de las que caen. Mi padre no me dio un mundo sin problemas; me dio las herramientas para navegar un mundo lleno de ellos. Y en sus \u00faltimos momentos, me dio la oportunidad de ser yo quien le ofreciera refugio, quien fuera su puerto seguro mientras \u00e9l se preparaba para el \u00faltimo viaje.<\/p>\n\n\n\n<p>Y mientras escribo estas l\u00edneas, entiendo que el amor paternal es tambi\u00e9n una forma de la inmortalidad: vivimos en los gestos que aprendimos de nuestros padres, en las palabras que ahora pronunciamos con su entonaci\u00f3n, en la manera en que miramos el mundo a trav\u00e9s de los ojos que ellos nos ayudaron a abrir. Somos la continuaci\u00f3n de una conversaci\u00f3n que comenzaron mucho antes de que naci\u00e9ramos y que continuar\u00e1 mucho despu\u00e9s de que se hayan ido.<\/p>\n\n\n\n<p>En alg\u00fan lugar del espacio infinito, mi padre volvi\u00f3 a ser estrella. Pero aqu\u00ed, en este instante, en este planeta que compartimos por un rato, sigo sintiendo su luz. Porque de todos los siglos, todos los mundos, todo el espacio posible, tuvimos la fortuna extraordinaria de coincidir.<\/p>\n\n\n\n<p>Pap\u00e1: gracias por ense\u00f1arme que amar es tambi\u00e9n saber partir, y que partir no es desaparecer sino convertirse en la luz que otros llevan consigo. Gracias por ser el silencio entre mis palabras, la pausa entre mis latidos, la estrella que me recuerda que los milagros existen y se llaman coincidencias.<\/p>\n","protected":false},"excerpt":{"rendered":"<p>Los padres son arquitectos de silencios. Construyen con sus ausencias tanto como con sus presencias, edifican mundos en el espacio que existe entre lo que dicen y lo que callan. Cada padre lleva consigo un mapa secreto de preocupaciones, un atlas de miedos dibujado con tinta invisible que solo se revela cuando tenemos la fortuna [&hellip;]<\/p>\n","protected":false},"author":146,"featured_media":110730,"comment_status":"open","ping_status":"open","sticky":false,"template":"","format":"standard","meta":{"tdm_status":"","tdm_grid_status":"","footnotes":""},"categories":[3064,3089],"tags":[],"class_list":{"0":"post-110729","1":"post","2":"type-post","3":"status-publish","4":"format-standard","5":"has-post-thumbnail","7":"category-columnas","8":"category-nutriendo-la-mente"},"yoast_head":"<!-- This site is optimized with the Yoast SEO plugin v27.5 - https:\/\/yoast.com\/product\/yoast-seo-wordpress\/ -->\n<title>Los silencios que heredamos - Fuentes Fidedignas<\/title>\n<meta name=\"robots\" content=\"index, follow, max-snippet:-1, max-image-preview:large, max-video-preview:-1\" \/>\n<link rel=\"canonical\" href=\"https:\/\/fuentesfidedignas.com.mx\/index.php\/2025\/06\/15\/los-silencios-que-heredamos\/\" \/>\n<meta property=\"og:locale\" content=\"es_MX\" \/>\n<meta property=\"og:type\" content=\"article\" \/>\n<meta property=\"og:title\" content=\"Los silencios que heredamos - Fuentes Fidedignas\" \/>\n<meta property=\"og:description\" content=\"Los padres son arquitectos de silencios. Construyen con sus ausencias tanto como con sus presencias, edifican mundos en el espacio que existe entre lo que dicen y lo que callan. Cada padre lleva consigo un mapa secreto de preocupaciones, un atlas de miedos dibujado con tinta invisible que solo se revela cuando tenemos la fortuna [&hellip;]\" \/>\n<meta property=\"og:url\" content=\"https:\/\/fuentesfidedignas.com.mx\/index.php\/2025\/06\/15\/los-silencios-que-heredamos\/\" \/>\n<meta property=\"og:site_name\" content=\"Fuentes Fidedignas\" \/>\n<meta property=\"article:publisher\" content=\"https:\/\/www.facebook.com\/Fuentes-Fidedignas-368234489921644\" \/>\n<meta property=\"article:published_time\" content=\"2025-06-15T18:59:10+00:00\" \/>\n<meta property=\"article:modified_time\" content=\"2025-06-15T18:59:21+00:00\" \/>\n<meta property=\"og:image\" content=\"https:\/\/fuentesfidedignas.com.mx\/wp-content\/uploads\/2025\/06\/WhatsApp-Image-2025-06-15-at-11.18.26-AM-1.jpeg\" \/>\n\t<meta property=\"og:image:width\" content=\"600\" \/>\n\t<meta property=\"og:image:height\" content=\"443\" \/>\n\t<meta property=\"og:image:type\" content=\"image\/jpeg\" \/>\n<meta name=\"author\" content=\"Mtro. Horacio de Jes\u00fas Malcampo Moreno\" \/>\n<meta name=\"twitter:card\" content=\"summary_large_image\" \/>\n<meta name=\"twitter:creator\" content=\"@fidedignas\" \/>\n<meta name=\"twitter:site\" content=\"@fidedignas\" \/>\n<meta name=\"twitter:label1\" content=\"Escrito por\" \/>\n\t<meta name=\"twitter:data1\" content=\"Mtro. Horacio de Jes\u00fas Malcampo Moreno\" \/>\n\t<meta name=\"twitter:label2\" content=\"Tiempo de lectura\" \/>\n\t<meta name=\"twitter:data2\" content=\"5 minutos\" \/>\n<script type=\"application\/ld+json\" class=\"yoast-schema-graph\">{\"@context\":\"https:\\\/\\\/schema.org\",\"@graph\":[{\"@type\":\"Article\",\"@id\":\"https:\\\/\\\/fuentesfidedignas.com.mx\\\/index.php\\\/2025\\\/06\\\/15\\\/los-silencios-que-heredamos\\\/#article\",\"isPartOf\":{\"@id\":\"https:\\\/\\\/fuentesfidedignas.com.mx\\\/index.php\\\/2025\\\/06\\\/15\\\/los-silencios-que-heredamos\\\/\"},\"author\":{\"name\":\"Mtro. Horacio de Jes\u00fas Malcampo Moreno\",\"@id\":\"https:\\\/\\\/fuentesfidedignas.com.mx\\\/#\\\/schema\\\/person\\\/3f687c55082c557a647c7836bde45728\"},\"headline\":\"Los silencios que heredamos\",\"datePublished\":\"2025-06-15T18:59:10+00:00\",\"dateModified\":\"2025-06-15T18:59:21+00:00\",\"mainEntityOfPage\":{\"@id\":\"https:\\\/\\\/fuentesfidedignas.com.mx\\\/index.php\\\/2025\\\/06\\\/15\\\/los-silencios-que-heredamos\\\/\"},\"wordCount\":983,\"commentCount\":0,\"publisher\":{\"@id\":\"https:\\\/\\\/fuentesfidedignas.com.mx\\\/#organization\"},\"image\":{\"@id\":\"https:\\\/\\\/fuentesfidedignas.com.mx\\\/index.php\\\/2025\\\/06\\\/15\\\/los-silencios-que-heredamos\\\/#primaryimage\"},\"thumbnailUrl\":\"https:\\\/\\\/fuentesfidedignas.com.mx\\\/wp-content\\\/uploads\\\/2025\\\/06\\\/WhatsApp-Image-2025-06-15-at-11.18.26-AM-1.jpeg\",\"articleSection\":[\"COLUMNAS\",\"NUTRIENDO LA MENTE\"],\"inLanguage\":\"es\",\"potentialAction\":[{\"@type\":\"CommentAction\",\"name\":\"Comment\",\"target\":[\"https:\\\/\\\/fuentesfidedignas.com.mx\\\/index.php\\\/2025\\\/06\\\/15\\\/los-silencios-que-heredamos\\\/#respond\"]}]},{\"@type\":\"WebPage\",\"@id\":\"https:\\\/\\\/fuentesfidedignas.com.mx\\\/index.php\\\/2025\\\/06\\\/15\\\/los-silencios-que-heredamos\\\/\",\"url\":\"https:\\\/\\\/fuentesfidedignas.com.mx\\\/index.php\\\/2025\\\/06\\\/15\\\/los-silencios-que-heredamos\\\/\",\"name\":\"Los silencios que heredamos - Fuentes Fidedignas\",\"isPartOf\":{\"@id\":\"https:\\\/\\\/fuentesfidedignas.com.mx\\\/#website\"},\"primaryImageOfPage\":{\"@id\":\"https:\\\/\\\/fuentesfidedignas.com.mx\\\/index.php\\\/2025\\\/06\\\/15\\\/los-silencios-que-heredamos\\\/#primaryimage\"},\"image\":{\"@id\":\"https:\\\/\\\/fuentesfidedignas.com.mx\\\/index.php\\\/2025\\\/06\\\/15\\\/los-silencios-que-heredamos\\\/#primaryimage\"},\"thumbnailUrl\":\"https:\\\/\\\/fuentesfidedignas.com.mx\\\/wp-content\\\/uploads\\\/2025\\\/06\\\/WhatsApp-Image-2025-06-15-at-11.18.26-AM-1.jpeg\",\"datePublished\":\"2025-06-15T18:59:10+00:00\",\"dateModified\":\"2025-06-15T18:59:21+00:00\",\"breadcrumb\":{\"@id\":\"https:\\\/\\\/fuentesfidedignas.com.mx\\\/index.php\\\/2025\\\/06\\\/15\\\/los-silencios-que-heredamos\\\/#breadcrumb\"},\"inLanguage\":\"es\",\"potentialAction\":[{\"@type\":\"ReadAction\",\"target\":[\"https:\\\/\\\/fuentesfidedignas.com.mx\\\/index.php\\\/2025\\\/06\\\/15\\\/los-silencios-que-heredamos\\\/\"]}]},{\"@type\":\"ImageObject\",\"inLanguage\":\"es\",\"@id\":\"https:\\\/\\\/fuentesfidedignas.com.mx\\\/index.php\\\/2025\\\/06\\\/15\\\/los-silencios-que-heredamos\\\/#primaryimage\",\"url\":\"https:\\\/\\\/fuentesfidedignas.com.mx\\\/wp-content\\\/uploads\\\/2025\\\/06\\\/WhatsApp-Image-2025-06-15-at-11.18.26-AM-1.jpeg\",\"contentUrl\":\"https:\\\/\\\/fuentesfidedignas.com.mx\\\/wp-content\\\/uploads\\\/2025\\\/06\\\/WhatsApp-Image-2025-06-15-at-11.18.26-AM-1.jpeg\",\"width\":600,\"height\":443},{\"@type\":\"BreadcrumbList\",\"@id\":\"https:\\\/\\\/fuentesfidedignas.com.mx\\\/index.php\\\/2025\\\/06\\\/15\\\/los-silencios-que-heredamos\\\/#breadcrumb\",\"itemListElement\":[{\"@type\":\"ListItem\",\"position\":1,\"name\":\"Inicio\",\"item\":\"https:\\\/\\\/fuentesfidedignas.com.mx\\\/\"},{\"@type\":\"ListItem\",\"position\":2,\"name\":\"Los silencios que heredamos\"}]},{\"@type\":\"WebSite\",\"@id\":\"https:\\\/\\\/fuentesfidedignas.com.mx\\\/#website\",\"url\":\"https:\\\/\\\/fuentesfidedignas.com.mx\\\/\",\"name\":\"Fuentes Fidedignas\",\"description\":\"Otro sitio realizado con WordPress\",\"publisher\":{\"@id\":\"https:\\\/\\\/fuentesfidedignas.com.mx\\\/#organization\"},\"potentialAction\":[{\"@type\":\"SearchAction\",\"target\":{\"@type\":\"EntryPoint\",\"urlTemplate\":\"https:\\\/\\\/fuentesfidedignas.com.mx\\\/?s={search_term_string}\"},\"query-input\":{\"@type\":\"PropertyValueSpecification\",\"valueRequired\":true,\"valueName\":\"search_term_string\"}}],\"inLanguage\":\"es\"},{\"@type\":\"Organization\",\"@id\":\"https:\\\/\\\/fuentesfidedignas.com.mx\\\/#organization\",\"name\":\"Fuentes Fidedignas\",\"url\":\"https:\\\/\\\/fuentesfidedignas.com.mx\\\/\",\"logo\":{\"@type\":\"ImageObject\",\"inLanguage\":\"es\",\"@id\":\"https:\\\/\\\/fuentesfidedignas.com.mx\\\/#\\\/schema\\\/logo\\\/image\\\/\",\"url\":\"https:\\\/\\\/fuentesfidedignas.com.mx\\\/wp-content\\\/uploads\\\/2021\\\/04\\\/logo-retina.png\",\"contentUrl\":\"https:\\\/\\\/fuentesfidedignas.com.mx\\\/wp-content\\\/uploads\\\/2021\\\/04\\\/logo-retina.png\",\"width\":280,\"height\":51,\"caption\":\"Fuentes Fidedignas\"},\"image\":{\"@id\":\"https:\\\/\\\/fuentesfidedignas.com.mx\\\/#\\\/schema\\\/logo\\\/image\\\/\"},\"sameAs\":[\"https:\\\/\\\/www.facebook.com\\\/Fuentes-Fidedignas-368234489921644\",\"https:\\\/\\\/x.com\\\/fidedignas\"]},{\"@type\":\"Person\",\"@id\":\"https:\\\/\\\/fuentesfidedignas.com.mx\\\/#\\\/schema\\\/person\\\/3f687c55082c557a647c7836bde45728\",\"name\":\"Mtro. Horacio de Jes\u00fas Malcampo Moreno\",\"image\":{\"@type\":\"ImageObject\",\"inLanguage\":\"es\",\"@id\":\"https:\\\/\\\/secure.gravatar.com\\\/avatar\\\/21fd667a5b9de079d383e44390566d4c728a6ce47b9b5e8419c61f1b793461ac?s=96&d=mm&r=g\",\"url\":\"https:\\\/\\\/secure.gravatar.com\\\/avatar\\\/21fd667a5b9de079d383e44390566d4c728a6ce47b9b5e8419c61f1b793461ac?s=96&d=mm&r=g\",\"contentUrl\":\"https:\\\/\\\/secure.gravatar.com\\\/avatar\\\/21fd667a5b9de079d383e44390566d4c728a6ce47b9b5e8419c61f1b793461ac?s=96&d=mm&r=g\",\"caption\":\"Mtro. Horacio de Jes\u00fas Malcampo Moreno\"},\"url\":\"https:\\\/\\\/fuentesfidedignas.com.mx\\\/index.php\\\/author\\\/horacio\\\/\"}]}<\/script>\n<!-- \/ Yoast SEO plugin. -->","yoast_head_json":{"title":"Los silencios que heredamos - Fuentes Fidedignas","robots":{"index":"index","follow":"follow","max-snippet":"max-snippet:-1","max-image-preview":"max-image-preview:large","max-video-preview":"max-video-preview:-1"},"canonical":"https:\/\/fuentesfidedignas.com.mx\/index.php\/2025\/06\/15\/los-silencios-que-heredamos\/","og_locale":"es_MX","og_type":"article","og_title":"Los silencios que heredamos - Fuentes Fidedignas","og_description":"Los padres son arquitectos de silencios. Construyen con sus ausencias tanto como con sus presencias, edifican mundos en el espacio que existe entre lo que dicen y lo que callan. Cada padre lleva consigo un mapa secreto de preocupaciones, un atlas de miedos dibujado con tinta invisible que solo se revela cuando tenemos la fortuna [&hellip;]","og_url":"https:\/\/fuentesfidedignas.com.mx\/index.php\/2025\/06\/15\/los-silencios-que-heredamos\/","og_site_name":"Fuentes Fidedignas","article_publisher":"https:\/\/www.facebook.com\/Fuentes-Fidedignas-368234489921644","article_published_time":"2025-06-15T18:59:10+00:00","article_modified_time":"2025-06-15T18:59:21+00:00","og_image":[{"width":600,"height":443,"url":"https:\/\/fuentesfidedignas.com.mx\/wp-content\/uploads\/2025\/06\/WhatsApp-Image-2025-06-15-at-11.18.26-AM-1.jpeg","type":"image\/jpeg"}],"author":"Mtro. Horacio de Jes\u00fas Malcampo Moreno","twitter_card":"summary_large_image","twitter_creator":"@fidedignas","twitter_site":"@fidedignas","twitter_misc":{"Escrito por":"Mtro. Horacio de Jes\u00fas Malcampo Moreno","Tiempo de lectura":"5 minutos"},"schema":{"@context":"https:\/\/schema.org","@graph":[{"@type":"Article","@id":"https:\/\/fuentesfidedignas.com.mx\/index.php\/2025\/06\/15\/los-silencios-que-heredamos\/#article","isPartOf":{"@id":"https:\/\/fuentesfidedignas.com.mx\/index.php\/2025\/06\/15\/los-silencios-que-heredamos\/"},"author":{"name":"Mtro. Horacio de Jes\u00fas Malcampo Moreno","@id":"https:\/\/fuentesfidedignas.com.mx\/#\/schema\/person\/3f687c55082c557a647c7836bde45728"},"headline":"Los silencios que heredamos","datePublished":"2025-06-15T18:59:10+00:00","dateModified":"2025-06-15T18:59:21+00:00","mainEntityOfPage":{"@id":"https:\/\/fuentesfidedignas.com.mx\/index.php\/2025\/06\/15\/los-silencios-que-heredamos\/"},"wordCount":983,"commentCount":0,"publisher":{"@id":"https:\/\/fuentesfidedignas.com.mx\/#organization"},"image":{"@id":"https:\/\/fuentesfidedignas.com.mx\/index.php\/2025\/06\/15\/los-silencios-que-heredamos\/#primaryimage"},"thumbnailUrl":"https:\/\/fuentesfidedignas.com.mx\/wp-content\/uploads\/2025\/06\/WhatsApp-Image-2025-06-15-at-11.18.26-AM-1.jpeg","articleSection":["COLUMNAS","NUTRIENDO LA MENTE"],"inLanguage":"es","potentialAction":[{"@type":"CommentAction","name":"Comment","target":["https:\/\/fuentesfidedignas.com.mx\/index.php\/2025\/06\/15\/los-silencios-que-heredamos\/#respond"]}]},{"@type":"WebPage","@id":"https:\/\/fuentesfidedignas.com.mx\/index.php\/2025\/06\/15\/los-silencios-que-heredamos\/","url":"https:\/\/fuentesfidedignas.com.mx\/index.php\/2025\/06\/15\/los-silencios-que-heredamos\/","name":"Los silencios que heredamos - Fuentes Fidedignas","isPartOf":{"@id":"https:\/\/fuentesfidedignas.com.mx\/#website"},"primaryImageOfPage":{"@id":"https:\/\/fuentesfidedignas.com.mx\/index.php\/2025\/06\/15\/los-silencios-que-heredamos\/#primaryimage"},"image":{"@id":"https:\/\/fuentesfidedignas.com.mx\/index.php\/2025\/06\/15\/los-silencios-que-heredamos\/#primaryimage"},"thumbnailUrl":"https:\/\/fuentesfidedignas.com.mx\/wp-content\/uploads\/2025\/06\/WhatsApp-Image-2025-06-15-at-11.18.26-AM-1.jpeg","datePublished":"2025-06-15T18:59:10+00:00","dateModified":"2025-06-15T18:59:21+00:00","breadcrumb":{"@id":"https:\/\/fuentesfidedignas.com.mx\/index.php\/2025\/06\/15\/los-silencios-que-heredamos\/#breadcrumb"},"inLanguage":"es","potentialAction":[{"@type":"ReadAction","target":["https:\/\/fuentesfidedignas.com.mx\/index.php\/2025\/06\/15\/los-silencios-que-heredamos\/"]}]},{"@type":"ImageObject","inLanguage":"es","@id":"https:\/\/fuentesfidedignas.com.mx\/index.php\/2025\/06\/15\/los-silencios-que-heredamos\/#primaryimage","url":"https:\/\/fuentesfidedignas.com.mx\/wp-content\/uploads\/2025\/06\/WhatsApp-Image-2025-06-15-at-11.18.26-AM-1.jpeg","contentUrl":"https:\/\/fuentesfidedignas.com.mx\/wp-content\/uploads\/2025\/06\/WhatsApp-Image-2025-06-15-at-11.18.26-AM-1.jpeg","width":600,"height":443},{"@type":"BreadcrumbList","@id":"https:\/\/fuentesfidedignas.com.mx\/index.php\/2025\/06\/15\/los-silencios-que-heredamos\/#breadcrumb","itemListElement":[{"@type":"ListItem","position":1,"name":"Inicio","item":"https:\/\/fuentesfidedignas.com.mx\/"},{"@type":"ListItem","position":2,"name":"Los silencios que heredamos"}]},{"@type":"WebSite","@id":"https:\/\/fuentesfidedignas.com.mx\/#website","url":"https:\/\/fuentesfidedignas.com.mx\/","name":"Fuentes Fidedignas","description":"Otro sitio realizado con WordPress","publisher":{"@id":"https:\/\/fuentesfidedignas.com.mx\/#organization"},"potentialAction":[{"@type":"SearchAction","target":{"@type":"EntryPoint","urlTemplate":"https:\/\/fuentesfidedignas.com.mx\/?s={search_term_string}"},"query-input":{"@type":"PropertyValueSpecification","valueRequired":true,"valueName":"search_term_string"}}],"inLanguage":"es"},{"@type":"Organization","@id":"https:\/\/fuentesfidedignas.com.mx\/#organization","name":"Fuentes Fidedignas","url":"https:\/\/fuentesfidedignas.com.mx\/","logo":{"@type":"ImageObject","inLanguage":"es","@id":"https:\/\/fuentesfidedignas.com.mx\/#\/schema\/logo\/image\/","url":"https:\/\/fuentesfidedignas.com.mx\/wp-content\/uploads\/2021\/04\/logo-retina.png","contentUrl":"https:\/\/fuentesfidedignas.com.mx\/wp-content\/uploads\/2021\/04\/logo-retina.png","width":280,"height":51,"caption":"Fuentes Fidedignas"},"image":{"@id":"https:\/\/fuentesfidedignas.com.mx\/#\/schema\/logo\/image\/"},"sameAs":["https:\/\/www.facebook.com\/Fuentes-Fidedignas-368234489921644","https:\/\/x.com\/fidedignas"]},{"@type":"Person","@id":"https:\/\/fuentesfidedignas.com.mx\/#\/schema\/person\/3f687c55082c557a647c7836bde45728","name":"Mtro. Horacio de Jes\u00fas Malcampo Moreno","image":{"@type":"ImageObject","inLanguage":"es","@id":"https:\/\/secure.gravatar.com\/avatar\/21fd667a5b9de079d383e44390566d4c728a6ce47b9b5e8419c61f1b793461ac?s=96&d=mm&r=g","url":"https:\/\/secure.gravatar.com\/avatar\/21fd667a5b9de079d383e44390566d4c728a6ce47b9b5e8419c61f1b793461ac?s=96&d=mm&r=g","contentUrl":"https:\/\/secure.gravatar.com\/avatar\/21fd667a5b9de079d383e44390566d4c728a6ce47b9b5e8419c61f1b793461ac?s=96&d=mm&r=g","caption":"Mtro. Horacio de Jes\u00fas Malcampo Moreno"},"url":"https:\/\/fuentesfidedignas.com.mx\/index.php\/author\/horacio\/"}]}},"_links":{"self":[{"href":"https:\/\/fuentesfidedignas.com.mx\/index.php\/wp-json\/wp\/v2\/posts\/110729","targetHints":{"allow":["GET"]}}],"collection":[{"href":"https:\/\/fuentesfidedignas.com.mx\/index.php\/wp-json\/wp\/v2\/posts"}],"about":[{"href":"https:\/\/fuentesfidedignas.com.mx\/index.php\/wp-json\/wp\/v2\/types\/post"}],"author":[{"embeddable":true,"href":"https:\/\/fuentesfidedignas.com.mx\/index.php\/wp-json\/wp\/v2\/users\/146"}],"replies":[{"embeddable":true,"href":"https:\/\/fuentesfidedignas.com.mx\/index.php\/wp-json\/wp\/v2\/comments?post=110729"}],"version-history":[{"count":1,"href":"https:\/\/fuentesfidedignas.com.mx\/index.php\/wp-json\/wp\/v2\/posts\/110729\/revisions"}],"predecessor-version":[{"id":110731,"href":"https:\/\/fuentesfidedignas.com.mx\/index.php\/wp-json\/wp\/v2\/posts\/110729\/revisions\/110731"}],"wp:featuredmedia":[{"embeddable":true,"href":"https:\/\/fuentesfidedignas.com.mx\/index.php\/wp-json\/wp\/v2\/media\/110730"}],"wp:attachment":[{"href":"https:\/\/fuentesfidedignas.com.mx\/index.php\/wp-json\/wp\/v2\/media?parent=110729"}],"wp:term":[{"taxonomy":"category","embeddable":true,"href":"https:\/\/fuentesfidedignas.com.mx\/index.php\/wp-json\/wp\/v2\/categories?post=110729"},{"taxonomy":"post_tag","embeddable":true,"href":"https:\/\/fuentesfidedignas.com.mx\/index.php\/wp-json\/wp\/v2\/tags?post=110729"}],"curies":[{"name":"wp","href":"https:\/\/api.w.org\/{rel}","templated":true}]}}