{"id":110627,"date":"2025-06-13T11:28:55","date_gmt":"2025-06-13T18:28:55","guid":{"rendered":"https:\/\/fuentesfidedignas.com.mx\/?p=110627"},"modified":"2025-06-13T11:29:04","modified_gmt":"2025-06-13T18:29:04","slug":"aseguran-mas-de-una-tonelada-de-cocaina-frente-a-costas-de-guerrero","status":"publish","type":"post","link":"https:\/\/fuentesfidedignas.com.mx\/index.php\/2025\/06\/13\/aseguran-mas-de-una-tonelada-de-cocaina-frente-a-costas-de-guerrero\/","title":{"rendered":"Aseguran m\u00e1s de una tonelada de coca\u00edna frente a costas de Guerrero"},"content":{"rendered":"\n<p>La Semar hall\u00f3 37 bultos en el mar, frente a costas de Guerrero, que conten\u00edan paquetes con presunta coca\u00edna<\/p>\n\n\n\n<p>Autoridades federales aseguraron m\u00e1s de una tonelada de coca\u00edna frente a las costas de Guerrero.<\/p>\n\n\n\n<figure class=\"wp-block-embed is-type-rich is-provider-twitter wp-block-embed-twitter\"><div class=\"wp-block-embed__wrapper\">\n<blockquote class=\"twitter-tweet\" data-width=\"550\" data-dnt=\"true\"><p lang=\"es\" dir=\"ltr\">Como resultado de nuestro profesionalismo, <a href=\"https:\/\/twitter.com\/hashtag\/PoderNaval?src=hash&amp;ref_src=twsrc%5Etfw\">#PoderNaval<\/a> y trabajo coordinado <a href=\"https:\/\/twitter.com\/hashtag\/ParaServirAM%C3%A9xico?src=hash&amp;ref_src=twsrc%5Etfw\">#ParaServirAM\u00e9xico<\/a>, logramos el aseguramiento de m\u00e1s de una tolenada de presunta coca\u00edna <a href=\"https:\/\/twitter.com\/hashtag\/EnElMar?src=hash&amp;ref_src=twsrc%5Etfw\">#EnElMar<\/a>.<br><br>Acci\u00f3n con la que se evit\u00f3 que m\u00e1s de 2 millones de dosis fueran fabricadas y llegaran a manos de los\u2026 <a href=\"https:\/\/t.co\/rbLB8sKZ7p\">pic.twitter.com\/rbLB8sKZ7p<\/a><\/p>&mdash; SEMAR M\u00e9xico (@SEMAR_mx) <a href=\"https:\/\/twitter.com\/SEMAR_mx\/status\/1933527300512809378?ref_src=twsrc%5Etfw\">June 13, 2025<\/a><\/blockquote><script async src=\"https:\/\/platform.twitter.com\/widgets.js\" charset=\"utf-8\"><\/script>\n<\/div><\/figure>\n\n\n\n<p>La Secretar\u00eda de Marina (Semar) realizaba recorridos de patrullaje de vigilancia mar\u00edtima y a\u00e9rea cuando advirti\u00f3 bultos en el mar.<\/p>\n\n\n\n<p>Un total de 37 bultos conten\u00edan paquetes con presunta coca\u00edna, de un peso total de una tonelada y 112 kg.<\/p>\n\n\n\n<p>Tal cantidad representa 2 millones 223 mil 760 dosis de droga.<\/p>\n\n\n\n<figure class=\"wp-block-image size-large\"><img decoding=\"async\" width=\"1024\" height=\"576\" src=\"https:\/\/fuentesfidedignas.com.mx\/wp-content\/uploads\/2025\/06\/image-4-1024x576.jpg\" alt=\"\" class=\"wp-image-110628\" srcset=\"https:\/\/fuentesfidedignas.com.mx\/wp-content\/uploads\/2025\/06\/image-4-1024x576.jpg 1024w, https:\/\/fuentesfidedignas.com.mx\/wp-content\/uploads\/2025\/06\/image-4-300x169.jpg 300w, https:\/\/fuentesfidedignas.com.mx\/wp-content\/uploads\/2025\/06\/image-4-768x432.jpg 768w, https:\/\/fuentesfidedignas.com.mx\/wp-content\/uploads\/2025\/06\/image-4-747x420.jpg 747w, https:\/\/fuentesfidedignas.com.mx\/wp-content\/uploads\/2025\/06\/image-4-600x338.jpg 600w, https:\/\/fuentesfidedignas.com.mx\/wp-content\/uploads\/2025\/06\/image-4-696x392.jpg 696w, https:\/\/fuentesfidedignas.com.mx\/wp-content\/uploads\/2025\/06\/image-4-1068x601.jpg 1068w, https:\/\/fuentesfidedignas.com.mx\/wp-content\/uploads\/2025\/06\/image-4.jpg 1200w\" sizes=\"(max-width: 1024px) 100vw, 1024px\" \/><figcaption class=\"wp-element-caption\">Coca\u00edna asegurada frente a costas de Guerrero. Foto de @semar_mx<\/figcaption><\/figure>\n\n\n\n<p>La Semar sostiene que lo asegurado representa una afectaci\u00f3n econ\u00f3mica de alrededor de 263 millones 98 mil 600 pesos.<\/p>\n\n\n\n<p>El aseguramiento fue efectuado en coordinaci\u00f3n con la Secretar\u00eda de la Defensa Nacional (Defensa), Fiscal\u00eda General de la Rep\u00fablica (FGR), Guardia Nacional (GN) y Secretar\u00eda de Seguridad y Protecci\u00f3n Ciudadana (SSPC).<\/p>\n\n\n\n<p>En lo que va del actual sexenio, autoridades federales han asegurado en el mar 41 toneladas de aparente coca\u00edna.<\/p>\n","protected":false},"excerpt":{"rendered":"<p>La Semar hall\u00f3 37 bultos en el mar, frente a costas de Guerrero, que conten\u00edan paquetes con presunta coca\u00edna Autoridades federales aseguraron m\u00e1s de una tonelada de coca\u00edna frente a las costas de Guerrero. La Secretar\u00eda de Marina (Semar) realizaba recorridos de patrullaje de vigilancia mar\u00edtima y a\u00e9rea cuando advirti\u00f3 bultos en el mar. Un [&hellip;]<\/p>\n","protected":false},"author":47,"featured_media":110629,"comment_status":"open","ping_status":"open","sticky":false,"template":"","format":"standard","meta":{"tdm_status":"","tdm_grid_status":"","footnotes":""},"categories":[39],"tags":[],"class_list":{"0":"post-110627","1":"post","2":"type-post","3":"status-publish","4":"format-standard","5":"has-post-thumbnail","7":"category-noticias-nacionales"},"yoast_head":"<!-- This site is optimized with the Yoast SEO plugin v27.4 - https:\/\/yoast.com\/product\/yoast-seo-wordpress\/ -->\n<title>Aseguran m\u00e1s de una tonelada de coca\u00edna frente a costas de Guerrero - Fuentes Fidedignas<\/title>\n<meta name=\"robots\" content=\"index, follow, max-snippet:-1, max-image-preview:large, max-video-preview:-1\" \/>\n<link rel=\"canonical\" href=\"https:\/\/fuentesfidedignas.com.mx\/index.php\/2025\/06\/13\/aseguran-mas-de-una-tonelada-de-cocaina-frente-a-costas-de-guerrero\/\" \/>\n<meta property=\"og:locale\" content=\"es_MX\" \/>\n<meta property=\"og:type\" content=\"article\" \/>\n<meta property=\"og:title\" content=\"Aseguran m\u00e1s de una tonelada de coca\u00edna frente a costas de Guerrero - Fuentes Fidedignas\" \/>\n<meta property=\"og:description\" content=\"La Semar hall\u00f3 37 bultos en el mar, frente a costas de Guerrero, que conten\u00edan paquetes con presunta coca\u00edna Autoridades federales aseguraron m\u00e1s de una tonelada de coca\u00edna frente a las costas de Guerrero. La Secretar\u00eda de Marina (Semar) realizaba recorridos de patrullaje de vigilancia mar\u00edtima y a\u00e9rea cuando advirti\u00f3 bultos en el mar. Un [&hellip;]\" \/>\n<meta property=\"og:url\" content=\"https:\/\/fuentesfidedignas.com.mx\/index.php\/2025\/06\/13\/aseguran-mas-de-una-tonelada-de-cocaina-frente-a-costas-de-guerrero\/\" \/>\n<meta property=\"og:site_name\" content=\"Fuentes Fidedignas\" \/>\n<meta property=\"article:publisher\" content=\"https:\/\/www.facebook.com\/Fuentes-Fidedignas-368234489921644\" \/>\n<meta property=\"article:published_time\" content=\"2025-06-13T18:28:55+00:00\" \/>\n<meta property=\"article:modified_time\" content=\"2025-06-13T18:29:04+00:00\" \/>\n<meta property=\"og:image\" content=\"https:\/\/fuentesfidedignas.com.mx\/wp-content\/uploads\/2025\/06\/bultos-de-cocaina-asegurados-frente-a-costas-de-guerrero.jpg\" \/>\n\t<meta property=\"og:image:width\" content=\"600\" \/>\n\t<meta property=\"og:image:height\" content=\"337\" \/>\n\t<meta property=\"og:image:type\" content=\"image\/jpeg\" \/>\n<meta name=\"author\" content=\"L\u00f3pez D\u00f3riga\" \/>\n<meta name=\"twitter:card\" content=\"summary_large_image\" \/>\n<meta name=\"twitter:creator\" content=\"@fidedignas\" \/>\n<meta name=\"twitter:site\" content=\"@fidedignas\" \/>\n<meta name=\"twitter:label1\" content=\"Escrito por\" \/>\n\t<meta name=\"twitter:data1\" content=\"L\u00f3pez D\u00f3riga\" \/>\n\t<meta name=\"twitter:label2\" content=\"Tiempo de lectura\" \/>\n\t<meta name=\"twitter:data2\" content=\"2 minutos\" \/>\n<script type=\"application\/ld+json\" class=\"yoast-schema-graph\">{\"@context\":\"https:\\\/\\\/schema.org\",\"@graph\":[{\"@type\":\"Article\",\"@id\":\"https:\\\/\\\/fuentesfidedignas.com.mx\\\/index.php\\\/2025\\\/06\\\/13\\\/aseguran-mas-de-una-tonelada-de-cocaina-frente-a-costas-de-guerrero\\\/#article\",\"isPartOf\":{\"@id\":\"https:\\\/\\\/fuentesfidedignas.com.mx\\\/index.php\\\/2025\\\/06\\\/13\\\/aseguran-mas-de-una-tonelada-de-cocaina-frente-a-costas-de-guerrero\\\/\"},\"author\":{\"name\":\"L\u00f3pez D\u00f3riga\",\"@id\":\"https:\\\/\\\/fuentesfidedignas.com.mx\\\/#\\\/schema\\\/person\\\/67d852f0557c8509146a4b9ddebd543a\"},\"headline\":\"Aseguran m\u00e1s de una tonelada de coca\u00edna frente a costas de Guerrero\",\"datePublished\":\"2025-06-13T18:28:55+00:00\",\"dateModified\":\"2025-06-13T18:29:04+00:00\",\"mainEntityOfPage\":{\"@id\":\"https:\\\/\\\/fuentesfidedignas.com.mx\\\/index.php\\\/2025\\\/06\\\/13\\\/aseguran-mas-de-una-tonelada-de-cocaina-frente-a-costas-de-guerrero\\\/\"},\"wordCount\":193,\"commentCount\":0,\"publisher\":{\"@id\":\"https:\\\/\\\/fuentesfidedignas.com.mx\\\/#organization\"},\"image\":{\"@id\":\"https:\\\/\\\/fuentesfidedignas.com.mx\\\/index.php\\\/2025\\\/06\\\/13\\\/aseguran-mas-de-una-tonelada-de-cocaina-frente-a-costas-de-guerrero\\\/#primaryimage\"},\"thumbnailUrl\":\"https:\\\/\\\/fuentesfidedignas.com.mx\\\/wp-content\\\/uploads\\\/2025\\\/06\\\/bultos-de-cocaina-asegurados-frente-a-costas-de-guerrero.jpg\",\"articleSection\":[\"NOTICIAS NACIONALES\"],\"inLanguage\":\"es\",\"potentialAction\":[{\"@type\":\"CommentAction\",\"name\":\"Comment\",\"target\":[\"https:\\\/\\\/fuentesfidedignas.com.mx\\\/index.php\\\/2025\\\/06\\\/13\\\/aseguran-mas-de-una-tonelada-de-cocaina-frente-a-costas-de-guerrero\\\/#respond\"]}]},{\"@type\":\"WebPage\",\"@id\":\"https:\\\/\\\/fuentesfidedignas.com.mx\\\/index.php\\\/2025\\\/06\\\/13\\\/aseguran-mas-de-una-tonelada-de-cocaina-frente-a-costas-de-guerrero\\\/\",\"url\":\"https:\\\/\\\/fuentesfidedignas.com.mx\\\/index.php\\\/2025\\\/06\\\/13\\\/aseguran-mas-de-una-tonelada-de-cocaina-frente-a-costas-de-guerrero\\\/\",\"name\":\"Aseguran m\u00e1s de una tonelada de coca\u00edna frente a costas de Guerrero - Fuentes Fidedignas\",\"isPartOf\":{\"@id\":\"https:\\\/\\\/fuentesfidedignas.com.mx\\\/#website\"},\"primaryImageOfPage\":{\"@id\":\"https:\\\/\\\/fuentesfidedignas.com.mx\\\/index.php\\\/2025\\\/06\\\/13\\\/aseguran-mas-de-una-tonelada-de-cocaina-frente-a-costas-de-guerrero\\\/#primaryimage\"},\"image\":{\"@id\":\"https:\\\/\\\/fuentesfidedignas.com.mx\\\/index.php\\\/2025\\\/06\\\/13\\\/aseguran-mas-de-una-tonelada-de-cocaina-frente-a-costas-de-guerrero\\\/#primaryimage\"},\"thumbnailUrl\":\"https:\\\/\\\/fuentesfidedignas.com.mx\\\/wp-content\\\/uploads\\\/2025\\\/06\\\/bultos-de-cocaina-asegurados-frente-a-costas-de-guerrero.jpg\",\"datePublished\":\"2025-06-13T18:28:55+00:00\",\"dateModified\":\"2025-06-13T18:29:04+00:00\",\"breadcrumb\":{\"@id\":\"https:\\\/\\\/fuentesfidedignas.com.mx\\\/index.php\\\/2025\\\/06\\\/13\\\/aseguran-mas-de-una-tonelada-de-cocaina-frente-a-costas-de-guerrero\\\/#breadcrumb\"},\"inLanguage\":\"es\",\"potentialAction\":[{\"@type\":\"ReadAction\",\"target\":[\"https:\\\/\\\/fuentesfidedignas.com.mx\\\/index.php\\\/2025\\\/06\\\/13\\\/aseguran-mas-de-una-tonelada-de-cocaina-frente-a-costas-de-guerrero\\\/\"]}]},{\"@type\":\"ImageObject\",\"inLanguage\":\"es\",\"@id\":\"https:\\\/\\\/fuentesfidedignas.com.mx\\\/index.php\\\/2025\\\/06\\\/13\\\/aseguran-mas-de-una-tonelada-de-cocaina-frente-a-costas-de-guerrero\\\/#primaryimage\",\"url\":\"https:\\\/\\\/fuentesfidedignas.com.mx\\\/wp-content\\\/uploads\\\/2025\\\/06\\\/bultos-de-cocaina-asegurados-frente-a-costas-de-guerrero.jpg\",\"contentUrl\":\"https:\\\/\\\/fuentesfidedignas.com.mx\\\/wp-content\\\/uploads\\\/2025\\\/06\\\/bultos-de-cocaina-asegurados-frente-a-costas-de-guerrero.jpg\",\"width\":600,\"height\":337},{\"@type\":\"BreadcrumbList\",\"@id\":\"https:\\\/\\\/fuentesfidedignas.com.mx\\\/index.php\\\/2025\\\/06\\\/13\\\/aseguran-mas-de-una-tonelada-de-cocaina-frente-a-costas-de-guerrero\\\/#breadcrumb\",\"itemListElement\":[{\"@type\":\"ListItem\",\"position\":1,\"name\":\"Inicio\",\"item\":\"https:\\\/\\\/fuentesfidedignas.com.mx\\\/\"},{\"@type\":\"ListItem\",\"position\":2,\"name\":\"Aseguran m\u00e1s de una tonelada de coca\u00edna frente a costas de Guerrero\"}]},{\"@type\":\"WebSite\",\"@id\":\"https:\\\/\\\/fuentesfidedignas.com.mx\\\/#website\",\"url\":\"https:\\\/\\\/fuentesfidedignas.com.mx\\\/\",\"name\":\"Fuentes Fidedignas\",\"description\":\"Otro sitio realizado con WordPress\",\"publisher\":{\"@id\":\"https:\\\/\\\/fuentesfidedignas.com.mx\\\/#organization\"},\"potentialAction\":[{\"@type\":\"SearchAction\",\"target\":{\"@type\":\"EntryPoint\",\"urlTemplate\":\"https:\\\/\\\/fuentesfidedignas.com.mx\\\/?s={search_term_string}\"},\"query-input\":{\"@type\":\"PropertyValueSpecification\",\"valueRequired\":true,\"valueName\":\"search_term_string\"}}],\"inLanguage\":\"es\"},{\"@type\":\"Organization\",\"@id\":\"https:\\\/\\\/fuentesfidedignas.com.mx\\\/#organization\",\"name\":\"Fuentes Fidedignas\",\"url\":\"https:\\\/\\\/fuentesfidedignas.com.mx\\\/\",\"logo\":{\"@type\":\"ImageObject\",\"inLanguage\":\"es\",\"@id\":\"https:\\\/\\\/fuentesfidedignas.com.mx\\\/#\\\/schema\\\/logo\\\/image\\\/\",\"url\":\"https:\\\/\\\/fuentesfidedignas.com.mx\\\/wp-content\\\/uploads\\\/2021\\\/04\\\/logo-retina.png\",\"contentUrl\":\"https:\\\/\\\/fuentesfidedignas.com.mx\\\/wp-content\\\/uploads\\\/2021\\\/04\\\/logo-retina.png\",\"width\":280,\"height\":51,\"caption\":\"Fuentes Fidedignas\"},\"image\":{\"@id\":\"https:\\\/\\\/fuentesfidedignas.com.mx\\\/#\\\/schema\\\/logo\\\/image\\\/\"},\"sameAs\":[\"https:\\\/\\\/www.facebook.com\\\/Fuentes-Fidedignas-368234489921644\",\"https:\\\/\\\/x.com\\\/fidedignas\"]},{\"@type\":\"Person\",\"@id\":\"https:\\\/\\\/fuentesfidedignas.com.mx\\\/#\\\/schema\\\/person\\\/67d852f0557c8509146a4b9ddebd543a\",\"name\":\"L\u00f3pez D\u00f3riga\",\"image\":{\"@type\":\"ImageObject\",\"inLanguage\":\"es\",\"@id\":\"https:\\\/\\\/secure.gravatar.com\\\/avatar\\\/e525b06574ca18b33cded59dfe5778d6c823b9513154eff47da551b0551bdd1e?s=96&d=mm&r=g\",\"url\":\"https:\\\/\\\/secure.gravatar.com\\\/avatar\\\/e525b06574ca18b33cded59dfe5778d6c823b9513154eff47da551b0551bdd1e?s=96&d=mm&r=g\",\"contentUrl\":\"https:\\\/\\\/secure.gravatar.com\\\/avatar\\\/e525b06574ca18b33cded59dfe5778d6c823b9513154eff47da551b0551bdd1e?s=96&d=mm&r=g\",\"caption\":\"L\u00f3pez D\u00f3riga\"},\"url\":\"https:\\\/\\\/fuentesfidedignas.com.mx\\\/index.php\\\/author\\\/doriga\\\/\"}]}<\/script>\n<!-- \/ Yoast SEO plugin. -->","yoast_head_json":{"title":"Aseguran m\u00e1s de una tonelada de coca\u00edna frente a costas de Guerrero - Fuentes Fidedignas","robots":{"index":"index","follow":"follow","max-snippet":"max-snippet:-1","max-image-preview":"max-image-preview:large","max-video-preview":"max-video-preview:-1"},"canonical":"https:\/\/fuentesfidedignas.com.mx\/index.php\/2025\/06\/13\/aseguran-mas-de-una-tonelada-de-cocaina-frente-a-costas-de-guerrero\/","og_locale":"es_MX","og_type":"article","og_title":"Aseguran m\u00e1s de una tonelada de coca\u00edna frente a costas de Guerrero - Fuentes Fidedignas","og_description":"La Semar hall\u00f3 37 bultos en el mar, frente a costas de Guerrero, que conten\u00edan paquetes con presunta coca\u00edna Autoridades federales aseguraron m\u00e1s de una tonelada de coca\u00edna frente a las costas de Guerrero. La Secretar\u00eda de Marina (Semar) realizaba recorridos de patrullaje de vigilancia mar\u00edtima y a\u00e9rea cuando advirti\u00f3 bultos en el mar. Un [&hellip;]","og_url":"https:\/\/fuentesfidedignas.com.mx\/index.php\/2025\/06\/13\/aseguran-mas-de-una-tonelada-de-cocaina-frente-a-costas-de-guerrero\/","og_site_name":"Fuentes Fidedignas","article_publisher":"https:\/\/www.facebook.com\/Fuentes-Fidedignas-368234489921644","article_published_time":"2025-06-13T18:28:55+00:00","article_modified_time":"2025-06-13T18:29:04+00:00","og_image":[{"width":600,"height":337,"url":"https:\/\/fuentesfidedignas.com.mx\/wp-content\/uploads\/2025\/06\/bultos-de-cocaina-asegurados-frente-a-costas-de-guerrero.jpg","type":"image\/jpeg"}],"author":"L\u00f3pez D\u00f3riga","twitter_card":"summary_large_image","twitter_creator":"@fidedignas","twitter_site":"@fidedignas","twitter_misc":{"Escrito por":"L\u00f3pez D\u00f3riga","Tiempo de lectura":"2 minutos"},"schema":{"@context":"https:\/\/schema.org","@graph":[{"@type":"Article","@id":"https:\/\/fuentesfidedignas.com.mx\/index.php\/2025\/06\/13\/aseguran-mas-de-una-tonelada-de-cocaina-frente-a-costas-de-guerrero\/#article","isPartOf":{"@id":"https:\/\/fuentesfidedignas.com.mx\/index.php\/2025\/06\/13\/aseguran-mas-de-una-tonelada-de-cocaina-frente-a-costas-de-guerrero\/"},"author":{"name":"L\u00f3pez D\u00f3riga","@id":"https:\/\/fuentesfidedignas.com.mx\/#\/schema\/person\/67d852f0557c8509146a4b9ddebd543a"},"headline":"Aseguran m\u00e1s de una tonelada de coca\u00edna frente a costas de Guerrero","datePublished":"2025-06-13T18:28:55+00:00","dateModified":"2025-06-13T18:29:04+00:00","mainEntityOfPage":{"@id":"https:\/\/fuentesfidedignas.com.mx\/index.php\/2025\/06\/13\/aseguran-mas-de-una-tonelada-de-cocaina-frente-a-costas-de-guerrero\/"},"wordCount":193,"commentCount":0,"publisher":{"@id":"https:\/\/fuentesfidedignas.com.mx\/#organization"},"image":{"@id":"https:\/\/fuentesfidedignas.com.mx\/index.php\/2025\/06\/13\/aseguran-mas-de-una-tonelada-de-cocaina-frente-a-costas-de-guerrero\/#primaryimage"},"thumbnailUrl":"https:\/\/fuentesfidedignas.com.mx\/wp-content\/uploads\/2025\/06\/bultos-de-cocaina-asegurados-frente-a-costas-de-guerrero.jpg","articleSection":["NOTICIAS NACIONALES"],"inLanguage":"es","potentialAction":[{"@type":"CommentAction","name":"Comment","target":["https:\/\/fuentesfidedignas.com.mx\/index.php\/2025\/06\/13\/aseguran-mas-de-una-tonelada-de-cocaina-frente-a-costas-de-guerrero\/#respond"]}]},{"@type":"WebPage","@id":"https:\/\/fuentesfidedignas.com.mx\/index.php\/2025\/06\/13\/aseguran-mas-de-una-tonelada-de-cocaina-frente-a-costas-de-guerrero\/","url":"https:\/\/fuentesfidedignas.com.mx\/index.php\/2025\/06\/13\/aseguran-mas-de-una-tonelada-de-cocaina-frente-a-costas-de-guerrero\/","name":"Aseguran m\u00e1s de una tonelada de coca\u00edna frente a costas de Guerrero - Fuentes Fidedignas","isPartOf":{"@id":"https:\/\/fuentesfidedignas.com.mx\/#website"},"primaryImageOfPage":{"@id":"https:\/\/fuentesfidedignas.com.mx\/index.php\/2025\/06\/13\/aseguran-mas-de-una-tonelada-de-cocaina-frente-a-costas-de-guerrero\/#primaryimage"},"image":{"@id":"https:\/\/fuentesfidedignas.com.mx\/index.php\/2025\/06\/13\/aseguran-mas-de-una-tonelada-de-cocaina-frente-a-costas-de-guerrero\/#primaryimage"},"thumbnailUrl":"https:\/\/fuentesfidedignas.com.mx\/wp-content\/uploads\/2025\/06\/bultos-de-cocaina-asegurados-frente-a-costas-de-guerrero.jpg","datePublished":"2025-06-13T18:28:55+00:00","dateModified":"2025-06-13T18:29:04+00:00","breadcrumb":{"@id":"https:\/\/fuentesfidedignas.com.mx\/index.php\/2025\/06\/13\/aseguran-mas-de-una-tonelada-de-cocaina-frente-a-costas-de-guerrero\/#breadcrumb"},"inLanguage":"es","potentialAction":[{"@type":"ReadAction","target":["https:\/\/fuentesfidedignas.com.mx\/index.php\/2025\/06\/13\/aseguran-mas-de-una-tonelada-de-cocaina-frente-a-costas-de-guerrero\/"]}]},{"@type":"ImageObject","inLanguage":"es","@id":"https:\/\/fuentesfidedignas.com.mx\/index.php\/2025\/06\/13\/aseguran-mas-de-una-tonelada-de-cocaina-frente-a-costas-de-guerrero\/#primaryimage","url":"https:\/\/fuentesfidedignas.com.mx\/wp-content\/uploads\/2025\/06\/bultos-de-cocaina-asegurados-frente-a-costas-de-guerrero.jpg","contentUrl":"https:\/\/fuentesfidedignas.com.mx\/wp-content\/uploads\/2025\/06\/bultos-de-cocaina-asegurados-frente-a-costas-de-guerrero.jpg","width":600,"height":337},{"@type":"BreadcrumbList","@id":"https:\/\/fuentesfidedignas.com.mx\/index.php\/2025\/06\/13\/aseguran-mas-de-una-tonelada-de-cocaina-frente-a-costas-de-guerrero\/#breadcrumb","itemListElement":[{"@type":"ListItem","position":1,"name":"Inicio","item":"https:\/\/fuentesfidedignas.com.mx\/"},{"@type":"ListItem","position":2,"name":"Aseguran m\u00e1s de una tonelada de coca\u00edna frente a costas de Guerrero"}]},{"@type":"WebSite","@id":"https:\/\/fuentesfidedignas.com.mx\/#website","url":"https:\/\/fuentesfidedignas.com.mx\/","name":"Fuentes Fidedignas","description":"Otro sitio realizado con WordPress","publisher":{"@id":"https:\/\/fuentesfidedignas.com.mx\/#organization"},"potentialAction":[{"@type":"SearchAction","target":{"@type":"EntryPoint","urlTemplate":"https:\/\/fuentesfidedignas.com.mx\/?s={search_term_string}"},"query-input":{"@type":"PropertyValueSpecification","valueRequired":true,"valueName":"search_term_string"}}],"inLanguage":"es"},{"@type":"Organization","@id":"https:\/\/fuentesfidedignas.com.mx\/#organization","name":"Fuentes Fidedignas","url":"https:\/\/fuentesfidedignas.com.mx\/","logo":{"@type":"ImageObject","inLanguage":"es","@id":"https:\/\/fuentesfidedignas.com.mx\/#\/schema\/logo\/image\/","url":"https:\/\/fuentesfidedignas.com.mx\/wp-content\/uploads\/2021\/04\/logo-retina.png","contentUrl":"https:\/\/fuentesfidedignas.com.mx\/wp-content\/uploads\/2021\/04\/logo-retina.png","width":280,"height":51,"caption":"Fuentes Fidedignas"},"image":{"@id":"https:\/\/fuentesfidedignas.com.mx\/#\/schema\/logo\/image\/"},"sameAs":["https:\/\/www.facebook.com\/Fuentes-Fidedignas-368234489921644","https:\/\/x.com\/fidedignas"]},{"@type":"Person","@id":"https:\/\/fuentesfidedignas.com.mx\/#\/schema\/person\/67d852f0557c8509146a4b9ddebd543a","name":"L\u00f3pez D\u00f3riga","image":{"@type":"ImageObject","inLanguage":"es","@id":"https:\/\/secure.gravatar.com\/avatar\/e525b06574ca18b33cded59dfe5778d6c823b9513154eff47da551b0551bdd1e?s=96&d=mm&r=g","url":"https:\/\/secure.gravatar.com\/avatar\/e525b06574ca18b33cded59dfe5778d6c823b9513154eff47da551b0551bdd1e?s=96&d=mm&r=g","contentUrl":"https:\/\/secure.gravatar.com\/avatar\/e525b06574ca18b33cded59dfe5778d6c823b9513154eff47da551b0551bdd1e?s=96&d=mm&r=g","caption":"L\u00f3pez D\u00f3riga"},"url":"https:\/\/fuentesfidedignas.com.mx\/index.php\/author\/doriga\/"}]}},"_links":{"self":[{"href":"https:\/\/fuentesfidedignas.com.mx\/index.php\/wp-json\/wp\/v2\/posts\/110627","targetHints":{"allow":["GET"]}}],"collection":[{"href":"https:\/\/fuentesfidedignas.com.mx\/index.php\/wp-json\/wp\/v2\/posts"}],"about":[{"href":"https:\/\/fuentesfidedignas.com.mx\/index.php\/wp-json\/wp\/v2\/types\/post"}],"author":[{"embeddable":true,"href":"https:\/\/fuentesfidedignas.com.mx\/index.php\/wp-json\/wp\/v2\/users\/47"}],"replies":[{"embeddable":true,"href":"https:\/\/fuentesfidedignas.com.mx\/index.php\/wp-json\/wp\/v2\/comments?post=110627"}],"version-history":[{"count":1,"href":"https:\/\/fuentesfidedignas.com.mx\/index.php\/wp-json\/wp\/v2\/posts\/110627\/revisions"}],"predecessor-version":[{"id":110630,"href":"https:\/\/fuentesfidedignas.com.mx\/index.php\/wp-json\/wp\/v2\/posts\/110627\/revisions\/110630"}],"wp:featuredmedia":[{"embeddable":true,"href":"https:\/\/fuentesfidedignas.com.mx\/index.php\/wp-json\/wp\/v2\/media\/110629"}],"wp:attachment":[{"href":"https:\/\/fuentesfidedignas.com.mx\/index.php\/wp-json\/wp\/v2\/media?parent=110627"}],"wp:term":[{"taxonomy":"category","embeddable":true,"href":"https:\/\/fuentesfidedignas.com.mx\/index.php\/wp-json\/wp\/v2\/categories?post=110627"},{"taxonomy":"post_tag","embeddable":true,"href":"https:\/\/fuentesfidedignas.com.mx\/index.php\/wp-json\/wp\/v2\/tags?post=110627"}],"curies":[{"name":"wp","href":"https:\/\/api.w.org\/{rel}","templated":true}]}}