{"id":110594,"date":"2025-06-13T06:34:34","date_gmt":"2025-06-13T13:34:34","guid":{"rendered":"https:\/\/fuentesfidedignas.com.mx\/?p=110594"},"modified":"2025-06-13T06:35:28","modified_gmt":"2025-06-13T13:35:28","slug":"morena-se-deslinda-de-consejera-estatal-melissa-cornejo-tras-publicacion-contra-eu","status":"publish","type":"post","link":"https:\/\/fuentesfidedignas.com.mx\/index.php\/2025\/06\/13\/morena-se-deslinda-de-consejera-estatal-melissa-cornejo-tras-publicacion-contra-eu\/","title":{"rendered":"Morena se deslinda de consejera estatal Melissa Cornejo tras publicaci\u00f3n contra EU"},"content":{"rendered":"\n<p><\/p>\n\n\n\n<p><strong><em>Luisa Mar\u00eda Alcalde y Alfonso Durazo manifestaron en redes sociales que las declaraciones de la consejera Melissa Cornejo \u201cno representan la postura de Morena\u201d<\/em><\/strong><\/p>\n\n\n\n<p><strong>Luisa Mar\u00eda Alcalde<\/strong>, presidenta nacional de&nbsp;<strong>Morena<\/strong>, y&nbsp;<strong>Alfonso Durazo Monta\u00f1o<\/strong>, presidente nacional del Consejo del partido, se deslindaron de las expresiones de&nbsp;<strong>Melissa Cornejo<\/strong>, consejera de&nbsp;<strong>Movimiento Regeneraci\u00f3n Nacional<\/strong>&nbsp;en&nbsp;<strong>Jalisco<\/strong>.<\/p>\n\n\n\n<figure class=\"wp-block-embed is-type-rich is-provider-twitter wp-block-embed-twitter\"><div class=\"wp-block-embed__wrapper\">\n<blockquote class=\"twitter-tweet\" data-width=\"550\" data-dnt=\"true\"><p lang=\"es\" dir=\"ltr\">Queremos dejarlo claro:<br><br>Las expresiones de <a href=\"https:\/\/twitter.com\/melishcs?ref_src=twsrc%5Etfw\">@melishcs<\/a> no representan la postura de Morena.<br><br>Desde su origen, nuestro Movimiento ha sido profundamente pac\u00edfico y as\u00ed lo seguir\u00e1 siendo.<br><br>No promovemos ni promoveremos jam\u00e1s actos de violencia.<br><br>El d\u00eda de ayer la Presidenta\u2026<\/p>&mdash; Luisa Alcalde (@LuisaAlcalde) <a href=\"https:\/\/twitter.com\/LuisaAlcalde\/status\/1933359831416455363?ref_src=twsrc%5Etfw\">June 13, 2025<\/a><\/blockquote><script async src=\"https:\/\/platform.twitter.com\/widgets.js\" charset=\"utf-8\"><\/script>\n<\/div><\/figure>\n\n\n\n<p>Por medio de redes sociales, ambos funcionarios aseguraron que las expresiones de&nbsp;<strong>Cornejo<\/strong>&nbsp;no representan la postura de&nbsp;<strong>Morena<\/strong>.<\/p>\n\n\n\n<p>\u201c\u2018Van a quitar visas a quienes compart\u2026\u2019 Viva la raza y m\u00e9tanse mi visa por el cu\u2026\u201d, manifest\u00f3 la consejera de Morena en redes sociales.<\/p>\n\n\n\n<p>Alcalde Luj\u00e1n llam\u00f3 a la militancia de Morena a \u201cconducirse con responsabilidad y prudencia\u201d.<\/p>\n","protected":false},"excerpt":{"rendered":"<p>Luisa Mar\u00eda Alcalde y Alfonso Durazo manifestaron en redes sociales que las declaraciones de la consejera Melissa Cornejo \u201cno representan la postura de Morena\u201d Luisa Mar\u00eda Alcalde, presidenta nacional de&nbsp;Morena, y&nbsp;Alfonso Durazo Monta\u00f1o, presidente nacional del Consejo del partido, se deslindaron de las expresiones de&nbsp;Melissa Cornejo, consejera de&nbsp;Movimiento Regeneraci\u00f3n Nacional&nbsp;en&nbsp;Jalisco. Por medio de redes sociales, [&hellip;]<\/p>\n","protected":false},"author":47,"featured_media":110593,"comment_status":"closed","ping_status":"open","sticky":false,"template":"","format":"standard","meta":{"tdm_status":"","tdm_grid_status":"","footnotes":""},"categories":[39],"tags":[],"class_list":{"0":"post-110594","1":"post","2":"type-post","3":"status-publish","4":"format-standard","5":"has-post-thumbnail","7":"category-noticias-nacionales"},"yoast_head":"<!-- This site is optimized with the Yoast SEO plugin v27.5 - https:\/\/yoast.com\/product\/yoast-seo-wordpress\/ -->\n<title>Morena se deslinda de consejera estatal Melissa Cornejo tras publicaci\u00f3n contra EU - Fuentes Fidedignas<\/title>\n<meta name=\"robots\" content=\"index, follow, max-snippet:-1, max-image-preview:large, max-video-preview:-1\" \/>\n<link rel=\"canonical\" href=\"https:\/\/fuentesfidedignas.com.mx\/index.php\/2025\/06\/13\/morena-se-deslinda-de-consejera-estatal-melissa-cornejo-tras-publicacion-contra-eu\/\" \/>\n<meta property=\"og:locale\" content=\"es_MX\" \/>\n<meta property=\"og:type\" content=\"article\" \/>\n<meta property=\"og:title\" content=\"Morena se deslinda de consejera estatal Melissa Cornejo tras publicaci\u00f3n contra EU - Fuentes Fidedignas\" \/>\n<meta property=\"og:description\" content=\"Luisa Mar\u00eda Alcalde y Alfonso Durazo manifestaron en redes sociales que las declaraciones de la consejera Melissa Cornejo \u201cno representan la postura de Morena\u201d Luisa Mar\u00eda Alcalde, presidenta nacional de&nbsp;Morena, y&nbsp;Alfonso Durazo Monta\u00f1o, presidente nacional del Consejo del partido, se deslindaron de las expresiones de&nbsp;Melissa Cornejo, consejera de&nbsp;Movimiento Regeneraci\u00f3n Nacional&nbsp;en&nbsp;Jalisco. Por medio de redes sociales, [&hellip;]\" \/>\n<meta property=\"og:url\" content=\"https:\/\/fuentesfidedignas.com.mx\/index.php\/2025\/06\/13\/morena-se-deslinda-de-consejera-estatal-melissa-cornejo-tras-publicacion-contra-eu\/\" \/>\n<meta property=\"og:site_name\" content=\"Fuentes Fidedignas\" \/>\n<meta property=\"article:publisher\" content=\"https:\/\/www.facebook.com\/Fuentes-Fidedignas-368234489921644\" \/>\n<meta property=\"article:published_time\" content=\"2025-06-13T13:34:34+00:00\" \/>\n<meta property=\"article:modified_time\" content=\"2025-06-13T13:35:28+00:00\" \/>\n<meta property=\"og:image\" content=\"https:\/\/fuentesfidedignas.com.mx\/wp-content\/uploads\/2025\/06\/img_7158-1.jpg\" \/>\n\t<meta property=\"og:image:width\" content=\"678\" \/>\n\t<meta property=\"og:image:height\" content=\"452\" \/>\n\t<meta property=\"og:image:type\" content=\"image\/jpeg\" \/>\n<meta name=\"author\" content=\"L\u00f3pez D\u00f3riga\" \/>\n<meta name=\"twitter:card\" content=\"summary_large_image\" \/>\n<meta name=\"twitter:creator\" content=\"@fidedignas\" \/>\n<meta name=\"twitter:site\" content=\"@fidedignas\" \/>\n<meta name=\"twitter:label1\" content=\"Escrito por\" \/>\n\t<meta name=\"twitter:data1\" content=\"L\u00f3pez D\u00f3riga\" \/>\n\t<meta name=\"twitter:label2\" content=\"Tiempo de lectura\" \/>\n\t<meta name=\"twitter:data2\" content=\"1 minuto\" \/>\n<script type=\"application\/ld+json\" class=\"yoast-schema-graph\">{\"@context\":\"https:\\\/\\\/schema.org\",\"@graph\":[{\"@type\":\"Article\",\"@id\":\"https:\\\/\\\/fuentesfidedignas.com.mx\\\/index.php\\\/2025\\\/06\\\/13\\\/morena-se-deslinda-de-consejera-estatal-melissa-cornejo-tras-publicacion-contra-eu\\\/#article\",\"isPartOf\":{\"@id\":\"https:\\\/\\\/fuentesfidedignas.com.mx\\\/index.php\\\/2025\\\/06\\\/13\\\/morena-se-deslinda-de-consejera-estatal-melissa-cornejo-tras-publicacion-contra-eu\\\/\"},\"author\":{\"name\":\"L\u00f3pez D\u00f3riga\",\"@id\":\"https:\\\/\\\/fuentesfidedignas.com.mx\\\/#\\\/schema\\\/person\\\/67d852f0557c8509146a4b9ddebd543a\"},\"headline\":\"Morena se deslinda de consejera estatal Melissa Cornejo tras publicaci\u00f3n contra EU\",\"datePublished\":\"2025-06-13T13:34:34+00:00\",\"dateModified\":\"2025-06-13T13:35:28+00:00\",\"mainEntityOfPage\":{\"@id\":\"https:\\\/\\\/fuentesfidedignas.com.mx\\\/index.php\\\/2025\\\/06\\\/13\\\/morena-se-deslinda-de-consejera-estatal-melissa-cornejo-tras-publicacion-contra-eu\\\/\"},\"wordCount\":181,\"publisher\":{\"@id\":\"https:\\\/\\\/fuentesfidedignas.com.mx\\\/#organization\"},\"image\":{\"@id\":\"https:\\\/\\\/fuentesfidedignas.com.mx\\\/index.php\\\/2025\\\/06\\\/13\\\/morena-se-deslinda-de-consejera-estatal-melissa-cornejo-tras-publicacion-contra-eu\\\/#primaryimage\"},\"thumbnailUrl\":\"https:\\\/\\\/fuentesfidedignas.com.mx\\\/wp-content\\\/uploads\\\/2025\\\/06\\\/img_7158-1.jpg\",\"articleSection\":[\"NOTICIAS NACIONALES\"],\"inLanguage\":\"es\"},{\"@type\":\"WebPage\",\"@id\":\"https:\\\/\\\/fuentesfidedignas.com.mx\\\/index.php\\\/2025\\\/06\\\/13\\\/morena-se-deslinda-de-consejera-estatal-melissa-cornejo-tras-publicacion-contra-eu\\\/\",\"url\":\"https:\\\/\\\/fuentesfidedignas.com.mx\\\/index.php\\\/2025\\\/06\\\/13\\\/morena-se-deslinda-de-consejera-estatal-melissa-cornejo-tras-publicacion-contra-eu\\\/\",\"name\":\"Morena se deslinda de consejera estatal Melissa Cornejo tras publicaci\u00f3n contra EU - Fuentes Fidedignas\",\"isPartOf\":{\"@id\":\"https:\\\/\\\/fuentesfidedignas.com.mx\\\/#website\"},\"primaryImageOfPage\":{\"@id\":\"https:\\\/\\\/fuentesfidedignas.com.mx\\\/index.php\\\/2025\\\/06\\\/13\\\/morena-se-deslinda-de-consejera-estatal-melissa-cornejo-tras-publicacion-contra-eu\\\/#primaryimage\"},\"image\":{\"@id\":\"https:\\\/\\\/fuentesfidedignas.com.mx\\\/index.php\\\/2025\\\/06\\\/13\\\/morena-se-deslinda-de-consejera-estatal-melissa-cornejo-tras-publicacion-contra-eu\\\/#primaryimage\"},\"thumbnailUrl\":\"https:\\\/\\\/fuentesfidedignas.com.mx\\\/wp-content\\\/uploads\\\/2025\\\/06\\\/img_7158-1.jpg\",\"datePublished\":\"2025-06-13T13:34:34+00:00\",\"dateModified\":\"2025-06-13T13:35:28+00:00\",\"breadcrumb\":{\"@id\":\"https:\\\/\\\/fuentesfidedignas.com.mx\\\/index.php\\\/2025\\\/06\\\/13\\\/morena-se-deslinda-de-consejera-estatal-melissa-cornejo-tras-publicacion-contra-eu\\\/#breadcrumb\"},\"inLanguage\":\"es\",\"potentialAction\":[{\"@type\":\"ReadAction\",\"target\":[\"https:\\\/\\\/fuentesfidedignas.com.mx\\\/index.php\\\/2025\\\/06\\\/13\\\/morena-se-deslinda-de-consejera-estatal-melissa-cornejo-tras-publicacion-contra-eu\\\/\"]}]},{\"@type\":\"ImageObject\",\"inLanguage\":\"es\",\"@id\":\"https:\\\/\\\/fuentesfidedignas.com.mx\\\/index.php\\\/2025\\\/06\\\/13\\\/morena-se-deslinda-de-consejera-estatal-melissa-cornejo-tras-publicacion-contra-eu\\\/#primaryimage\",\"url\":\"https:\\\/\\\/fuentesfidedignas.com.mx\\\/wp-content\\\/uploads\\\/2025\\\/06\\\/img_7158-1.jpg\",\"contentUrl\":\"https:\\\/\\\/fuentesfidedignas.com.mx\\\/wp-content\\\/uploads\\\/2025\\\/06\\\/img_7158-1.jpg\",\"width\":678,\"height\":452},{\"@type\":\"BreadcrumbList\",\"@id\":\"https:\\\/\\\/fuentesfidedignas.com.mx\\\/index.php\\\/2025\\\/06\\\/13\\\/morena-se-deslinda-de-consejera-estatal-melissa-cornejo-tras-publicacion-contra-eu\\\/#breadcrumb\",\"itemListElement\":[{\"@type\":\"ListItem\",\"position\":1,\"name\":\"Inicio\",\"item\":\"https:\\\/\\\/fuentesfidedignas.com.mx\\\/\"},{\"@type\":\"ListItem\",\"position\":2,\"name\":\"Morena se deslinda de consejera estatal Melissa Cornejo tras publicaci\u00f3n contra EU\"}]},{\"@type\":\"WebSite\",\"@id\":\"https:\\\/\\\/fuentesfidedignas.com.mx\\\/#website\",\"url\":\"https:\\\/\\\/fuentesfidedignas.com.mx\\\/\",\"name\":\"Fuentes Fidedignas\",\"description\":\"Otro sitio realizado con WordPress\",\"publisher\":{\"@id\":\"https:\\\/\\\/fuentesfidedignas.com.mx\\\/#organization\"},\"potentialAction\":[{\"@type\":\"SearchAction\",\"target\":{\"@type\":\"EntryPoint\",\"urlTemplate\":\"https:\\\/\\\/fuentesfidedignas.com.mx\\\/?s={search_term_string}\"},\"query-input\":{\"@type\":\"PropertyValueSpecification\",\"valueRequired\":true,\"valueName\":\"search_term_string\"}}],\"inLanguage\":\"es\"},{\"@type\":\"Organization\",\"@id\":\"https:\\\/\\\/fuentesfidedignas.com.mx\\\/#organization\",\"name\":\"Fuentes Fidedignas\",\"url\":\"https:\\\/\\\/fuentesfidedignas.com.mx\\\/\",\"logo\":{\"@type\":\"ImageObject\",\"inLanguage\":\"es\",\"@id\":\"https:\\\/\\\/fuentesfidedignas.com.mx\\\/#\\\/schema\\\/logo\\\/image\\\/\",\"url\":\"https:\\\/\\\/fuentesfidedignas.com.mx\\\/wp-content\\\/uploads\\\/2021\\\/04\\\/logo-retina.png\",\"contentUrl\":\"https:\\\/\\\/fuentesfidedignas.com.mx\\\/wp-content\\\/uploads\\\/2021\\\/04\\\/logo-retina.png\",\"width\":280,\"height\":51,\"caption\":\"Fuentes Fidedignas\"},\"image\":{\"@id\":\"https:\\\/\\\/fuentesfidedignas.com.mx\\\/#\\\/schema\\\/logo\\\/image\\\/\"},\"sameAs\":[\"https:\\\/\\\/www.facebook.com\\\/Fuentes-Fidedignas-368234489921644\",\"https:\\\/\\\/x.com\\\/fidedignas\"]},{\"@type\":\"Person\",\"@id\":\"https:\\\/\\\/fuentesfidedignas.com.mx\\\/#\\\/schema\\\/person\\\/67d852f0557c8509146a4b9ddebd543a\",\"name\":\"L\u00f3pez D\u00f3riga\",\"image\":{\"@type\":\"ImageObject\",\"inLanguage\":\"es\",\"@id\":\"https:\\\/\\\/secure.gravatar.com\\\/avatar\\\/e525b06574ca18b33cded59dfe5778d6c823b9513154eff47da551b0551bdd1e?s=96&d=mm&r=g\",\"url\":\"https:\\\/\\\/secure.gravatar.com\\\/avatar\\\/e525b06574ca18b33cded59dfe5778d6c823b9513154eff47da551b0551bdd1e?s=96&d=mm&r=g\",\"contentUrl\":\"https:\\\/\\\/secure.gravatar.com\\\/avatar\\\/e525b06574ca18b33cded59dfe5778d6c823b9513154eff47da551b0551bdd1e?s=96&d=mm&r=g\",\"caption\":\"L\u00f3pez D\u00f3riga\"},\"url\":\"https:\\\/\\\/fuentesfidedignas.com.mx\\\/index.php\\\/author\\\/doriga\\\/\"}]}<\/script>\n<!-- \/ Yoast SEO plugin. -->","yoast_head_json":{"title":"Morena se deslinda de consejera estatal Melissa Cornejo tras publicaci\u00f3n contra EU - Fuentes Fidedignas","robots":{"index":"index","follow":"follow","max-snippet":"max-snippet:-1","max-image-preview":"max-image-preview:large","max-video-preview":"max-video-preview:-1"},"canonical":"https:\/\/fuentesfidedignas.com.mx\/index.php\/2025\/06\/13\/morena-se-deslinda-de-consejera-estatal-melissa-cornejo-tras-publicacion-contra-eu\/","og_locale":"es_MX","og_type":"article","og_title":"Morena se deslinda de consejera estatal Melissa Cornejo tras publicaci\u00f3n contra EU - Fuentes Fidedignas","og_description":"Luisa Mar\u00eda Alcalde y Alfonso Durazo manifestaron en redes sociales que las declaraciones de la consejera Melissa Cornejo \u201cno representan la postura de Morena\u201d Luisa Mar\u00eda Alcalde, presidenta nacional de&nbsp;Morena, y&nbsp;Alfonso Durazo Monta\u00f1o, presidente nacional del Consejo del partido, se deslindaron de las expresiones de&nbsp;Melissa Cornejo, consejera de&nbsp;Movimiento Regeneraci\u00f3n Nacional&nbsp;en&nbsp;Jalisco. Por medio de redes sociales, [&hellip;]","og_url":"https:\/\/fuentesfidedignas.com.mx\/index.php\/2025\/06\/13\/morena-se-deslinda-de-consejera-estatal-melissa-cornejo-tras-publicacion-contra-eu\/","og_site_name":"Fuentes Fidedignas","article_publisher":"https:\/\/www.facebook.com\/Fuentes-Fidedignas-368234489921644","article_published_time":"2025-06-13T13:34:34+00:00","article_modified_time":"2025-06-13T13:35:28+00:00","og_image":[{"width":678,"height":452,"url":"https:\/\/fuentesfidedignas.com.mx\/wp-content\/uploads\/2025\/06\/img_7158-1.jpg","type":"image\/jpeg"}],"author":"L\u00f3pez D\u00f3riga","twitter_card":"summary_large_image","twitter_creator":"@fidedignas","twitter_site":"@fidedignas","twitter_misc":{"Escrito por":"L\u00f3pez D\u00f3riga","Tiempo de lectura":"1 minuto"},"schema":{"@context":"https:\/\/schema.org","@graph":[{"@type":"Article","@id":"https:\/\/fuentesfidedignas.com.mx\/index.php\/2025\/06\/13\/morena-se-deslinda-de-consejera-estatal-melissa-cornejo-tras-publicacion-contra-eu\/#article","isPartOf":{"@id":"https:\/\/fuentesfidedignas.com.mx\/index.php\/2025\/06\/13\/morena-se-deslinda-de-consejera-estatal-melissa-cornejo-tras-publicacion-contra-eu\/"},"author":{"name":"L\u00f3pez D\u00f3riga","@id":"https:\/\/fuentesfidedignas.com.mx\/#\/schema\/person\/67d852f0557c8509146a4b9ddebd543a"},"headline":"Morena se deslinda de consejera estatal Melissa Cornejo tras publicaci\u00f3n contra EU","datePublished":"2025-06-13T13:34:34+00:00","dateModified":"2025-06-13T13:35:28+00:00","mainEntityOfPage":{"@id":"https:\/\/fuentesfidedignas.com.mx\/index.php\/2025\/06\/13\/morena-se-deslinda-de-consejera-estatal-melissa-cornejo-tras-publicacion-contra-eu\/"},"wordCount":181,"publisher":{"@id":"https:\/\/fuentesfidedignas.com.mx\/#organization"},"image":{"@id":"https:\/\/fuentesfidedignas.com.mx\/index.php\/2025\/06\/13\/morena-se-deslinda-de-consejera-estatal-melissa-cornejo-tras-publicacion-contra-eu\/#primaryimage"},"thumbnailUrl":"https:\/\/fuentesfidedignas.com.mx\/wp-content\/uploads\/2025\/06\/img_7158-1.jpg","articleSection":["NOTICIAS NACIONALES"],"inLanguage":"es"},{"@type":"WebPage","@id":"https:\/\/fuentesfidedignas.com.mx\/index.php\/2025\/06\/13\/morena-se-deslinda-de-consejera-estatal-melissa-cornejo-tras-publicacion-contra-eu\/","url":"https:\/\/fuentesfidedignas.com.mx\/index.php\/2025\/06\/13\/morena-se-deslinda-de-consejera-estatal-melissa-cornejo-tras-publicacion-contra-eu\/","name":"Morena se deslinda de consejera estatal Melissa Cornejo tras publicaci\u00f3n contra EU - Fuentes Fidedignas","isPartOf":{"@id":"https:\/\/fuentesfidedignas.com.mx\/#website"},"primaryImageOfPage":{"@id":"https:\/\/fuentesfidedignas.com.mx\/index.php\/2025\/06\/13\/morena-se-deslinda-de-consejera-estatal-melissa-cornejo-tras-publicacion-contra-eu\/#primaryimage"},"image":{"@id":"https:\/\/fuentesfidedignas.com.mx\/index.php\/2025\/06\/13\/morena-se-deslinda-de-consejera-estatal-melissa-cornejo-tras-publicacion-contra-eu\/#primaryimage"},"thumbnailUrl":"https:\/\/fuentesfidedignas.com.mx\/wp-content\/uploads\/2025\/06\/img_7158-1.jpg","datePublished":"2025-06-13T13:34:34+00:00","dateModified":"2025-06-13T13:35:28+00:00","breadcrumb":{"@id":"https:\/\/fuentesfidedignas.com.mx\/index.php\/2025\/06\/13\/morena-se-deslinda-de-consejera-estatal-melissa-cornejo-tras-publicacion-contra-eu\/#breadcrumb"},"inLanguage":"es","potentialAction":[{"@type":"ReadAction","target":["https:\/\/fuentesfidedignas.com.mx\/index.php\/2025\/06\/13\/morena-se-deslinda-de-consejera-estatal-melissa-cornejo-tras-publicacion-contra-eu\/"]}]},{"@type":"ImageObject","inLanguage":"es","@id":"https:\/\/fuentesfidedignas.com.mx\/index.php\/2025\/06\/13\/morena-se-deslinda-de-consejera-estatal-melissa-cornejo-tras-publicacion-contra-eu\/#primaryimage","url":"https:\/\/fuentesfidedignas.com.mx\/wp-content\/uploads\/2025\/06\/img_7158-1.jpg","contentUrl":"https:\/\/fuentesfidedignas.com.mx\/wp-content\/uploads\/2025\/06\/img_7158-1.jpg","width":678,"height":452},{"@type":"BreadcrumbList","@id":"https:\/\/fuentesfidedignas.com.mx\/index.php\/2025\/06\/13\/morena-se-deslinda-de-consejera-estatal-melissa-cornejo-tras-publicacion-contra-eu\/#breadcrumb","itemListElement":[{"@type":"ListItem","position":1,"name":"Inicio","item":"https:\/\/fuentesfidedignas.com.mx\/"},{"@type":"ListItem","position":2,"name":"Morena se deslinda de consejera estatal Melissa Cornejo tras publicaci\u00f3n contra EU"}]},{"@type":"WebSite","@id":"https:\/\/fuentesfidedignas.com.mx\/#website","url":"https:\/\/fuentesfidedignas.com.mx\/","name":"Fuentes Fidedignas","description":"Otro sitio realizado con WordPress","publisher":{"@id":"https:\/\/fuentesfidedignas.com.mx\/#organization"},"potentialAction":[{"@type":"SearchAction","target":{"@type":"EntryPoint","urlTemplate":"https:\/\/fuentesfidedignas.com.mx\/?s={search_term_string}"},"query-input":{"@type":"PropertyValueSpecification","valueRequired":true,"valueName":"search_term_string"}}],"inLanguage":"es"},{"@type":"Organization","@id":"https:\/\/fuentesfidedignas.com.mx\/#organization","name":"Fuentes Fidedignas","url":"https:\/\/fuentesfidedignas.com.mx\/","logo":{"@type":"ImageObject","inLanguage":"es","@id":"https:\/\/fuentesfidedignas.com.mx\/#\/schema\/logo\/image\/","url":"https:\/\/fuentesfidedignas.com.mx\/wp-content\/uploads\/2021\/04\/logo-retina.png","contentUrl":"https:\/\/fuentesfidedignas.com.mx\/wp-content\/uploads\/2021\/04\/logo-retina.png","width":280,"height":51,"caption":"Fuentes Fidedignas"},"image":{"@id":"https:\/\/fuentesfidedignas.com.mx\/#\/schema\/logo\/image\/"},"sameAs":["https:\/\/www.facebook.com\/Fuentes-Fidedignas-368234489921644","https:\/\/x.com\/fidedignas"]},{"@type":"Person","@id":"https:\/\/fuentesfidedignas.com.mx\/#\/schema\/person\/67d852f0557c8509146a4b9ddebd543a","name":"L\u00f3pez D\u00f3riga","image":{"@type":"ImageObject","inLanguage":"es","@id":"https:\/\/secure.gravatar.com\/avatar\/e525b06574ca18b33cded59dfe5778d6c823b9513154eff47da551b0551bdd1e?s=96&d=mm&r=g","url":"https:\/\/secure.gravatar.com\/avatar\/e525b06574ca18b33cded59dfe5778d6c823b9513154eff47da551b0551bdd1e?s=96&d=mm&r=g","contentUrl":"https:\/\/secure.gravatar.com\/avatar\/e525b06574ca18b33cded59dfe5778d6c823b9513154eff47da551b0551bdd1e?s=96&d=mm&r=g","caption":"L\u00f3pez D\u00f3riga"},"url":"https:\/\/fuentesfidedignas.com.mx\/index.php\/author\/doriga\/"}]}},"_links":{"self":[{"href":"https:\/\/fuentesfidedignas.com.mx\/index.php\/wp-json\/wp\/v2\/posts\/110594","targetHints":{"allow":["GET"]}}],"collection":[{"href":"https:\/\/fuentesfidedignas.com.mx\/index.php\/wp-json\/wp\/v2\/posts"}],"about":[{"href":"https:\/\/fuentesfidedignas.com.mx\/index.php\/wp-json\/wp\/v2\/types\/post"}],"author":[{"embeddable":true,"href":"https:\/\/fuentesfidedignas.com.mx\/index.php\/wp-json\/wp\/v2\/users\/47"}],"replies":[{"embeddable":true,"href":"https:\/\/fuentesfidedignas.com.mx\/index.php\/wp-json\/wp\/v2\/comments?post=110594"}],"version-history":[{"count":2,"href":"https:\/\/fuentesfidedignas.com.mx\/index.php\/wp-json\/wp\/v2\/posts\/110594\/revisions"}],"predecessor-version":[{"id":110596,"href":"https:\/\/fuentesfidedignas.com.mx\/index.php\/wp-json\/wp\/v2\/posts\/110594\/revisions\/110596"}],"wp:featuredmedia":[{"embeddable":true,"href":"https:\/\/fuentesfidedignas.com.mx\/index.php\/wp-json\/wp\/v2\/media\/110593"}],"wp:attachment":[{"href":"https:\/\/fuentesfidedignas.com.mx\/index.php\/wp-json\/wp\/v2\/media?parent=110594"}],"wp:term":[{"taxonomy":"category","embeddable":true,"href":"https:\/\/fuentesfidedignas.com.mx\/index.php\/wp-json\/wp\/v2\/categories?post=110594"},{"taxonomy":"post_tag","embeddable":true,"href":"https:\/\/fuentesfidedignas.com.mx\/index.php\/wp-json\/wp\/v2\/tags?post=110594"}],"curies":[{"name":"wp","href":"https:\/\/api.w.org\/{rel}","templated":true}]}}