{"id":110583,"date":"2025-06-12T18:41:43","date_gmt":"2025-06-13T01:41:43","guid":{"rendered":"https:\/\/fuentesfidedignas.com.mx\/?p=110583"},"modified":"2025-06-12T18:41:43","modified_gmt":"2025-06-13T01:41:43","slug":"en-sinaloa-hay-voluntad-y-compromiso-con-los-derechos-humanos-y-la-libertad-de-expresion-tere-guerra","status":"publish","type":"post","link":"https:\/\/fuentesfidedignas.com.mx\/index.php\/2025\/06\/12\/en-sinaloa-hay-voluntad-y-compromiso-con-los-derechos-humanos-y-la-libertad-de-expresion-tere-guerra\/","title":{"rendered":"&#8220;En Sinaloa hay voluntad y compromiso con los derechos humanos y la libertad de expresi\u00f3n\u201d: Tere Guerra"},"content":{"rendered":"\n<p><\/p>\n\n\n\n<p>Culiac\u00e1n, Sinaloa.- Con un discurso en\u00e9rgico, cargado de experiencia y convicci\u00f3n social, la diputada Mar\u00eda Teresa Guerra Ochoa, presidenta de la Junta de Coordinaci\u00f3n Pol\u00edtica del Congreso del Estado de Sinaloa, destac\u00f3 la trascendencia de la creaci\u00f3n de la Vicefiscal\u00eda de Derechos Humanos, Protecci\u00f3n de Personas Defensoras de Derechos Humanos y Periodistas.<\/p>\n\n\n\n<p>Durante su intervenci\u00f3n ante el Pleno, subray\u00f3 que este paso, no solo representa un avance institucional, sino tambi\u00e9n un acto de justicia para quienes, durante muchos a\u00f1os han luchado por la verdad, la dignidad y la libertad de expresi\u00f3n en el estado.<\/p>\n\n\n\n<p>La coordinadora del Grupo Parlamentario de Morena en Sinaloa celebr\u00f3 que los diferentes grupos pol\u00edticos que conforman el Poder Legislativo hayan coincidido en la necesidad de crear esta nueva instancia dentro de la Fiscal\u00eda General del Estado, lo que refleja una voluntad pol\u00edtica real, no solo un gesto simb\u00f3lico.<\/p>\n\n\n\n<p>En su mensaje, Guerra Ochoa agradeci\u00f3 la presencia de defensores de derechos humanos, colectivos de b\u00fasqueda, periodistas, l\u00edderes sociales y autoridades judiciales, a quienes reconoci\u00f3 como actores fundamentales en este proceso.<\/p>\n\n\n\n<p>Mar\u00eda Teresa Guerra aprovech\u00f3 para rememorar su propia trayectoria como comunicadora, oficio que ejerci\u00f3 durante 25 a\u00f1os, y se\u00f1al\u00f3 que conoce de primera mano los riesgos que implica defender los derechos humanos y ejercer el periodismo en un contexto de violencia e impunidad.<\/p>\n\n\n\n<p>Precis\u00f3 que en 2016 fue beneficiaria del Mecanismo Federal de Protecci\u00f3n para Personas Defensoras de Derechos Humanos y Periodistas, por lo que comprende la importancia de contar con estructuras efectivas que garanticen protecci\u00f3n y respuesta oportuna ante cualquier amenaza.<\/p>\n\n\n\n<p>Destac\u00f3 que Sinaloa ha venido construyendo un modelo estatal propio y m\u00e1s avanzado que el federal, ya que durante la 64 Legislatura se aprob\u00f3 la Ley Estatal para la Protecci\u00f3n de Personas Defensoras de Derechos Humanos y Periodistas, la cual dio paso a la creaci\u00f3n del Instituto Estatal en la materia como un \u00f3rgano aut\u00f3nomo, figura que existe en muy pocos estados del pa\u00eds.<\/p>\n\n\n\n<p>La legisladora morenista subray\u00f3 que este instituto cuenta actualmente con m\u00e1s de 13 millones de pesos asignados en presupuesto, lo cual representa un compromiso tangible y no solo declarativo, en contraste con otras entidades donde la protecci\u00f3n se reduce a oficinas dependientes de las secretar\u00edas de gobierno.<\/p>\n\n\n\n<p>Y en este contexto, se\u00f1al\u00f3 que esta nueva Vicefiscal\u00eda no ser\u00e1 una figura decorativa ni una estructura vac\u00eda, ya que, previo a la aprobaci\u00f3n de la iniciativa, se realizaron reuniones con colectivos, periodistas y con la propia Fiscal\u00eda General para garantizar que este nuevo \u00f3rgano cuente con instalaciones adecuadas, personal ministerial con perfil especializado y el compromiso de atraer y dar seguimiento a las carpetas de investigaci\u00f3n en la materia.<\/p>\n\n\n\n<p>Al cierre de su intervenci\u00f3n, Mar\u00eda Teresa Guerra reafirm\u00f3 que la 65 Legislatura mantiene un compromiso firme con la protecci\u00f3n de los derechos humanos y la libertad de expresi\u00f3n, y dijo que no se trata de celebrar \u00fanicamente una aprobaci\u00f3n legislativa, sino de consolidar un esfuerzo colectivo que involucra al Congreso, al gobierno, a la sociedad civil y a las instituciones.<\/p>\n","protected":false},"excerpt":{"rendered":"<p>Culiac\u00e1n, Sinaloa.- Con un discurso en\u00e9rgico, cargado de experiencia y convicci\u00f3n social, la diputada Mar\u00eda Teresa Guerra Ochoa, presidenta de la Junta de Coordinaci\u00f3n Pol\u00edtica del Congreso del Estado de Sinaloa, destac\u00f3 la trascendencia de la creaci\u00f3n de la Vicefiscal\u00eda de Derechos Humanos, Protecci\u00f3n de Personas Defensoras de Derechos Humanos y Periodistas. Durante su intervenci\u00f3n [&hellip;]<\/p>\n","protected":false},"author":4,"featured_media":110582,"comment_status":"closed","ping_status":"open","sticky":false,"template":"","format":"standard","meta":{"tdm_status":"","tdm_grid_status":"","footnotes":""},"categories":[38],"tags":[],"class_list":{"0":"post-110583","1":"post","2":"type-post","3":"status-publish","4":"format-standard","5":"has-post-thumbnail","7":"category-noticias-locales"},"yoast_head":"<!-- This site is optimized with the Yoast SEO plugin v27.5 - https:\/\/yoast.com\/product\/yoast-seo-wordpress\/ -->\n<title>&quot;En Sinaloa hay voluntad y compromiso con los derechos humanos y la libertad de expresi\u00f3n\u201d: Tere Guerra - Fuentes Fidedignas<\/title>\n<meta name=\"robots\" content=\"index, follow, max-snippet:-1, max-image-preview:large, max-video-preview:-1\" \/>\n<link rel=\"canonical\" href=\"https:\/\/fuentesfidedignas.com.mx\/index.php\/2025\/06\/12\/en-sinaloa-hay-voluntad-y-compromiso-con-los-derechos-humanos-y-la-libertad-de-expresion-tere-guerra\/\" \/>\n<meta property=\"og:locale\" content=\"es_MX\" \/>\n<meta property=\"og:type\" content=\"article\" \/>\n<meta property=\"og:title\" content=\"&quot;En Sinaloa hay voluntad y compromiso con los derechos humanos y la libertad de expresi\u00f3n\u201d: Tere Guerra - Fuentes Fidedignas\" \/>\n<meta property=\"og:description\" content=\"Culiac\u00e1n, Sinaloa.- Con un discurso en\u00e9rgico, cargado de experiencia y convicci\u00f3n social, la diputada Mar\u00eda Teresa Guerra Ochoa, presidenta de la Junta de Coordinaci\u00f3n Pol\u00edtica del Congreso del Estado de Sinaloa, destac\u00f3 la trascendencia de la creaci\u00f3n de la Vicefiscal\u00eda de Derechos Humanos, Protecci\u00f3n de Personas Defensoras de Derechos Humanos y Periodistas. Durante su intervenci\u00f3n [&hellip;]\" \/>\n<meta property=\"og:url\" content=\"https:\/\/fuentesfidedignas.com.mx\/index.php\/2025\/06\/12\/en-sinaloa-hay-voluntad-y-compromiso-con-los-derechos-humanos-y-la-libertad-de-expresion-tere-guerra\/\" \/>\n<meta property=\"og:site_name\" content=\"Fuentes Fidedignas\" \/>\n<meta property=\"article:publisher\" content=\"https:\/\/www.facebook.com\/Fuentes-Fidedignas-368234489921644\" \/>\n<meta property=\"article:published_time\" content=\"2025-06-13T01:41:43+00:00\" \/>\n<meta property=\"og:image\" content=\"https:\/\/fuentesfidedignas.com.mx\/wp-content\/uploads\/2025\/06\/84cc6bfc-72eb-43fe-9b2b-b49a87225113-1.jpg\" \/>\n\t<meta property=\"og:image:width\" content=\"1600\" \/>\n\t<meta property=\"og:image:height\" content=\"877\" \/>\n\t<meta property=\"og:image:type\" content=\"image\/jpeg\" \/>\n<meta name=\"author\" content=\"Redacci\u00f3n\" \/>\n<meta name=\"twitter:card\" content=\"summary_large_image\" \/>\n<meta name=\"twitter:creator\" content=\"@fidedignas\" \/>\n<meta name=\"twitter:site\" content=\"@fidedignas\" \/>\n<meta name=\"twitter:label1\" content=\"Escrito por\" \/>\n\t<meta name=\"twitter:data1\" content=\"Redacci\u00f3n\" \/>\n\t<meta name=\"twitter:label2\" content=\"Tiempo de lectura\" \/>\n\t<meta name=\"twitter:data2\" content=\"3 minutos\" \/>\n<script type=\"application\/ld+json\" class=\"yoast-schema-graph\">{\"@context\":\"https:\\\/\\\/schema.org\",\"@graph\":[{\"@type\":\"Article\",\"@id\":\"https:\\\/\\\/fuentesfidedignas.com.mx\\\/index.php\\\/2025\\\/06\\\/12\\\/en-sinaloa-hay-voluntad-y-compromiso-con-los-derechos-humanos-y-la-libertad-de-expresion-tere-guerra\\\/#article\",\"isPartOf\":{\"@id\":\"https:\\\/\\\/fuentesfidedignas.com.mx\\\/index.php\\\/2025\\\/06\\\/12\\\/en-sinaloa-hay-voluntad-y-compromiso-con-los-derechos-humanos-y-la-libertad-de-expresion-tere-guerra\\\/\"},\"author\":{\"name\":\"Redacci\u00f3n\",\"@id\":\"https:\\\/\\\/fuentesfidedignas.com.mx\\\/#\\\/schema\\\/person\\\/331be9283d37198e2acd5750279085b0\"},\"headline\":\"&#8220;En Sinaloa hay voluntad y compromiso con los derechos humanos y la libertad de expresi\u00f3n\u201d: Tere Guerra\",\"datePublished\":\"2025-06-13T01:41:43+00:00\",\"mainEntityOfPage\":{\"@id\":\"https:\\\/\\\/fuentesfidedignas.com.mx\\\/index.php\\\/2025\\\/06\\\/12\\\/en-sinaloa-hay-voluntad-y-compromiso-con-los-derechos-humanos-y-la-libertad-de-expresion-tere-guerra\\\/\"},\"wordCount\":555,\"publisher\":{\"@id\":\"https:\\\/\\\/fuentesfidedignas.com.mx\\\/#organization\"},\"image\":{\"@id\":\"https:\\\/\\\/fuentesfidedignas.com.mx\\\/index.php\\\/2025\\\/06\\\/12\\\/en-sinaloa-hay-voluntad-y-compromiso-con-los-derechos-humanos-y-la-libertad-de-expresion-tere-guerra\\\/#primaryimage\"},\"thumbnailUrl\":\"https:\\\/\\\/fuentesfidedignas.com.mx\\\/wp-content\\\/uploads\\\/2025\\\/06\\\/84cc6bfc-72eb-43fe-9b2b-b49a87225113-1.jpg\",\"articleSection\":[\"NOTICIAS LOCALES\"],\"inLanguage\":\"es\"},{\"@type\":\"WebPage\",\"@id\":\"https:\\\/\\\/fuentesfidedignas.com.mx\\\/index.php\\\/2025\\\/06\\\/12\\\/en-sinaloa-hay-voluntad-y-compromiso-con-los-derechos-humanos-y-la-libertad-de-expresion-tere-guerra\\\/\",\"url\":\"https:\\\/\\\/fuentesfidedignas.com.mx\\\/index.php\\\/2025\\\/06\\\/12\\\/en-sinaloa-hay-voluntad-y-compromiso-con-los-derechos-humanos-y-la-libertad-de-expresion-tere-guerra\\\/\",\"name\":\"\\\"En Sinaloa hay voluntad y compromiso con los derechos humanos y la libertad de expresi\u00f3n\u201d: Tere Guerra - Fuentes Fidedignas\",\"isPartOf\":{\"@id\":\"https:\\\/\\\/fuentesfidedignas.com.mx\\\/#website\"},\"primaryImageOfPage\":{\"@id\":\"https:\\\/\\\/fuentesfidedignas.com.mx\\\/index.php\\\/2025\\\/06\\\/12\\\/en-sinaloa-hay-voluntad-y-compromiso-con-los-derechos-humanos-y-la-libertad-de-expresion-tere-guerra\\\/#primaryimage\"},\"image\":{\"@id\":\"https:\\\/\\\/fuentesfidedignas.com.mx\\\/index.php\\\/2025\\\/06\\\/12\\\/en-sinaloa-hay-voluntad-y-compromiso-con-los-derechos-humanos-y-la-libertad-de-expresion-tere-guerra\\\/#primaryimage\"},\"thumbnailUrl\":\"https:\\\/\\\/fuentesfidedignas.com.mx\\\/wp-content\\\/uploads\\\/2025\\\/06\\\/84cc6bfc-72eb-43fe-9b2b-b49a87225113-1.jpg\",\"datePublished\":\"2025-06-13T01:41:43+00:00\",\"breadcrumb\":{\"@id\":\"https:\\\/\\\/fuentesfidedignas.com.mx\\\/index.php\\\/2025\\\/06\\\/12\\\/en-sinaloa-hay-voluntad-y-compromiso-con-los-derechos-humanos-y-la-libertad-de-expresion-tere-guerra\\\/#breadcrumb\"},\"inLanguage\":\"es\",\"potentialAction\":[{\"@type\":\"ReadAction\",\"target\":[\"https:\\\/\\\/fuentesfidedignas.com.mx\\\/index.php\\\/2025\\\/06\\\/12\\\/en-sinaloa-hay-voluntad-y-compromiso-con-los-derechos-humanos-y-la-libertad-de-expresion-tere-guerra\\\/\"]}]},{\"@type\":\"ImageObject\",\"inLanguage\":\"es\",\"@id\":\"https:\\\/\\\/fuentesfidedignas.com.mx\\\/index.php\\\/2025\\\/06\\\/12\\\/en-sinaloa-hay-voluntad-y-compromiso-con-los-derechos-humanos-y-la-libertad-de-expresion-tere-guerra\\\/#primaryimage\",\"url\":\"https:\\\/\\\/fuentesfidedignas.com.mx\\\/wp-content\\\/uploads\\\/2025\\\/06\\\/84cc6bfc-72eb-43fe-9b2b-b49a87225113-1.jpg\",\"contentUrl\":\"https:\\\/\\\/fuentesfidedignas.com.mx\\\/wp-content\\\/uploads\\\/2025\\\/06\\\/84cc6bfc-72eb-43fe-9b2b-b49a87225113-1.jpg\",\"width\":1600,\"height\":877},{\"@type\":\"BreadcrumbList\",\"@id\":\"https:\\\/\\\/fuentesfidedignas.com.mx\\\/index.php\\\/2025\\\/06\\\/12\\\/en-sinaloa-hay-voluntad-y-compromiso-con-los-derechos-humanos-y-la-libertad-de-expresion-tere-guerra\\\/#breadcrumb\",\"itemListElement\":[{\"@type\":\"ListItem\",\"position\":1,\"name\":\"Inicio\",\"item\":\"https:\\\/\\\/fuentesfidedignas.com.mx\\\/\"},{\"@type\":\"ListItem\",\"position\":2,\"name\":\"&#8220;En Sinaloa hay voluntad y compromiso con los derechos humanos y la libertad de expresi\u00f3n\u201d: Tere Guerra\"}]},{\"@type\":\"WebSite\",\"@id\":\"https:\\\/\\\/fuentesfidedignas.com.mx\\\/#website\",\"url\":\"https:\\\/\\\/fuentesfidedignas.com.mx\\\/\",\"name\":\"Fuentes Fidedignas\",\"description\":\"Otro sitio realizado con WordPress\",\"publisher\":{\"@id\":\"https:\\\/\\\/fuentesfidedignas.com.mx\\\/#organization\"},\"potentialAction\":[{\"@type\":\"SearchAction\",\"target\":{\"@type\":\"EntryPoint\",\"urlTemplate\":\"https:\\\/\\\/fuentesfidedignas.com.mx\\\/?s={search_term_string}\"},\"query-input\":{\"@type\":\"PropertyValueSpecification\",\"valueRequired\":true,\"valueName\":\"search_term_string\"}}],\"inLanguage\":\"es\"},{\"@type\":\"Organization\",\"@id\":\"https:\\\/\\\/fuentesfidedignas.com.mx\\\/#organization\",\"name\":\"Fuentes Fidedignas\",\"url\":\"https:\\\/\\\/fuentesfidedignas.com.mx\\\/\",\"logo\":{\"@type\":\"ImageObject\",\"inLanguage\":\"es\",\"@id\":\"https:\\\/\\\/fuentesfidedignas.com.mx\\\/#\\\/schema\\\/logo\\\/image\\\/\",\"url\":\"https:\\\/\\\/fuentesfidedignas.com.mx\\\/wp-content\\\/uploads\\\/2021\\\/04\\\/logo-retina.png\",\"contentUrl\":\"https:\\\/\\\/fuentesfidedignas.com.mx\\\/wp-content\\\/uploads\\\/2021\\\/04\\\/logo-retina.png\",\"width\":280,\"height\":51,\"caption\":\"Fuentes Fidedignas\"},\"image\":{\"@id\":\"https:\\\/\\\/fuentesfidedignas.com.mx\\\/#\\\/schema\\\/logo\\\/image\\\/\"},\"sameAs\":[\"https:\\\/\\\/www.facebook.com\\\/Fuentes-Fidedignas-368234489921644\",\"https:\\\/\\\/x.com\\\/fidedignas\"]},{\"@type\":\"Person\",\"@id\":\"https:\\\/\\\/fuentesfidedignas.com.mx\\\/#\\\/schema\\\/person\\\/331be9283d37198e2acd5750279085b0\",\"name\":\"Redacci\u00f3n\",\"image\":{\"@type\":\"ImageObject\",\"inLanguage\":\"es\",\"@id\":\"https:\\\/\\\/secure.gravatar.com\\\/avatar\\\/f6d8782c11d12b2d4ad3fbb6931aeab5309937a4d6cd2fc9cfaa28a6396a5aec?s=96&d=mm&r=g\",\"url\":\"https:\\\/\\\/secure.gravatar.com\\\/avatar\\\/f6d8782c11d12b2d4ad3fbb6931aeab5309937a4d6cd2fc9cfaa28a6396a5aec?s=96&d=mm&r=g\",\"contentUrl\":\"https:\\\/\\\/secure.gravatar.com\\\/avatar\\\/f6d8782c11d12b2d4ad3fbb6931aeab5309937a4d6cd2fc9cfaa28a6396a5aec?s=96&d=mm&r=g\",\"caption\":\"Redacci\u00f3n\"},\"url\":\"https:\\\/\\\/fuentesfidedignas.com.mx\\\/index.php\\\/author\\\/redaccion\\\/\"}]}<\/script>\n<!-- \/ Yoast SEO plugin. -->","yoast_head_json":{"title":"\"En Sinaloa hay voluntad y compromiso con los derechos humanos y la libertad de expresi\u00f3n\u201d: Tere Guerra - Fuentes Fidedignas","robots":{"index":"index","follow":"follow","max-snippet":"max-snippet:-1","max-image-preview":"max-image-preview:large","max-video-preview":"max-video-preview:-1"},"canonical":"https:\/\/fuentesfidedignas.com.mx\/index.php\/2025\/06\/12\/en-sinaloa-hay-voluntad-y-compromiso-con-los-derechos-humanos-y-la-libertad-de-expresion-tere-guerra\/","og_locale":"es_MX","og_type":"article","og_title":"\"En Sinaloa hay voluntad y compromiso con los derechos humanos y la libertad de expresi\u00f3n\u201d: Tere Guerra - Fuentes Fidedignas","og_description":"Culiac\u00e1n, Sinaloa.- Con un discurso en\u00e9rgico, cargado de experiencia y convicci\u00f3n social, la diputada Mar\u00eda Teresa Guerra Ochoa, presidenta de la Junta de Coordinaci\u00f3n Pol\u00edtica del Congreso del Estado de Sinaloa, destac\u00f3 la trascendencia de la creaci\u00f3n de la Vicefiscal\u00eda de Derechos Humanos, Protecci\u00f3n de Personas Defensoras de Derechos Humanos y Periodistas. Durante su intervenci\u00f3n [&hellip;]","og_url":"https:\/\/fuentesfidedignas.com.mx\/index.php\/2025\/06\/12\/en-sinaloa-hay-voluntad-y-compromiso-con-los-derechos-humanos-y-la-libertad-de-expresion-tere-guerra\/","og_site_name":"Fuentes Fidedignas","article_publisher":"https:\/\/www.facebook.com\/Fuentes-Fidedignas-368234489921644","article_published_time":"2025-06-13T01:41:43+00:00","og_image":[{"width":1600,"height":877,"url":"https:\/\/fuentesfidedignas.com.mx\/wp-content\/uploads\/2025\/06\/84cc6bfc-72eb-43fe-9b2b-b49a87225113-1.jpg","type":"image\/jpeg"}],"author":"Redacci\u00f3n","twitter_card":"summary_large_image","twitter_creator":"@fidedignas","twitter_site":"@fidedignas","twitter_misc":{"Escrito por":"Redacci\u00f3n","Tiempo de lectura":"3 minutos"},"schema":{"@context":"https:\/\/schema.org","@graph":[{"@type":"Article","@id":"https:\/\/fuentesfidedignas.com.mx\/index.php\/2025\/06\/12\/en-sinaloa-hay-voluntad-y-compromiso-con-los-derechos-humanos-y-la-libertad-de-expresion-tere-guerra\/#article","isPartOf":{"@id":"https:\/\/fuentesfidedignas.com.mx\/index.php\/2025\/06\/12\/en-sinaloa-hay-voluntad-y-compromiso-con-los-derechos-humanos-y-la-libertad-de-expresion-tere-guerra\/"},"author":{"name":"Redacci\u00f3n","@id":"https:\/\/fuentesfidedignas.com.mx\/#\/schema\/person\/331be9283d37198e2acd5750279085b0"},"headline":"&#8220;En Sinaloa hay voluntad y compromiso con los derechos humanos y la libertad de expresi\u00f3n\u201d: Tere Guerra","datePublished":"2025-06-13T01:41:43+00:00","mainEntityOfPage":{"@id":"https:\/\/fuentesfidedignas.com.mx\/index.php\/2025\/06\/12\/en-sinaloa-hay-voluntad-y-compromiso-con-los-derechos-humanos-y-la-libertad-de-expresion-tere-guerra\/"},"wordCount":555,"publisher":{"@id":"https:\/\/fuentesfidedignas.com.mx\/#organization"},"image":{"@id":"https:\/\/fuentesfidedignas.com.mx\/index.php\/2025\/06\/12\/en-sinaloa-hay-voluntad-y-compromiso-con-los-derechos-humanos-y-la-libertad-de-expresion-tere-guerra\/#primaryimage"},"thumbnailUrl":"https:\/\/fuentesfidedignas.com.mx\/wp-content\/uploads\/2025\/06\/84cc6bfc-72eb-43fe-9b2b-b49a87225113-1.jpg","articleSection":["NOTICIAS LOCALES"],"inLanguage":"es"},{"@type":"WebPage","@id":"https:\/\/fuentesfidedignas.com.mx\/index.php\/2025\/06\/12\/en-sinaloa-hay-voluntad-y-compromiso-con-los-derechos-humanos-y-la-libertad-de-expresion-tere-guerra\/","url":"https:\/\/fuentesfidedignas.com.mx\/index.php\/2025\/06\/12\/en-sinaloa-hay-voluntad-y-compromiso-con-los-derechos-humanos-y-la-libertad-de-expresion-tere-guerra\/","name":"\"En Sinaloa hay voluntad y compromiso con los derechos humanos y la libertad de expresi\u00f3n\u201d: Tere Guerra - Fuentes Fidedignas","isPartOf":{"@id":"https:\/\/fuentesfidedignas.com.mx\/#website"},"primaryImageOfPage":{"@id":"https:\/\/fuentesfidedignas.com.mx\/index.php\/2025\/06\/12\/en-sinaloa-hay-voluntad-y-compromiso-con-los-derechos-humanos-y-la-libertad-de-expresion-tere-guerra\/#primaryimage"},"image":{"@id":"https:\/\/fuentesfidedignas.com.mx\/index.php\/2025\/06\/12\/en-sinaloa-hay-voluntad-y-compromiso-con-los-derechos-humanos-y-la-libertad-de-expresion-tere-guerra\/#primaryimage"},"thumbnailUrl":"https:\/\/fuentesfidedignas.com.mx\/wp-content\/uploads\/2025\/06\/84cc6bfc-72eb-43fe-9b2b-b49a87225113-1.jpg","datePublished":"2025-06-13T01:41:43+00:00","breadcrumb":{"@id":"https:\/\/fuentesfidedignas.com.mx\/index.php\/2025\/06\/12\/en-sinaloa-hay-voluntad-y-compromiso-con-los-derechos-humanos-y-la-libertad-de-expresion-tere-guerra\/#breadcrumb"},"inLanguage":"es","potentialAction":[{"@type":"ReadAction","target":["https:\/\/fuentesfidedignas.com.mx\/index.php\/2025\/06\/12\/en-sinaloa-hay-voluntad-y-compromiso-con-los-derechos-humanos-y-la-libertad-de-expresion-tere-guerra\/"]}]},{"@type":"ImageObject","inLanguage":"es","@id":"https:\/\/fuentesfidedignas.com.mx\/index.php\/2025\/06\/12\/en-sinaloa-hay-voluntad-y-compromiso-con-los-derechos-humanos-y-la-libertad-de-expresion-tere-guerra\/#primaryimage","url":"https:\/\/fuentesfidedignas.com.mx\/wp-content\/uploads\/2025\/06\/84cc6bfc-72eb-43fe-9b2b-b49a87225113-1.jpg","contentUrl":"https:\/\/fuentesfidedignas.com.mx\/wp-content\/uploads\/2025\/06\/84cc6bfc-72eb-43fe-9b2b-b49a87225113-1.jpg","width":1600,"height":877},{"@type":"BreadcrumbList","@id":"https:\/\/fuentesfidedignas.com.mx\/index.php\/2025\/06\/12\/en-sinaloa-hay-voluntad-y-compromiso-con-los-derechos-humanos-y-la-libertad-de-expresion-tere-guerra\/#breadcrumb","itemListElement":[{"@type":"ListItem","position":1,"name":"Inicio","item":"https:\/\/fuentesfidedignas.com.mx\/"},{"@type":"ListItem","position":2,"name":"&#8220;En Sinaloa hay voluntad y compromiso con los derechos humanos y la libertad de expresi\u00f3n\u201d: Tere Guerra"}]},{"@type":"WebSite","@id":"https:\/\/fuentesfidedignas.com.mx\/#website","url":"https:\/\/fuentesfidedignas.com.mx\/","name":"Fuentes Fidedignas","description":"Otro sitio realizado con WordPress","publisher":{"@id":"https:\/\/fuentesfidedignas.com.mx\/#organization"},"potentialAction":[{"@type":"SearchAction","target":{"@type":"EntryPoint","urlTemplate":"https:\/\/fuentesfidedignas.com.mx\/?s={search_term_string}"},"query-input":{"@type":"PropertyValueSpecification","valueRequired":true,"valueName":"search_term_string"}}],"inLanguage":"es"},{"@type":"Organization","@id":"https:\/\/fuentesfidedignas.com.mx\/#organization","name":"Fuentes Fidedignas","url":"https:\/\/fuentesfidedignas.com.mx\/","logo":{"@type":"ImageObject","inLanguage":"es","@id":"https:\/\/fuentesfidedignas.com.mx\/#\/schema\/logo\/image\/","url":"https:\/\/fuentesfidedignas.com.mx\/wp-content\/uploads\/2021\/04\/logo-retina.png","contentUrl":"https:\/\/fuentesfidedignas.com.mx\/wp-content\/uploads\/2021\/04\/logo-retina.png","width":280,"height":51,"caption":"Fuentes Fidedignas"},"image":{"@id":"https:\/\/fuentesfidedignas.com.mx\/#\/schema\/logo\/image\/"},"sameAs":["https:\/\/www.facebook.com\/Fuentes-Fidedignas-368234489921644","https:\/\/x.com\/fidedignas"]},{"@type":"Person","@id":"https:\/\/fuentesfidedignas.com.mx\/#\/schema\/person\/331be9283d37198e2acd5750279085b0","name":"Redacci\u00f3n","image":{"@type":"ImageObject","inLanguage":"es","@id":"https:\/\/secure.gravatar.com\/avatar\/f6d8782c11d12b2d4ad3fbb6931aeab5309937a4d6cd2fc9cfaa28a6396a5aec?s=96&d=mm&r=g","url":"https:\/\/secure.gravatar.com\/avatar\/f6d8782c11d12b2d4ad3fbb6931aeab5309937a4d6cd2fc9cfaa28a6396a5aec?s=96&d=mm&r=g","contentUrl":"https:\/\/secure.gravatar.com\/avatar\/f6d8782c11d12b2d4ad3fbb6931aeab5309937a4d6cd2fc9cfaa28a6396a5aec?s=96&d=mm&r=g","caption":"Redacci\u00f3n"},"url":"https:\/\/fuentesfidedignas.com.mx\/index.php\/author\/redaccion\/"}]}},"_links":{"self":[{"href":"https:\/\/fuentesfidedignas.com.mx\/index.php\/wp-json\/wp\/v2\/posts\/110583","targetHints":{"allow":["GET"]}}],"collection":[{"href":"https:\/\/fuentesfidedignas.com.mx\/index.php\/wp-json\/wp\/v2\/posts"}],"about":[{"href":"https:\/\/fuentesfidedignas.com.mx\/index.php\/wp-json\/wp\/v2\/types\/post"}],"author":[{"embeddable":true,"href":"https:\/\/fuentesfidedignas.com.mx\/index.php\/wp-json\/wp\/v2\/users\/4"}],"replies":[{"embeddable":true,"href":"https:\/\/fuentesfidedignas.com.mx\/index.php\/wp-json\/wp\/v2\/comments?post=110583"}],"version-history":[{"count":1,"href":"https:\/\/fuentesfidedignas.com.mx\/index.php\/wp-json\/wp\/v2\/posts\/110583\/revisions"}],"predecessor-version":[{"id":110584,"href":"https:\/\/fuentesfidedignas.com.mx\/index.php\/wp-json\/wp\/v2\/posts\/110583\/revisions\/110584"}],"wp:featuredmedia":[{"embeddable":true,"href":"https:\/\/fuentesfidedignas.com.mx\/index.php\/wp-json\/wp\/v2\/media\/110582"}],"wp:attachment":[{"href":"https:\/\/fuentesfidedignas.com.mx\/index.php\/wp-json\/wp\/v2\/media?parent=110583"}],"wp:term":[{"taxonomy":"category","embeddable":true,"href":"https:\/\/fuentesfidedignas.com.mx\/index.php\/wp-json\/wp\/v2\/categories?post=110583"},{"taxonomy":"post_tag","embeddable":true,"href":"https:\/\/fuentesfidedignas.com.mx\/index.php\/wp-json\/wp\/v2\/tags?post=110583"}],"curies":[{"name":"wp","href":"https:\/\/api.w.org\/{rel}","templated":true}]}}