{"id":110556,"date":"2025-06-12T12:51:42","date_gmt":"2025-06-12T19:51:42","guid":{"rendered":"https:\/\/fuentesfidedignas.com.mx\/?p=110556"},"modified":"2025-06-12T12:51:45","modified_gmt":"2025-06-12T19:51:45","slug":"se-protege-flora-y-fauna-en-obras-del-malecon-margen-izquierdo-en-culiacan-destaca-rocha","status":"publish","type":"post","link":"https:\/\/fuentesfidedignas.com.mx\/index.php\/2025\/06\/12\/se-protege-flora-y-fauna-en-obras-del-malecon-margen-izquierdo-en-culiacan-destaca-rocha\/","title":{"rendered":"Se protege flora y fauna en obras del Malec\u00f3n Margen Izquierdo en Culiac\u00e1n, destaca Rocha"},"content":{"rendered":"\n<p><strong><em>El mandatario estatal se\u00f1al\u00f3 que paralelo a la construcci\u00f3n, brigada de ambientalistas laboran en el cuidado y preservaci\u00f3n de flora y fauna riparia.<\/em><\/strong><\/p>\n\n\n\n<p>Culiac\u00e1n, Sin.- Durante la supervisi\u00f3n de la obra Malec\u00f3n Margen Izquierdo en Culiac\u00e1n, El gobernador Rub\u00e9n Rocha Moya se\u00f1al\u00f3 que, a la par de la construcci\u00f3n de este importante proyecto se est\u00e1n tomando todas las medidas necesarias de sustentabilidad y sostenibilidad para disminuir afectaciones y preservar la flora y fauna de la zona, por ello se contrat\u00f3 a la consultor\u00eda de temas ambientales Kappa.<\/p>\n\n\n\n<p>\u201chay una brigada de ambientalistas que est\u00e1n revisando, justamente, cada una de las cosas que tienen que cuidarse en materia del cuidado del medio ambiente tanto de la flora como de la fauna\u201d, sostuvo el mandatario estatal, subrayando que el pr\u00f3ximo lunes, esta consultora acompa\u00f1ada de bi\u00f3logos har\u00e1n un recorrido por el rio Culiac\u00e1n, para hacer evaluaciones del ecosistema.<\/p>\n\n\n\n<p>A decir de la consultora ambiental Paula C\u00e1rdenas, las m\u00e1rgenes del rio Culiac\u00e1n, es el h\u00e1bitat natural de especies como iguanas, algunas serpientes, inclusive se tiene registro de la presencia de un lince, por ello, se protege el ecosistema contiguo a la obra con c\u00e1maras trampa, y si alg\u00fan animal resultara lesionado se le rescata y lleva a un santuario de vida silvestre para resguardo y posterior liberaci\u00f3n.<\/p>\n\n\n\n<p>Con estas acciones, el Gobierno de Sinaloa reitera su compromiso de cuidar, proteger y vigilar la flora y fauna silvestre, conservando los ecosistemas naturales de la entidad.<\/p>\n","protected":false},"excerpt":{"rendered":"<p>El mandatario estatal se\u00f1al\u00f3 que paralelo a la construcci\u00f3n, brigada de ambientalistas laboran en el cuidado y preservaci\u00f3n de flora y fauna riparia. Culiac\u00e1n, Sin.- Durante la supervisi\u00f3n de la obra Malec\u00f3n Margen Izquierdo en Culiac\u00e1n, El gobernador Rub\u00e9n Rocha Moya se\u00f1al\u00f3 que, a la par de la construcci\u00f3n de este importante proyecto se est\u00e1n [&hellip;]<\/p>\n","protected":false},"author":4,"featured_media":110557,"comment_status":"open","ping_status":"open","sticky":false,"template":"","format":"standard","meta":{"tdm_status":"","tdm_grid_status":"","footnotes":""},"categories":[37],"tags":[],"class_list":{"0":"post-110556","1":"post","2":"type-post","3":"status-publish","4":"format-standard","5":"has-post-thumbnail","7":"category-nota-principal"},"yoast_head":"<!-- This site is optimized with the Yoast SEO plugin v27.5 - https:\/\/yoast.com\/product\/yoast-seo-wordpress\/ -->\n<title>Se protege flora y fauna en obras del Malec\u00f3n Margen Izquierdo en Culiac\u00e1n, destaca Rocha - Fuentes Fidedignas<\/title>\n<meta name=\"robots\" content=\"index, follow, max-snippet:-1, max-image-preview:large, max-video-preview:-1\" \/>\n<link rel=\"canonical\" href=\"https:\/\/fuentesfidedignas.com.mx\/index.php\/2025\/06\/12\/se-protege-flora-y-fauna-en-obras-del-malecon-margen-izquierdo-en-culiacan-destaca-rocha\/\" \/>\n<meta property=\"og:locale\" content=\"es_MX\" \/>\n<meta property=\"og:type\" content=\"article\" \/>\n<meta property=\"og:title\" content=\"Se protege flora y fauna en obras del Malec\u00f3n Margen Izquierdo en Culiac\u00e1n, destaca Rocha - Fuentes Fidedignas\" \/>\n<meta property=\"og:description\" content=\"El mandatario estatal se\u00f1al\u00f3 que paralelo a la construcci\u00f3n, brigada de ambientalistas laboran en el cuidado y preservaci\u00f3n de flora y fauna riparia. Culiac\u00e1n, Sin.- Durante la supervisi\u00f3n de la obra Malec\u00f3n Margen Izquierdo en Culiac\u00e1n, El gobernador Rub\u00e9n Rocha Moya se\u00f1al\u00f3 que, a la par de la construcci\u00f3n de este importante proyecto se est\u00e1n [&hellip;]\" \/>\n<meta property=\"og:url\" content=\"https:\/\/fuentesfidedignas.com.mx\/index.php\/2025\/06\/12\/se-protege-flora-y-fauna-en-obras-del-malecon-margen-izquierdo-en-culiacan-destaca-rocha\/\" \/>\n<meta property=\"og:site_name\" content=\"Fuentes Fidedignas\" \/>\n<meta property=\"article:publisher\" content=\"https:\/\/www.facebook.com\/Fuentes-Fidedignas-368234489921644\" \/>\n<meta property=\"article:published_time\" content=\"2025-06-12T19:51:42+00:00\" \/>\n<meta property=\"article:modified_time\" content=\"2025-06-12T19:51:45+00:00\" \/>\n<meta property=\"og:image\" content=\"https:\/\/fuentesfidedignas.com.mx\/wp-content\/uploads\/2025\/06\/WhatsApp-Image-2025-06-12-at-12.08.23-PM.jpeg\" \/>\n\t<meta property=\"og:image:width\" content=\"600\" \/>\n\t<meta property=\"og:image:height\" content=\"400\" \/>\n\t<meta property=\"og:image:type\" content=\"image\/jpeg\" \/>\n<meta name=\"author\" content=\"Redacci\u00f3n\" \/>\n<meta name=\"twitter:card\" content=\"summary_large_image\" \/>\n<meta name=\"twitter:creator\" content=\"@fidedignas\" \/>\n<meta name=\"twitter:site\" content=\"@fidedignas\" \/>\n<meta name=\"twitter:label1\" content=\"Escrito por\" \/>\n\t<meta name=\"twitter:data1\" content=\"Redacci\u00f3n\" \/>\n\t<meta name=\"twitter:label2\" content=\"Tiempo de lectura\" \/>\n\t<meta name=\"twitter:data2\" content=\"2 minutos\" \/>\n<script type=\"application\/ld+json\" class=\"yoast-schema-graph\">{\"@context\":\"https:\\\/\\\/schema.org\",\"@graph\":[{\"@type\":\"Article\",\"@id\":\"https:\\\/\\\/fuentesfidedignas.com.mx\\\/index.php\\\/2025\\\/06\\\/12\\\/se-protege-flora-y-fauna-en-obras-del-malecon-margen-izquierdo-en-culiacan-destaca-rocha\\\/#article\",\"isPartOf\":{\"@id\":\"https:\\\/\\\/fuentesfidedignas.com.mx\\\/index.php\\\/2025\\\/06\\\/12\\\/se-protege-flora-y-fauna-en-obras-del-malecon-margen-izquierdo-en-culiacan-destaca-rocha\\\/\"},\"author\":{\"name\":\"Redacci\u00f3n\",\"@id\":\"https:\\\/\\\/fuentesfidedignas.com.mx\\\/#\\\/schema\\\/person\\\/331be9283d37198e2acd5750279085b0\"},\"headline\":\"Se protege flora y fauna en obras del Malec\u00f3n Margen Izquierdo en Culiac\u00e1n, destaca Rocha\",\"datePublished\":\"2025-06-12T19:51:42+00:00\",\"dateModified\":\"2025-06-12T19:51:45+00:00\",\"mainEntityOfPage\":{\"@id\":\"https:\\\/\\\/fuentesfidedignas.com.mx\\\/index.php\\\/2025\\\/06\\\/12\\\/se-protege-flora-y-fauna-en-obras-del-malecon-margen-izquierdo-en-culiacan-destaca-rocha\\\/\"},\"wordCount\":284,\"commentCount\":0,\"publisher\":{\"@id\":\"https:\\\/\\\/fuentesfidedignas.com.mx\\\/#organization\"},\"image\":{\"@id\":\"https:\\\/\\\/fuentesfidedignas.com.mx\\\/index.php\\\/2025\\\/06\\\/12\\\/se-protege-flora-y-fauna-en-obras-del-malecon-margen-izquierdo-en-culiacan-destaca-rocha\\\/#primaryimage\"},\"thumbnailUrl\":\"https:\\\/\\\/fuentesfidedignas.com.mx\\\/wp-content\\\/uploads\\\/2025\\\/06\\\/WhatsApp-Image-2025-06-12-at-12.08.23-PM.jpeg\",\"articleSection\":[\"NOTA PRINCIPAL\"],\"inLanguage\":\"es\",\"potentialAction\":[{\"@type\":\"CommentAction\",\"name\":\"Comment\",\"target\":[\"https:\\\/\\\/fuentesfidedignas.com.mx\\\/index.php\\\/2025\\\/06\\\/12\\\/se-protege-flora-y-fauna-en-obras-del-malecon-margen-izquierdo-en-culiacan-destaca-rocha\\\/#respond\"]}]},{\"@type\":\"WebPage\",\"@id\":\"https:\\\/\\\/fuentesfidedignas.com.mx\\\/index.php\\\/2025\\\/06\\\/12\\\/se-protege-flora-y-fauna-en-obras-del-malecon-margen-izquierdo-en-culiacan-destaca-rocha\\\/\",\"url\":\"https:\\\/\\\/fuentesfidedignas.com.mx\\\/index.php\\\/2025\\\/06\\\/12\\\/se-protege-flora-y-fauna-en-obras-del-malecon-margen-izquierdo-en-culiacan-destaca-rocha\\\/\",\"name\":\"Se protege flora y fauna en obras del Malec\u00f3n Margen Izquierdo en Culiac\u00e1n, destaca Rocha - Fuentes Fidedignas\",\"isPartOf\":{\"@id\":\"https:\\\/\\\/fuentesfidedignas.com.mx\\\/#website\"},\"primaryImageOfPage\":{\"@id\":\"https:\\\/\\\/fuentesfidedignas.com.mx\\\/index.php\\\/2025\\\/06\\\/12\\\/se-protege-flora-y-fauna-en-obras-del-malecon-margen-izquierdo-en-culiacan-destaca-rocha\\\/#primaryimage\"},\"image\":{\"@id\":\"https:\\\/\\\/fuentesfidedignas.com.mx\\\/index.php\\\/2025\\\/06\\\/12\\\/se-protege-flora-y-fauna-en-obras-del-malecon-margen-izquierdo-en-culiacan-destaca-rocha\\\/#primaryimage\"},\"thumbnailUrl\":\"https:\\\/\\\/fuentesfidedignas.com.mx\\\/wp-content\\\/uploads\\\/2025\\\/06\\\/WhatsApp-Image-2025-06-12-at-12.08.23-PM.jpeg\",\"datePublished\":\"2025-06-12T19:51:42+00:00\",\"dateModified\":\"2025-06-12T19:51:45+00:00\",\"breadcrumb\":{\"@id\":\"https:\\\/\\\/fuentesfidedignas.com.mx\\\/index.php\\\/2025\\\/06\\\/12\\\/se-protege-flora-y-fauna-en-obras-del-malecon-margen-izquierdo-en-culiacan-destaca-rocha\\\/#breadcrumb\"},\"inLanguage\":\"es\",\"potentialAction\":[{\"@type\":\"ReadAction\",\"target\":[\"https:\\\/\\\/fuentesfidedignas.com.mx\\\/index.php\\\/2025\\\/06\\\/12\\\/se-protege-flora-y-fauna-en-obras-del-malecon-margen-izquierdo-en-culiacan-destaca-rocha\\\/\"]}]},{\"@type\":\"ImageObject\",\"inLanguage\":\"es\",\"@id\":\"https:\\\/\\\/fuentesfidedignas.com.mx\\\/index.php\\\/2025\\\/06\\\/12\\\/se-protege-flora-y-fauna-en-obras-del-malecon-margen-izquierdo-en-culiacan-destaca-rocha\\\/#primaryimage\",\"url\":\"https:\\\/\\\/fuentesfidedignas.com.mx\\\/wp-content\\\/uploads\\\/2025\\\/06\\\/WhatsApp-Image-2025-06-12-at-12.08.23-PM.jpeg\",\"contentUrl\":\"https:\\\/\\\/fuentesfidedignas.com.mx\\\/wp-content\\\/uploads\\\/2025\\\/06\\\/WhatsApp-Image-2025-06-12-at-12.08.23-PM.jpeg\",\"width\":600,\"height\":400},{\"@type\":\"BreadcrumbList\",\"@id\":\"https:\\\/\\\/fuentesfidedignas.com.mx\\\/index.php\\\/2025\\\/06\\\/12\\\/se-protege-flora-y-fauna-en-obras-del-malecon-margen-izquierdo-en-culiacan-destaca-rocha\\\/#breadcrumb\",\"itemListElement\":[{\"@type\":\"ListItem\",\"position\":1,\"name\":\"Inicio\",\"item\":\"https:\\\/\\\/fuentesfidedignas.com.mx\\\/\"},{\"@type\":\"ListItem\",\"position\":2,\"name\":\"Se protege flora y fauna en obras del Malec\u00f3n Margen Izquierdo en Culiac\u00e1n, destaca Rocha\"}]},{\"@type\":\"WebSite\",\"@id\":\"https:\\\/\\\/fuentesfidedignas.com.mx\\\/#website\",\"url\":\"https:\\\/\\\/fuentesfidedignas.com.mx\\\/\",\"name\":\"Fuentes Fidedignas\",\"description\":\"Otro sitio realizado con WordPress\",\"publisher\":{\"@id\":\"https:\\\/\\\/fuentesfidedignas.com.mx\\\/#organization\"},\"potentialAction\":[{\"@type\":\"SearchAction\",\"target\":{\"@type\":\"EntryPoint\",\"urlTemplate\":\"https:\\\/\\\/fuentesfidedignas.com.mx\\\/?s={search_term_string}\"},\"query-input\":{\"@type\":\"PropertyValueSpecification\",\"valueRequired\":true,\"valueName\":\"search_term_string\"}}],\"inLanguage\":\"es\"},{\"@type\":\"Organization\",\"@id\":\"https:\\\/\\\/fuentesfidedignas.com.mx\\\/#organization\",\"name\":\"Fuentes Fidedignas\",\"url\":\"https:\\\/\\\/fuentesfidedignas.com.mx\\\/\",\"logo\":{\"@type\":\"ImageObject\",\"inLanguage\":\"es\",\"@id\":\"https:\\\/\\\/fuentesfidedignas.com.mx\\\/#\\\/schema\\\/logo\\\/image\\\/\",\"url\":\"https:\\\/\\\/fuentesfidedignas.com.mx\\\/wp-content\\\/uploads\\\/2021\\\/04\\\/logo-retina.png\",\"contentUrl\":\"https:\\\/\\\/fuentesfidedignas.com.mx\\\/wp-content\\\/uploads\\\/2021\\\/04\\\/logo-retina.png\",\"width\":280,\"height\":51,\"caption\":\"Fuentes Fidedignas\"},\"image\":{\"@id\":\"https:\\\/\\\/fuentesfidedignas.com.mx\\\/#\\\/schema\\\/logo\\\/image\\\/\"},\"sameAs\":[\"https:\\\/\\\/www.facebook.com\\\/Fuentes-Fidedignas-368234489921644\",\"https:\\\/\\\/x.com\\\/fidedignas\"]},{\"@type\":\"Person\",\"@id\":\"https:\\\/\\\/fuentesfidedignas.com.mx\\\/#\\\/schema\\\/person\\\/331be9283d37198e2acd5750279085b0\",\"name\":\"Redacci\u00f3n\",\"image\":{\"@type\":\"ImageObject\",\"inLanguage\":\"es\",\"@id\":\"https:\\\/\\\/secure.gravatar.com\\\/avatar\\\/f6d8782c11d12b2d4ad3fbb6931aeab5309937a4d6cd2fc9cfaa28a6396a5aec?s=96&d=mm&r=g\",\"url\":\"https:\\\/\\\/secure.gravatar.com\\\/avatar\\\/f6d8782c11d12b2d4ad3fbb6931aeab5309937a4d6cd2fc9cfaa28a6396a5aec?s=96&d=mm&r=g\",\"contentUrl\":\"https:\\\/\\\/secure.gravatar.com\\\/avatar\\\/f6d8782c11d12b2d4ad3fbb6931aeab5309937a4d6cd2fc9cfaa28a6396a5aec?s=96&d=mm&r=g\",\"caption\":\"Redacci\u00f3n\"},\"url\":\"https:\\\/\\\/fuentesfidedignas.com.mx\\\/index.php\\\/author\\\/redaccion\\\/\"}]}<\/script>\n<!-- \/ Yoast SEO plugin. -->","yoast_head_json":{"title":"Se protege flora y fauna en obras del Malec\u00f3n Margen Izquierdo en Culiac\u00e1n, destaca Rocha - Fuentes Fidedignas","robots":{"index":"index","follow":"follow","max-snippet":"max-snippet:-1","max-image-preview":"max-image-preview:large","max-video-preview":"max-video-preview:-1"},"canonical":"https:\/\/fuentesfidedignas.com.mx\/index.php\/2025\/06\/12\/se-protege-flora-y-fauna-en-obras-del-malecon-margen-izquierdo-en-culiacan-destaca-rocha\/","og_locale":"es_MX","og_type":"article","og_title":"Se protege flora y fauna en obras del Malec\u00f3n Margen Izquierdo en Culiac\u00e1n, destaca Rocha - Fuentes Fidedignas","og_description":"El mandatario estatal se\u00f1al\u00f3 que paralelo a la construcci\u00f3n, brigada de ambientalistas laboran en el cuidado y preservaci\u00f3n de flora y fauna riparia. Culiac\u00e1n, Sin.- Durante la supervisi\u00f3n de la obra Malec\u00f3n Margen Izquierdo en Culiac\u00e1n, El gobernador Rub\u00e9n Rocha Moya se\u00f1al\u00f3 que, a la par de la construcci\u00f3n de este importante proyecto se est\u00e1n [&hellip;]","og_url":"https:\/\/fuentesfidedignas.com.mx\/index.php\/2025\/06\/12\/se-protege-flora-y-fauna-en-obras-del-malecon-margen-izquierdo-en-culiacan-destaca-rocha\/","og_site_name":"Fuentes Fidedignas","article_publisher":"https:\/\/www.facebook.com\/Fuentes-Fidedignas-368234489921644","article_published_time":"2025-06-12T19:51:42+00:00","article_modified_time":"2025-06-12T19:51:45+00:00","og_image":[{"width":600,"height":400,"url":"https:\/\/fuentesfidedignas.com.mx\/wp-content\/uploads\/2025\/06\/WhatsApp-Image-2025-06-12-at-12.08.23-PM.jpeg","type":"image\/jpeg"}],"author":"Redacci\u00f3n","twitter_card":"summary_large_image","twitter_creator":"@fidedignas","twitter_site":"@fidedignas","twitter_misc":{"Escrito por":"Redacci\u00f3n","Tiempo de lectura":"2 minutos"},"schema":{"@context":"https:\/\/schema.org","@graph":[{"@type":"Article","@id":"https:\/\/fuentesfidedignas.com.mx\/index.php\/2025\/06\/12\/se-protege-flora-y-fauna-en-obras-del-malecon-margen-izquierdo-en-culiacan-destaca-rocha\/#article","isPartOf":{"@id":"https:\/\/fuentesfidedignas.com.mx\/index.php\/2025\/06\/12\/se-protege-flora-y-fauna-en-obras-del-malecon-margen-izquierdo-en-culiacan-destaca-rocha\/"},"author":{"name":"Redacci\u00f3n","@id":"https:\/\/fuentesfidedignas.com.mx\/#\/schema\/person\/331be9283d37198e2acd5750279085b0"},"headline":"Se protege flora y fauna en obras del Malec\u00f3n Margen Izquierdo en Culiac\u00e1n, destaca Rocha","datePublished":"2025-06-12T19:51:42+00:00","dateModified":"2025-06-12T19:51:45+00:00","mainEntityOfPage":{"@id":"https:\/\/fuentesfidedignas.com.mx\/index.php\/2025\/06\/12\/se-protege-flora-y-fauna-en-obras-del-malecon-margen-izquierdo-en-culiacan-destaca-rocha\/"},"wordCount":284,"commentCount":0,"publisher":{"@id":"https:\/\/fuentesfidedignas.com.mx\/#organization"},"image":{"@id":"https:\/\/fuentesfidedignas.com.mx\/index.php\/2025\/06\/12\/se-protege-flora-y-fauna-en-obras-del-malecon-margen-izquierdo-en-culiacan-destaca-rocha\/#primaryimage"},"thumbnailUrl":"https:\/\/fuentesfidedignas.com.mx\/wp-content\/uploads\/2025\/06\/WhatsApp-Image-2025-06-12-at-12.08.23-PM.jpeg","articleSection":["NOTA PRINCIPAL"],"inLanguage":"es","potentialAction":[{"@type":"CommentAction","name":"Comment","target":["https:\/\/fuentesfidedignas.com.mx\/index.php\/2025\/06\/12\/se-protege-flora-y-fauna-en-obras-del-malecon-margen-izquierdo-en-culiacan-destaca-rocha\/#respond"]}]},{"@type":"WebPage","@id":"https:\/\/fuentesfidedignas.com.mx\/index.php\/2025\/06\/12\/se-protege-flora-y-fauna-en-obras-del-malecon-margen-izquierdo-en-culiacan-destaca-rocha\/","url":"https:\/\/fuentesfidedignas.com.mx\/index.php\/2025\/06\/12\/se-protege-flora-y-fauna-en-obras-del-malecon-margen-izquierdo-en-culiacan-destaca-rocha\/","name":"Se protege flora y fauna en obras del Malec\u00f3n Margen Izquierdo en Culiac\u00e1n, destaca Rocha - Fuentes Fidedignas","isPartOf":{"@id":"https:\/\/fuentesfidedignas.com.mx\/#website"},"primaryImageOfPage":{"@id":"https:\/\/fuentesfidedignas.com.mx\/index.php\/2025\/06\/12\/se-protege-flora-y-fauna-en-obras-del-malecon-margen-izquierdo-en-culiacan-destaca-rocha\/#primaryimage"},"image":{"@id":"https:\/\/fuentesfidedignas.com.mx\/index.php\/2025\/06\/12\/se-protege-flora-y-fauna-en-obras-del-malecon-margen-izquierdo-en-culiacan-destaca-rocha\/#primaryimage"},"thumbnailUrl":"https:\/\/fuentesfidedignas.com.mx\/wp-content\/uploads\/2025\/06\/WhatsApp-Image-2025-06-12-at-12.08.23-PM.jpeg","datePublished":"2025-06-12T19:51:42+00:00","dateModified":"2025-06-12T19:51:45+00:00","breadcrumb":{"@id":"https:\/\/fuentesfidedignas.com.mx\/index.php\/2025\/06\/12\/se-protege-flora-y-fauna-en-obras-del-malecon-margen-izquierdo-en-culiacan-destaca-rocha\/#breadcrumb"},"inLanguage":"es","potentialAction":[{"@type":"ReadAction","target":["https:\/\/fuentesfidedignas.com.mx\/index.php\/2025\/06\/12\/se-protege-flora-y-fauna-en-obras-del-malecon-margen-izquierdo-en-culiacan-destaca-rocha\/"]}]},{"@type":"ImageObject","inLanguage":"es","@id":"https:\/\/fuentesfidedignas.com.mx\/index.php\/2025\/06\/12\/se-protege-flora-y-fauna-en-obras-del-malecon-margen-izquierdo-en-culiacan-destaca-rocha\/#primaryimage","url":"https:\/\/fuentesfidedignas.com.mx\/wp-content\/uploads\/2025\/06\/WhatsApp-Image-2025-06-12-at-12.08.23-PM.jpeg","contentUrl":"https:\/\/fuentesfidedignas.com.mx\/wp-content\/uploads\/2025\/06\/WhatsApp-Image-2025-06-12-at-12.08.23-PM.jpeg","width":600,"height":400},{"@type":"BreadcrumbList","@id":"https:\/\/fuentesfidedignas.com.mx\/index.php\/2025\/06\/12\/se-protege-flora-y-fauna-en-obras-del-malecon-margen-izquierdo-en-culiacan-destaca-rocha\/#breadcrumb","itemListElement":[{"@type":"ListItem","position":1,"name":"Inicio","item":"https:\/\/fuentesfidedignas.com.mx\/"},{"@type":"ListItem","position":2,"name":"Se protege flora y fauna en obras del Malec\u00f3n Margen Izquierdo en Culiac\u00e1n, destaca Rocha"}]},{"@type":"WebSite","@id":"https:\/\/fuentesfidedignas.com.mx\/#website","url":"https:\/\/fuentesfidedignas.com.mx\/","name":"Fuentes Fidedignas","description":"Otro sitio realizado con WordPress","publisher":{"@id":"https:\/\/fuentesfidedignas.com.mx\/#organization"},"potentialAction":[{"@type":"SearchAction","target":{"@type":"EntryPoint","urlTemplate":"https:\/\/fuentesfidedignas.com.mx\/?s={search_term_string}"},"query-input":{"@type":"PropertyValueSpecification","valueRequired":true,"valueName":"search_term_string"}}],"inLanguage":"es"},{"@type":"Organization","@id":"https:\/\/fuentesfidedignas.com.mx\/#organization","name":"Fuentes Fidedignas","url":"https:\/\/fuentesfidedignas.com.mx\/","logo":{"@type":"ImageObject","inLanguage":"es","@id":"https:\/\/fuentesfidedignas.com.mx\/#\/schema\/logo\/image\/","url":"https:\/\/fuentesfidedignas.com.mx\/wp-content\/uploads\/2021\/04\/logo-retina.png","contentUrl":"https:\/\/fuentesfidedignas.com.mx\/wp-content\/uploads\/2021\/04\/logo-retina.png","width":280,"height":51,"caption":"Fuentes Fidedignas"},"image":{"@id":"https:\/\/fuentesfidedignas.com.mx\/#\/schema\/logo\/image\/"},"sameAs":["https:\/\/www.facebook.com\/Fuentes-Fidedignas-368234489921644","https:\/\/x.com\/fidedignas"]},{"@type":"Person","@id":"https:\/\/fuentesfidedignas.com.mx\/#\/schema\/person\/331be9283d37198e2acd5750279085b0","name":"Redacci\u00f3n","image":{"@type":"ImageObject","inLanguage":"es","@id":"https:\/\/secure.gravatar.com\/avatar\/f6d8782c11d12b2d4ad3fbb6931aeab5309937a4d6cd2fc9cfaa28a6396a5aec?s=96&d=mm&r=g","url":"https:\/\/secure.gravatar.com\/avatar\/f6d8782c11d12b2d4ad3fbb6931aeab5309937a4d6cd2fc9cfaa28a6396a5aec?s=96&d=mm&r=g","contentUrl":"https:\/\/secure.gravatar.com\/avatar\/f6d8782c11d12b2d4ad3fbb6931aeab5309937a4d6cd2fc9cfaa28a6396a5aec?s=96&d=mm&r=g","caption":"Redacci\u00f3n"},"url":"https:\/\/fuentesfidedignas.com.mx\/index.php\/author\/redaccion\/"}]}},"_links":{"self":[{"href":"https:\/\/fuentesfidedignas.com.mx\/index.php\/wp-json\/wp\/v2\/posts\/110556","targetHints":{"allow":["GET"]}}],"collection":[{"href":"https:\/\/fuentesfidedignas.com.mx\/index.php\/wp-json\/wp\/v2\/posts"}],"about":[{"href":"https:\/\/fuentesfidedignas.com.mx\/index.php\/wp-json\/wp\/v2\/types\/post"}],"author":[{"embeddable":true,"href":"https:\/\/fuentesfidedignas.com.mx\/index.php\/wp-json\/wp\/v2\/users\/4"}],"replies":[{"embeddable":true,"href":"https:\/\/fuentesfidedignas.com.mx\/index.php\/wp-json\/wp\/v2\/comments?post=110556"}],"version-history":[{"count":1,"href":"https:\/\/fuentesfidedignas.com.mx\/index.php\/wp-json\/wp\/v2\/posts\/110556\/revisions"}],"predecessor-version":[{"id":110558,"href":"https:\/\/fuentesfidedignas.com.mx\/index.php\/wp-json\/wp\/v2\/posts\/110556\/revisions\/110558"}],"wp:featuredmedia":[{"embeddable":true,"href":"https:\/\/fuentesfidedignas.com.mx\/index.php\/wp-json\/wp\/v2\/media\/110557"}],"wp:attachment":[{"href":"https:\/\/fuentesfidedignas.com.mx\/index.php\/wp-json\/wp\/v2\/media?parent=110556"}],"wp:term":[{"taxonomy":"category","embeddable":true,"href":"https:\/\/fuentesfidedignas.com.mx\/index.php\/wp-json\/wp\/v2\/categories?post=110556"},{"taxonomy":"post_tag","embeddable":true,"href":"https:\/\/fuentesfidedignas.com.mx\/index.php\/wp-json\/wp\/v2\/tags?post=110556"}],"curies":[{"name":"wp","href":"https:\/\/api.w.org\/{rel}","templated":true}]}}