{"id":110525,"date":"2025-06-12T08:29:35","date_gmt":"2025-06-12T15:29:35","guid":{"rendered":"https:\/\/fuentesfidedignas.com.mx\/?p=110525"},"modified":"2025-06-12T08:29:35","modified_gmt":"2025-06-12T15:29:35","slug":"avion-se-estrella-con-242-pasajeros-en-india-autoridades-estiman-que-no-hay-sobrevivientes","status":"publish","type":"post","link":"https:\/\/fuentesfidedignas.com.mx\/index.php\/2025\/06\/12\/avion-se-estrella-con-242-pasajeros-en-india-autoridades-estiman-que-no-hay-sobrevivientes\/","title":{"rendered":"Avi\u00f3n se estrella con 242 pasajeros en India; autoridades estiman que no hay sobrevivientes"},"content":{"rendered":"\n<p><\/p>\n\n\n\n<p><strong><em>Un avi\u00f3n Boeing 787-8 de Air India con 242 pasajeros se estrell\u00f3 en una zona residencial de la ciudad de Ahmedabad, India<\/em><\/strong><\/p>\n\n\n\n<p><br>Un avi\u00f3n Boeing 787-8 Dreamliner de la compa\u00f1\u00eda Air India con 242 personas a bordo se estrell\u00f3 este jueves 12 de junio en el per\u00edmetro del aeropuerto de Ahmedabad, ciudad ubicada en el oeste de India, sin rastro de sobrevivientes seg\u00fan detallaron fuentes a la agencia EFE.<\/p>\n\n\n\n<p>De los pasajeros, al menos 169 eran ciudadanos indios, 53 brit\u00e1nicos, siete portugueses y un canadiense.<\/p>\n\n\n\n<p>\u201cEl vuelo, que despeg\u00f3 de Ahmedabad a las 13:38 h, transportaba a 242 pasajeros y tripulantes a bordo del Boeing 787-8. Del pasaje 169 eran ciudadanos indios, 53 brit\u00e1nicos, 1 canadiense y 7 portugueses\u201d, indic\u00f3 la aerol\u00ednea en un comunicado.<\/p>\n\n\n\n<p>La aerol\u00ednea confirm\u00f3 que el Boeing 787-8, que operaba el vuelo AI-171 con destino a Londres-Gatwick, transportaba a 230 pasajeros y 12 miembros de la tripulaci\u00f3n.<\/p>\n\n\n\n<p>El Boeing se dirig\u00eda a Londres cuando se precipit\u00f3 a tierra minutos despu\u00e9s de despegar.<\/p>\n\n\n\n<p>La tripulaci\u00f3n hab\u00eda emitido una llamada de emergencia \u00abMAYDAY\u00bb momentos antes de que se perdiera el contacto.<\/p>\n\n\n\n<p>Los equipos de emergencia que trabajan en la zona del siniestro del vuelo AI171 de Air India en la ciudad de Ahmedabad no han encontrado rastro de supervivientes entre las 242 personas que viajaban a bordo, seg\u00fan confirmaron a EFE fuentes del operativo de rescate.<\/p>\n\n\n\n<p>Con las b\u00fasquedas todav\u00eda en marcha entre los restos del fuselaje, de momento \u201cno hay rastro de supervivientes\u201d, afirm\u00f3 una fuente de los equipos de rescate que pidi\u00f3 mantener el anonimato.<\/p>\n\n\n\n<p>La misma fuente precis\u00f3 que las labores contin\u00faan en la zona pero que las esperanzas de hallar personas con vida ya son muy bajas, mientras que decenas de cuerpos han sido recuperados del lugar del siniestro.<\/p>\n\n\n\n<p>Adem\u00e1s, al menos cinco personas murieron y varias resultaron heridas despu\u00e9s de que el avi\u00f3n se estrellara contra una residencia de estudiantes de medicina en la ciudad de Ahmedabad.<\/p>\n\n\n\n<p>Las v\u00edctimas mortales son cuatro estudiantes de grado y un m\u00e9dico residente del BJ Medical College, que se encontraban en el edificio en el momento del impacto, inform\u00f3 la cadena de noticias india NDTV.<\/p>\n\n\n\n<p><\/p>\n","protected":false},"excerpt":{"rendered":"<p>Un avi\u00f3n Boeing 787-8 de Air India con 242 pasajeros se estrell\u00f3 en una zona residencial de la ciudad de Ahmedabad, India Un avi\u00f3n Boeing 787-8 Dreamliner de la compa\u00f1\u00eda Air India con 242 personas a bordo se estrell\u00f3 este jueves 12 de junio en el per\u00edmetro del aeropuerto de Ahmedabad, ciudad ubicada en el [&hellip;]<\/p>\n","protected":false},"author":22,"featured_media":110524,"comment_status":"closed","ping_status":"open","sticky":false,"template":"","format":"standard","meta":{"tdm_status":"","tdm_grid_status":"","footnotes":""},"categories":[39],"tags":[],"class_list":{"0":"post-110525","1":"post","2":"type-post","3":"status-publish","4":"format-standard","5":"has-post-thumbnail","7":"category-noticias-nacionales"},"yoast_head":"<!-- This site is optimized with the Yoast SEO plugin v27.5 - https:\/\/yoast.com\/product\/yoast-seo-wordpress\/ -->\n<title>Avi\u00f3n se estrella con 242 pasajeros en India; autoridades estiman que no hay sobrevivientes - Fuentes Fidedignas<\/title>\n<meta name=\"robots\" content=\"index, follow, max-snippet:-1, max-image-preview:large, max-video-preview:-1\" \/>\n<link rel=\"canonical\" href=\"https:\/\/fuentesfidedignas.com.mx\/index.php\/2025\/06\/12\/avion-se-estrella-con-242-pasajeros-en-india-autoridades-estiman-que-no-hay-sobrevivientes\/\" \/>\n<meta property=\"og:locale\" content=\"es_MX\" \/>\n<meta property=\"og:type\" content=\"article\" \/>\n<meta property=\"og:title\" content=\"Avi\u00f3n se estrella con 242 pasajeros en India; autoridades estiman que no hay sobrevivientes - Fuentes Fidedignas\" \/>\n<meta property=\"og:description\" content=\"Un avi\u00f3n Boeing 787-8 de Air India con 242 pasajeros se estrell\u00f3 en una zona residencial de la ciudad de Ahmedabad, India Un avi\u00f3n Boeing 787-8 Dreamliner de la compa\u00f1\u00eda Air India con 242 personas a bordo se estrell\u00f3 este jueves 12 de junio en el per\u00edmetro del aeropuerto de Ahmedabad, ciudad ubicada en el [&hellip;]\" \/>\n<meta property=\"og:url\" content=\"https:\/\/fuentesfidedignas.com.mx\/index.php\/2025\/06\/12\/avion-se-estrella-con-242-pasajeros-en-india-autoridades-estiman-que-no-hay-sobrevivientes\/\" \/>\n<meta property=\"og:site_name\" content=\"Fuentes Fidedignas\" \/>\n<meta property=\"article:publisher\" content=\"https:\/\/www.facebook.com\/Fuentes-Fidedignas-368234489921644\" \/>\n<meta property=\"article:published_time\" content=\"2025-06-12T15:29:35+00:00\" \/>\n<meta property=\"og:image\" content=\"https:\/\/fuentesfidedignas.com.mx\/wp-content\/uploads\/2025\/06\/img_6875-1.jpg\" \/>\n\t<meta property=\"og:image:width\" content=\"1536\" \/>\n\t<meta property=\"og:image:height\" content=\"1025\" \/>\n\t<meta property=\"og:image:type\" content=\"image\/jpeg\" \/>\n<meta name=\"author\" content=\"EFE\" \/>\n<meta name=\"twitter:card\" content=\"summary_large_image\" \/>\n<meta name=\"twitter:creator\" content=\"@fidedignas\" \/>\n<meta name=\"twitter:site\" content=\"@fidedignas\" \/>\n<meta name=\"twitter:label1\" content=\"Escrito por\" \/>\n\t<meta name=\"twitter:data1\" content=\"EFE\" \/>\n\t<meta name=\"twitter:label2\" content=\"Tiempo de lectura\" \/>\n\t<meta name=\"twitter:data2\" content=\"2 minutos\" \/>\n<script type=\"application\/ld+json\" class=\"yoast-schema-graph\">{\"@context\":\"https:\\\/\\\/schema.org\",\"@graph\":[{\"@type\":\"Article\",\"@id\":\"https:\\\/\\\/fuentesfidedignas.com.mx\\\/index.php\\\/2025\\\/06\\\/12\\\/avion-se-estrella-con-242-pasajeros-en-india-autoridades-estiman-que-no-hay-sobrevivientes\\\/#article\",\"isPartOf\":{\"@id\":\"https:\\\/\\\/fuentesfidedignas.com.mx\\\/index.php\\\/2025\\\/06\\\/12\\\/avion-se-estrella-con-242-pasajeros-en-india-autoridades-estiman-que-no-hay-sobrevivientes\\\/\"},\"author\":{\"name\":\"EFE\",\"@id\":\"https:\\\/\\\/fuentesfidedignas.com.mx\\\/#\\\/schema\\\/person\\\/0d44615087b5a626d5d3f13afe31ac41\"},\"headline\":\"Avi\u00f3n se estrella con 242 pasajeros en India; autoridades estiman que no hay sobrevivientes\",\"datePublished\":\"2025-06-12T15:29:35+00:00\",\"mainEntityOfPage\":{\"@id\":\"https:\\\/\\\/fuentesfidedignas.com.mx\\\/index.php\\\/2025\\\/06\\\/12\\\/avion-se-estrella-con-242-pasajeros-en-india-autoridades-estiman-que-no-hay-sobrevivientes\\\/\"},\"wordCount\":381,\"publisher\":{\"@id\":\"https:\\\/\\\/fuentesfidedignas.com.mx\\\/#organization\"},\"image\":{\"@id\":\"https:\\\/\\\/fuentesfidedignas.com.mx\\\/index.php\\\/2025\\\/06\\\/12\\\/avion-se-estrella-con-242-pasajeros-en-india-autoridades-estiman-que-no-hay-sobrevivientes\\\/#primaryimage\"},\"thumbnailUrl\":\"https:\\\/\\\/fuentesfidedignas.com.mx\\\/wp-content\\\/uploads\\\/2025\\\/06\\\/img_6875-1.jpg\",\"articleSection\":[\"NOTICIAS NACIONALES\"],\"inLanguage\":\"es\"},{\"@type\":\"WebPage\",\"@id\":\"https:\\\/\\\/fuentesfidedignas.com.mx\\\/index.php\\\/2025\\\/06\\\/12\\\/avion-se-estrella-con-242-pasajeros-en-india-autoridades-estiman-que-no-hay-sobrevivientes\\\/\",\"url\":\"https:\\\/\\\/fuentesfidedignas.com.mx\\\/index.php\\\/2025\\\/06\\\/12\\\/avion-se-estrella-con-242-pasajeros-en-india-autoridades-estiman-que-no-hay-sobrevivientes\\\/\",\"name\":\"Avi\u00f3n se estrella con 242 pasajeros en India; autoridades estiman que no hay sobrevivientes - Fuentes Fidedignas\",\"isPartOf\":{\"@id\":\"https:\\\/\\\/fuentesfidedignas.com.mx\\\/#website\"},\"primaryImageOfPage\":{\"@id\":\"https:\\\/\\\/fuentesfidedignas.com.mx\\\/index.php\\\/2025\\\/06\\\/12\\\/avion-se-estrella-con-242-pasajeros-en-india-autoridades-estiman-que-no-hay-sobrevivientes\\\/#primaryimage\"},\"image\":{\"@id\":\"https:\\\/\\\/fuentesfidedignas.com.mx\\\/index.php\\\/2025\\\/06\\\/12\\\/avion-se-estrella-con-242-pasajeros-en-india-autoridades-estiman-que-no-hay-sobrevivientes\\\/#primaryimage\"},\"thumbnailUrl\":\"https:\\\/\\\/fuentesfidedignas.com.mx\\\/wp-content\\\/uploads\\\/2025\\\/06\\\/img_6875-1.jpg\",\"datePublished\":\"2025-06-12T15:29:35+00:00\",\"breadcrumb\":{\"@id\":\"https:\\\/\\\/fuentesfidedignas.com.mx\\\/index.php\\\/2025\\\/06\\\/12\\\/avion-se-estrella-con-242-pasajeros-en-india-autoridades-estiman-que-no-hay-sobrevivientes\\\/#breadcrumb\"},\"inLanguage\":\"es\",\"potentialAction\":[{\"@type\":\"ReadAction\",\"target\":[\"https:\\\/\\\/fuentesfidedignas.com.mx\\\/index.php\\\/2025\\\/06\\\/12\\\/avion-se-estrella-con-242-pasajeros-en-india-autoridades-estiman-que-no-hay-sobrevivientes\\\/\"]}]},{\"@type\":\"ImageObject\",\"inLanguage\":\"es\",\"@id\":\"https:\\\/\\\/fuentesfidedignas.com.mx\\\/index.php\\\/2025\\\/06\\\/12\\\/avion-se-estrella-con-242-pasajeros-en-india-autoridades-estiman-que-no-hay-sobrevivientes\\\/#primaryimage\",\"url\":\"https:\\\/\\\/fuentesfidedignas.com.mx\\\/wp-content\\\/uploads\\\/2025\\\/06\\\/img_6875-1.jpg\",\"contentUrl\":\"https:\\\/\\\/fuentesfidedignas.com.mx\\\/wp-content\\\/uploads\\\/2025\\\/06\\\/img_6875-1.jpg\",\"width\":1536,\"height\":1025},{\"@type\":\"BreadcrumbList\",\"@id\":\"https:\\\/\\\/fuentesfidedignas.com.mx\\\/index.php\\\/2025\\\/06\\\/12\\\/avion-se-estrella-con-242-pasajeros-en-india-autoridades-estiman-que-no-hay-sobrevivientes\\\/#breadcrumb\",\"itemListElement\":[{\"@type\":\"ListItem\",\"position\":1,\"name\":\"Inicio\",\"item\":\"https:\\\/\\\/fuentesfidedignas.com.mx\\\/\"},{\"@type\":\"ListItem\",\"position\":2,\"name\":\"Avi\u00f3n se estrella con 242 pasajeros en India; autoridades estiman que no hay sobrevivientes\"}]},{\"@type\":\"WebSite\",\"@id\":\"https:\\\/\\\/fuentesfidedignas.com.mx\\\/#website\",\"url\":\"https:\\\/\\\/fuentesfidedignas.com.mx\\\/\",\"name\":\"Fuentes Fidedignas\",\"description\":\"Otro sitio realizado con WordPress\",\"publisher\":{\"@id\":\"https:\\\/\\\/fuentesfidedignas.com.mx\\\/#organization\"},\"potentialAction\":[{\"@type\":\"SearchAction\",\"target\":{\"@type\":\"EntryPoint\",\"urlTemplate\":\"https:\\\/\\\/fuentesfidedignas.com.mx\\\/?s={search_term_string}\"},\"query-input\":{\"@type\":\"PropertyValueSpecification\",\"valueRequired\":true,\"valueName\":\"search_term_string\"}}],\"inLanguage\":\"es\"},{\"@type\":\"Organization\",\"@id\":\"https:\\\/\\\/fuentesfidedignas.com.mx\\\/#organization\",\"name\":\"Fuentes Fidedignas\",\"url\":\"https:\\\/\\\/fuentesfidedignas.com.mx\\\/\",\"logo\":{\"@type\":\"ImageObject\",\"inLanguage\":\"es\",\"@id\":\"https:\\\/\\\/fuentesfidedignas.com.mx\\\/#\\\/schema\\\/logo\\\/image\\\/\",\"url\":\"https:\\\/\\\/fuentesfidedignas.com.mx\\\/wp-content\\\/uploads\\\/2021\\\/04\\\/logo-retina.png\",\"contentUrl\":\"https:\\\/\\\/fuentesfidedignas.com.mx\\\/wp-content\\\/uploads\\\/2021\\\/04\\\/logo-retina.png\",\"width\":280,\"height\":51,\"caption\":\"Fuentes Fidedignas\"},\"image\":{\"@id\":\"https:\\\/\\\/fuentesfidedignas.com.mx\\\/#\\\/schema\\\/logo\\\/image\\\/\"},\"sameAs\":[\"https:\\\/\\\/www.facebook.com\\\/Fuentes-Fidedignas-368234489921644\",\"https:\\\/\\\/x.com\\\/fidedignas\"]},{\"@type\":\"Person\",\"@id\":\"https:\\\/\\\/fuentesfidedignas.com.mx\\\/#\\\/schema\\\/person\\\/0d44615087b5a626d5d3f13afe31ac41\",\"name\":\"EFE\",\"image\":{\"@type\":\"ImageObject\",\"inLanguage\":\"es\",\"@id\":\"https:\\\/\\\/secure.gravatar.com\\\/avatar\\\/7048c2d9b569d9bed55bb53ad23821e6e047aa66338fb6ea9868627bbb9f54e8?s=96&d=mm&r=g\",\"url\":\"https:\\\/\\\/secure.gravatar.com\\\/avatar\\\/7048c2d9b569d9bed55bb53ad23821e6e047aa66338fb6ea9868627bbb9f54e8?s=96&d=mm&r=g\",\"contentUrl\":\"https:\\\/\\\/secure.gravatar.com\\\/avatar\\\/7048c2d9b569d9bed55bb53ad23821e6e047aa66338fb6ea9868627bbb9f54e8?s=96&d=mm&r=g\",\"caption\":\"EFE\"},\"url\":\"https:\\\/\\\/fuentesfidedignas.com.mx\\\/index.php\\\/author\\\/efe\\\/\"}]}<\/script>\n<!-- \/ Yoast SEO plugin. -->","yoast_head_json":{"title":"Avi\u00f3n se estrella con 242 pasajeros en India; autoridades estiman que no hay sobrevivientes - Fuentes Fidedignas","robots":{"index":"index","follow":"follow","max-snippet":"max-snippet:-1","max-image-preview":"max-image-preview:large","max-video-preview":"max-video-preview:-1"},"canonical":"https:\/\/fuentesfidedignas.com.mx\/index.php\/2025\/06\/12\/avion-se-estrella-con-242-pasajeros-en-india-autoridades-estiman-que-no-hay-sobrevivientes\/","og_locale":"es_MX","og_type":"article","og_title":"Avi\u00f3n se estrella con 242 pasajeros en India; autoridades estiman que no hay sobrevivientes - Fuentes Fidedignas","og_description":"Un avi\u00f3n Boeing 787-8 de Air India con 242 pasajeros se estrell\u00f3 en una zona residencial de la ciudad de Ahmedabad, India Un avi\u00f3n Boeing 787-8 Dreamliner de la compa\u00f1\u00eda Air India con 242 personas a bordo se estrell\u00f3 este jueves 12 de junio en el per\u00edmetro del aeropuerto de Ahmedabad, ciudad ubicada en el [&hellip;]","og_url":"https:\/\/fuentesfidedignas.com.mx\/index.php\/2025\/06\/12\/avion-se-estrella-con-242-pasajeros-en-india-autoridades-estiman-que-no-hay-sobrevivientes\/","og_site_name":"Fuentes Fidedignas","article_publisher":"https:\/\/www.facebook.com\/Fuentes-Fidedignas-368234489921644","article_published_time":"2025-06-12T15:29:35+00:00","og_image":[{"width":1536,"height":1025,"url":"https:\/\/fuentesfidedignas.com.mx\/wp-content\/uploads\/2025\/06\/img_6875-1.jpg","type":"image\/jpeg"}],"author":"EFE","twitter_card":"summary_large_image","twitter_creator":"@fidedignas","twitter_site":"@fidedignas","twitter_misc":{"Escrito por":"EFE","Tiempo de lectura":"2 minutos"},"schema":{"@context":"https:\/\/schema.org","@graph":[{"@type":"Article","@id":"https:\/\/fuentesfidedignas.com.mx\/index.php\/2025\/06\/12\/avion-se-estrella-con-242-pasajeros-en-india-autoridades-estiman-que-no-hay-sobrevivientes\/#article","isPartOf":{"@id":"https:\/\/fuentesfidedignas.com.mx\/index.php\/2025\/06\/12\/avion-se-estrella-con-242-pasajeros-en-india-autoridades-estiman-que-no-hay-sobrevivientes\/"},"author":{"name":"EFE","@id":"https:\/\/fuentesfidedignas.com.mx\/#\/schema\/person\/0d44615087b5a626d5d3f13afe31ac41"},"headline":"Avi\u00f3n se estrella con 242 pasajeros en India; autoridades estiman que no hay sobrevivientes","datePublished":"2025-06-12T15:29:35+00:00","mainEntityOfPage":{"@id":"https:\/\/fuentesfidedignas.com.mx\/index.php\/2025\/06\/12\/avion-se-estrella-con-242-pasajeros-en-india-autoridades-estiman-que-no-hay-sobrevivientes\/"},"wordCount":381,"publisher":{"@id":"https:\/\/fuentesfidedignas.com.mx\/#organization"},"image":{"@id":"https:\/\/fuentesfidedignas.com.mx\/index.php\/2025\/06\/12\/avion-se-estrella-con-242-pasajeros-en-india-autoridades-estiman-que-no-hay-sobrevivientes\/#primaryimage"},"thumbnailUrl":"https:\/\/fuentesfidedignas.com.mx\/wp-content\/uploads\/2025\/06\/img_6875-1.jpg","articleSection":["NOTICIAS NACIONALES"],"inLanguage":"es"},{"@type":"WebPage","@id":"https:\/\/fuentesfidedignas.com.mx\/index.php\/2025\/06\/12\/avion-se-estrella-con-242-pasajeros-en-india-autoridades-estiman-que-no-hay-sobrevivientes\/","url":"https:\/\/fuentesfidedignas.com.mx\/index.php\/2025\/06\/12\/avion-se-estrella-con-242-pasajeros-en-india-autoridades-estiman-que-no-hay-sobrevivientes\/","name":"Avi\u00f3n se estrella con 242 pasajeros en India; autoridades estiman que no hay sobrevivientes - Fuentes Fidedignas","isPartOf":{"@id":"https:\/\/fuentesfidedignas.com.mx\/#website"},"primaryImageOfPage":{"@id":"https:\/\/fuentesfidedignas.com.mx\/index.php\/2025\/06\/12\/avion-se-estrella-con-242-pasajeros-en-india-autoridades-estiman-que-no-hay-sobrevivientes\/#primaryimage"},"image":{"@id":"https:\/\/fuentesfidedignas.com.mx\/index.php\/2025\/06\/12\/avion-se-estrella-con-242-pasajeros-en-india-autoridades-estiman-que-no-hay-sobrevivientes\/#primaryimage"},"thumbnailUrl":"https:\/\/fuentesfidedignas.com.mx\/wp-content\/uploads\/2025\/06\/img_6875-1.jpg","datePublished":"2025-06-12T15:29:35+00:00","breadcrumb":{"@id":"https:\/\/fuentesfidedignas.com.mx\/index.php\/2025\/06\/12\/avion-se-estrella-con-242-pasajeros-en-india-autoridades-estiman-que-no-hay-sobrevivientes\/#breadcrumb"},"inLanguage":"es","potentialAction":[{"@type":"ReadAction","target":["https:\/\/fuentesfidedignas.com.mx\/index.php\/2025\/06\/12\/avion-se-estrella-con-242-pasajeros-en-india-autoridades-estiman-que-no-hay-sobrevivientes\/"]}]},{"@type":"ImageObject","inLanguage":"es","@id":"https:\/\/fuentesfidedignas.com.mx\/index.php\/2025\/06\/12\/avion-se-estrella-con-242-pasajeros-en-india-autoridades-estiman-que-no-hay-sobrevivientes\/#primaryimage","url":"https:\/\/fuentesfidedignas.com.mx\/wp-content\/uploads\/2025\/06\/img_6875-1.jpg","contentUrl":"https:\/\/fuentesfidedignas.com.mx\/wp-content\/uploads\/2025\/06\/img_6875-1.jpg","width":1536,"height":1025},{"@type":"BreadcrumbList","@id":"https:\/\/fuentesfidedignas.com.mx\/index.php\/2025\/06\/12\/avion-se-estrella-con-242-pasajeros-en-india-autoridades-estiman-que-no-hay-sobrevivientes\/#breadcrumb","itemListElement":[{"@type":"ListItem","position":1,"name":"Inicio","item":"https:\/\/fuentesfidedignas.com.mx\/"},{"@type":"ListItem","position":2,"name":"Avi\u00f3n se estrella con 242 pasajeros en India; autoridades estiman que no hay sobrevivientes"}]},{"@type":"WebSite","@id":"https:\/\/fuentesfidedignas.com.mx\/#website","url":"https:\/\/fuentesfidedignas.com.mx\/","name":"Fuentes Fidedignas","description":"Otro sitio realizado con WordPress","publisher":{"@id":"https:\/\/fuentesfidedignas.com.mx\/#organization"},"potentialAction":[{"@type":"SearchAction","target":{"@type":"EntryPoint","urlTemplate":"https:\/\/fuentesfidedignas.com.mx\/?s={search_term_string}"},"query-input":{"@type":"PropertyValueSpecification","valueRequired":true,"valueName":"search_term_string"}}],"inLanguage":"es"},{"@type":"Organization","@id":"https:\/\/fuentesfidedignas.com.mx\/#organization","name":"Fuentes Fidedignas","url":"https:\/\/fuentesfidedignas.com.mx\/","logo":{"@type":"ImageObject","inLanguage":"es","@id":"https:\/\/fuentesfidedignas.com.mx\/#\/schema\/logo\/image\/","url":"https:\/\/fuentesfidedignas.com.mx\/wp-content\/uploads\/2021\/04\/logo-retina.png","contentUrl":"https:\/\/fuentesfidedignas.com.mx\/wp-content\/uploads\/2021\/04\/logo-retina.png","width":280,"height":51,"caption":"Fuentes Fidedignas"},"image":{"@id":"https:\/\/fuentesfidedignas.com.mx\/#\/schema\/logo\/image\/"},"sameAs":["https:\/\/www.facebook.com\/Fuentes-Fidedignas-368234489921644","https:\/\/x.com\/fidedignas"]},{"@type":"Person","@id":"https:\/\/fuentesfidedignas.com.mx\/#\/schema\/person\/0d44615087b5a626d5d3f13afe31ac41","name":"EFE","image":{"@type":"ImageObject","inLanguage":"es","@id":"https:\/\/secure.gravatar.com\/avatar\/7048c2d9b569d9bed55bb53ad23821e6e047aa66338fb6ea9868627bbb9f54e8?s=96&d=mm&r=g","url":"https:\/\/secure.gravatar.com\/avatar\/7048c2d9b569d9bed55bb53ad23821e6e047aa66338fb6ea9868627bbb9f54e8?s=96&d=mm&r=g","contentUrl":"https:\/\/secure.gravatar.com\/avatar\/7048c2d9b569d9bed55bb53ad23821e6e047aa66338fb6ea9868627bbb9f54e8?s=96&d=mm&r=g","caption":"EFE"},"url":"https:\/\/fuentesfidedignas.com.mx\/index.php\/author\/efe\/"}]}},"_links":{"self":[{"href":"https:\/\/fuentesfidedignas.com.mx\/index.php\/wp-json\/wp\/v2\/posts\/110525","targetHints":{"allow":["GET"]}}],"collection":[{"href":"https:\/\/fuentesfidedignas.com.mx\/index.php\/wp-json\/wp\/v2\/posts"}],"about":[{"href":"https:\/\/fuentesfidedignas.com.mx\/index.php\/wp-json\/wp\/v2\/types\/post"}],"author":[{"embeddable":true,"href":"https:\/\/fuentesfidedignas.com.mx\/index.php\/wp-json\/wp\/v2\/users\/22"}],"replies":[{"embeddable":true,"href":"https:\/\/fuentesfidedignas.com.mx\/index.php\/wp-json\/wp\/v2\/comments?post=110525"}],"version-history":[{"count":1,"href":"https:\/\/fuentesfidedignas.com.mx\/index.php\/wp-json\/wp\/v2\/posts\/110525\/revisions"}],"predecessor-version":[{"id":110526,"href":"https:\/\/fuentesfidedignas.com.mx\/index.php\/wp-json\/wp\/v2\/posts\/110525\/revisions\/110526"}],"wp:featuredmedia":[{"embeddable":true,"href":"https:\/\/fuentesfidedignas.com.mx\/index.php\/wp-json\/wp\/v2\/media\/110524"}],"wp:attachment":[{"href":"https:\/\/fuentesfidedignas.com.mx\/index.php\/wp-json\/wp\/v2\/media?parent=110525"}],"wp:term":[{"taxonomy":"category","embeddable":true,"href":"https:\/\/fuentesfidedignas.com.mx\/index.php\/wp-json\/wp\/v2\/categories?post=110525"},{"taxonomy":"post_tag","embeddable":true,"href":"https:\/\/fuentesfidedignas.com.mx\/index.php\/wp-json\/wp\/v2\/tags?post=110525"}],"curies":[{"name":"wp","href":"https:\/\/api.w.org\/{rel}","templated":true}]}}