{"id":1105,"date":"2021-05-05T11:08:04","date_gmt":"2021-05-05T18:08:04","guid":{"rendered":"https:\/\/fuentesfidedignas.com.mx\/?p=1105"},"modified":"2021-05-05T11:08:06","modified_gmt":"2021-05-05T18:08:06","slug":"morena-y-ruben-rocha-moya-aventajan-en-las-preferencias-electorales-en-sinaloa-consulta-mitofsky","status":"publish","type":"post","link":"https:\/\/fuentesfidedignas.com.mx\/index.php\/2021\/05\/05\/morena-y-ruben-rocha-moya-aventajan-en-las-preferencias-electorales-en-sinaloa-consulta-mitofsky\/","title":{"rendered":"Morena y Rub\u00e9n Rocha Moya aventajan en las preferencias electorales en Sinaloa: Consulta Mitofsky"},"content":{"rendered":"\n<p><strong><em>A poco m\u00e1s de un mes para las elecciones del pr\u00f3ximo 6 de junio, las preferencias de los sinaloenses favorecen ligeramente a la alianza entre Morena y el Partido Sinaloense (PAS), seg\u00fan los \u00faltimos datos de Consulta Mitofsky de Roy Campos.<\/em><\/strong><\/p>\n\n\n\n<p>Ciudad de M\u00e9xico.- A poco m\u00e1s de un mes para las elecciones del pr\u00f3ximo 6 de junio, las preferencias de los sinaloenses favorecen ligeramente a la alianza entre Morena y el Partido Sinaloense (PAS), seg\u00fan los \u00faltimos datos de Consulta Mitofsky de Roy Campos.<\/p>\n\n\n\n<p>Conforme pasan los d\u00edas, la imagen de los posibles candidatos se va afianzando, de acuerdo con su trabajo y su popularidad, en Sinaloa las campa\u00f1as pol\u00edticas arrancaron el pasado 4 de abril y terminar\u00e1n el pr\u00f3ximo mi\u00e9rcoles 2 de junio.<\/p>\n\n\n\n<p>Seg\u00fan la \u00faltima encuesta realizada por Mitofsky en viviendas del estado de Sinaloa, al pasado 21 de abril, las tendencias electorales favorecen ligeramente a Rub\u00e9n Rocha Moya, candidato de la alianza Morena-PAS con 39.5% en la intenci\u00f3n de voto en el estado para llegar a la gubernatura, cinco puntos porcentuales delante de Mario Zamora Gast\u00e9lum candidato de la alianza PRI-PAN-PRD (34.4%).<\/p>\n\n\n\n<p>Sinaloa ser\u00e1 unos de los 15 estados que cambiar\u00e1 de gubernatura y todas sus presidencias municipales en las elecciones del pr\u00f3ximo domingo 6 de junio. Los sinaloenses deber\u00e1n elegir a su nuevo gobernador o gobernadora para sustituir a Quirino Ordaz Coppel (PRI).<\/p>\n\n\n\n<figure class=\"wp-block-image size-large\"><img decoding=\"async\" width=\"950\" height=\"689\" src=\"https:\/\/fuentesfidedignas.com.mx\/wp-content\/uploads\/2021\/05\/rocha_MITOVSKY.jpg\" alt=\"\" class=\"wp-image-1106\" srcset=\"https:\/\/fuentesfidedignas.com.mx\/wp-content\/uploads\/2021\/05\/rocha_MITOVSKY.jpg 950w, https:\/\/fuentesfidedignas.com.mx\/wp-content\/uploads\/2021\/05\/rocha_MITOVSKY-300x218.jpg 300w, https:\/\/fuentesfidedignas.com.mx\/wp-content\/uploads\/2021\/05\/rocha_MITOVSKY-768x557.jpg 768w, https:\/\/fuentesfidedignas.com.mx\/wp-content\/uploads\/2021\/05\/rocha_MITOVSKY-696x505.jpg 696w, https:\/\/fuentesfidedignas.com.mx\/wp-content\/uploads\/2021\/05\/rocha_MITOVSKY-579x420.jpg 579w, https:\/\/fuentesfidedignas.com.mx\/wp-content\/uploads\/2021\/05\/rocha_MITOVSKY-324x235.jpg 324w\" sizes=\"(max-width: 950px) 100vw, 950px\" \/><\/figure>\n\n\n\n<p>Adem\u00e1s, el abanderado de Morena es el m\u00e1s conocido entre los posibles votantes, con 79.8% de personas que respondieron \u201cs\u00ed\u201d conocer al candidato Rocha Moya. El segundo candidato a la gubernatura con m\u00e1s visibilidad en el estado es el de la alianza Va por Sinaloa, compuesta por los partidos PRI, PAN y PRD, Zamora Gast\u00e9lum, con 76.5% de reconocimiento por parte de los encuestados.<\/p>\n\n\n\n<p>En tercera posici\u00f3n en la preferencia de los ciudadanos para ser su pr\u00f3ximo gobernador est\u00e1 el candidato de Movimiento Ciudadano, Sergio Torres F\u00e9lix con 5.3%, en la cuarta plaza y muy por debajo, Tom\u00e1s Saucedo Carre\u00f1o del Partido Verde con 1.3%, seguido de Yolanda Cabrera Peraza con 1.2%, el resto de los candidatos obtienen preferencias menores a 1%, mientras que 16% de los sinaloenses no declararon o a\u00fan no defin\u00edan el sentido de su voto.<\/p>\n\n\n\n<p>En la encuesta tambi\u00e9n se pregunt\u00f3 a los ciudadanos de Sinaloa sobre cu\u00e1l es el principal problema en el estado de cara a las Elecciones 2021, donde reconocieron como la mayor problem\u00e1tica en el estado a la crisis econ\u00f3mica con el 21.0% de las respuestas, seguido de la inseguridad y el desempleo, con 18.8% y 12.6% respectivamente entre las tres principales preocupaciones de los sinaloenses.<\/p>\n\n\n\n<p>La crisis por la pandemia de Covid-19 se posicion\u00f3 como la cuarta problem\u00e1tica con 11.7% de las r\u00e9plicas, completan la corrupci\u00f3n (9.2%) y la pobreza (7.9%) entre los temas a atender en el estado de cara a elegir a su pr\u00f3ximo gobernador o gobernadora.<\/p>\n\n\n\n<p>Extra\u00f1amente, a pesar de que el C\u00e1rtel de Sinaloa muestra signos de expansi\u00f3n en M\u00e9xico y ha aumentado su papel en la producci\u00f3n de drogas, seg\u00fan la Administraci\u00f3n para el Control de las Drogas de Estados Unidos (DEA por su sigla en ingl\u00e9s), para los sinaloenses el narcotr\u00e1fico se encuentra lejos de sus principales preocupaciones seg\u00fan contestaron a Mitofsky, con apenas el 4.1 de las opiniones.<\/p>\n\n\n\n<p>Para realizar este ejercicio, Consulta Mitofsky entrevist\u00f3 a 1,200 ciudadanos mayores de 18 a\u00f1os residentes en el estado de Sinaloa, con credencial para votar. De acuerdo con su ficha metodol\u00f3gica, los resultados presentados no son simples frecuencias de respuestas, sino estimaciones basadas en factores de expansi\u00f3n, calculados como el inverso de la probabilidad de cada individuo a ser encuestado, con aplicaci\u00f3n de modelos estad\u00edsticos tradicionales de estimaci\u00f3n de proporciones en muestreo.<\/p>\n\n\n\n<p>El estudio fue llevado a cabo en viviendas particulares a trav\u00e9s de entrevistas \u201ccara a cara\u201d utilizando como herramienta de recolecci\u00f3n de datos un cuestionario, previamente estructurado mismo que es aplicado por personal calificado para esa labor, el cuestionario no es de auto-llenado, precisa la casa encuestadora.<\/p>\n","protected":false},"excerpt":{"rendered":"<p>A poco m\u00e1s de un mes para las elecciones del pr\u00f3ximo 6 de junio, las preferencias de los sinaloenses favorecen ligeramente a la alianza entre Morena y el Partido Sinaloense (PAS), seg\u00fan los \u00faltimos datos de Consulta Mitofsky de Roy Campos. Ciudad de M\u00e9xico.- A poco m\u00e1s de un mes para las elecciones del pr\u00f3ximo [&hellip;]<\/p>\n","protected":false},"author":44,"featured_media":1107,"comment_status":"open","ping_status":"open","sticky":false,"template":"","format":"standard","meta":{"tdm_status":"","tdm_grid_status":"","footnotes":""},"categories":[37],"tags":[257,50,45,52,49],"class_list":{"0":"post-1105","1":"post","2":"type-post","3":"status-publish","4":"format-standard","5":"has-post-thumbnail","7":"category-nota-principal","8":"tag-consulta-mitofsky","9":"tag-elecciones2021","10":"tag-morena","11":"tag-ruben-rocha-moya","12":"tag-sinaloa"},"yoast_head":"<!-- This site is optimized with the Yoast SEO plugin v27.5 - https:\/\/yoast.com\/product\/yoast-seo-wordpress\/ -->\n<title>Morena y Rub\u00e9n Rocha Moya aventajan en las preferencias electorales en Sinaloa: Consulta Mitofsky - Fuentes Fidedignas<\/title>\n<meta name=\"robots\" content=\"index, follow, max-snippet:-1, max-image-preview:large, max-video-preview:-1\" \/>\n<link rel=\"canonical\" href=\"https:\/\/fuentesfidedignas.com.mx\/index.php\/2021\/05\/05\/morena-y-ruben-rocha-moya-aventajan-en-las-preferencias-electorales-en-sinaloa-consulta-mitofsky\/\" \/>\n<meta property=\"og:locale\" content=\"es_MX\" \/>\n<meta property=\"og:type\" content=\"article\" \/>\n<meta property=\"og:title\" content=\"Morena y Rub\u00e9n Rocha Moya aventajan en las preferencias electorales en Sinaloa: Consulta Mitofsky - Fuentes Fidedignas\" \/>\n<meta property=\"og:description\" content=\"A poco m\u00e1s de un mes para las elecciones del pr\u00f3ximo 6 de junio, las preferencias de los sinaloenses favorecen ligeramente a la alianza entre Morena y el Partido Sinaloense (PAS), seg\u00fan los \u00faltimos datos de Consulta Mitofsky de Roy Campos. Ciudad de M\u00e9xico.- A poco m\u00e1s de un mes para las elecciones del pr\u00f3ximo [&hellip;]\" \/>\n<meta property=\"og:url\" content=\"https:\/\/fuentesfidedignas.com.mx\/index.php\/2021\/05\/05\/morena-y-ruben-rocha-moya-aventajan-en-las-preferencias-electorales-en-sinaloa-consulta-mitofsky\/\" \/>\n<meta property=\"og:site_name\" content=\"Fuentes Fidedignas\" \/>\n<meta property=\"article:publisher\" content=\"https:\/\/www.facebook.com\/Fuentes-Fidedignas-368234489921644\" \/>\n<meta property=\"article:published_time\" content=\"2021-05-05T18:08:04+00:00\" \/>\n<meta property=\"article:modified_time\" content=\"2021-05-05T18:08:06+00:00\" \/>\n<meta property=\"og:image\" content=\"https:\/\/fuentesfidedignas.com.mx\/wp-content\/uploads\/2021\/05\/rocha_BADIRAGUATO.jpg\" \/>\n\t<meta property=\"og:image:width\" content=\"950\" \/>\n\t<meta property=\"og:image:height\" content=\"571\" \/>\n\t<meta property=\"og:image:type\" content=\"image\/jpeg\" \/>\n<meta name=\"author\" content=\"El Economista\" \/>\n<meta name=\"twitter:card\" content=\"summary_large_image\" \/>\n<meta name=\"twitter:creator\" content=\"@fidedignas\" \/>\n<meta name=\"twitter:site\" content=\"@fidedignas\" \/>\n<meta name=\"twitter:label1\" content=\"Escrito por\" \/>\n\t<meta name=\"twitter:data1\" content=\"El Economista\" \/>\n\t<meta name=\"twitter:label2\" content=\"Tiempo de lectura\" \/>\n\t<meta name=\"twitter:data2\" content=\"4 minutos\" \/>\n<script type=\"application\/ld+json\" class=\"yoast-schema-graph\">{\"@context\":\"https:\\\/\\\/schema.org\",\"@graph\":[{\"@type\":\"Article\",\"@id\":\"https:\\\/\\\/fuentesfidedignas.com.mx\\\/index.php\\\/2021\\\/05\\\/05\\\/morena-y-ruben-rocha-moya-aventajan-en-las-preferencias-electorales-en-sinaloa-consulta-mitofsky\\\/#article\",\"isPartOf\":{\"@id\":\"https:\\\/\\\/fuentesfidedignas.com.mx\\\/index.php\\\/2021\\\/05\\\/05\\\/morena-y-ruben-rocha-moya-aventajan-en-las-preferencias-electorales-en-sinaloa-consulta-mitofsky\\\/\"},\"author\":{\"name\":\"El Economista\",\"@id\":\"https:\\\/\\\/fuentesfidedignas.com.mx\\\/#\\\/schema\\\/person\\\/6af43e831c61354ecb5ffe61c99a9bf1\"},\"headline\":\"Morena y Rub\u00e9n Rocha Moya aventajan en las preferencias electorales en Sinaloa: Consulta Mitofsky\",\"datePublished\":\"2021-05-05T18:08:04+00:00\",\"dateModified\":\"2021-05-05T18:08:06+00:00\",\"mainEntityOfPage\":{\"@id\":\"https:\\\/\\\/fuentesfidedignas.com.mx\\\/index.php\\\/2021\\\/05\\\/05\\\/morena-y-ruben-rocha-moya-aventajan-en-las-preferencias-electorales-en-sinaloa-consulta-mitofsky\\\/\"},\"wordCount\":706,\"commentCount\":0,\"publisher\":{\"@id\":\"https:\\\/\\\/fuentesfidedignas.com.mx\\\/#organization\"},\"image\":{\"@id\":\"https:\\\/\\\/fuentesfidedignas.com.mx\\\/index.php\\\/2021\\\/05\\\/05\\\/morena-y-ruben-rocha-moya-aventajan-en-las-preferencias-electorales-en-sinaloa-consulta-mitofsky\\\/#primaryimage\"},\"thumbnailUrl\":\"https:\\\/\\\/fuentesfidedignas.com.mx\\\/wp-content\\\/uploads\\\/2021\\\/05\\\/rocha_BADIRAGUATO.jpg\",\"keywords\":[\"Consulta Mitofsky\",\"elecciones2021\",\"morena\",\"Rub\u00e9n Rocha Moya\",\"sinaloa\"],\"articleSection\":[\"NOTA PRINCIPAL\"],\"inLanguage\":\"es\",\"potentialAction\":[{\"@type\":\"CommentAction\",\"name\":\"Comment\",\"target\":[\"https:\\\/\\\/fuentesfidedignas.com.mx\\\/index.php\\\/2021\\\/05\\\/05\\\/morena-y-ruben-rocha-moya-aventajan-en-las-preferencias-electorales-en-sinaloa-consulta-mitofsky\\\/#respond\"]}]},{\"@type\":\"WebPage\",\"@id\":\"https:\\\/\\\/fuentesfidedignas.com.mx\\\/index.php\\\/2021\\\/05\\\/05\\\/morena-y-ruben-rocha-moya-aventajan-en-las-preferencias-electorales-en-sinaloa-consulta-mitofsky\\\/\",\"url\":\"https:\\\/\\\/fuentesfidedignas.com.mx\\\/index.php\\\/2021\\\/05\\\/05\\\/morena-y-ruben-rocha-moya-aventajan-en-las-preferencias-electorales-en-sinaloa-consulta-mitofsky\\\/\",\"name\":\"Morena y Rub\u00e9n Rocha Moya aventajan en las preferencias electorales en Sinaloa: Consulta Mitofsky - Fuentes Fidedignas\",\"isPartOf\":{\"@id\":\"https:\\\/\\\/fuentesfidedignas.com.mx\\\/#website\"},\"primaryImageOfPage\":{\"@id\":\"https:\\\/\\\/fuentesfidedignas.com.mx\\\/index.php\\\/2021\\\/05\\\/05\\\/morena-y-ruben-rocha-moya-aventajan-en-las-preferencias-electorales-en-sinaloa-consulta-mitofsky\\\/#primaryimage\"},\"image\":{\"@id\":\"https:\\\/\\\/fuentesfidedignas.com.mx\\\/index.php\\\/2021\\\/05\\\/05\\\/morena-y-ruben-rocha-moya-aventajan-en-las-preferencias-electorales-en-sinaloa-consulta-mitofsky\\\/#primaryimage\"},\"thumbnailUrl\":\"https:\\\/\\\/fuentesfidedignas.com.mx\\\/wp-content\\\/uploads\\\/2021\\\/05\\\/rocha_BADIRAGUATO.jpg\",\"datePublished\":\"2021-05-05T18:08:04+00:00\",\"dateModified\":\"2021-05-05T18:08:06+00:00\",\"breadcrumb\":{\"@id\":\"https:\\\/\\\/fuentesfidedignas.com.mx\\\/index.php\\\/2021\\\/05\\\/05\\\/morena-y-ruben-rocha-moya-aventajan-en-las-preferencias-electorales-en-sinaloa-consulta-mitofsky\\\/#breadcrumb\"},\"inLanguage\":\"es\",\"potentialAction\":[{\"@type\":\"ReadAction\",\"target\":[\"https:\\\/\\\/fuentesfidedignas.com.mx\\\/index.php\\\/2021\\\/05\\\/05\\\/morena-y-ruben-rocha-moya-aventajan-en-las-preferencias-electorales-en-sinaloa-consulta-mitofsky\\\/\"]}]},{\"@type\":\"ImageObject\",\"inLanguage\":\"es\",\"@id\":\"https:\\\/\\\/fuentesfidedignas.com.mx\\\/index.php\\\/2021\\\/05\\\/05\\\/morena-y-ruben-rocha-moya-aventajan-en-las-preferencias-electorales-en-sinaloa-consulta-mitofsky\\\/#primaryimage\",\"url\":\"https:\\\/\\\/fuentesfidedignas.com.mx\\\/wp-content\\\/uploads\\\/2021\\\/05\\\/rocha_BADIRAGUATO.jpg\",\"contentUrl\":\"https:\\\/\\\/fuentesfidedignas.com.mx\\\/wp-content\\\/uploads\\\/2021\\\/05\\\/rocha_BADIRAGUATO.jpg\",\"width\":950,\"height\":571},{\"@type\":\"BreadcrumbList\",\"@id\":\"https:\\\/\\\/fuentesfidedignas.com.mx\\\/index.php\\\/2021\\\/05\\\/05\\\/morena-y-ruben-rocha-moya-aventajan-en-las-preferencias-electorales-en-sinaloa-consulta-mitofsky\\\/#breadcrumb\",\"itemListElement\":[{\"@type\":\"ListItem\",\"position\":1,\"name\":\"Inicio\",\"item\":\"https:\\\/\\\/fuentesfidedignas.com.mx\\\/\"},{\"@type\":\"ListItem\",\"position\":2,\"name\":\"Morena y Rub\u00e9n Rocha Moya aventajan en las preferencias electorales en Sinaloa: Consulta Mitofsky\"}]},{\"@type\":\"WebSite\",\"@id\":\"https:\\\/\\\/fuentesfidedignas.com.mx\\\/#website\",\"url\":\"https:\\\/\\\/fuentesfidedignas.com.mx\\\/\",\"name\":\"Fuentes Fidedignas\",\"description\":\"Otro sitio realizado con WordPress\",\"publisher\":{\"@id\":\"https:\\\/\\\/fuentesfidedignas.com.mx\\\/#organization\"},\"potentialAction\":[{\"@type\":\"SearchAction\",\"target\":{\"@type\":\"EntryPoint\",\"urlTemplate\":\"https:\\\/\\\/fuentesfidedignas.com.mx\\\/?s={search_term_string}\"},\"query-input\":{\"@type\":\"PropertyValueSpecification\",\"valueRequired\":true,\"valueName\":\"search_term_string\"}}],\"inLanguage\":\"es\"},{\"@type\":\"Organization\",\"@id\":\"https:\\\/\\\/fuentesfidedignas.com.mx\\\/#organization\",\"name\":\"Fuentes Fidedignas\",\"url\":\"https:\\\/\\\/fuentesfidedignas.com.mx\\\/\",\"logo\":{\"@type\":\"ImageObject\",\"inLanguage\":\"es\",\"@id\":\"https:\\\/\\\/fuentesfidedignas.com.mx\\\/#\\\/schema\\\/logo\\\/image\\\/\",\"url\":\"https:\\\/\\\/fuentesfidedignas.com.mx\\\/wp-content\\\/uploads\\\/2021\\\/04\\\/logo-retina.png\",\"contentUrl\":\"https:\\\/\\\/fuentesfidedignas.com.mx\\\/wp-content\\\/uploads\\\/2021\\\/04\\\/logo-retina.png\",\"width\":280,\"height\":51,\"caption\":\"Fuentes Fidedignas\"},\"image\":{\"@id\":\"https:\\\/\\\/fuentesfidedignas.com.mx\\\/#\\\/schema\\\/logo\\\/image\\\/\"},\"sameAs\":[\"https:\\\/\\\/www.facebook.com\\\/Fuentes-Fidedignas-368234489921644\",\"https:\\\/\\\/x.com\\\/fidedignas\"]},{\"@type\":\"Person\",\"@id\":\"https:\\\/\\\/fuentesfidedignas.com.mx\\\/#\\\/schema\\\/person\\\/6af43e831c61354ecb5ffe61c99a9bf1\",\"name\":\"El Economista\",\"image\":{\"@type\":\"ImageObject\",\"inLanguage\":\"es\",\"@id\":\"https:\\\/\\\/secure.gravatar.com\\\/avatar\\\/cdb633edc72997b061038aff7c4738bf3a38a4e4089c4c7ba9509ccee48b1447?s=96&d=mm&r=g\",\"url\":\"https:\\\/\\\/secure.gravatar.com\\\/avatar\\\/cdb633edc72997b061038aff7c4738bf3a38a4e4089c4c7ba9509ccee48b1447?s=96&d=mm&r=g\",\"contentUrl\":\"https:\\\/\\\/secure.gravatar.com\\\/avatar\\\/cdb633edc72997b061038aff7c4738bf3a38a4e4089c4c7ba9509ccee48b1447?s=96&d=mm&r=g\",\"caption\":\"El Economista\"},\"url\":\"https:\\\/\\\/fuentesfidedignas.com.mx\\\/index.php\\\/author\\\/economista\\\/\"}]}<\/script>\n<!-- \/ Yoast SEO plugin. -->","yoast_head_json":{"title":"Morena y Rub\u00e9n Rocha Moya aventajan en las preferencias electorales en Sinaloa: Consulta Mitofsky - Fuentes Fidedignas","robots":{"index":"index","follow":"follow","max-snippet":"max-snippet:-1","max-image-preview":"max-image-preview:large","max-video-preview":"max-video-preview:-1"},"canonical":"https:\/\/fuentesfidedignas.com.mx\/index.php\/2021\/05\/05\/morena-y-ruben-rocha-moya-aventajan-en-las-preferencias-electorales-en-sinaloa-consulta-mitofsky\/","og_locale":"es_MX","og_type":"article","og_title":"Morena y Rub\u00e9n Rocha Moya aventajan en las preferencias electorales en Sinaloa: Consulta Mitofsky - Fuentes Fidedignas","og_description":"A poco m\u00e1s de un mes para las elecciones del pr\u00f3ximo 6 de junio, las preferencias de los sinaloenses favorecen ligeramente a la alianza entre Morena y el Partido Sinaloense (PAS), seg\u00fan los \u00faltimos datos de Consulta Mitofsky de Roy Campos. Ciudad de M\u00e9xico.- A poco m\u00e1s de un mes para las elecciones del pr\u00f3ximo [&hellip;]","og_url":"https:\/\/fuentesfidedignas.com.mx\/index.php\/2021\/05\/05\/morena-y-ruben-rocha-moya-aventajan-en-las-preferencias-electorales-en-sinaloa-consulta-mitofsky\/","og_site_name":"Fuentes Fidedignas","article_publisher":"https:\/\/www.facebook.com\/Fuentes-Fidedignas-368234489921644","article_published_time":"2021-05-05T18:08:04+00:00","article_modified_time":"2021-05-05T18:08:06+00:00","og_image":[{"width":950,"height":571,"url":"https:\/\/fuentesfidedignas.com.mx\/wp-content\/uploads\/2021\/05\/rocha_BADIRAGUATO.jpg","type":"image\/jpeg"}],"author":"El Economista","twitter_card":"summary_large_image","twitter_creator":"@fidedignas","twitter_site":"@fidedignas","twitter_misc":{"Escrito por":"El Economista","Tiempo de lectura":"4 minutos"},"schema":{"@context":"https:\/\/schema.org","@graph":[{"@type":"Article","@id":"https:\/\/fuentesfidedignas.com.mx\/index.php\/2021\/05\/05\/morena-y-ruben-rocha-moya-aventajan-en-las-preferencias-electorales-en-sinaloa-consulta-mitofsky\/#article","isPartOf":{"@id":"https:\/\/fuentesfidedignas.com.mx\/index.php\/2021\/05\/05\/morena-y-ruben-rocha-moya-aventajan-en-las-preferencias-electorales-en-sinaloa-consulta-mitofsky\/"},"author":{"name":"El Economista","@id":"https:\/\/fuentesfidedignas.com.mx\/#\/schema\/person\/6af43e831c61354ecb5ffe61c99a9bf1"},"headline":"Morena y Rub\u00e9n Rocha Moya aventajan en las preferencias electorales en Sinaloa: Consulta Mitofsky","datePublished":"2021-05-05T18:08:04+00:00","dateModified":"2021-05-05T18:08:06+00:00","mainEntityOfPage":{"@id":"https:\/\/fuentesfidedignas.com.mx\/index.php\/2021\/05\/05\/morena-y-ruben-rocha-moya-aventajan-en-las-preferencias-electorales-en-sinaloa-consulta-mitofsky\/"},"wordCount":706,"commentCount":0,"publisher":{"@id":"https:\/\/fuentesfidedignas.com.mx\/#organization"},"image":{"@id":"https:\/\/fuentesfidedignas.com.mx\/index.php\/2021\/05\/05\/morena-y-ruben-rocha-moya-aventajan-en-las-preferencias-electorales-en-sinaloa-consulta-mitofsky\/#primaryimage"},"thumbnailUrl":"https:\/\/fuentesfidedignas.com.mx\/wp-content\/uploads\/2021\/05\/rocha_BADIRAGUATO.jpg","keywords":["Consulta Mitofsky","elecciones2021","morena","Rub\u00e9n Rocha Moya","sinaloa"],"articleSection":["NOTA PRINCIPAL"],"inLanguage":"es","potentialAction":[{"@type":"CommentAction","name":"Comment","target":["https:\/\/fuentesfidedignas.com.mx\/index.php\/2021\/05\/05\/morena-y-ruben-rocha-moya-aventajan-en-las-preferencias-electorales-en-sinaloa-consulta-mitofsky\/#respond"]}]},{"@type":"WebPage","@id":"https:\/\/fuentesfidedignas.com.mx\/index.php\/2021\/05\/05\/morena-y-ruben-rocha-moya-aventajan-en-las-preferencias-electorales-en-sinaloa-consulta-mitofsky\/","url":"https:\/\/fuentesfidedignas.com.mx\/index.php\/2021\/05\/05\/morena-y-ruben-rocha-moya-aventajan-en-las-preferencias-electorales-en-sinaloa-consulta-mitofsky\/","name":"Morena y Rub\u00e9n Rocha Moya aventajan en las preferencias electorales en Sinaloa: Consulta Mitofsky - Fuentes Fidedignas","isPartOf":{"@id":"https:\/\/fuentesfidedignas.com.mx\/#website"},"primaryImageOfPage":{"@id":"https:\/\/fuentesfidedignas.com.mx\/index.php\/2021\/05\/05\/morena-y-ruben-rocha-moya-aventajan-en-las-preferencias-electorales-en-sinaloa-consulta-mitofsky\/#primaryimage"},"image":{"@id":"https:\/\/fuentesfidedignas.com.mx\/index.php\/2021\/05\/05\/morena-y-ruben-rocha-moya-aventajan-en-las-preferencias-electorales-en-sinaloa-consulta-mitofsky\/#primaryimage"},"thumbnailUrl":"https:\/\/fuentesfidedignas.com.mx\/wp-content\/uploads\/2021\/05\/rocha_BADIRAGUATO.jpg","datePublished":"2021-05-05T18:08:04+00:00","dateModified":"2021-05-05T18:08:06+00:00","breadcrumb":{"@id":"https:\/\/fuentesfidedignas.com.mx\/index.php\/2021\/05\/05\/morena-y-ruben-rocha-moya-aventajan-en-las-preferencias-electorales-en-sinaloa-consulta-mitofsky\/#breadcrumb"},"inLanguage":"es","potentialAction":[{"@type":"ReadAction","target":["https:\/\/fuentesfidedignas.com.mx\/index.php\/2021\/05\/05\/morena-y-ruben-rocha-moya-aventajan-en-las-preferencias-electorales-en-sinaloa-consulta-mitofsky\/"]}]},{"@type":"ImageObject","inLanguage":"es","@id":"https:\/\/fuentesfidedignas.com.mx\/index.php\/2021\/05\/05\/morena-y-ruben-rocha-moya-aventajan-en-las-preferencias-electorales-en-sinaloa-consulta-mitofsky\/#primaryimage","url":"https:\/\/fuentesfidedignas.com.mx\/wp-content\/uploads\/2021\/05\/rocha_BADIRAGUATO.jpg","contentUrl":"https:\/\/fuentesfidedignas.com.mx\/wp-content\/uploads\/2021\/05\/rocha_BADIRAGUATO.jpg","width":950,"height":571},{"@type":"BreadcrumbList","@id":"https:\/\/fuentesfidedignas.com.mx\/index.php\/2021\/05\/05\/morena-y-ruben-rocha-moya-aventajan-en-las-preferencias-electorales-en-sinaloa-consulta-mitofsky\/#breadcrumb","itemListElement":[{"@type":"ListItem","position":1,"name":"Inicio","item":"https:\/\/fuentesfidedignas.com.mx\/"},{"@type":"ListItem","position":2,"name":"Morena y Rub\u00e9n Rocha Moya aventajan en las preferencias electorales en Sinaloa: Consulta Mitofsky"}]},{"@type":"WebSite","@id":"https:\/\/fuentesfidedignas.com.mx\/#website","url":"https:\/\/fuentesfidedignas.com.mx\/","name":"Fuentes Fidedignas","description":"Otro sitio realizado con WordPress","publisher":{"@id":"https:\/\/fuentesfidedignas.com.mx\/#organization"},"potentialAction":[{"@type":"SearchAction","target":{"@type":"EntryPoint","urlTemplate":"https:\/\/fuentesfidedignas.com.mx\/?s={search_term_string}"},"query-input":{"@type":"PropertyValueSpecification","valueRequired":true,"valueName":"search_term_string"}}],"inLanguage":"es"},{"@type":"Organization","@id":"https:\/\/fuentesfidedignas.com.mx\/#organization","name":"Fuentes Fidedignas","url":"https:\/\/fuentesfidedignas.com.mx\/","logo":{"@type":"ImageObject","inLanguage":"es","@id":"https:\/\/fuentesfidedignas.com.mx\/#\/schema\/logo\/image\/","url":"https:\/\/fuentesfidedignas.com.mx\/wp-content\/uploads\/2021\/04\/logo-retina.png","contentUrl":"https:\/\/fuentesfidedignas.com.mx\/wp-content\/uploads\/2021\/04\/logo-retina.png","width":280,"height":51,"caption":"Fuentes Fidedignas"},"image":{"@id":"https:\/\/fuentesfidedignas.com.mx\/#\/schema\/logo\/image\/"},"sameAs":["https:\/\/www.facebook.com\/Fuentes-Fidedignas-368234489921644","https:\/\/x.com\/fidedignas"]},{"@type":"Person","@id":"https:\/\/fuentesfidedignas.com.mx\/#\/schema\/person\/6af43e831c61354ecb5ffe61c99a9bf1","name":"El Economista","image":{"@type":"ImageObject","inLanguage":"es","@id":"https:\/\/secure.gravatar.com\/avatar\/cdb633edc72997b061038aff7c4738bf3a38a4e4089c4c7ba9509ccee48b1447?s=96&d=mm&r=g","url":"https:\/\/secure.gravatar.com\/avatar\/cdb633edc72997b061038aff7c4738bf3a38a4e4089c4c7ba9509ccee48b1447?s=96&d=mm&r=g","contentUrl":"https:\/\/secure.gravatar.com\/avatar\/cdb633edc72997b061038aff7c4738bf3a38a4e4089c4c7ba9509ccee48b1447?s=96&d=mm&r=g","caption":"El Economista"},"url":"https:\/\/fuentesfidedignas.com.mx\/index.php\/author\/economista\/"}]}},"_links":{"self":[{"href":"https:\/\/fuentesfidedignas.com.mx\/index.php\/wp-json\/wp\/v2\/posts\/1105","targetHints":{"allow":["GET"]}}],"collection":[{"href":"https:\/\/fuentesfidedignas.com.mx\/index.php\/wp-json\/wp\/v2\/posts"}],"about":[{"href":"https:\/\/fuentesfidedignas.com.mx\/index.php\/wp-json\/wp\/v2\/types\/post"}],"author":[{"embeddable":true,"href":"https:\/\/fuentesfidedignas.com.mx\/index.php\/wp-json\/wp\/v2\/users\/44"}],"replies":[{"embeddable":true,"href":"https:\/\/fuentesfidedignas.com.mx\/index.php\/wp-json\/wp\/v2\/comments?post=1105"}],"version-history":[{"count":1,"href":"https:\/\/fuentesfidedignas.com.mx\/index.php\/wp-json\/wp\/v2\/posts\/1105\/revisions"}],"predecessor-version":[{"id":1108,"href":"https:\/\/fuentesfidedignas.com.mx\/index.php\/wp-json\/wp\/v2\/posts\/1105\/revisions\/1108"}],"wp:featuredmedia":[{"embeddable":true,"href":"https:\/\/fuentesfidedignas.com.mx\/index.php\/wp-json\/wp\/v2\/media\/1107"}],"wp:attachment":[{"href":"https:\/\/fuentesfidedignas.com.mx\/index.php\/wp-json\/wp\/v2\/media?parent=1105"}],"wp:term":[{"taxonomy":"category","embeddable":true,"href":"https:\/\/fuentesfidedignas.com.mx\/index.php\/wp-json\/wp\/v2\/categories?post=1105"},{"taxonomy":"post_tag","embeddable":true,"href":"https:\/\/fuentesfidedignas.com.mx\/index.php\/wp-json\/wp\/v2\/tags?post=1105"}],"curies":[{"name":"wp","href":"https:\/\/api.w.org\/{rel}","templated":true}]}}