{"id":11048,"date":"2021-08-27T15:40:10","date_gmt":"2021-08-27T22:40:10","guid":{"rendered":"https:\/\/fuentesfidedignas.com.mx\/?p=11048"},"modified":"2021-08-27T15:40:11","modified_gmt":"2021-08-27T22:40:11","slug":"cuentas-de-ricardo-anaya-no-se-han-congelado-uif","status":"publish","type":"post","link":"https:\/\/fuentesfidedignas.com.mx\/index.php\/2021\/08\/27\/cuentas-de-ricardo-anaya-no-se-han-congelado-uif\/","title":{"rendered":"Cuentas de Ricardo Anaya no se han congelado: UIF"},"content":{"rendered":"\n<p><strong><em>La UIF confirm\u00f3 que se investigan las cuentas de Ricardo Anaya, quien sali\u00f3 del pa\u00eds desde 5 de julio por el aeropuerto de Reynosa.<\/em><\/strong><\/p>\n\n\n\n<p>Ciudad de M\u00e9xico.- El titular de la Unidad de Inteligencia Financiera (UIF) Santiago Nieto Castillo, neg\u00f3 que hasta el momento se hayan congelado las cuentas bancarias al panista Ricardo Anaya, quien es investigado por presuntamente haber recibido sobornos por 6 millones 800 mil pesos para aprobar la reforma energ\u00e9tica.<\/p>\n\n\n\n<p>\u201cEn este momento no hemos congelado las cuentas; nosotros seguimos trabajando en las investigaciones, porque requerimos de tener los indicios suficientes para poder actuar en consecuencia\u201d, dijo tras participar en la reuni\u00f3n plenaria de los diputados de Morena.<\/p>\n\n\n\n<p>El funcionario se\u00f1al\u00f3 que la UIF, por instrucciones del presidente Andr\u00e9s Manuel L\u00f3pez Obrador, act\u00faa sin filias ni fobias y la investigaci\u00f3n que realiza la Unidad no es una persecuci\u00f3n pol\u00edtica.<\/p>\n\n\n\n<p>Sobre la investigaci\u00f3n contra los expresidente Enrique Pe\u00f1a Nieto y Felipe Calder\u00f3n, quienes fueron denunciados por Emilio Lozoya, exdirector de Pemex, dijo que la UIF se encuentra en el proceso de integrar la informaci\u00f3n para entregarla a las autoridades competentes.<\/p>\n\n\n\n<p>En el marco de la trama de corrupci\u00f3n de Odebrecht, Lozoya asegur\u00f3 que Pe\u00f1a Nieto le orden\u00f3 recibir 100 millones de pesos en sobornos de la constructora brasile\u00f1a y agreg\u00f3 que otros actos il\u00edcitos se dieron desde el inicio del gobierno de Felipe Calder\u00f3n.<\/p>\n\n\n\n<p>Ayer, el Instituto Nacional de Migraci\u00f3n (INM) inform\u00f3 que ninguna autoridad ha solicitado una alerta migratoria contra Ricardo Anaya y asegur\u00f3 que desde el 5 de julio el panista sali\u00f3 por el Aeropuerto Internacional de Reynosa, Tamaulipas, en un vuelo privado.<\/p>\n","protected":false},"excerpt":{"rendered":"<p>La UIF confirm\u00f3 que se investigan las cuentas de Ricardo Anaya, quien sali\u00f3 del pa\u00eds desde 5 de julio por el aeropuerto de Reynosa. Ciudad de M\u00e9xico.- El titular de la Unidad de Inteligencia Financiera (UIF) Santiago Nieto Castillo, neg\u00f3 que hasta el momento se hayan congelado las cuentas bancarias al panista Ricardo Anaya, quien [&hellip;]<\/p>\n","protected":false},"author":5,"featured_media":11049,"comment_status":"open","ping_status":"open","sticky":false,"template":"","format":"standard","meta":{"tdm_status":"","tdm_grid_status":"","footnotes":""},"categories":[39],"tags":[719,533,532],"class_list":{"0":"post-11048","1":"post","2":"type-post","3":"status-publish","4":"format-standard","5":"has-post-thumbnail","7":"category-noticias-nacionales","8":"tag-ricardo-anaya","9":"tag-uif","10":"tag-unidad-de-inteligencia-financiera"},"yoast_head":"<!-- This site is optimized with the Yoast SEO plugin v27.5 - https:\/\/yoast.com\/product\/yoast-seo-wordpress\/ -->\n<title>Cuentas de Ricardo Anaya no se han congelado: UIF - Fuentes Fidedignas<\/title>\n<meta name=\"robots\" content=\"index, follow, max-snippet:-1, max-image-preview:large, max-video-preview:-1\" \/>\n<link rel=\"canonical\" href=\"https:\/\/fuentesfidedignas.com.mx\/index.php\/2021\/08\/27\/cuentas-de-ricardo-anaya-no-se-han-congelado-uif\/\" \/>\n<meta property=\"og:locale\" content=\"es_MX\" \/>\n<meta property=\"og:type\" content=\"article\" \/>\n<meta property=\"og:title\" content=\"Cuentas de Ricardo Anaya no se han congelado: UIF - Fuentes Fidedignas\" \/>\n<meta property=\"og:description\" content=\"La UIF confirm\u00f3 que se investigan las cuentas de Ricardo Anaya, quien sali\u00f3 del pa\u00eds desde 5 de julio por el aeropuerto de Reynosa. Ciudad de M\u00e9xico.- El titular de la Unidad de Inteligencia Financiera (UIF) Santiago Nieto Castillo, neg\u00f3 que hasta el momento se hayan congelado las cuentas bancarias al panista Ricardo Anaya, quien [&hellip;]\" \/>\n<meta property=\"og:url\" content=\"https:\/\/fuentesfidedignas.com.mx\/index.php\/2021\/08\/27\/cuentas-de-ricardo-anaya-no-se-han-congelado-uif\/\" \/>\n<meta property=\"og:site_name\" content=\"Fuentes Fidedignas\" \/>\n<meta property=\"article:publisher\" content=\"https:\/\/www.facebook.com\/Fuentes-Fidedignas-368234489921644\" \/>\n<meta property=\"article:published_time\" content=\"2021-08-27T22:40:10+00:00\" \/>\n<meta property=\"article:modified_time\" content=\"2021-08-27T22:40:11+00:00\" \/>\n<meta property=\"og:image\" content=\"https:\/\/fuentesfidedignas.com.mx\/wp-content\/uploads\/2021\/08\/SANTIAGO_NIETO.jpg\" \/>\n\t<meta property=\"og:image:width\" content=\"640\" \/>\n\t<meta property=\"og:image:height\" content=\"360\" \/>\n\t<meta property=\"og:image:type\" content=\"image\/jpeg\" \/>\n<meta name=\"author\" content=\"Forbes\" \/>\n<meta name=\"twitter:card\" content=\"summary_large_image\" \/>\n<meta name=\"twitter:creator\" content=\"@fidedignas\" \/>\n<meta name=\"twitter:site\" content=\"@fidedignas\" \/>\n<meta name=\"twitter:label1\" content=\"Escrito por\" \/>\n\t<meta name=\"twitter:data1\" content=\"Forbes\" \/>\n\t<meta name=\"twitter:label2\" content=\"Tiempo de lectura\" \/>\n\t<meta name=\"twitter:data2\" content=\"2 minutos\" \/>\n<script type=\"application\/ld+json\" class=\"yoast-schema-graph\">{\"@context\":\"https:\\\/\\\/schema.org\",\"@graph\":[{\"@type\":\"Article\",\"@id\":\"https:\\\/\\\/fuentesfidedignas.com.mx\\\/index.php\\\/2021\\\/08\\\/27\\\/cuentas-de-ricardo-anaya-no-se-han-congelado-uif\\\/#article\",\"isPartOf\":{\"@id\":\"https:\\\/\\\/fuentesfidedignas.com.mx\\\/index.php\\\/2021\\\/08\\\/27\\\/cuentas-de-ricardo-anaya-no-se-han-congelado-uif\\\/\"},\"author\":{\"name\":\"Forbes\",\"@id\":\"https:\\\/\\\/fuentesfidedignas.com.mx\\\/#\\\/schema\\\/person\\\/5623d53fe2e579d825b1679734abcc44\"},\"headline\":\"Cuentas de Ricardo Anaya no se han congelado: UIF\",\"datePublished\":\"2021-08-27T22:40:10+00:00\",\"dateModified\":\"2021-08-27T22:40:11+00:00\",\"mainEntityOfPage\":{\"@id\":\"https:\\\/\\\/fuentesfidedignas.com.mx\\\/index.php\\\/2021\\\/08\\\/27\\\/cuentas-de-ricardo-anaya-no-se-han-congelado-uif\\\/\"},\"wordCount\":293,\"commentCount\":0,\"publisher\":{\"@id\":\"https:\\\/\\\/fuentesfidedignas.com.mx\\\/#organization\"},\"image\":{\"@id\":\"https:\\\/\\\/fuentesfidedignas.com.mx\\\/index.php\\\/2021\\\/08\\\/27\\\/cuentas-de-ricardo-anaya-no-se-han-congelado-uif\\\/#primaryimage\"},\"thumbnailUrl\":\"https:\\\/\\\/fuentesfidedignas.com.mx\\\/wp-content\\\/uploads\\\/2021\\\/08\\\/SANTIAGO_NIETO.jpg\",\"keywords\":[\"Ricardo Anaya\",\"UIF\",\"Unidad de Inteligencia Financiera\"],\"articleSection\":[\"NOTICIAS NACIONALES\"],\"inLanguage\":\"es\",\"potentialAction\":[{\"@type\":\"CommentAction\",\"name\":\"Comment\",\"target\":[\"https:\\\/\\\/fuentesfidedignas.com.mx\\\/index.php\\\/2021\\\/08\\\/27\\\/cuentas-de-ricardo-anaya-no-se-han-congelado-uif\\\/#respond\"]}]},{\"@type\":\"WebPage\",\"@id\":\"https:\\\/\\\/fuentesfidedignas.com.mx\\\/index.php\\\/2021\\\/08\\\/27\\\/cuentas-de-ricardo-anaya-no-se-han-congelado-uif\\\/\",\"url\":\"https:\\\/\\\/fuentesfidedignas.com.mx\\\/index.php\\\/2021\\\/08\\\/27\\\/cuentas-de-ricardo-anaya-no-se-han-congelado-uif\\\/\",\"name\":\"Cuentas de Ricardo Anaya no se han congelado: UIF - Fuentes Fidedignas\",\"isPartOf\":{\"@id\":\"https:\\\/\\\/fuentesfidedignas.com.mx\\\/#website\"},\"primaryImageOfPage\":{\"@id\":\"https:\\\/\\\/fuentesfidedignas.com.mx\\\/index.php\\\/2021\\\/08\\\/27\\\/cuentas-de-ricardo-anaya-no-se-han-congelado-uif\\\/#primaryimage\"},\"image\":{\"@id\":\"https:\\\/\\\/fuentesfidedignas.com.mx\\\/index.php\\\/2021\\\/08\\\/27\\\/cuentas-de-ricardo-anaya-no-se-han-congelado-uif\\\/#primaryimage\"},\"thumbnailUrl\":\"https:\\\/\\\/fuentesfidedignas.com.mx\\\/wp-content\\\/uploads\\\/2021\\\/08\\\/SANTIAGO_NIETO.jpg\",\"datePublished\":\"2021-08-27T22:40:10+00:00\",\"dateModified\":\"2021-08-27T22:40:11+00:00\",\"breadcrumb\":{\"@id\":\"https:\\\/\\\/fuentesfidedignas.com.mx\\\/index.php\\\/2021\\\/08\\\/27\\\/cuentas-de-ricardo-anaya-no-se-han-congelado-uif\\\/#breadcrumb\"},\"inLanguage\":\"es\",\"potentialAction\":[{\"@type\":\"ReadAction\",\"target\":[\"https:\\\/\\\/fuentesfidedignas.com.mx\\\/index.php\\\/2021\\\/08\\\/27\\\/cuentas-de-ricardo-anaya-no-se-han-congelado-uif\\\/\"]}]},{\"@type\":\"ImageObject\",\"inLanguage\":\"es\",\"@id\":\"https:\\\/\\\/fuentesfidedignas.com.mx\\\/index.php\\\/2021\\\/08\\\/27\\\/cuentas-de-ricardo-anaya-no-se-han-congelado-uif\\\/#primaryimage\",\"url\":\"https:\\\/\\\/fuentesfidedignas.com.mx\\\/wp-content\\\/uploads\\\/2021\\\/08\\\/SANTIAGO_NIETO.jpg\",\"contentUrl\":\"https:\\\/\\\/fuentesfidedignas.com.mx\\\/wp-content\\\/uploads\\\/2021\\\/08\\\/SANTIAGO_NIETO.jpg\",\"width\":640,\"height\":360},{\"@type\":\"BreadcrumbList\",\"@id\":\"https:\\\/\\\/fuentesfidedignas.com.mx\\\/index.php\\\/2021\\\/08\\\/27\\\/cuentas-de-ricardo-anaya-no-se-han-congelado-uif\\\/#breadcrumb\",\"itemListElement\":[{\"@type\":\"ListItem\",\"position\":1,\"name\":\"Inicio\",\"item\":\"https:\\\/\\\/fuentesfidedignas.com.mx\\\/\"},{\"@type\":\"ListItem\",\"position\":2,\"name\":\"Cuentas de Ricardo Anaya no se han congelado: UIF\"}]},{\"@type\":\"WebSite\",\"@id\":\"https:\\\/\\\/fuentesfidedignas.com.mx\\\/#website\",\"url\":\"https:\\\/\\\/fuentesfidedignas.com.mx\\\/\",\"name\":\"Fuentes Fidedignas\",\"description\":\"Otro sitio realizado con WordPress\",\"publisher\":{\"@id\":\"https:\\\/\\\/fuentesfidedignas.com.mx\\\/#organization\"},\"potentialAction\":[{\"@type\":\"SearchAction\",\"target\":{\"@type\":\"EntryPoint\",\"urlTemplate\":\"https:\\\/\\\/fuentesfidedignas.com.mx\\\/?s={search_term_string}\"},\"query-input\":{\"@type\":\"PropertyValueSpecification\",\"valueRequired\":true,\"valueName\":\"search_term_string\"}}],\"inLanguage\":\"es\"},{\"@type\":\"Organization\",\"@id\":\"https:\\\/\\\/fuentesfidedignas.com.mx\\\/#organization\",\"name\":\"Fuentes Fidedignas\",\"url\":\"https:\\\/\\\/fuentesfidedignas.com.mx\\\/\",\"logo\":{\"@type\":\"ImageObject\",\"inLanguage\":\"es\",\"@id\":\"https:\\\/\\\/fuentesfidedignas.com.mx\\\/#\\\/schema\\\/logo\\\/image\\\/\",\"url\":\"https:\\\/\\\/fuentesfidedignas.com.mx\\\/wp-content\\\/uploads\\\/2021\\\/04\\\/logo-retina.png\",\"contentUrl\":\"https:\\\/\\\/fuentesfidedignas.com.mx\\\/wp-content\\\/uploads\\\/2021\\\/04\\\/logo-retina.png\",\"width\":280,\"height\":51,\"caption\":\"Fuentes Fidedignas\"},\"image\":{\"@id\":\"https:\\\/\\\/fuentesfidedignas.com.mx\\\/#\\\/schema\\\/logo\\\/image\\\/\"},\"sameAs\":[\"https:\\\/\\\/www.facebook.com\\\/Fuentes-Fidedignas-368234489921644\",\"https:\\\/\\\/x.com\\\/fidedignas\"]},{\"@type\":\"Person\",\"@id\":\"https:\\\/\\\/fuentesfidedignas.com.mx\\\/#\\\/schema\\\/person\\\/5623d53fe2e579d825b1679734abcc44\",\"name\":\"Forbes\",\"image\":{\"@type\":\"ImageObject\",\"inLanguage\":\"es\",\"@id\":\"https:\\\/\\\/secure.gravatar.com\\\/avatar\\\/87ce3dd4e41e60c22a79c758614f01a6bc2469255fc936ec7b15efb9bb5cb66f?s=96&d=mm&r=g\",\"url\":\"https:\\\/\\\/secure.gravatar.com\\\/avatar\\\/87ce3dd4e41e60c22a79c758614f01a6bc2469255fc936ec7b15efb9bb5cb66f?s=96&d=mm&r=g\",\"contentUrl\":\"https:\\\/\\\/secure.gravatar.com\\\/avatar\\\/87ce3dd4e41e60c22a79c758614f01a6bc2469255fc936ec7b15efb9bb5cb66f?s=96&d=mm&r=g\",\"caption\":\"Forbes\"},\"url\":\"https:\\\/\\\/fuentesfidedignas.com.mx\\\/index.php\\\/author\\\/forbes\\\/\"}]}<\/script>\n<!-- \/ Yoast SEO plugin. -->","yoast_head_json":{"title":"Cuentas de Ricardo Anaya no se han congelado: UIF - Fuentes Fidedignas","robots":{"index":"index","follow":"follow","max-snippet":"max-snippet:-1","max-image-preview":"max-image-preview:large","max-video-preview":"max-video-preview:-1"},"canonical":"https:\/\/fuentesfidedignas.com.mx\/index.php\/2021\/08\/27\/cuentas-de-ricardo-anaya-no-se-han-congelado-uif\/","og_locale":"es_MX","og_type":"article","og_title":"Cuentas de Ricardo Anaya no se han congelado: UIF - Fuentes Fidedignas","og_description":"La UIF confirm\u00f3 que se investigan las cuentas de Ricardo Anaya, quien sali\u00f3 del pa\u00eds desde 5 de julio por el aeropuerto de Reynosa. Ciudad de M\u00e9xico.- El titular de la Unidad de Inteligencia Financiera (UIF) Santiago Nieto Castillo, neg\u00f3 que hasta el momento se hayan congelado las cuentas bancarias al panista Ricardo Anaya, quien [&hellip;]","og_url":"https:\/\/fuentesfidedignas.com.mx\/index.php\/2021\/08\/27\/cuentas-de-ricardo-anaya-no-se-han-congelado-uif\/","og_site_name":"Fuentes Fidedignas","article_publisher":"https:\/\/www.facebook.com\/Fuentes-Fidedignas-368234489921644","article_published_time":"2021-08-27T22:40:10+00:00","article_modified_time":"2021-08-27T22:40:11+00:00","og_image":[{"width":640,"height":360,"url":"https:\/\/fuentesfidedignas.com.mx\/wp-content\/uploads\/2021\/08\/SANTIAGO_NIETO.jpg","type":"image\/jpeg"}],"author":"Forbes","twitter_card":"summary_large_image","twitter_creator":"@fidedignas","twitter_site":"@fidedignas","twitter_misc":{"Escrito por":"Forbes","Tiempo de lectura":"2 minutos"},"schema":{"@context":"https:\/\/schema.org","@graph":[{"@type":"Article","@id":"https:\/\/fuentesfidedignas.com.mx\/index.php\/2021\/08\/27\/cuentas-de-ricardo-anaya-no-se-han-congelado-uif\/#article","isPartOf":{"@id":"https:\/\/fuentesfidedignas.com.mx\/index.php\/2021\/08\/27\/cuentas-de-ricardo-anaya-no-se-han-congelado-uif\/"},"author":{"name":"Forbes","@id":"https:\/\/fuentesfidedignas.com.mx\/#\/schema\/person\/5623d53fe2e579d825b1679734abcc44"},"headline":"Cuentas de Ricardo Anaya no se han congelado: UIF","datePublished":"2021-08-27T22:40:10+00:00","dateModified":"2021-08-27T22:40:11+00:00","mainEntityOfPage":{"@id":"https:\/\/fuentesfidedignas.com.mx\/index.php\/2021\/08\/27\/cuentas-de-ricardo-anaya-no-se-han-congelado-uif\/"},"wordCount":293,"commentCount":0,"publisher":{"@id":"https:\/\/fuentesfidedignas.com.mx\/#organization"},"image":{"@id":"https:\/\/fuentesfidedignas.com.mx\/index.php\/2021\/08\/27\/cuentas-de-ricardo-anaya-no-se-han-congelado-uif\/#primaryimage"},"thumbnailUrl":"https:\/\/fuentesfidedignas.com.mx\/wp-content\/uploads\/2021\/08\/SANTIAGO_NIETO.jpg","keywords":["Ricardo Anaya","UIF","Unidad de Inteligencia Financiera"],"articleSection":["NOTICIAS NACIONALES"],"inLanguage":"es","potentialAction":[{"@type":"CommentAction","name":"Comment","target":["https:\/\/fuentesfidedignas.com.mx\/index.php\/2021\/08\/27\/cuentas-de-ricardo-anaya-no-se-han-congelado-uif\/#respond"]}]},{"@type":"WebPage","@id":"https:\/\/fuentesfidedignas.com.mx\/index.php\/2021\/08\/27\/cuentas-de-ricardo-anaya-no-se-han-congelado-uif\/","url":"https:\/\/fuentesfidedignas.com.mx\/index.php\/2021\/08\/27\/cuentas-de-ricardo-anaya-no-se-han-congelado-uif\/","name":"Cuentas de Ricardo Anaya no se han congelado: UIF - Fuentes Fidedignas","isPartOf":{"@id":"https:\/\/fuentesfidedignas.com.mx\/#website"},"primaryImageOfPage":{"@id":"https:\/\/fuentesfidedignas.com.mx\/index.php\/2021\/08\/27\/cuentas-de-ricardo-anaya-no-se-han-congelado-uif\/#primaryimage"},"image":{"@id":"https:\/\/fuentesfidedignas.com.mx\/index.php\/2021\/08\/27\/cuentas-de-ricardo-anaya-no-se-han-congelado-uif\/#primaryimage"},"thumbnailUrl":"https:\/\/fuentesfidedignas.com.mx\/wp-content\/uploads\/2021\/08\/SANTIAGO_NIETO.jpg","datePublished":"2021-08-27T22:40:10+00:00","dateModified":"2021-08-27T22:40:11+00:00","breadcrumb":{"@id":"https:\/\/fuentesfidedignas.com.mx\/index.php\/2021\/08\/27\/cuentas-de-ricardo-anaya-no-se-han-congelado-uif\/#breadcrumb"},"inLanguage":"es","potentialAction":[{"@type":"ReadAction","target":["https:\/\/fuentesfidedignas.com.mx\/index.php\/2021\/08\/27\/cuentas-de-ricardo-anaya-no-se-han-congelado-uif\/"]}]},{"@type":"ImageObject","inLanguage":"es","@id":"https:\/\/fuentesfidedignas.com.mx\/index.php\/2021\/08\/27\/cuentas-de-ricardo-anaya-no-se-han-congelado-uif\/#primaryimage","url":"https:\/\/fuentesfidedignas.com.mx\/wp-content\/uploads\/2021\/08\/SANTIAGO_NIETO.jpg","contentUrl":"https:\/\/fuentesfidedignas.com.mx\/wp-content\/uploads\/2021\/08\/SANTIAGO_NIETO.jpg","width":640,"height":360},{"@type":"BreadcrumbList","@id":"https:\/\/fuentesfidedignas.com.mx\/index.php\/2021\/08\/27\/cuentas-de-ricardo-anaya-no-se-han-congelado-uif\/#breadcrumb","itemListElement":[{"@type":"ListItem","position":1,"name":"Inicio","item":"https:\/\/fuentesfidedignas.com.mx\/"},{"@type":"ListItem","position":2,"name":"Cuentas de Ricardo Anaya no se han congelado: UIF"}]},{"@type":"WebSite","@id":"https:\/\/fuentesfidedignas.com.mx\/#website","url":"https:\/\/fuentesfidedignas.com.mx\/","name":"Fuentes Fidedignas","description":"Otro sitio realizado con WordPress","publisher":{"@id":"https:\/\/fuentesfidedignas.com.mx\/#organization"},"potentialAction":[{"@type":"SearchAction","target":{"@type":"EntryPoint","urlTemplate":"https:\/\/fuentesfidedignas.com.mx\/?s={search_term_string}"},"query-input":{"@type":"PropertyValueSpecification","valueRequired":true,"valueName":"search_term_string"}}],"inLanguage":"es"},{"@type":"Organization","@id":"https:\/\/fuentesfidedignas.com.mx\/#organization","name":"Fuentes Fidedignas","url":"https:\/\/fuentesfidedignas.com.mx\/","logo":{"@type":"ImageObject","inLanguage":"es","@id":"https:\/\/fuentesfidedignas.com.mx\/#\/schema\/logo\/image\/","url":"https:\/\/fuentesfidedignas.com.mx\/wp-content\/uploads\/2021\/04\/logo-retina.png","contentUrl":"https:\/\/fuentesfidedignas.com.mx\/wp-content\/uploads\/2021\/04\/logo-retina.png","width":280,"height":51,"caption":"Fuentes Fidedignas"},"image":{"@id":"https:\/\/fuentesfidedignas.com.mx\/#\/schema\/logo\/image\/"},"sameAs":["https:\/\/www.facebook.com\/Fuentes-Fidedignas-368234489921644","https:\/\/x.com\/fidedignas"]},{"@type":"Person","@id":"https:\/\/fuentesfidedignas.com.mx\/#\/schema\/person\/5623d53fe2e579d825b1679734abcc44","name":"Forbes","image":{"@type":"ImageObject","inLanguage":"es","@id":"https:\/\/secure.gravatar.com\/avatar\/87ce3dd4e41e60c22a79c758614f01a6bc2469255fc936ec7b15efb9bb5cb66f?s=96&d=mm&r=g","url":"https:\/\/secure.gravatar.com\/avatar\/87ce3dd4e41e60c22a79c758614f01a6bc2469255fc936ec7b15efb9bb5cb66f?s=96&d=mm&r=g","contentUrl":"https:\/\/secure.gravatar.com\/avatar\/87ce3dd4e41e60c22a79c758614f01a6bc2469255fc936ec7b15efb9bb5cb66f?s=96&d=mm&r=g","caption":"Forbes"},"url":"https:\/\/fuentesfidedignas.com.mx\/index.php\/author\/forbes\/"}]}},"_links":{"self":[{"href":"https:\/\/fuentesfidedignas.com.mx\/index.php\/wp-json\/wp\/v2\/posts\/11048","targetHints":{"allow":["GET"]}}],"collection":[{"href":"https:\/\/fuentesfidedignas.com.mx\/index.php\/wp-json\/wp\/v2\/posts"}],"about":[{"href":"https:\/\/fuentesfidedignas.com.mx\/index.php\/wp-json\/wp\/v2\/types\/post"}],"author":[{"embeddable":true,"href":"https:\/\/fuentesfidedignas.com.mx\/index.php\/wp-json\/wp\/v2\/users\/5"}],"replies":[{"embeddable":true,"href":"https:\/\/fuentesfidedignas.com.mx\/index.php\/wp-json\/wp\/v2\/comments?post=11048"}],"version-history":[{"count":1,"href":"https:\/\/fuentesfidedignas.com.mx\/index.php\/wp-json\/wp\/v2\/posts\/11048\/revisions"}],"predecessor-version":[{"id":11050,"href":"https:\/\/fuentesfidedignas.com.mx\/index.php\/wp-json\/wp\/v2\/posts\/11048\/revisions\/11050"}],"wp:featuredmedia":[{"embeddable":true,"href":"https:\/\/fuentesfidedignas.com.mx\/index.php\/wp-json\/wp\/v2\/media\/11049"}],"wp:attachment":[{"href":"https:\/\/fuentesfidedignas.com.mx\/index.php\/wp-json\/wp\/v2\/media?parent=11048"}],"wp:term":[{"taxonomy":"category","embeddable":true,"href":"https:\/\/fuentesfidedignas.com.mx\/index.php\/wp-json\/wp\/v2\/categories?post=11048"},{"taxonomy":"post_tag","embeddable":true,"href":"https:\/\/fuentesfidedignas.com.mx\/index.php\/wp-json\/wp\/v2\/tags?post=11048"}],"curies":[{"name":"wp","href":"https:\/\/api.w.org\/{rel}","templated":true}]}}