{"id":110438,"date":"2025-06-11T06:27:05","date_gmt":"2025-06-11T13:27:05","guid":{"rendered":"https:\/\/fuentesfidedignas.com.mx\/?p=110438"},"modified":"2025-06-11T06:29:39","modified_gmt":"2025-06-11T13:29:39","slug":"la-alcaldesa-de-los-angeles-declara-toque-de-queda-ante-la-tension-por-redadas-y-protestas","status":"publish","type":"post","link":"https:\/\/fuentesfidedignas.com.mx\/index.php\/2025\/06\/11\/la-alcaldesa-de-los-angeles-declara-toque-de-queda-ante-la-tension-por-redadas-y-protestas\/","title":{"rendered":"Alcaldesa de Los \u00c1ngeles declara toque de queda ante la tensi\u00f3n por redadas y protestas"},"content":{"rendered":"\n<p><strong><em>Karen Bass anunci\u00f3 un toque de queda de las 20.00 horas hasta las 6:00 a.m en Los \u00c1ngeles y prev\u00e9 que se extienda por varios d\u00edas<\/em><\/strong><\/p>\n\n\n\n<p>La alcaldesa de Los \u00c1ngeles,&nbsp;<strong>Karen Bass,<\/strong>&nbsp;anunci\u00f3 este martes que entrar\u00e1 en vigor un&nbsp;<strong>toque de queda de emergencia<\/strong>&nbsp;en el centro de la ciudad a partir de esta noche, como respuesta al&nbsp;<strong>aumento de tensiones en manifestaciones<\/strong>&nbsp;tras las recientes redadas migratorias y el despliegue de tropas federales en la zona.<\/p>\n\n\n\n<p>Esta restricci\u00f3n llega luego de cinco d\u00edas de protestas en la ciudad y entrar\u00e1 en vigor esta noche a partir de las<strong>20.00 horas hasta las 6:00 a.m<\/strong>&nbsp;del mi\u00e9rcoles y abarca aproximadamente un \u00e1rea de&nbsp;<strong>2.5 kil\u00f3metros cuadrados<\/strong><\/p>\n\n\n\n<p>Bass asegur\u00f3 que a\u00fan no se ha definido cu\u00e1nto tiempo permanecer\u00e1 en vigor el toque de queda, aunque&nbsp;<strong>se prev\u00e9 que se extienda por varios d\u00edas.<\/strong><\/p>\n\n\n\n<p>Las autoridades decidieron imponer la medida ante los&nbsp;<strong>disturbios y actos vand\u00e1licos nocturnos<\/strong>&nbsp;que persisten tras las protestas de parte de grupos que se niegan a dispersarse.<\/p>\n\n\n\n<blockquote class=\"wp-block-quote is-layout-flow wp-block-quote-is-layout-flow\">\n<p>\u201cEl toque de queda ha sido considerado durante varios d\u00edas, pero claramente, despu\u00e9s de la violencia que tuvo lugar anoche, 23 negocios saqueados, y ya solo ante la naturaleza extensa y generalizada del vandalismo, llegamos a un punto de inflexi\u00f3n y declaramos el estado de emergencia y pedimos el toque de queda\u201d, dijo la alcaldesa en una conferencia de prensa.<\/p>\n<\/blockquote>\n\n\n\n<p>El jefe del&nbsp;<strong>Departamento de Polic\u00eda de Los \u00c1ngeles, Jim McDonnell,<\/strong>&nbsp;detall\u00f3 que los \u00fanicos exentos del toque de queda son residentes dentro del \u00e1rea designada, personas en situaci\u00f3n de calle, personal de medios acreditados, as\u00ed como los trabajadores de seguridad p\u00fablica y servicios de emergencia.<\/p>\n","protected":false},"excerpt":{"rendered":"<p>Karen Bass anunci\u00f3 un toque de queda de las 20.00 horas hasta las 6:00 a.m en Los \u00c1ngeles y prev\u00e9 que se extienda por varios d\u00edas La alcaldesa de Los \u00c1ngeles,&nbsp;Karen Bass,&nbsp;anunci\u00f3 este martes que entrar\u00e1 en vigor un&nbsp;toque de queda de emergencia&nbsp;en el centro de la ciudad a partir de esta noche, como respuesta [&hellip;]<\/p>\n","protected":false},"author":47,"featured_media":110437,"comment_status":"closed","ping_status":"open","sticky":false,"template":"","format":"standard","meta":{"tdm_status":"","tdm_grid_status":"","footnotes":""},"categories":[39],"tags":[],"class_list":{"0":"post-110438","1":"post","2":"type-post","3":"status-publish","4":"format-standard","5":"has-post-thumbnail","7":"category-noticias-nacionales"},"yoast_head":"<!-- This site is optimized with the Yoast SEO plugin v27.4 - https:\/\/yoast.com\/product\/yoast-seo-wordpress\/ -->\n<title>Alcaldesa de Los \u00c1ngeles declara toque de queda ante la tensi\u00f3n por redadas y protestas - Fuentes Fidedignas<\/title>\n<meta name=\"robots\" content=\"index, follow, max-snippet:-1, max-image-preview:large, max-video-preview:-1\" \/>\n<link rel=\"canonical\" href=\"https:\/\/fuentesfidedignas.com.mx\/index.php\/2025\/06\/11\/la-alcaldesa-de-los-angeles-declara-toque-de-queda-ante-la-tension-por-redadas-y-protestas\/\" \/>\n<meta property=\"og:locale\" content=\"es_MX\" \/>\n<meta property=\"og:type\" content=\"article\" \/>\n<meta property=\"og:title\" content=\"Alcaldesa de Los \u00c1ngeles declara toque de queda ante la tensi\u00f3n por redadas y protestas - Fuentes Fidedignas\" \/>\n<meta property=\"og:description\" content=\"Karen Bass anunci\u00f3 un toque de queda de las 20.00 horas hasta las 6:00 a.m en Los \u00c1ngeles y prev\u00e9 que se extienda por varios d\u00edas La alcaldesa de Los \u00c1ngeles,&nbsp;Karen Bass,&nbsp;anunci\u00f3 este martes que entrar\u00e1 en vigor un&nbsp;toque de queda de emergencia&nbsp;en el centro de la ciudad a partir de esta noche, como respuesta [&hellip;]\" \/>\n<meta property=\"og:url\" content=\"https:\/\/fuentesfidedignas.com.mx\/index.php\/2025\/06\/11\/la-alcaldesa-de-los-angeles-declara-toque-de-queda-ante-la-tension-por-redadas-y-protestas\/\" \/>\n<meta property=\"og:site_name\" content=\"Fuentes Fidedignas\" \/>\n<meta property=\"article:publisher\" content=\"https:\/\/www.facebook.com\/Fuentes-Fidedignas-368234489921644\" \/>\n<meta property=\"article:published_time\" content=\"2025-06-11T13:27:05+00:00\" \/>\n<meta property=\"article:modified_time\" content=\"2025-06-11T13:29:39+00:00\" \/>\n<meta property=\"og:image\" content=\"https:\/\/fuentesfidedignas.com.mx\/wp-content\/uploads\/2025\/06\/img_6764-1.jpg\" \/>\n\t<meta property=\"og:image:width\" content=\"1536\" \/>\n\t<meta property=\"og:image:height\" content=\"1024\" \/>\n\t<meta property=\"og:image:type\" content=\"image\/jpeg\" \/>\n<meta name=\"author\" content=\"L\u00f3pez D\u00f3riga\" \/>\n<meta name=\"twitter:card\" content=\"summary_large_image\" \/>\n<meta name=\"twitter:creator\" content=\"@fidedignas\" \/>\n<meta name=\"twitter:site\" content=\"@fidedignas\" \/>\n<meta name=\"twitter:label1\" content=\"Escrito por\" \/>\n\t<meta name=\"twitter:data1\" content=\"L\u00f3pez D\u00f3riga\" \/>\n\t<meta name=\"twitter:label2\" content=\"Tiempo de lectura\" \/>\n\t<meta name=\"twitter:data2\" content=\"2 minutos\" \/>\n<script type=\"application\/ld+json\" class=\"yoast-schema-graph\">{\"@context\":\"https:\\\/\\\/schema.org\",\"@graph\":[{\"@type\":\"Article\",\"@id\":\"https:\\\/\\\/fuentesfidedignas.com.mx\\\/index.php\\\/2025\\\/06\\\/11\\\/la-alcaldesa-de-los-angeles-declara-toque-de-queda-ante-la-tension-por-redadas-y-protestas\\\/#article\",\"isPartOf\":{\"@id\":\"https:\\\/\\\/fuentesfidedignas.com.mx\\\/index.php\\\/2025\\\/06\\\/11\\\/la-alcaldesa-de-los-angeles-declara-toque-de-queda-ante-la-tension-por-redadas-y-protestas\\\/\"},\"author\":{\"name\":\"L\u00f3pez D\u00f3riga\",\"@id\":\"https:\\\/\\\/fuentesfidedignas.com.mx\\\/#\\\/schema\\\/person\\\/67d852f0557c8509146a4b9ddebd543a\"},\"headline\":\"Alcaldesa de Los \u00c1ngeles declara toque de queda ante la tensi\u00f3n por redadas y protestas\",\"datePublished\":\"2025-06-11T13:27:05+00:00\",\"dateModified\":\"2025-06-11T13:29:39+00:00\",\"mainEntityOfPage\":{\"@id\":\"https:\\\/\\\/fuentesfidedignas.com.mx\\\/index.php\\\/2025\\\/06\\\/11\\\/la-alcaldesa-de-los-angeles-declara-toque-de-queda-ante-la-tension-por-redadas-y-protestas\\\/\"},\"wordCount\":317,\"publisher\":{\"@id\":\"https:\\\/\\\/fuentesfidedignas.com.mx\\\/#organization\"},\"image\":{\"@id\":\"https:\\\/\\\/fuentesfidedignas.com.mx\\\/index.php\\\/2025\\\/06\\\/11\\\/la-alcaldesa-de-los-angeles-declara-toque-de-queda-ante-la-tension-por-redadas-y-protestas\\\/#primaryimage\"},\"thumbnailUrl\":\"https:\\\/\\\/fuentesfidedignas.com.mx\\\/wp-content\\\/uploads\\\/2025\\\/06\\\/img_6764-1.jpg\",\"articleSection\":[\"NOTICIAS NACIONALES\"],\"inLanguage\":\"es\"},{\"@type\":\"WebPage\",\"@id\":\"https:\\\/\\\/fuentesfidedignas.com.mx\\\/index.php\\\/2025\\\/06\\\/11\\\/la-alcaldesa-de-los-angeles-declara-toque-de-queda-ante-la-tension-por-redadas-y-protestas\\\/\",\"url\":\"https:\\\/\\\/fuentesfidedignas.com.mx\\\/index.php\\\/2025\\\/06\\\/11\\\/la-alcaldesa-de-los-angeles-declara-toque-de-queda-ante-la-tension-por-redadas-y-protestas\\\/\",\"name\":\"Alcaldesa de Los \u00c1ngeles declara toque de queda ante la tensi\u00f3n por redadas y protestas - Fuentes Fidedignas\",\"isPartOf\":{\"@id\":\"https:\\\/\\\/fuentesfidedignas.com.mx\\\/#website\"},\"primaryImageOfPage\":{\"@id\":\"https:\\\/\\\/fuentesfidedignas.com.mx\\\/index.php\\\/2025\\\/06\\\/11\\\/la-alcaldesa-de-los-angeles-declara-toque-de-queda-ante-la-tension-por-redadas-y-protestas\\\/#primaryimage\"},\"image\":{\"@id\":\"https:\\\/\\\/fuentesfidedignas.com.mx\\\/index.php\\\/2025\\\/06\\\/11\\\/la-alcaldesa-de-los-angeles-declara-toque-de-queda-ante-la-tension-por-redadas-y-protestas\\\/#primaryimage\"},\"thumbnailUrl\":\"https:\\\/\\\/fuentesfidedignas.com.mx\\\/wp-content\\\/uploads\\\/2025\\\/06\\\/img_6764-1.jpg\",\"datePublished\":\"2025-06-11T13:27:05+00:00\",\"dateModified\":\"2025-06-11T13:29:39+00:00\",\"breadcrumb\":{\"@id\":\"https:\\\/\\\/fuentesfidedignas.com.mx\\\/index.php\\\/2025\\\/06\\\/11\\\/la-alcaldesa-de-los-angeles-declara-toque-de-queda-ante-la-tension-por-redadas-y-protestas\\\/#breadcrumb\"},\"inLanguage\":\"es\",\"potentialAction\":[{\"@type\":\"ReadAction\",\"target\":[\"https:\\\/\\\/fuentesfidedignas.com.mx\\\/index.php\\\/2025\\\/06\\\/11\\\/la-alcaldesa-de-los-angeles-declara-toque-de-queda-ante-la-tension-por-redadas-y-protestas\\\/\"]}]},{\"@type\":\"ImageObject\",\"inLanguage\":\"es\",\"@id\":\"https:\\\/\\\/fuentesfidedignas.com.mx\\\/index.php\\\/2025\\\/06\\\/11\\\/la-alcaldesa-de-los-angeles-declara-toque-de-queda-ante-la-tension-por-redadas-y-protestas\\\/#primaryimage\",\"url\":\"https:\\\/\\\/fuentesfidedignas.com.mx\\\/wp-content\\\/uploads\\\/2025\\\/06\\\/img_6764-1.jpg\",\"contentUrl\":\"https:\\\/\\\/fuentesfidedignas.com.mx\\\/wp-content\\\/uploads\\\/2025\\\/06\\\/img_6764-1.jpg\",\"width\":1536,\"height\":1024},{\"@type\":\"BreadcrumbList\",\"@id\":\"https:\\\/\\\/fuentesfidedignas.com.mx\\\/index.php\\\/2025\\\/06\\\/11\\\/la-alcaldesa-de-los-angeles-declara-toque-de-queda-ante-la-tension-por-redadas-y-protestas\\\/#breadcrumb\",\"itemListElement\":[{\"@type\":\"ListItem\",\"position\":1,\"name\":\"Inicio\",\"item\":\"https:\\\/\\\/fuentesfidedignas.com.mx\\\/\"},{\"@type\":\"ListItem\",\"position\":2,\"name\":\"Alcaldesa de Los \u00c1ngeles declara toque de queda ante la tensi\u00f3n por redadas y protestas\"}]},{\"@type\":\"WebSite\",\"@id\":\"https:\\\/\\\/fuentesfidedignas.com.mx\\\/#website\",\"url\":\"https:\\\/\\\/fuentesfidedignas.com.mx\\\/\",\"name\":\"Fuentes Fidedignas\",\"description\":\"Otro sitio realizado con WordPress\",\"publisher\":{\"@id\":\"https:\\\/\\\/fuentesfidedignas.com.mx\\\/#organization\"},\"potentialAction\":[{\"@type\":\"SearchAction\",\"target\":{\"@type\":\"EntryPoint\",\"urlTemplate\":\"https:\\\/\\\/fuentesfidedignas.com.mx\\\/?s={search_term_string}\"},\"query-input\":{\"@type\":\"PropertyValueSpecification\",\"valueRequired\":true,\"valueName\":\"search_term_string\"}}],\"inLanguage\":\"es\"},{\"@type\":\"Organization\",\"@id\":\"https:\\\/\\\/fuentesfidedignas.com.mx\\\/#organization\",\"name\":\"Fuentes Fidedignas\",\"url\":\"https:\\\/\\\/fuentesfidedignas.com.mx\\\/\",\"logo\":{\"@type\":\"ImageObject\",\"inLanguage\":\"es\",\"@id\":\"https:\\\/\\\/fuentesfidedignas.com.mx\\\/#\\\/schema\\\/logo\\\/image\\\/\",\"url\":\"https:\\\/\\\/fuentesfidedignas.com.mx\\\/wp-content\\\/uploads\\\/2021\\\/04\\\/logo-retina.png\",\"contentUrl\":\"https:\\\/\\\/fuentesfidedignas.com.mx\\\/wp-content\\\/uploads\\\/2021\\\/04\\\/logo-retina.png\",\"width\":280,\"height\":51,\"caption\":\"Fuentes Fidedignas\"},\"image\":{\"@id\":\"https:\\\/\\\/fuentesfidedignas.com.mx\\\/#\\\/schema\\\/logo\\\/image\\\/\"},\"sameAs\":[\"https:\\\/\\\/www.facebook.com\\\/Fuentes-Fidedignas-368234489921644\",\"https:\\\/\\\/x.com\\\/fidedignas\"]},{\"@type\":\"Person\",\"@id\":\"https:\\\/\\\/fuentesfidedignas.com.mx\\\/#\\\/schema\\\/person\\\/67d852f0557c8509146a4b9ddebd543a\",\"name\":\"L\u00f3pez D\u00f3riga\",\"image\":{\"@type\":\"ImageObject\",\"inLanguage\":\"es\",\"@id\":\"https:\\\/\\\/secure.gravatar.com\\\/avatar\\\/e525b06574ca18b33cded59dfe5778d6c823b9513154eff47da551b0551bdd1e?s=96&d=mm&r=g\",\"url\":\"https:\\\/\\\/secure.gravatar.com\\\/avatar\\\/e525b06574ca18b33cded59dfe5778d6c823b9513154eff47da551b0551bdd1e?s=96&d=mm&r=g\",\"contentUrl\":\"https:\\\/\\\/secure.gravatar.com\\\/avatar\\\/e525b06574ca18b33cded59dfe5778d6c823b9513154eff47da551b0551bdd1e?s=96&d=mm&r=g\",\"caption\":\"L\u00f3pez D\u00f3riga\"},\"url\":\"https:\\\/\\\/fuentesfidedignas.com.mx\\\/index.php\\\/author\\\/doriga\\\/\"}]}<\/script>\n<!-- \/ Yoast SEO plugin. -->","yoast_head_json":{"title":"Alcaldesa de Los \u00c1ngeles declara toque de queda ante la tensi\u00f3n por redadas y protestas - Fuentes Fidedignas","robots":{"index":"index","follow":"follow","max-snippet":"max-snippet:-1","max-image-preview":"max-image-preview:large","max-video-preview":"max-video-preview:-1"},"canonical":"https:\/\/fuentesfidedignas.com.mx\/index.php\/2025\/06\/11\/la-alcaldesa-de-los-angeles-declara-toque-de-queda-ante-la-tension-por-redadas-y-protestas\/","og_locale":"es_MX","og_type":"article","og_title":"Alcaldesa de Los \u00c1ngeles declara toque de queda ante la tensi\u00f3n por redadas y protestas - Fuentes Fidedignas","og_description":"Karen Bass anunci\u00f3 un toque de queda de las 20.00 horas hasta las 6:00 a.m en Los \u00c1ngeles y prev\u00e9 que se extienda por varios d\u00edas La alcaldesa de Los \u00c1ngeles,&nbsp;Karen Bass,&nbsp;anunci\u00f3 este martes que entrar\u00e1 en vigor un&nbsp;toque de queda de emergencia&nbsp;en el centro de la ciudad a partir de esta noche, como respuesta [&hellip;]","og_url":"https:\/\/fuentesfidedignas.com.mx\/index.php\/2025\/06\/11\/la-alcaldesa-de-los-angeles-declara-toque-de-queda-ante-la-tension-por-redadas-y-protestas\/","og_site_name":"Fuentes Fidedignas","article_publisher":"https:\/\/www.facebook.com\/Fuentes-Fidedignas-368234489921644","article_published_time":"2025-06-11T13:27:05+00:00","article_modified_time":"2025-06-11T13:29:39+00:00","og_image":[{"width":1536,"height":1024,"url":"https:\/\/fuentesfidedignas.com.mx\/wp-content\/uploads\/2025\/06\/img_6764-1.jpg","type":"image\/jpeg"}],"author":"L\u00f3pez D\u00f3riga","twitter_card":"summary_large_image","twitter_creator":"@fidedignas","twitter_site":"@fidedignas","twitter_misc":{"Escrito por":"L\u00f3pez D\u00f3riga","Tiempo de lectura":"2 minutos"},"schema":{"@context":"https:\/\/schema.org","@graph":[{"@type":"Article","@id":"https:\/\/fuentesfidedignas.com.mx\/index.php\/2025\/06\/11\/la-alcaldesa-de-los-angeles-declara-toque-de-queda-ante-la-tension-por-redadas-y-protestas\/#article","isPartOf":{"@id":"https:\/\/fuentesfidedignas.com.mx\/index.php\/2025\/06\/11\/la-alcaldesa-de-los-angeles-declara-toque-de-queda-ante-la-tension-por-redadas-y-protestas\/"},"author":{"name":"L\u00f3pez D\u00f3riga","@id":"https:\/\/fuentesfidedignas.com.mx\/#\/schema\/person\/67d852f0557c8509146a4b9ddebd543a"},"headline":"Alcaldesa de Los \u00c1ngeles declara toque de queda ante la tensi\u00f3n por redadas y protestas","datePublished":"2025-06-11T13:27:05+00:00","dateModified":"2025-06-11T13:29:39+00:00","mainEntityOfPage":{"@id":"https:\/\/fuentesfidedignas.com.mx\/index.php\/2025\/06\/11\/la-alcaldesa-de-los-angeles-declara-toque-de-queda-ante-la-tension-por-redadas-y-protestas\/"},"wordCount":317,"publisher":{"@id":"https:\/\/fuentesfidedignas.com.mx\/#organization"},"image":{"@id":"https:\/\/fuentesfidedignas.com.mx\/index.php\/2025\/06\/11\/la-alcaldesa-de-los-angeles-declara-toque-de-queda-ante-la-tension-por-redadas-y-protestas\/#primaryimage"},"thumbnailUrl":"https:\/\/fuentesfidedignas.com.mx\/wp-content\/uploads\/2025\/06\/img_6764-1.jpg","articleSection":["NOTICIAS NACIONALES"],"inLanguage":"es"},{"@type":"WebPage","@id":"https:\/\/fuentesfidedignas.com.mx\/index.php\/2025\/06\/11\/la-alcaldesa-de-los-angeles-declara-toque-de-queda-ante-la-tension-por-redadas-y-protestas\/","url":"https:\/\/fuentesfidedignas.com.mx\/index.php\/2025\/06\/11\/la-alcaldesa-de-los-angeles-declara-toque-de-queda-ante-la-tension-por-redadas-y-protestas\/","name":"Alcaldesa de Los \u00c1ngeles declara toque de queda ante la tensi\u00f3n por redadas y protestas - Fuentes Fidedignas","isPartOf":{"@id":"https:\/\/fuentesfidedignas.com.mx\/#website"},"primaryImageOfPage":{"@id":"https:\/\/fuentesfidedignas.com.mx\/index.php\/2025\/06\/11\/la-alcaldesa-de-los-angeles-declara-toque-de-queda-ante-la-tension-por-redadas-y-protestas\/#primaryimage"},"image":{"@id":"https:\/\/fuentesfidedignas.com.mx\/index.php\/2025\/06\/11\/la-alcaldesa-de-los-angeles-declara-toque-de-queda-ante-la-tension-por-redadas-y-protestas\/#primaryimage"},"thumbnailUrl":"https:\/\/fuentesfidedignas.com.mx\/wp-content\/uploads\/2025\/06\/img_6764-1.jpg","datePublished":"2025-06-11T13:27:05+00:00","dateModified":"2025-06-11T13:29:39+00:00","breadcrumb":{"@id":"https:\/\/fuentesfidedignas.com.mx\/index.php\/2025\/06\/11\/la-alcaldesa-de-los-angeles-declara-toque-de-queda-ante-la-tension-por-redadas-y-protestas\/#breadcrumb"},"inLanguage":"es","potentialAction":[{"@type":"ReadAction","target":["https:\/\/fuentesfidedignas.com.mx\/index.php\/2025\/06\/11\/la-alcaldesa-de-los-angeles-declara-toque-de-queda-ante-la-tension-por-redadas-y-protestas\/"]}]},{"@type":"ImageObject","inLanguage":"es","@id":"https:\/\/fuentesfidedignas.com.mx\/index.php\/2025\/06\/11\/la-alcaldesa-de-los-angeles-declara-toque-de-queda-ante-la-tension-por-redadas-y-protestas\/#primaryimage","url":"https:\/\/fuentesfidedignas.com.mx\/wp-content\/uploads\/2025\/06\/img_6764-1.jpg","contentUrl":"https:\/\/fuentesfidedignas.com.mx\/wp-content\/uploads\/2025\/06\/img_6764-1.jpg","width":1536,"height":1024},{"@type":"BreadcrumbList","@id":"https:\/\/fuentesfidedignas.com.mx\/index.php\/2025\/06\/11\/la-alcaldesa-de-los-angeles-declara-toque-de-queda-ante-la-tension-por-redadas-y-protestas\/#breadcrumb","itemListElement":[{"@type":"ListItem","position":1,"name":"Inicio","item":"https:\/\/fuentesfidedignas.com.mx\/"},{"@type":"ListItem","position":2,"name":"Alcaldesa de Los \u00c1ngeles declara toque de queda ante la tensi\u00f3n por redadas y protestas"}]},{"@type":"WebSite","@id":"https:\/\/fuentesfidedignas.com.mx\/#website","url":"https:\/\/fuentesfidedignas.com.mx\/","name":"Fuentes Fidedignas","description":"Otro sitio realizado con WordPress","publisher":{"@id":"https:\/\/fuentesfidedignas.com.mx\/#organization"},"potentialAction":[{"@type":"SearchAction","target":{"@type":"EntryPoint","urlTemplate":"https:\/\/fuentesfidedignas.com.mx\/?s={search_term_string}"},"query-input":{"@type":"PropertyValueSpecification","valueRequired":true,"valueName":"search_term_string"}}],"inLanguage":"es"},{"@type":"Organization","@id":"https:\/\/fuentesfidedignas.com.mx\/#organization","name":"Fuentes Fidedignas","url":"https:\/\/fuentesfidedignas.com.mx\/","logo":{"@type":"ImageObject","inLanguage":"es","@id":"https:\/\/fuentesfidedignas.com.mx\/#\/schema\/logo\/image\/","url":"https:\/\/fuentesfidedignas.com.mx\/wp-content\/uploads\/2021\/04\/logo-retina.png","contentUrl":"https:\/\/fuentesfidedignas.com.mx\/wp-content\/uploads\/2021\/04\/logo-retina.png","width":280,"height":51,"caption":"Fuentes Fidedignas"},"image":{"@id":"https:\/\/fuentesfidedignas.com.mx\/#\/schema\/logo\/image\/"},"sameAs":["https:\/\/www.facebook.com\/Fuentes-Fidedignas-368234489921644","https:\/\/x.com\/fidedignas"]},{"@type":"Person","@id":"https:\/\/fuentesfidedignas.com.mx\/#\/schema\/person\/67d852f0557c8509146a4b9ddebd543a","name":"L\u00f3pez D\u00f3riga","image":{"@type":"ImageObject","inLanguage":"es","@id":"https:\/\/secure.gravatar.com\/avatar\/e525b06574ca18b33cded59dfe5778d6c823b9513154eff47da551b0551bdd1e?s=96&d=mm&r=g","url":"https:\/\/secure.gravatar.com\/avatar\/e525b06574ca18b33cded59dfe5778d6c823b9513154eff47da551b0551bdd1e?s=96&d=mm&r=g","contentUrl":"https:\/\/secure.gravatar.com\/avatar\/e525b06574ca18b33cded59dfe5778d6c823b9513154eff47da551b0551bdd1e?s=96&d=mm&r=g","caption":"L\u00f3pez D\u00f3riga"},"url":"https:\/\/fuentesfidedignas.com.mx\/index.php\/author\/doriga\/"}]}},"_links":{"self":[{"href":"https:\/\/fuentesfidedignas.com.mx\/index.php\/wp-json\/wp\/v2\/posts\/110438","targetHints":{"allow":["GET"]}}],"collection":[{"href":"https:\/\/fuentesfidedignas.com.mx\/index.php\/wp-json\/wp\/v2\/posts"}],"about":[{"href":"https:\/\/fuentesfidedignas.com.mx\/index.php\/wp-json\/wp\/v2\/types\/post"}],"author":[{"embeddable":true,"href":"https:\/\/fuentesfidedignas.com.mx\/index.php\/wp-json\/wp\/v2\/users\/47"}],"replies":[{"embeddable":true,"href":"https:\/\/fuentesfidedignas.com.mx\/index.php\/wp-json\/wp\/v2\/comments?post=110438"}],"version-history":[{"count":2,"href":"https:\/\/fuentesfidedignas.com.mx\/index.php\/wp-json\/wp\/v2\/posts\/110438\/revisions"}],"predecessor-version":[{"id":110440,"href":"https:\/\/fuentesfidedignas.com.mx\/index.php\/wp-json\/wp\/v2\/posts\/110438\/revisions\/110440"}],"wp:featuredmedia":[{"embeddable":true,"href":"https:\/\/fuentesfidedignas.com.mx\/index.php\/wp-json\/wp\/v2\/media\/110437"}],"wp:attachment":[{"href":"https:\/\/fuentesfidedignas.com.mx\/index.php\/wp-json\/wp\/v2\/media?parent=110438"}],"wp:term":[{"taxonomy":"category","embeddable":true,"href":"https:\/\/fuentesfidedignas.com.mx\/index.php\/wp-json\/wp\/v2\/categories?post=110438"},{"taxonomy":"post_tag","embeddable":true,"href":"https:\/\/fuentesfidedignas.com.mx\/index.php\/wp-json\/wp\/v2\/tags?post=110438"}],"curies":[{"name":"wp","href":"https:\/\/api.w.org\/{rel}","templated":true}]}}