{"id":110344,"date":"2025-06-10T07:07:13","date_gmt":"2025-06-10T14:07:13","guid":{"rendered":"https:\/\/fuentesfidedignas.com.mx\/?p=110344"},"modified":"2025-06-10T07:07:13","modified_gmt":"2025-06-10T14:07:13","slug":"al-menos-10-muertos-tras-tiroteo-en-una-escuela-de-austria","status":"publish","type":"post","link":"https:\/\/fuentesfidedignas.com.mx\/index.php\/2025\/06\/10\/al-menos-10-muertos-tras-tiroteo-en-una-escuela-de-austria\/","title":{"rendered":"Al menos 10 muertos tras tiroteo en una escuela de Austria"},"content":{"rendered":"\n<p><strong><em>El tiroteo en un centro de ense\u00f1anza secundaria de Graz, en Austria, fue calificado por autoridades como una \u201cterrible tragedia\u201d<\/em><\/strong><\/p>\n\n\n\n<p>Al menos&nbsp;<strong>diez personas muertas<\/strong>&nbsp;-ocho alumnos, un adulto y el supuesto agresor- fue el saldo este martes de un&nbsp;<strong>tiroteo<\/strong>&nbsp;en un centro de ense\u00f1anza secundaria de&nbsp;<strong>Graz<\/strong>, en&nbsp;<strong>Austria<\/strong>, seg\u00fan ha confirmado la alcaldesa,&nbsp;<strong>Elke Kahr<\/strong>.<\/p>\n\n\n\n<p>Kahr, que calific\u00f3 el tiroteo de \u201cterrible tragedia\u201d, afirm\u00f3 que muchos heridos han sido trasladados a hospitales.<\/p>\n\n\n\n<p>Algunos medios se\u00f1alan que hay al menos 28 heridos, cuatro de ellos en estado cr\u00edtico.<\/p>\n\n\n\n<p>Un portavoz de la Polic\u00eda de Graz indic\u00f3 que el centro escolar fue evacuado y que se registr\u00f3 el edificio para descartar otros riesgos para la seguridad.<\/p>\n\n\n\n<p>En principio, autoridades de Austria asumieron la tesis de que el atacante actu\u00f3 solo.<\/p>\n\n\n\n<p>El ataque comenz\u00f3 sobre las 10:00 h en un centro adonde acuden alumnos a partir de 14 a\u00f1os, el&nbsp;<strong>BORG Dreiersch\u00fctzengasse<\/strong>.<\/p>\n\n\n\n<p>Seg\u00fan el diario Kronen Zeitung, el supuesto agresor era estudiante del centro y hab\u00eda sido v\u00edctima de acoso escolar, mientras que el peri\u00f3dico Salzburger Nachrichten afirma que se trata de un exalumno de 22 a\u00f1os.<\/p>\n\n\n\n<p>Ese medio se\u00f1ala que acudi\u00f3 a dos aulas, una de ellas en la que estaban sus antiguos compa\u00f1eros, con una pistola y una escopeta que pose\u00eda legalmente.<\/p>\n\n\n\n<p>Diferentes medios se\u00f1alan que un cad\u00e1ver fue localizado en los aseos y que podr\u00eda ser el del atacante.<\/p>\n\n\n\n<p>Los alumnos y profesores fueron trasladados a otra ubicaci\u00f3n y se ha establecido un punto de reuni\u00f3n e informaci\u00f3n para los padres y madres de los estudiantes.<\/p>\n\n\n\n<p>La zona alrededor del centro escolar fue acordonada y est\u00e1 vigilada por polic\u00edas fuertemente armados, y se ha desviado el tr\u00e1fico.<\/p>\n\n\n\n<p>Dentro de diez d\u00edas se cumplen el d\u00e9cimo aniversario de un tiroteo en Graz en el que murieron tres personas.<\/p>\n","protected":false},"excerpt":{"rendered":"<p>El tiroteo en un centro de ense\u00f1anza secundaria de Graz, en Austria, fue calificado por autoridades como una \u201cterrible tragedia\u201d Al menos&nbsp;diez personas muertas&nbsp;-ocho alumnos, un adulto y el supuesto agresor- fue el saldo este martes de un&nbsp;tiroteo&nbsp;en un centro de ense\u00f1anza secundaria de&nbsp;Graz, en&nbsp;Austria, seg\u00fan ha confirmado la alcaldesa,&nbsp;Elke Kahr. Kahr, que calific\u00f3 el [&hellip;]<\/p>\n","protected":false},"author":22,"featured_media":110343,"comment_status":"closed","ping_status":"open","sticky":false,"template":"","format":"standard","meta":{"tdm_status":"","tdm_grid_status":"","footnotes":""},"categories":[39],"tags":[],"class_list":{"0":"post-110344","1":"post","2":"type-post","3":"status-publish","4":"format-standard","5":"has-post-thumbnail","7":"category-noticias-nacionales"},"yoast_head":"<!-- This site is optimized with the Yoast SEO plugin v27.5 - https:\/\/yoast.com\/product\/yoast-seo-wordpress\/ -->\n<title>Al menos 10 muertos tras tiroteo en una escuela de Austria - Fuentes Fidedignas<\/title>\n<meta name=\"robots\" content=\"index, follow, max-snippet:-1, max-image-preview:large, max-video-preview:-1\" \/>\n<link rel=\"canonical\" href=\"https:\/\/fuentesfidedignas.com.mx\/index.php\/2025\/06\/10\/al-menos-10-muertos-tras-tiroteo-en-una-escuela-de-austria\/\" \/>\n<meta property=\"og:locale\" content=\"es_MX\" \/>\n<meta property=\"og:type\" content=\"article\" \/>\n<meta property=\"og:title\" content=\"Al menos 10 muertos tras tiroteo en una escuela de Austria - Fuentes Fidedignas\" \/>\n<meta property=\"og:description\" content=\"El tiroteo en un centro de ense\u00f1anza secundaria de Graz, en Austria, fue calificado por autoridades como una \u201cterrible tragedia\u201d Al menos&nbsp;diez personas muertas&nbsp;-ocho alumnos, un adulto y el supuesto agresor- fue el saldo este martes de un&nbsp;tiroteo&nbsp;en un centro de ense\u00f1anza secundaria de&nbsp;Graz, en&nbsp;Austria, seg\u00fan ha confirmado la alcaldesa,&nbsp;Elke Kahr. Kahr, que calific\u00f3 el [&hellip;]\" \/>\n<meta property=\"og:url\" content=\"https:\/\/fuentesfidedignas.com.mx\/index.php\/2025\/06\/10\/al-menos-10-muertos-tras-tiroteo-en-una-escuela-de-austria\/\" \/>\n<meta property=\"og:site_name\" content=\"Fuentes Fidedignas\" \/>\n<meta property=\"article:publisher\" content=\"https:\/\/www.facebook.com\/Fuentes-Fidedignas-368234489921644\" \/>\n<meta property=\"article:published_time\" content=\"2025-06-10T14:07:13+00:00\" \/>\n<meta property=\"og:image\" content=\"https:\/\/fuentesfidedignas.com.mx\/wp-content\/uploads\/2025\/06\/img_6560-1.jpg\" \/>\n\t<meta property=\"og:image:width\" content=\"1536\" \/>\n\t<meta property=\"og:image:height\" content=\"1024\" \/>\n\t<meta property=\"og:image:type\" content=\"image\/jpeg\" \/>\n<meta name=\"author\" content=\"EFE\" \/>\n<meta name=\"twitter:card\" content=\"summary_large_image\" \/>\n<meta name=\"twitter:creator\" content=\"@fidedignas\" \/>\n<meta name=\"twitter:site\" content=\"@fidedignas\" \/>\n<meta name=\"twitter:label1\" content=\"Escrito por\" \/>\n\t<meta name=\"twitter:data1\" content=\"EFE\" \/>\n\t<meta name=\"twitter:label2\" content=\"Tiempo de lectura\" \/>\n\t<meta name=\"twitter:data2\" content=\"2 minutos\" \/>\n<script type=\"application\/ld+json\" class=\"yoast-schema-graph\">{\"@context\":\"https:\\\/\\\/schema.org\",\"@graph\":[{\"@type\":\"Article\",\"@id\":\"https:\\\/\\\/fuentesfidedignas.com.mx\\\/index.php\\\/2025\\\/06\\\/10\\\/al-menos-10-muertos-tras-tiroteo-en-una-escuela-de-austria\\\/#article\",\"isPartOf\":{\"@id\":\"https:\\\/\\\/fuentesfidedignas.com.mx\\\/index.php\\\/2025\\\/06\\\/10\\\/al-menos-10-muertos-tras-tiroteo-en-una-escuela-de-austria\\\/\"},\"author\":{\"name\":\"EFE\",\"@id\":\"https:\\\/\\\/fuentesfidedignas.com.mx\\\/#\\\/schema\\\/person\\\/0d44615087b5a626d5d3f13afe31ac41\"},\"headline\":\"Al menos 10 muertos tras tiroteo en una escuela de Austria\",\"datePublished\":\"2025-06-10T14:07:13+00:00\",\"mainEntityOfPage\":{\"@id\":\"https:\\\/\\\/fuentesfidedignas.com.mx\\\/index.php\\\/2025\\\/06\\\/10\\\/al-menos-10-muertos-tras-tiroteo-en-una-escuela-de-austria\\\/\"},\"wordCount\":340,\"publisher\":{\"@id\":\"https:\\\/\\\/fuentesfidedignas.com.mx\\\/#organization\"},\"image\":{\"@id\":\"https:\\\/\\\/fuentesfidedignas.com.mx\\\/index.php\\\/2025\\\/06\\\/10\\\/al-menos-10-muertos-tras-tiroteo-en-una-escuela-de-austria\\\/#primaryimage\"},\"thumbnailUrl\":\"https:\\\/\\\/fuentesfidedignas.com.mx\\\/wp-content\\\/uploads\\\/2025\\\/06\\\/img_6560-1.jpg\",\"articleSection\":[\"NOTICIAS NACIONALES\"],\"inLanguage\":\"es\"},{\"@type\":\"WebPage\",\"@id\":\"https:\\\/\\\/fuentesfidedignas.com.mx\\\/index.php\\\/2025\\\/06\\\/10\\\/al-menos-10-muertos-tras-tiroteo-en-una-escuela-de-austria\\\/\",\"url\":\"https:\\\/\\\/fuentesfidedignas.com.mx\\\/index.php\\\/2025\\\/06\\\/10\\\/al-menos-10-muertos-tras-tiroteo-en-una-escuela-de-austria\\\/\",\"name\":\"Al menos 10 muertos tras tiroteo en una escuela de Austria - Fuentes Fidedignas\",\"isPartOf\":{\"@id\":\"https:\\\/\\\/fuentesfidedignas.com.mx\\\/#website\"},\"primaryImageOfPage\":{\"@id\":\"https:\\\/\\\/fuentesfidedignas.com.mx\\\/index.php\\\/2025\\\/06\\\/10\\\/al-menos-10-muertos-tras-tiroteo-en-una-escuela-de-austria\\\/#primaryimage\"},\"image\":{\"@id\":\"https:\\\/\\\/fuentesfidedignas.com.mx\\\/index.php\\\/2025\\\/06\\\/10\\\/al-menos-10-muertos-tras-tiroteo-en-una-escuela-de-austria\\\/#primaryimage\"},\"thumbnailUrl\":\"https:\\\/\\\/fuentesfidedignas.com.mx\\\/wp-content\\\/uploads\\\/2025\\\/06\\\/img_6560-1.jpg\",\"datePublished\":\"2025-06-10T14:07:13+00:00\",\"breadcrumb\":{\"@id\":\"https:\\\/\\\/fuentesfidedignas.com.mx\\\/index.php\\\/2025\\\/06\\\/10\\\/al-menos-10-muertos-tras-tiroteo-en-una-escuela-de-austria\\\/#breadcrumb\"},\"inLanguage\":\"es\",\"potentialAction\":[{\"@type\":\"ReadAction\",\"target\":[\"https:\\\/\\\/fuentesfidedignas.com.mx\\\/index.php\\\/2025\\\/06\\\/10\\\/al-menos-10-muertos-tras-tiroteo-en-una-escuela-de-austria\\\/\"]}]},{\"@type\":\"ImageObject\",\"inLanguage\":\"es\",\"@id\":\"https:\\\/\\\/fuentesfidedignas.com.mx\\\/index.php\\\/2025\\\/06\\\/10\\\/al-menos-10-muertos-tras-tiroteo-en-una-escuela-de-austria\\\/#primaryimage\",\"url\":\"https:\\\/\\\/fuentesfidedignas.com.mx\\\/wp-content\\\/uploads\\\/2025\\\/06\\\/img_6560-1.jpg\",\"contentUrl\":\"https:\\\/\\\/fuentesfidedignas.com.mx\\\/wp-content\\\/uploads\\\/2025\\\/06\\\/img_6560-1.jpg\",\"width\":1536,\"height\":1024},{\"@type\":\"BreadcrumbList\",\"@id\":\"https:\\\/\\\/fuentesfidedignas.com.mx\\\/index.php\\\/2025\\\/06\\\/10\\\/al-menos-10-muertos-tras-tiroteo-en-una-escuela-de-austria\\\/#breadcrumb\",\"itemListElement\":[{\"@type\":\"ListItem\",\"position\":1,\"name\":\"Inicio\",\"item\":\"https:\\\/\\\/fuentesfidedignas.com.mx\\\/\"},{\"@type\":\"ListItem\",\"position\":2,\"name\":\"Al menos 10 muertos tras tiroteo en una escuela de Austria\"}]},{\"@type\":\"WebSite\",\"@id\":\"https:\\\/\\\/fuentesfidedignas.com.mx\\\/#website\",\"url\":\"https:\\\/\\\/fuentesfidedignas.com.mx\\\/\",\"name\":\"Fuentes Fidedignas\",\"description\":\"Otro sitio realizado con WordPress\",\"publisher\":{\"@id\":\"https:\\\/\\\/fuentesfidedignas.com.mx\\\/#organization\"},\"potentialAction\":[{\"@type\":\"SearchAction\",\"target\":{\"@type\":\"EntryPoint\",\"urlTemplate\":\"https:\\\/\\\/fuentesfidedignas.com.mx\\\/?s={search_term_string}\"},\"query-input\":{\"@type\":\"PropertyValueSpecification\",\"valueRequired\":true,\"valueName\":\"search_term_string\"}}],\"inLanguage\":\"es\"},{\"@type\":\"Organization\",\"@id\":\"https:\\\/\\\/fuentesfidedignas.com.mx\\\/#organization\",\"name\":\"Fuentes Fidedignas\",\"url\":\"https:\\\/\\\/fuentesfidedignas.com.mx\\\/\",\"logo\":{\"@type\":\"ImageObject\",\"inLanguage\":\"es\",\"@id\":\"https:\\\/\\\/fuentesfidedignas.com.mx\\\/#\\\/schema\\\/logo\\\/image\\\/\",\"url\":\"https:\\\/\\\/fuentesfidedignas.com.mx\\\/wp-content\\\/uploads\\\/2021\\\/04\\\/logo-retina.png\",\"contentUrl\":\"https:\\\/\\\/fuentesfidedignas.com.mx\\\/wp-content\\\/uploads\\\/2021\\\/04\\\/logo-retina.png\",\"width\":280,\"height\":51,\"caption\":\"Fuentes Fidedignas\"},\"image\":{\"@id\":\"https:\\\/\\\/fuentesfidedignas.com.mx\\\/#\\\/schema\\\/logo\\\/image\\\/\"},\"sameAs\":[\"https:\\\/\\\/www.facebook.com\\\/Fuentes-Fidedignas-368234489921644\",\"https:\\\/\\\/x.com\\\/fidedignas\"]},{\"@type\":\"Person\",\"@id\":\"https:\\\/\\\/fuentesfidedignas.com.mx\\\/#\\\/schema\\\/person\\\/0d44615087b5a626d5d3f13afe31ac41\",\"name\":\"EFE\",\"image\":{\"@type\":\"ImageObject\",\"inLanguage\":\"es\",\"@id\":\"https:\\\/\\\/secure.gravatar.com\\\/avatar\\\/7048c2d9b569d9bed55bb53ad23821e6e047aa66338fb6ea9868627bbb9f54e8?s=96&d=mm&r=g\",\"url\":\"https:\\\/\\\/secure.gravatar.com\\\/avatar\\\/7048c2d9b569d9bed55bb53ad23821e6e047aa66338fb6ea9868627bbb9f54e8?s=96&d=mm&r=g\",\"contentUrl\":\"https:\\\/\\\/secure.gravatar.com\\\/avatar\\\/7048c2d9b569d9bed55bb53ad23821e6e047aa66338fb6ea9868627bbb9f54e8?s=96&d=mm&r=g\",\"caption\":\"EFE\"},\"url\":\"https:\\\/\\\/fuentesfidedignas.com.mx\\\/index.php\\\/author\\\/efe\\\/\"}]}<\/script>\n<!-- \/ Yoast SEO plugin. -->","yoast_head_json":{"title":"Al menos 10 muertos tras tiroteo en una escuela de Austria - Fuentes Fidedignas","robots":{"index":"index","follow":"follow","max-snippet":"max-snippet:-1","max-image-preview":"max-image-preview:large","max-video-preview":"max-video-preview:-1"},"canonical":"https:\/\/fuentesfidedignas.com.mx\/index.php\/2025\/06\/10\/al-menos-10-muertos-tras-tiroteo-en-una-escuela-de-austria\/","og_locale":"es_MX","og_type":"article","og_title":"Al menos 10 muertos tras tiroteo en una escuela de Austria - Fuentes Fidedignas","og_description":"El tiroteo en un centro de ense\u00f1anza secundaria de Graz, en Austria, fue calificado por autoridades como una \u201cterrible tragedia\u201d Al menos&nbsp;diez personas muertas&nbsp;-ocho alumnos, un adulto y el supuesto agresor- fue el saldo este martes de un&nbsp;tiroteo&nbsp;en un centro de ense\u00f1anza secundaria de&nbsp;Graz, en&nbsp;Austria, seg\u00fan ha confirmado la alcaldesa,&nbsp;Elke Kahr. Kahr, que calific\u00f3 el [&hellip;]","og_url":"https:\/\/fuentesfidedignas.com.mx\/index.php\/2025\/06\/10\/al-menos-10-muertos-tras-tiroteo-en-una-escuela-de-austria\/","og_site_name":"Fuentes Fidedignas","article_publisher":"https:\/\/www.facebook.com\/Fuentes-Fidedignas-368234489921644","article_published_time":"2025-06-10T14:07:13+00:00","og_image":[{"width":1536,"height":1024,"url":"https:\/\/fuentesfidedignas.com.mx\/wp-content\/uploads\/2025\/06\/img_6560-1.jpg","type":"image\/jpeg"}],"author":"EFE","twitter_card":"summary_large_image","twitter_creator":"@fidedignas","twitter_site":"@fidedignas","twitter_misc":{"Escrito por":"EFE","Tiempo de lectura":"2 minutos"},"schema":{"@context":"https:\/\/schema.org","@graph":[{"@type":"Article","@id":"https:\/\/fuentesfidedignas.com.mx\/index.php\/2025\/06\/10\/al-menos-10-muertos-tras-tiroteo-en-una-escuela-de-austria\/#article","isPartOf":{"@id":"https:\/\/fuentesfidedignas.com.mx\/index.php\/2025\/06\/10\/al-menos-10-muertos-tras-tiroteo-en-una-escuela-de-austria\/"},"author":{"name":"EFE","@id":"https:\/\/fuentesfidedignas.com.mx\/#\/schema\/person\/0d44615087b5a626d5d3f13afe31ac41"},"headline":"Al menos 10 muertos tras tiroteo en una escuela de Austria","datePublished":"2025-06-10T14:07:13+00:00","mainEntityOfPage":{"@id":"https:\/\/fuentesfidedignas.com.mx\/index.php\/2025\/06\/10\/al-menos-10-muertos-tras-tiroteo-en-una-escuela-de-austria\/"},"wordCount":340,"publisher":{"@id":"https:\/\/fuentesfidedignas.com.mx\/#organization"},"image":{"@id":"https:\/\/fuentesfidedignas.com.mx\/index.php\/2025\/06\/10\/al-menos-10-muertos-tras-tiroteo-en-una-escuela-de-austria\/#primaryimage"},"thumbnailUrl":"https:\/\/fuentesfidedignas.com.mx\/wp-content\/uploads\/2025\/06\/img_6560-1.jpg","articleSection":["NOTICIAS NACIONALES"],"inLanguage":"es"},{"@type":"WebPage","@id":"https:\/\/fuentesfidedignas.com.mx\/index.php\/2025\/06\/10\/al-menos-10-muertos-tras-tiroteo-en-una-escuela-de-austria\/","url":"https:\/\/fuentesfidedignas.com.mx\/index.php\/2025\/06\/10\/al-menos-10-muertos-tras-tiroteo-en-una-escuela-de-austria\/","name":"Al menos 10 muertos tras tiroteo en una escuela de Austria - Fuentes Fidedignas","isPartOf":{"@id":"https:\/\/fuentesfidedignas.com.mx\/#website"},"primaryImageOfPage":{"@id":"https:\/\/fuentesfidedignas.com.mx\/index.php\/2025\/06\/10\/al-menos-10-muertos-tras-tiroteo-en-una-escuela-de-austria\/#primaryimage"},"image":{"@id":"https:\/\/fuentesfidedignas.com.mx\/index.php\/2025\/06\/10\/al-menos-10-muertos-tras-tiroteo-en-una-escuela-de-austria\/#primaryimage"},"thumbnailUrl":"https:\/\/fuentesfidedignas.com.mx\/wp-content\/uploads\/2025\/06\/img_6560-1.jpg","datePublished":"2025-06-10T14:07:13+00:00","breadcrumb":{"@id":"https:\/\/fuentesfidedignas.com.mx\/index.php\/2025\/06\/10\/al-menos-10-muertos-tras-tiroteo-en-una-escuela-de-austria\/#breadcrumb"},"inLanguage":"es","potentialAction":[{"@type":"ReadAction","target":["https:\/\/fuentesfidedignas.com.mx\/index.php\/2025\/06\/10\/al-menos-10-muertos-tras-tiroteo-en-una-escuela-de-austria\/"]}]},{"@type":"ImageObject","inLanguage":"es","@id":"https:\/\/fuentesfidedignas.com.mx\/index.php\/2025\/06\/10\/al-menos-10-muertos-tras-tiroteo-en-una-escuela-de-austria\/#primaryimage","url":"https:\/\/fuentesfidedignas.com.mx\/wp-content\/uploads\/2025\/06\/img_6560-1.jpg","contentUrl":"https:\/\/fuentesfidedignas.com.mx\/wp-content\/uploads\/2025\/06\/img_6560-1.jpg","width":1536,"height":1024},{"@type":"BreadcrumbList","@id":"https:\/\/fuentesfidedignas.com.mx\/index.php\/2025\/06\/10\/al-menos-10-muertos-tras-tiroteo-en-una-escuela-de-austria\/#breadcrumb","itemListElement":[{"@type":"ListItem","position":1,"name":"Inicio","item":"https:\/\/fuentesfidedignas.com.mx\/"},{"@type":"ListItem","position":2,"name":"Al menos 10 muertos tras tiroteo en una escuela de Austria"}]},{"@type":"WebSite","@id":"https:\/\/fuentesfidedignas.com.mx\/#website","url":"https:\/\/fuentesfidedignas.com.mx\/","name":"Fuentes Fidedignas","description":"Otro sitio realizado con WordPress","publisher":{"@id":"https:\/\/fuentesfidedignas.com.mx\/#organization"},"potentialAction":[{"@type":"SearchAction","target":{"@type":"EntryPoint","urlTemplate":"https:\/\/fuentesfidedignas.com.mx\/?s={search_term_string}"},"query-input":{"@type":"PropertyValueSpecification","valueRequired":true,"valueName":"search_term_string"}}],"inLanguage":"es"},{"@type":"Organization","@id":"https:\/\/fuentesfidedignas.com.mx\/#organization","name":"Fuentes Fidedignas","url":"https:\/\/fuentesfidedignas.com.mx\/","logo":{"@type":"ImageObject","inLanguage":"es","@id":"https:\/\/fuentesfidedignas.com.mx\/#\/schema\/logo\/image\/","url":"https:\/\/fuentesfidedignas.com.mx\/wp-content\/uploads\/2021\/04\/logo-retina.png","contentUrl":"https:\/\/fuentesfidedignas.com.mx\/wp-content\/uploads\/2021\/04\/logo-retina.png","width":280,"height":51,"caption":"Fuentes Fidedignas"},"image":{"@id":"https:\/\/fuentesfidedignas.com.mx\/#\/schema\/logo\/image\/"},"sameAs":["https:\/\/www.facebook.com\/Fuentes-Fidedignas-368234489921644","https:\/\/x.com\/fidedignas"]},{"@type":"Person","@id":"https:\/\/fuentesfidedignas.com.mx\/#\/schema\/person\/0d44615087b5a626d5d3f13afe31ac41","name":"EFE","image":{"@type":"ImageObject","inLanguage":"es","@id":"https:\/\/secure.gravatar.com\/avatar\/7048c2d9b569d9bed55bb53ad23821e6e047aa66338fb6ea9868627bbb9f54e8?s=96&d=mm&r=g","url":"https:\/\/secure.gravatar.com\/avatar\/7048c2d9b569d9bed55bb53ad23821e6e047aa66338fb6ea9868627bbb9f54e8?s=96&d=mm&r=g","contentUrl":"https:\/\/secure.gravatar.com\/avatar\/7048c2d9b569d9bed55bb53ad23821e6e047aa66338fb6ea9868627bbb9f54e8?s=96&d=mm&r=g","caption":"EFE"},"url":"https:\/\/fuentesfidedignas.com.mx\/index.php\/author\/efe\/"}]}},"_links":{"self":[{"href":"https:\/\/fuentesfidedignas.com.mx\/index.php\/wp-json\/wp\/v2\/posts\/110344","targetHints":{"allow":["GET"]}}],"collection":[{"href":"https:\/\/fuentesfidedignas.com.mx\/index.php\/wp-json\/wp\/v2\/posts"}],"about":[{"href":"https:\/\/fuentesfidedignas.com.mx\/index.php\/wp-json\/wp\/v2\/types\/post"}],"author":[{"embeddable":true,"href":"https:\/\/fuentesfidedignas.com.mx\/index.php\/wp-json\/wp\/v2\/users\/22"}],"replies":[{"embeddable":true,"href":"https:\/\/fuentesfidedignas.com.mx\/index.php\/wp-json\/wp\/v2\/comments?post=110344"}],"version-history":[{"count":1,"href":"https:\/\/fuentesfidedignas.com.mx\/index.php\/wp-json\/wp\/v2\/posts\/110344\/revisions"}],"predecessor-version":[{"id":110345,"href":"https:\/\/fuentesfidedignas.com.mx\/index.php\/wp-json\/wp\/v2\/posts\/110344\/revisions\/110345"}],"wp:featuredmedia":[{"embeddable":true,"href":"https:\/\/fuentesfidedignas.com.mx\/index.php\/wp-json\/wp\/v2\/media\/110343"}],"wp:attachment":[{"href":"https:\/\/fuentesfidedignas.com.mx\/index.php\/wp-json\/wp\/v2\/media?parent=110344"}],"wp:term":[{"taxonomy":"category","embeddable":true,"href":"https:\/\/fuentesfidedignas.com.mx\/index.php\/wp-json\/wp\/v2\/categories?post=110344"},{"taxonomy":"post_tag","embeddable":true,"href":"https:\/\/fuentesfidedignas.com.mx\/index.php\/wp-json\/wp\/v2\/tags?post=110344"}],"curies":[{"name":"wp","href":"https:\/\/api.w.org\/{rel}","templated":true}]}}