{"id":110326,"date":"2025-06-10T04:43:00","date_gmt":"2025-06-10T11:43:00","guid":{"rendered":"https:\/\/fuentesfidedignas.com.mx\/?p=110326"},"modified":"2025-06-09T21:43:57","modified_gmt":"2025-06-10T04:43:57","slug":"cientificos-en-alerta-este-continente-se-esta-partiendo-en-dos-y-esta-es-la-razon","status":"publish","type":"post","link":"https:\/\/fuentesfidedignas.com.mx\/index.php\/2025\/06\/10\/cientificos-en-alerta-este-continente-se-esta-partiendo-en-dos-y-esta-es-la-razon\/","title":{"rendered":"Cient\u00edficos en alerta: este continente se est\u00e1 partiendo en dos y esta es la raz\u00f3n"},"content":{"rendered":"\n<p><\/p>\n\n\n\n<p><strong><em>\u00c1frica se parte en dos: cient\u00edficos alertan sobre un fen\u00f3meno tect\u00f3nico en el Rift Oriental que podr\u00eda dividir al continente<\/em><\/strong><\/p>\n\n\n\n<p>En el este de \u00c1frica, un fen\u00f3meno geol\u00f3gico impactante mantiene en alerta a los cient\u00edficos: el continente africano se est\u00e1 partiendo en dos debido a la separaci\u00f3n tect\u00f3nica del Sistema de Rift de \u00c1frica Oriental.<\/p>\n\n\n\n<p><strong>\u00bfCu\u00e1l es el origen de las fracturas?<\/strong><\/p>\n\n\n\n<p>El proceso ocurre sobre una vasta zona de actividad tect\u00f3nica que se extiende desde el Mar Rojo hasta Mozambique, abarcando m\u00e1s de 3,000 kil\u00f3metros. Esta zona es conocida como el Sistema de Rift de \u00c1frica Oriental y es donde las placas tect\u00f3nicas somal\u00ed y nubia est\u00e1n en proceso de separaci\u00f3n.<\/p>\n\n\n\n<p>La fractura no es reciente.&nbsp;<strong>Los cient\u00edficos estiman que el proceso comenz\u00f3 hace unos 25 millones de a\u00f1os<\/strong>, pero su evoluci\u00f3n contin\u00faa hoy con consecuencias visibles, como fisuras, actividad volc\u00e1nica, terremotos y deslizamientos del terreno, particularmente en regiones de Etiop\u00eda, Kenia y Tanzania.&nbsp;<\/p>\n\n\n\n<p>Aunque el ritmo de separaci\u00f3n es apenas de unos pocos mil\u00edmetros por a\u00f1o, las implicaciones a escala geol\u00f3gica son monumentales.<\/p>\n\n\n\n<p>Uno de los focos m\u00e1s activos de esta din\u00e1mica es el&nbsp;<strong>Tri\u00e1ngulo de Afar<\/strong>, una regi\u00f3n donde convergen tres placas tect\u00f3nicas: la africana, la somal\u00ed y la ar\u00e1biga.&nbsp;<\/p>\n\n\n\n<p>En 2005, una serie de terremotos gener\u00f3 una fisura de 60 kil\u00f3metros de largo y hasta 10 metros de profundidad en apenas d\u00edas. Este evento mostr\u00f3 con claridad la capacidad del sistema para transformarse de forma s\u00fabita.<\/p>\n\n\n\n<p><strong>\u00bfSe formar\u00e1 un nuevo pol\u00edtico?<\/strong><\/p>\n\n\n\n<p>El escenario m\u00e1s probable es que, con el paso de entre 1 y 5 millones de a\u00f1os, el Oc\u00e9ano \u00cdndico inunde el \u00e1rea de rift, separando por completo el Cuerno de \u00c1frica del resto del continente. Este proceso dar\u00eda lugar al nacimiento de un nuevo oc\u00e9ano, modificando radicalmente la configuraci\u00f3n geogr\u00e1fica de \u00c1frica.<\/p>\n\n\n\n<p>Las consecuencias de esta separaci\u00f3n podr\u00edan ser profundas desde el punto de vista econ\u00f3mico y geopol\u00edtico.<\/p>\n","protected":false},"excerpt":{"rendered":"<p>\u00c1frica se parte en dos: cient\u00edficos alertan sobre un fen\u00f3meno tect\u00f3nico en el Rift Oriental que podr\u00eda dividir al continente En el este de \u00c1frica, un fen\u00f3meno geol\u00f3gico impactante mantiene en alerta a los cient\u00edficos: el continente africano se est\u00e1 partiendo en dos debido a la separaci\u00f3n tect\u00f3nica del Sistema de Rift de \u00c1frica Oriental. [&hellip;]<\/p>\n","protected":false},"author":22,"featured_media":110325,"comment_status":"closed","ping_status":"open","sticky":false,"template":"","format":"standard","meta":{"tdm_status":"","tdm_grid_status":"","footnotes":""},"categories":[40],"tags":[],"class_list":{"0":"post-110326","1":"post","2":"type-post","3":"status-publish","4":"format-standard","5":"has-post-thumbnail","7":"category-las-asombrosas"},"yoast_head":"<!-- This site is optimized with the Yoast SEO plugin v27.5 - https:\/\/yoast.com\/product\/yoast-seo-wordpress\/ -->\n<title>Cient\u00edficos en alerta: este continente se est\u00e1 partiendo en dos y esta es la raz\u00f3n - Fuentes Fidedignas<\/title>\n<meta name=\"robots\" content=\"index, follow, max-snippet:-1, max-image-preview:large, max-video-preview:-1\" \/>\n<link rel=\"canonical\" href=\"https:\/\/fuentesfidedignas.com.mx\/index.php\/2025\/06\/10\/cientificos-en-alerta-este-continente-se-esta-partiendo-en-dos-y-esta-es-la-razon\/\" \/>\n<meta property=\"og:locale\" content=\"es_MX\" \/>\n<meta property=\"og:type\" content=\"article\" \/>\n<meta property=\"og:title\" content=\"Cient\u00edficos en alerta: este continente se est\u00e1 partiendo en dos y esta es la raz\u00f3n - Fuentes Fidedignas\" \/>\n<meta property=\"og:description\" content=\"\u00c1frica se parte en dos: cient\u00edficos alertan sobre un fen\u00f3meno tect\u00f3nico en el Rift Oriental que podr\u00eda dividir al continente En el este de \u00c1frica, un fen\u00f3meno geol\u00f3gico impactante mantiene en alerta a los cient\u00edficos: el continente africano se est\u00e1 partiendo en dos debido a la separaci\u00f3n tect\u00f3nica del Sistema de Rift de \u00c1frica Oriental. [&hellip;]\" \/>\n<meta property=\"og:url\" content=\"https:\/\/fuentesfidedignas.com.mx\/index.php\/2025\/06\/10\/cientificos-en-alerta-este-continente-se-esta-partiendo-en-dos-y-esta-es-la-razon\/\" \/>\n<meta property=\"og:site_name\" content=\"Fuentes Fidedignas\" \/>\n<meta property=\"article:publisher\" content=\"https:\/\/www.facebook.com\/Fuentes-Fidedignas-368234489921644\" \/>\n<meta property=\"article:published_time\" content=\"2025-06-10T11:43:00+00:00\" \/>\n<meta property=\"og:image\" content=\"https:\/\/fuentesfidedignas.com.mx\/wp-content\/uploads\/2025\/06\/img_6554.jpg\" \/>\n\t<meta property=\"og:image:width\" content=\"350\" \/>\n\t<meta property=\"og:image:height\" content=\"284\" \/>\n\t<meta property=\"og:image:type\" content=\"image\/jpeg\" \/>\n<meta name=\"author\" content=\"EFE\" \/>\n<meta name=\"twitter:card\" content=\"summary_large_image\" \/>\n<meta name=\"twitter:creator\" content=\"@fidedignas\" \/>\n<meta name=\"twitter:site\" content=\"@fidedignas\" \/>\n<meta name=\"twitter:label1\" content=\"Escrito por\" \/>\n\t<meta name=\"twitter:data1\" content=\"EFE\" \/>\n\t<meta name=\"twitter:label2\" content=\"Tiempo de lectura\" \/>\n\t<meta name=\"twitter:data2\" content=\"2 minutos\" \/>\n<script type=\"application\/ld+json\" class=\"yoast-schema-graph\">{\"@context\":\"https:\\\/\\\/schema.org\",\"@graph\":[{\"@type\":\"Article\",\"@id\":\"https:\\\/\\\/fuentesfidedignas.com.mx\\\/index.php\\\/2025\\\/06\\\/10\\\/cientificos-en-alerta-este-continente-se-esta-partiendo-en-dos-y-esta-es-la-razon\\\/#article\",\"isPartOf\":{\"@id\":\"https:\\\/\\\/fuentesfidedignas.com.mx\\\/index.php\\\/2025\\\/06\\\/10\\\/cientificos-en-alerta-este-continente-se-esta-partiendo-en-dos-y-esta-es-la-razon\\\/\"},\"author\":{\"name\":\"EFE\",\"@id\":\"https:\\\/\\\/fuentesfidedignas.com.mx\\\/#\\\/schema\\\/person\\\/0d44615087b5a626d5d3f13afe31ac41\"},\"headline\":\"Cient\u00edficos en alerta: este continente se est\u00e1 partiendo en dos y esta es la raz\u00f3n\",\"datePublished\":\"2025-06-10T11:43:00+00:00\",\"mainEntityOfPage\":{\"@id\":\"https:\\\/\\\/fuentesfidedignas.com.mx\\\/index.php\\\/2025\\\/06\\\/10\\\/cientificos-en-alerta-este-continente-se-esta-partiendo-en-dos-y-esta-es-la-razon\\\/\"},\"wordCount\":375,\"publisher\":{\"@id\":\"https:\\\/\\\/fuentesfidedignas.com.mx\\\/#organization\"},\"image\":{\"@id\":\"https:\\\/\\\/fuentesfidedignas.com.mx\\\/index.php\\\/2025\\\/06\\\/10\\\/cientificos-en-alerta-este-continente-se-esta-partiendo-en-dos-y-esta-es-la-razon\\\/#primaryimage\"},\"thumbnailUrl\":\"https:\\\/\\\/fuentesfidedignas.com.mx\\\/wp-content\\\/uploads\\\/2025\\\/06\\\/img_6554.jpg\",\"articleSection\":[\"LAS ASOMBROSAS\"],\"inLanguage\":\"es\"},{\"@type\":\"WebPage\",\"@id\":\"https:\\\/\\\/fuentesfidedignas.com.mx\\\/index.php\\\/2025\\\/06\\\/10\\\/cientificos-en-alerta-este-continente-se-esta-partiendo-en-dos-y-esta-es-la-razon\\\/\",\"url\":\"https:\\\/\\\/fuentesfidedignas.com.mx\\\/index.php\\\/2025\\\/06\\\/10\\\/cientificos-en-alerta-este-continente-se-esta-partiendo-en-dos-y-esta-es-la-razon\\\/\",\"name\":\"Cient\u00edficos en alerta: este continente se est\u00e1 partiendo en dos y esta es la raz\u00f3n - Fuentes Fidedignas\",\"isPartOf\":{\"@id\":\"https:\\\/\\\/fuentesfidedignas.com.mx\\\/#website\"},\"primaryImageOfPage\":{\"@id\":\"https:\\\/\\\/fuentesfidedignas.com.mx\\\/index.php\\\/2025\\\/06\\\/10\\\/cientificos-en-alerta-este-continente-se-esta-partiendo-en-dos-y-esta-es-la-razon\\\/#primaryimage\"},\"image\":{\"@id\":\"https:\\\/\\\/fuentesfidedignas.com.mx\\\/index.php\\\/2025\\\/06\\\/10\\\/cientificos-en-alerta-este-continente-se-esta-partiendo-en-dos-y-esta-es-la-razon\\\/#primaryimage\"},\"thumbnailUrl\":\"https:\\\/\\\/fuentesfidedignas.com.mx\\\/wp-content\\\/uploads\\\/2025\\\/06\\\/img_6554.jpg\",\"datePublished\":\"2025-06-10T11:43:00+00:00\",\"breadcrumb\":{\"@id\":\"https:\\\/\\\/fuentesfidedignas.com.mx\\\/index.php\\\/2025\\\/06\\\/10\\\/cientificos-en-alerta-este-continente-se-esta-partiendo-en-dos-y-esta-es-la-razon\\\/#breadcrumb\"},\"inLanguage\":\"es\",\"potentialAction\":[{\"@type\":\"ReadAction\",\"target\":[\"https:\\\/\\\/fuentesfidedignas.com.mx\\\/index.php\\\/2025\\\/06\\\/10\\\/cientificos-en-alerta-este-continente-se-esta-partiendo-en-dos-y-esta-es-la-razon\\\/\"]}]},{\"@type\":\"ImageObject\",\"inLanguage\":\"es\",\"@id\":\"https:\\\/\\\/fuentesfidedignas.com.mx\\\/index.php\\\/2025\\\/06\\\/10\\\/cientificos-en-alerta-este-continente-se-esta-partiendo-en-dos-y-esta-es-la-razon\\\/#primaryimage\",\"url\":\"https:\\\/\\\/fuentesfidedignas.com.mx\\\/wp-content\\\/uploads\\\/2025\\\/06\\\/img_6554.jpg\",\"contentUrl\":\"https:\\\/\\\/fuentesfidedignas.com.mx\\\/wp-content\\\/uploads\\\/2025\\\/06\\\/img_6554.jpg\",\"width\":350,\"height\":284},{\"@type\":\"BreadcrumbList\",\"@id\":\"https:\\\/\\\/fuentesfidedignas.com.mx\\\/index.php\\\/2025\\\/06\\\/10\\\/cientificos-en-alerta-este-continente-se-esta-partiendo-en-dos-y-esta-es-la-razon\\\/#breadcrumb\",\"itemListElement\":[{\"@type\":\"ListItem\",\"position\":1,\"name\":\"Inicio\",\"item\":\"https:\\\/\\\/fuentesfidedignas.com.mx\\\/\"},{\"@type\":\"ListItem\",\"position\":2,\"name\":\"Cient\u00edficos en alerta: este continente se est\u00e1 partiendo en dos y esta es la raz\u00f3n\"}]},{\"@type\":\"WebSite\",\"@id\":\"https:\\\/\\\/fuentesfidedignas.com.mx\\\/#website\",\"url\":\"https:\\\/\\\/fuentesfidedignas.com.mx\\\/\",\"name\":\"Fuentes Fidedignas\",\"description\":\"Otro sitio realizado con WordPress\",\"publisher\":{\"@id\":\"https:\\\/\\\/fuentesfidedignas.com.mx\\\/#organization\"},\"potentialAction\":[{\"@type\":\"SearchAction\",\"target\":{\"@type\":\"EntryPoint\",\"urlTemplate\":\"https:\\\/\\\/fuentesfidedignas.com.mx\\\/?s={search_term_string}\"},\"query-input\":{\"@type\":\"PropertyValueSpecification\",\"valueRequired\":true,\"valueName\":\"search_term_string\"}}],\"inLanguage\":\"es\"},{\"@type\":\"Organization\",\"@id\":\"https:\\\/\\\/fuentesfidedignas.com.mx\\\/#organization\",\"name\":\"Fuentes Fidedignas\",\"url\":\"https:\\\/\\\/fuentesfidedignas.com.mx\\\/\",\"logo\":{\"@type\":\"ImageObject\",\"inLanguage\":\"es\",\"@id\":\"https:\\\/\\\/fuentesfidedignas.com.mx\\\/#\\\/schema\\\/logo\\\/image\\\/\",\"url\":\"https:\\\/\\\/fuentesfidedignas.com.mx\\\/wp-content\\\/uploads\\\/2021\\\/04\\\/logo-retina.png\",\"contentUrl\":\"https:\\\/\\\/fuentesfidedignas.com.mx\\\/wp-content\\\/uploads\\\/2021\\\/04\\\/logo-retina.png\",\"width\":280,\"height\":51,\"caption\":\"Fuentes Fidedignas\"},\"image\":{\"@id\":\"https:\\\/\\\/fuentesfidedignas.com.mx\\\/#\\\/schema\\\/logo\\\/image\\\/\"},\"sameAs\":[\"https:\\\/\\\/www.facebook.com\\\/Fuentes-Fidedignas-368234489921644\",\"https:\\\/\\\/x.com\\\/fidedignas\"]},{\"@type\":\"Person\",\"@id\":\"https:\\\/\\\/fuentesfidedignas.com.mx\\\/#\\\/schema\\\/person\\\/0d44615087b5a626d5d3f13afe31ac41\",\"name\":\"EFE\",\"image\":{\"@type\":\"ImageObject\",\"inLanguage\":\"es\",\"@id\":\"https:\\\/\\\/secure.gravatar.com\\\/avatar\\\/7048c2d9b569d9bed55bb53ad23821e6e047aa66338fb6ea9868627bbb9f54e8?s=96&d=mm&r=g\",\"url\":\"https:\\\/\\\/secure.gravatar.com\\\/avatar\\\/7048c2d9b569d9bed55bb53ad23821e6e047aa66338fb6ea9868627bbb9f54e8?s=96&d=mm&r=g\",\"contentUrl\":\"https:\\\/\\\/secure.gravatar.com\\\/avatar\\\/7048c2d9b569d9bed55bb53ad23821e6e047aa66338fb6ea9868627bbb9f54e8?s=96&d=mm&r=g\",\"caption\":\"EFE\"},\"url\":\"https:\\\/\\\/fuentesfidedignas.com.mx\\\/index.php\\\/author\\\/efe\\\/\"}]}<\/script>\n<!-- \/ Yoast SEO plugin. -->","yoast_head_json":{"title":"Cient\u00edficos en alerta: este continente se est\u00e1 partiendo en dos y esta es la raz\u00f3n - Fuentes Fidedignas","robots":{"index":"index","follow":"follow","max-snippet":"max-snippet:-1","max-image-preview":"max-image-preview:large","max-video-preview":"max-video-preview:-1"},"canonical":"https:\/\/fuentesfidedignas.com.mx\/index.php\/2025\/06\/10\/cientificos-en-alerta-este-continente-se-esta-partiendo-en-dos-y-esta-es-la-razon\/","og_locale":"es_MX","og_type":"article","og_title":"Cient\u00edficos en alerta: este continente se est\u00e1 partiendo en dos y esta es la raz\u00f3n - Fuentes Fidedignas","og_description":"\u00c1frica se parte en dos: cient\u00edficos alertan sobre un fen\u00f3meno tect\u00f3nico en el Rift Oriental que podr\u00eda dividir al continente En el este de \u00c1frica, un fen\u00f3meno geol\u00f3gico impactante mantiene en alerta a los cient\u00edficos: el continente africano se est\u00e1 partiendo en dos debido a la separaci\u00f3n tect\u00f3nica del Sistema de Rift de \u00c1frica Oriental. [&hellip;]","og_url":"https:\/\/fuentesfidedignas.com.mx\/index.php\/2025\/06\/10\/cientificos-en-alerta-este-continente-se-esta-partiendo-en-dos-y-esta-es-la-razon\/","og_site_name":"Fuentes Fidedignas","article_publisher":"https:\/\/www.facebook.com\/Fuentes-Fidedignas-368234489921644","article_published_time":"2025-06-10T11:43:00+00:00","og_image":[{"width":350,"height":284,"url":"https:\/\/fuentesfidedignas.com.mx\/wp-content\/uploads\/2025\/06\/img_6554.jpg","type":"image\/jpeg"}],"author":"EFE","twitter_card":"summary_large_image","twitter_creator":"@fidedignas","twitter_site":"@fidedignas","twitter_misc":{"Escrito por":"EFE","Tiempo de lectura":"2 minutos"},"schema":{"@context":"https:\/\/schema.org","@graph":[{"@type":"Article","@id":"https:\/\/fuentesfidedignas.com.mx\/index.php\/2025\/06\/10\/cientificos-en-alerta-este-continente-se-esta-partiendo-en-dos-y-esta-es-la-razon\/#article","isPartOf":{"@id":"https:\/\/fuentesfidedignas.com.mx\/index.php\/2025\/06\/10\/cientificos-en-alerta-este-continente-se-esta-partiendo-en-dos-y-esta-es-la-razon\/"},"author":{"name":"EFE","@id":"https:\/\/fuentesfidedignas.com.mx\/#\/schema\/person\/0d44615087b5a626d5d3f13afe31ac41"},"headline":"Cient\u00edficos en alerta: este continente se est\u00e1 partiendo en dos y esta es la raz\u00f3n","datePublished":"2025-06-10T11:43:00+00:00","mainEntityOfPage":{"@id":"https:\/\/fuentesfidedignas.com.mx\/index.php\/2025\/06\/10\/cientificos-en-alerta-este-continente-se-esta-partiendo-en-dos-y-esta-es-la-razon\/"},"wordCount":375,"publisher":{"@id":"https:\/\/fuentesfidedignas.com.mx\/#organization"},"image":{"@id":"https:\/\/fuentesfidedignas.com.mx\/index.php\/2025\/06\/10\/cientificos-en-alerta-este-continente-se-esta-partiendo-en-dos-y-esta-es-la-razon\/#primaryimage"},"thumbnailUrl":"https:\/\/fuentesfidedignas.com.mx\/wp-content\/uploads\/2025\/06\/img_6554.jpg","articleSection":["LAS ASOMBROSAS"],"inLanguage":"es"},{"@type":"WebPage","@id":"https:\/\/fuentesfidedignas.com.mx\/index.php\/2025\/06\/10\/cientificos-en-alerta-este-continente-se-esta-partiendo-en-dos-y-esta-es-la-razon\/","url":"https:\/\/fuentesfidedignas.com.mx\/index.php\/2025\/06\/10\/cientificos-en-alerta-este-continente-se-esta-partiendo-en-dos-y-esta-es-la-razon\/","name":"Cient\u00edficos en alerta: este continente se est\u00e1 partiendo en dos y esta es la raz\u00f3n - Fuentes Fidedignas","isPartOf":{"@id":"https:\/\/fuentesfidedignas.com.mx\/#website"},"primaryImageOfPage":{"@id":"https:\/\/fuentesfidedignas.com.mx\/index.php\/2025\/06\/10\/cientificos-en-alerta-este-continente-se-esta-partiendo-en-dos-y-esta-es-la-razon\/#primaryimage"},"image":{"@id":"https:\/\/fuentesfidedignas.com.mx\/index.php\/2025\/06\/10\/cientificos-en-alerta-este-continente-se-esta-partiendo-en-dos-y-esta-es-la-razon\/#primaryimage"},"thumbnailUrl":"https:\/\/fuentesfidedignas.com.mx\/wp-content\/uploads\/2025\/06\/img_6554.jpg","datePublished":"2025-06-10T11:43:00+00:00","breadcrumb":{"@id":"https:\/\/fuentesfidedignas.com.mx\/index.php\/2025\/06\/10\/cientificos-en-alerta-este-continente-se-esta-partiendo-en-dos-y-esta-es-la-razon\/#breadcrumb"},"inLanguage":"es","potentialAction":[{"@type":"ReadAction","target":["https:\/\/fuentesfidedignas.com.mx\/index.php\/2025\/06\/10\/cientificos-en-alerta-este-continente-se-esta-partiendo-en-dos-y-esta-es-la-razon\/"]}]},{"@type":"ImageObject","inLanguage":"es","@id":"https:\/\/fuentesfidedignas.com.mx\/index.php\/2025\/06\/10\/cientificos-en-alerta-este-continente-se-esta-partiendo-en-dos-y-esta-es-la-razon\/#primaryimage","url":"https:\/\/fuentesfidedignas.com.mx\/wp-content\/uploads\/2025\/06\/img_6554.jpg","contentUrl":"https:\/\/fuentesfidedignas.com.mx\/wp-content\/uploads\/2025\/06\/img_6554.jpg","width":350,"height":284},{"@type":"BreadcrumbList","@id":"https:\/\/fuentesfidedignas.com.mx\/index.php\/2025\/06\/10\/cientificos-en-alerta-este-continente-se-esta-partiendo-en-dos-y-esta-es-la-razon\/#breadcrumb","itemListElement":[{"@type":"ListItem","position":1,"name":"Inicio","item":"https:\/\/fuentesfidedignas.com.mx\/"},{"@type":"ListItem","position":2,"name":"Cient\u00edficos en alerta: este continente se est\u00e1 partiendo en dos y esta es la raz\u00f3n"}]},{"@type":"WebSite","@id":"https:\/\/fuentesfidedignas.com.mx\/#website","url":"https:\/\/fuentesfidedignas.com.mx\/","name":"Fuentes Fidedignas","description":"Otro sitio realizado con WordPress","publisher":{"@id":"https:\/\/fuentesfidedignas.com.mx\/#organization"},"potentialAction":[{"@type":"SearchAction","target":{"@type":"EntryPoint","urlTemplate":"https:\/\/fuentesfidedignas.com.mx\/?s={search_term_string}"},"query-input":{"@type":"PropertyValueSpecification","valueRequired":true,"valueName":"search_term_string"}}],"inLanguage":"es"},{"@type":"Organization","@id":"https:\/\/fuentesfidedignas.com.mx\/#organization","name":"Fuentes Fidedignas","url":"https:\/\/fuentesfidedignas.com.mx\/","logo":{"@type":"ImageObject","inLanguage":"es","@id":"https:\/\/fuentesfidedignas.com.mx\/#\/schema\/logo\/image\/","url":"https:\/\/fuentesfidedignas.com.mx\/wp-content\/uploads\/2021\/04\/logo-retina.png","contentUrl":"https:\/\/fuentesfidedignas.com.mx\/wp-content\/uploads\/2021\/04\/logo-retina.png","width":280,"height":51,"caption":"Fuentes Fidedignas"},"image":{"@id":"https:\/\/fuentesfidedignas.com.mx\/#\/schema\/logo\/image\/"},"sameAs":["https:\/\/www.facebook.com\/Fuentes-Fidedignas-368234489921644","https:\/\/x.com\/fidedignas"]},{"@type":"Person","@id":"https:\/\/fuentesfidedignas.com.mx\/#\/schema\/person\/0d44615087b5a626d5d3f13afe31ac41","name":"EFE","image":{"@type":"ImageObject","inLanguage":"es","@id":"https:\/\/secure.gravatar.com\/avatar\/7048c2d9b569d9bed55bb53ad23821e6e047aa66338fb6ea9868627bbb9f54e8?s=96&d=mm&r=g","url":"https:\/\/secure.gravatar.com\/avatar\/7048c2d9b569d9bed55bb53ad23821e6e047aa66338fb6ea9868627bbb9f54e8?s=96&d=mm&r=g","contentUrl":"https:\/\/secure.gravatar.com\/avatar\/7048c2d9b569d9bed55bb53ad23821e6e047aa66338fb6ea9868627bbb9f54e8?s=96&d=mm&r=g","caption":"EFE"},"url":"https:\/\/fuentesfidedignas.com.mx\/index.php\/author\/efe\/"}]}},"_links":{"self":[{"href":"https:\/\/fuentesfidedignas.com.mx\/index.php\/wp-json\/wp\/v2\/posts\/110326","targetHints":{"allow":["GET"]}}],"collection":[{"href":"https:\/\/fuentesfidedignas.com.mx\/index.php\/wp-json\/wp\/v2\/posts"}],"about":[{"href":"https:\/\/fuentesfidedignas.com.mx\/index.php\/wp-json\/wp\/v2\/types\/post"}],"author":[{"embeddable":true,"href":"https:\/\/fuentesfidedignas.com.mx\/index.php\/wp-json\/wp\/v2\/users\/22"}],"replies":[{"embeddable":true,"href":"https:\/\/fuentesfidedignas.com.mx\/index.php\/wp-json\/wp\/v2\/comments?post=110326"}],"version-history":[{"count":1,"href":"https:\/\/fuentesfidedignas.com.mx\/index.php\/wp-json\/wp\/v2\/posts\/110326\/revisions"}],"predecessor-version":[{"id":110327,"href":"https:\/\/fuentesfidedignas.com.mx\/index.php\/wp-json\/wp\/v2\/posts\/110326\/revisions\/110327"}],"wp:featuredmedia":[{"embeddable":true,"href":"https:\/\/fuentesfidedignas.com.mx\/index.php\/wp-json\/wp\/v2\/media\/110325"}],"wp:attachment":[{"href":"https:\/\/fuentesfidedignas.com.mx\/index.php\/wp-json\/wp\/v2\/media?parent=110326"}],"wp:term":[{"taxonomy":"category","embeddable":true,"href":"https:\/\/fuentesfidedignas.com.mx\/index.php\/wp-json\/wp\/v2\/categories?post=110326"},{"taxonomy":"post_tag","embeddable":true,"href":"https:\/\/fuentesfidedignas.com.mx\/index.php\/wp-json\/wp\/v2\/tags?post=110326"}],"curies":[{"name":"wp","href":"https:\/\/api.w.org\/{rel}","templated":true}]}}