{"id":110322,"date":"2025-06-09T20:17:18","date_gmt":"2025-06-10T03:17:18","guid":{"rendered":"https:\/\/fuentesfidedignas.com.mx\/?p=110322"},"modified":"2025-06-09T20:17:18","modified_gmt":"2025-06-10T03:17:18","slug":"matan-al-camarografo-de-canal-11-dante-gutierrez-en-el-estado-de-mexico","status":"publish","type":"post","link":"https:\/\/fuentesfidedignas.com.mx\/index.php\/2025\/06\/09\/matan-al-camarografo-de-canal-11-dante-gutierrez-en-el-estado-de-mexico\/","title":{"rendered":"Matan al camar\u00f3grafo de Canal 11, Dante Guti\u00e9rrez, en el Estado de M\u00e9xico"},"content":{"rendered":"\n<p><strong><em>La Fiscal\u00eda del Estado de M\u00e9xico investiga el asesinato de Dante Guti\u00e9rrez Reyes, camar\u00f3grafo de Canal 11<\/em><\/strong><\/p>\n\n\n\n<p>Estado de M\u00e9xico.- La noche del domingo fue asesinado en&nbsp;<strong>Tlalnepantla<\/strong>,&nbsp;<strong>Estado de M\u00e9xico<\/strong>,&nbsp;<strong>Dante Guti\u00e9rrez Reyes<\/strong>, camar\u00f3grafo del&nbsp;<strong>Canal 11<\/strong>.<\/p>\n\n\n\n<p>De acuerdo con reportes, el asesinato se registr\u00f3 cuando presuntos delincuentes intentaron robar el veh\u00edculo de&nbsp;<strong>Guti\u00e9rrez Reyes<\/strong>.<\/p>\n\n\n\n<figure class=\"wp-block-embed is-provider-twitter wp-block-embed-twitter\"><div class=\"wp-block-embed__wrapper\">\nhttps:\/\/x.com\/OnceNoticiasTV\/status\/1932102588348182921?ref_src=twsrc%5Etfw%7Ctwcamp%5Etweetembed%7Ctwterm%5E1932102588348182921%7Ctwgr%5E0fa7cabec5901c776a67699f3ac8d7fb561ea2fe%7Ctwcon%5Es1_c10&#038;ref_url=https%3A%2F%2Flopezdoriga.com%2Fnacional%2Fmatan-al-camarografo-dante-gutierrez-en-el-estado-de-mexico%2F\n<\/div><\/figure>\n\n\n\n<p>El&nbsp;<a href=\"https:\/\/www.facebook.com\/OnceNoticiasTV\" target=\"_blank\" rel=\"noreferrer noopener\">equipo<\/a>&nbsp;de Once Noticias lament\u00f3 la muerte de Dante Guti\u00e9rrez y extern\u00f3 sus condolencias.<\/p>\n\n\n\n<blockquote class=\"wp-block-quote is-layout-flow wp-block-quote-is-layout-flow\">\n<p>\u201cFue v\u00edctima de un asalto en el&nbsp;<strong>Edomex<\/strong>. No ahondaremos en detalles. Desde esta su casa mandamos un abrazo a su familia y seres queridos. Sepan que contar\u00e1n con nuestro apoyo, les acompa\u00f1amos en la exigencia del esclarecimiento del caso, pedimos a las autoridades que hagan justicia\u201d, inform\u00f3 Lety Carbajal, conductora de Canal 11.<\/p>\n<\/blockquote>\n\n\n\n<figure class=\"wp-block-embed is-provider-twitter wp-block-embed-twitter\"><div class=\"wp-block-embed__wrapper\">\nhttps:\/\/x.com\/poloespejel\/status\/1932180151619481686?s=46\n<\/div><\/figure>\n","protected":false},"excerpt":{"rendered":"<p>La Fiscal\u00eda del Estado de M\u00e9xico investiga el asesinato de Dante Guti\u00e9rrez Reyes, camar\u00f3grafo de Canal 11 Estado de M\u00e9xico.- La noche del domingo fue asesinado en&nbsp;Tlalnepantla,&nbsp;Estado de M\u00e9xico,&nbsp;Dante Guti\u00e9rrez Reyes, camar\u00f3grafo del&nbsp;Canal 11. De acuerdo con reportes, el asesinato se registr\u00f3 cuando presuntos delincuentes intentaron robar el veh\u00edculo de&nbsp;Guti\u00e9rrez Reyes. El&nbsp;equipo&nbsp;de Once Noticias lament\u00f3 [&hellip;]<\/p>\n","protected":false},"author":47,"featured_media":110321,"comment_status":"closed","ping_status":"open","sticky":false,"template":"","format":"standard","meta":{"tdm_status":"","tdm_grid_status":"","footnotes":""},"categories":[39],"tags":[],"class_list":{"0":"post-110322","1":"post","2":"type-post","3":"status-publish","4":"format-standard","5":"has-post-thumbnail","7":"category-noticias-nacionales"},"yoast_head":"<!-- This site is optimized with the Yoast SEO plugin v27.5 - https:\/\/yoast.com\/product\/yoast-seo-wordpress\/ -->\n<title>Matan al camar\u00f3grafo de Canal 11, Dante Guti\u00e9rrez, en el Estado de M\u00e9xico - Fuentes Fidedignas<\/title>\n<meta name=\"robots\" content=\"index, follow, max-snippet:-1, max-image-preview:large, max-video-preview:-1\" \/>\n<link rel=\"canonical\" href=\"https:\/\/fuentesfidedignas.com.mx\/index.php\/2025\/06\/09\/matan-al-camarografo-de-canal-11-dante-gutierrez-en-el-estado-de-mexico\/\" \/>\n<meta property=\"og:locale\" content=\"es_MX\" \/>\n<meta property=\"og:type\" content=\"article\" \/>\n<meta property=\"og:title\" content=\"Matan al camar\u00f3grafo de Canal 11, Dante Guti\u00e9rrez, en el Estado de M\u00e9xico - Fuentes Fidedignas\" \/>\n<meta property=\"og:description\" content=\"La Fiscal\u00eda del Estado de M\u00e9xico investiga el asesinato de Dante Guti\u00e9rrez Reyes, camar\u00f3grafo de Canal 11 Estado de M\u00e9xico.- La noche del domingo fue asesinado en&nbsp;Tlalnepantla,&nbsp;Estado de M\u00e9xico,&nbsp;Dante Guti\u00e9rrez Reyes, camar\u00f3grafo del&nbsp;Canal 11. De acuerdo con reportes, el asesinato se registr\u00f3 cuando presuntos delincuentes intentaron robar el veh\u00edculo de&nbsp;Guti\u00e9rrez Reyes. El&nbsp;equipo&nbsp;de Once Noticias lament\u00f3 [&hellip;]\" \/>\n<meta property=\"og:url\" content=\"https:\/\/fuentesfidedignas.com.mx\/index.php\/2025\/06\/09\/matan-al-camarografo-de-canal-11-dante-gutierrez-en-el-estado-de-mexico\/\" \/>\n<meta property=\"og:site_name\" content=\"Fuentes Fidedignas\" \/>\n<meta property=\"article:publisher\" content=\"https:\/\/www.facebook.com\/Fuentes-Fidedignas-368234489921644\" \/>\n<meta property=\"article:published_time\" content=\"2025-06-10T03:17:18+00:00\" \/>\n<meta property=\"og:image\" content=\"https:\/\/fuentesfidedignas.com.mx\/wp-content\/uploads\/2025\/06\/img_6551-1.png\" \/>\n\t<meta property=\"og:image:width\" content=\"390\" \/>\n\t<meta property=\"og:image:height\" content=\"219\" \/>\n\t<meta property=\"og:image:type\" content=\"image\/png\" \/>\n<meta name=\"author\" content=\"L\u00f3pez D\u00f3riga\" \/>\n<meta name=\"twitter:card\" content=\"summary_large_image\" \/>\n<meta name=\"twitter:creator\" content=\"@fidedignas\" \/>\n<meta name=\"twitter:site\" content=\"@fidedignas\" \/>\n<meta name=\"twitter:label1\" content=\"Escrito por\" \/>\n\t<meta name=\"twitter:data1\" content=\"L\u00f3pez D\u00f3riga\" \/>\n\t<meta name=\"twitter:label2\" content=\"Tiempo de lectura\" \/>\n\t<meta name=\"twitter:data2\" content=\"1 minuto\" \/>\n<script type=\"application\/ld+json\" class=\"yoast-schema-graph\">{\"@context\":\"https:\\\/\\\/schema.org\",\"@graph\":[{\"@type\":\"Article\",\"@id\":\"https:\\\/\\\/fuentesfidedignas.com.mx\\\/index.php\\\/2025\\\/06\\\/09\\\/matan-al-camarografo-de-canal-11-dante-gutierrez-en-el-estado-de-mexico\\\/#article\",\"isPartOf\":{\"@id\":\"https:\\\/\\\/fuentesfidedignas.com.mx\\\/index.php\\\/2025\\\/06\\\/09\\\/matan-al-camarografo-de-canal-11-dante-gutierrez-en-el-estado-de-mexico\\\/\"},\"author\":{\"name\":\"L\u00f3pez D\u00f3riga\",\"@id\":\"https:\\\/\\\/fuentesfidedignas.com.mx\\\/#\\\/schema\\\/person\\\/67d852f0557c8509146a4b9ddebd543a\"},\"headline\":\"Matan al camar\u00f3grafo de Canal 11, Dante Guti\u00e9rrez, en el Estado de M\u00e9xico\",\"datePublished\":\"2025-06-10T03:17:18+00:00\",\"mainEntityOfPage\":{\"@id\":\"https:\\\/\\\/fuentesfidedignas.com.mx\\\/index.php\\\/2025\\\/06\\\/09\\\/matan-al-camarografo-de-canal-11-dante-gutierrez-en-el-estado-de-mexico\\\/\"},\"wordCount\":205,\"publisher\":{\"@id\":\"https:\\\/\\\/fuentesfidedignas.com.mx\\\/#organization\"},\"image\":{\"@id\":\"https:\\\/\\\/fuentesfidedignas.com.mx\\\/index.php\\\/2025\\\/06\\\/09\\\/matan-al-camarografo-de-canal-11-dante-gutierrez-en-el-estado-de-mexico\\\/#primaryimage\"},\"thumbnailUrl\":\"https:\\\/\\\/fuentesfidedignas.com.mx\\\/wp-content\\\/uploads\\\/2025\\\/06\\\/img_6551-1.png\",\"articleSection\":[\"NOTICIAS NACIONALES\"],\"inLanguage\":\"es\"},{\"@type\":\"WebPage\",\"@id\":\"https:\\\/\\\/fuentesfidedignas.com.mx\\\/index.php\\\/2025\\\/06\\\/09\\\/matan-al-camarografo-de-canal-11-dante-gutierrez-en-el-estado-de-mexico\\\/\",\"url\":\"https:\\\/\\\/fuentesfidedignas.com.mx\\\/index.php\\\/2025\\\/06\\\/09\\\/matan-al-camarografo-de-canal-11-dante-gutierrez-en-el-estado-de-mexico\\\/\",\"name\":\"Matan al camar\u00f3grafo de Canal 11, Dante Guti\u00e9rrez, en el Estado de M\u00e9xico - Fuentes Fidedignas\",\"isPartOf\":{\"@id\":\"https:\\\/\\\/fuentesfidedignas.com.mx\\\/#website\"},\"primaryImageOfPage\":{\"@id\":\"https:\\\/\\\/fuentesfidedignas.com.mx\\\/index.php\\\/2025\\\/06\\\/09\\\/matan-al-camarografo-de-canal-11-dante-gutierrez-en-el-estado-de-mexico\\\/#primaryimage\"},\"image\":{\"@id\":\"https:\\\/\\\/fuentesfidedignas.com.mx\\\/index.php\\\/2025\\\/06\\\/09\\\/matan-al-camarografo-de-canal-11-dante-gutierrez-en-el-estado-de-mexico\\\/#primaryimage\"},\"thumbnailUrl\":\"https:\\\/\\\/fuentesfidedignas.com.mx\\\/wp-content\\\/uploads\\\/2025\\\/06\\\/img_6551-1.png\",\"datePublished\":\"2025-06-10T03:17:18+00:00\",\"breadcrumb\":{\"@id\":\"https:\\\/\\\/fuentesfidedignas.com.mx\\\/index.php\\\/2025\\\/06\\\/09\\\/matan-al-camarografo-de-canal-11-dante-gutierrez-en-el-estado-de-mexico\\\/#breadcrumb\"},\"inLanguage\":\"es\",\"potentialAction\":[{\"@type\":\"ReadAction\",\"target\":[\"https:\\\/\\\/fuentesfidedignas.com.mx\\\/index.php\\\/2025\\\/06\\\/09\\\/matan-al-camarografo-de-canal-11-dante-gutierrez-en-el-estado-de-mexico\\\/\"]}]},{\"@type\":\"ImageObject\",\"inLanguage\":\"es\",\"@id\":\"https:\\\/\\\/fuentesfidedignas.com.mx\\\/index.php\\\/2025\\\/06\\\/09\\\/matan-al-camarografo-de-canal-11-dante-gutierrez-en-el-estado-de-mexico\\\/#primaryimage\",\"url\":\"https:\\\/\\\/fuentesfidedignas.com.mx\\\/wp-content\\\/uploads\\\/2025\\\/06\\\/img_6551-1.png\",\"contentUrl\":\"https:\\\/\\\/fuentesfidedignas.com.mx\\\/wp-content\\\/uploads\\\/2025\\\/06\\\/img_6551-1.png\",\"width\":390,\"height\":219},{\"@type\":\"BreadcrumbList\",\"@id\":\"https:\\\/\\\/fuentesfidedignas.com.mx\\\/index.php\\\/2025\\\/06\\\/09\\\/matan-al-camarografo-de-canal-11-dante-gutierrez-en-el-estado-de-mexico\\\/#breadcrumb\",\"itemListElement\":[{\"@type\":\"ListItem\",\"position\":1,\"name\":\"Inicio\",\"item\":\"https:\\\/\\\/fuentesfidedignas.com.mx\\\/\"},{\"@type\":\"ListItem\",\"position\":2,\"name\":\"Matan al camar\u00f3grafo de Canal 11, Dante Guti\u00e9rrez, en el Estado de M\u00e9xico\"}]},{\"@type\":\"WebSite\",\"@id\":\"https:\\\/\\\/fuentesfidedignas.com.mx\\\/#website\",\"url\":\"https:\\\/\\\/fuentesfidedignas.com.mx\\\/\",\"name\":\"Fuentes Fidedignas\",\"description\":\"Otro sitio realizado con WordPress\",\"publisher\":{\"@id\":\"https:\\\/\\\/fuentesfidedignas.com.mx\\\/#organization\"},\"potentialAction\":[{\"@type\":\"SearchAction\",\"target\":{\"@type\":\"EntryPoint\",\"urlTemplate\":\"https:\\\/\\\/fuentesfidedignas.com.mx\\\/?s={search_term_string}\"},\"query-input\":{\"@type\":\"PropertyValueSpecification\",\"valueRequired\":true,\"valueName\":\"search_term_string\"}}],\"inLanguage\":\"es\"},{\"@type\":\"Organization\",\"@id\":\"https:\\\/\\\/fuentesfidedignas.com.mx\\\/#organization\",\"name\":\"Fuentes Fidedignas\",\"url\":\"https:\\\/\\\/fuentesfidedignas.com.mx\\\/\",\"logo\":{\"@type\":\"ImageObject\",\"inLanguage\":\"es\",\"@id\":\"https:\\\/\\\/fuentesfidedignas.com.mx\\\/#\\\/schema\\\/logo\\\/image\\\/\",\"url\":\"https:\\\/\\\/fuentesfidedignas.com.mx\\\/wp-content\\\/uploads\\\/2021\\\/04\\\/logo-retina.png\",\"contentUrl\":\"https:\\\/\\\/fuentesfidedignas.com.mx\\\/wp-content\\\/uploads\\\/2021\\\/04\\\/logo-retina.png\",\"width\":280,\"height\":51,\"caption\":\"Fuentes Fidedignas\"},\"image\":{\"@id\":\"https:\\\/\\\/fuentesfidedignas.com.mx\\\/#\\\/schema\\\/logo\\\/image\\\/\"},\"sameAs\":[\"https:\\\/\\\/www.facebook.com\\\/Fuentes-Fidedignas-368234489921644\",\"https:\\\/\\\/x.com\\\/fidedignas\"]},{\"@type\":\"Person\",\"@id\":\"https:\\\/\\\/fuentesfidedignas.com.mx\\\/#\\\/schema\\\/person\\\/67d852f0557c8509146a4b9ddebd543a\",\"name\":\"L\u00f3pez D\u00f3riga\",\"image\":{\"@type\":\"ImageObject\",\"inLanguage\":\"es\",\"@id\":\"https:\\\/\\\/secure.gravatar.com\\\/avatar\\\/e525b06574ca18b33cded59dfe5778d6c823b9513154eff47da551b0551bdd1e?s=96&d=mm&r=g\",\"url\":\"https:\\\/\\\/secure.gravatar.com\\\/avatar\\\/e525b06574ca18b33cded59dfe5778d6c823b9513154eff47da551b0551bdd1e?s=96&d=mm&r=g\",\"contentUrl\":\"https:\\\/\\\/secure.gravatar.com\\\/avatar\\\/e525b06574ca18b33cded59dfe5778d6c823b9513154eff47da551b0551bdd1e?s=96&d=mm&r=g\",\"caption\":\"L\u00f3pez D\u00f3riga\"},\"url\":\"https:\\\/\\\/fuentesfidedignas.com.mx\\\/index.php\\\/author\\\/doriga\\\/\"}]}<\/script>\n<!-- \/ Yoast SEO plugin. -->","yoast_head_json":{"title":"Matan al camar\u00f3grafo de Canal 11, Dante Guti\u00e9rrez, en el Estado de M\u00e9xico - Fuentes Fidedignas","robots":{"index":"index","follow":"follow","max-snippet":"max-snippet:-1","max-image-preview":"max-image-preview:large","max-video-preview":"max-video-preview:-1"},"canonical":"https:\/\/fuentesfidedignas.com.mx\/index.php\/2025\/06\/09\/matan-al-camarografo-de-canal-11-dante-gutierrez-en-el-estado-de-mexico\/","og_locale":"es_MX","og_type":"article","og_title":"Matan al camar\u00f3grafo de Canal 11, Dante Guti\u00e9rrez, en el Estado de M\u00e9xico - Fuentes Fidedignas","og_description":"La Fiscal\u00eda del Estado de M\u00e9xico investiga el asesinato de Dante Guti\u00e9rrez Reyes, camar\u00f3grafo de Canal 11 Estado de M\u00e9xico.- La noche del domingo fue asesinado en&nbsp;Tlalnepantla,&nbsp;Estado de M\u00e9xico,&nbsp;Dante Guti\u00e9rrez Reyes, camar\u00f3grafo del&nbsp;Canal 11. De acuerdo con reportes, el asesinato se registr\u00f3 cuando presuntos delincuentes intentaron robar el veh\u00edculo de&nbsp;Guti\u00e9rrez Reyes. El&nbsp;equipo&nbsp;de Once Noticias lament\u00f3 [&hellip;]","og_url":"https:\/\/fuentesfidedignas.com.mx\/index.php\/2025\/06\/09\/matan-al-camarografo-de-canal-11-dante-gutierrez-en-el-estado-de-mexico\/","og_site_name":"Fuentes Fidedignas","article_publisher":"https:\/\/www.facebook.com\/Fuentes-Fidedignas-368234489921644","article_published_time":"2025-06-10T03:17:18+00:00","og_image":[{"width":390,"height":219,"url":"https:\/\/fuentesfidedignas.com.mx\/wp-content\/uploads\/2025\/06\/img_6551-1.png","type":"image\/png"}],"author":"L\u00f3pez D\u00f3riga","twitter_card":"summary_large_image","twitter_creator":"@fidedignas","twitter_site":"@fidedignas","twitter_misc":{"Escrito por":"L\u00f3pez D\u00f3riga","Tiempo de lectura":"1 minuto"},"schema":{"@context":"https:\/\/schema.org","@graph":[{"@type":"Article","@id":"https:\/\/fuentesfidedignas.com.mx\/index.php\/2025\/06\/09\/matan-al-camarografo-de-canal-11-dante-gutierrez-en-el-estado-de-mexico\/#article","isPartOf":{"@id":"https:\/\/fuentesfidedignas.com.mx\/index.php\/2025\/06\/09\/matan-al-camarografo-de-canal-11-dante-gutierrez-en-el-estado-de-mexico\/"},"author":{"name":"L\u00f3pez D\u00f3riga","@id":"https:\/\/fuentesfidedignas.com.mx\/#\/schema\/person\/67d852f0557c8509146a4b9ddebd543a"},"headline":"Matan al camar\u00f3grafo de Canal 11, Dante Guti\u00e9rrez, en el Estado de M\u00e9xico","datePublished":"2025-06-10T03:17:18+00:00","mainEntityOfPage":{"@id":"https:\/\/fuentesfidedignas.com.mx\/index.php\/2025\/06\/09\/matan-al-camarografo-de-canal-11-dante-gutierrez-en-el-estado-de-mexico\/"},"wordCount":205,"publisher":{"@id":"https:\/\/fuentesfidedignas.com.mx\/#organization"},"image":{"@id":"https:\/\/fuentesfidedignas.com.mx\/index.php\/2025\/06\/09\/matan-al-camarografo-de-canal-11-dante-gutierrez-en-el-estado-de-mexico\/#primaryimage"},"thumbnailUrl":"https:\/\/fuentesfidedignas.com.mx\/wp-content\/uploads\/2025\/06\/img_6551-1.png","articleSection":["NOTICIAS NACIONALES"],"inLanguage":"es"},{"@type":"WebPage","@id":"https:\/\/fuentesfidedignas.com.mx\/index.php\/2025\/06\/09\/matan-al-camarografo-de-canal-11-dante-gutierrez-en-el-estado-de-mexico\/","url":"https:\/\/fuentesfidedignas.com.mx\/index.php\/2025\/06\/09\/matan-al-camarografo-de-canal-11-dante-gutierrez-en-el-estado-de-mexico\/","name":"Matan al camar\u00f3grafo de Canal 11, Dante Guti\u00e9rrez, en el Estado de M\u00e9xico - Fuentes Fidedignas","isPartOf":{"@id":"https:\/\/fuentesfidedignas.com.mx\/#website"},"primaryImageOfPage":{"@id":"https:\/\/fuentesfidedignas.com.mx\/index.php\/2025\/06\/09\/matan-al-camarografo-de-canal-11-dante-gutierrez-en-el-estado-de-mexico\/#primaryimage"},"image":{"@id":"https:\/\/fuentesfidedignas.com.mx\/index.php\/2025\/06\/09\/matan-al-camarografo-de-canal-11-dante-gutierrez-en-el-estado-de-mexico\/#primaryimage"},"thumbnailUrl":"https:\/\/fuentesfidedignas.com.mx\/wp-content\/uploads\/2025\/06\/img_6551-1.png","datePublished":"2025-06-10T03:17:18+00:00","breadcrumb":{"@id":"https:\/\/fuentesfidedignas.com.mx\/index.php\/2025\/06\/09\/matan-al-camarografo-de-canal-11-dante-gutierrez-en-el-estado-de-mexico\/#breadcrumb"},"inLanguage":"es","potentialAction":[{"@type":"ReadAction","target":["https:\/\/fuentesfidedignas.com.mx\/index.php\/2025\/06\/09\/matan-al-camarografo-de-canal-11-dante-gutierrez-en-el-estado-de-mexico\/"]}]},{"@type":"ImageObject","inLanguage":"es","@id":"https:\/\/fuentesfidedignas.com.mx\/index.php\/2025\/06\/09\/matan-al-camarografo-de-canal-11-dante-gutierrez-en-el-estado-de-mexico\/#primaryimage","url":"https:\/\/fuentesfidedignas.com.mx\/wp-content\/uploads\/2025\/06\/img_6551-1.png","contentUrl":"https:\/\/fuentesfidedignas.com.mx\/wp-content\/uploads\/2025\/06\/img_6551-1.png","width":390,"height":219},{"@type":"BreadcrumbList","@id":"https:\/\/fuentesfidedignas.com.mx\/index.php\/2025\/06\/09\/matan-al-camarografo-de-canal-11-dante-gutierrez-en-el-estado-de-mexico\/#breadcrumb","itemListElement":[{"@type":"ListItem","position":1,"name":"Inicio","item":"https:\/\/fuentesfidedignas.com.mx\/"},{"@type":"ListItem","position":2,"name":"Matan al camar\u00f3grafo de Canal 11, Dante Guti\u00e9rrez, en el Estado de M\u00e9xico"}]},{"@type":"WebSite","@id":"https:\/\/fuentesfidedignas.com.mx\/#website","url":"https:\/\/fuentesfidedignas.com.mx\/","name":"Fuentes Fidedignas","description":"Otro sitio realizado con WordPress","publisher":{"@id":"https:\/\/fuentesfidedignas.com.mx\/#organization"},"potentialAction":[{"@type":"SearchAction","target":{"@type":"EntryPoint","urlTemplate":"https:\/\/fuentesfidedignas.com.mx\/?s={search_term_string}"},"query-input":{"@type":"PropertyValueSpecification","valueRequired":true,"valueName":"search_term_string"}}],"inLanguage":"es"},{"@type":"Organization","@id":"https:\/\/fuentesfidedignas.com.mx\/#organization","name":"Fuentes Fidedignas","url":"https:\/\/fuentesfidedignas.com.mx\/","logo":{"@type":"ImageObject","inLanguage":"es","@id":"https:\/\/fuentesfidedignas.com.mx\/#\/schema\/logo\/image\/","url":"https:\/\/fuentesfidedignas.com.mx\/wp-content\/uploads\/2021\/04\/logo-retina.png","contentUrl":"https:\/\/fuentesfidedignas.com.mx\/wp-content\/uploads\/2021\/04\/logo-retina.png","width":280,"height":51,"caption":"Fuentes Fidedignas"},"image":{"@id":"https:\/\/fuentesfidedignas.com.mx\/#\/schema\/logo\/image\/"},"sameAs":["https:\/\/www.facebook.com\/Fuentes-Fidedignas-368234489921644","https:\/\/x.com\/fidedignas"]},{"@type":"Person","@id":"https:\/\/fuentesfidedignas.com.mx\/#\/schema\/person\/67d852f0557c8509146a4b9ddebd543a","name":"L\u00f3pez D\u00f3riga","image":{"@type":"ImageObject","inLanguage":"es","@id":"https:\/\/secure.gravatar.com\/avatar\/e525b06574ca18b33cded59dfe5778d6c823b9513154eff47da551b0551bdd1e?s=96&d=mm&r=g","url":"https:\/\/secure.gravatar.com\/avatar\/e525b06574ca18b33cded59dfe5778d6c823b9513154eff47da551b0551bdd1e?s=96&d=mm&r=g","contentUrl":"https:\/\/secure.gravatar.com\/avatar\/e525b06574ca18b33cded59dfe5778d6c823b9513154eff47da551b0551bdd1e?s=96&d=mm&r=g","caption":"L\u00f3pez D\u00f3riga"},"url":"https:\/\/fuentesfidedignas.com.mx\/index.php\/author\/doriga\/"}]}},"_links":{"self":[{"href":"https:\/\/fuentesfidedignas.com.mx\/index.php\/wp-json\/wp\/v2\/posts\/110322","targetHints":{"allow":["GET"]}}],"collection":[{"href":"https:\/\/fuentesfidedignas.com.mx\/index.php\/wp-json\/wp\/v2\/posts"}],"about":[{"href":"https:\/\/fuentesfidedignas.com.mx\/index.php\/wp-json\/wp\/v2\/types\/post"}],"author":[{"embeddable":true,"href":"https:\/\/fuentesfidedignas.com.mx\/index.php\/wp-json\/wp\/v2\/users\/47"}],"replies":[{"embeddable":true,"href":"https:\/\/fuentesfidedignas.com.mx\/index.php\/wp-json\/wp\/v2\/comments?post=110322"}],"version-history":[{"count":2,"href":"https:\/\/fuentesfidedignas.com.mx\/index.php\/wp-json\/wp\/v2\/posts\/110322\/revisions"}],"predecessor-version":[{"id":110324,"href":"https:\/\/fuentesfidedignas.com.mx\/index.php\/wp-json\/wp\/v2\/posts\/110322\/revisions\/110324"}],"wp:featuredmedia":[{"embeddable":true,"href":"https:\/\/fuentesfidedignas.com.mx\/index.php\/wp-json\/wp\/v2\/media\/110321"}],"wp:attachment":[{"href":"https:\/\/fuentesfidedignas.com.mx\/index.php\/wp-json\/wp\/v2\/media?parent=110322"}],"wp:term":[{"taxonomy":"category","embeddable":true,"href":"https:\/\/fuentesfidedignas.com.mx\/index.php\/wp-json\/wp\/v2\/categories?post=110322"},{"taxonomy":"post_tag","embeddable":true,"href":"https:\/\/fuentesfidedignas.com.mx\/index.php\/wp-json\/wp\/v2\/tags?post=110322"}],"curies":[{"name":"wp","href":"https:\/\/api.w.org\/{rel}","templated":true}]}}