{"id":110319,"date":"2025-06-09T19:15:59","date_gmt":"2025-06-10T02:15:59","guid":{"rendered":"https:\/\/fuentesfidedignas.com.mx\/?p=110319"},"modified":"2025-06-09T19:15:59","modified_gmt":"2025-06-10T02:15:59","slug":"california-demanda-a-trump-por-despliegue-ilegal-de-la-guardia-nacional","status":"publish","type":"post","link":"https:\/\/fuentesfidedignas.com.mx\/index.php\/2025\/06\/09\/california-demanda-a-trump-por-despliegue-ilegal-de-la-guardia-nacional\/","title":{"rendered":"California demanda a Trump por despliegue \u201cilegal\u201d de la Guardia Nacional"},"content":{"rendered":"\n<p><\/p>\n\n\n\n<p><strong><em>El gobernador de California, Gavin Newsom, demand\u00f3 a Trump y pidi\u00f3 al tribunal que anule la acci\u00f3n ilegal del presidente de federalizar la Guardia Nacional <\/em><\/strong><\/p>\n\n\n\n<p>Las autoridades del estado de&nbsp;<strong>California<\/strong>&nbsp;presentaron una&nbsp;<strong>demanda<\/strong>&nbsp;contra el presidente de Estados Unidos,&nbsp;<strong>DonadTrump<\/strong>, por&nbsp;<strong>desplegar<\/strong>&nbsp;de manera \u201cilegal\u201d a la&nbsp;<strong>Guardia Nacional<\/strong>&nbsp;bajo el argumento de contener las protestas de&nbsp;<strong>Los \u00c1ngeles<\/strong>&nbsp;contra las redadas migratorias.<\/p>\n\n\n\n<p>El fiscal general de California, Rob Bonta, junto con el gobernador de California, Gavin Newsom, \u201cest\u00e1n demandando a Donald Trump y pidiendo al tribunal que anule la acci\u00f3n ilegal del presidente de federalizar la Guardia Nacional de California\u201d, inform\u00f3 Bonta en una declaraci\u00f3n.<\/p>\n\n\n\n<p>La medida tomada por la Administraci\u00f3n \u201cabusaba de la autoridad del gobierno federal y violaba la D\u00e9cima Enmienda\u201d de la Constituci\u00f3n, agreg\u00f3.<\/p>\n\n\n\n<p>\u201cActivar a estas tropas para protestas que las fuerzas del orden locales confirmaron en ese momento que estaban bajo control es profundamente injusto y una falta de respeto a su servicio y sacrificio\u201d, indic\u00f3 Bonta.<\/p>\n\n\n\n<p>El&nbsp;<strong>despliegue<\/strong>&nbsp;de&nbsp;<strong>tropas requiere<\/strong>&nbsp;el&nbsp;<strong>consentimiento<\/strong>&nbsp;de&nbsp;<strong>Newsom<\/strong>&nbsp;y esta es la primera vez desde 1965 que un mandatario estadounidense lo hace \u201csin una solicitud del gobernador del estado\u201d, alert\u00f3.<\/p>\n\n\n\n<p>\u201cEl gobernador de California sabe c\u00f3mo llamar a la Guardia Nacional cuando es necesario. Lo hizo con los incendios de Los \u00c1ngeles y en el verano de 2020 con algunas de las protestas en California. As\u00ed que esto es algo que est\u00e1 dentro de la jurisdicci\u00f3n del gobernador Newsom. Y \u00e9l no autoriz\u00f3 el uso de la Guardia Nacional aqu\u00ed, no la convoc\u00f3\u201d, insisti\u00f3.<\/p>\n\n\n\n<p>La Casa Blanca y el Gobierno de Newsom se han enfrentado en las \u00faltimas horas por la decisi\u00f3n de Trump de desplegar a la Guardia Nacional para contener las protestas en Los \u00c1ngeles contra las redadas migratorias, una medida rechazada por las autoridades locales.<\/p>\n\n\n\n<p>Tom Homan, encargado de la pol\u00edtica migratoria de la Casa Blanca, declar\u00f3 en una entrevista que Newsom y la alcaldesa de Los \u00c1ngeles, la tambi\u00e9n dem\u00f3crata Karen Bass, podr\u00edan ser arrestados. El gobernador respondi\u00f3 con un desafiante: \u201cTom, arr\u00e9stame\u201d.<\/p>\n\n\n\n<p>El \u2018zar de la frontera\u2019 aclar\u00f3 despu\u00e9s que no hay planes para detener al gobernador, pero advirti\u00f3 de que el Ejecutivo de Trump no tolerar\u00e1 que nadie \u201cobstaculice la aplicaci\u00f3n de la ley\u201d.<\/p>\n","protected":false},"excerpt":{"rendered":"<p>El gobernador de California, Gavin Newsom, demand\u00f3 a Trump y pidi\u00f3 al tribunal que anule la acci\u00f3n ilegal del presidente de federalizar la Guardia Nacional Las autoridades del estado de&nbsp;California&nbsp;presentaron una&nbsp;demanda&nbsp;contra el presidente de Estados Unidos,&nbsp;DonadTrump, por&nbsp;desplegar&nbsp;de manera \u201cilegal\u201d a la&nbsp;Guardia Nacional&nbsp;bajo el argumento de contener las protestas de&nbsp;Los \u00c1ngeles&nbsp;contra las redadas migratorias. El fiscal [&hellip;]<\/p>\n","protected":false},"author":22,"featured_media":110318,"comment_status":"closed","ping_status":"open","sticky":false,"template":"","format":"standard","meta":{"tdm_status":"","tdm_grid_status":"","footnotes":""},"categories":[39],"tags":[],"class_list":{"0":"post-110319","1":"post","2":"type-post","3":"status-publish","4":"format-standard","5":"has-post-thumbnail","7":"category-noticias-nacionales"},"yoast_head":"<!-- This site is optimized with the Yoast SEO plugin v27.5 - https:\/\/yoast.com\/product\/yoast-seo-wordpress\/ -->\n<title>California demanda a Trump por despliegue \u201cilegal\u201d de la Guardia Nacional - Fuentes Fidedignas<\/title>\n<meta name=\"robots\" content=\"index, follow, max-snippet:-1, max-image-preview:large, max-video-preview:-1\" \/>\n<link rel=\"canonical\" href=\"https:\/\/fuentesfidedignas.com.mx\/index.php\/2025\/06\/09\/california-demanda-a-trump-por-despliegue-ilegal-de-la-guardia-nacional\/\" \/>\n<meta property=\"og:locale\" content=\"es_MX\" \/>\n<meta property=\"og:type\" content=\"article\" \/>\n<meta property=\"og:title\" content=\"California demanda a Trump por despliegue \u201cilegal\u201d de la Guardia Nacional - Fuentes Fidedignas\" \/>\n<meta property=\"og:description\" content=\"El gobernador de California, Gavin Newsom, demand\u00f3 a Trump y pidi\u00f3 al tribunal que anule la acci\u00f3n ilegal del presidente de federalizar la Guardia Nacional Las autoridades del estado de&nbsp;California&nbsp;presentaron una&nbsp;demanda&nbsp;contra el presidente de Estados Unidos,&nbsp;DonadTrump, por&nbsp;desplegar&nbsp;de manera \u201cilegal\u201d a la&nbsp;Guardia Nacional&nbsp;bajo el argumento de contener las protestas de&nbsp;Los \u00c1ngeles&nbsp;contra las redadas migratorias. El fiscal [&hellip;]\" \/>\n<meta property=\"og:url\" content=\"https:\/\/fuentesfidedignas.com.mx\/index.php\/2025\/06\/09\/california-demanda-a-trump-por-despliegue-ilegal-de-la-guardia-nacional\/\" \/>\n<meta property=\"og:site_name\" content=\"Fuentes Fidedignas\" \/>\n<meta property=\"article:publisher\" content=\"https:\/\/www.facebook.com\/Fuentes-Fidedignas-368234489921644\" \/>\n<meta property=\"article:published_time\" content=\"2025-06-10T02:15:59+00:00\" \/>\n<meta property=\"og:image\" content=\"https:\/\/fuentesfidedignas.com.mx\/wp-content\/uploads\/2025\/06\/img_6547-1.jpg\" \/>\n\t<meta property=\"og:image:width\" content=\"1536\" \/>\n\t<meta property=\"og:image:height\" content=\"1024\" \/>\n\t<meta property=\"og:image:type\" content=\"image\/jpeg\" \/>\n<meta name=\"author\" content=\"EFE\" \/>\n<meta name=\"twitter:card\" content=\"summary_large_image\" \/>\n<meta name=\"twitter:creator\" content=\"@fidedignas\" \/>\n<meta name=\"twitter:site\" content=\"@fidedignas\" \/>\n<meta name=\"twitter:label1\" content=\"Escrito por\" \/>\n\t<meta name=\"twitter:data1\" content=\"EFE\" \/>\n\t<meta name=\"twitter:label2\" content=\"Tiempo de lectura\" \/>\n\t<meta name=\"twitter:data2\" content=\"2 minutos\" \/>\n<script type=\"application\/ld+json\" class=\"yoast-schema-graph\">{\"@context\":\"https:\\\/\\\/schema.org\",\"@graph\":[{\"@type\":\"Article\",\"@id\":\"https:\\\/\\\/fuentesfidedignas.com.mx\\\/index.php\\\/2025\\\/06\\\/09\\\/california-demanda-a-trump-por-despliegue-ilegal-de-la-guardia-nacional\\\/#article\",\"isPartOf\":{\"@id\":\"https:\\\/\\\/fuentesfidedignas.com.mx\\\/index.php\\\/2025\\\/06\\\/09\\\/california-demanda-a-trump-por-despliegue-ilegal-de-la-guardia-nacional\\\/\"},\"author\":{\"name\":\"EFE\",\"@id\":\"https:\\\/\\\/fuentesfidedignas.com.mx\\\/#\\\/schema\\\/person\\\/0d44615087b5a626d5d3f13afe31ac41\"},\"headline\":\"California demanda a Trump por despliegue \u201cilegal\u201d de la Guardia Nacional\",\"datePublished\":\"2025-06-10T02:15:59+00:00\",\"mainEntityOfPage\":{\"@id\":\"https:\\\/\\\/fuentesfidedignas.com.mx\\\/index.php\\\/2025\\\/06\\\/09\\\/california-demanda-a-trump-por-despliegue-ilegal-de-la-guardia-nacional\\\/\"},\"wordCount\":420,\"publisher\":{\"@id\":\"https:\\\/\\\/fuentesfidedignas.com.mx\\\/#organization\"},\"image\":{\"@id\":\"https:\\\/\\\/fuentesfidedignas.com.mx\\\/index.php\\\/2025\\\/06\\\/09\\\/california-demanda-a-trump-por-despliegue-ilegal-de-la-guardia-nacional\\\/#primaryimage\"},\"thumbnailUrl\":\"https:\\\/\\\/fuentesfidedignas.com.mx\\\/wp-content\\\/uploads\\\/2025\\\/06\\\/img_6547-1.jpg\",\"articleSection\":[\"NOTICIAS NACIONALES\"],\"inLanguage\":\"es\"},{\"@type\":\"WebPage\",\"@id\":\"https:\\\/\\\/fuentesfidedignas.com.mx\\\/index.php\\\/2025\\\/06\\\/09\\\/california-demanda-a-trump-por-despliegue-ilegal-de-la-guardia-nacional\\\/\",\"url\":\"https:\\\/\\\/fuentesfidedignas.com.mx\\\/index.php\\\/2025\\\/06\\\/09\\\/california-demanda-a-trump-por-despliegue-ilegal-de-la-guardia-nacional\\\/\",\"name\":\"California demanda a Trump por despliegue \u201cilegal\u201d de la Guardia Nacional - Fuentes Fidedignas\",\"isPartOf\":{\"@id\":\"https:\\\/\\\/fuentesfidedignas.com.mx\\\/#website\"},\"primaryImageOfPage\":{\"@id\":\"https:\\\/\\\/fuentesfidedignas.com.mx\\\/index.php\\\/2025\\\/06\\\/09\\\/california-demanda-a-trump-por-despliegue-ilegal-de-la-guardia-nacional\\\/#primaryimage\"},\"image\":{\"@id\":\"https:\\\/\\\/fuentesfidedignas.com.mx\\\/index.php\\\/2025\\\/06\\\/09\\\/california-demanda-a-trump-por-despliegue-ilegal-de-la-guardia-nacional\\\/#primaryimage\"},\"thumbnailUrl\":\"https:\\\/\\\/fuentesfidedignas.com.mx\\\/wp-content\\\/uploads\\\/2025\\\/06\\\/img_6547-1.jpg\",\"datePublished\":\"2025-06-10T02:15:59+00:00\",\"breadcrumb\":{\"@id\":\"https:\\\/\\\/fuentesfidedignas.com.mx\\\/index.php\\\/2025\\\/06\\\/09\\\/california-demanda-a-trump-por-despliegue-ilegal-de-la-guardia-nacional\\\/#breadcrumb\"},\"inLanguage\":\"es\",\"potentialAction\":[{\"@type\":\"ReadAction\",\"target\":[\"https:\\\/\\\/fuentesfidedignas.com.mx\\\/index.php\\\/2025\\\/06\\\/09\\\/california-demanda-a-trump-por-despliegue-ilegal-de-la-guardia-nacional\\\/\"]}]},{\"@type\":\"ImageObject\",\"inLanguage\":\"es\",\"@id\":\"https:\\\/\\\/fuentesfidedignas.com.mx\\\/index.php\\\/2025\\\/06\\\/09\\\/california-demanda-a-trump-por-despliegue-ilegal-de-la-guardia-nacional\\\/#primaryimage\",\"url\":\"https:\\\/\\\/fuentesfidedignas.com.mx\\\/wp-content\\\/uploads\\\/2025\\\/06\\\/img_6547-1.jpg\",\"contentUrl\":\"https:\\\/\\\/fuentesfidedignas.com.mx\\\/wp-content\\\/uploads\\\/2025\\\/06\\\/img_6547-1.jpg\",\"width\":1536,\"height\":1024},{\"@type\":\"BreadcrumbList\",\"@id\":\"https:\\\/\\\/fuentesfidedignas.com.mx\\\/index.php\\\/2025\\\/06\\\/09\\\/california-demanda-a-trump-por-despliegue-ilegal-de-la-guardia-nacional\\\/#breadcrumb\",\"itemListElement\":[{\"@type\":\"ListItem\",\"position\":1,\"name\":\"Inicio\",\"item\":\"https:\\\/\\\/fuentesfidedignas.com.mx\\\/\"},{\"@type\":\"ListItem\",\"position\":2,\"name\":\"California demanda a Trump por despliegue \u201cilegal\u201d de la Guardia Nacional\"}]},{\"@type\":\"WebSite\",\"@id\":\"https:\\\/\\\/fuentesfidedignas.com.mx\\\/#website\",\"url\":\"https:\\\/\\\/fuentesfidedignas.com.mx\\\/\",\"name\":\"Fuentes Fidedignas\",\"description\":\"Otro sitio realizado con WordPress\",\"publisher\":{\"@id\":\"https:\\\/\\\/fuentesfidedignas.com.mx\\\/#organization\"},\"potentialAction\":[{\"@type\":\"SearchAction\",\"target\":{\"@type\":\"EntryPoint\",\"urlTemplate\":\"https:\\\/\\\/fuentesfidedignas.com.mx\\\/?s={search_term_string}\"},\"query-input\":{\"@type\":\"PropertyValueSpecification\",\"valueRequired\":true,\"valueName\":\"search_term_string\"}}],\"inLanguage\":\"es\"},{\"@type\":\"Organization\",\"@id\":\"https:\\\/\\\/fuentesfidedignas.com.mx\\\/#organization\",\"name\":\"Fuentes Fidedignas\",\"url\":\"https:\\\/\\\/fuentesfidedignas.com.mx\\\/\",\"logo\":{\"@type\":\"ImageObject\",\"inLanguage\":\"es\",\"@id\":\"https:\\\/\\\/fuentesfidedignas.com.mx\\\/#\\\/schema\\\/logo\\\/image\\\/\",\"url\":\"https:\\\/\\\/fuentesfidedignas.com.mx\\\/wp-content\\\/uploads\\\/2021\\\/04\\\/logo-retina.png\",\"contentUrl\":\"https:\\\/\\\/fuentesfidedignas.com.mx\\\/wp-content\\\/uploads\\\/2021\\\/04\\\/logo-retina.png\",\"width\":280,\"height\":51,\"caption\":\"Fuentes Fidedignas\"},\"image\":{\"@id\":\"https:\\\/\\\/fuentesfidedignas.com.mx\\\/#\\\/schema\\\/logo\\\/image\\\/\"},\"sameAs\":[\"https:\\\/\\\/www.facebook.com\\\/Fuentes-Fidedignas-368234489921644\",\"https:\\\/\\\/x.com\\\/fidedignas\"]},{\"@type\":\"Person\",\"@id\":\"https:\\\/\\\/fuentesfidedignas.com.mx\\\/#\\\/schema\\\/person\\\/0d44615087b5a626d5d3f13afe31ac41\",\"name\":\"EFE\",\"image\":{\"@type\":\"ImageObject\",\"inLanguage\":\"es\",\"@id\":\"https:\\\/\\\/secure.gravatar.com\\\/avatar\\\/7048c2d9b569d9bed55bb53ad23821e6e047aa66338fb6ea9868627bbb9f54e8?s=96&d=mm&r=g\",\"url\":\"https:\\\/\\\/secure.gravatar.com\\\/avatar\\\/7048c2d9b569d9bed55bb53ad23821e6e047aa66338fb6ea9868627bbb9f54e8?s=96&d=mm&r=g\",\"contentUrl\":\"https:\\\/\\\/secure.gravatar.com\\\/avatar\\\/7048c2d9b569d9bed55bb53ad23821e6e047aa66338fb6ea9868627bbb9f54e8?s=96&d=mm&r=g\",\"caption\":\"EFE\"},\"url\":\"https:\\\/\\\/fuentesfidedignas.com.mx\\\/index.php\\\/author\\\/efe\\\/\"}]}<\/script>\n<!-- \/ Yoast SEO plugin. -->","yoast_head_json":{"title":"California demanda a Trump por despliegue \u201cilegal\u201d de la Guardia Nacional - Fuentes Fidedignas","robots":{"index":"index","follow":"follow","max-snippet":"max-snippet:-1","max-image-preview":"max-image-preview:large","max-video-preview":"max-video-preview:-1"},"canonical":"https:\/\/fuentesfidedignas.com.mx\/index.php\/2025\/06\/09\/california-demanda-a-trump-por-despliegue-ilegal-de-la-guardia-nacional\/","og_locale":"es_MX","og_type":"article","og_title":"California demanda a Trump por despliegue \u201cilegal\u201d de la Guardia Nacional - Fuentes Fidedignas","og_description":"El gobernador de California, Gavin Newsom, demand\u00f3 a Trump y pidi\u00f3 al tribunal que anule la acci\u00f3n ilegal del presidente de federalizar la Guardia Nacional Las autoridades del estado de&nbsp;California&nbsp;presentaron una&nbsp;demanda&nbsp;contra el presidente de Estados Unidos,&nbsp;DonadTrump, por&nbsp;desplegar&nbsp;de manera \u201cilegal\u201d a la&nbsp;Guardia Nacional&nbsp;bajo el argumento de contener las protestas de&nbsp;Los \u00c1ngeles&nbsp;contra las redadas migratorias. El fiscal [&hellip;]","og_url":"https:\/\/fuentesfidedignas.com.mx\/index.php\/2025\/06\/09\/california-demanda-a-trump-por-despliegue-ilegal-de-la-guardia-nacional\/","og_site_name":"Fuentes Fidedignas","article_publisher":"https:\/\/www.facebook.com\/Fuentes-Fidedignas-368234489921644","article_published_time":"2025-06-10T02:15:59+00:00","og_image":[{"width":1536,"height":1024,"url":"https:\/\/fuentesfidedignas.com.mx\/wp-content\/uploads\/2025\/06\/img_6547-1.jpg","type":"image\/jpeg"}],"author":"EFE","twitter_card":"summary_large_image","twitter_creator":"@fidedignas","twitter_site":"@fidedignas","twitter_misc":{"Escrito por":"EFE","Tiempo de lectura":"2 minutos"},"schema":{"@context":"https:\/\/schema.org","@graph":[{"@type":"Article","@id":"https:\/\/fuentesfidedignas.com.mx\/index.php\/2025\/06\/09\/california-demanda-a-trump-por-despliegue-ilegal-de-la-guardia-nacional\/#article","isPartOf":{"@id":"https:\/\/fuentesfidedignas.com.mx\/index.php\/2025\/06\/09\/california-demanda-a-trump-por-despliegue-ilegal-de-la-guardia-nacional\/"},"author":{"name":"EFE","@id":"https:\/\/fuentesfidedignas.com.mx\/#\/schema\/person\/0d44615087b5a626d5d3f13afe31ac41"},"headline":"California demanda a Trump por despliegue \u201cilegal\u201d de la Guardia Nacional","datePublished":"2025-06-10T02:15:59+00:00","mainEntityOfPage":{"@id":"https:\/\/fuentesfidedignas.com.mx\/index.php\/2025\/06\/09\/california-demanda-a-trump-por-despliegue-ilegal-de-la-guardia-nacional\/"},"wordCount":420,"publisher":{"@id":"https:\/\/fuentesfidedignas.com.mx\/#organization"},"image":{"@id":"https:\/\/fuentesfidedignas.com.mx\/index.php\/2025\/06\/09\/california-demanda-a-trump-por-despliegue-ilegal-de-la-guardia-nacional\/#primaryimage"},"thumbnailUrl":"https:\/\/fuentesfidedignas.com.mx\/wp-content\/uploads\/2025\/06\/img_6547-1.jpg","articleSection":["NOTICIAS NACIONALES"],"inLanguage":"es"},{"@type":"WebPage","@id":"https:\/\/fuentesfidedignas.com.mx\/index.php\/2025\/06\/09\/california-demanda-a-trump-por-despliegue-ilegal-de-la-guardia-nacional\/","url":"https:\/\/fuentesfidedignas.com.mx\/index.php\/2025\/06\/09\/california-demanda-a-trump-por-despliegue-ilegal-de-la-guardia-nacional\/","name":"California demanda a Trump por despliegue \u201cilegal\u201d de la Guardia Nacional - Fuentes Fidedignas","isPartOf":{"@id":"https:\/\/fuentesfidedignas.com.mx\/#website"},"primaryImageOfPage":{"@id":"https:\/\/fuentesfidedignas.com.mx\/index.php\/2025\/06\/09\/california-demanda-a-trump-por-despliegue-ilegal-de-la-guardia-nacional\/#primaryimage"},"image":{"@id":"https:\/\/fuentesfidedignas.com.mx\/index.php\/2025\/06\/09\/california-demanda-a-trump-por-despliegue-ilegal-de-la-guardia-nacional\/#primaryimage"},"thumbnailUrl":"https:\/\/fuentesfidedignas.com.mx\/wp-content\/uploads\/2025\/06\/img_6547-1.jpg","datePublished":"2025-06-10T02:15:59+00:00","breadcrumb":{"@id":"https:\/\/fuentesfidedignas.com.mx\/index.php\/2025\/06\/09\/california-demanda-a-trump-por-despliegue-ilegal-de-la-guardia-nacional\/#breadcrumb"},"inLanguage":"es","potentialAction":[{"@type":"ReadAction","target":["https:\/\/fuentesfidedignas.com.mx\/index.php\/2025\/06\/09\/california-demanda-a-trump-por-despliegue-ilegal-de-la-guardia-nacional\/"]}]},{"@type":"ImageObject","inLanguage":"es","@id":"https:\/\/fuentesfidedignas.com.mx\/index.php\/2025\/06\/09\/california-demanda-a-trump-por-despliegue-ilegal-de-la-guardia-nacional\/#primaryimage","url":"https:\/\/fuentesfidedignas.com.mx\/wp-content\/uploads\/2025\/06\/img_6547-1.jpg","contentUrl":"https:\/\/fuentesfidedignas.com.mx\/wp-content\/uploads\/2025\/06\/img_6547-1.jpg","width":1536,"height":1024},{"@type":"BreadcrumbList","@id":"https:\/\/fuentesfidedignas.com.mx\/index.php\/2025\/06\/09\/california-demanda-a-trump-por-despliegue-ilegal-de-la-guardia-nacional\/#breadcrumb","itemListElement":[{"@type":"ListItem","position":1,"name":"Inicio","item":"https:\/\/fuentesfidedignas.com.mx\/"},{"@type":"ListItem","position":2,"name":"California demanda a Trump por despliegue \u201cilegal\u201d de la Guardia Nacional"}]},{"@type":"WebSite","@id":"https:\/\/fuentesfidedignas.com.mx\/#website","url":"https:\/\/fuentesfidedignas.com.mx\/","name":"Fuentes Fidedignas","description":"Otro sitio realizado con WordPress","publisher":{"@id":"https:\/\/fuentesfidedignas.com.mx\/#organization"},"potentialAction":[{"@type":"SearchAction","target":{"@type":"EntryPoint","urlTemplate":"https:\/\/fuentesfidedignas.com.mx\/?s={search_term_string}"},"query-input":{"@type":"PropertyValueSpecification","valueRequired":true,"valueName":"search_term_string"}}],"inLanguage":"es"},{"@type":"Organization","@id":"https:\/\/fuentesfidedignas.com.mx\/#organization","name":"Fuentes Fidedignas","url":"https:\/\/fuentesfidedignas.com.mx\/","logo":{"@type":"ImageObject","inLanguage":"es","@id":"https:\/\/fuentesfidedignas.com.mx\/#\/schema\/logo\/image\/","url":"https:\/\/fuentesfidedignas.com.mx\/wp-content\/uploads\/2021\/04\/logo-retina.png","contentUrl":"https:\/\/fuentesfidedignas.com.mx\/wp-content\/uploads\/2021\/04\/logo-retina.png","width":280,"height":51,"caption":"Fuentes Fidedignas"},"image":{"@id":"https:\/\/fuentesfidedignas.com.mx\/#\/schema\/logo\/image\/"},"sameAs":["https:\/\/www.facebook.com\/Fuentes-Fidedignas-368234489921644","https:\/\/x.com\/fidedignas"]},{"@type":"Person","@id":"https:\/\/fuentesfidedignas.com.mx\/#\/schema\/person\/0d44615087b5a626d5d3f13afe31ac41","name":"EFE","image":{"@type":"ImageObject","inLanguage":"es","@id":"https:\/\/secure.gravatar.com\/avatar\/7048c2d9b569d9bed55bb53ad23821e6e047aa66338fb6ea9868627bbb9f54e8?s=96&d=mm&r=g","url":"https:\/\/secure.gravatar.com\/avatar\/7048c2d9b569d9bed55bb53ad23821e6e047aa66338fb6ea9868627bbb9f54e8?s=96&d=mm&r=g","contentUrl":"https:\/\/secure.gravatar.com\/avatar\/7048c2d9b569d9bed55bb53ad23821e6e047aa66338fb6ea9868627bbb9f54e8?s=96&d=mm&r=g","caption":"EFE"},"url":"https:\/\/fuentesfidedignas.com.mx\/index.php\/author\/efe\/"}]}},"_links":{"self":[{"href":"https:\/\/fuentesfidedignas.com.mx\/index.php\/wp-json\/wp\/v2\/posts\/110319","targetHints":{"allow":["GET"]}}],"collection":[{"href":"https:\/\/fuentesfidedignas.com.mx\/index.php\/wp-json\/wp\/v2\/posts"}],"about":[{"href":"https:\/\/fuentesfidedignas.com.mx\/index.php\/wp-json\/wp\/v2\/types\/post"}],"author":[{"embeddable":true,"href":"https:\/\/fuentesfidedignas.com.mx\/index.php\/wp-json\/wp\/v2\/users\/22"}],"replies":[{"embeddable":true,"href":"https:\/\/fuentesfidedignas.com.mx\/index.php\/wp-json\/wp\/v2\/comments?post=110319"}],"version-history":[{"count":1,"href":"https:\/\/fuentesfidedignas.com.mx\/index.php\/wp-json\/wp\/v2\/posts\/110319\/revisions"}],"predecessor-version":[{"id":110320,"href":"https:\/\/fuentesfidedignas.com.mx\/index.php\/wp-json\/wp\/v2\/posts\/110319\/revisions\/110320"}],"wp:featuredmedia":[{"embeddable":true,"href":"https:\/\/fuentesfidedignas.com.mx\/index.php\/wp-json\/wp\/v2\/media\/110318"}],"wp:attachment":[{"href":"https:\/\/fuentesfidedignas.com.mx\/index.php\/wp-json\/wp\/v2\/media?parent=110319"}],"wp:term":[{"taxonomy":"category","embeddable":true,"href":"https:\/\/fuentesfidedignas.com.mx\/index.php\/wp-json\/wp\/v2\/categories?post=110319"},{"taxonomy":"post_tag","embeddable":true,"href":"https:\/\/fuentesfidedignas.com.mx\/index.php\/wp-json\/wp\/v2\/tags?post=110319"}],"curies":[{"name":"wp","href":"https:\/\/api.w.org\/{rel}","templated":true}]}}