{"id":110305,"date":"2025-06-09T14:59:53","date_gmt":"2025-06-09T21:59:53","guid":{"rendered":"https:\/\/fuentesfidedignas.com.mx\/?p=110305"},"modified":"2025-06-09T14:59:55","modified_gmt":"2025-06-09T21:59:55","slug":"publican-calendario-para-formar-parte-de-la-pension-del-bienestar-estas-son-las-fechas","status":"publish","type":"post","link":"https:\/\/fuentesfidedignas.com.mx\/index.php\/2025\/06\/09\/publican-calendario-para-formar-parte-de-la-pension-del-bienestar-estas-son-las-fechas\/","title":{"rendered":"Publican calendario para formar parte de la pensi\u00f3n del Bienestar; estas son las fechas"},"content":{"rendered":"\n<p><strong><em>Para acceder a este derecho se puede hacer por medio de la p\u00e1gina oficial del programa, acudir a los m\u00f3dulos, o bien llenar el registro.<\/em><\/strong><\/p>\n\n\n\n<p>En el marco de la conferencia ma\u00f1anera de la presidenta de Claudia Sheinbaum Pardo, la titular de la Secretar\u00eda de Bienestar, Ariadna Montiel Reyes, anunci\u00f3 que el registro para recibir la pensi\u00f3n de adultos mayores comenzar\u00e1 hoy y estar\u00e1 abierto hasta el 21 de junio.<\/p>\n\n\n\n<p>De acuerdo a la funcionaria, para acceder a este derecho se puede hacer por medio de la p\u00e1gina oficial del programa, acudir a los m\u00f3dulos, o bien llenar el registro para que los servidores de la naci\u00f3n vayan al domicilio de los solicitantes para integrarlos a la iniciativa.<\/p>\n\n\n\n<p><strong>\u00bfQui\u00e9nes se pueden inscribir?<\/strong><\/p>\n\n\n\n<p>Sobre qu\u00e9 sectores de la poblaci\u00f3n son los que pueden acudir a registrarse, la encargada de la pol\u00edtica social del pa\u00eds refiri\u00f3 que b\u00e1sicamente es para los adultos mayores; es decir, personas cuyas edades oscilan entre los 65, 64 y 63 a\u00f1os.<\/p>\n\n\n\n<p>Aunado a lo anterior, Montiel Reyes apunt\u00f3 que la incorporaci\u00f3n de estos nuevos derechohabientes ser\u00e1 tal y como se realiza para la entrega de los fondos de las pensiones, es decir por medio de un calendario el cual los llamar\u00e1 de acuerdo a la letra inicial del primer apellido.<\/p>\n\n\n\n<p><strong>Calendario de registro:<\/strong><br>Lunes 9 y 16 de junio 2025: letras A, B, C<br>Martes 10 y 17 de junio 2025: letras D, E, F, G, H<br>Mi\u00e9rcoles 11 y 18 de junio 2025: letras I, J, K, L, M<br>Jueves 12 y 19 de junio 2025: letras N, \u00d1, O, P, Q, R<br>Viernes 13 y 20 de junio 2025: letras S, T, U, V, W, X, Y, Z<br>S\u00e1bado 14 y 21 de junio 2025: todas las letras.<\/p>\n\n\n\n<p>Por lo anterior, la titular del bienestar reiter\u00f3 el periodo de registro, el cual ser\u00e1 del 9 al 21 de junio, por lo que las personas interesadas en recibir los apoyos econ\u00f3micos de la Pensi\u00f3n Bienestar solo tendr\u00e1n dos semanas para solicitar su incorporaci\u00f3n.<\/p>\n","protected":false},"excerpt":{"rendered":"<p>Para acceder a este derecho se puede hacer por medio de la p\u00e1gina oficial del programa, acudir a los m\u00f3dulos, o bien llenar el registro. En el marco de la conferencia ma\u00f1anera de la presidenta de Claudia Sheinbaum Pardo, la titular de la Secretar\u00eda de Bienestar, Ariadna Montiel Reyes, anunci\u00f3 que el registro para recibir [&hellip;]<\/p>\n","protected":false},"author":7,"featured_media":57316,"comment_status":"open","ping_status":"open","sticky":false,"template":"","format":"standard","meta":{"tdm_status":"","tdm_grid_status":"","footnotes":""},"categories":[39],"tags":[],"class_list":{"0":"post-110305","1":"post","2":"type-post","3":"status-publish","4":"format-standard","5":"has-post-thumbnail","7":"category-noticias-nacionales"},"yoast_head":"<!-- This site is optimized with the Yoast SEO plugin v27.5 - https:\/\/yoast.com\/product\/yoast-seo-wordpress\/ -->\n<title>Publican calendario para formar parte de la pensi\u00f3n del Bienestar; estas son las fechas - Fuentes Fidedignas<\/title>\n<meta name=\"robots\" content=\"index, follow, max-snippet:-1, max-image-preview:large, max-video-preview:-1\" \/>\n<link rel=\"canonical\" href=\"https:\/\/fuentesfidedignas.com.mx\/index.php\/2025\/06\/09\/publican-calendario-para-formar-parte-de-la-pension-del-bienestar-estas-son-las-fechas\/\" \/>\n<meta property=\"og:locale\" content=\"es_MX\" \/>\n<meta property=\"og:type\" content=\"article\" \/>\n<meta property=\"og:title\" content=\"Publican calendario para formar parte de la pensi\u00f3n del Bienestar; estas son las fechas - Fuentes Fidedignas\" \/>\n<meta property=\"og:description\" content=\"Para acceder a este derecho se puede hacer por medio de la p\u00e1gina oficial del programa, acudir a los m\u00f3dulos, o bien llenar el registro. En el marco de la conferencia ma\u00f1anera de la presidenta de Claudia Sheinbaum Pardo, la titular de la Secretar\u00eda de Bienestar, Ariadna Montiel Reyes, anunci\u00f3 que el registro para recibir [&hellip;]\" \/>\n<meta property=\"og:url\" content=\"https:\/\/fuentesfidedignas.com.mx\/index.php\/2025\/06\/09\/publican-calendario-para-formar-parte-de-la-pension-del-bienestar-estas-son-las-fechas\/\" \/>\n<meta property=\"og:site_name\" content=\"Fuentes Fidedignas\" \/>\n<meta property=\"article:publisher\" content=\"https:\/\/www.facebook.com\/Fuentes-Fidedignas-368234489921644\" \/>\n<meta property=\"article:published_time\" content=\"2025-06-09T21:59:53+00:00\" \/>\n<meta property=\"article:modified_time\" content=\"2025-06-09T21:59:55+00:00\" \/>\n<meta property=\"og:image\" content=\"https:\/\/fuentesfidedignas.com.mx\/wp-content\/uploads\/2023\/08\/pension-para-el-bienestar.jpg\" \/>\n\t<meta property=\"og:image:width\" content=\"2560\" \/>\n\t<meta property=\"og:image:height\" content=\"1703\" \/>\n\t<meta property=\"og:image:type\" content=\"image\/jpeg\" \/>\n<meta name=\"author\" content=\"Exc\u00e9lsior\" \/>\n<meta name=\"twitter:card\" content=\"summary_large_image\" \/>\n<meta name=\"twitter:creator\" content=\"@fidedignas\" \/>\n<meta name=\"twitter:site\" content=\"@fidedignas\" \/>\n<meta name=\"twitter:label1\" content=\"Escrito por\" \/>\n\t<meta name=\"twitter:data1\" content=\"Exc\u00e9lsior\" \/>\n\t<meta name=\"twitter:label2\" content=\"Tiempo de lectura\" \/>\n\t<meta name=\"twitter:data2\" content=\"2 minutos\" \/>\n<script type=\"application\/ld+json\" class=\"yoast-schema-graph\">{\"@context\":\"https:\\\/\\\/schema.org\",\"@graph\":[{\"@type\":\"Article\",\"@id\":\"https:\\\/\\\/fuentesfidedignas.com.mx\\\/index.php\\\/2025\\\/06\\\/09\\\/publican-calendario-para-formar-parte-de-la-pension-del-bienestar-estas-son-las-fechas\\\/#article\",\"isPartOf\":{\"@id\":\"https:\\\/\\\/fuentesfidedignas.com.mx\\\/index.php\\\/2025\\\/06\\\/09\\\/publican-calendario-para-formar-parte-de-la-pension-del-bienestar-estas-son-las-fechas\\\/\"},\"author\":{\"name\":\"Exc\u00e9lsior\",\"@id\":\"https:\\\/\\\/fuentesfidedignas.com.mx\\\/#\\\/schema\\\/person\\\/ec4edd1fbf5efa3e44fce34fe2787780\"},\"headline\":\"Publican calendario para formar parte de la pensi\u00f3n del Bienestar; estas son las fechas\",\"datePublished\":\"2025-06-09T21:59:53+00:00\",\"dateModified\":\"2025-06-09T21:59:55+00:00\",\"mainEntityOfPage\":{\"@id\":\"https:\\\/\\\/fuentesfidedignas.com.mx\\\/index.php\\\/2025\\\/06\\\/09\\\/publican-calendario-para-formar-parte-de-la-pension-del-bienestar-estas-son-las-fechas\\\/\"},\"wordCount\":343,\"commentCount\":0,\"publisher\":{\"@id\":\"https:\\\/\\\/fuentesfidedignas.com.mx\\\/#organization\"},\"image\":{\"@id\":\"https:\\\/\\\/fuentesfidedignas.com.mx\\\/index.php\\\/2025\\\/06\\\/09\\\/publican-calendario-para-formar-parte-de-la-pension-del-bienestar-estas-son-las-fechas\\\/#primaryimage\"},\"thumbnailUrl\":\"https:\\\/\\\/fuentesfidedignas.com.mx\\\/wp-content\\\/uploads\\\/2023\\\/08\\\/pension-para-el-bienestar.jpg\",\"articleSection\":[\"NOTICIAS NACIONALES\"],\"inLanguage\":\"es\",\"potentialAction\":[{\"@type\":\"CommentAction\",\"name\":\"Comment\",\"target\":[\"https:\\\/\\\/fuentesfidedignas.com.mx\\\/index.php\\\/2025\\\/06\\\/09\\\/publican-calendario-para-formar-parte-de-la-pension-del-bienestar-estas-son-las-fechas\\\/#respond\"]}]},{\"@type\":\"WebPage\",\"@id\":\"https:\\\/\\\/fuentesfidedignas.com.mx\\\/index.php\\\/2025\\\/06\\\/09\\\/publican-calendario-para-formar-parte-de-la-pension-del-bienestar-estas-son-las-fechas\\\/\",\"url\":\"https:\\\/\\\/fuentesfidedignas.com.mx\\\/index.php\\\/2025\\\/06\\\/09\\\/publican-calendario-para-formar-parte-de-la-pension-del-bienestar-estas-son-las-fechas\\\/\",\"name\":\"Publican calendario para formar parte de la pensi\u00f3n del Bienestar; estas son las fechas - Fuentes Fidedignas\",\"isPartOf\":{\"@id\":\"https:\\\/\\\/fuentesfidedignas.com.mx\\\/#website\"},\"primaryImageOfPage\":{\"@id\":\"https:\\\/\\\/fuentesfidedignas.com.mx\\\/index.php\\\/2025\\\/06\\\/09\\\/publican-calendario-para-formar-parte-de-la-pension-del-bienestar-estas-son-las-fechas\\\/#primaryimage\"},\"image\":{\"@id\":\"https:\\\/\\\/fuentesfidedignas.com.mx\\\/index.php\\\/2025\\\/06\\\/09\\\/publican-calendario-para-formar-parte-de-la-pension-del-bienestar-estas-son-las-fechas\\\/#primaryimage\"},\"thumbnailUrl\":\"https:\\\/\\\/fuentesfidedignas.com.mx\\\/wp-content\\\/uploads\\\/2023\\\/08\\\/pension-para-el-bienestar.jpg\",\"datePublished\":\"2025-06-09T21:59:53+00:00\",\"dateModified\":\"2025-06-09T21:59:55+00:00\",\"breadcrumb\":{\"@id\":\"https:\\\/\\\/fuentesfidedignas.com.mx\\\/index.php\\\/2025\\\/06\\\/09\\\/publican-calendario-para-formar-parte-de-la-pension-del-bienestar-estas-son-las-fechas\\\/#breadcrumb\"},\"inLanguage\":\"es\",\"potentialAction\":[{\"@type\":\"ReadAction\",\"target\":[\"https:\\\/\\\/fuentesfidedignas.com.mx\\\/index.php\\\/2025\\\/06\\\/09\\\/publican-calendario-para-formar-parte-de-la-pension-del-bienestar-estas-son-las-fechas\\\/\"]}]},{\"@type\":\"ImageObject\",\"inLanguage\":\"es\",\"@id\":\"https:\\\/\\\/fuentesfidedignas.com.mx\\\/index.php\\\/2025\\\/06\\\/09\\\/publican-calendario-para-formar-parte-de-la-pension-del-bienestar-estas-son-las-fechas\\\/#primaryimage\",\"url\":\"https:\\\/\\\/fuentesfidedignas.com.mx\\\/wp-content\\\/uploads\\\/2023\\\/08\\\/pension-para-el-bienestar.jpg\",\"contentUrl\":\"https:\\\/\\\/fuentesfidedignas.com.mx\\\/wp-content\\\/uploads\\\/2023\\\/08\\\/pension-para-el-bienestar.jpg\",\"width\":2560,\"height\":1703},{\"@type\":\"BreadcrumbList\",\"@id\":\"https:\\\/\\\/fuentesfidedignas.com.mx\\\/index.php\\\/2025\\\/06\\\/09\\\/publican-calendario-para-formar-parte-de-la-pension-del-bienestar-estas-son-las-fechas\\\/#breadcrumb\",\"itemListElement\":[{\"@type\":\"ListItem\",\"position\":1,\"name\":\"Inicio\",\"item\":\"https:\\\/\\\/fuentesfidedignas.com.mx\\\/\"},{\"@type\":\"ListItem\",\"position\":2,\"name\":\"Publican calendario para formar parte de la pensi\u00f3n del Bienestar; estas son las fechas\"}]},{\"@type\":\"WebSite\",\"@id\":\"https:\\\/\\\/fuentesfidedignas.com.mx\\\/#website\",\"url\":\"https:\\\/\\\/fuentesfidedignas.com.mx\\\/\",\"name\":\"Fuentes Fidedignas\",\"description\":\"Otro sitio realizado con WordPress\",\"publisher\":{\"@id\":\"https:\\\/\\\/fuentesfidedignas.com.mx\\\/#organization\"},\"potentialAction\":[{\"@type\":\"SearchAction\",\"target\":{\"@type\":\"EntryPoint\",\"urlTemplate\":\"https:\\\/\\\/fuentesfidedignas.com.mx\\\/?s={search_term_string}\"},\"query-input\":{\"@type\":\"PropertyValueSpecification\",\"valueRequired\":true,\"valueName\":\"search_term_string\"}}],\"inLanguage\":\"es\"},{\"@type\":\"Organization\",\"@id\":\"https:\\\/\\\/fuentesfidedignas.com.mx\\\/#organization\",\"name\":\"Fuentes Fidedignas\",\"url\":\"https:\\\/\\\/fuentesfidedignas.com.mx\\\/\",\"logo\":{\"@type\":\"ImageObject\",\"inLanguage\":\"es\",\"@id\":\"https:\\\/\\\/fuentesfidedignas.com.mx\\\/#\\\/schema\\\/logo\\\/image\\\/\",\"url\":\"https:\\\/\\\/fuentesfidedignas.com.mx\\\/wp-content\\\/uploads\\\/2021\\\/04\\\/logo-retina.png\",\"contentUrl\":\"https:\\\/\\\/fuentesfidedignas.com.mx\\\/wp-content\\\/uploads\\\/2021\\\/04\\\/logo-retina.png\",\"width\":280,\"height\":51,\"caption\":\"Fuentes Fidedignas\"},\"image\":{\"@id\":\"https:\\\/\\\/fuentesfidedignas.com.mx\\\/#\\\/schema\\\/logo\\\/image\\\/\"},\"sameAs\":[\"https:\\\/\\\/www.facebook.com\\\/Fuentes-Fidedignas-368234489921644\",\"https:\\\/\\\/x.com\\\/fidedignas\"]},{\"@type\":\"Person\",\"@id\":\"https:\\\/\\\/fuentesfidedignas.com.mx\\\/#\\\/schema\\\/person\\\/ec4edd1fbf5efa3e44fce34fe2787780\",\"name\":\"Exc\u00e9lsior\",\"image\":{\"@type\":\"ImageObject\",\"inLanguage\":\"es\",\"@id\":\"https:\\\/\\\/secure.gravatar.com\\\/avatar\\\/4b7ee9206b48be08447852b3f0814dbc7c0f3b51541b164f1464a2725614020b?s=96&d=mm&r=g\",\"url\":\"https:\\\/\\\/secure.gravatar.com\\\/avatar\\\/4b7ee9206b48be08447852b3f0814dbc7c0f3b51541b164f1464a2725614020b?s=96&d=mm&r=g\",\"contentUrl\":\"https:\\\/\\\/secure.gravatar.com\\\/avatar\\\/4b7ee9206b48be08447852b3f0814dbc7c0f3b51541b164f1464a2725614020b?s=96&d=mm&r=g\",\"caption\":\"Exc\u00e9lsior\"},\"url\":\"https:\\\/\\\/fuentesfidedignas.com.mx\\\/index.php\\\/author\\\/excelsior\\\/\"}]}<\/script>\n<!-- \/ Yoast SEO plugin. -->","yoast_head_json":{"title":"Publican calendario para formar parte de la pensi\u00f3n del Bienestar; estas son las fechas - Fuentes Fidedignas","robots":{"index":"index","follow":"follow","max-snippet":"max-snippet:-1","max-image-preview":"max-image-preview:large","max-video-preview":"max-video-preview:-1"},"canonical":"https:\/\/fuentesfidedignas.com.mx\/index.php\/2025\/06\/09\/publican-calendario-para-formar-parte-de-la-pension-del-bienestar-estas-son-las-fechas\/","og_locale":"es_MX","og_type":"article","og_title":"Publican calendario para formar parte de la pensi\u00f3n del Bienestar; estas son las fechas - Fuentes Fidedignas","og_description":"Para acceder a este derecho se puede hacer por medio de la p\u00e1gina oficial del programa, acudir a los m\u00f3dulos, o bien llenar el registro. En el marco de la conferencia ma\u00f1anera de la presidenta de Claudia Sheinbaum Pardo, la titular de la Secretar\u00eda de Bienestar, Ariadna Montiel Reyes, anunci\u00f3 que el registro para recibir [&hellip;]","og_url":"https:\/\/fuentesfidedignas.com.mx\/index.php\/2025\/06\/09\/publican-calendario-para-formar-parte-de-la-pension-del-bienestar-estas-son-las-fechas\/","og_site_name":"Fuentes Fidedignas","article_publisher":"https:\/\/www.facebook.com\/Fuentes-Fidedignas-368234489921644","article_published_time":"2025-06-09T21:59:53+00:00","article_modified_time":"2025-06-09T21:59:55+00:00","og_image":[{"width":2560,"height":1703,"url":"https:\/\/fuentesfidedignas.com.mx\/wp-content\/uploads\/2023\/08\/pension-para-el-bienestar.jpg","type":"image\/jpeg"}],"author":"Exc\u00e9lsior","twitter_card":"summary_large_image","twitter_creator":"@fidedignas","twitter_site":"@fidedignas","twitter_misc":{"Escrito por":"Exc\u00e9lsior","Tiempo de lectura":"2 minutos"},"schema":{"@context":"https:\/\/schema.org","@graph":[{"@type":"Article","@id":"https:\/\/fuentesfidedignas.com.mx\/index.php\/2025\/06\/09\/publican-calendario-para-formar-parte-de-la-pension-del-bienestar-estas-son-las-fechas\/#article","isPartOf":{"@id":"https:\/\/fuentesfidedignas.com.mx\/index.php\/2025\/06\/09\/publican-calendario-para-formar-parte-de-la-pension-del-bienestar-estas-son-las-fechas\/"},"author":{"name":"Exc\u00e9lsior","@id":"https:\/\/fuentesfidedignas.com.mx\/#\/schema\/person\/ec4edd1fbf5efa3e44fce34fe2787780"},"headline":"Publican calendario para formar parte de la pensi\u00f3n del Bienestar; estas son las fechas","datePublished":"2025-06-09T21:59:53+00:00","dateModified":"2025-06-09T21:59:55+00:00","mainEntityOfPage":{"@id":"https:\/\/fuentesfidedignas.com.mx\/index.php\/2025\/06\/09\/publican-calendario-para-formar-parte-de-la-pension-del-bienestar-estas-son-las-fechas\/"},"wordCount":343,"commentCount":0,"publisher":{"@id":"https:\/\/fuentesfidedignas.com.mx\/#organization"},"image":{"@id":"https:\/\/fuentesfidedignas.com.mx\/index.php\/2025\/06\/09\/publican-calendario-para-formar-parte-de-la-pension-del-bienestar-estas-son-las-fechas\/#primaryimage"},"thumbnailUrl":"https:\/\/fuentesfidedignas.com.mx\/wp-content\/uploads\/2023\/08\/pension-para-el-bienestar.jpg","articleSection":["NOTICIAS NACIONALES"],"inLanguage":"es","potentialAction":[{"@type":"CommentAction","name":"Comment","target":["https:\/\/fuentesfidedignas.com.mx\/index.php\/2025\/06\/09\/publican-calendario-para-formar-parte-de-la-pension-del-bienestar-estas-son-las-fechas\/#respond"]}]},{"@type":"WebPage","@id":"https:\/\/fuentesfidedignas.com.mx\/index.php\/2025\/06\/09\/publican-calendario-para-formar-parte-de-la-pension-del-bienestar-estas-son-las-fechas\/","url":"https:\/\/fuentesfidedignas.com.mx\/index.php\/2025\/06\/09\/publican-calendario-para-formar-parte-de-la-pension-del-bienestar-estas-son-las-fechas\/","name":"Publican calendario para formar parte de la pensi\u00f3n del Bienestar; estas son las fechas - Fuentes Fidedignas","isPartOf":{"@id":"https:\/\/fuentesfidedignas.com.mx\/#website"},"primaryImageOfPage":{"@id":"https:\/\/fuentesfidedignas.com.mx\/index.php\/2025\/06\/09\/publican-calendario-para-formar-parte-de-la-pension-del-bienestar-estas-son-las-fechas\/#primaryimage"},"image":{"@id":"https:\/\/fuentesfidedignas.com.mx\/index.php\/2025\/06\/09\/publican-calendario-para-formar-parte-de-la-pension-del-bienestar-estas-son-las-fechas\/#primaryimage"},"thumbnailUrl":"https:\/\/fuentesfidedignas.com.mx\/wp-content\/uploads\/2023\/08\/pension-para-el-bienestar.jpg","datePublished":"2025-06-09T21:59:53+00:00","dateModified":"2025-06-09T21:59:55+00:00","breadcrumb":{"@id":"https:\/\/fuentesfidedignas.com.mx\/index.php\/2025\/06\/09\/publican-calendario-para-formar-parte-de-la-pension-del-bienestar-estas-son-las-fechas\/#breadcrumb"},"inLanguage":"es","potentialAction":[{"@type":"ReadAction","target":["https:\/\/fuentesfidedignas.com.mx\/index.php\/2025\/06\/09\/publican-calendario-para-formar-parte-de-la-pension-del-bienestar-estas-son-las-fechas\/"]}]},{"@type":"ImageObject","inLanguage":"es","@id":"https:\/\/fuentesfidedignas.com.mx\/index.php\/2025\/06\/09\/publican-calendario-para-formar-parte-de-la-pension-del-bienestar-estas-son-las-fechas\/#primaryimage","url":"https:\/\/fuentesfidedignas.com.mx\/wp-content\/uploads\/2023\/08\/pension-para-el-bienestar.jpg","contentUrl":"https:\/\/fuentesfidedignas.com.mx\/wp-content\/uploads\/2023\/08\/pension-para-el-bienestar.jpg","width":2560,"height":1703},{"@type":"BreadcrumbList","@id":"https:\/\/fuentesfidedignas.com.mx\/index.php\/2025\/06\/09\/publican-calendario-para-formar-parte-de-la-pension-del-bienestar-estas-son-las-fechas\/#breadcrumb","itemListElement":[{"@type":"ListItem","position":1,"name":"Inicio","item":"https:\/\/fuentesfidedignas.com.mx\/"},{"@type":"ListItem","position":2,"name":"Publican calendario para formar parte de la pensi\u00f3n del Bienestar; estas son las fechas"}]},{"@type":"WebSite","@id":"https:\/\/fuentesfidedignas.com.mx\/#website","url":"https:\/\/fuentesfidedignas.com.mx\/","name":"Fuentes Fidedignas","description":"Otro sitio realizado con WordPress","publisher":{"@id":"https:\/\/fuentesfidedignas.com.mx\/#organization"},"potentialAction":[{"@type":"SearchAction","target":{"@type":"EntryPoint","urlTemplate":"https:\/\/fuentesfidedignas.com.mx\/?s={search_term_string}"},"query-input":{"@type":"PropertyValueSpecification","valueRequired":true,"valueName":"search_term_string"}}],"inLanguage":"es"},{"@type":"Organization","@id":"https:\/\/fuentesfidedignas.com.mx\/#organization","name":"Fuentes Fidedignas","url":"https:\/\/fuentesfidedignas.com.mx\/","logo":{"@type":"ImageObject","inLanguage":"es","@id":"https:\/\/fuentesfidedignas.com.mx\/#\/schema\/logo\/image\/","url":"https:\/\/fuentesfidedignas.com.mx\/wp-content\/uploads\/2021\/04\/logo-retina.png","contentUrl":"https:\/\/fuentesfidedignas.com.mx\/wp-content\/uploads\/2021\/04\/logo-retina.png","width":280,"height":51,"caption":"Fuentes Fidedignas"},"image":{"@id":"https:\/\/fuentesfidedignas.com.mx\/#\/schema\/logo\/image\/"},"sameAs":["https:\/\/www.facebook.com\/Fuentes-Fidedignas-368234489921644","https:\/\/x.com\/fidedignas"]},{"@type":"Person","@id":"https:\/\/fuentesfidedignas.com.mx\/#\/schema\/person\/ec4edd1fbf5efa3e44fce34fe2787780","name":"Exc\u00e9lsior","image":{"@type":"ImageObject","inLanguage":"es","@id":"https:\/\/secure.gravatar.com\/avatar\/4b7ee9206b48be08447852b3f0814dbc7c0f3b51541b164f1464a2725614020b?s=96&d=mm&r=g","url":"https:\/\/secure.gravatar.com\/avatar\/4b7ee9206b48be08447852b3f0814dbc7c0f3b51541b164f1464a2725614020b?s=96&d=mm&r=g","contentUrl":"https:\/\/secure.gravatar.com\/avatar\/4b7ee9206b48be08447852b3f0814dbc7c0f3b51541b164f1464a2725614020b?s=96&d=mm&r=g","caption":"Exc\u00e9lsior"},"url":"https:\/\/fuentesfidedignas.com.mx\/index.php\/author\/excelsior\/"}]}},"_links":{"self":[{"href":"https:\/\/fuentesfidedignas.com.mx\/index.php\/wp-json\/wp\/v2\/posts\/110305","targetHints":{"allow":["GET"]}}],"collection":[{"href":"https:\/\/fuentesfidedignas.com.mx\/index.php\/wp-json\/wp\/v2\/posts"}],"about":[{"href":"https:\/\/fuentesfidedignas.com.mx\/index.php\/wp-json\/wp\/v2\/types\/post"}],"author":[{"embeddable":true,"href":"https:\/\/fuentesfidedignas.com.mx\/index.php\/wp-json\/wp\/v2\/users\/7"}],"replies":[{"embeddable":true,"href":"https:\/\/fuentesfidedignas.com.mx\/index.php\/wp-json\/wp\/v2\/comments?post=110305"}],"version-history":[{"count":1,"href":"https:\/\/fuentesfidedignas.com.mx\/index.php\/wp-json\/wp\/v2\/posts\/110305\/revisions"}],"predecessor-version":[{"id":110306,"href":"https:\/\/fuentesfidedignas.com.mx\/index.php\/wp-json\/wp\/v2\/posts\/110305\/revisions\/110306"}],"wp:featuredmedia":[{"embeddable":true,"href":"https:\/\/fuentesfidedignas.com.mx\/index.php\/wp-json\/wp\/v2\/media\/57316"}],"wp:attachment":[{"href":"https:\/\/fuentesfidedignas.com.mx\/index.php\/wp-json\/wp\/v2\/media?parent=110305"}],"wp:term":[{"taxonomy":"category","embeddable":true,"href":"https:\/\/fuentesfidedignas.com.mx\/index.php\/wp-json\/wp\/v2\/categories?post=110305"},{"taxonomy":"post_tag","embeddable":true,"href":"https:\/\/fuentesfidedignas.com.mx\/index.php\/wp-json\/wp\/v2\/tags?post=110305"}],"curies":[{"name":"wp","href":"https:\/\/api.w.org\/{rel}","templated":true}]}}