{"id":11029,"date":"2021-08-27T13:43:12","date_gmt":"2021-08-27T20:43:12","guid":{"rendered":"https:\/\/fuentesfidedignas.com.mx\/?p=11029"},"modified":"2021-08-27T13:45:38","modified_gmt":"2021-08-27T20:45:38","slug":"fondo-de-caja-de-ahorro-entre-los-motivos-del-bloqueo-de-la-cnte-a-amlo","status":"publish","type":"post","link":"https:\/\/fuentesfidedignas.com.mx\/index.php\/2021\/08\/27\/fondo-de-caja-de-ahorro-entre-los-motivos-del-bloqueo-de-la-cnte-a-amlo\/","title":{"rendered":"Fondo de caja de ahorro, entre los motivos del bloqueo de la CNTE a AMLO"},"content":{"rendered":"\n<p><strong><em>Maestros sostienen que su protesta no es un chantaje, sino es en respuesta a una problem\u00e1tica que se vive en la entidad<\/em><\/strong><\/p>\n\n\n\n<p>Tuxtla Guti\u00e9rrez, Chis. La petici\u00f3n central de los integrantes de la Secci\u00f3n 7 de la Coordinadora Nacional de Trabajadores de la Educaci\u00f3n (CNTE), quienes bloquearon este viernes el ingreso del presidente Andr\u00e9s Manuel L\u00f3pez Obrador, fue el acceso a un fondo de la caja de ahorro de los docentes que asciende a cerca de mil 500 millones de pesos, lo cual se conjug\u00f3 con distintas denuncias que mantiene el magisterio, como la reanudaci\u00f3n de mesas de negociaci\u00f3n con el gobierno federal y deficiencias en la planeaci\u00f3n para el regreso a clases presenciales.<\/p>\n\n\n\n<p>Este viernes el Presidente ten\u00eda previsto realizar su reuni\u00f3n de seguridad diaria y la conferencia de prensa ante representantes de los medios de comunicaci\u00f3n desde la s\u00e9ptima Regi\u00f3n Militar, en Tuxtla Guti\u00e9rrez, Chiapas. Fue al momento de llegar, poco antes de las 6 de la ma\u00f1ana, cuando profesores chiapanecos le cerraron el paso en protesta por no poder acceder al fondo de la caja de ahorro que est\u00e1n bajo la administraci\u00f3n del estado.<\/p>\n\n\n\n<p>Las quejas son principalmente por la inacci\u00f3n del gobierno de Chiapas, afirm\u00f3 Jes\u00fas Ventura, profesor de primaria en la entidad de la regi\u00f3n centro del estado. \u201cEl gobernador se lo quiere robar, no lo vamos a permitir porque a nosotros los trabajadores de la educaci\u00f3n nos pagan una miseria, y a parte nos quieren quitar lo que estamos ahorrando\u201d.<\/p>\n\n\n\n<p>Inconforme luego que el Presidente no baj\u00f3 de su camioneta para dialogar con ellos de manera directa, reconoci\u00f3 que la manifestaci\u00f3n de este viernes fue \u201ccontra el estado m\u00e1s que nada, porque el gobierno federal ya envi\u00f3 un oficio para pedir soluci\u00f3n, pero el estado hace o\u00eddos sordos\u201d.<\/p>\n\n\n\n<p>Sostuvo que su protesta no es un chantaje, sino es en respuesta a una problem\u00e1tica que se vive en la entidad.<\/p>\n\n\n\n<p>Tras casi hora y media de lanzar consignas por medio de un meg\u00e1fono y con ayuda de un sonido, los docentes dejaron el lugar.<\/p>\n\n\n\n<figure class=\"wp-block-embed is-type-rich is-provider-twitter wp-block-embed-twitter\"><div class=\"wp-block-embed__wrapper\">\n<blockquote class=\"twitter-tweet\" data-width=\"550\" data-dnt=\"true\"><p lang=\"es\" dir=\"ltr\">La CNTE haciendo lo que L\u00f3pez Obrador les ense\u00f1\u00f3 hace muchos a\u00f1os, hoy bloquean el paso de la camioneta del presidente y desde ah\u00ed AMLO les responde en la ma\u00f1anera que: \u201cAqu\u00ed me quedo el tiempo que sea necesario, no voy a ceder a chantajes de nadie\u201d. <a href=\"https:\/\/t.co\/ALA84hbJa5\">pic.twitter.com\/ALA84hbJa5<\/a><\/p>&mdash; \u2133\ud835\udcb6\ud835\udcc7\ud835\udcb8\u212f\ud835\udcc1\ud835\udcb6 \u2131\u212f\u0301\ud835\udcc7\ud835\udcb6\ud835\udcca\ud835\udcb9 \u2665\ufe0f (@Marcela_Feraud) <a href=\"https:\/\/twitter.com\/Marcela_Feraud\/status\/1431247614545219584?ref_src=twsrc%5Etfw\">August 27, 2021<\/a><\/blockquote><script async src=\"https:\/\/platform.twitter.com\/widgets.js\" charset=\"utf-8\"><\/script>\n<\/div><\/figure>\n\n\n\n<p>Antes de su retirada, mientras entonaban su himno y se escuchaba la frase \u201cvenceremos, venceremos\u201d, otros grupos aprovecharon para sumarse al bloqueo, entre ellos, trabajadores de salud adscritos a la Sedena que piden la renovaci\u00f3n de contrato, y pacientes del ISSSTE que se\u00f1alan deficiencias en su atenci\u00f3n.<\/p>\n\n\n\n<p>Fue hasta las 8 de la ma\u00f1ana con 13 minutos, m\u00e1s de dos horas despu\u00e9s de su llegada, que el presidente logr\u00f3 ingresar a las instalaciones militares. Para ese momento ya hab\u00eda concluido la conferencia de prensa matutina, en la que el mandatario s\u00f3lo pudo participar por medio de una video que grab\u00f3 instantes antes desde su camioneta. Tuvo que iniciar la conferencia el gobernador Rutilio Escand\u00f3n y el gabinete de seguridad federal sin la presencia del jefe del Ejecutivo.<\/p>\n","protected":false},"excerpt":{"rendered":"<p>Maestros sostienen que su protesta no es un chantaje, sino es en respuesta a una problem\u00e1tica que se vive en la entidad Tuxtla Guti\u00e9rrez, Chis. La petici\u00f3n central de los integrantes de la Secci\u00f3n 7 de la Coordinadora Nacional de Trabajadores de la Educaci\u00f3n (CNTE), quienes bloquearon este viernes el ingreso del presidente Andr\u00e9s Manuel [&hellip;]<\/p>\n","protected":false},"author":14,"featured_media":11030,"comment_status":"open","ping_status":"open","sticky":false,"template":"","format":"standard","meta":{"tdm_status":"","tdm_grid_status":"","footnotes":""},"categories":[39],"tags":[247,297,1757,1758],"class_list":{"0":"post-11029","1":"post","2":"type-post","3":"status-publish","4":"format-standard","5":"has-post-thumbnail","7":"category-noticias-nacionales","8":"tag-amlo","9":"tag-andres-manuel-lopez-obrador","10":"tag-cnte","11":"tag-coordinadora-nacional-de-trabajadores-de-la-educacion"},"yoast_head":"<!-- This site is optimized with the Yoast SEO plugin v27.4 - https:\/\/yoast.com\/product\/yoast-seo-wordpress\/ -->\n<title>Fondo de caja de ahorro, entre los motivos del bloqueo de la CNTE a AMLO - Fuentes Fidedignas<\/title>\n<meta name=\"robots\" content=\"index, follow, max-snippet:-1, max-image-preview:large, max-video-preview:-1\" \/>\n<link rel=\"canonical\" href=\"https:\/\/fuentesfidedignas.com.mx\/index.php\/2021\/08\/27\/fondo-de-caja-de-ahorro-entre-los-motivos-del-bloqueo-de-la-cnte-a-amlo\/\" \/>\n<meta property=\"og:locale\" content=\"es_MX\" \/>\n<meta property=\"og:type\" content=\"article\" \/>\n<meta property=\"og:title\" content=\"Fondo de caja de ahorro, entre los motivos del bloqueo de la CNTE a AMLO - Fuentes Fidedignas\" \/>\n<meta property=\"og:description\" content=\"Maestros sostienen que su protesta no es un chantaje, sino es en respuesta a una problem\u00e1tica que se vive en la entidad Tuxtla Guti\u00e9rrez, Chis. La petici\u00f3n central de los integrantes de la Secci\u00f3n 7 de la Coordinadora Nacional de Trabajadores de la Educaci\u00f3n (CNTE), quienes bloquearon este viernes el ingreso del presidente Andr\u00e9s Manuel [&hellip;]\" \/>\n<meta property=\"og:url\" content=\"https:\/\/fuentesfidedignas.com.mx\/index.php\/2021\/08\/27\/fondo-de-caja-de-ahorro-entre-los-motivos-del-bloqueo-de-la-cnte-a-amlo\/\" \/>\n<meta property=\"og:site_name\" content=\"Fuentes Fidedignas\" \/>\n<meta property=\"article:publisher\" content=\"https:\/\/www.facebook.com\/Fuentes-Fidedignas-368234489921644\" \/>\n<meta property=\"article:published_time\" content=\"2021-08-27T20:43:12+00:00\" \/>\n<meta property=\"article:modified_time\" content=\"2021-08-27T20:45:38+00:00\" \/>\n<meta property=\"og:image\" content=\"https:\/\/fuentesfidedignas.com.mx\/wp-content\/uploads\/2021\/08\/AMLO-no-llega-a-la-mananera.jpg\" \/>\n\t<meta property=\"og:image:width\" content=\"1140\" \/>\n\t<meta property=\"og:image:height\" content=\"712\" \/>\n\t<meta property=\"og:image:type\" content=\"image\/jpeg\" \/>\n<meta name=\"author\" content=\"Vanguardia\" \/>\n<meta name=\"twitter:card\" content=\"summary_large_image\" \/>\n<meta name=\"twitter:creator\" content=\"@fidedignas\" \/>\n<meta name=\"twitter:site\" content=\"@fidedignas\" \/>\n<meta name=\"twitter:label1\" content=\"Escrito por\" \/>\n\t<meta name=\"twitter:data1\" content=\"Vanguardia\" \/>\n\t<meta name=\"twitter:label2\" content=\"Tiempo de lectura\" \/>\n\t<meta name=\"twitter:data2\" content=\"3 minutos\" \/>\n<script type=\"application\/ld+json\" class=\"yoast-schema-graph\">{\"@context\":\"https:\\\/\\\/schema.org\",\"@graph\":[{\"@type\":\"Article\",\"@id\":\"https:\\\/\\\/fuentesfidedignas.com.mx\\\/index.php\\\/2021\\\/08\\\/27\\\/fondo-de-caja-de-ahorro-entre-los-motivos-del-bloqueo-de-la-cnte-a-amlo\\\/#article\",\"isPartOf\":{\"@id\":\"https:\\\/\\\/fuentesfidedignas.com.mx\\\/index.php\\\/2021\\\/08\\\/27\\\/fondo-de-caja-de-ahorro-entre-los-motivos-del-bloqueo-de-la-cnte-a-amlo\\\/\"},\"author\":{\"name\":\"Vanguardia\",\"@id\":\"https:\\\/\\\/fuentesfidedignas.com.mx\\\/#\\\/schema\\\/person\\\/bce747fb6a0b0feefab1e3e7c4e84d2b\"},\"headline\":\"Fondo de caja de ahorro, entre los motivos del bloqueo de la CNTE a AMLO\",\"datePublished\":\"2021-08-27T20:43:12+00:00\",\"dateModified\":\"2021-08-27T20:45:38+00:00\",\"mainEntityOfPage\":{\"@id\":\"https:\\\/\\\/fuentesfidedignas.com.mx\\\/index.php\\\/2021\\\/08\\\/27\\\/fondo-de-caja-de-ahorro-entre-los-motivos-del-bloqueo-de-la-cnte-a-amlo\\\/\"},\"wordCount\":519,\"commentCount\":0,\"publisher\":{\"@id\":\"https:\\\/\\\/fuentesfidedignas.com.mx\\\/#organization\"},\"image\":{\"@id\":\"https:\\\/\\\/fuentesfidedignas.com.mx\\\/index.php\\\/2021\\\/08\\\/27\\\/fondo-de-caja-de-ahorro-entre-los-motivos-del-bloqueo-de-la-cnte-a-amlo\\\/#primaryimage\"},\"thumbnailUrl\":\"https:\\\/\\\/fuentesfidedignas.com.mx\\\/wp-content\\\/uploads\\\/2021\\\/08\\\/AMLO-no-llega-a-la-mananera.jpg\",\"keywords\":[\"AMLO\",\"Andr\u00e9s Manuel L\u00f3pez Obrador\",\"CNTE\",\"Coordinadora Nacional de Trabajadores de la Educaci\u00f3n\"],\"articleSection\":[\"NOTICIAS NACIONALES\"],\"inLanguage\":\"es\",\"potentialAction\":[{\"@type\":\"CommentAction\",\"name\":\"Comment\",\"target\":[\"https:\\\/\\\/fuentesfidedignas.com.mx\\\/index.php\\\/2021\\\/08\\\/27\\\/fondo-de-caja-de-ahorro-entre-los-motivos-del-bloqueo-de-la-cnte-a-amlo\\\/#respond\"]}]},{\"@type\":\"WebPage\",\"@id\":\"https:\\\/\\\/fuentesfidedignas.com.mx\\\/index.php\\\/2021\\\/08\\\/27\\\/fondo-de-caja-de-ahorro-entre-los-motivos-del-bloqueo-de-la-cnte-a-amlo\\\/\",\"url\":\"https:\\\/\\\/fuentesfidedignas.com.mx\\\/index.php\\\/2021\\\/08\\\/27\\\/fondo-de-caja-de-ahorro-entre-los-motivos-del-bloqueo-de-la-cnte-a-amlo\\\/\",\"name\":\"Fondo de caja de ahorro, entre los motivos del bloqueo de la CNTE a AMLO - Fuentes Fidedignas\",\"isPartOf\":{\"@id\":\"https:\\\/\\\/fuentesfidedignas.com.mx\\\/#website\"},\"primaryImageOfPage\":{\"@id\":\"https:\\\/\\\/fuentesfidedignas.com.mx\\\/index.php\\\/2021\\\/08\\\/27\\\/fondo-de-caja-de-ahorro-entre-los-motivos-del-bloqueo-de-la-cnte-a-amlo\\\/#primaryimage\"},\"image\":{\"@id\":\"https:\\\/\\\/fuentesfidedignas.com.mx\\\/index.php\\\/2021\\\/08\\\/27\\\/fondo-de-caja-de-ahorro-entre-los-motivos-del-bloqueo-de-la-cnte-a-amlo\\\/#primaryimage\"},\"thumbnailUrl\":\"https:\\\/\\\/fuentesfidedignas.com.mx\\\/wp-content\\\/uploads\\\/2021\\\/08\\\/AMLO-no-llega-a-la-mananera.jpg\",\"datePublished\":\"2021-08-27T20:43:12+00:00\",\"dateModified\":\"2021-08-27T20:45:38+00:00\",\"breadcrumb\":{\"@id\":\"https:\\\/\\\/fuentesfidedignas.com.mx\\\/index.php\\\/2021\\\/08\\\/27\\\/fondo-de-caja-de-ahorro-entre-los-motivos-del-bloqueo-de-la-cnte-a-amlo\\\/#breadcrumb\"},\"inLanguage\":\"es\",\"potentialAction\":[{\"@type\":\"ReadAction\",\"target\":[\"https:\\\/\\\/fuentesfidedignas.com.mx\\\/index.php\\\/2021\\\/08\\\/27\\\/fondo-de-caja-de-ahorro-entre-los-motivos-del-bloqueo-de-la-cnte-a-amlo\\\/\"]}]},{\"@type\":\"ImageObject\",\"inLanguage\":\"es\",\"@id\":\"https:\\\/\\\/fuentesfidedignas.com.mx\\\/index.php\\\/2021\\\/08\\\/27\\\/fondo-de-caja-de-ahorro-entre-los-motivos-del-bloqueo-de-la-cnte-a-amlo\\\/#primaryimage\",\"url\":\"https:\\\/\\\/fuentesfidedignas.com.mx\\\/wp-content\\\/uploads\\\/2021\\\/08\\\/AMLO-no-llega-a-la-mananera.jpg\",\"contentUrl\":\"https:\\\/\\\/fuentesfidedignas.com.mx\\\/wp-content\\\/uploads\\\/2021\\\/08\\\/AMLO-no-llega-a-la-mananera.jpg\",\"width\":1140,\"height\":712},{\"@type\":\"BreadcrumbList\",\"@id\":\"https:\\\/\\\/fuentesfidedignas.com.mx\\\/index.php\\\/2021\\\/08\\\/27\\\/fondo-de-caja-de-ahorro-entre-los-motivos-del-bloqueo-de-la-cnte-a-amlo\\\/#breadcrumb\",\"itemListElement\":[{\"@type\":\"ListItem\",\"position\":1,\"name\":\"Inicio\",\"item\":\"https:\\\/\\\/fuentesfidedignas.com.mx\\\/\"},{\"@type\":\"ListItem\",\"position\":2,\"name\":\"Fondo de caja de ahorro, entre los motivos del bloqueo de la CNTE a AMLO\"}]},{\"@type\":\"WebSite\",\"@id\":\"https:\\\/\\\/fuentesfidedignas.com.mx\\\/#website\",\"url\":\"https:\\\/\\\/fuentesfidedignas.com.mx\\\/\",\"name\":\"Fuentes Fidedignas\",\"description\":\"Otro sitio realizado con WordPress\",\"publisher\":{\"@id\":\"https:\\\/\\\/fuentesfidedignas.com.mx\\\/#organization\"},\"potentialAction\":[{\"@type\":\"SearchAction\",\"target\":{\"@type\":\"EntryPoint\",\"urlTemplate\":\"https:\\\/\\\/fuentesfidedignas.com.mx\\\/?s={search_term_string}\"},\"query-input\":{\"@type\":\"PropertyValueSpecification\",\"valueRequired\":true,\"valueName\":\"search_term_string\"}}],\"inLanguage\":\"es\"},{\"@type\":\"Organization\",\"@id\":\"https:\\\/\\\/fuentesfidedignas.com.mx\\\/#organization\",\"name\":\"Fuentes Fidedignas\",\"url\":\"https:\\\/\\\/fuentesfidedignas.com.mx\\\/\",\"logo\":{\"@type\":\"ImageObject\",\"inLanguage\":\"es\",\"@id\":\"https:\\\/\\\/fuentesfidedignas.com.mx\\\/#\\\/schema\\\/logo\\\/image\\\/\",\"url\":\"https:\\\/\\\/fuentesfidedignas.com.mx\\\/wp-content\\\/uploads\\\/2021\\\/04\\\/logo-retina.png\",\"contentUrl\":\"https:\\\/\\\/fuentesfidedignas.com.mx\\\/wp-content\\\/uploads\\\/2021\\\/04\\\/logo-retina.png\",\"width\":280,\"height\":51,\"caption\":\"Fuentes Fidedignas\"},\"image\":{\"@id\":\"https:\\\/\\\/fuentesfidedignas.com.mx\\\/#\\\/schema\\\/logo\\\/image\\\/\"},\"sameAs\":[\"https:\\\/\\\/www.facebook.com\\\/Fuentes-Fidedignas-368234489921644\",\"https:\\\/\\\/x.com\\\/fidedignas\"]},{\"@type\":\"Person\",\"@id\":\"https:\\\/\\\/fuentesfidedignas.com.mx\\\/#\\\/schema\\\/person\\\/bce747fb6a0b0feefab1e3e7c4e84d2b\",\"name\":\"Vanguardia\",\"image\":{\"@type\":\"ImageObject\",\"inLanguage\":\"es\",\"@id\":\"https:\\\/\\\/secure.gravatar.com\\\/avatar\\\/6d7e1e0fdcdef594fdfc9206070adafb95cd5cd9b47c113cb987d91ee74e35df?s=96&d=mm&r=g\",\"url\":\"https:\\\/\\\/secure.gravatar.com\\\/avatar\\\/6d7e1e0fdcdef594fdfc9206070adafb95cd5cd9b47c113cb987d91ee74e35df?s=96&d=mm&r=g\",\"contentUrl\":\"https:\\\/\\\/secure.gravatar.com\\\/avatar\\\/6d7e1e0fdcdef594fdfc9206070adafb95cd5cd9b47c113cb987d91ee74e35df?s=96&d=mm&r=g\",\"caption\":\"Vanguardia\"},\"url\":\"https:\\\/\\\/fuentesfidedignas.com.mx\\\/index.php\\\/author\\\/vanguardia\\\/\"}]}<\/script>\n<!-- \/ Yoast SEO plugin. -->","yoast_head_json":{"title":"Fondo de caja de ahorro, entre los motivos del bloqueo de la CNTE a AMLO - Fuentes Fidedignas","robots":{"index":"index","follow":"follow","max-snippet":"max-snippet:-1","max-image-preview":"max-image-preview:large","max-video-preview":"max-video-preview:-1"},"canonical":"https:\/\/fuentesfidedignas.com.mx\/index.php\/2021\/08\/27\/fondo-de-caja-de-ahorro-entre-los-motivos-del-bloqueo-de-la-cnte-a-amlo\/","og_locale":"es_MX","og_type":"article","og_title":"Fondo de caja de ahorro, entre los motivos del bloqueo de la CNTE a AMLO - Fuentes Fidedignas","og_description":"Maestros sostienen que su protesta no es un chantaje, sino es en respuesta a una problem\u00e1tica que se vive en la entidad Tuxtla Guti\u00e9rrez, Chis. La petici\u00f3n central de los integrantes de la Secci\u00f3n 7 de la Coordinadora Nacional de Trabajadores de la Educaci\u00f3n (CNTE), quienes bloquearon este viernes el ingreso del presidente Andr\u00e9s Manuel [&hellip;]","og_url":"https:\/\/fuentesfidedignas.com.mx\/index.php\/2021\/08\/27\/fondo-de-caja-de-ahorro-entre-los-motivos-del-bloqueo-de-la-cnte-a-amlo\/","og_site_name":"Fuentes Fidedignas","article_publisher":"https:\/\/www.facebook.com\/Fuentes-Fidedignas-368234489921644","article_published_time":"2021-08-27T20:43:12+00:00","article_modified_time":"2021-08-27T20:45:38+00:00","og_image":[{"width":1140,"height":712,"url":"https:\/\/fuentesfidedignas.com.mx\/wp-content\/uploads\/2021\/08\/AMLO-no-llega-a-la-mananera.jpg","type":"image\/jpeg"}],"author":"Vanguardia","twitter_card":"summary_large_image","twitter_creator":"@fidedignas","twitter_site":"@fidedignas","twitter_misc":{"Escrito por":"Vanguardia","Tiempo de lectura":"3 minutos"},"schema":{"@context":"https:\/\/schema.org","@graph":[{"@type":"Article","@id":"https:\/\/fuentesfidedignas.com.mx\/index.php\/2021\/08\/27\/fondo-de-caja-de-ahorro-entre-los-motivos-del-bloqueo-de-la-cnte-a-amlo\/#article","isPartOf":{"@id":"https:\/\/fuentesfidedignas.com.mx\/index.php\/2021\/08\/27\/fondo-de-caja-de-ahorro-entre-los-motivos-del-bloqueo-de-la-cnte-a-amlo\/"},"author":{"name":"Vanguardia","@id":"https:\/\/fuentesfidedignas.com.mx\/#\/schema\/person\/bce747fb6a0b0feefab1e3e7c4e84d2b"},"headline":"Fondo de caja de ahorro, entre los motivos del bloqueo de la CNTE a AMLO","datePublished":"2021-08-27T20:43:12+00:00","dateModified":"2021-08-27T20:45:38+00:00","mainEntityOfPage":{"@id":"https:\/\/fuentesfidedignas.com.mx\/index.php\/2021\/08\/27\/fondo-de-caja-de-ahorro-entre-los-motivos-del-bloqueo-de-la-cnte-a-amlo\/"},"wordCount":519,"commentCount":0,"publisher":{"@id":"https:\/\/fuentesfidedignas.com.mx\/#organization"},"image":{"@id":"https:\/\/fuentesfidedignas.com.mx\/index.php\/2021\/08\/27\/fondo-de-caja-de-ahorro-entre-los-motivos-del-bloqueo-de-la-cnte-a-amlo\/#primaryimage"},"thumbnailUrl":"https:\/\/fuentesfidedignas.com.mx\/wp-content\/uploads\/2021\/08\/AMLO-no-llega-a-la-mananera.jpg","keywords":["AMLO","Andr\u00e9s Manuel L\u00f3pez Obrador","CNTE","Coordinadora Nacional de Trabajadores de la Educaci\u00f3n"],"articleSection":["NOTICIAS NACIONALES"],"inLanguage":"es","potentialAction":[{"@type":"CommentAction","name":"Comment","target":["https:\/\/fuentesfidedignas.com.mx\/index.php\/2021\/08\/27\/fondo-de-caja-de-ahorro-entre-los-motivos-del-bloqueo-de-la-cnte-a-amlo\/#respond"]}]},{"@type":"WebPage","@id":"https:\/\/fuentesfidedignas.com.mx\/index.php\/2021\/08\/27\/fondo-de-caja-de-ahorro-entre-los-motivos-del-bloqueo-de-la-cnte-a-amlo\/","url":"https:\/\/fuentesfidedignas.com.mx\/index.php\/2021\/08\/27\/fondo-de-caja-de-ahorro-entre-los-motivos-del-bloqueo-de-la-cnte-a-amlo\/","name":"Fondo de caja de ahorro, entre los motivos del bloqueo de la CNTE a AMLO - Fuentes Fidedignas","isPartOf":{"@id":"https:\/\/fuentesfidedignas.com.mx\/#website"},"primaryImageOfPage":{"@id":"https:\/\/fuentesfidedignas.com.mx\/index.php\/2021\/08\/27\/fondo-de-caja-de-ahorro-entre-los-motivos-del-bloqueo-de-la-cnte-a-amlo\/#primaryimage"},"image":{"@id":"https:\/\/fuentesfidedignas.com.mx\/index.php\/2021\/08\/27\/fondo-de-caja-de-ahorro-entre-los-motivos-del-bloqueo-de-la-cnte-a-amlo\/#primaryimage"},"thumbnailUrl":"https:\/\/fuentesfidedignas.com.mx\/wp-content\/uploads\/2021\/08\/AMLO-no-llega-a-la-mananera.jpg","datePublished":"2021-08-27T20:43:12+00:00","dateModified":"2021-08-27T20:45:38+00:00","breadcrumb":{"@id":"https:\/\/fuentesfidedignas.com.mx\/index.php\/2021\/08\/27\/fondo-de-caja-de-ahorro-entre-los-motivos-del-bloqueo-de-la-cnte-a-amlo\/#breadcrumb"},"inLanguage":"es","potentialAction":[{"@type":"ReadAction","target":["https:\/\/fuentesfidedignas.com.mx\/index.php\/2021\/08\/27\/fondo-de-caja-de-ahorro-entre-los-motivos-del-bloqueo-de-la-cnte-a-amlo\/"]}]},{"@type":"ImageObject","inLanguage":"es","@id":"https:\/\/fuentesfidedignas.com.mx\/index.php\/2021\/08\/27\/fondo-de-caja-de-ahorro-entre-los-motivos-del-bloqueo-de-la-cnte-a-amlo\/#primaryimage","url":"https:\/\/fuentesfidedignas.com.mx\/wp-content\/uploads\/2021\/08\/AMLO-no-llega-a-la-mananera.jpg","contentUrl":"https:\/\/fuentesfidedignas.com.mx\/wp-content\/uploads\/2021\/08\/AMLO-no-llega-a-la-mananera.jpg","width":1140,"height":712},{"@type":"BreadcrumbList","@id":"https:\/\/fuentesfidedignas.com.mx\/index.php\/2021\/08\/27\/fondo-de-caja-de-ahorro-entre-los-motivos-del-bloqueo-de-la-cnte-a-amlo\/#breadcrumb","itemListElement":[{"@type":"ListItem","position":1,"name":"Inicio","item":"https:\/\/fuentesfidedignas.com.mx\/"},{"@type":"ListItem","position":2,"name":"Fondo de caja de ahorro, entre los motivos del bloqueo de la CNTE a AMLO"}]},{"@type":"WebSite","@id":"https:\/\/fuentesfidedignas.com.mx\/#website","url":"https:\/\/fuentesfidedignas.com.mx\/","name":"Fuentes Fidedignas","description":"Otro sitio realizado con WordPress","publisher":{"@id":"https:\/\/fuentesfidedignas.com.mx\/#organization"},"potentialAction":[{"@type":"SearchAction","target":{"@type":"EntryPoint","urlTemplate":"https:\/\/fuentesfidedignas.com.mx\/?s={search_term_string}"},"query-input":{"@type":"PropertyValueSpecification","valueRequired":true,"valueName":"search_term_string"}}],"inLanguage":"es"},{"@type":"Organization","@id":"https:\/\/fuentesfidedignas.com.mx\/#organization","name":"Fuentes Fidedignas","url":"https:\/\/fuentesfidedignas.com.mx\/","logo":{"@type":"ImageObject","inLanguage":"es","@id":"https:\/\/fuentesfidedignas.com.mx\/#\/schema\/logo\/image\/","url":"https:\/\/fuentesfidedignas.com.mx\/wp-content\/uploads\/2021\/04\/logo-retina.png","contentUrl":"https:\/\/fuentesfidedignas.com.mx\/wp-content\/uploads\/2021\/04\/logo-retina.png","width":280,"height":51,"caption":"Fuentes Fidedignas"},"image":{"@id":"https:\/\/fuentesfidedignas.com.mx\/#\/schema\/logo\/image\/"},"sameAs":["https:\/\/www.facebook.com\/Fuentes-Fidedignas-368234489921644","https:\/\/x.com\/fidedignas"]},{"@type":"Person","@id":"https:\/\/fuentesfidedignas.com.mx\/#\/schema\/person\/bce747fb6a0b0feefab1e3e7c4e84d2b","name":"Vanguardia","image":{"@type":"ImageObject","inLanguage":"es","@id":"https:\/\/secure.gravatar.com\/avatar\/6d7e1e0fdcdef594fdfc9206070adafb95cd5cd9b47c113cb987d91ee74e35df?s=96&d=mm&r=g","url":"https:\/\/secure.gravatar.com\/avatar\/6d7e1e0fdcdef594fdfc9206070adafb95cd5cd9b47c113cb987d91ee74e35df?s=96&d=mm&r=g","contentUrl":"https:\/\/secure.gravatar.com\/avatar\/6d7e1e0fdcdef594fdfc9206070adafb95cd5cd9b47c113cb987d91ee74e35df?s=96&d=mm&r=g","caption":"Vanguardia"},"url":"https:\/\/fuentesfidedignas.com.mx\/index.php\/author\/vanguardia\/"}]}},"_links":{"self":[{"href":"https:\/\/fuentesfidedignas.com.mx\/index.php\/wp-json\/wp\/v2\/posts\/11029","targetHints":{"allow":["GET"]}}],"collection":[{"href":"https:\/\/fuentesfidedignas.com.mx\/index.php\/wp-json\/wp\/v2\/posts"}],"about":[{"href":"https:\/\/fuentesfidedignas.com.mx\/index.php\/wp-json\/wp\/v2\/types\/post"}],"author":[{"embeddable":true,"href":"https:\/\/fuentesfidedignas.com.mx\/index.php\/wp-json\/wp\/v2\/users\/14"}],"replies":[{"embeddable":true,"href":"https:\/\/fuentesfidedignas.com.mx\/index.php\/wp-json\/wp\/v2\/comments?post=11029"}],"version-history":[{"count":1,"href":"https:\/\/fuentesfidedignas.com.mx\/index.php\/wp-json\/wp\/v2\/posts\/11029\/revisions"}],"predecessor-version":[{"id":11031,"href":"https:\/\/fuentesfidedignas.com.mx\/index.php\/wp-json\/wp\/v2\/posts\/11029\/revisions\/11031"}],"wp:featuredmedia":[{"embeddable":true,"href":"https:\/\/fuentesfidedignas.com.mx\/index.php\/wp-json\/wp\/v2\/media\/11030"}],"wp:attachment":[{"href":"https:\/\/fuentesfidedignas.com.mx\/index.php\/wp-json\/wp\/v2\/media?parent=11029"}],"wp:term":[{"taxonomy":"category","embeddable":true,"href":"https:\/\/fuentesfidedignas.com.mx\/index.php\/wp-json\/wp\/v2\/categories?post=11029"},{"taxonomy":"post_tag","embeddable":true,"href":"https:\/\/fuentesfidedignas.com.mx\/index.php\/wp-json\/wp\/v2\/tags?post=11029"}],"curies":[{"name":"wp","href":"https:\/\/api.w.org\/{rel}","templated":true}]}}