{"id":110191,"date":"2025-06-07T13:28:00","date_gmt":"2025-06-07T20:28:00","guid":{"rendered":"https:\/\/fuentesfidedignas.com.mx\/?p=110191"},"modified":"2025-06-07T13:28:00","modified_gmt":"2025-06-07T20:28:00","slug":"la-polemica-y-compleja-eleccion-judicial-avanza-a-paso-lento-en-su-resolucion","status":"publish","type":"post","link":"https:\/\/fuentesfidedignas.com.mx\/index.php\/2025\/06\/07\/la-polemica-y-compleja-eleccion-judicial-avanza-a-paso-lento-en-su-resolucion\/","title":{"rendered":"La pol\u00e9mica y compleja elecci\u00f3n judicial avanza a paso lento en su resoluci\u00f3n"},"content":{"rendered":"\n<p><\/p>\n\n\n\n<p><strong><em>Tras la in\u00e9dita elecci\u00f3n judicial, el oficialismo domina la Suprema Corte y el nuevo Tribunal de Disciplina Judicial con candidatos afines<\/em><\/strong><\/p>\n\n\n\n<p>Tras los primeros resultados de la in\u00e9dita&nbsp;<strong>elecci\u00f3n judicial del 1 de junio<\/strong>, marcada por una escasa participaci\u00f3n de apenas el 13%, el oficialismo controla las principales instancias del&nbsp;<strong>nuevo Poder Judicial,<\/strong>&nbsp;con candidatos afines dominando los puestos en la&nbsp;<strong>Suprema Corte de la Naci\u00f3n y el reci\u00e9n creado Tribunal de Disciplina Judicial.<\/strong><\/p>\n\n\n\n<p>A las urnas estaban convocados 99.7 millones de potenciales votantes, pero<strong>&nbsp;los centros de votaci\u00f3n lucieron vac\u00edos<\/strong>&nbsp;en un proceso pol\u00e9mico y que estuvo marcado por el poco conocimiento de los candidatos, la complejidad del voto, los&nbsp;<strong>\u201cacordeones\u201d (gu\u00edas para inducir el voto)<\/strong>&nbsp;y el lento recuento de los votos.<\/p>\n\n\n\n<p>Aunque el Instituto Nacional Electoral (INE) ya hab\u00eda anticipado que dar\u00eda los resultados completos en m\u00e1ximo 10 d\u00edas, en seis d\u00edas apenas est\u00e1n resueltas dos elecciones: la Suprema Corte de Justicia de la Naci\u00f3n (SCJN) y la del nuevo Tribunal de Disciplina Judicial (TDJ).<\/p>\n\n\n\n<p>Los primeros resultados apuntan a que el partido oficialista&nbsp;<strong>Movimiento Regeneraci\u00f3n Nacional (Morena)<\/strong>controlar\u00e1 las principales instancias del&nbsp;<strong>nuevo Poder Judicial,<\/strong>&nbsp;con candidatos afines dominando los nueve nuevos puestos en la Suprema Corte y los cinco del reci\u00e9n creado Tribunal de Disciplina Judicial, todos propuestos o cercanos al gobierno que encabeza la presidenta, Claudia Sheinbaum.<\/p>\n\n\n\n<p>En el pol\u00e9mico ejercicio, los votantes eligieron<strong>&nbsp;881 cargos federales:<\/strong>&nbsp;los nueve puestos de la Suprema Corte, los cinco integrantes del nuevo Tribunal de Disciplina Judicial, dos de la Sala Superior del Tribunal Electoral del Poder Judicial de la Federaci\u00f3n (TEPJF), 15 de salas regionales del TEPJF, 464 magistraturas de tribunales y 386 juzgados, entre un total de 3 mil 422 candidaturas.<\/p>\n\n\n\n<p>En los nueve puestos del Supremo estar\u00e1n las ministras<strong>Lenia Batres, Yasm\u00edn Esquivel, Loretta Ortiz,<\/strong>&nbsp;actuales ministras en funciones y propuestas por el expresidente<strong>Andr\u00e9s Manuel L\u00f3pez Obrador<\/strong>, adem\u00e1s de&nbsp;<strong>Mar\u00eda Estela R\u00edos y Sara Irene Herrer\u00edas.<\/strong><\/p>\n\n\n\n<p>Mientras que los nuevos ministros ser\u00edan<strong>&nbsp;Hugo Aguilar Ortiz, Giovanni Figueroa, Irving Espinosa y Arist\u00eddes Guerrero,<\/strong>&nbsp;tambi\u00e9n cuentan con perfiles pr\u00f3ximos al oficialismo.<\/p>\n\n\n\n<p>Precisamente,&nbsp;<strong>Aguilar Ortiz<\/strong>, un abogado mixteco y actual coordinador general de&nbsp;<strong>Derechos Ind\u00edgenas del Instituto Nacional de los Pueblos Ind\u00edgenas (INPI),<\/strong>&nbsp;es el candidato m\u00e1s votado cuando se complet\u00f3 el 100% de las actas para ser el futuro presidente de la SCJN, aunque el INE de todav\u00eda no hace oficial el resultado.<\/p>\n\n\n\n<p>Por su parte, el nuevo&nbsp;<strong>Tribunal de Disciplina Judicial (TDJ),<\/strong>&nbsp;que vigilar\u00e1 a todos los jueces en M\u00e9xico y que fue creado a ra\u00edz de la reforma judicial de 2024, sustituir\u00e1 al&nbsp;<strong>Consejo de la Judicatura Federal (CJF)<\/strong>&nbsp;en su funci\u00f3n disciplinaria.<\/p>\n\n\n\n<p>Las tres candidatas que integrar\u00e1n el nuevo TDJ son las actuales consejeras del CJF,&nbsp;<strong>Celia Maya Garc\u00eda y Eva Ver\u00f3nica de Gyv\u00e9s Z\u00e1rate<\/strong>, adem\u00e1s de<strong>&nbsp;Indira Isabel Garc\u00eda P\u00e9rez<\/strong>, propuesta por el Ejecutivo.<\/p>\n\n\n\n<p>Mientras que los nuevos magistrados del TDJ ser\u00edan&nbsp;<strong>Bernardo B\u00e1tiz V\u00e1zquez,<\/strong>&nbsp;actual miembro del CJF, y&nbsp;<strong>Rufino H. Le\u00f3n Tovar,<\/strong>&nbsp;postulado por la presidenta&nbsp;<strong>Sheinbaum.<\/strong><\/p>\n","protected":false},"excerpt":{"rendered":"<p>Tras la in\u00e9dita elecci\u00f3n judicial, el oficialismo domina la Suprema Corte y el nuevo Tribunal de Disciplina Judicial con candidatos afines Tras los primeros resultados de la in\u00e9dita&nbsp;elecci\u00f3n judicial del 1 de junio, marcada por una escasa participaci\u00f3n de apenas el 13%, el oficialismo controla las principales instancias del&nbsp;nuevo Poder Judicial,&nbsp;con candidatos afines dominando los [&hellip;]<\/p>\n","protected":false},"author":47,"featured_media":110190,"comment_status":"closed","ping_status":"open","sticky":false,"template":"","format":"standard","meta":{"tdm_status":"","tdm_grid_status":"","footnotes":""},"categories":[39],"tags":[],"class_list":{"0":"post-110191","1":"post","2":"type-post","3":"status-publish","4":"format-standard","5":"has-post-thumbnail","7":"category-noticias-nacionales"},"yoast_head":"<!-- This site is optimized with the Yoast SEO plugin v27.4 - https:\/\/yoast.com\/product\/yoast-seo-wordpress\/ -->\n<title>La pol\u00e9mica y compleja elecci\u00f3n judicial avanza a paso lento en su resoluci\u00f3n - Fuentes Fidedignas<\/title>\n<meta name=\"robots\" content=\"index, follow, max-snippet:-1, max-image-preview:large, max-video-preview:-1\" \/>\n<link rel=\"canonical\" href=\"https:\/\/fuentesfidedignas.com.mx\/index.php\/2025\/06\/07\/la-polemica-y-compleja-eleccion-judicial-avanza-a-paso-lento-en-su-resolucion\/\" \/>\n<meta property=\"og:locale\" content=\"es_MX\" \/>\n<meta property=\"og:type\" content=\"article\" \/>\n<meta property=\"og:title\" content=\"La pol\u00e9mica y compleja elecci\u00f3n judicial avanza a paso lento en su resoluci\u00f3n - Fuentes Fidedignas\" \/>\n<meta property=\"og:description\" content=\"Tras la in\u00e9dita elecci\u00f3n judicial, el oficialismo domina la Suprema Corte y el nuevo Tribunal de Disciplina Judicial con candidatos afines Tras los primeros resultados de la in\u00e9dita&nbsp;elecci\u00f3n judicial del 1 de junio, marcada por una escasa participaci\u00f3n de apenas el 13%, el oficialismo controla las principales instancias del&nbsp;nuevo Poder Judicial,&nbsp;con candidatos afines dominando los [&hellip;]\" \/>\n<meta property=\"og:url\" content=\"https:\/\/fuentesfidedignas.com.mx\/index.php\/2025\/06\/07\/la-polemica-y-compleja-eleccion-judicial-avanza-a-paso-lento-en-su-resolucion\/\" \/>\n<meta property=\"og:site_name\" content=\"Fuentes Fidedignas\" \/>\n<meta property=\"article:publisher\" content=\"https:\/\/www.facebook.com\/Fuentes-Fidedignas-368234489921644\" \/>\n<meta property=\"article:published_time\" content=\"2025-06-07T20:28:00+00:00\" \/>\n<meta property=\"og:image\" content=\"https:\/\/fuentesfidedignas.com.mx\/wp-content\/uploads\/2025\/06\/img_6421-1.jpg\" \/>\n\t<meta property=\"og:image:width\" content=\"1536\" \/>\n\t<meta property=\"og:image:height\" content=\"1024\" \/>\n\t<meta property=\"og:image:type\" content=\"image\/jpeg\" \/>\n<meta name=\"author\" content=\"L\u00f3pez D\u00f3riga\" \/>\n<meta name=\"twitter:card\" content=\"summary_large_image\" \/>\n<meta name=\"twitter:creator\" content=\"@fidedignas\" \/>\n<meta name=\"twitter:site\" content=\"@fidedignas\" \/>\n<meta name=\"twitter:label1\" content=\"Escrito por\" \/>\n\t<meta name=\"twitter:data1\" content=\"L\u00f3pez D\u00f3riga\" \/>\n\t<meta name=\"twitter:label2\" content=\"Tiempo de lectura\" \/>\n\t<meta name=\"twitter:data2\" content=\"3 minutos\" \/>\n<script type=\"application\/ld+json\" class=\"yoast-schema-graph\">{\"@context\":\"https:\\\/\\\/schema.org\",\"@graph\":[{\"@type\":\"Article\",\"@id\":\"https:\\\/\\\/fuentesfidedignas.com.mx\\\/index.php\\\/2025\\\/06\\\/07\\\/la-polemica-y-compleja-eleccion-judicial-avanza-a-paso-lento-en-su-resolucion\\\/#article\",\"isPartOf\":{\"@id\":\"https:\\\/\\\/fuentesfidedignas.com.mx\\\/index.php\\\/2025\\\/06\\\/07\\\/la-polemica-y-compleja-eleccion-judicial-avanza-a-paso-lento-en-su-resolucion\\\/\"},\"author\":{\"name\":\"L\u00f3pez D\u00f3riga\",\"@id\":\"https:\\\/\\\/fuentesfidedignas.com.mx\\\/#\\\/schema\\\/person\\\/67d852f0557c8509146a4b9ddebd543a\"},\"headline\":\"La pol\u00e9mica y compleja elecci\u00f3n judicial avanza a paso lento en su resoluci\u00f3n\",\"datePublished\":\"2025-06-07T20:28:00+00:00\",\"mainEntityOfPage\":{\"@id\":\"https:\\\/\\\/fuentesfidedignas.com.mx\\\/index.php\\\/2025\\\/06\\\/07\\\/la-polemica-y-compleja-eleccion-judicial-avanza-a-paso-lento-en-su-resolucion\\\/\"},\"wordCount\":583,\"publisher\":{\"@id\":\"https:\\\/\\\/fuentesfidedignas.com.mx\\\/#organization\"},\"image\":{\"@id\":\"https:\\\/\\\/fuentesfidedignas.com.mx\\\/index.php\\\/2025\\\/06\\\/07\\\/la-polemica-y-compleja-eleccion-judicial-avanza-a-paso-lento-en-su-resolucion\\\/#primaryimage\"},\"thumbnailUrl\":\"https:\\\/\\\/fuentesfidedignas.com.mx\\\/wp-content\\\/uploads\\\/2025\\\/06\\\/img_6421-1.jpg\",\"articleSection\":[\"NOTICIAS NACIONALES\"],\"inLanguage\":\"es\"},{\"@type\":\"WebPage\",\"@id\":\"https:\\\/\\\/fuentesfidedignas.com.mx\\\/index.php\\\/2025\\\/06\\\/07\\\/la-polemica-y-compleja-eleccion-judicial-avanza-a-paso-lento-en-su-resolucion\\\/\",\"url\":\"https:\\\/\\\/fuentesfidedignas.com.mx\\\/index.php\\\/2025\\\/06\\\/07\\\/la-polemica-y-compleja-eleccion-judicial-avanza-a-paso-lento-en-su-resolucion\\\/\",\"name\":\"La pol\u00e9mica y compleja elecci\u00f3n judicial avanza a paso lento en su resoluci\u00f3n - Fuentes Fidedignas\",\"isPartOf\":{\"@id\":\"https:\\\/\\\/fuentesfidedignas.com.mx\\\/#website\"},\"primaryImageOfPage\":{\"@id\":\"https:\\\/\\\/fuentesfidedignas.com.mx\\\/index.php\\\/2025\\\/06\\\/07\\\/la-polemica-y-compleja-eleccion-judicial-avanza-a-paso-lento-en-su-resolucion\\\/#primaryimage\"},\"image\":{\"@id\":\"https:\\\/\\\/fuentesfidedignas.com.mx\\\/index.php\\\/2025\\\/06\\\/07\\\/la-polemica-y-compleja-eleccion-judicial-avanza-a-paso-lento-en-su-resolucion\\\/#primaryimage\"},\"thumbnailUrl\":\"https:\\\/\\\/fuentesfidedignas.com.mx\\\/wp-content\\\/uploads\\\/2025\\\/06\\\/img_6421-1.jpg\",\"datePublished\":\"2025-06-07T20:28:00+00:00\",\"breadcrumb\":{\"@id\":\"https:\\\/\\\/fuentesfidedignas.com.mx\\\/index.php\\\/2025\\\/06\\\/07\\\/la-polemica-y-compleja-eleccion-judicial-avanza-a-paso-lento-en-su-resolucion\\\/#breadcrumb\"},\"inLanguage\":\"es\",\"potentialAction\":[{\"@type\":\"ReadAction\",\"target\":[\"https:\\\/\\\/fuentesfidedignas.com.mx\\\/index.php\\\/2025\\\/06\\\/07\\\/la-polemica-y-compleja-eleccion-judicial-avanza-a-paso-lento-en-su-resolucion\\\/\"]}]},{\"@type\":\"ImageObject\",\"inLanguage\":\"es\",\"@id\":\"https:\\\/\\\/fuentesfidedignas.com.mx\\\/index.php\\\/2025\\\/06\\\/07\\\/la-polemica-y-compleja-eleccion-judicial-avanza-a-paso-lento-en-su-resolucion\\\/#primaryimage\",\"url\":\"https:\\\/\\\/fuentesfidedignas.com.mx\\\/wp-content\\\/uploads\\\/2025\\\/06\\\/img_6421-1.jpg\",\"contentUrl\":\"https:\\\/\\\/fuentesfidedignas.com.mx\\\/wp-content\\\/uploads\\\/2025\\\/06\\\/img_6421-1.jpg\",\"width\":1536,\"height\":1024},{\"@type\":\"BreadcrumbList\",\"@id\":\"https:\\\/\\\/fuentesfidedignas.com.mx\\\/index.php\\\/2025\\\/06\\\/07\\\/la-polemica-y-compleja-eleccion-judicial-avanza-a-paso-lento-en-su-resolucion\\\/#breadcrumb\",\"itemListElement\":[{\"@type\":\"ListItem\",\"position\":1,\"name\":\"Inicio\",\"item\":\"https:\\\/\\\/fuentesfidedignas.com.mx\\\/\"},{\"@type\":\"ListItem\",\"position\":2,\"name\":\"La pol\u00e9mica y compleja elecci\u00f3n judicial avanza a paso lento en su resoluci\u00f3n\"}]},{\"@type\":\"WebSite\",\"@id\":\"https:\\\/\\\/fuentesfidedignas.com.mx\\\/#website\",\"url\":\"https:\\\/\\\/fuentesfidedignas.com.mx\\\/\",\"name\":\"Fuentes Fidedignas\",\"description\":\"Otro sitio realizado con WordPress\",\"publisher\":{\"@id\":\"https:\\\/\\\/fuentesfidedignas.com.mx\\\/#organization\"},\"potentialAction\":[{\"@type\":\"SearchAction\",\"target\":{\"@type\":\"EntryPoint\",\"urlTemplate\":\"https:\\\/\\\/fuentesfidedignas.com.mx\\\/?s={search_term_string}\"},\"query-input\":{\"@type\":\"PropertyValueSpecification\",\"valueRequired\":true,\"valueName\":\"search_term_string\"}}],\"inLanguage\":\"es\"},{\"@type\":\"Organization\",\"@id\":\"https:\\\/\\\/fuentesfidedignas.com.mx\\\/#organization\",\"name\":\"Fuentes Fidedignas\",\"url\":\"https:\\\/\\\/fuentesfidedignas.com.mx\\\/\",\"logo\":{\"@type\":\"ImageObject\",\"inLanguage\":\"es\",\"@id\":\"https:\\\/\\\/fuentesfidedignas.com.mx\\\/#\\\/schema\\\/logo\\\/image\\\/\",\"url\":\"https:\\\/\\\/fuentesfidedignas.com.mx\\\/wp-content\\\/uploads\\\/2021\\\/04\\\/logo-retina.png\",\"contentUrl\":\"https:\\\/\\\/fuentesfidedignas.com.mx\\\/wp-content\\\/uploads\\\/2021\\\/04\\\/logo-retina.png\",\"width\":280,\"height\":51,\"caption\":\"Fuentes Fidedignas\"},\"image\":{\"@id\":\"https:\\\/\\\/fuentesfidedignas.com.mx\\\/#\\\/schema\\\/logo\\\/image\\\/\"},\"sameAs\":[\"https:\\\/\\\/www.facebook.com\\\/Fuentes-Fidedignas-368234489921644\",\"https:\\\/\\\/x.com\\\/fidedignas\"]},{\"@type\":\"Person\",\"@id\":\"https:\\\/\\\/fuentesfidedignas.com.mx\\\/#\\\/schema\\\/person\\\/67d852f0557c8509146a4b9ddebd543a\",\"name\":\"L\u00f3pez D\u00f3riga\",\"image\":{\"@type\":\"ImageObject\",\"inLanguage\":\"es\",\"@id\":\"https:\\\/\\\/secure.gravatar.com\\\/avatar\\\/e525b06574ca18b33cded59dfe5778d6c823b9513154eff47da551b0551bdd1e?s=96&d=mm&r=g\",\"url\":\"https:\\\/\\\/secure.gravatar.com\\\/avatar\\\/e525b06574ca18b33cded59dfe5778d6c823b9513154eff47da551b0551bdd1e?s=96&d=mm&r=g\",\"contentUrl\":\"https:\\\/\\\/secure.gravatar.com\\\/avatar\\\/e525b06574ca18b33cded59dfe5778d6c823b9513154eff47da551b0551bdd1e?s=96&d=mm&r=g\",\"caption\":\"L\u00f3pez D\u00f3riga\"},\"url\":\"https:\\\/\\\/fuentesfidedignas.com.mx\\\/index.php\\\/author\\\/doriga\\\/\"}]}<\/script>\n<!-- \/ Yoast SEO plugin. -->","yoast_head_json":{"title":"La pol\u00e9mica y compleja elecci\u00f3n judicial avanza a paso lento en su resoluci\u00f3n - Fuentes Fidedignas","robots":{"index":"index","follow":"follow","max-snippet":"max-snippet:-1","max-image-preview":"max-image-preview:large","max-video-preview":"max-video-preview:-1"},"canonical":"https:\/\/fuentesfidedignas.com.mx\/index.php\/2025\/06\/07\/la-polemica-y-compleja-eleccion-judicial-avanza-a-paso-lento-en-su-resolucion\/","og_locale":"es_MX","og_type":"article","og_title":"La pol\u00e9mica y compleja elecci\u00f3n judicial avanza a paso lento en su resoluci\u00f3n - Fuentes Fidedignas","og_description":"Tras la in\u00e9dita elecci\u00f3n judicial, el oficialismo domina la Suprema Corte y el nuevo Tribunal de Disciplina Judicial con candidatos afines Tras los primeros resultados de la in\u00e9dita&nbsp;elecci\u00f3n judicial del 1 de junio, marcada por una escasa participaci\u00f3n de apenas el 13%, el oficialismo controla las principales instancias del&nbsp;nuevo Poder Judicial,&nbsp;con candidatos afines dominando los [&hellip;]","og_url":"https:\/\/fuentesfidedignas.com.mx\/index.php\/2025\/06\/07\/la-polemica-y-compleja-eleccion-judicial-avanza-a-paso-lento-en-su-resolucion\/","og_site_name":"Fuentes Fidedignas","article_publisher":"https:\/\/www.facebook.com\/Fuentes-Fidedignas-368234489921644","article_published_time":"2025-06-07T20:28:00+00:00","og_image":[{"width":1536,"height":1024,"url":"https:\/\/fuentesfidedignas.com.mx\/wp-content\/uploads\/2025\/06\/img_6421-1.jpg","type":"image\/jpeg"}],"author":"L\u00f3pez D\u00f3riga","twitter_card":"summary_large_image","twitter_creator":"@fidedignas","twitter_site":"@fidedignas","twitter_misc":{"Escrito por":"L\u00f3pez D\u00f3riga","Tiempo de lectura":"3 minutos"},"schema":{"@context":"https:\/\/schema.org","@graph":[{"@type":"Article","@id":"https:\/\/fuentesfidedignas.com.mx\/index.php\/2025\/06\/07\/la-polemica-y-compleja-eleccion-judicial-avanza-a-paso-lento-en-su-resolucion\/#article","isPartOf":{"@id":"https:\/\/fuentesfidedignas.com.mx\/index.php\/2025\/06\/07\/la-polemica-y-compleja-eleccion-judicial-avanza-a-paso-lento-en-su-resolucion\/"},"author":{"name":"L\u00f3pez D\u00f3riga","@id":"https:\/\/fuentesfidedignas.com.mx\/#\/schema\/person\/67d852f0557c8509146a4b9ddebd543a"},"headline":"La pol\u00e9mica y compleja elecci\u00f3n judicial avanza a paso lento en su resoluci\u00f3n","datePublished":"2025-06-07T20:28:00+00:00","mainEntityOfPage":{"@id":"https:\/\/fuentesfidedignas.com.mx\/index.php\/2025\/06\/07\/la-polemica-y-compleja-eleccion-judicial-avanza-a-paso-lento-en-su-resolucion\/"},"wordCount":583,"publisher":{"@id":"https:\/\/fuentesfidedignas.com.mx\/#organization"},"image":{"@id":"https:\/\/fuentesfidedignas.com.mx\/index.php\/2025\/06\/07\/la-polemica-y-compleja-eleccion-judicial-avanza-a-paso-lento-en-su-resolucion\/#primaryimage"},"thumbnailUrl":"https:\/\/fuentesfidedignas.com.mx\/wp-content\/uploads\/2025\/06\/img_6421-1.jpg","articleSection":["NOTICIAS NACIONALES"],"inLanguage":"es"},{"@type":"WebPage","@id":"https:\/\/fuentesfidedignas.com.mx\/index.php\/2025\/06\/07\/la-polemica-y-compleja-eleccion-judicial-avanza-a-paso-lento-en-su-resolucion\/","url":"https:\/\/fuentesfidedignas.com.mx\/index.php\/2025\/06\/07\/la-polemica-y-compleja-eleccion-judicial-avanza-a-paso-lento-en-su-resolucion\/","name":"La pol\u00e9mica y compleja elecci\u00f3n judicial avanza a paso lento en su resoluci\u00f3n - Fuentes Fidedignas","isPartOf":{"@id":"https:\/\/fuentesfidedignas.com.mx\/#website"},"primaryImageOfPage":{"@id":"https:\/\/fuentesfidedignas.com.mx\/index.php\/2025\/06\/07\/la-polemica-y-compleja-eleccion-judicial-avanza-a-paso-lento-en-su-resolucion\/#primaryimage"},"image":{"@id":"https:\/\/fuentesfidedignas.com.mx\/index.php\/2025\/06\/07\/la-polemica-y-compleja-eleccion-judicial-avanza-a-paso-lento-en-su-resolucion\/#primaryimage"},"thumbnailUrl":"https:\/\/fuentesfidedignas.com.mx\/wp-content\/uploads\/2025\/06\/img_6421-1.jpg","datePublished":"2025-06-07T20:28:00+00:00","breadcrumb":{"@id":"https:\/\/fuentesfidedignas.com.mx\/index.php\/2025\/06\/07\/la-polemica-y-compleja-eleccion-judicial-avanza-a-paso-lento-en-su-resolucion\/#breadcrumb"},"inLanguage":"es","potentialAction":[{"@type":"ReadAction","target":["https:\/\/fuentesfidedignas.com.mx\/index.php\/2025\/06\/07\/la-polemica-y-compleja-eleccion-judicial-avanza-a-paso-lento-en-su-resolucion\/"]}]},{"@type":"ImageObject","inLanguage":"es","@id":"https:\/\/fuentesfidedignas.com.mx\/index.php\/2025\/06\/07\/la-polemica-y-compleja-eleccion-judicial-avanza-a-paso-lento-en-su-resolucion\/#primaryimage","url":"https:\/\/fuentesfidedignas.com.mx\/wp-content\/uploads\/2025\/06\/img_6421-1.jpg","contentUrl":"https:\/\/fuentesfidedignas.com.mx\/wp-content\/uploads\/2025\/06\/img_6421-1.jpg","width":1536,"height":1024},{"@type":"BreadcrumbList","@id":"https:\/\/fuentesfidedignas.com.mx\/index.php\/2025\/06\/07\/la-polemica-y-compleja-eleccion-judicial-avanza-a-paso-lento-en-su-resolucion\/#breadcrumb","itemListElement":[{"@type":"ListItem","position":1,"name":"Inicio","item":"https:\/\/fuentesfidedignas.com.mx\/"},{"@type":"ListItem","position":2,"name":"La pol\u00e9mica y compleja elecci\u00f3n judicial avanza a paso lento en su resoluci\u00f3n"}]},{"@type":"WebSite","@id":"https:\/\/fuentesfidedignas.com.mx\/#website","url":"https:\/\/fuentesfidedignas.com.mx\/","name":"Fuentes Fidedignas","description":"Otro sitio realizado con WordPress","publisher":{"@id":"https:\/\/fuentesfidedignas.com.mx\/#organization"},"potentialAction":[{"@type":"SearchAction","target":{"@type":"EntryPoint","urlTemplate":"https:\/\/fuentesfidedignas.com.mx\/?s={search_term_string}"},"query-input":{"@type":"PropertyValueSpecification","valueRequired":true,"valueName":"search_term_string"}}],"inLanguage":"es"},{"@type":"Organization","@id":"https:\/\/fuentesfidedignas.com.mx\/#organization","name":"Fuentes Fidedignas","url":"https:\/\/fuentesfidedignas.com.mx\/","logo":{"@type":"ImageObject","inLanguage":"es","@id":"https:\/\/fuentesfidedignas.com.mx\/#\/schema\/logo\/image\/","url":"https:\/\/fuentesfidedignas.com.mx\/wp-content\/uploads\/2021\/04\/logo-retina.png","contentUrl":"https:\/\/fuentesfidedignas.com.mx\/wp-content\/uploads\/2021\/04\/logo-retina.png","width":280,"height":51,"caption":"Fuentes Fidedignas"},"image":{"@id":"https:\/\/fuentesfidedignas.com.mx\/#\/schema\/logo\/image\/"},"sameAs":["https:\/\/www.facebook.com\/Fuentes-Fidedignas-368234489921644","https:\/\/x.com\/fidedignas"]},{"@type":"Person","@id":"https:\/\/fuentesfidedignas.com.mx\/#\/schema\/person\/67d852f0557c8509146a4b9ddebd543a","name":"L\u00f3pez D\u00f3riga","image":{"@type":"ImageObject","inLanguage":"es","@id":"https:\/\/secure.gravatar.com\/avatar\/e525b06574ca18b33cded59dfe5778d6c823b9513154eff47da551b0551bdd1e?s=96&d=mm&r=g","url":"https:\/\/secure.gravatar.com\/avatar\/e525b06574ca18b33cded59dfe5778d6c823b9513154eff47da551b0551bdd1e?s=96&d=mm&r=g","contentUrl":"https:\/\/secure.gravatar.com\/avatar\/e525b06574ca18b33cded59dfe5778d6c823b9513154eff47da551b0551bdd1e?s=96&d=mm&r=g","caption":"L\u00f3pez D\u00f3riga"},"url":"https:\/\/fuentesfidedignas.com.mx\/index.php\/author\/doriga\/"}]}},"_links":{"self":[{"href":"https:\/\/fuentesfidedignas.com.mx\/index.php\/wp-json\/wp\/v2\/posts\/110191","targetHints":{"allow":["GET"]}}],"collection":[{"href":"https:\/\/fuentesfidedignas.com.mx\/index.php\/wp-json\/wp\/v2\/posts"}],"about":[{"href":"https:\/\/fuentesfidedignas.com.mx\/index.php\/wp-json\/wp\/v2\/types\/post"}],"author":[{"embeddable":true,"href":"https:\/\/fuentesfidedignas.com.mx\/index.php\/wp-json\/wp\/v2\/users\/47"}],"replies":[{"embeddable":true,"href":"https:\/\/fuentesfidedignas.com.mx\/index.php\/wp-json\/wp\/v2\/comments?post=110191"}],"version-history":[{"count":1,"href":"https:\/\/fuentesfidedignas.com.mx\/index.php\/wp-json\/wp\/v2\/posts\/110191\/revisions"}],"predecessor-version":[{"id":110192,"href":"https:\/\/fuentesfidedignas.com.mx\/index.php\/wp-json\/wp\/v2\/posts\/110191\/revisions\/110192"}],"wp:featuredmedia":[{"embeddable":true,"href":"https:\/\/fuentesfidedignas.com.mx\/index.php\/wp-json\/wp\/v2\/media\/110190"}],"wp:attachment":[{"href":"https:\/\/fuentesfidedignas.com.mx\/index.php\/wp-json\/wp\/v2\/media?parent=110191"}],"wp:term":[{"taxonomy":"category","embeddable":true,"href":"https:\/\/fuentesfidedignas.com.mx\/index.php\/wp-json\/wp\/v2\/categories?post=110191"},{"taxonomy":"post_tag","embeddable":true,"href":"https:\/\/fuentesfidedignas.com.mx\/index.php\/wp-json\/wp\/v2\/tags?post=110191"}],"curies":[{"name":"wp","href":"https:\/\/api.w.org\/{rel}","templated":true}]}}