{"id":110091,"date":"2025-06-07T05:37:00","date_gmt":"2025-06-07T12:37:00","guid":{"rendered":"https:\/\/fuentesfidedignas.com.mx\/?p=110091"},"modified":"2025-06-06T13:45:29","modified_gmt":"2025-06-06T20:45:29","slug":"naci-sin-mi-consentimiento-joven-se-niega-a-trabajar-y-exige-a-sus-padres-que-lo-mantengan","status":"publish","type":"post","link":"https:\/\/fuentesfidedignas.com.mx\/index.php\/2025\/06\/07\/naci-sin-mi-consentimiento-joven-se-niega-a-trabajar-y-exige-a-sus-padres-que-lo-mantengan\/","title":{"rendered":"&#8220;Nac\u00ed sin mi consentimiento&#8221;: joven se niega a trabajar y exige a sus padres que lo mantengan"},"content":{"rendered":"\n<p><strong><em>&#8220;No tiene sentido que porque mis padres hayan querido darme la vida hace 21 a\u00f1os ahora yo tenga que trabajar&#8221;, argument\u00f3 el joven.<\/em><\/strong><\/p>\n\n\n\n<p>Un joven de 21 a\u00f1os se volvi\u00f3 viral por negarse a trabajar y exigirle a sus padres al acusarlos de que lo obligaron a nacer sin su consentimiento, como era de esperarse el testimonio del sujeto se volvi\u00f3 tendencia en redes sociales y contabiliza millones de reproducciones.<\/p>\n\n\n\n<p>&#8220;Si me quisieron tener, que me mantengan as\u00ed de simple&#8221;, coment\u00f3 el joven.<\/p>\n\n\n\n<p>En el video de 24 segundos el joven argumenta que le parece il\u00f3gico que este obligado a encontrar un empleo solo porque sus padres desearon traerlo al mundo &#8220;nac\u00ed sin mi consentimiento&#8221;, se\u00f1al\u00f3 que le parece algo completamente sin sentido &#8220;\u00bfpor qu\u00e9 tengo que trabajar ahora?&#8221;, cuestion\u00f3.<\/p>\n\n\n\n<figure class=\"wp-block-embed is-type-rich is-provider-twitter wp-block-embed-twitter\"><div class=\"wp-block-embed__wrapper\">\n<blockquote class=\"twitter-tweet\" data-width=\"550\" data-dnt=\"true\"><p lang=\"es\" dir=\"ltr\"><a href=\"https:\/\/twitter.com\/hashtag\/14OCT?src=hash&amp;ref_src=twsrc%5Etfw\">#14OCT<\/a> <a href=\"https:\/\/twitter.com\/hashtag\/VARIEDADES?src=hash&amp;ref_src=twsrc%5Etfw\">#VARIEDADES<\/a> \u00abNac\u00ed sin mi consentimiento\u00bb: joven se niega a trabajar y exige a sus padres que lo mantengan <a href=\"https:\/\/twitter.com\/hashtag\/14Oct?src=hash&amp;ref_src=twsrc%5Etfw\">#14Oct<\/a> Un joven de 21 a\u00f1os se volvi\u00f3 viral por negarse a trabajar y exigirle a sus padres al acusarlos de que lo obligaron a nacer sin su consentimiento, como era de\u2026 <a href=\"https:\/\/t.co\/ht8ff3Ip8M\">pic.twitter.com\/ht8ff3Ip8M<\/a><\/p>&mdash; esconustedof (@esconustedinfo) <a href=\"https:\/\/twitter.com\/esconustedinfo\/status\/1845919910771466613?ref_src=twsrc%5Etfw\">October 14, 2024<\/a><\/blockquote><script async src=\"https:\/\/platform.twitter.com\/widgets.js\" charset=\"utf-8\"><\/script>\n<\/div><\/figure>\n\n\n\n<p>&#8220;Nac\u00ed sin mi consentimiento&#8221;: joven se niega a trabajar y pide a sus padres que lo mantengan.<\/p>\n\n\n\n<p>&#8220;Que me mantengan ellos y listo, porque si me quisieron tener, que me mantengan, as\u00ed de simple&#8221;, sostuvo el joven.<\/p>\n\n\n\n<p><strong>Reacciones<\/strong><\/p>\n\n\n\n<p>&#8220;A esta edad y con esos argumentos&#8221;, &#8220;suicidenlo sin su consentimiento&#8221;, &#8220;sus padres no est\u00e1n obligados a mantenerlo&#8221;, &#8220;no trabajes y ya&#8221;, &#8220;yo tampoco ped\u00ed nacer y no baso mi existencia en chillar por eso&#8221;, &#8220;tiene la soluci\u00f3n f\u00e1cil&#8221;, son algunos de los comentarios delos internautas.<\/p>\n","protected":false},"excerpt":{"rendered":"<p>&#8220;No tiene sentido que porque mis padres hayan querido darme la vida hace 21 a\u00f1os ahora yo tenga que trabajar&#8221;, argument\u00f3 el joven. Un joven de 21 a\u00f1os se volvi\u00f3 viral por negarse a trabajar y exigirle a sus padres al acusarlos de que lo obligaron a nacer sin su consentimiento, como era de esperarse [&hellip;]<\/p>\n","protected":false},"author":37,"featured_media":110092,"comment_status":"open","ping_status":"open","sticky":false,"template":"","format":"standard","meta":{"tdm_status":"","tdm_grid_status":"","footnotes":""},"categories":[40],"tags":[],"class_list":{"0":"post-110091","1":"post","2":"type-post","3":"status-publish","4":"format-standard","5":"has-post-thumbnail","7":"category-las-asombrosas"},"yoast_head":"<!-- This site is optimized with the Yoast SEO plugin v27.5 - https:\/\/yoast.com\/product\/yoast-seo-wordpress\/ -->\n<title>&quot;Nac\u00ed sin mi consentimiento&quot;: joven se niega a trabajar y exige a sus padres que lo mantengan - Fuentes Fidedignas<\/title>\n<meta name=\"robots\" content=\"index, follow, max-snippet:-1, max-image-preview:large, max-video-preview:-1\" \/>\n<link rel=\"canonical\" href=\"https:\/\/fuentesfidedignas.com.mx\/index.php\/2025\/06\/07\/naci-sin-mi-consentimiento-joven-se-niega-a-trabajar-y-exige-a-sus-padres-que-lo-mantengan\/\" \/>\n<meta property=\"og:locale\" content=\"es_MX\" \/>\n<meta property=\"og:type\" content=\"article\" \/>\n<meta property=\"og:title\" content=\"&quot;Nac\u00ed sin mi consentimiento&quot;: joven se niega a trabajar y exige a sus padres que lo mantengan - Fuentes Fidedignas\" \/>\n<meta property=\"og:description\" content=\"&#8220;No tiene sentido que porque mis padres hayan querido darme la vida hace 21 a\u00f1os ahora yo tenga que trabajar&#8221;, argument\u00f3 el joven. Un joven de 21 a\u00f1os se volvi\u00f3 viral por negarse a trabajar y exigirle a sus padres al acusarlos de que lo obligaron a nacer sin su consentimiento, como era de esperarse [&hellip;]\" \/>\n<meta property=\"og:url\" content=\"https:\/\/fuentesfidedignas.com.mx\/index.php\/2025\/06\/07\/naci-sin-mi-consentimiento-joven-se-niega-a-trabajar-y-exige-a-sus-padres-que-lo-mantengan\/\" \/>\n<meta property=\"og:site_name\" content=\"Fuentes Fidedignas\" \/>\n<meta property=\"article:publisher\" content=\"https:\/\/www.facebook.com\/Fuentes-Fidedignas-368234489921644\" \/>\n<meta property=\"article:published_time\" content=\"2025-06-07T12:37:00+00:00\" \/>\n<meta property=\"og:image\" content=\"https:\/\/fuentesfidedignas.com.mx\/wp-content\/uploads\/2025\/06\/joven_consentimiento.jpg\" \/>\n\t<meta property=\"og:image:width\" content=\"600\" \/>\n\t<meta property=\"og:image:height\" content=\"337\" \/>\n\t<meta property=\"og:image:type\" content=\"image\/jpeg\" \/>\n<meta name=\"author\" content=\"Heraldo de M\u00e9xico\" \/>\n<meta name=\"twitter:card\" content=\"summary_large_image\" \/>\n<meta name=\"twitter:creator\" content=\"@fidedignas\" \/>\n<meta name=\"twitter:site\" content=\"@fidedignas\" \/>\n<meta name=\"twitter:label1\" content=\"Escrito por\" \/>\n\t<meta name=\"twitter:data1\" content=\"Heraldo de M\u00e9xico\" \/>\n\t<meta name=\"twitter:label2\" content=\"Tiempo de lectura\" \/>\n\t<meta name=\"twitter:data2\" content=\"2 minutos\" \/>\n<script type=\"application\/ld+json\" class=\"yoast-schema-graph\">{\"@context\":\"https:\\\/\\\/schema.org\",\"@graph\":[{\"@type\":\"Article\",\"@id\":\"https:\\\/\\\/fuentesfidedignas.com.mx\\\/index.php\\\/2025\\\/06\\\/07\\\/naci-sin-mi-consentimiento-joven-se-niega-a-trabajar-y-exige-a-sus-padres-que-lo-mantengan\\\/#article\",\"isPartOf\":{\"@id\":\"https:\\\/\\\/fuentesfidedignas.com.mx\\\/index.php\\\/2025\\\/06\\\/07\\\/naci-sin-mi-consentimiento-joven-se-niega-a-trabajar-y-exige-a-sus-padres-que-lo-mantengan\\\/\"},\"author\":{\"name\":\"Heraldo de M\u00e9xico\",\"@id\":\"https:\\\/\\\/fuentesfidedignas.com.mx\\\/#\\\/schema\\\/person\\\/1c75a595e538894333ebe35c2bf6e23a\"},\"headline\":\"&#8220;Nac\u00ed sin mi consentimiento&#8221;: joven se niega a trabajar y exige a sus padres que lo mantengan\",\"datePublished\":\"2025-06-07T12:37:00+00:00\",\"mainEntityOfPage\":{\"@id\":\"https:\\\/\\\/fuentesfidedignas.com.mx\\\/index.php\\\/2025\\\/06\\\/07\\\/naci-sin-mi-consentimiento-joven-se-niega-a-trabajar-y-exige-a-sus-padres-que-lo-mantengan\\\/\"},\"wordCount\":240,\"commentCount\":0,\"publisher\":{\"@id\":\"https:\\\/\\\/fuentesfidedignas.com.mx\\\/#organization\"},\"image\":{\"@id\":\"https:\\\/\\\/fuentesfidedignas.com.mx\\\/index.php\\\/2025\\\/06\\\/07\\\/naci-sin-mi-consentimiento-joven-se-niega-a-trabajar-y-exige-a-sus-padres-que-lo-mantengan\\\/#primaryimage\"},\"thumbnailUrl\":\"https:\\\/\\\/fuentesfidedignas.com.mx\\\/wp-content\\\/uploads\\\/2025\\\/06\\\/joven_consentimiento.jpg\",\"articleSection\":[\"LAS ASOMBROSAS\"],\"inLanguage\":\"es\",\"potentialAction\":[{\"@type\":\"CommentAction\",\"name\":\"Comment\",\"target\":[\"https:\\\/\\\/fuentesfidedignas.com.mx\\\/index.php\\\/2025\\\/06\\\/07\\\/naci-sin-mi-consentimiento-joven-se-niega-a-trabajar-y-exige-a-sus-padres-que-lo-mantengan\\\/#respond\"]}]},{\"@type\":\"WebPage\",\"@id\":\"https:\\\/\\\/fuentesfidedignas.com.mx\\\/index.php\\\/2025\\\/06\\\/07\\\/naci-sin-mi-consentimiento-joven-se-niega-a-trabajar-y-exige-a-sus-padres-que-lo-mantengan\\\/\",\"url\":\"https:\\\/\\\/fuentesfidedignas.com.mx\\\/index.php\\\/2025\\\/06\\\/07\\\/naci-sin-mi-consentimiento-joven-se-niega-a-trabajar-y-exige-a-sus-padres-que-lo-mantengan\\\/\",\"name\":\"\\\"Nac\u00ed sin mi consentimiento\\\": joven se niega a trabajar y exige a sus padres que lo mantengan - Fuentes Fidedignas\",\"isPartOf\":{\"@id\":\"https:\\\/\\\/fuentesfidedignas.com.mx\\\/#website\"},\"primaryImageOfPage\":{\"@id\":\"https:\\\/\\\/fuentesfidedignas.com.mx\\\/index.php\\\/2025\\\/06\\\/07\\\/naci-sin-mi-consentimiento-joven-se-niega-a-trabajar-y-exige-a-sus-padres-que-lo-mantengan\\\/#primaryimage\"},\"image\":{\"@id\":\"https:\\\/\\\/fuentesfidedignas.com.mx\\\/index.php\\\/2025\\\/06\\\/07\\\/naci-sin-mi-consentimiento-joven-se-niega-a-trabajar-y-exige-a-sus-padres-que-lo-mantengan\\\/#primaryimage\"},\"thumbnailUrl\":\"https:\\\/\\\/fuentesfidedignas.com.mx\\\/wp-content\\\/uploads\\\/2025\\\/06\\\/joven_consentimiento.jpg\",\"datePublished\":\"2025-06-07T12:37:00+00:00\",\"breadcrumb\":{\"@id\":\"https:\\\/\\\/fuentesfidedignas.com.mx\\\/index.php\\\/2025\\\/06\\\/07\\\/naci-sin-mi-consentimiento-joven-se-niega-a-trabajar-y-exige-a-sus-padres-que-lo-mantengan\\\/#breadcrumb\"},\"inLanguage\":\"es\",\"potentialAction\":[{\"@type\":\"ReadAction\",\"target\":[\"https:\\\/\\\/fuentesfidedignas.com.mx\\\/index.php\\\/2025\\\/06\\\/07\\\/naci-sin-mi-consentimiento-joven-se-niega-a-trabajar-y-exige-a-sus-padres-que-lo-mantengan\\\/\"]}]},{\"@type\":\"ImageObject\",\"inLanguage\":\"es\",\"@id\":\"https:\\\/\\\/fuentesfidedignas.com.mx\\\/index.php\\\/2025\\\/06\\\/07\\\/naci-sin-mi-consentimiento-joven-se-niega-a-trabajar-y-exige-a-sus-padres-que-lo-mantengan\\\/#primaryimage\",\"url\":\"https:\\\/\\\/fuentesfidedignas.com.mx\\\/wp-content\\\/uploads\\\/2025\\\/06\\\/joven_consentimiento.jpg\",\"contentUrl\":\"https:\\\/\\\/fuentesfidedignas.com.mx\\\/wp-content\\\/uploads\\\/2025\\\/06\\\/joven_consentimiento.jpg\",\"width\":600,\"height\":337},{\"@type\":\"BreadcrumbList\",\"@id\":\"https:\\\/\\\/fuentesfidedignas.com.mx\\\/index.php\\\/2025\\\/06\\\/07\\\/naci-sin-mi-consentimiento-joven-se-niega-a-trabajar-y-exige-a-sus-padres-que-lo-mantengan\\\/#breadcrumb\",\"itemListElement\":[{\"@type\":\"ListItem\",\"position\":1,\"name\":\"Inicio\",\"item\":\"https:\\\/\\\/fuentesfidedignas.com.mx\\\/\"},{\"@type\":\"ListItem\",\"position\":2,\"name\":\"&#8220;Nac\u00ed sin mi consentimiento&#8221;: joven se niega a trabajar y exige a sus padres que lo mantengan\"}]},{\"@type\":\"WebSite\",\"@id\":\"https:\\\/\\\/fuentesfidedignas.com.mx\\\/#website\",\"url\":\"https:\\\/\\\/fuentesfidedignas.com.mx\\\/\",\"name\":\"Fuentes Fidedignas\",\"description\":\"Otro sitio realizado con WordPress\",\"publisher\":{\"@id\":\"https:\\\/\\\/fuentesfidedignas.com.mx\\\/#organization\"},\"potentialAction\":[{\"@type\":\"SearchAction\",\"target\":{\"@type\":\"EntryPoint\",\"urlTemplate\":\"https:\\\/\\\/fuentesfidedignas.com.mx\\\/?s={search_term_string}\"},\"query-input\":{\"@type\":\"PropertyValueSpecification\",\"valueRequired\":true,\"valueName\":\"search_term_string\"}}],\"inLanguage\":\"es\"},{\"@type\":\"Organization\",\"@id\":\"https:\\\/\\\/fuentesfidedignas.com.mx\\\/#organization\",\"name\":\"Fuentes Fidedignas\",\"url\":\"https:\\\/\\\/fuentesfidedignas.com.mx\\\/\",\"logo\":{\"@type\":\"ImageObject\",\"inLanguage\":\"es\",\"@id\":\"https:\\\/\\\/fuentesfidedignas.com.mx\\\/#\\\/schema\\\/logo\\\/image\\\/\",\"url\":\"https:\\\/\\\/fuentesfidedignas.com.mx\\\/wp-content\\\/uploads\\\/2021\\\/04\\\/logo-retina.png\",\"contentUrl\":\"https:\\\/\\\/fuentesfidedignas.com.mx\\\/wp-content\\\/uploads\\\/2021\\\/04\\\/logo-retina.png\",\"width\":280,\"height\":51,\"caption\":\"Fuentes Fidedignas\"},\"image\":{\"@id\":\"https:\\\/\\\/fuentesfidedignas.com.mx\\\/#\\\/schema\\\/logo\\\/image\\\/\"},\"sameAs\":[\"https:\\\/\\\/www.facebook.com\\\/Fuentes-Fidedignas-368234489921644\",\"https:\\\/\\\/x.com\\\/fidedignas\"]},{\"@type\":\"Person\",\"@id\":\"https:\\\/\\\/fuentesfidedignas.com.mx\\\/#\\\/schema\\\/person\\\/1c75a595e538894333ebe35c2bf6e23a\",\"name\":\"Heraldo de M\u00e9xico\",\"image\":{\"@type\":\"ImageObject\",\"inLanguage\":\"es\",\"@id\":\"https:\\\/\\\/secure.gravatar.com\\\/avatar\\\/6a6c40de68e5cf2d8aac15267bd2dad2b9fdeb309dac7c5a7c2bb87ed5b81cb6?s=96&d=mm&r=g\",\"url\":\"https:\\\/\\\/secure.gravatar.com\\\/avatar\\\/6a6c40de68e5cf2d8aac15267bd2dad2b9fdeb309dac7c5a7c2bb87ed5b81cb6?s=96&d=mm&r=g\",\"contentUrl\":\"https:\\\/\\\/secure.gravatar.com\\\/avatar\\\/6a6c40de68e5cf2d8aac15267bd2dad2b9fdeb309dac7c5a7c2bb87ed5b81cb6?s=96&d=mm&r=g\",\"caption\":\"Heraldo de M\u00e9xico\"},\"url\":\"https:\\\/\\\/fuentesfidedignas.com.mx\\\/index.php\\\/author\\\/heraldo\\\/\"}]}<\/script>\n<!-- \/ Yoast SEO plugin. -->","yoast_head_json":{"title":"\"Nac\u00ed sin mi consentimiento\": joven se niega a trabajar y exige a sus padres que lo mantengan - Fuentes Fidedignas","robots":{"index":"index","follow":"follow","max-snippet":"max-snippet:-1","max-image-preview":"max-image-preview:large","max-video-preview":"max-video-preview:-1"},"canonical":"https:\/\/fuentesfidedignas.com.mx\/index.php\/2025\/06\/07\/naci-sin-mi-consentimiento-joven-se-niega-a-trabajar-y-exige-a-sus-padres-que-lo-mantengan\/","og_locale":"es_MX","og_type":"article","og_title":"\"Nac\u00ed sin mi consentimiento\": joven se niega a trabajar y exige a sus padres que lo mantengan - Fuentes Fidedignas","og_description":"&#8220;No tiene sentido que porque mis padres hayan querido darme la vida hace 21 a\u00f1os ahora yo tenga que trabajar&#8221;, argument\u00f3 el joven. Un joven de 21 a\u00f1os se volvi\u00f3 viral por negarse a trabajar y exigirle a sus padres al acusarlos de que lo obligaron a nacer sin su consentimiento, como era de esperarse [&hellip;]","og_url":"https:\/\/fuentesfidedignas.com.mx\/index.php\/2025\/06\/07\/naci-sin-mi-consentimiento-joven-se-niega-a-trabajar-y-exige-a-sus-padres-que-lo-mantengan\/","og_site_name":"Fuentes Fidedignas","article_publisher":"https:\/\/www.facebook.com\/Fuentes-Fidedignas-368234489921644","article_published_time":"2025-06-07T12:37:00+00:00","og_image":[{"width":600,"height":337,"url":"https:\/\/fuentesfidedignas.com.mx\/wp-content\/uploads\/2025\/06\/joven_consentimiento.jpg","type":"image\/jpeg"}],"author":"Heraldo de M\u00e9xico","twitter_card":"summary_large_image","twitter_creator":"@fidedignas","twitter_site":"@fidedignas","twitter_misc":{"Escrito por":"Heraldo de M\u00e9xico","Tiempo de lectura":"2 minutos"},"schema":{"@context":"https:\/\/schema.org","@graph":[{"@type":"Article","@id":"https:\/\/fuentesfidedignas.com.mx\/index.php\/2025\/06\/07\/naci-sin-mi-consentimiento-joven-se-niega-a-trabajar-y-exige-a-sus-padres-que-lo-mantengan\/#article","isPartOf":{"@id":"https:\/\/fuentesfidedignas.com.mx\/index.php\/2025\/06\/07\/naci-sin-mi-consentimiento-joven-se-niega-a-trabajar-y-exige-a-sus-padres-que-lo-mantengan\/"},"author":{"name":"Heraldo de M\u00e9xico","@id":"https:\/\/fuentesfidedignas.com.mx\/#\/schema\/person\/1c75a595e538894333ebe35c2bf6e23a"},"headline":"&#8220;Nac\u00ed sin mi consentimiento&#8221;: joven se niega a trabajar y exige a sus padres que lo mantengan","datePublished":"2025-06-07T12:37:00+00:00","mainEntityOfPage":{"@id":"https:\/\/fuentesfidedignas.com.mx\/index.php\/2025\/06\/07\/naci-sin-mi-consentimiento-joven-se-niega-a-trabajar-y-exige-a-sus-padres-que-lo-mantengan\/"},"wordCount":240,"commentCount":0,"publisher":{"@id":"https:\/\/fuentesfidedignas.com.mx\/#organization"},"image":{"@id":"https:\/\/fuentesfidedignas.com.mx\/index.php\/2025\/06\/07\/naci-sin-mi-consentimiento-joven-se-niega-a-trabajar-y-exige-a-sus-padres-que-lo-mantengan\/#primaryimage"},"thumbnailUrl":"https:\/\/fuentesfidedignas.com.mx\/wp-content\/uploads\/2025\/06\/joven_consentimiento.jpg","articleSection":["LAS ASOMBROSAS"],"inLanguage":"es","potentialAction":[{"@type":"CommentAction","name":"Comment","target":["https:\/\/fuentesfidedignas.com.mx\/index.php\/2025\/06\/07\/naci-sin-mi-consentimiento-joven-se-niega-a-trabajar-y-exige-a-sus-padres-que-lo-mantengan\/#respond"]}]},{"@type":"WebPage","@id":"https:\/\/fuentesfidedignas.com.mx\/index.php\/2025\/06\/07\/naci-sin-mi-consentimiento-joven-se-niega-a-trabajar-y-exige-a-sus-padres-que-lo-mantengan\/","url":"https:\/\/fuentesfidedignas.com.mx\/index.php\/2025\/06\/07\/naci-sin-mi-consentimiento-joven-se-niega-a-trabajar-y-exige-a-sus-padres-que-lo-mantengan\/","name":"\"Nac\u00ed sin mi consentimiento\": joven se niega a trabajar y exige a sus padres que lo mantengan - Fuentes Fidedignas","isPartOf":{"@id":"https:\/\/fuentesfidedignas.com.mx\/#website"},"primaryImageOfPage":{"@id":"https:\/\/fuentesfidedignas.com.mx\/index.php\/2025\/06\/07\/naci-sin-mi-consentimiento-joven-se-niega-a-trabajar-y-exige-a-sus-padres-que-lo-mantengan\/#primaryimage"},"image":{"@id":"https:\/\/fuentesfidedignas.com.mx\/index.php\/2025\/06\/07\/naci-sin-mi-consentimiento-joven-se-niega-a-trabajar-y-exige-a-sus-padres-que-lo-mantengan\/#primaryimage"},"thumbnailUrl":"https:\/\/fuentesfidedignas.com.mx\/wp-content\/uploads\/2025\/06\/joven_consentimiento.jpg","datePublished":"2025-06-07T12:37:00+00:00","breadcrumb":{"@id":"https:\/\/fuentesfidedignas.com.mx\/index.php\/2025\/06\/07\/naci-sin-mi-consentimiento-joven-se-niega-a-trabajar-y-exige-a-sus-padres-que-lo-mantengan\/#breadcrumb"},"inLanguage":"es","potentialAction":[{"@type":"ReadAction","target":["https:\/\/fuentesfidedignas.com.mx\/index.php\/2025\/06\/07\/naci-sin-mi-consentimiento-joven-se-niega-a-trabajar-y-exige-a-sus-padres-que-lo-mantengan\/"]}]},{"@type":"ImageObject","inLanguage":"es","@id":"https:\/\/fuentesfidedignas.com.mx\/index.php\/2025\/06\/07\/naci-sin-mi-consentimiento-joven-se-niega-a-trabajar-y-exige-a-sus-padres-que-lo-mantengan\/#primaryimage","url":"https:\/\/fuentesfidedignas.com.mx\/wp-content\/uploads\/2025\/06\/joven_consentimiento.jpg","contentUrl":"https:\/\/fuentesfidedignas.com.mx\/wp-content\/uploads\/2025\/06\/joven_consentimiento.jpg","width":600,"height":337},{"@type":"BreadcrumbList","@id":"https:\/\/fuentesfidedignas.com.mx\/index.php\/2025\/06\/07\/naci-sin-mi-consentimiento-joven-se-niega-a-trabajar-y-exige-a-sus-padres-que-lo-mantengan\/#breadcrumb","itemListElement":[{"@type":"ListItem","position":1,"name":"Inicio","item":"https:\/\/fuentesfidedignas.com.mx\/"},{"@type":"ListItem","position":2,"name":"&#8220;Nac\u00ed sin mi consentimiento&#8221;: joven se niega a trabajar y exige a sus padres que lo mantengan"}]},{"@type":"WebSite","@id":"https:\/\/fuentesfidedignas.com.mx\/#website","url":"https:\/\/fuentesfidedignas.com.mx\/","name":"Fuentes Fidedignas","description":"Otro sitio realizado con WordPress","publisher":{"@id":"https:\/\/fuentesfidedignas.com.mx\/#organization"},"potentialAction":[{"@type":"SearchAction","target":{"@type":"EntryPoint","urlTemplate":"https:\/\/fuentesfidedignas.com.mx\/?s={search_term_string}"},"query-input":{"@type":"PropertyValueSpecification","valueRequired":true,"valueName":"search_term_string"}}],"inLanguage":"es"},{"@type":"Organization","@id":"https:\/\/fuentesfidedignas.com.mx\/#organization","name":"Fuentes Fidedignas","url":"https:\/\/fuentesfidedignas.com.mx\/","logo":{"@type":"ImageObject","inLanguage":"es","@id":"https:\/\/fuentesfidedignas.com.mx\/#\/schema\/logo\/image\/","url":"https:\/\/fuentesfidedignas.com.mx\/wp-content\/uploads\/2021\/04\/logo-retina.png","contentUrl":"https:\/\/fuentesfidedignas.com.mx\/wp-content\/uploads\/2021\/04\/logo-retina.png","width":280,"height":51,"caption":"Fuentes Fidedignas"},"image":{"@id":"https:\/\/fuentesfidedignas.com.mx\/#\/schema\/logo\/image\/"},"sameAs":["https:\/\/www.facebook.com\/Fuentes-Fidedignas-368234489921644","https:\/\/x.com\/fidedignas"]},{"@type":"Person","@id":"https:\/\/fuentesfidedignas.com.mx\/#\/schema\/person\/1c75a595e538894333ebe35c2bf6e23a","name":"Heraldo de M\u00e9xico","image":{"@type":"ImageObject","inLanguage":"es","@id":"https:\/\/secure.gravatar.com\/avatar\/6a6c40de68e5cf2d8aac15267bd2dad2b9fdeb309dac7c5a7c2bb87ed5b81cb6?s=96&d=mm&r=g","url":"https:\/\/secure.gravatar.com\/avatar\/6a6c40de68e5cf2d8aac15267bd2dad2b9fdeb309dac7c5a7c2bb87ed5b81cb6?s=96&d=mm&r=g","contentUrl":"https:\/\/secure.gravatar.com\/avatar\/6a6c40de68e5cf2d8aac15267bd2dad2b9fdeb309dac7c5a7c2bb87ed5b81cb6?s=96&d=mm&r=g","caption":"Heraldo de M\u00e9xico"},"url":"https:\/\/fuentesfidedignas.com.mx\/index.php\/author\/heraldo\/"}]}},"_links":{"self":[{"href":"https:\/\/fuentesfidedignas.com.mx\/index.php\/wp-json\/wp\/v2\/posts\/110091","targetHints":{"allow":["GET"]}}],"collection":[{"href":"https:\/\/fuentesfidedignas.com.mx\/index.php\/wp-json\/wp\/v2\/posts"}],"about":[{"href":"https:\/\/fuentesfidedignas.com.mx\/index.php\/wp-json\/wp\/v2\/types\/post"}],"author":[{"embeddable":true,"href":"https:\/\/fuentesfidedignas.com.mx\/index.php\/wp-json\/wp\/v2\/users\/37"}],"replies":[{"embeddable":true,"href":"https:\/\/fuentesfidedignas.com.mx\/index.php\/wp-json\/wp\/v2\/comments?post=110091"}],"version-history":[{"count":1,"href":"https:\/\/fuentesfidedignas.com.mx\/index.php\/wp-json\/wp\/v2\/posts\/110091\/revisions"}],"predecessor-version":[{"id":110093,"href":"https:\/\/fuentesfidedignas.com.mx\/index.php\/wp-json\/wp\/v2\/posts\/110091\/revisions\/110093"}],"wp:featuredmedia":[{"embeddable":true,"href":"https:\/\/fuentesfidedignas.com.mx\/index.php\/wp-json\/wp\/v2\/media\/110092"}],"wp:attachment":[{"href":"https:\/\/fuentesfidedignas.com.mx\/index.php\/wp-json\/wp\/v2\/media?parent=110091"}],"wp:term":[{"taxonomy":"category","embeddable":true,"href":"https:\/\/fuentesfidedignas.com.mx\/index.php\/wp-json\/wp\/v2\/categories?post=110091"},{"taxonomy":"post_tag","embeddable":true,"href":"https:\/\/fuentesfidedignas.com.mx\/index.php\/wp-json\/wp\/v2\/tags?post=110091"}],"curies":[{"name":"wp","href":"https:\/\/api.w.org\/{rel}","templated":true}]}}