{"id":110049,"date":"2025-06-05T18:48:53","date_gmt":"2025-06-06T01:48:53","guid":{"rendered":"https:\/\/fuentesfidedignas.com.mx\/?p=110049"},"modified":"2025-06-05T18:48:53","modified_gmt":"2025-06-06T01:48:53","slug":"el-congreso-de-guanajuato-rechaza-despenalizar-el-aborto-en-la-entidad","status":"publish","type":"post","link":"https:\/\/fuentesfidedignas.com.mx\/index.php\/2025\/06\/05\/el-congreso-de-guanajuato-rechaza-despenalizar-el-aborto-en-la-entidad\/","title":{"rendered":"El Congreso de Guanajuato rechaza despenalizar el aborto en la entidad"},"content":{"rendered":"\n<p><\/p>\n\n\n\n<p><strong><em>Con 19 votos a favor y 17 en contra, el Congreso rechaz\u00f3 convertir a Guanajuato en el estado 23 en legalizar el aborto<\/em><\/strong><\/p>\n\n\n\n<p>El&nbsp;<strong>Congreso de Guanajuato<\/strong>&nbsp;rechaz\u00f3 este jueves la propuesta de<strong>&nbsp;despenalizar el aborto<\/strong>&nbsp;en la entidad, tras una tensa discusi\u00f3n de casi cuatro horas, y con ello se archiv\u00f3 la iniciativa que podr\u00e1 ser discutida hasta el<strong>pr\u00f3ximo periodo ordinario en septiembre.<\/strong><\/p>\n\n\n\n<p><strong>Con 19 votos a favor y 17 en contra,<\/strong>&nbsp;el Congreso oficializ\u00f3 el rechazo a convertir a Guanajuato en el estado n\u00famero 23 del pa\u00eds en sumarse a&nbsp;<strong>legalizar el aborto.<\/strong><\/p>\n\n\n\n<p>El voto que hizo la diferencia fue el de la diputada del<strong>Partido Verde Ecologista de M\u00e9xico (PVEM), Luz Itzel Mendo,<\/strong>&nbsp;quien mencion\u00f3 no estar de acuerdo con que el aborto sea \u201ctratado con como un servicio m\u00e1s\u201d.<\/p>\n\n\n\n<blockquote class=\"wp-block-quote is-layout-flow wp-block-quote-is-layout-flow\">\n<p>\u201cNo estoy de acuerdo en que se normalice como pol\u00edtica p\u00fablica. En Guanajuato no hay mujeres en la prisi\u00f3n por abortar (\u2026) Eso significa que no es necesario eliminar el tipo penal para proteger a la mujer, la mujer ya est\u00e1 protegida en este estado\u201d, zanj\u00f3.<\/p>\n<\/blockquote>\n\n\n\n<p>Con esta decisi\u00f3n, Guanajuato se estanca en la lista de nueve estados mexicanos que no han despenalizado el aborto en el pa\u00eds, pese a la sentencia de la<strong>&nbsp;Suprema Corte de Justicia de la Naci\u00f3n (SCJN)<\/strong>&nbsp;que ordena a los congresos locales armonizar sus leyes con los criterios constitucionales en materia de derechos reproductivos.<\/p>\n\n\n\n<p>Esta votaci\u00f3n estatal estuvo bajo la mirada de organismos internacionales como la A<strong>gencia de las Naciones Unidas para la Salud Sexual y Reproductiva (UNFPA),<\/strong>&nbsp;la cual previo a la votaci\u00f3n hizo un llamado con el que subray\u00f3 la urgencia por avanzar \u201chacia un marco normativo que garantice la&nbsp;<strong>igualdad y la protecci\u00f3n de los derechos humanos de las mujeres\u201d.<\/strong><\/p>\n\n\n\n<p>El dictamen, que fue aplazado a discusi\u00f3n el pasado 29 de mayo por empate con 18 votos a favor y en contra, ten\u00eda como objetivo discutir tres iniciativas de&nbsp;<strong>reforma al C\u00f3digo Penal&nbsp;<\/strong>estatal en materia de&nbsp;<strong>despenalizaci\u00f3n del aborto voluntario.<\/strong><\/p>\n","protected":false},"excerpt":{"rendered":"<p>Con 19 votos a favor y 17 en contra, el Congreso rechaz\u00f3 convertir a Guanajuato en el estado 23 en legalizar el aborto El&nbsp;Congreso de Guanajuato&nbsp;rechaz\u00f3 este jueves la propuesta de&nbsp;despenalizar el aborto&nbsp;en la entidad, tras una tensa discusi\u00f3n de casi cuatro horas, y con ello se archiv\u00f3 la iniciativa que podr\u00e1 ser discutida hasta [&hellip;]<\/p>\n","protected":false},"author":47,"featured_media":110048,"comment_status":"closed","ping_status":"open","sticky":false,"template":"","format":"standard","meta":{"tdm_status":"","tdm_grid_status":"","footnotes":""},"categories":[39],"tags":[],"class_list":{"0":"post-110049","1":"post","2":"type-post","3":"status-publish","4":"format-standard","5":"has-post-thumbnail","7":"category-noticias-nacionales"},"yoast_head":"<!-- This site is optimized with the Yoast SEO plugin v27.4 - https:\/\/yoast.com\/product\/yoast-seo-wordpress\/ -->\n<title>El Congreso de Guanajuato rechaza despenalizar el aborto en la entidad - Fuentes Fidedignas<\/title>\n<meta name=\"robots\" content=\"index, follow, max-snippet:-1, max-image-preview:large, max-video-preview:-1\" \/>\n<link rel=\"canonical\" href=\"https:\/\/fuentesfidedignas.com.mx\/index.php\/2025\/06\/05\/el-congreso-de-guanajuato-rechaza-despenalizar-el-aborto-en-la-entidad\/\" \/>\n<meta property=\"og:locale\" content=\"es_MX\" \/>\n<meta property=\"og:type\" content=\"article\" \/>\n<meta property=\"og:title\" content=\"El Congreso de Guanajuato rechaza despenalizar el aborto en la entidad - Fuentes Fidedignas\" \/>\n<meta property=\"og:description\" content=\"Con 19 votos a favor y 17 en contra, el Congreso rechaz\u00f3 convertir a Guanajuato en el estado 23 en legalizar el aborto El&nbsp;Congreso de Guanajuato&nbsp;rechaz\u00f3 este jueves la propuesta de&nbsp;despenalizar el aborto&nbsp;en la entidad, tras una tensa discusi\u00f3n de casi cuatro horas, y con ello se archiv\u00f3 la iniciativa que podr\u00e1 ser discutida hasta [&hellip;]\" \/>\n<meta property=\"og:url\" content=\"https:\/\/fuentesfidedignas.com.mx\/index.php\/2025\/06\/05\/el-congreso-de-guanajuato-rechaza-despenalizar-el-aborto-en-la-entidad\/\" \/>\n<meta property=\"og:site_name\" content=\"Fuentes Fidedignas\" \/>\n<meta property=\"article:publisher\" content=\"https:\/\/www.facebook.com\/Fuentes-Fidedignas-368234489921644\" \/>\n<meta property=\"article:published_time\" content=\"2025-06-06T01:48:53+00:00\" \/>\n<meta property=\"og:image\" content=\"https:\/\/fuentesfidedignas.com.mx\/wp-content\/uploads\/2025\/06\/img_6208-1.jpg\" \/>\n\t<meta property=\"og:image:width\" content=\"1536\" \/>\n\t<meta property=\"og:image:height\" content=\"1024\" \/>\n\t<meta property=\"og:image:type\" content=\"image\/jpeg\" \/>\n<meta name=\"author\" content=\"L\u00f3pez D\u00f3riga\" \/>\n<meta name=\"twitter:card\" content=\"summary_large_image\" \/>\n<meta name=\"twitter:creator\" content=\"@fidedignas\" \/>\n<meta name=\"twitter:site\" content=\"@fidedignas\" \/>\n<meta name=\"twitter:label1\" content=\"Escrito por\" \/>\n\t<meta name=\"twitter:data1\" content=\"L\u00f3pez D\u00f3riga\" \/>\n\t<meta name=\"twitter:label2\" content=\"Tiempo de lectura\" \/>\n\t<meta name=\"twitter:data2\" content=\"2 minutos\" \/>\n<script type=\"application\/ld+json\" class=\"yoast-schema-graph\">{\"@context\":\"https:\\\/\\\/schema.org\",\"@graph\":[{\"@type\":\"Article\",\"@id\":\"https:\\\/\\\/fuentesfidedignas.com.mx\\\/index.php\\\/2025\\\/06\\\/05\\\/el-congreso-de-guanajuato-rechaza-despenalizar-el-aborto-en-la-entidad\\\/#article\",\"isPartOf\":{\"@id\":\"https:\\\/\\\/fuentesfidedignas.com.mx\\\/index.php\\\/2025\\\/06\\\/05\\\/el-congreso-de-guanajuato-rechaza-despenalizar-el-aborto-en-la-entidad\\\/\"},\"author\":{\"name\":\"L\u00f3pez D\u00f3riga\",\"@id\":\"https:\\\/\\\/fuentesfidedignas.com.mx\\\/#\\\/schema\\\/person\\\/67d852f0557c8509146a4b9ddebd543a\"},\"headline\":\"El Congreso de Guanajuato rechaza despenalizar el aborto en la entidad\",\"datePublished\":\"2025-06-06T01:48:53+00:00\",\"mainEntityOfPage\":{\"@id\":\"https:\\\/\\\/fuentesfidedignas.com.mx\\\/index.php\\\/2025\\\/06\\\/05\\\/el-congreso-de-guanajuato-rechaza-despenalizar-el-aborto-en-la-entidad\\\/\"},\"wordCount\":367,\"publisher\":{\"@id\":\"https:\\\/\\\/fuentesfidedignas.com.mx\\\/#organization\"},\"image\":{\"@id\":\"https:\\\/\\\/fuentesfidedignas.com.mx\\\/index.php\\\/2025\\\/06\\\/05\\\/el-congreso-de-guanajuato-rechaza-despenalizar-el-aborto-en-la-entidad\\\/#primaryimage\"},\"thumbnailUrl\":\"https:\\\/\\\/fuentesfidedignas.com.mx\\\/wp-content\\\/uploads\\\/2025\\\/06\\\/img_6208-1.jpg\",\"articleSection\":[\"NOTICIAS NACIONALES\"],\"inLanguage\":\"es\"},{\"@type\":\"WebPage\",\"@id\":\"https:\\\/\\\/fuentesfidedignas.com.mx\\\/index.php\\\/2025\\\/06\\\/05\\\/el-congreso-de-guanajuato-rechaza-despenalizar-el-aborto-en-la-entidad\\\/\",\"url\":\"https:\\\/\\\/fuentesfidedignas.com.mx\\\/index.php\\\/2025\\\/06\\\/05\\\/el-congreso-de-guanajuato-rechaza-despenalizar-el-aborto-en-la-entidad\\\/\",\"name\":\"El Congreso de Guanajuato rechaza despenalizar el aborto en la entidad - Fuentes Fidedignas\",\"isPartOf\":{\"@id\":\"https:\\\/\\\/fuentesfidedignas.com.mx\\\/#website\"},\"primaryImageOfPage\":{\"@id\":\"https:\\\/\\\/fuentesfidedignas.com.mx\\\/index.php\\\/2025\\\/06\\\/05\\\/el-congreso-de-guanajuato-rechaza-despenalizar-el-aborto-en-la-entidad\\\/#primaryimage\"},\"image\":{\"@id\":\"https:\\\/\\\/fuentesfidedignas.com.mx\\\/index.php\\\/2025\\\/06\\\/05\\\/el-congreso-de-guanajuato-rechaza-despenalizar-el-aborto-en-la-entidad\\\/#primaryimage\"},\"thumbnailUrl\":\"https:\\\/\\\/fuentesfidedignas.com.mx\\\/wp-content\\\/uploads\\\/2025\\\/06\\\/img_6208-1.jpg\",\"datePublished\":\"2025-06-06T01:48:53+00:00\",\"breadcrumb\":{\"@id\":\"https:\\\/\\\/fuentesfidedignas.com.mx\\\/index.php\\\/2025\\\/06\\\/05\\\/el-congreso-de-guanajuato-rechaza-despenalizar-el-aborto-en-la-entidad\\\/#breadcrumb\"},\"inLanguage\":\"es\",\"potentialAction\":[{\"@type\":\"ReadAction\",\"target\":[\"https:\\\/\\\/fuentesfidedignas.com.mx\\\/index.php\\\/2025\\\/06\\\/05\\\/el-congreso-de-guanajuato-rechaza-despenalizar-el-aborto-en-la-entidad\\\/\"]}]},{\"@type\":\"ImageObject\",\"inLanguage\":\"es\",\"@id\":\"https:\\\/\\\/fuentesfidedignas.com.mx\\\/index.php\\\/2025\\\/06\\\/05\\\/el-congreso-de-guanajuato-rechaza-despenalizar-el-aborto-en-la-entidad\\\/#primaryimage\",\"url\":\"https:\\\/\\\/fuentesfidedignas.com.mx\\\/wp-content\\\/uploads\\\/2025\\\/06\\\/img_6208-1.jpg\",\"contentUrl\":\"https:\\\/\\\/fuentesfidedignas.com.mx\\\/wp-content\\\/uploads\\\/2025\\\/06\\\/img_6208-1.jpg\",\"width\":1536,\"height\":1024},{\"@type\":\"BreadcrumbList\",\"@id\":\"https:\\\/\\\/fuentesfidedignas.com.mx\\\/index.php\\\/2025\\\/06\\\/05\\\/el-congreso-de-guanajuato-rechaza-despenalizar-el-aborto-en-la-entidad\\\/#breadcrumb\",\"itemListElement\":[{\"@type\":\"ListItem\",\"position\":1,\"name\":\"Inicio\",\"item\":\"https:\\\/\\\/fuentesfidedignas.com.mx\\\/\"},{\"@type\":\"ListItem\",\"position\":2,\"name\":\"El Congreso de Guanajuato rechaza despenalizar el aborto en la entidad\"}]},{\"@type\":\"WebSite\",\"@id\":\"https:\\\/\\\/fuentesfidedignas.com.mx\\\/#website\",\"url\":\"https:\\\/\\\/fuentesfidedignas.com.mx\\\/\",\"name\":\"Fuentes Fidedignas\",\"description\":\"Otro sitio realizado con WordPress\",\"publisher\":{\"@id\":\"https:\\\/\\\/fuentesfidedignas.com.mx\\\/#organization\"},\"potentialAction\":[{\"@type\":\"SearchAction\",\"target\":{\"@type\":\"EntryPoint\",\"urlTemplate\":\"https:\\\/\\\/fuentesfidedignas.com.mx\\\/?s={search_term_string}\"},\"query-input\":{\"@type\":\"PropertyValueSpecification\",\"valueRequired\":true,\"valueName\":\"search_term_string\"}}],\"inLanguage\":\"es\"},{\"@type\":\"Organization\",\"@id\":\"https:\\\/\\\/fuentesfidedignas.com.mx\\\/#organization\",\"name\":\"Fuentes Fidedignas\",\"url\":\"https:\\\/\\\/fuentesfidedignas.com.mx\\\/\",\"logo\":{\"@type\":\"ImageObject\",\"inLanguage\":\"es\",\"@id\":\"https:\\\/\\\/fuentesfidedignas.com.mx\\\/#\\\/schema\\\/logo\\\/image\\\/\",\"url\":\"https:\\\/\\\/fuentesfidedignas.com.mx\\\/wp-content\\\/uploads\\\/2021\\\/04\\\/logo-retina.png\",\"contentUrl\":\"https:\\\/\\\/fuentesfidedignas.com.mx\\\/wp-content\\\/uploads\\\/2021\\\/04\\\/logo-retina.png\",\"width\":280,\"height\":51,\"caption\":\"Fuentes Fidedignas\"},\"image\":{\"@id\":\"https:\\\/\\\/fuentesfidedignas.com.mx\\\/#\\\/schema\\\/logo\\\/image\\\/\"},\"sameAs\":[\"https:\\\/\\\/www.facebook.com\\\/Fuentes-Fidedignas-368234489921644\",\"https:\\\/\\\/x.com\\\/fidedignas\"]},{\"@type\":\"Person\",\"@id\":\"https:\\\/\\\/fuentesfidedignas.com.mx\\\/#\\\/schema\\\/person\\\/67d852f0557c8509146a4b9ddebd543a\",\"name\":\"L\u00f3pez D\u00f3riga\",\"image\":{\"@type\":\"ImageObject\",\"inLanguage\":\"es\",\"@id\":\"https:\\\/\\\/secure.gravatar.com\\\/avatar\\\/e525b06574ca18b33cded59dfe5778d6c823b9513154eff47da551b0551bdd1e?s=96&d=mm&r=g\",\"url\":\"https:\\\/\\\/secure.gravatar.com\\\/avatar\\\/e525b06574ca18b33cded59dfe5778d6c823b9513154eff47da551b0551bdd1e?s=96&d=mm&r=g\",\"contentUrl\":\"https:\\\/\\\/secure.gravatar.com\\\/avatar\\\/e525b06574ca18b33cded59dfe5778d6c823b9513154eff47da551b0551bdd1e?s=96&d=mm&r=g\",\"caption\":\"L\u00f3pez D\u00f3riga\"},\"url\":\"https:\\\/\\\/fuentesfidedignas.com.mx\\\/index.php\\\/author\\\/doriga\\\/\"}]}<\/script>\n<!-- \/ Yoast SEO plugin. -->","yoast_head_json":{"title":"El Congreso de Guanajuato rechaza despenalizar el aborto en la entidad - Fuentes Fidedignas","robots":{"index":"index","follow":"follow","max-snippet":"max-snippet:-1","max-image-preview":"max-image-preview:large","max-video-preview":"max-video-preview:-1"},"canonical":"https:\/\/fuentesfidedignas.com.mx\/index.php\/2025\/06\/05\/el-congreso-de-guanajuato-rechaza-despenalizar-el-aborto-en-la-entidad\/","og_locale":"es_MX","og_type":"article","og_title":"El Congreso de Guanajuato rechaza despenalizar el aborto en la entidad - Fuentes Fidedignas","og_description":"Con 19 votos a favor y 17 en contra, el Congreso rechaz\u00f3 convertir a Guanajuato en el estado 23 en legalizar el aborto El&nbsp;Congreso de Guanajuato&nbsp;rechaz\u00f3 este jueves la propuesta de&nbsp;despenalizar el aborto&nbsp;en la entidad, tras una tensa discusi\u00f3n de casi cuatro horas, y con ello se archiv\u00f3 la iniciativa que podr\u00e1 ser discutida hasta [&hellip;]","og_url":"https:\/\/fuentesfidedignas.com.mx\/index.php\/2025\/06\/05\/el-congreso-de-guanajuato-rechaza-despenalizar-el-aborto-en-la-entidad\/","og_site_name":"Fuentes Fidedignas","article_publisher":"https:\/\/www.facebook.com\/Fuentes-Fidedignas-368234489921644","article_published_time":"2025-06-06T01:48:53+00:00","og_image":[{"width":1536,"height":1024,"url":"https:\/\/fuentesfidedignas.com.mx\/wp-content\/uploads\/2025\/06\/img_6208-1.jpg","type":"image\/jpeg"}],"author":"L\u00f3pez D\u00f3riga","twitter_card":"summary_large_image","twitter_creator":"@fidedignas","twitter_site":"@fidedignas","twitter_misc":{"Escrito por":"L\u00f3pez D\u00f3riga","Tiempo de lectura":"2 minutos"},"schema":{"@context":"https:\/\/schema.org","@graph":[{"@type":"Article","@id":"https:\/\/fuentesfidedignas.com.mx\/index.php\/2025\/06\/05\/el-congreso-de-guanajuato-rechaza-despenalizar-el-aborto-en-la-entidad\/#article","isPartOf":{"@id":"https:\/\/fuentesfidedignas.com.mx\/index.php\/2025\/06\/05\/el-congreso-de-guanajuato-rechaza-despenalizar-el-aborto-en-la-entidad\/"},"author":{"name":"L\u00f3pez D\u00f3riga","@id":"https:\/\/fuentesfidedignas.com.mx\/#\/schema\/person\/67d852f0557c8509146a4b9ddebd543a"},"headline":"El Congreso de Guanajuato rechaza despenalizar el aborto en la entidad","datePublished":"2025-06-06T01:48:53+00:00","mainEntityOfPage":{"@id":"https:\/\/fuentesfidedignas.com.mx\/index.php\/2025\/06\/05\/el-congreso-de-guanajuato-rechaza-despenalizar-el-aborto-en-la-entidad\/"},"wordCount":367,"publisher":{"@id":"https:\/\/fuentesfidedignas.com.mx\/#organization"},"image":{"@id":"https:\/\/fuentesfidedignas.com.mx\/index.php\/2025\/06\/05\/el-congreso-de-guanajuato-rechaza-despenalizar-el-aborto-en-la-entidad\/#primaryimage"},"thumbnailUrl":"https:\/\/fuentesfidedignas.com.mx\/wp-content\/uploads\/2025\/06\/img_6208-1.jpg","articleSection":["NOTICIAS NACIONALES"],"inLanguage":"es"},{"@type":"WebPage","@id":"https:\/\/fuentesfidedignas.com.mx\/index.php\/2025\/06\/05\/el-congreso-de-guanajuato-rechaza-despenalizar-el-aborto-en-la-entidad\/","url":"https:\/\/fuentesfidedignas.com.mx\/index.php\/2025\/06\/05\/el-congreso-de-guanajuato-rechaza-despenalizar-el-aborto-en-la-entidad\/","name":"El Congreso de Guanajuato rechaza despenalizar el aborto en la entidad - Fuentes Fidedignas","isPartOf":{"@id":"https:\/\/fuentesfidedignas.com.mx\/#website"},"primaryImageOfPage":{"@id":"https:\/\/fuentesfidedignas.com.mx\/index.php\/2025\/06\/05\/el-congreso-de-guanajuato-rechaza-despenalizar-el-aborto-en-la-entidad\/#primaryimage"},"image":{"@id":"https:\/\/fuentesfidedignas.com.mx\/index.php\/2025\/06\/05\/el-congreso-de-guanajuato-rechaza-despenalizar-el-aborto-en-la-entidad\/#primaryimage"},"thumbnailUrl":"https:\/\/fuentesfidedignas.com.mx\/wp-content\/uploads\/2025\/06\/img_6208-1.jpg","datePublished":"2025-06-06T01:48:53+00:00","breadcrumb":{"@id":"https:\/\/fuentesfidedignas.com.mx\/index.php\/2025\/06\/05\/el-congreso-de-guanajuato-rechaza-despenalizar-el-aborto-en-la-entidad\/#breadcrumb"},"inLanguage":"es","potentialAction":[{"@type":"ReadAction","target":["https:\/\/fuentesfidedignas.com.mx\/index.php\/2025\/06\/05\/el-congreso-de-guanajuato-rechaza-despenalizar-el-aborto-en-la-entidad\/"]}]},{"@type":"ImageObject","inLanguage":"es","@id":"https:\/\/fuentesfidedignas.com.mx\/index.php\/2025\/06\/05\/el-congreso-de-guanajuato-rechaza-despenalizar-el-aborto-en-la-entidad\/#primaryimage","url":"https:\/\/fuentesfidedignas.com.mx\/wp-content\/uploads\/2025\/06\/img_6208-1.jpg","contentUrl":"https:\/\/fuentesfidedignas.com.mx\/wp-content\/uploads\/2025\/06\/img_6208-1.jpg","width":1536,"height":1024},{"@type":"BreadcrumbList","@id":"https:\/\/fuentesfidedignas.com.mx\/index.php\/2025\/06\/05\/el-congreso-de-guanajuato-rechaza-despenalizar-el-aborto-en-la-entidad\/#breadcrumb","itemListElement":[{"@type":"ListItem","position":1,"name":"Inicio","item":"https:\/\/fuentesfidedignas.com.mx\/"},{"@type":"ListItem","position":2,"name":"El Congreso de Guanajuato rechaza despenalizar el aborto en la entidad"}]},{"@type":"WebSite","@id":"https:\/\/fuentesfidedignas.com.mx\/#website","url":"https:\/\/fuentesfidedignas.com.mx\/","name":"Fuentes Fidedignas","description":"Otro sitio realizado con WordPress","publisher":{"@id":"https:\/\/fuentesfidedignas.com.mx\/#organization"},"potentialAction":[{"@type":"SearchAction","target":{"@type":"EntryPoint","urlTemplate":"https:\/\/fuentesfidedignas.com.mx\/?s={search_term_string}"},"query-input":{"@type":"PropertyValueSpecification","valueRequired":true,"valueName":"search_term_string"}}],"inLanguage":"es"},{"@type":"Organization","@id":"https:\/\/fuentesfidedignas.com.mx\/#organization","name":"Fuentes Fidedignas","url":"https:\/\/fuentesfidedignas.com.mx\/","logo":{"@type":"ImageObject","inLanguage":"es","@id":"https:\/\/fuentesfidedignas.com.mx\/#\/schema\/logo\/image\/","url":"https:\/\/fuentesfidedignas.com.mx\/wp-content\/uploads\/2021\/04\/logo-retina.png","contentUrl":"https:\/\/fuentesfidedignas.com.mx\/wp-content\/uploads\/2021\/04\/logo-retina.png","width":280,"height":51,"caption":"Fuentes Fidedignas"},"image":{"@id":"https:\/\/fuentesfidedignas.com.mx\/#\/schema\/logo\/image\/"},"sameAs":["https:\/\/www.facebook.com\/Fuentes-Fidedignas-368234489921644","https:\/\/x.com\/fidedignas"]},{"@type":"Person","@id":"https:\/\/fuentesfidedignas.com.mx\/#\/schema\/person\/67d852f0557c8509146a4b9ddebd543a","name":"L\u00f3pez D\u00f3riga","image":{"@type":"ImageObject","inLanguage":"es","@id":"https:\/\/secure.gravatar.com\/avatar\/e525b06574ca18b33cded59dfe5778d6c823b9513154eff47da551b0551bdd1e?s=96&d=mm&r=g","url":"https:\/\/secure.gravatar.com\/avatar\/e525b06574ca18b33cded59dfe5778d6c823b9513154eff47da551b0551bdd1e?s=96&d=mm&r=g","contentUrl":"https:\/\/secure.gravatar.com\/avatar\/e525b06574ca18b33cded59dfe5778d6c823b9513154eff47da551b0551bdd1e?s=96&d=mm&r=g","caption":"L\u00f3pez D\u00f3riga"},"url":"https:\/\/fuentesfidedignas.com.mx\/index.php\/author\/doriga\/"}]}},"_links":{"self":[{"href":"https:\/\/fuentesfidedignas.com.mx\/index.php\/wp-json\/wp\/v2\/posts\/110049","targetHints":{"allow":["GET"]}}],"collection":[{"href":"https:\/\/fuentesfidedignas.com.mx\/index.php\/wp-json\/wp\/v2\/posts"}],"about":[{"href":"https:\/\/fuentesfidedignas.com.mx\/index.php\/wp-json\/wp\/v2\/types\/post"}],"author":[{"embeddable":true,"href":"https:\/\/fuentesfidedignas.com.mx\/index.php\/wp-json\/wp\/v2\/users\/47"}],"replies":[{"embeddable":true,"href":"https:\/\/fuentesfidedignas.com.mx\/index.php\/wp-json\/wp\/v2\/comments?post=110049"}],"version-history":[{"count":1,"href":"https:\/\/fuentesfidedignas.com.mx\/index.php\/wp-json\/wp\/v2\/posts\/110049\/revisions"}],"predecessor-version":[{"id":110050,"href":"https:\/\/fuentesfidedignas.com.mx\/index.php\/wp-json\/wp\/v2\/posts\/110049\/revisions\/110050"}],"wp:featuredmedia":[{"embeddable":true,"href":"https:\/\/fuentesfidedignas.com.mx\/index.php\/wp-json\/wp\/v2\/media\/110048"}],"wp:attachment":[{"href":"https:\/\/fuentesfidedignas.com.mx\/index.php\/wp-json\/wp\/v2\/media?parent=110049"}],"wp:term":[{"taxonomy":"category","embeddable":true,"href":"https:\/\/fuentesfidedignas.com.mx\/index.php\/wp-json\/wp\/v2\/categories?post=110049"},{"taxonomy":"post_tag","embeddable":true,"href":"https:\/\/fuentesfidedignas.com.mx\/index.php\/wp-json\/wp\/v2\/tags?post=110049"}],"curies":[{"name":"wp","href":"https:\/\/api.w.org\/{rel}","templated":true}]}}